{"id":1700,"global_id":"gemeinsam-fuer-dernbach.de\/en?id=1700","global_id_lineage":["gemeinsam-fuer-dernbach.de\/en?id=1700"],"author":"2","status":"publish","date":"2026-08-30 23:17:13","date_utc":"2026-08-30 22:17:13","modified":"2026-08-30 23:17:13","modified_utc":"2026-08-30 22:17:13","url":"https:\/\/gemeinsam-fuer-dernbach.de\/en\/kalender\/offene-fraktionssitzung-5","rest_url":"https:\/\/gemeinsam-fuer-dernbach.de\/en\/wp-json\/tribe\/events\/v1\/events\/1700","title":"Offene Fraktionssitzung","description":"<p>&#8222;Gemeinsam f\u00fcr Dernbach\u201c l\u00e4dt alle interessierten B\u00fcrgerinnen und B\u00fcrger herzlich zur offenen Fraktionssitzung ein. Auf der Tagesordnung stehen aktuelle Themen aus Rat und Aussch\u00fcssen, die Vorbereitung auf kommende Sitzungen sowie Eure und Ihre Ideen und Anliegen.<\/p>\n<p>\u201eGemeinsam f\u00fcr Dernbach\u201c besteht aus einer parteiunabh\u00e4ngigen W\u00e4hlergruppe und setzt sich f\u00fcr eine transparente und b\u00fcrgernahe Kommunalpolitik ein.<\/p>\n<p>Die Fraktionsmitglieder laden alle Interessierten herzlich ein, sich aktiv an der Gestaltung der Gemeinde zu beteiligen. Wir freuen uns auf eine rege Teilnahme am offenen Austausch und gute Gespr\u00e4che.<\/p>\n<figure id=\"attachment_1701\" aria-describedby=\"caption-attachment-1701\" style=\"width: 241px\" class=\"wp-caption alignnone\"><img loading=\"lazy\" decoding=\"async\" class=\"size-medium wp-image-1701\" src=\"https:\/\/gemeinsam-fuer-dernbach.de\/wp-content\/uploads\/2026\/08\/2608_Einladung-GfD-Fraktionssitzung-241x300.jpg\" alt=\"Einladung zur offenen Fraktionssitzung am 6. September im Dernbacher Rathaus\" width=\"241\" height=\"300\" srcset=\"https:\/\/gemeinsam-fuer-dernbach.de\/wp-content\/uploads\/2026\/08\/2608_Einladung-GfD-Fraktionssitzung-241x300.jpg 241w, https:\/\/gemeinsam-fuer-dernbach.de\/wp-content\/uploads\/2026\/08\/2608_Einladung-GfD-Fraktionssitzung-823x1024.jpg 823w, https:\/\/gemeinsam-fuer-dernbach.de\/wp-content\/uploads\/2026\/08\/2608_Einladung-GfD-Fraktionssitzung-768x955.jpg 768w, https:\/\/gemeinsam-fuer-dernbach.de\/wp-content\/uploads\/2026\/08\/2608_Einladung-GfD-Fraktionssitzung-1235x1536.jpg 1235w, https:\/\/gemeinsam-fuer-dernbach.de\/wp-content\/uploads\/2026\/08\/2608_Einladung-GfD-Fraktionssitzung-1647x2048.jpg 1647w, https:\/\/gemeinsam-fuer-dernbach.de\/wp-content\/uploads\/2026\/08\/2608_Einladung-GfD-Fraktionssitzung-10x12.jpg 10w\" sizes=\"auto, (max-width: 241px) 100vw, 241px\" \/><figcaption id=\"caption-attachment-1701\" class=\"wp-caption-text\">Sonntag, 6. September, 10:30 bis 12 Uhr<\/figcaption><\/figure>","excerpt":"","slug":"offene-fraktionssitzung-5","image":{"url":"https:\/\/gemeinsam-fuer-dernbach.de\/wp-content\/uploads\/2026\/08\/2608_Einladung-GfD-Fraktionssitzung-scaled.jpg","id":1701,"extension":"jpg","width":2058,"height":2560,"filesize":458013,"sizes":{"medium":{"width":241,"height":300,"mime-type":"image\/jpeg","filesize":19503,"url":"https:\/\/gemeinsam-fuer-dernbach.de\/wp-content\/uploads\/2026\/08\/2608_Einladung-GfD-Fraktionssitzung-241x300.jpg"},"large":{"width":823,"height":1024,"mime-type":"image\/jpeg","filesize":117290,"url":"https:\/\/gemeinsam-fuer-dernbach.de\/wp-content\/uploads\/2026\/08\/2608_Einladung-GfD-Fraktionssitzung-823x1024.jpg"},"thumbnail":{"width":150,"height":150,"mime-type":"image\/jpeg","filesize":7954,"url":"https:\/\/gemeinsam-fuer-dernbach.de\/wp-content\/uploads\/2026\/08\/2608_Einladung-GfD-Fraktionssitzung-150x150.jpg"},"medium_large":{"width":768,"height":955,"mime-type":"image\/jpeg","filesize":106422,"url":"https:\/\/gemeinsam-fuer-dernbach.de\/wp-content\/uploads\/2026\/08\/2608_Einladung-GfD-Fraktionssitzung-768x955.jpg"},"1536x1536":{"width":1235,"height":1536,"mime-type":"image\/jpeg","filesize":218404,"url":"https:\/\/gemeinsam-fuer-dernbach.de\/wp-content\/uploads\/2026\/08\/2608_Einladung-GfD-Fraktionssitzung-1235x1536.jpg"},"2048x2048":{"width":1647,"height":2048,"mime-type":"image\/jpeg","filesize":330628,"url":"https:\/\/gemeinsam-fuer-dernbach.de\/wp-content\/uploads\/2026\/08\/2608_Einladung-GfD-Fraktionssitzung-1647x2048.jpg"},"etm-custom-language-flag":{"width":10,"height":12,"mime-type":"image\/jpeg","filesize":786,"url":"https:\/\/gemeinsam-fuer-dernbach.de\/wp-content\/uploads\/2026\/08\/2608_Einladung-GfD-Fraktionssitzung-10x12.jpg"},"ultp_layout_landscape_large":{"width":1200,"height":800,"mime-type":"image\/jpeg","filesize":104577,"url":"https:\/\/gemeinsam-fuer-dernbach.de\/wp-content\/uploads\/2026\/08\/2608_Einladung-GfD-Fraktionssitzung-1200x800.jpg"},"ultp_layout_landscape":{"width":870,"height":570,"mime-type":"image\/jpeg","filesize":63185,"url":"https:\/\/gemeinsam-fuer-dernbach.de\/wp-content\/uploads\/2026\/08\/2608_Einladung-GfD-Fraktionssitzung-870x570.jpg"},"ultp_layout_portrait":{"width":600,"height":900,"mime-type":"image\/jpeg","filesize":85188,"url":"https:\/\/gemeinsam-fuer-dernbach.de\/wp-content\/uploads\/2026\/08\/2608_Einladung-GfD-Fraktionssitzung-600x900.jpg"},"ultp_layout_square":{"width":600,"height":600,"mime-type":"image\/jpeg","filesize":57634,"url":"https:\/\/gemeinsam-fuer-dernbach.de\/wp-content\/uploads\/2026\/08\/2608_Einladung-GfD-Fraktionssitzung-600x600.jpg"}},"original_image":"2608_Einladung-GfD-Fraktionssitzung.jpg"},"all_day":false,"start_date":"2026-09-06 10:30:00","start_date_details":{"year":"2026","month":"09","day":"06","hour":"10","minutes":"30","seconds":"00"},"end_date":"2026-09-06 13:00:00","end_date_details":{"year":"2026","month":"09","day":"06","hour":"13","minutes":"00","seconds":"00"},"utc_start_date":"2026-09-06 08:30:00","utc_start_date_details":{"year":"2026","month":"09","day":"06","hour":"08","minutes":"30","seconds":"00"},"utc_end_date":"2026-09-06 11:00:00","utc_end_date_details":{"year":"2026","month":"09","day":"06","hour":"11","minutes":"00","seconds":"00"},"timezone":"UTC+1","timezone_abbr":"UTC+1","cost":"","cost_details":{"currency_symbol":"","currency_code":"","currency_position":"","values":[]},"website":"","show_map":true,"show_map_link":true,"hide_from_listings":false,"sticky":false,"featured":false,"categories":[{"name":"Offene Fraktionssitzung","slug":"offene-fraktionssitzung","term_group":0,"term_taxonomy_id":146,"taxonomy":"tribe_events_cat","description":"","parent":0,"count":5,"filter":"raw","id":146,"urls":{"self":"https:\/\/gemeinsam-fuer-dernbach.de\/en\/wp-json\/tribe\/events\/v1\/categories\/146","collection":"https:\/\/gemeinsam-fuer-dernbach.de\/en\/wp-json\/tribe\/events\/v1\/categories"}}],"tags":[{"name":"Offene Fraktionssitzung","slug":"offene-fraktionssitzung","term_group":0,"term_taxonomy_id":147,"taxonomy":"post_tag","description":"","parent":0,"count":6,"filter":"raw","id":147,"urls":{"self":"https:\/\/gemeinsam-fuer-dernbach.de\/en\/wp-json\/tribe\/events\/v1\/tags\/147","collection":"https:\/\/gemeinsam-fuer-dernbach.de\/en\/wp-json\/tribe\/events\/v1\/tags"}}],"venue":{"id":1295,"author":"2","status":"publish","date":"2025-06-09 21:43:08","date_utc":"0000-00-00 00:00:00","modified":"2025-06-09 21:43:08","modified_utc":"0000-00-00 00:00:00","url":"https:\/\/gemeinsam-fuer-dernbach.de\/en\/venue\/ratssaal","venue":"Ratssaal","slug":"ratssaal","address":"Hauptstr. 17","city":"Dernbach","country":"Germany","zip":"56428","website":"gemeinsam-fuer-dernbach.de","json_ld":{"@type":"Place","name":"Ratssaal","description":"","url":"","address":{"@type":"PostalAddress","streetAddress":"Hauptstr. 17","addressLocality":"Dernbach","postalCode":"56428","addressCountry":"Germany"},"telephone":"","sameAs":"gemeinsam-fuer-dernbach.de"},"show_map":true,"show_map_link":true,"global_id":"gemeinsam-fuer-dernbach.de\/en?id=1295","global_id_lineage":["gemeinsam-fuer-dernbach.de\/en?id=1295"]},"organizer":[],"custom_fields":[],"json_ld":{"@context":"http:\/\/schema.org","@type":"Event","name":"Offene Fraktionssitzung","description":"&lt;p&gt;&quot;Gemeinsam f\u00fcr Dernbach\u201c l\u00e4dt alle interessierten B\u00fcrgerinnen und B\u00fcrger herzlich zur offenen Fraktionssitzung ein. Auf der Tagesordnung stehen aktuelle Themen aus Rat und Aussch\u00fcssen, die Vorbereitung auf kommende Sitzungen sowie [&hellip;]&lt;\/p&gt;\\n","image":"https:\/\/gemeinsam-fuer-dernbach.de\/wp-content\/uploads\/2026\/08\/2608_Einladung-GfD-Fraktionssitzung-scaled.jpg","url":"https:\/\/gemeinsam-fuer-dernbach.de\/en\/kalender\/offene-fraktionssitzung-5\/","eventAttendanceMode":"https:\/\/schema.org\/OfflineEventAttendanceMode","eventStatus":"https:\/\/schema.org\/EventScheduled","startDate":"2026-09-06T10:30:00+01:00","endDate":"2026-09-06T13:00:00+01:00","location":{"@type":"Place","name":"Ratssaal","description":"","url":"","address":{"@type":"PostalAddress","streetAddress":"Hauptstr. 17","addressLocality":"Dernbach","postalCode":"56428","addressCountry":"Germany"},"telephone":"","sameAs":"gemeinsam-fuer-dernbach.de"},"performer":"Organization"},"ticketed":false}