{"id":1518,"date":"2025-07-01T22:03:11","date_gmt":"2025-07-01T21:03:11","guid":{"rendered":"https:\/\/gemeinsam-fuer-dernbach.de\/?p=1518"},"modified":"2025-07-01T22:04:21","modified_gmt":"2025-07-01T21:04:21","slug":"buergerfruehstueck-unter-den-linden-gemeinschaft-erleben-bei-sonnenschein","status":"publish","type":"post","link":"https:\/\/gemeinsam-fuer-dernbach.de\/en\/buergerfruehstueck-unter-den-linden-gemeinschaft-erleben-bei-sonnenschein","title":{"rendered":"Citizen's breakfast under the linden trees: Experience community in the sunshine"},"content":{"rendered":"<p class=\"wp-block-paragraph\">Last Sunday, the square under the lime trees was transformed into a lively meeting place for the community: More than 100 citizens followed the invitation to the citizens\u2019 breakfast \u2013 in bright sunshine, in a good mood and with a rich breakfast table.<\/p>\n\n\n\n<p class=\"wp-block-paragraph\">In a relaxed atmosphere we laughed, talked and enjoyed the time together. A heartfelt thank you goes to the <strong>Beethoven Dernbach choral family<\/strong>, which provided refreshment with chilled drinks, as well as the <strong>DLRG Playmobile<\/strong>, which thrilled the children with play and fun.<\/p>\n\n\n\n<p class=\"wp-block-paragraph\">The 1st Associates <strong>Gerhard Prochnow (CDU)<\/strong> greeted the guests with a few introductory words before everyone rushed into the cozy get-together.<\/p>\n\n\n\n<p class=\"wp-block-paragraph\">Thanks to the active commitment of the choir family, our community workers and several members of the municipal council, the set-up and dismantling went smoothly. A successful example of what is possible through local cooperation.<\/p>\n\n\n\n<p class=\"wp-block-paragraph\">We are already looking forward to the next citizens\u2019 breakfast \u2013 for even more exchange, proximity and community.<\/p>","protected":false},"excerpt":{"rendered":"<p>Our gem \u2018Unter den Linden\u2019 was transformed into a lively meeting place for the community: More than 100 citizens accepted the invitation to the citizens' breakfast<\/p>","protected":false},"author":2,"featured_media":1519,"comment_status":"closed","ping_status":"open","sticky":false,"template":"","format":"standard","meta":{"_price":"","_stock":"","_tribe_ticket_header":"","_tribe_default_ticket_provider":"","_tribe_ticket_capacity":"0","_ticket_start_date":"","_ticket_end_date":"","_tribe_ticket_show_description":"","_tribe_ticket_show_not_going":false,"_tribe_ticket_use_global_stock":"","_tribe_ticket_global_stock_level":"","_global_stock_mode":"","_global_stock_cap":"","_tribe_rsvp_for_event":"","_tribe_ticket_going_count":"","_tribe_ticket_not_going_count":"","_tribe_tickets_list":"[]","_tribe_ticket_has_attendee_info_fields":false,"_EventAllDay":false,"_EventTimezone":"","_EventStartDate":"","_EventEndDate":"","_EventStartDateUTC":"","_EventEndDateUTC":"","_EventShowMap":false,"_EventShowMapLink":false,"_EventURL":"","_EventCost":"","_EventCostDescription":"","_EventCurrencySymbol":"","_EventCurrencyCode":"","_EventCurrencyPosition":"","_EventDateTimeSeparator":"","_EventTimeRangeSeparator":"","_EventOrganizerID":[],"_EventVenueID":[],"_OrganizerEmail":"","_OrganizerPhone":"","_OrganizerWebsite":"","_VenueAddress":"","_VenueCity":"","_VenueCountry":"","_VenueProvince":"","_VenueState":"","_VenueZip":"","_VenuePhone":"","_VenueURL":"","_VenueStateProvince":"","_VenueLat":"","_VenueLng":"","_VenueShowMap":false,"_VenueShowMapLink":false,"footnotes":""},"categories":[35,11],"tags":[87,89,90,91],"class_list":["post-1518","post","type-post","status-publish","format-standard","has-post-thumbnail","hentry","category-dorfleben","category-veranstaltungen","tag-buergerfruehstueck","tag-ehrenamt","tag-gemeinschaft","tag-veranstaltungen"],"aioseo_notices":[],"aioseo_head":"\n\t\t<!-- All in One SEO 5.0.1.1 - aioseo.com -->\n\t<meta name=\"description\" content=\"Unser Kleinod &quot;Unter den Linden&quot; verwandelte sich in einen lebendigen Treffpunkt der Gemeinschaft: \u00dcber 100 B\u00fcrgerinnen und B\u00fcrger folgten der Einladung zum B\u00fcrgerfr\u00fchst\u00fcck\" \/>\n\t<meta name=\"robots\" content=\"max-image-preview:large\" \/>\n\t<meta name=\"author\" content=\"GfD_Manuel\"\/>\n\t<link rel=\"canonical\" href=\"https:\/\/gemeinsam-fuer-dernbach.de\/en\/buergerfruehstueck-unter-den-linden-gemeinschaft-erleben-bei-sonnenschein\" \/>\n\t<meta name=\"generator\" content=\"All in One SEO (AIOSEO) 5.0.1.1\" \/>\n\t\t<meta property=\"og:locale\" content=\"en_GB\" \/>\n\t\t<meta property=\"og:site_name\" content=\"Gemeinsam f\u00fcr Dernbach - Gemeinsam f\u00fcr Dernbach - Website der W\u00e4hlergruppe Jankowitsch\" \/>\n\t\t<meta property=\"og:type\" content=\"article\" \/>\n\t\t<meta property=\"og:title\" content=\"B\u00fcrgerfr\u00fchst\u00fcck unter den Linden: Gemeinschaft erleben bei Sonnenschein - Gemeinsam f\u00fcr Dernbach\" \/>\n\t\t<meta property=\"og:description\" content=\"Unser Kleinod &quot;Unter den Linden&quot; verwandelte sich in einen lebendigen Treffpunkt der Gemeinschaft: \u00dcber 100 B\u00fcrgerinnen und B\u00fcrger folgten der Einladung zum B\u00fcrgerfr\u00fchst\u00fcck\" \/>\n\t\t<meta property=\"og:url\" content=\"https:\/\/gemeinsam-fuer-dernbach.de\/en\/buergerfruehstueck-unter-den-linden-gemeinschaft-erleben-bei-sonnenschein\" \/>\n\t\t<meta property=\"og:image\" content=\"https:\/\/gemeinsam-fuer-dernbach.de\/wp-content\/uploads\/2024\/12\/cropped-Button.png\" \/>\n\t\t<meta property=\"og:image:secure_url\" content=\"https:\/\/gemeinsam-fuer-dernbach.de\/wp-content\/uploads\/2024\/12\/cropped-Button.png\" \/>\n\t\t<meta property=\"og:image:width\" content=\"512\" \/>\n\t\t<meta property=\"og:image:height\" content=\"512\" \/>\n\t\t<meta property=\"article:published_time\" content=\"2025-07-01T21:03:11+00:00\" \/>\n\t\t<meta property=\"article:modified_time\" content=\"2025-07-01T21:04:21+00:00\" \/>\n\t\t<meta property=\"article:publisher\" content=\"https:\/\/www.facebook.com\/gemeinsam.fuer.dernbach\/\" \/>\n\t\t<meta name=\"twitter:card\" content=\"summary_large_image\" \/>\n\t\t<meta name=\"twitter:title\" content=\"B\u00fcrgerfr\u00fchst\u00fcck unter den Linden: Gemeinschaft erleben bei Sonnenschein - Gemeinsam f\u00fcr Dernbach\" \/>\n\t\t<meta name=\"twitter:description\" content=\"Unser Kleinod &quot;Unter den Linden&quot; verwandelte sich in einen lebendigen Treffpunkt der Gemeinschaft: \u00dcber 100 B\u00fcrgerinnen und B\u00fcrger folgten der Einladung zum B\u00fcrgerfr\u00fchst\u00fcck\" \/>\n\t\t<meta name=\"twitter:image\" content=\"https:\/\/gemeinsam-fuer-dernbach.de\/wp-content\/uploads\/2024\/12\/cropped-Button.png\" \/>\n\t\t<script type=\"application\/ld+json\" class=\"aioseo-schema\">\n\t\t\t{\"@context\":\"https:\\\/\\\/schema.org\",\"@graph\":[{\"@type\":\"BlogPosting\",\"@id\":\"https:\\\/\\\/gemeinsam-fuer-dernbach.de\\\/en\\\/buergerfruehstueck-unter-den-linden-gemeinschaft-erleben-bei-sonnenschein#blogposting\",\"name\":\"B\\u00fcrgerfr\\u00fchst\\u00fcck unter den Linden: Gemeinschaft erleben bei Sonnenschein - Gemeinsam f\\u00fcr Dernbach\",\"headline\":\"B\\u00fcrgerfr\\u00fchst\\u00fcck unter den Linden: Gemeinschaft erleben bei Sonnenschein\",\"author\":{\"@id\":\"https:\\\/\\\/gemeinsam-fuer-dernbach.de\\\/en\\\/author\\\/gfd_manuel#author\"},\"publisher\":{\"@id\":\"https:\\\/\\\/gemeinsam-fuer-dernbach.de\\\/en\\\/#organization\"},\"image\":{\"@type\":\"ImageObject\",\"url\":\"https:\\\/\\\/gemeinsam-fuer-dernbach.de\\\/wp-content\\\/uploads\\\/2025\\\/07\\\/UnterDenLinden.jpg\",\"width\":526,\"height\":701,\"caption\":\"Das B\\u00fcrgerfr\\u00fchst\\u00fcck in Dernbach zog \\u00fcber 100 G\\u00e4ste an. Unter sonnigem Himmel und im Schatten der Lindenb\\u00e4ume wurde gemeinsam gegessen, gelacht und gefeiert \\u2013 mit dabei: die Chorfamilie Beethoven und das DLRG-Spielmobil. Foto: Alessa Bode\"},\"datePublished\":\"2025-07-01T22:03:11+01:00\",\"dateModified\":\"2025-07-01T22:04:21+01:00\",\"inLanguage\":\"en-GB\",\"mainEntityOfPage\":{\"@id\":\"https:\\\/\\\/gemeinsam-fuer-dernbach.de\\\/en\\\/buergerfruehstueck-unter-den-linden-gemeinschaft-erleben-bei-sonnenschein#webpage\"},\"isPartOf\":{\"@id\":\"https:\\\/\\\/gemeinsam-fuer-dernbach.de\\\/en\\\/buergerfruehstueck-unter-den-linden-gemeinschaft-erleben-bei-sonnenschein#webpage\"},\"articleSection\":\"Dorfleben, Veranstaltungen, B\\u00fcrgerfr\\u00fchst\\u00fcck, Ehrenamt, Gemeinschaft, Veranstaltungen\"},{\"@type\":\"BreadcrumbList\",\"@id\":\"https:\\\/\\\/gemeinsam-fuer-dernbach.de\\\/en\\\/buergerfruehstueck-unter-den-linden-gemeinschaft-erleben-bei-sonnenschein#breadcrumblist\",\"itemListElement\":[{\"@type\":\"ListItem\",\"@id\":\"https:\\\/\\\/gemeinsam-fuer-dernbach.de\\\/en#listItem\",\"position\":1,\"name\":\"Home\",\"item\":\"https:\\\/\\\/gemeinsam-fuer-dernbach.de\\\/en\",\"nextItem\":{\"@type\":\"ListItem\",\"@id\":\"https:\\\/\\\/gemeinsam-fuer-dernbach.de\\\/en\\\/category\\\/veranstaltungen#listItem\",\"name\":\"Veranstaltungen\"}},{\"@type\":\"ListItem\",\"@id\":\"https:\\\/\\\/gemeinsam-fuer-dernbach.de\\\/en\\\/category\\\/veranstaltungen#listItem\",\"position\":2,\"name\":\"Veranstaltungen\",\"item\":\"https:\\\/\\\/gemeinsam-fuer-dernbach.de\\\/en\\\/category\\\/veranstaltungen\",\"nextItem\":{\"@type\":\"ListItem\",\"@id\":\"https:\\\/\\\/gemeinsam-fuer-dernbach.de\\\/en\\\/buergerfruehstueck-unter-den-linden-gemeinschaft-erleben-bei-sonnenschein#listItem\",\"name\":\"B\\u00fcrgerfr\\u00fchst\\u00fcck unter den Linden: Gemeinschaft erleben bei Sonnenschein\"},\"previousItem\":{\"@type\":\"ListItem\",\"@id\":\"https:\\\/\\\/gemeinsam-fuer-dernbach.de\\\/en#listItem\",\"name\":\"Home\"}},{\"@type\":\"ListItem\",\"@id\":\"https:\\\/\\\/gemeinsam-fuer-dernbach.de\\\/en\\\/buergerfruehstueck-unter-den-linden-gemeinschaft-erleben-bei-sonnenschein#listItem\",\"position\":3,\"name\":\"B\\u00fcrgerfr\\u00fchst\\u00fcck unter den Linden: Gemeinschaft erleben bei Sonnenschein\",\"previousItem\":{\"@type\":\"ListItem\",\"@id\":\"https:\\\/\\\/gemeinsam-fuer-dernbach.de\\\/en\\\/category\\\/veranstaltungen#listItem\",\"name\":\"Veranstaltungen\"}}]},{\"@type\":\"Organization\",\"@id\":\"https:\\\/\\\/gemeinsam-fuer-dernbach.de\\\/en\\\/#organization\",\"name\":\"Gemeinsam f\\u00fcr Dernbach\",\"description\":\"Gemeinsam f\\u00fcr Dernbach - Website der W\\u00e4hlergruppe Jankowitsch\",\"url\":\"https:\\\/\\\/gemeinsam-fuer-dernbach.de\\\/en\\\/\",\"logo\":{\"@type\":\"ImageObject\",\"url\":\"https:\\\/\\\/gemeinsam-fuer-dernbach.de\\\/wp-content\\\/uploads\\\/2024\\\/12\\\/cropped-Button.png\",\"@id\":\"https:\\\/\\\/gemeinsam-fuer-dernbach.de\\\/en\\\/buergerfruehstueck-unter-den-linden-gemeinschaft-erleben-bei-sonnenschein\\\/#organizationLogo\",\"width\":512,\"height\":512,\"caption\":\"Gemeinsam f\\u00fcr Dernbach\"},\"image\":{\"@id\":\"https:\\\/\\\/gemeinsam-fuer-dernbach.de\\\/en\\\/buergerfruehstueck-unter-den-linden-gemeinschaft-erleben-bei-sonnenschein\\\/#organizationLogo\"},\"sameAs\":[\"https:\\\/\\\/www.facebook.com\\\/gemeinsam.fuer.dernbach\\\/\",\"https:\\\/\\\/www.instagram.com\\\/gemeinsam_fuer_dernbach\\\/\"]},{\"@type\":\"Person\",\"@id\":\"https:\\\/\\\/gemeinsam-fuer-dernbach.de\\\/en\\\/author\\\/gfd_manuel#author\",\"url\":\"https:\\\/\\\/gemeinsam-fuer-dernbach.de\\\/en\\\/author\\\/gfd_manuel\",\"name\":\"GfD_Manuel\"},{\"@type\":\"WebPage\",\"@id\":\"https:\\\/\\\/gemeinsam-fuer-dernbach.de\\\/en\\\/buergerfruehstueck-unter-den-linden-gemeinschaft-erleben-bei-sonnenschein#webpage\",\"url\":\"https:\\\/\\\/gemeinsam-fuer-dernbach.de\\\/en\\\/buergerfruehstueck-unter-den-linden-gemeinschaft-erleben-bei-sonnenschein\",\"name\":\"B\\u00fcrgerfr\\u00fchst\\u00fcck unter den Linden: Gemeinschaft erleben bei Sonnenschein - Gemeinsam f\\u00fcr Dernbach\",\"description\":\"Unser Kleinod \\\"Unter den Linden\\\" verwandelte sich in einen lebendigen Treffpunkt der Gemeinschaft: \\u00dcber 100 B\\u00fcrgerinnen und B\\u00fcrger folgten der Einladung zum B\\u00fcrgerfr\\u00fchst\\u00fcck\",\"inLanguage\":\"en-GB\",\"isPartOf\":{\"@id\":\"https:\\\/\\\/gemeinsam-fuer-dernbach.de\\\/en\\\/#website\"},\"breadcrumb\":{\"@id\":\"https:\\\/\\\/gemeinsam-fuer-dernbach.de\\\/en\\\/buergerfruehstueck-unter-den-linden-gemeinschaft-erleben-bei-sonnenschein#breadcrumblist\"},\"author\":{\"@id\":\"https:\\\/\\\/gemeinsam-fuer-dernbach.de\\\/en\\\/author\\\/gfd_manuel#author\"},\"creator\":{\"@id\":\"https:\\\/\\\/gemeinsam-fuer-dernbach.de\\\/en\\\/author\\\/gfd_manuel#author\"},\"image\":{\"@type\":\"ImageObject\",\"url\":\"https:\\\/\\\/gemeinsam-fuer-dernbach.de\\\/wp-content\\\/uploads\\\/2025\\\/07\\\/UnterDenLinden.jpg\",\"@id\":\"https:\\\/\\\/gemeinsam-fuer-dernbach.de\\\/en\\\/buergerfruehstueck-unter-den-linden-gemeinschaft-erleben-bei-sonnenschein\\\/#mainImage\",\"width\":526,\"height\":701,\"caption\":\"Das B\\u00fcrgerfr\\u00fchst\\u00fcck in Dernbach zog \\u00fcber 100 G\\u00e4ste an. Unter sonnigem Himmel und im Schatten der Lindenb\\u00e4ume wurde gemeinsam gegessen, gelacht und gefeiert \\u2013 mit dabei: die Chorfamilie Beethoven und das DLRG-Spielmobil. Foto: Alessa Bode\"},\"primaryImageOfPage\":{\"@id\":\"https:\\\/\\\/gemeinsam-fuer-dernbach.de\\\/en\\\/buergerfruehstueck-unter-den-linden-gemeinschaft-erleben-bei-sonnenschein#mainImage\"},\"datePublished\":\"2025-07-01T22:03:11+01:00\",\"dateModified\":\"2025-07-01T22:04:21+01:00\"},{\"@type\":\"WebSite\",\"@id\":\"https:\\\/\\\/gemeinsam-fuer-dernbach.de\\\/en\\\/#website\",\"url\":\"https:\\\/\\\/gemeinsam-fuer-dernbach.de\\\/en\\\/\",\"name\":\"Gemeinsam f\\u00fcr Dernbach\",\"description\":\"Gemeinsam f\\u00fcr Dernbach - Website der W\\u00e4hlergruppe Jankowitsch\",\"inLanguage\":\"en-GB\",\"publisher\":{\"@id\":\"https:\\\/\\\/gemeinsam-fuer-dernbach.de\\\/en\\\/#organization\"}}]}\n\t\t<\/script>\n\t\t<!-- All in One SEO -->\n\n","aioseo_head_json":{"title":"B\u00fcrgerfr\u00fchst\u00fcck unter den Linden: Gemeinschaft erleben bei Sonnenschein - Gemeinsam f\u00fcr Dernbach","description":"Unser Kleinod \"Unter den Linden\" verwandelte sich in einen lebendigen Treffpunkt der Gemeinschaft: \u00dcber 100 B\u00fcrgerinnen und B\u00fcrger folgten der Einladung zum B\u00fcrgerfr\u00fchst\u00fcck","canonical_url":"https:\/\/gemeinsam-fuer-dernbach.de\/en\/buergerfruehstueck-unter-den-linden-gemeinschaft-erleben-bei-sonnenschein","robots":"max-image-preview:large","keywords":"","webmasterTools":{"miscellaneous":""},"schema":{"@context":"https:\/\/schema.org","@graph":[{"@type":"BlogPosting","@id":"https:\/\/gemeinsam-fuer-dernbach.de\/en\/buergerfruehstueck-unter-den-linden-gemeinschaft-erleben-bei-sonnenschein#blogposting","name":"B\u00fcrgerfr\u00fchst\u00fcck unter den Linden: Gemeinschaft erleben bei Sonnenschein - Gemeinsam f\u00fcr Dernbach","headline":"B\u00fcrgerfr\u00fchst\u00fcck unter den Linden: Gemeinschaft erleben bei Sonnenschein","author":{"@id":"https:\/\/gemeinsam-fuer-dernbach.de\/en\/author\/gfd_manuel#author"},"publisher":{"@id":"https:\/\/gemeinsam-fuer-dernbach.de\/en\/#organization"},"image":{"@type":"ImageObject","url":"https:\/\/gemeinsam-fuer-dernbach.de\/wp-content\/uploads\/2025\/07\/UnterDenLinden.jpg","width":526,"height":701,"caption":"Das B\u00fcrgerfr\u00fchst\u00fcck in Dernbach zog \u00fcber 100 G\u00e4ste an. Unter sonnigem Himmel und im Schatten der Lindenb\u00e4ume wurde gemeinsam gegessen, gelacht und gefeiert \u2013 mit dabei: die Chorfamilie Beethoven und das DLRG-Spielmobil. Foto: Alessa Bode"},"datePublished":"2025-07-01T22:03:11+01:00","dateModified":"2025-07-01T22:04:21+01:00","inLanguage":"en-GB","mainEntityOfPage":{"@id":"https:\/\/gemeinsam-fuer-dernbach.de\/en\/buergerfruehstueck-unter-den-linden-gemeinschaft-erleben-bei-sonnenschein#webpage"},"isPartOf":{"@id":"https:\/\/gemeinsam-fuer-dernbach.de\/en\/buergerfruehstueck-unter-den-linden-gemeinschaft-erleben-bei-sonnenschein#webpage"},"articleSection":"Dorfleben, Veranstaltungen, B\u00fcrgerfr\u00fchst\u00fcck, Ehrenamt, Gemeinschaft, Veranstaltungen"},{"@type":"BreadcrumbList","@id":"https:\/\/gemeinsam-fuer-dernbach.de\/en\/buergerfruehstueck-unter-den-linden-gemeinschaft-erleben-bei-sonnenschein#breadcrumblist","itemListElement":[{"@type":"ListItem","@id":"https:\/\/gemeinsam-fuer-dernbach.de\/en#listItem","position":1,"name":"Home","item":"https:\/\/gemeinsam-fuer-dernbach.de\/en","nextItem":{"@type":"ListItem","@id":"https:\/\/gemeinsam-fuer-dernbach.de\/en\/category\/veranstaltungen#listItem","name":"Veranstaltungen"}},{"@type":"ListItem","@id":"https:\/\/gemeinsam-fuer-dernbach.de\/en\/category\/veranstaltungen#listItem","position":2,"name":"Veranstaltungen","item":"https:\/\/gemeinsam-fuer-dernbach.de\/en\/category\/veranstaltungen","nextItem":{"@type":"ListItem","@id":"https:\/\/gemeinsam-fuer-dernbach.de\/en\/buergerfruehstueck-unter-den-linden-gemeinschaft-erleben-bei-sonnenschein#listItem","name":"B\u00fcrgerfr\u00fchst\u00fcck unter den Linden: Gemeinschaft erleben bei Sonnenschein"},"previousItem":{"@type":"ListItem","@id":"https:\/\/gemeinsam-fuer-dernbach.de\/en#listItem","name":"Home"}},{"@type":"ListItem","@id":"https:\/\/gemeinsam-fuer-dernbach.de\/en\/buergerfruehstueck-unter-den-linden-gemeinschaft-erleben-bei-sonnenschein#listItem","position":3,"name":"B\u00fcrgerfr\u00fchst\u00fcck unter den Linden: Gemeinschaft erleben bei Sonnenschein","previousItem":{"@type":"ListItem","@id":"https:\/\/gemeinsam-fuer-dernbach.de\/en\/category\/veranstaltungen#listItem","name":"Veranstaltungen"}}]},{"@type":"Organization","@id":"https:\/\/gemeinsam-fuer-dernbach.de\/en\/#organization","name":"Gemeinsam f\u00fcr Dernbach","description":"Gemeinsam f\u00fcr Dernbach - Website der W\u00e4hlergruppe Jankowitsch","url":"https:\/\/gemeinsam-fuer-dernbach.de\/en\/","logo":{"@type":"ImageObject","url":"https:\/\/gemeinsam-fuer-dernbach.de\/wp-content\/uploads\/2024\/12\/cropped-Button.png","@id":"https:\/\/gemeinsam-fuer-dernbach.de\/en\/buergerfruehstueck-unter-den-linden-gemeinschaft-erleben-bei-sonnenschein\/#organizationLogo","width":512,"height":512,"caption":"Gemeinsam f\u00fcr Dernbach"},"image":{"@id":"https:\/\/gemeinsam-fuer-dernbach.de\/en\/buergerfruehstueck-unter-den-linden-gemeinschaft-erleben-bei-sonnenschein\/#organizationLogo"},"sameAs":["https:\/\/www.facebook.com\/gemeinsam.fuer.dernbach\/","https:\/\/www.instagram.com\/gemeinsam_fuer_dernbach\/"]},{"@type":"Person","@id":"https:\/\/gemeinsam-fuer-dernbach.de\/en\/author\/gfd_manuel#author","url":"https:\/\/gemeinsam-fuer-dernbach.de\/en\/author\/gfd_manuel","name":"GfD_Manuel"},{"@type":"WebPage","@id":"https:\/\/gemeinsam-fuer-dernbach.de\/en\/buergerfruehstueck-unter-den-linden-gemeinschaft-erleben-bei-sonnenschein#webpage","url":"https:\/\/gemeinsam-fuer-dernbach.de\/en\/buergerfruehstueck-unter-den-linden-gemeinschaft-erleben-bei-sonnenschein","name":"B\u00fcrgerfr\u00fchst\u00fcck unter den Linden: Gemeinschaft erleben bei Sonnenschein - Gemeinsam f\u00fcr Dernbach","description":"Unser Kleinod \"Unter den Linden\" verwandelte sich in einen lebendigen Treffpunkt der Gemeinschaft: \u00dcber 100 B\u00fcrgerinnen und B\u00fcrger folgten der Einladung zum B\u00fcrgerfr\u00fchst\u00fcck","inLanguage":"en-GB","isPartOf":{"@id":"https:\/\/gemeinsam-fuer-dernbach.de\/en\/#website"},"breadcrumb":{"@id":"https:\/\/gemeinsam-fuer-dernbach.de\/en\/buergerfruehstueck-unter-den-linden-gemeinschaft-erleben-bei-sonnenschein#breadcrumblist"},"author":{"@id":"https:\/\/gemeinsam-fuer-dernbach.de\/en\/author\/gfd_manuel#author"},"creator":{"@id":"https:\/\/gemeinsam-fuer-dernbach.de\/en\/author\/gfd_manuel#author"},"image":{"@type":"ImageObject","url":"https:\/\/gemeinsam-fuer-dernbach.de\/wp-content\/uploads\/2025\/07\/UnterDenLinden.jpg","@id":"https:\/\/gemeinsam-fuer-dernbach.de\/en\/buergerfruehstueck-unter-den-linden-gemeinschaft-erleben-bei-sonnenschein\/#mainImage","width":526,"height":701,"caption":"Das B\u00fcrgerfr\u00fchst\u00fcck in Dernbach zog \u00fcber 100 G\u00e4ste an. Unter sonnigem Himmel und im Schatten der Lindenb\u00e4ume wurde gemeinsam gegessen, gelacht und gefeiert \u2013 mit dabei: die Chorfamilie Beethoven und das DLRG-Spielmobil. Foto: Alessa Bode"},"primaryImageOfPage":{"@id":"https:\/\/gemeinsam-fuer-dernbach.de\/en\/buergerfruehstueck-unter-den-linden-gemeinschaft-erleben-bei-sonnenschein#mainImage"},"datePublished":"2025-07-01T22:03:11+01:00","dateModified":"2025-07-01T22:04:21+01:00"},{"@type":"WebSite","@id":"https:\/\/gemeinsam-fuer-dernbach.de\/en\/#website","url":"https:\/\/gemeinsam-fuer-dernbach.de\/en\/","name":"Gemeinsam f\u00fcr Dernbach","description":"Gemeinsam f\u00fcr Dernbach - Website der W\u00e4hlergruppe Jankowitsch","inLanguage":"en-GB","publisher":{"@id":"https:\/\/gemeinsam-fuer-dernbach.de\/en\/#organization"}}]},"og:locale":"en_GB","og:site_name":"Gemeinsam f\u00fcr Dernbach - Gemeinsam f\u00fcr Dernbach - Website der W\u00e4hlergruppe Jankowitsch","og:type":"article","og:title":"B\u00fcrgerfr\u00fchst\u00fcck unter den Linden: Gemeinschaft erleben bei Sonnenschein - Gemeinsam f\u00fcr Dernbach","og:description":"Unser Kleinod &quot;Unter den Linden&quot; verwandelte sich in einen lebendigen Treffpunkt der Gemeinschaft: \u00dcber 100 B\u00fcrgerinnen und B\u00fcrger folgten der Einladung zum B\u00fcrgerfr\u00fchst\u00fcck","og:url":"https:\/\/gemeinsam-fuer-dernbach.de\/en\/buergerfruehstueck-unter-den-linden-gemeinschaft-erleben-bei-sonnenschein","og:image":"https:\/\/gemeinsam-fuer-dernbach.de\/wp-content\/uploads\/2024\/12\/cropped-Button.png","og:image:secure_url":"https:\/\/gemeinsam-fuer-dernbach.de\/wp-content\/uploads\/2024\/12\/cropped-Button.png","og:image:width":512,"og:image:height":512,"article:published_time":"2025-07-01T21:03:11+00:00","article:modified_time":"2025-07-01T21:04:21+00:00","article:publisher":"https:\/\/www.facebook.com\/gemeinsam.fuer.dernbach\/","twitter:card":"summary_large_image","twitter:title":"B\u00fcrgerfr\u00fchst\u00fcck unter den Linden: Gemeinschaft erleben bei Sonnenschein - Gemeinsam f\u00fcr Dernbach","twitter:description":"Unser Kleinod &quot;Unter den Linden&quot; verwandelte sich in einen lebendigen Treffpunkt der Gemeinschaft: \u00dcber 100 B\u00fcrgerinnen und B\u00fcrger folgten der Einladung zum B\u00fcrgerfr\u00fchst\u00fcck","twitter:image":"https:\/\/gemeinsam-fuer-dernbach.de\/wp-content\/uploads\/2024\/12\/cropped-Button.png"},"aioseo_meta_data":{"post_id":"1518","title":null,"description":null,"keywords":null,"keyphrases":{"focus":[],"additional":[]},"primary_term":null,"canonical_url":null,"og_title":null,"og_description":null,"og_object_type":"default","og_image_type":"default","og_image_url":null,"og_image_width":null,"og_image_height":null,"og_image_custom_url":null,"og_image_custom_fields":null,"og_video":"","og_custom_url":null,"og_article_section":null,"og_article_tags":null,"twitter_use_og":false,"twitter_card":"default","twitter_image_type":"default","twitter_image_url":null,"twitter_image_custom_url":null,"twitter_image_custom_fields":null,"twitter_title":null,"twitter_description":null,"schema":{"blockGraphs":[],"customGraphs":[],"default":{"data":{"Article":[],"Course":[],"Dataset":[],"FAQPage":[],"Movie":[],"Person":[],"Product":[],"ProductReview":[],"Car":[],"Recipe":[],"Service":[],"SoftwareApplication":[],"WebPage":[]},"graphName":"BlogPosting","isEnabled":true},"graphs":[]},"schema_type":"default","schema_type_options":null,"pillar_content":false,"robots_default":true,"robots_noindex":false,"robots_noarchive":false,"robots_nosnippet":false,"robots_nofollow":false,"robots_noimageindex":false,"robots_noodp":false,"robots_notranslate":false,"robots_max_snippet":"-1","robots_max_videopreview":"-1","robots_max_imagepreview":"large","priority":null,"frequency":"default","local_seo":null,"breadcrumb_settings":null,"limit_modified_date":false,"ai":{"faqs":[],"keyPoints":[],"titles":[],"descriptions":[],"socialPosts":{"email":[],"linkedin":[],"twitter":[],"facebook":[],"instagram":[]}},"created":"2025-07-01 21:03:13","updated":"2026-09-03 19:34:31","seo_analyzer_scan_date":null,"focus_keyword":null,"additional_keywords":null,"truseo_locale":null},"aioseo_breadcrumb":"<div class=\"aioseo-breadcrumbs\"><span class=\"aioseo-breadcrumb\">\n\t\t\t<a href=\"https:\/\/gemeinsam-fuer-dernbach.de\/en\" title=\"Home\">Home<\/a>\n\t\t<\/span><span class=\"aioseo-breadcrumb-separator\">&raquo;<\/span><span class=\"aioseo-breadcrumb\">\n\t\t\t<a href=\"https:\/\/gemeinsam-fuer-dernbach.de\/en\/category\/veranstaltungen\" title=\"Veranstaltungen\">Veranstaltungen<\/a>\n\t\t<\/span><span class=\"aioseo-breadcrumb-separator\">&raquo;<\/span><span class=\"aioseo-breadcrumb\">\n\t\t\tB\u00fcrgerfr\u00fchst\u00fcck unter den Linden: Gemeinschaft erleben bei Sonnenschein\n\t\t<\/span><\/div>","aioseo_breadcrumb_json":[{"label":"Home","link":"https:\/\/gemeinsam-fuer-dernbach.de\/en"},{"label":"Veranstaltungen","link":"https:\/\/gemeinsam-fuer-dernbach.de\/en\/category\/veranstaltungen"},{"label":"B\u00fcrgerfr\u00fchst\u00fcck unter den Linden: Gemeinschaft erleben bei Sonnenschein","link":"https:\/\/gemeinsam-fuer-dernbach.de\/en\/buergerfruehstueck-unter-den-linden-gemeinschaft-erleben-bei-sonnenschein"}],"_links":{"self":[{"href":"https:\/\/gemeinsam-fuer-dernbach.de\/en\/wp-json\/wp\/v2\/posts\/1518","targetHints":{"allow":["GET"]}}],"collection":[{"href":"https:\/\/gemeinsam-fuer-dernbach.de\/en\/wp-json\/wp\/v2\/posts"}],"about":[{"href":"https:\/\/gemeinsam-fuer-dernbach.de\/en\/wp-json\/wp\/v2\/types\/post"}],"author":[{"embeddable":true,"href":"https:\/\/gemeinsam-fuer-dernbach.de\/en\/wp-json\/wp\/v2\/users\/2"}],"replies":[{"embeddable":true,"href":"https:\/\/gemeinsam-fuer-dernbach.de\/en\/wp-json\/wp\/v2\/comments?post=1518"}],"version-history":[{"count":2,"href":"https:\/\/gemeinsam-fuer-dernbach.de\/en\/wp-json\/wp\/v2\/posts\/1518\/revisions"}],"predecessor-version":[{"id":1522,"href":"https:\/\/gemeinsam-fuer-dernbach.de\/en\/wp-json\/wp\/v2\/posts\/1518\/revisions\/1522"}],"wp:featuredmedia":[{"embeddable":true,"href":"https:\/\/gemeinsam-fuer-dernbach.de\/en\/wp-json\/wp\/v2\/media\/1519"}],"wp:attachment":[{"href":"https:\/\/gemeinsam-fuer-dernbach.de\/en\/wp-json\/wp\/v2\/media?parent=1518"}],"wp:term":[{"taxonomy":"category","embeddable":true,"href":"https:\/\/gemeinsam-fuer-dernbach.de\/en\/wp-json\/wp\/v2\/categories?post=1518"},{"taxonomy":"post_tag","embeddable":true,"href":"https:\/\/gemeinsam-fuer-dernbach.de\/en\/wp-json\/wp\/v2\/tags?post=1518"}],"curies":[{"name":"wp","href":"https:\/\/api.w.org\/{rel}","templated":true}]}}