{"id":1574,"date":"2025-11-02T16:40:05","date_gmt":"2025-11-02T15:40:05","guid":{"rendered":"https:\/\/gemeinsam-fuer-dernbach.de\/?p=1574"},"modified":"2025-11-02T19:19:23","modified_gmt":"2025-11-02T18:19:23","slug":"offener-und-gelungener-austausch-im-herbst","status":"publish","type":"post","link":"https:\/\/gemeinsam-fuer-dernbach.de\/en\/offener-und-gelungener-austausch-im-herbst","title":{"rendered":"Open and successful exchange in autumn"},"content":{"rendered":"<p class=\"wp-block-paragraph\">An open Group meeting was held today, to which all interested citizens were invited. The aim of the meeting was to provide transparent information on current topics from the municipal bodies, to prepare for the upcoming municipal council meeting and to take suggestions from the citizens.<\/p>\n\n\n\n<h2 class=\"wp-block-heading\">News from the committees<\/h2>\n\n\n\n<p class=\"wp-block-paragraph\">We looked at the last <a href=\"https:\/\/wirges.gremien.info\/meeting\/4665\" target=\"_blank\" rel=\"noopener\" title=\"\">Council meeting in mid-June<\/a> back. On some open issues, including drainage (<a href=\"https:\/\/gemeinsam-fuer-dernbach.de\/en\/ratssitzungsbericht-vom-18-juni-2025\/\" title=\"\">parallel to Dr. Domarus-Stra\u00dfe<\/a>) \u2013 there is currently no new state of play. We ask the administration and hope for an answer in the <a href=\"https:\/\/wirges.gremien.info\/meeting\/4728\" title=\"\">Construction Committee on 12 November<\/a> or in <a href=\"https:\/\/wirges.gremien.info\/meeting\/4729\" title=\"\">Municipal Council on 19 November<\/a> \u2013 no agenda has yet been published for both meetings.<\/p>\n\n\n\n<p class=\"wp-block-paragraph\">In the open group meeting, the committees' topics were also raised: The Culture Committee deals with important dates, including fair planning, citizens' breakfast and Youth Day. We continue to collect suggestions from the citizenry to improve processes at events. For example, there are suggestions for improvement for the senior afternoon, such as organization and the selection of drinks.<\/p>\n\n\n\n<p class=\"wp-block-paragraph\">Other points from our public meeting:<\/p>\n\n\n\n<ul class=\"wp-block-list\">\n<li>We suggest a suitable location for the book phone booth. The idea of designing the telephone booth by young people (<a href=\"https:\/\/gemeinsam-fuer-dernbach.de\/en\/offene-fraktionssitzung-am-17-august-2025\/\" title=\"\">We reported<\/a>) is to be implemented.<\/li>\n\n\n\n<li>The use of communal spaces and locking systems has been criticised. We're going after it.<\/li>\n\n\n\n<li>The opening of the library took place, which we found very successful. We commend the library team very much.<\/li>\n<\/ul>\n\n\n\n<h2 class=\"wp-block-heading\">Preparing for the next council meeting<\/h2>\n\n\n\n<p class=\"wp-block-paragraph\">We have already collected and prepared topics for the upcoming Council meeting, including:<\/p>\n\n\n\n<ul class=\"wp-block-list\">\n<li>Industrial area: Potential analysis and file inspection in existing reports. The Central and Financial Committee has granted a new opinion as an investment in the budget.<\/li>\n\n\n\n<li>Information from citizens on the critical traffic situation \u2013 here the intersection of cycle paths: In the context of road safety, we call on the administration to arrange for the road construction load carrier (probably state-owned mobility company here) to examine measures.<\/li>\n<\/ul>\n\n\n\n<h2 class=\"wp-block-heading\">General information from the place<\/h2>\n\n\n\n<p class=\"wp-block-paragraph\">In conclusion, current developments in the municipality were summarized:<\/p>\n\n\n\n<ul class=\"wp-block-list\">\n<li>The primary school in Dernbach will be expanded to ensure a full-day offer.<\/li>\n\n\n\n<li>A new siren was installed at the end of the road \u2018Im Wehrholz\u2019.<\/li>\n\n\n\n<li>The no-hold zones around the Raiffeisen-Gymnasium are still not sufficiently complied with. We ask the administration if and what measures are foreseen.<\/li>\n\n\n\n<li>The joints of the village well were repaired with synthetic resin.<\/li>\n\n\n\n<li>Several sacked places in the local area \u2013 including Kirchvor- and Rathausplatz \u2013 have to be repaired.<\/li>\n\n\n\n<li>The expansion of the fiberglass work continues to be unreliable, a decrease in the work is still pending, as a representative reported.<\/li>\n<\/ul>\n\n\n\n<p class=\"wp-block-paragraph\">Finally, citizens were invited to contribute their ideas for village development. The exchange clearly demonstrated the importance to many of strengthening community life, better coordination of events and open dialogue within the community.<\/p>\n\n\n\n<p class=\"wp-block-paragraph\">Together for Dernbach plans to maintain public group meetings at intervals of about three months. We hope to be able to continue to use the Council Hall for this purpose, for which we have worked very hard. We will announce the dates for 2026 here as soon as possible.<\/p>","protected":false},"excerpt":{"rendered":"<p>An open Group meeting was held today, to which all interested citizens were invited. The aim of the meeting was to provide transparent information on current topics from the municipal bodies, [...]<\/p>","protected":false},"author":2,"featured_media":1575,"comment_status":"closed","ping_status":"open","sticky":false,"template":"","format":"standard","meta":{"_price":"","_stock":"","_tribe_ticket_header":"","_tribe_default_ticket_provider":"","_tribe_ticket_capacity":"0","_ticket_start_date":"","_ticket_end_date":"","_tribe_ticket_show_description":"","_tribe_ticket_show_not_going":false,"_tribe_ticket_use_global_stock":"","_tribe_ticket_global_stock_level":"","_global_stock_mode":"","_global_stock_cap":"","_tribe_rsvp_for_event":"","_tribe_ticket_going_count":"","_tribe_ticket_not_going_count":"","_tribe_tickets_list":"[]","_tribe_ticket_has_attendee_info_fields":false,"_EventAllDay":false,"_EventTimezone":"","_EventStartDate":"","_EventEndDate":"","_EventStartDateUTC":"","_EventEndDateUTC":"","_EventShowMap":false,"_EventShowMapLink":false,"_EventURL":"","_EventCost":"","_EventCostDescription":"","_EventCurrencySymbol":"","_EventCurrencyCode":"","_EventCurrencyPosition":"","_EventDateTimeSeparator":"","_EventTimeRangeSeparator":"","_EventOrganizerID":[],"_EventVenueID":[],"_OrganizerEmail":"","_OrganizerPhone":"","_OrganizerWebsite":"","_VenueAddress":"","_VenueCity":"","_VenueCountry":"","_VenueProvince":"","_VenueState":"","_VenueZip":"","_VenuePhone":"","_VenueURL":"","_VenueStateProvince":"","_VenueLat":"","_VenueLng":"","_VenueShowMap":false,"_VenueShowMapLink":false,"footnotes":""},"categories":[35,9],"tags":[137,119,87,12,124,147],"class_list":["post-1574","post","type-post","status-publish","format-standard","has-post-thumbnail","hentry","category-dorfleben","category-neues-von-uns","tag-beigeordnete","tag-buecherei","tag-buergerfruehstueck","tag-gemeinsam-fuer-dernbach","tag-glasfaser","tag-offene-fraktionssitzung"],"aioseo_notices":[],"aioseo_head":"\n\t\t<!-- All in One SEO 5.0.1.1 - aioseo.com -->\n\t<meta name=\"description\" content=\"Heute fand eine offene Fraktionssitzung statt, zu der alle interessierte B\u00fcrgerinnen und B\u00fcrger eingeladen waren. Ziel des Treffens war es, transparent \u00fcber aktuelle Themen aus den gemeindlichen Gremien zu informieren, auf die kommende Gemeinderatssitzung vorzubereiten sowie Anregungen aus der B\u00fcrgerschaft aufzunehmen. Aktuelles aus den Gremien Wir schauten zun\u00e4chst auf die letzte Ratssitzung Mitte Juni zur\u00fcck.\" \/>\n\t<meta name=\"robots\" content=\"max-image-preview:large\" \/>\n\t<meta name=\"author\" content=\"GfD_Manuel\"\/>\n\t<link rel=\"canonical\" href=\"https:\/\/gemeinsam-fuer-dernbach.de\/en\/offener-und-gelungener-austausch-im-herbst\" \/>\n\t<meta name=\"generator\" content=\"All in One SEO (AIOSEO) 5.0.1.1\" \/>\n\t\t<meta property=\"og:locale\" content=\"en_GB\" \/>\n\t\t<meta property=\"og:site_name\" content=\"Gemeinsam f\u00fcr Dernbach - Gemeinsam f\u00fcr Dernbach - Website der W\u00e4hlergruppe Jankowitsch\" \/>\n\t\t<meta property=\"og:type\" content=\"article\" \/>\n\t\t<meta property=\"og:title\" content=\"Offener und gelungener Austausch im Herbst - Gemeinsam f\u00fcr Dernbach\" \/>\n\t\t<meta property=\"og:description\" content=\"Heute fand eine offene Fraktionssitzung statt, zu der alle interessierte B\u00fcrgerinnen und B\u00fcrger eingeladen waren. Ziel des Treffens war es, transparent \u00fcber aktuelle Themen aus den gemeindlichen Gremien zu informieren, auf die kommende Gemeinderatssitzung vorzubereiten sowie Anregungen aus der B\u00fcrgerschaft aufzunehmen. Aktuelles aus den Gremien Wir schauten zun\u00e4chst auf die letzte Ratssitzung Mitte Juni zur\u00fcck.\" \/>\n\t\t<meta property=\"og:url\" content=\"https:\/\/gemeinsam-fuer-dernbach.de\/en\/offener-und-gelungener-austausch-im-herbst\" \/>\n\t\t<meta property=\"og:image\" content=\"https:\/\/gemeinsam-fuer-dernbach.de\/wp-content\/uploads\/2024\/12\/cropped-Button.png\" \/>\n\t\t<meta property=\"og:image:secure_url\" content=\"https:\/\/gemeinsam-fuer-dernbach.de\/wp-content\/uploads\/2024\/12\/cropped-Button.png\" \/>\n\t\t<meta property=\"og:image:width\" content=\"512\" \/>\n\t\t<meta property=\"og:image:height\" content=\"512\" \/>\n\t\t<meta property=\"article:published_time\" content=\"2025-11-02T15:40:05+00:00\" \/>\n\t\t<meta property=\"article:modified_time\" content=\"2025-11-02T18:19:23+00:00\" \/>\n\t\t<meta property=\"article:publisher\" content=\"https:\/\/www.facebook.com\/gemeinsam.fuer.dernbach\/\" \/>\n\t\t<meta name=\"twitter:card\" content=\"summary_large_image\" \/>\n\t\t<meta name=\"twitter:title\" content=\"Offener und gelungener Austausch im Herbst - Gemeinsam f\u00fcr Dernbach\" \/>\n\t\t<meta name=\"twitter:description\" content=\"Heute fand eine offene Fraktionssitzung statt, zu der alle interessierte B\u00fcrgerinnen und B\u00fcrger eingeladen waren. Ziel des Treffens war es, transparent \u00fcber aktuelle Themen aus den gemeindlichen Gremien zu informieren, auf die kommende Gemeinderatssitzung vorzubereiten sowie Anregungen aus der B\u00fcrgerschaft aufzunehmen. Aktuelles aus den Gremien Wir schauten zun\u00e4chst auf die letzte Ratssitzung Mitte Juni zur\u00fcck.\" \/>\n\t\t<meta name=\"twitter:image\" content=\"https:\/\/gemeinsam-fuer-dernbach.de\/wp-content\/uploads\/2024\/12\/cropped-Button.png\" \/>\n\t\t<script type=\"application\/ld+json\" class=\"aioseo-schema\">\n\t\t\t{\"@context\":\"https:\\\/\\\/schema.org\",\"@graph\":[{\"@type\":\"BlogPosting\",\"@id\":\"https:\\\/\\\/gemeinsam-fuer-dernbach.de\\\/en\\\/offener-und-gelungener-austausch-im-herbst#blogposting\",\"name\":\"Offener und gelungener Austausch im Herbst - Gemeinsam f\\u00fcr Dernbach\",\"headline\":\"Offener und gelungener Austausch im Herbst\",\"author\":{\"@id\":\"https:\\\/\\\/gemeinsam-fuer-dernbach.de\\\/en\\\/author\\\/gfd_manuel#author\"},\"publisher\":{\"@id\":\"https:\\\/\\\/gemeinsam-fuer-dernbach.de\\\/en\\\/#organization\"},\"image\":{\"@type\":\"ImageObject\",\"url\":\"https:\\\/\\\/gemeinsam-fuer-dernbach.de\\\/wp-content\\\/uploads\\\/2025\\\/11\\\/IMG_2593.jpg\",\"width\":1535,\"height\":2048,\"caption\":\"Gruppenfoto Gemeinsam f\\u00fcr Dernbach im Rathaus nach der offenen Fraktionssitzung\"},\"datePublished\":\"2025-11-02T16:40:05+01:00\",\"dateModified\":\"2025-11-02T19:19:23+01:00\",\"inLanguage\":\"en-GB\",\"mainEntityOfPage\":{\"@id\":\"https:\\\/\\\/gemeinsam-fuer-dernbach.de\\\/en\\\/offener-und-gelungener-austausch-im-herbst#webpage\"},\"isPartOf\":{\"@id\":\"https:\\\/\\\/gemeinsam-fuer-dernbach.de\\\/en\\\/offener-und-gelungener-austausch-im-herbst#webpage\"},\"articleSection\":\"Dorfleben, Neues von uns, Beigeordnete, B\\u00fccherei, B\\u00fcrgerfr\\u00fchst\\u00fcck, Gemeinsam f\\u00fcr Dernbach, Glasfaser, Offene Fraktionssitzung\"},{\"@type\":\"BreadcrumbList\",\"@id\":\"https:\\\/\\\/gemeinsam-fuer-dernbach.de\\\/en\\\/offener-und-gelungener-austausch-im-herbst#breadcrumblist\",\"itemListElement\":[{\"@type\":\"ListItem\",\"@id\":\"https:\\\/\\\/gemeinsam-fuer-dernbach.de\\\/en#listItem\",\"position\":1,\"name\":\"Home\",\"item\":\"https:\\\/\\\/gemeinsam-fuer-dernbach.de\\\/en\",\"nextItem\":{\"@type\":\"ListItem\",\"@id\":\"https:\\\/\\\/gemeinsam-fuer-dernbach.de\\\/en\\\/category\\\/neues-von-uns#listItem\",\"name\":\"Neues von uns\"}},{\"@type\":\"ListItem\",\"@id\":\"https:\\\/\\\/gemeinsam-fuer-dernbach.de\\\/en\\\/category\\\/neues-von-uns#listItem\",\"position\":2,\"name\":\"Neues von uns\",\"item\":\"https:\\\/\\\/gemeinsam-fuer-dernbach.de\\\/en\\\/category\\\/neues-von-uns\",\"nextItem\":{\"@type\":\"ListItem\",\"@id\":\"https:\\\/\\\/gemeinsam-fuer-dernbach.de\\\/en\\\/offener-und-gelungener-austausch-im-herbst#listItem\",\"name\":\"Offener und gelungener Austausch im Herbst\"},\"previousItem\":{\"@type\":\"ListItem\",\"@id\":\"https:\\\/\\\/gemeinsam-fuer-dernbach.de\\\/en#listItem\",\"name\":\"Home\"}},{\"@type\":\"ListItem\",\"@id\":\"https:\\\/\\\/gemeinsam-fuer-dernbach.de\\\/en\\\/offener-und-gelungener-austausch-im-herbst#listItem\",\"position\":3,\"name\":\"Offener und gelungener Austausch im Herbst\",\"previousItem\":{\"@type\":\"ListItem\",\"@id\":\"https:\\\/\\\/gemeinsam-fuer-dernbach.de\\\/en\\\/category\\\/neues-von-uns#listItem\",\"name\":\"Neues von uns\"}}]},{\"@type\":\"Organization\",\"@id\":\"https:\\\/\\\/gemeinsam-fuer-dernbach.de\\\/en\\\/#organization\",\"name\":\"Gemeinsam f\\u00fcr Dernbach\",\"description\":\"Gemeinsam f\\u00fcr Dernbach - Website der W\\u00e4hlergruppe Jankowitsch\",\"url\":\"https:\\\/\\\/gemeinsam-fuer-dernbach.de\\\/en\\\/\",\"logo\":{\"@type\":\"ImageObject\",\"url\":\"https:\\\/\\\/gemeinsam-fuer-dernbach.de\\\/wp-content\\\/uploads\\\/2024\\\/12\\\/cropped-Button.png\",\"@id\":\"https:\\\/\\\/gemeinsam-fuer-dernbach.de\\\/en\\\/offener-und-gelungener-austausch-im-herbst\\\/#organizationLogo\",\"width\":512,\"height\":512,\"caption\":\"Gemeinsam f\\u00fcr Dernbach\"},\"image\":{\"@id\":\"https:\\\/\\\/gemeinsam-fuer-dernbach.de\\\/en\\\/offener-und-gelungener-austausch-im-herbst\\\/#organizationLogo\"},\"sameAs\":[\"https:\\\/\\\/www.facebook.com\\\/gemeinsam.fuer.dernbach\\\/\",\"https:\\\/\\\/www.instagram.com\\\/gemeinsam_fuer_dernbach\\\/\"]},{\"@type\":\"Person\",\"@id\":\"https:\\\/\\\/gemeinsam-fuer-dernbach.de\\\/en\\\/author\\\/gfd_manuel#author\",\"url\":\"https:\\\/\\\/gemeinsam-fuer-dernbach.de\\\/en\\\/author\\\/gfd_manuel\",\"name\":\"GfD_Manuel\"},{\"@type\":\"WebPage\",\"@id\":\"https:\\\/\\\/gemeinsam-fuer-dernbach.de\\\/en\\\/offener-und-gelungener-austausch-im-herbst#webpage\",\"url\":\"https:\\\/\\\/gemeinsam-fuer-dernbach.de\\\/en\\\/offener-und-gelungener-austausch-im-herbst\",\"name\":\"Offener und gelungener Austausch im Herbst - Gemeinsam f\\u00fcr Dernbach\",\"description\":\"Heute fand eine offene Fraktionssitzung statt, zu der alle interessierte B\\u00fcrgerinnen und B\\u00fcrger eingeladen waren. Ziel des Treffens war es, transparent \\u00fcber aktuelle Themen aus den gemeindlichen Gremien zu informieren, auf die kommende Gemeinderatssitzung vorzubereiten sowie Anregungen aus der B\\u00fcrgerschaft aufzunehmen. Aktuelles aus den Gremien Wir schauten zun\\u00e4chst auf die letzte Ratssitzung Mitte Juni zur\\u00fcck.\",\"inLanguage\":\"en-GB\",\"isPartOf\":{\"@id\":\"https:\\\/\\\/gemeinsam-fuer-dernbach.de\\\/en\\\/#website\"},\"breadcrumb\":{\"@id\":\"https:\\\/\\\/gemeinsam-fuer-dernbach.de\\\/en\\\/offener-und-gelungener-austausch-im-herbst#breadcrumblist\"},\"author\":{\"@id\":\"https:\\\/\\\/gemeinsam-fuer-dernbach.de\\\/en\\\/author\\\/gfd_manuel#author\"},\"creator\":{\"@id\":\"https:\\\/\\\/gemeinsam-fuer-dernbach.de\\\/en\\\/author\\\/gfd_manuel#author\"},\"image\":{\"@type\":\"ImageObject\",\"url\":\"https:\\\/\\\/gemeinsam-fuer-dernbach.de\\\/wp-content\\\/uploads\\\/2025\\\/11\\\/IMG_2593.jpg\",\"@id\":\"https:\\\/\\\/gemeinsam-fuer-dernbach.de\\\/en\\\/offener-und-gelungener-austausch-im-herbst\\\/#mainImage\",\"width\":1535,\"height\":2048,\"caption\":\"Gruppenfoto Gemeinsam f\\u00fcr Dernbach im Rathaus nach der offenen Fraktionssitzung\"},\"primaryImageOfPage\":{\"@id\":\"https:\\\/\\\/gemeinsam-fuer-dernbach.de\\\/en\\\/offener-und-gelungener-austausch-im-herbst#mainImage\"},\"datePublished\":\"2025-11-02T16:40:05+01:00\",\"dateModified\":\"2025-11-02T19:19:23+01:00\"},{\"@type\":\"WebSite\",\"@id\":\"https:\\\/\\\/gemeinsam-fuer-dernbach.de\\\/en\\\/#website\",\"url\":\"https:\\\/\\\/gemeinsam-fuer-dernbach.de\\\/en\\\/\",\"name\":\"Gemeinsam f\\u00fcr Dernbach\",\"description\":\"Gemeinsam f\\u00fcr Dernbach - Website der W\\u00e4hlergruppe Jankowitsch\",\"inLanguage\":\"en-GB\",\"publisher\":{\"@id\":\"https:\\\/\\\/gemeinsam-fuer-dernbach.de\\\/en\\\/#organization\"}}]}\n\t\t<\/script>\n\t\t<!-- All in One SEO -->\n\n","aioseo_head_json":{"title":"Offener und gelungener Austausch im Herbst - Gemeinsam f\u00fcr Dernbach","description":"Heute fand eine offene Fraktionssitzung statt, zu der alle interessierte B\u00fcrgerinnen und B\u00fcrger eingeladen waren. Ziel des Treffens war es, transparent \u00fcber aktuelle Themen aus den gemeindlichen Gremien zu informieren, auf die kommende Gemeinderatssitzung vorzubereiten sowie Anregungen aus der B\u00fcrgerschaft aufzunehmen. Aktuelles aus den Gremien Wir schauten zun\u00e4chst auf die letzte Ratssitzung Mitte Juni zur\u00fcck.","canonical_url":"https:\/\/gemeinsam-fuer-dernbach.de\/en\/offener-und-gelungener-austausch-im-herbst","robots":"max-image-preview:large","keywords":"","webmasterTools":{"miscellaneous":""},"schema":{"@context":"https:\/\/schema.org","@graph":[{"@type":"BlogPosting","@id":"https:\/\/gemeinsam-fuer-dernbach.de\/en\/offener-und-gelungener-austausch-im-herbst#blogposting","name":"Offener und gelungener Austausch im Herbst - Gemeinsam f\u00fcr Dernbach","headline":"Offener und gelungener Austausch im Herbst","author":{"@id":"https:\/\/gemeinsam-fuer-dernbach.de\/en\/author\/gfd_manuel#author"},"publisher":{"@id":"https:\/\/gemeinsam-fuer-dernbach.de\/en\/#organization"},"image":{"@type":"ImageObject","url":"https:\/\/gemeinsam-fuer-dernbach.de\/wp-content\/uploads\/2025\/11\/IMG_2593.jpg","width":1535,"height":2048,"caption":"Gruppenfoto Gemeinsam f\u00fcr Dernbach im Rathaus nach der offenen Fraktionssitzung"},"datePublished":"2025-11-02T16:40:05+01:00","dateModified":"2025-11-02T19:19:23+01:00","inLanguage":"en-GB","mainEntityOfPage":{"@id":"https:\/\/gemeinsam-fuer-dernbach.de\/en\/offener-und-gelungener-austausch-im-herbst#webpage"},"isPartOf":{"@id":"https:\/\/gemeinsam-fuer-dernbach.de\/en\/offener-und-gelungener-austausch-im-herbst#webpage"},"articleSection":"Dorfleben, Neues von uns, Beigeordnete, B\u00fccherei, B\u00fcrgerfr\u00fchst\u00fcck, Gemeinsam f\u00fcr Dernbach, Glasfaser, Offene Fraktionssitzung"},{"@type":"BreadcrumbList","@id":"https:\/\/gemeinsam-fuer-dernbach.de\/en\/offener-und-gelungener-austausch-im-herbst#breadcrumblist","itemListElement":[{"@type":"ListItem","@id":"https:\/\/gemeinsam-fuer-dernbach.de\/en#listItem","position":1,"name":"Home","item":"https:\/\/gemeinsam-fuer-dernbach.de\/en","nextItem":{"@type":"ListItem","@id":"https:\/\/gemeinsam-fuer-dernbach.de\/en\/category\/neues-von-uns#listItem","name":"Neues von uns"}},{"@type":"ListItem","@id":"https:\/\/gemeinsam-fuer-dernbach.de\/en\/category\/neues-von-uns#listItem","position":2,"name":"Neues von uns","item":"https:\/\/gemeinsam-fuer-dernbach.de\/en\/category\/neues-von-uns","nextItem":{"@type":"ListItem","@id":"https:\/\/gemeinsam-fuer-dernbach.de\/en\/offener-und-gelungener-austausch-im-herbst#listItem","name":"Offener und gelungener Austausch im Herbst"},"previousItem":{"@type":"ListItem","@id":"https:\/\/gemeinsam-fuer-dernbach.de\/en#listItem","name":"Home"}},{"@type":"ListItem","@id":"https:\/\/gemeinsam-fuer-dernbach.de\/en\/offener-und-gelungener-austausch-im-herbst#listItem","position":3,"name":"Offener und gelungener Austausch im Herbst","previousItem":{"@type":"ListItem","@id":"https:\/\/gemeinsam-fuer-dernbach.de\/en\/category\/neues-von-uns#listItem","name":"Neues von uns"}}]},{"@type":"Organization","@id":"https:\/\/gemeinsam-fuer-dernbach.de\/en\/#organization","name":"Gemeinsam f\u00fcr Dernbach","description":"Gemeinsam f\u00fcr Dernbach - Website der W\u00e4hlergruppe Jankowitsch","url":"https:\/\/gemeinsam-fuer-dernbach.de\/en\/","logo":{"@type":"ImageObject","url":"https:\/\/gemeinsam-fuer-dernbach.de\/wp-content\/uploads\/2024\/12\/cropped-Button.png","@id":"https:\/\/gemeinsam-fuer-dernbach.de\/en\/offener-und-gelungener-austausch-im-herbst\/#organizationLogo","width":512,"height":512,"caption":"Gemeinsam f\u00fcr Dernbach"},"image":{"@id":"https:\/\/gemeinsam-fuer-dernbach.de\/en\/offener-und-gelungener-austausch-im-herbst\/#organizationLogo"},"sameAs":["https:\/\/www.facebook.com\/gemeinsam.fuer.dernbach\/","https:\/\/www.instagram.com\/gemeinsam_fuer_dernbach\/"]},{"@type":"Person","@id":"https:\/\/gemeinsam-fuer-dernbach.de\/en\/author\/gfd_manuel#author","url":"https:\/\/gemeinsam-fuer-dernbach.de\/en\/author\/gfd_manuel","name":"GfD_Manuel"},{"@type":"WebPage","@id":"https:\/\/gemeinsam-fuer-dernbach.de\/en\/offener-und-gelungener-austausch-im-herbst#webpage","url":"https:\/\/gemeinsam-fuer-dernbach.de\/en\/offener-und-gelungener-austausch-im-herbst","name":"Offener und gelungener Austausch im Herbst - Gemeinsam f\u00fcr Dernbach","description":"Heute fand eine offene Fraktionssitzung statt, zu der alle interessierte B\u00fcrgerinnen und B\u00fcrger eingeladen waren. Ziel des Treffens war es, transparent \u00fcber aktuelle Themen aus den gemeindlichen Gremien zu informieren, auf die kommende Gemeinderatssitzung vorzubereiten sowie Anregungen aus der B\u00fcrgerschaft aufzunehmen. Aktuelles aus den Gremien Wir schauten zun\u00e4chst auf die letzte Ratssitzung Mitte Juni zur\u00fcck.","inLanguage":"en-GB","isPartOf":{"@id":"https:\/\/gemeinsam-fuer-dernbach.de\/en\/#website"},"breadcrumb":{"@id":"https:\/\/gemeinsam-fuer-dernbach.de\/en\/offener-und-gelungener-austausch-im-herbst#breadcrumblist"},"author":{"@id":"https:\/\/gemeinsam-fuer-dernbach.de\/en\/author\/gfd_manuel#author"},"creator":{"@id":"https:\/\/gemeinsam-fuer-dernbach.de\/en\/author\/gfd_manuel#author"},"image":{"@type":"ImageObject","url":"https:\/\/gemeinsam-fuer-dernbach.de\/wp-content\/uploads\/2025\/11\/IMG_2593.jpg","@id":"https:\/\/gemeinsam-fuer-dernbach.de\/en\/offener-und-gelungener-austausch-im-herbst\/#mainImage","width":1535,"height":2048,"caption":"Gruppenfoto Gemeinsam f\u00fcr Dernbach im Rathaus nach der offenen Fraktionssitzung"},"primaryImageOfPage":{"@id":"https:\/\/gemeinsam-fuer-dernbach.de\/en\/offener-und-gelungener-austausch-im-herbst#mainImage"},"datePublished":"2025-11-02T16:40:05+01:00","dateModified":"2025-11-02T19:19:23+01:00"},{"@type":"WebSite","@id":"https:\/\/gemeinsam-fuer-dernbach.de\/en\/#website","url":"https:\/\/gemeinsam-fuer-dernbach.de\/en\/","name":"Gemeinsam f\u00fcr Dernbach","description":"Gemeinsam f\u00fcr Dernbach - Website der W\u00e4hlergruppe Jankowitsch","inLanguage":"en-GB","publisher":{"@id":"https:\/\/gemeinsam-fuer-dernbach.de\/en\/#organization"}}]},"og:locale":"en_GB","og:site_name":"Gemeinsam f\u00fcr Dernbach - Gemeinsam f\u00fcr Dernbach - Website der W\u00e4hlergruppe Jankowitsch","og:type":"article","og:title":"Offener und gelungener Austausch im Herbst - Gemeinsam f\u00fcr Dernbach","og:description":"Heute fand eine offene Fraktionssitzung statt, zu der alle interessierte B\u00fcrgerinnen und B\u00fcrger eingeladen waren. Ziel des Treffens war es, transparent \u00fcber aktuelle Themen aus den gemeindlichen Gremien zu informieren, auf die kommende Gemeinderatssitzung vorzubereiten sowie Anregungen aus der B\u00fcrgerschaft aufzunehmen. Aktuelles aus den Gremien Wir schauten zun\u00e4chst auf die letzte Ratssitzung Mitte Juni zur\u00fcck.","og:url":"https:\/\/gemeinsam-fuer-dernbach.de\/en\/offener-und-gelungener-austausch-im-herbst","og:image":"https:\/\/gemeinsam-fuer-dernbach.de\/wp-content\/uploads\/2024\/12\/cropped-Button.png","og:image:secure_url":"https:\/\/gemeinsam-fuer-dernbach.de\/wp-content\/uploads\/2024\/12\/cropped-Button.png","og:image:width":512,"og:image:height":512,"article:published_time":"2025-11-02T15:40:05+00:00","article:modified_time":"2025-11-02T18:19:23+00:00","article:publisher":"https:\/\/www.facebook.com\/gemeinsam.fuer.dernbach\/","twitter:card":"summary_large_image","twitter:title":"Offener und gelungener Austausch im Herbst - Gemeinsam f\u00fcr Dernbach","twitter:description":"Heute fand eine offene Fraktionssitzung statt, zu der alle interessierte B\u00fcrgerinnen und B\u00fcrger eingeladen waren. Ziel des Treffens war es, transparent \u00fcber aktuelle Themen aus den gemeindlichen Gremien zu informieren, auf die kommende Gemeinderatssitzung vorzubereiten sowie Anregungen aus der B\u00fcrgerschaft aufzunehmen. Aktuelles aus den Gremien Wir schauten zun\u00e4chst auf die letzte Ratssitzung Mitte Juni zur\u00fcck.","twitter:image":"https:\/\/gemeinsam-fuer-dernbach.de\/wp-content\/uploads\/2024\/12\/cropped-Button.png"},"aioseo_meta_data":{"post_id":"1574","title":null,"description":null,"keywords":null,"keyphrases":{"focus":[],"additional":[]},"primary_term":null,"canonical_url":null,"og_title":null,"og_description":null,"og_object_type":"default","og_image_type":"default","og_image_url":null,"og_image_width":null,"og_image_height":null,"og_image_custom_url":null,"og_image_custom_fields":null,"og_video":"","og_custom_url":null,"og_article_section":null,"og_article_tags":null,"twitter_use_og":false,"twitter_card":"default","twitter_image_type":"default","twitter_image_url":null,"twitter_image_custom_url":null,"twitter_image_custom_fields":null,"twitter_title":null,"twitter_description":null,"schema":{"blockGraphs":[],"customGraphs":[],"default":{"data":{"Article":[],"Course":[],"Dataset":[],"FAQPage":[],"Movie":[],"Person":[],"Product":[],"ProductReview":[],"Car":[],"Recipe":[],"Service":[],"SoftwareApplication":[],"WebPage":[]},"graphName":"BlogPosting","isEnabled":true},"graphs":[]},"schema_type":"default","schema_type_options":null,"pillar_content":false,"robots_default":true,"robots_noindex":false,"robots_noarchive":false,"robots_nosnippet":false,"robots_nofollow":false,"robots_noimageindex":false,"robots_noodp":false,"robots_notranslate":false,"robots_max_snippet":"-1","robots_max_videopreview":"-1","robots_max_imagepreview":"large","priority":null,"frequency":"default","local_seo":null,"breadcrumb_settings":null,"limit_modified_date":false,"ai":{"faqs":[],"keyPoints":[],"titles":[],"descriptions":[],"socialPosts":{"email":[],"linkedin":[],"twitter":[],"facebook":[],"instagram":[]}},"created":"2025-11-02 15:40:06","updated":"2026-09-03 19:34:31","seo_analyzer_scan_date":null,"focus_keyword":null,"additional_keywords":null,"truseo_locale":null},"aioseo_breadcrumb":"<div class=\"aioseo-breadcrumbs\"><span class=\"aioseo-breadcrumb\">\n\t\t\t<a href=\"https:\/\/gemeinsam-fuer-dernbach.de\/en\" title=\"Home\">Home<\/a>\n\t\t<\/span><span class=\"aioseo-breadcrumb-separator\">&raquo;<\/span><span class=\"aioseo-breadcrumb\">\n\t\t\t<a href=\"https:\/\/gemeinsam-fuer-dernbach.de\/en\/category\/neues-von-uns\" title=\"Neues von uns\">Neues von uns<\/a>\n\t\t<\/span><span class=\"aioseo-breadcrumb-separator\">&raquo;<\/span><span class=\"aioseo-breadcrumb\">\n\t\t\tOffener und gelungener Austausch im Herbst\n\t\t<\/span><\/div>","aioseo_breadcrumb_json":[{"label":"Home","link":"https:\/\/gemeinsam-fuer-dernbach.de\/en"},{"label":"Neues von uns","link":"https:\/\/gemeinsam-fuer-dernbach.de\/en\/category\/neues-von-uns"},{"label":"Offener und gelungener Austausch im Herbst","link":"https:\/\/gemeinsam-fuer-dernbach.de\/en\/offener-und-gelungener-austausch-im-herbst"}],"_links":{"self":[{"href":"https:\/\/gemeinsam-fuer-dernbach.de\/en\/wp-json\/wp\/v2\/posts\/1574","targetHints":{"allow":["GET"]}}],"collection":[{"href":"https:\/\/gemeinsam-fuer-dernbach.de\/en\/wp-json\/wp\/v2\/posts"}],"about":[{"href":"https:\/\/gemeinsam-fuer-dernbach.de\/en\/wp-json\/wp\/v2\/types\/post"}],"author":[{"embeddable":true,"href":"https:\/\/gemeinsam-fuer-dernbach.de\/en\/wp-json\/wp\/v2\/users\/2"}],"replies":[{"embeddable":true,"href":"https:\/\/gemeinsam-fuer-dernbach.de\/en\/wp-json\/wp\/v2\/comments?post=1574"}],"version-history":[{"count":2,"href":"https:\/\/gemeinsam-fuer-dernbach.de\/en\/wp-json\/wp\/v2\/posts\/1574\/revisions"}],"predecessor-version":[{"id":1579,"href":"https:\/\/gemeinsam-fuer-dernbach.de\/en\/wp-json\/wp\/v2\/posts\/1574\/revisions\/1579"}],"wp:featuredmedia":[{"embeddable":true,"href":"https:\/\/gemeinsam-fuer-dernbach.de\/en\/wp-json\/wp\/v2\/media\/1575"}],"wp:attachment":[{"href":"https:\/\/gemeinsam-fuer-dernbach.de\/en\/wp-json\/wp\/v2\/media?parent=1574"}],"wp:term":[{"taxonomy":"category","embeddable":true,"href":"https:\/\/gemeinsam-fuer-dernbach.de\/en\/wp-json\/wp\/v2\/categories?post=1574"},{"taxonomy":"post_tag","embeddable":true,"href":"https:\/\/gemeinsam-fuer-dernbach.de\/en\/wp-json\/wp\/v2\/tags?post=1574"}],"curies":[{"name":"wp","href":"https:\/\/api.w.org\/{rel}","templated":true}]}}