{"id":1591,"date":"2025-12-16T21:56:35","date_gmt":"2025-12-16T20:56:35","guid":{"rendered":"https:\/\/gemeinsam-fuer-dernbach.de\/?p=1591"},"modified":"2025-12-16T22:18:10","modified_gmt":"2025-12-16T21:18:10","slug":"gemeinsam-freude-schenken-herzliche-weihnachtsgruesse","status":"publish","type":"post","link":"https:\/\/gemeinsam-fuer-dernbach.de\/en\/gemeinsam-freude-schenken-herzliche-weihnachtsgruesse","title":{"rendered":"Give joy together - hearty Christmas greetings"},"content":{"rendered":"<p class=\"wp-block-paragraph\">During the Advent period, \u2018Together for Dernbach\u2019 initiated a special action. Citizens, children, educators and teachers from kindergarten and primary school as well as the St. Josef and St. Agnes Association have made them a real community project with a lot of heart and commitment.<\/p>\n\n\n\n<p class=\"wp-block-paragraph\">Many people from Dernbach and the surrounding area have written loving Christmas cards for the residents of the senior citizens' centre. Individuals have even contributed up to ten cards, and here and there small gifts have been added that provide additional joy.<\/p>\n\n\n\n<p class=\"wp-block-paragraph\">We are particularly proud of the children's creative contributions: The pupils of the primary school and the children of the kindergarten in Dernbach have lovingly made Christmas decorations and cards that fill the senior centre with warmth \u2013 small hearts beat big!<\/p>\n\n\n\n<div class=\"wp-block-columns is-layout-flex wp-container-core-columns-is-layout-794e3cfa wp-block-columns-is-layout-flex\">\n<div class=\"wp-block-column is-layout-flow wp-block-column-is-layout-flow\">\n<figure class=\"wp-block-image size-large\"><img loading=\"lazy\" decoding=\"async\" width=\"1024\" height=\"932\" src=\"https:\/\/gemeinsam-fuer-dernbach.de\/wp-content\/uploads\/2025\/12\/Kindergarten-1024x932.jpeg\" alt=\"Handmade Christmas cards from the kindergarten for the Seniorenzentrum Dernbach\" class=\"wp-image-1594\" srcset=\"https:\/\/gemeinsam-fuer-dernbach.de\/wp-content\/uploads\/2025\/12\/Kindergarten-1024x932.jpeg 1024w, https:\/\/gemeinsam-fuer-dernbach.de\/wp-content\/uploads\/2025\/12\/Kindergarten-300x273.jpeg 300w, https:\/\/gemeinsam-fuer-dernbach.de\/wp-content\/uploads\/2025\/12\/Kindergarten-768x699.jpeg 768w, https:\/\/gemeinsam-fuer-dernbach.de\/wp-content\/uploads\/2025\/12\/Kindergarten-13x12.jpeg 13w, https:\/\/gemeinsam-fuer-dernbach.de\/wp-content\/uploads\/2025\/12\/Kindergarten.jpeg 1261w\" sizes=\"auto, (max-width: 1024px) 100vw, 1024px\" \/><figcaption class=\"wp-element-caption\">With a lot of creativity designed Christmas cards of the kindergarten children as part of the Christmas campaign by Together for Dernbach.<\/figcaption><\/figure>\n<\/div>\n\n\n\n<div class=\"wp-block-column is-layout-flow wp-block-column-is-layout-flow\">\n<figure class=\"wp-block-image size-large is-resized\"><img loading=\"lazy\" decoding=\"async\" width=\"846\" height=\"1024\" src=\"https:\/\/gemeinsam-fuer-dernbach.de\/wp-content\/uploads\/2025\/12\/Grundschule-1-846x1024.jpeg\" alt=\"Christmas bastions of elementary school children for the Seniorenzentrum in Dernbach\" class=\"wp-image-1595\" style=\"aspect-ratio:0.8261827224368313;width:356px;height:auto\" srcset=\"https:\/\/gemeinsam-fuer-dernbach.de\/wp-content\/uploads\/2025\/12\/Grundschule-1-846x1024.jpeg 846w, https:\/\/gemeinsam-fuer-dernbach.de\/wp-content\/uploads\/2025\/12\/Grundschule-1-248x300.jpeg 248w, https:\/\/gemeinsam-fuer-dernbach.de\/wp-content\/uploads\/2025\/12\/Grundschule-1-768x929.jpeg 768w, https:\/\/gemeinsam-fuer-dernbach.de\/wp-content\/uploads\/2025\/12\/Grundschule-1-1270x1536.jpeg 1270w, https:\/\/gemeinsam-fuer-dernbach.de\/wp-content\/uploads\/2025\/12\/Grundschule-1-10x12.jpeg 10w, https:\/\/gemeinsam-fuer-dernbach.de\/wp-content\/uploads\/2025\/12\/Grundschule-1.jpeg 1444w\" sizes=\"auto, (max-width: 846px) 100vw, 846px\" \/><figcaption class=\"wp-element-caption\">Lovingly designed Christmas bastions of the primary school children as part of the action of Together for Dernbach.<\/figcaption><\/figure>\n<\/div>\n<\/div>\n\n\n\n<p class=\"wp-block-paragraph\">The response from the senior citizens centre was consistently positive \u2013 the management of the home thanked them warmly for the beautiful action. It is wonderful to see how much warmth, compassion and sense of community is lived in our homeland.<\/p>\n\n\n\n<p class=\"wp-block-paragraph\">We thank everyone who took part in the action for their commitment and generosity. And, as we approach the end of the year, a big thank you to those who supported or supported us in 2025. <\/p>\n\n\n\n<p class=\"wp-block-paragraph\">Last but not least, we wish you, you and you a Merry Christmas full of joy, cozy hours in the circle of loved ones, relaxing holidays and a good start to a healthy, happy new year.<\/p>","protected":false},"excerpt":{"rendered":"<p>During the Advent period, \u2018Together for Dernbach\u2019 initiated a special action. Citizens, children from kindergarten and primary school as well as the St. Josef and St. Agnes Association have made them a real community project with a lot of heart and commitment.<\/p>","protected":false},"author":2,"featured_media":1592,"comment_status":"closed","ping_status":"open","sticky":false,"template":"","format":"standard","meta":{"_price":"","_stock":"","_tribe_ticket_header":"","_tribe_default_ticket_provider":"","_tribe_ticket_capacity":"","_ticket_start_date":"","_ticket_end_date":"","_tribe_ticket_show_description":"","_tribe_ticket_show_not_going":false,"_tribe_ticket_use_global_stock":"","_tribe_ticket_global_stock_level":"","_global_stock_mode":"","_global_stock_cap":"","_tribe_rsvp_for_event":"","_tribe_ticket_going_count":"","_tribe_ticket_not_going_count":"","_tribe_tickets_list":"[]","_tribe_ticket_has_attendee_info_fields":false,"_EventAllDay":false,"_EventTimezone":"","_EventStartDate":"","_EventEndDate":"","_EventStartDateUTC":"","_EventEndDateUTC":"","_EventShowMap":false,"_EventShowMapLink":false,"_EventURL":"","_EventCost":"","_EventCostDescription":"","_EventCurrencySymbol":"","_EventCurrencyCode":"","_EventCurrencyPosition":"","_EventDateTimeSeparator":"","_EventTimeRangeSeparator":"","_EventOrganizerID":[],"_EventVenueID":[],"_OrganizerEmail":"","_OrganizerPhone":"","_OrganizerWebsite":"","_VenueAddress":"","_VenueCity":"","_VenueCountry":"","_VenueProvince":"","_VenueState":"","_VenueZip":"","_VenuePhone":"","_VenueURL":"","_VenueStateProvince":"","_VenueLat":"","_VenueLng":"","_VenueShowMap":false,"_VenueShowMapLink":false,"footnotes":""},"categories":[35,9],"tags":[153,151,152],"class_list":["post-1591","post","type-post","status-publish","format-standard","has-post-thumbnail","hentry","category-dorfleben","category-neues-von-uns","tag-aktion","tag-seniorenzentrum","tag-weihnachten"],"aioseo_notices":[],"aioseo_head":"\n\t\t<!-- All in One SEO 5.0.1.1 - aioseo.com -->\n\t<meta name=\"description\" content=\"In der Adventszeit hat \u201eGemeinsam f\u00fcr Dernbach\u201c eine besondere Aktion initiiert. B\u00fcrgerinnen und B\u00fcrger, Kinder aus Kindergarten und Grundschule sowie der F\u00f6rderverein St. Josef und St. Agnes haben diese mit viel Herz und Einsatz zu einem echten Gemeinschaftsprojekt gemacht.\" \/>\n\t<meta name=\"robots\" content=\"max-image-preview:large\" \/>\n\t<meta name=\"author\" content=\"GfD_Manuel\"\/>\n\t<link rel=\"canonical\" href=\"https:\/\/gemeinsam-fuer-dernbach.de\/en\/gemeinsam-freude-schenken-herzliche-weihnachtsgruesse\" \/>\n\t<meta name=\"generator\" content=\"All in One SEO (AIOSEO) 5.0.1.1\" \/>\n\t\t<meta property=\"og:locale\" content=\"en_GB\" \/>\n\t\t<meta property=\"og:site_name\" content=\"Gemeinsam f\u00fcr Dernbach - Gemeinsam f\u00fcr Dernbach - Website der W\u00e4hlergruppe Jankowitsch\" \/>\n\t\t<meta property=\"og:type\" content=\"article\" \/>\n\t\t<meta property=\"og:title\" content=\"Gemeinsam Freude schenken \u2013 herzliche Weihnachtsgr\u00fc\u00dfe - Gemeinsam f\u00fcr Dernbach\" \/>\n\t\t<meta property=\"og:description\" content=\"In der Adventszeit hat \u201eGemeinsam f\u00fcr Dernbach\u201c eine besondere Aktion initiiert. B\u00fcrgerinnen und B\u00fcrger, Kinder aus Kindergarten und Grundschule sowie der F\u00f6rderverein St. Josef und St. Agnes haben diese mit viel Herz und Einsatz zu einem echten Gemeinschaftsprojekt gemacht.\" \/>\n\t\t<meta property=\"og:url\" content=\"https:\/\/gemeinsam-fuer-dernbach.de\/en\/gemeinsam-freude-schenken-herzliche-weihnachtsgruesse\" \/>\n\t\t<meta property=\"og:image\" content=\"https:\/\/gemeinsam-fuer-dernbach.de\/wp-content\/uploads\/2024\/12\/cropped-Button.png\" \/>\n\t\t<meta property=\"og:image:secure_url\" content=\"https:\/\/gemeinsam-fuer-dernbach.de\/wp-content\/uploads\/2024\/12\/cropped-Button.png\" \/>\n\t\t<meta property=\"og:image:width\" content=\"512\" \/>\n\t\t<meta property=\"og:image:height\" content=\"512\" \/>\n\t\t<meta property=\"article:published_time\" content=\"2025-12-16T20:56:35+00:00\" \/>\n\t\t<meta property=\"article:modified_time\" content=\"2025-12-16T21:18:10+00:00\" \/>\n\t\t<meta property=\"article:publisher\" content=\"https:\/\/www.facebook.com\/gemeinsam.fuer.dernbach\/\" \/>\n\t\t<meta name=\"twitter:card\" content=\"summary_large_image\" \/>\n\t\t<meta name=\"twitter:title\" content=\"Gemeinsam Freude schenken \u2013 herzliche Weihnachtsgr\u00fc\u00dfe - Gemeinsam f\u00fcr Dernbach\" \/>\n\t\t<meta name=\"twitter:description\" content=\"In der Adventszeit hat \u201eGemeinsam f\u00fcr Dernbach\u201c eine besondere Aktion initiiert. B\u00fcrgerinnen und B\u00fcrger, Kinder aus Kindergarten und Grundschule sowie der F\u00f6rderverein St. Josef und St. Agnes haben diese mit viel Herz und Einsatz zu einem echten Gemeinschaftsprojekt gemacht.\" \/>\n\t\t<meta name=\"twitter:image\" content=\"https:\/\/gemeinsam-fuer-dernbach.de\/wp-content\/uploads\/2024\/12\/cropped-Button.png\" \/>\n\t\t<script type=\"application\/ld+json\" class=\"aioseo-schema\">\n\t\t\t{\"@context\":\"https:\\\/\\\/schema.org\",\"@graph\":[{\"@type\":\"BlogPosting\",\"@id\":\"https:\\\/\\\/gemeinsam-fuer-dernbach.de\\\/en\\\/gemeinsam-freude-schenken-herzliche-weihnachtsgruesse#blogposting\",\"name\":\"Gemeinsam Freude schenken \\u2013 herzliche Weihnachtsgr\\u00fc\\u00dfe - Gemeinsam f\\u00fcr Dernbach\",\"headline\":\"Gemeinsam Freude schenken \\u2013 herzliche Weihnachtsgr\\u00fc\\u00dfe\",\"author\":{\"@id\":\"https:\\\/\\\/gemeinsam-fuer-dernbach.de\\\/en\\\/author\\\/gfd_manuel#author\"},\"publisher\":{\"@id\":\"https:\\\/\\\/gemeinsam-fuer-dernbach.de\\\/en\\\/#organization\"},\"image\":{\"@type\":\"ImageObject\",\"url\":\"https:\\\/\\\/gemeinsam-fuer-dernbach.de\\\/wp-content\\\/uploads\\\/2025\\\/12\\\/Uebergabe-Seniorenzentrum-e1765919176128.jpg\",\"width\":1536,\"height\":1700,\"caption\":\"Gemeinsam Freude schenken: Die \\u00dcbergabe der liebevoll gestalteten Weihnachtskarten und Basteleien an das Seniorenzentrum \\u2013 mit Heimleitung und dem Team von Gemeinsam f\\u00fcr Dernbach.\"},\"datePublished\":\"2025-12-16T21:56:35+01:00\",\"dateModified\":\"2025-12-16T22:18:10+01:00\",\"inLanguage\":\"en-GB\",\"mainEntityOfPage\":{\"@id\":\"https:\\\/\\\/gemeinsam-fuer-dernbach.de\\\/en\\\/gemeinsam-freude-schenken-herzliche-weihnachtsgruesse#webpage\"},\"isPartOf\":{\"@id\":\"https:\\\/\\\/gemeinsam-fuer-dernbach.de\\\/en\\\/gemeinsam-freude-schenken-herzliche-weihnachtsgruesse#webpage\"},\"articleSection\":\"Dorfleben, Neues von uns, Aktion, Seniorenzentrum, Weihnachten\"},{\"@type\":\"BreadcrumbList\",\"@id\":\"https:\\\/\\\/gemeinsam-fuer-dernbach.de\\\/en\\\/gemeinsam-freude-schenken-herzliche-weihnachtsgruesse#breadcrumblist\",\"itemListElement\":[{\"@type\":\"ListItem\",\"@id\":\"https:\\\/\\\/gemeinsam-fuer-dernbach.de\\\/en#listItem\",\"position\":1,\"name\":\"Home\",\"item\":\"https:\\\/\\\/gemeinsam-fuer-dernbach.de\\\/en\",\"nextItem\":{\"@type\":\"ListItem\",\"@id\":\"https:\\\/\\\/gemeinsam-fuer-dernbach.de\\\/en\\\/category\\\/neues-von-uns#listItem\",\"name\":\"Neues von uns\"}},{\"@type\":\"ListItem\",\"@id\":\"https:\\\/\\\/gemeinsam-fuer-dernbach.de\\\/en\\\/category\\\/neues-von-uns#listItem\",\"position\":2,\"name\":\"Neues von uns\",\"item\":\"https:\\\/\\\/gemeinsam-fuer-dernbach.de\\\/en\\\/category\\\/neues-von-uns\",\"nextItem\":{\"@type\":\"ListItem\",\"@id\":\"https:\\\/\\\/gemeinsam-fuer-dernbach.de\\\/en\\\/gemeinsam-freude-schenken-herzliche-weihnachtsgruesse#listItem\",\"name\":\"Gemeinsam Freude schenken \\u2013 herzliche Weihnachtsgr\\u00fc\\u00dfe\"},\"previousItem\":{\"@type\":\"ListItem\",\"@id\":\"https:\\\/\\\/gemeinsam-fuer-dernbach.de\\\/en#listItem\",\"name\":\"Home\"}},{\"@type\":\"ListItem\",\"@id\":\"https:\\\/\\\/gemeinsam-fuer-dernbach.de\\\/en\\\/gemeinsam-freude-schenken-herzliche-weihnachtsgruesse#listItem\",\"position\":3,\"name\":\"Gemeinsam Freude schenken \\u2013 herzliche Weihnachtsgr\\u00fc\\u00dfe\",\"previousItem\":{\"@type\":\"ListItem\",\"@id\":\"https:\\\/\\\/gemeinsam-fuer-dernbach.de\\\/en\\\/category\\\/neues-von-uns#listItem\",\"name\":\"Neues von uns\"}}]},{\"@type\":\"Organization\",\"@id\":\"https:\\\/\\\/gemeinsam-fuer-dernbach.de\\\/en\\\/#organization\",\"name\":\"Gemeinsam f\\u00fcr Dernbach\",\"description\":\"Gemeinsam f\\u00fcr Dernbach - Website der W\\u00e4hlergruppe Jankowitsch\",\"url\":\"https:\\\/\\\/gemeinsam-fuer-dernbach.de\\\/en\\\/\",\"logo\":{\"@type\":\"ImageObject\",\"url\":\"https:\\\/\\\/gemeinsam-fuer-dernbach.de\\\/wp-content\\\/uploads\\\/2024\\\/12\\\/cropped-Button.png\",\"@id\":\"https:\\\/\\\/gemeinsam-fuer-dernbach.de\\\/en\\\/gemeinsam-freude-schenken-herzliche-weihnachtsgruesse\\\/#organizationLogo\",\"width\":512,\"height\":512,\"caption\":\"Gemeinsam f\\u00fcr Dernbach\"},\"image\":{\"@id\":\"https:\\\/\\\/gemeinsam-fuer-dernbach.de\\\/en\\\/gemeinsam-freude-schenken-herzliche-weihnachtsgruesse\\\/#organizationLogo\"},\"sameAs\":[\"https:\\\/\\\/www.facebook.com\\\/gemeinsam.fuer.dernbach\\\/\",\"https:\\\/\\\/www.instagram.com\\\/gemeinsam_fuer_dernbach\\\/\"]},{\"@type\":\"Person\",\"@id\":\"https:\\\/\\\/gemeinsam-fuer-dernbach.de\\\/en\\\/author\\\/gfd_manuel#author\",\"url\":\"https:\\\/\\\/gemeinsam-fuer-dernbach.de\\\/en\\\/author\\\/gfd_manuel\",\"name\":\"GfD_Manuel\"},{\"@type\":\"WebPage\",\"@id\":\"https:\\\/\\\/gemeinsam-fuer-dernbach.de\\\/en\\\/gemeinsam-freude-schenken-herzliche-weihnachtsgruesse#webpage\",\"url\":\"https:\\\/\\\/gemeinsam-fuer-dernbach.de\\\/en\\\/gemeinsam-freude-schenken-herzliche-weihnachtsgruesse\",\"name\":\"Gemeinsam Freude schenken \\u2013 herzliche Weihnachtsgr\\u00fc\\u00dfe - Gemeinsam f\\u00fcr Dernbach\",\"description\":\"In der Adventszeit hat \\u201eGemeinsam f\\u00fcr Dernbach\\u201c eine besondere Aktion initiiert. B\\u00fcrgerinnen und B\\u00fcrger, Kinder aus Kindergarten und Grundschule sowie der F\\u00f6rderverein St. Josef und St. Agnes haben diese mit viel Herz und Einsatz zu einem echten Gemeinschaftsprojekt gemacht.\",\"inLanguage\":\"en-GB\",\"isPartOf\":{\"@id\":\"https:\\\/\\\/gemeinsam-fuer-dernbach.de\\\/en\\\/#website\"},\"breadcrumb\":{\"@id\":\"https:\\\/\\\/gemeinsam-fuer-dernbach.de\\\/en\\\/gemeinsam-freude-schenken-herzliche-weihnachtsgruesse#breadcrumblist\"},\"author\":{\"@id\":\"https:\\\/\\\/gemeinsam-fuer-dernbach.de\\\/en\\\/author\\\/gfd_manuel#author\"},\"creator\":{\"@id\":\"https:\\\/\\\/gemeinsam-fuer-dernbach.de\\\/en\\\/author\\\/gfd_manuel#author\"},\"image\":{\"@type\":\"ImageObject\",\"url\":\"https:\\\/\\\/gemeinsam-fuer-dernbach.de\\\/wp-content\\\/uploads\\\/2025\\\/12\\\/Uebergabe-Seniorenzentrum-e1765919176128.jpg\",\"@id\":\"https:\\\/\\\/gemeinsam-fuer-dernbach.de\\\/en\\\/gemeinsam-freude-schenken-herzliche-weihnachtsgruesse\\\/#mainImage\",\"width\":1536,\"height\":1700,\"caption\":\"Gemeinsam Freude schenken: Die \\u00dcbergabe der liebevoll gestalteten Weihnachtskarten und Basteleien an das Seniorenzentrum \\u2013 mit Heimleitung und dem Team von Gemeinsam f\\u00fcr Dernbach.\"},\"primaryImageOfPage\":{\"@id\":\"https:\\\/\\\/gemeinsam-fuer-dernbach.de\\\/en\\\/gemeinsam-freude-schenken-herzliche-weihnachtsgruesse#mainImage\"},\"datePublished\":\"2025-12-16T21:56:35+01:00\",\"dateModified\":\"2025-12-16T22:18:10+01:00\"},{\"@type\":\"WebSite\",\"@id\":\"https:\\\/\\\/gemeinsam-fuer-dernbach.de\\\/en\\\/#website\",\"url\":\"https:\\\/\\\/gemeinsam-fuer-dernbach.de\\\/en\\\/\",\"name\":\"Gemeinsam f\\u00fcr Dernbach\",\"description\":\"Gemeinsam f\\u00fcr Dernbach - Website der W\\u00e4hlergruppe Jankowitsch\",\"inLanguage\":\"en-GB\",\"publisher\":{\"@id\":\"https:\\\/\\\/gemeinsam-fuer-dernbach.de\\\/en\\\/#organization\"}}]}\n\t\t<\/script>\n\t\t<!-- All in One SEO -->\n\n","aioseo_head_json":{"title":"Gemeinsam Freude schenken \u2013 herzliche Weihnachtsgr\u00fc\u00dfe - Gemeinsam f\u00fcr Dernbach","description":"In der Adventszeit hat \u201eGemeinsam f\u00fcr Dernbach\u201c eine besondere Aktion initiiert. B\u00fcrgerinnen und B\u00fcrger, Kinder aus Kindergarten und Grundschule sowie der F\u00f6rderverein St. Josef und St. Agnes haben diese mit viel Herz und Einsatz zu einem echten Gemeinschaftsprojekt gemacht.","canonical_url":"https:\/\/gemeinsam-fuer-dernbach.de\/en\/gemeinsam-freude-schenken-herzliche-weihnachtsgruesse","robots":"max-image-preview:large","keywords":"","webmasterTools":{"miscellaneous":""},"schema":{"@context":"https:\/\/schema.org","@graph":[{"@type":"BlogPosting","@id":"https:\/\/gemeinsam-fuer-dernbach.de\/en\/gemeinsam-freude-schenken-herzliche-weihnachtsgruesse#blogposting","name":"Gemeinsam Freude schenken \u2013 herzliche Weihnachtsgr\u00fc\u00dfe - Gemeinsam f\u00fcr Dernbach","headline":"Gemeinsam Freude schenken \u2013 herzliche Weihnachtsgr\u00fc\u00dfe","author":{"@id":"https:\/\/gemeinsam-fuer-dernbach.de\/en\/author\/gfd_manuel#author"},"publisher":{"@id":"https:\/\/gemeinsam-fuer-dernbach.de\/en\/#organization"},"image":{"@type":"ImageObject","url":"https:\/\/gemeinsam-fuer-dernbach.de\/wp-content\/uploads\/2025\/12\/Uebergabe-Seniorenzentrum-e1765919176128.jpg","width":1536,"height":1700,"caption":"Gemeinsam Freude schenken: Die \u00dcbergabe der liebevoll gestalteten Weihnachtskarten und Basteleien an das Seniorenzentrum \u2013 mit Heimleitung und dem Team von Gemeinsam f\u00fcr Dernbach."},"datePublished":"2025-12-16T21:56:35+01:00","dateModified":"2025-12-16T22:18:10+01:00","inLanguage":"en-GB","mainEntityOfPage":{"@id":"https:\/\/gemeinsam-fuer-dernbach.de\/en\/gemeinsam-freude-schenken-herzliche-weihnachtsgruesse#webpage"},"isPartOf":{"@id":"https:\/\/gemeinsam-fuer-dernbach.de\/en\/gemeinsam-freude-schenken-herzliche-weihnachtsgruesse#webpage"},"articleSection":"Dorfleben, Neues von uns, Aktion, Seniorenzentrum, Weihnachten"},{"@type":"BreadcrumbList","@id":"https:\/\/gemeinsam-fuer-dernbach.de\/en\/gemeinsam-freude-schenken-herzliche-weihnachtsgruesse#breadcrumblist","itemListElement":[{"@type":"ListItem","@id":"https:\/\/gemeinsam-fuer-dernbach.de\/en#listItem","position":1,"name":"Home","item":"https:\/\/gemeinsam-fuer-dernbach.de\/en","nextItem":{"@type":"ListItem","@id":"https:\/\/gemeinsam-fuer-dernbach.de\/en\/category\/neues-von-uns#listItem","name":"Neues von uns"}},{"@type":"ListItem","@id":"https:\/\/gemeinsam-fuer-dernbach.de\/en\/category\/neues-von-uns#listItem","position":2,"name":"Neues von uns","item":"https:\/\/gemeinsam-fuer-dernbach.de\/en\/category\/neues-von-uns","nextItem":{"@type":"ListItem","@id":"https:\/\/gemeinsam-fuer-dernbach.de\/en\/gemeinsam-freude-schenken-herzliche-weihnachtsgruesse#listItem","name":"Gemeinsam Freude schenken \u2013 herzliche Weihnachtsgr\u00fc\u00dfe"},"previousItem":{"@type":"ListItem","@id":"https:\/\/gemeinsam-fuer-dernbach.de\/en#listItem","name":"Home"}},{"@type":"ListItem","@id":"https:\/\/gemeinsam-fuer-dernbach.de\/en\/gemeinsam-freude-schenken-herzliche-weihnachtsgruesse#listItem","position":3,"name":"Gemeinsam Freude schenken \u2013 herzliche Weihnachtsgr\u00fc\u00dfe","previousItem":{"@type":"ListItem","@id":"https:\/\/gemeinsam-fuer-dernbach.de\/en\/category\/neues-von-uns#listItem","name":"Neues von uns"}}]},{"@type":"Organization","@id":"https:\/\/gemeinsam-fuer-dernbach.de\/en\/#organization","name":"Gemeinsam f\u00fcr Dernbach","description":"Gemeinsam f\u00fcr Dernbach - Website der W\u00e4hlergruppe Jankowitsch","url":"https:\/\/gemeinsam-fuer-dernbach.de\/en\/","logo":{"@type":"ImageObject","url":"https:\/\/gemeinsam-fuer-dernbach.de\/wp-content\/uploads\/2024\/12\/cropped-Button.png","@id":"https:\/\/gemeinsam-fuer-dernbach.de\/en\/gemeinsam-freude-schenken-herzliche-weihnachtsgruesse\/#organizationLogo","width":512,"height":512,"caption":"Gemeinsam f\u00fcr Dernbach"},"image":{"@id":"https:\/\/gemeinsam-fuer-dernbach.de\/en\/gemeinsam-freude-schenken-herzliche-weihnachtsgruesse\/#organizationLogo"},"sameAs":["https:\/\/www.facebook.com\/gemeinsam.fuer.dernbach\/","https:\/\/www.instagram.com\/gemeinsam_fuer_dernbach\/"]},{"@type":"Person","@id":"https:\/\/gemeinsam-fuer-dernbach.de\/en\/author\/gfd_manuel#author","url":"https:\/\/gemeinsam-fuer-dernbach.de\/en\/author\/gfd_manuel","name":"GfD_Manuel"},{"@type":"WebPage","@id":"https:\/\/gemeinsam-fuer-dernbach.de\/en\/gemeinsam-freude-schenken-herzliche-weihnachtsgruesse#webpage","url":"https:\/\/gemeinsam-fuer-dernbach.de\/en\/gemeinsam-freude-schenken-herzliche-weihnachtsgruesse","name":"Gemeinsam Freude schenken \u2013 herzliche Weihnachtsgr\u00fc\u00dfe - Gemeinsam f\u00fcr Dernbach","description":"In der Adventszeit hat \u201eGemeinsam f\u00fcr Dernbach\u201c eine besondere Aktion initiiert. B\u00fcrgerinnen und B\u00fcrger, Kinder aus Kindergarten und Grundschule sowie der F\u00f6rderverein St. Josef und St. Agnes haben diese mit viel Herz und Einsatz zu einem echten Gemeinschaftsprojekt gemacht.","inLanguage":"en-GB","isPartOf":{"@id":"https:\/\/gemeinsam-fuer-dernbach.de\/en\/#website"},"breadcrumb":{"@id":"https:\/\/gemeinsam-fuer-dernbach.de\/en\/gemeinsam-freude-schenken-herzliche-weihnachtsgruesse#breadcrumblist"},"author":{"@id":"https:\/\/gemeinsam-fuer-dernbach.de\/en\/author\/gfd_manuel#author"},"creator":{"@id":"https:\/\/gemeinsam-fuer-dernbach.de\/en\/author\/gfd_manuel#author"},"image":{"@type":"ImageObject","url":"https:\/\/gemeinsam-fuer-dernbach.de\/wp-content\/uploads\/2025\/12\/Uebergabe-Seniorenzentrum-e1765919176128.jpg","@id":"https:\/\/gemeinsam-fuer-dernbach.de\/en\/gemeinsam-freude-schenken-herzliche-weihnachtsgruesse\/#mainImage","width":1536,"height":1700,"caption":"Gemeinsam Freude schenken: Die \u00dcbergabe der liebevoll gestalteten Weihnachtskarten und Basteleien an das Seniorenzentrum \u2013 mit Heimleitung und dem Team von Gemeinsam f\u00fcr Dernbach."},"primaryImageOfPage":{"@id":"https:\/\/gemeinsam-fuer-dernbach.de\/en\/gemeinsam-freude-schenken-herzliche-weihnachtsgruesse#mainImage"},"datePublished":"2025-12-16T21:56:35+01:00","dateModified":"2025-12-16T22:18:10+01:00"},{"@type":"WebSite","@id":"https:\/\/gemeinsam-fuer-dernbach.de\/en\/#website","url":"https:\/\/gemeinsam-fuer-dernbach.de\/en\/","name":"Gemeinsam f\u00fcr Dernbach","description":"Gemeinsam f\u00fcr Dernbach - Website der W\u00e4hlergruppe Jankowitsch","inLanguage":"en-GB","publisher":{"@id":"https:\/\/gemeinsam-fuer-dernbach.de\/en\/#organization"}}]},"og:locale":"en_GB","og:site_name":"Gemeinsam f\u00fcr Dernbach - Gemeinsam f\u00fcr Dernbach - Website der W\u00e4hlergruppe Jankowitsch","og:type":"article","og:title":"Gemeinsam Freude schenken \u2013 herzliche Weihnachtsgr\u00fc\u00dfe - Gemeinsam f\u00fcr Dernbach","og:description":"In der Adventszeit hat \u201eGemeinsam f\u00fcr Dernbach\u201c eine besondere Aktion initiiert. B\u00fcrgerinnen und B\u00fcrger, Kinder aus Kindergarten und Grundschule sowie der F\u00f6rderverein St. Josef und St. Agnes haben diese mit viel Herz und Einsatz zu einem echten Gemeinschaftsprojekt gemacht.","og:url":"https:\/\/gemeinsam-fuer-dernbach.de\/en\/gemeinsam-freude-schenken-herzliche-weihnachtsgruesse","og:image":"https:\/\/gemeinsam-fuer-dernbach.de\/wp-content\/uploads\/2024\/12\/cropped-Button.png","og:image:secure_url":"https:\/\/gemeinsam-fuer-dernbach.de\/wp-content\/uploads\/2024\/12\/cropped-Button.png","og:image:width":512,"og:image:height":512,"article:published_time":"2025-12-16T20:56:35+00:00","article:modified_time":"2025-12-16T21:18:10+00:00","article:publisher":"https:\/\/www.facebook.com\/gemeinsam.fuer.dernbach\/","twitter:card":"summary_large_image","twitter:title":"Gemeinsam Freude schenken \u2013 herzliche Weihnachtsgr\u00fc\u00dfe - Gemeinsam f\u00fcr Dernbach","twitter:description":"In der Adventszeit hat \u201eGemeinsam f\u00fcr Dernbach\u201c eine besondere Aktion initiiert. B\u00fcrgerinnen und B\u00fcrger, Kinder aus Kindergarten und Grundschule sowie der F\u00f6rderverein St. Josef und St. Agnes haben diese mit viel Herz und Einsatz zu einem echten Gemeinschaftsprojekt gemacht.","twitter:image":"https:\/\/gemeinsam-fuer-dernbach.de\/wp-content\/uploads\/2024\/12\/cropped-Button.png"},"aioseo_meta_data":{"post_id":"1591","title":null,"description":null,"keywords":null,"keyphrases":{"focus":[],"additional":[]},"primary_term":null,"canonical_url":null,"og_title":null,"og_description":null,"og_object_type":"default","og_image_type":"default","og_image_url":null,"og_image_width":null,"og_image_height":null,"og_image_custom_url":null,"og_image_custom_fields":null,"og_video":"","og_custom_url":null,"og_article_section":null,"og_article_tags":null,"twitter_use_og":false,"twitter_card":"default","twitter_image_type":"default","twitter_image_url":null,"twitter_image_custom_url":null,"twitter_image_custom_fields":null,"twitter_title":null,"twitter_description":null,"schema":{"blockGraphs":[],"customGraphs":[],"default":{"data":{"Article":[],"Course":[],"Dataset":[],"FAQPage":[],"Movie":[],"Person":[],"Product":[],"ProductReview":[],"Car":[],"Recipe":[],"Service":[],"SoftwareApplication":[],"WebPage":[]},"graphName":"BlogPosting","isEnabled":true},"graphs":[]},"schema_type":"default","schema_type_options":null,"pillar_content":false,"robots_default":true,"robots_noindex":false,"robots_noarchive":false,"robots_nosnippet":false,"robots_nofollow":false,"robots_noimageindex":false,"robots_noodp":false,"robots_notranslate":false,"robots_max_snippet":"-1","robots_max_videopreview":"-1","robots_max_imagepreview":"large","priority":null,"frequency":"default","local_seo":null,"breadcrumb_settings":null,"limit_modified_date":false,"ai":{"faqs":[],"keyPoints":[],"titles":[],"descriptions":[],"socialPosts":{"email":[],"linkedin":[],"twitter":[],"facebook":[],"instagram":[]}},"created":"2025-12-16 20:56:38","updated":"2026-09-03 19:34:31","seo_analyzer_scan_date":null,"focus_keyword":null,"additional_keywords":null,"truseo_locale":null},"aioseo_breadcrumb":"<div class=\"aioseo-breadcrumbs\"><span class=\"aioseo-breadcrumb\">\n\t\t\t<a href=\"https:\/\/gemeinsam-fuer-dernbach.de\/en\" title=\"Home\">Home<\/a>\n\t\t<\/span><span class=\"aioseo-breadcrumb-separator\">&raquo;<\/span><span class=\"aioseo-breadcrumb\">\n\t\t\t<a href=\"https:\/\/gemeinsam-fuer-dernbach.de\/en\/category\/neues-von-uns\" title=\"Neues von uns\">Neues von uns<\/a>\n\t\t<\/span><span class=\"aioseo-breadcrumb-separator\">&raquo;<\/span><span class=\"aioseo-breadcrumb\">\n\t\t\tGemeinsam Freude schenken \u2013 herzliche Weihnachtsgr\u00fc\u00dfe\n\t\t<\/span><\/div>","aioseo_breadcrumb_json":[{"label":"Home","link":"https:\/\/gemeinsam-fuer-dernbach.de\/en"},{"label":"Neues von uns","link":"https:\/\/gemeinsam-fuer-dernbach.de\/en\/category\/neues-von-uns"},{"label":"Gemeinsam Freude schenken \u2013 herzliche Weihnachtsgr\u00fc\u00dfe","link":"https:\/\/gemeinsam-fuer-dernbach.de\/en\/gemeinsam-freude-schenken-herzliche-weihnachtsgruesse"}],"_links":{"self":[{"href":"https:\/\/gemeinsam-fuer-dernbach.de\/en\/wp-json\/wp\/v2\/posts\/1591","targetHints":{"allow":["GET"]}}],"collection":[{"href":"https:\/\/gemeinsam-fuer-dernbach.de\/en\/wp-json\/wp\/v2\/posts"}],"about":[{"href":"https:\/\/gemeinsam-fuer-dernbach.de\/en\/wp-json\/wp\/v2\/types\/post"}],"author":[{"embeddable":true,"href":"https:\/\/gemeinsam-fuer-dernbach.de\/en\/wp-json\/wp\/v2\/users\/2"}],"replies":[{"embeddable":true,"href":"https:\/\/gemeinsam-fuer-dernbach.de\/en\/wp-json\/wp\/v2\/comments?post=1591"}],"version-history":[{"count":6,"href":"https:\/\/gemeinsam-fuer-dernbach.de\/en\/wp-json\/wp\/v2\/posts\/1591\/revisions"}],"predecessor-version":[{"id":1603,"href":"https:\/\/gemeinsam-fuer-dernbach.de\/en\/wp-json\/wp\/v2\/posts\/1591\/revisions\/1603"}],"wp:featuredmedia":[{"embeddable":true,"href":"https:\/\/gemeinsam-fuer-dernbach.de\/en\/wp-json\/wp\/v2\/media\/1592"}],"wp:attachment":[{"href":"https:\/\/gemeinsam-fuer-dernbach.de\/en\/wp-json\/wp\/v2\/media?parent=1591"}],"wp:term":[{"taxonomy":"category","embeddable":true,"href":"https:\/\/gemeinsam-fuer-dernbach.de\/en\/wp-json\/wp\/v2\/categories?post=1591"},{"taxonomy":"post_tag","embeddable":true,"href":"https:\/\/gemeinsam-fuer-dernbach.de\/en\/wp-json\/wp\/v2\/tags?post=1591"}],"curies":[{"name":"wp","href":"https:\/\/api.w.org\/{rel}","templated":true}]}}