{"id":325,"date":"2024-01-10T12:00:30","date_gmt":"2024-01-10T11:00:30","guid":{"rendered":"https:\/\/gemeinsam-fuer-dernbach.de\/?p=325"},"modified":"2025-03-07T20:12:16","modified_gmt":"2025-03-07T19:12:16","slug":"einladung-zur-aufstellungsversammlung-von-bewerbern-fuer-den-gemeinderat","status":"publish","type":"post","link":"https:\/\/gemeinsam-fuer-dernbach.de\/en\/einladung-zur-aufstellungsversammlung-von-bewerbern-fuer-den-gemeinderat","title":{"rendered":"Invitation to the assembly of candidates for the municipal council"},"content":{"rendered":"<p class=\"wp-block-paragraph\">Dear Dernbachers and Dernbachers!<\/p>\n\n\n\n<p class=\"wp-block-paragraph\">Because we care about our homeland and the interests of all Dernbach residents, we have \u2013 <strong>\"Together for Dernbach\"<\/strong> \u2013 brought us together as a politically independent group of voters. With our ideas, we want to participate in the political decision-making processes in the city and compete for the local elections in 2024.<\/p>\n\n\n\n<p class=\"wp-block-paragraph\">This requires an \u2018appointment meeting of candidates for the municipal council for the purpose of appointing candidates for the election of the municipal council in the municipality of Dernbach\u2019.<\/p>\n\n\n\n<p class=\"wp-block-paragraph\">Here we want to introduce ourselves to the citizens. At the same time, the members of the assembly are welcome to make themselves or other election proposals for the election of the municipal council.<\/p>\n\n\n\n<p class=\"wp-block-paragraph\">To this end, we invite all citizens of Dernbach to <strong>Wednesday, 24 January 2024 at 7 p.m. in the ballroom of the Luda restaurant,<\/strong> Main street 29, 56428 Dernbach.<\/p>\n\n\n\n<p class=\"wp-block-paragraph\">Provisional agenda<\/p>\n\n\n\n<ol class=\"wp-block-list\">\n<li>\u00a0Approval of the agenda<\/li>\n\n\n\n<li>Vote on multiple nominations of candidates on the electoral list<\/li>\n\n\n\n<li>Presentation of candidates<\/li>\n\n\n\n<li>pronunciation<\/li>\n\n\n\n<li>Appointment of a meeting leader<\/li>\n\n\n\n<li>Appointment of a secretary for this meeting<\/li>\n\n\n\n<li>Election of an Electoral Commission<\/li>\n\n\n\n<li>Appointment of two participants from the meeting who swear an oath instead of affirming that the candidates were selected by secret ballot and that the requirements of \u00a7 21(2) KWG have been taken into account<\/li>\n\n\n\n<li>Appointment of a representative and an alternate for the election proposal<\/li>\n\n\n\n<li>Election of candidates for the municipal council on 09.06.2024<\/li>\n\n\n\n<li>Nomination of a candidate for mayor<\/li>\n<\/ol>\n\n\n\n<p class=\"wp-block-paragraph\">The citizens of the municipality of Dernbach who are entitled to vote are cordially invited to do so.<\/p>\n\n\n\n<p class=\"wp-block-paragraph\">Dernbach, 4 January 2024<\/p>\n\n\n\n<p class=\"wp-block-paragraph\"><strong>TOGETHER FOR DERNBACH<\/strong><\/p>","protected":false},"excerpt":{"rendered":"<p>Dear Dernbachers! Because we care about our homeland and the interests of all Dernbach residents, we \u2013 together for Dernbach \u2013 have become a politically independent constituency [...]<\/p>","protected":false},"author":1,"featured_media":0,"comment_status":"closed","ping_status":"open","sticky":false,"template":"","format":"standard","meta":{"_price":"","_stock":"","_tribe_ticket_header":"","_tribe_default_ticket_provider":"","_tribe_ticket_capacity":"0","_ticket_start_date":"","_ticket_end_date":"","_tribe_ticket_show_description":"","_tribe_ticket_show_not_going":false,"_tribe_ticket_use_global_stock":"","_tribe_ticket_global_stock_level":"","_global_stock_mode":"","_global_stock_cap":"","_tribe_rsvp_for_event":"","_tribe_ticket_going_count":"","_tribe_ticket_not_going_count":"","_tribe_tickets_list":"[]","_tribe_ticket_has_attendee_info_fields":false,"_EventAllDay":false,"_EventTimezone":"","_EventStartDate":"","_EventEndDate":"","_EventStartDateUTC":"","_EventEndDateUTC":"","_EventShowMap":false,"_EventShowMapLink":false,"_EventURL":"","_EventCost":"","_EventCostDescription":"","_EventCurrencySymbol":"","_EventCurrencyCode":"","_EventCurrencyPosition":"","_EventDateTimeSeparator":"","_EventTimeRangeSeparator":"","_EventOrganizerID":[],"_EventVenueID":[],"_OrganizerEmail":"","_OrganizerPhone":"","_OrganizerWebsite":"","_VenueAddress":"","_VenueCity":"","_VenueCountry":"","_VenueProvince":"","_VenueState":"","_VenueZip":"","_VenuePhone":"","_VenueURL":"","_VenueStateProvince":"","_VenueLat":"","_VenueLng":"","_VenueShowMap":false,"_VenueShowMapLink":false,"footnotes":""},"categories":[13,11],"tags":[],"class_list":["post-325","post","type-post","status-publish","format-standard","hentry","category-ankuendigungen","category-veranstaltungen"],"aioseo_notices":[],"aioseo_head":"\n\t\t<!-- All in One SEO 5.0.1.1 - aioseo.com -->\n\t<meta name=\"description\" content=\"Liebe Dernbacherinnen und Dernbacher! Weil uns unsere Heimat und die Interessen aller Dernbacher Einwohner am Herzen liegen, haben wir - \u201eGemeinsam f\u00fcr Dernbach\u201c - uns zu einer politisch unabh\u00e4ngigen W\u00e4hlergruppe zusammengeschlossen. Mit unseren Ideen wollen wir uns an den politischen Entscheidungsabl\u00e4ufen im Ort beteiligen und zur Kommunalwahl 2024 antreten. Dazu bedarf es einer \u201eAufstellungsversammlung von\" \/>\n\t<meta name=\"robots\" content=\"max-image-preview:large\" \/>\n\t<meta name=\"author\" content=\"GfD_Admin\"\/>\n\t<link rel=\"canonical\" href=\"https:\/\/gemeinsam-fuer-dernbach.de\/en\/einladung-zur-aufstellungsversammlung-von-bewerbern-fuer-den-gemeinderat\" \/>\n\t<meta name=\"generator\" content=\"All in One SEO (AIOSEO) 5.0.1.1\" \/>\n\t\t<meta property=\"og:locale\" content=\"en_GB\" \/>\n\t\t<meta property=\"og:site_name\" content=\"Gemeinsam f\u00fcr Dernbach - Gemeinsam f\u00fcr Dernbach - Website der W\u00e4hlergruppe Jankowitsch\" \/>\n\t\t<meta property=\"og:type\" content=\"article\" \/>\n\t\t<meta property=\"og:title\" content=\"Einladung zur Aufstellungsversammlung von Bewerbern f\u00fcr den Gemeinderat - Gemeinsam f\u00fcr Dernbach\" \/>\n\t\t<meta property=\"og:description\" content=\"Liebe Dernbacherinnen und Dernbacher! Weil uns unsere Heimat und die Interessen aller Dernbacher Einwohner am Herzen liegen, haben wir - \u201eGemeinsam f\u00fcr Dernbach\u201c - uns zu einer politisch unabh\u00e4ngigen W\u00e4hlergruppe zusammengeschlossen. Mit unseren Ideen wollen wir uns an den politischen Entscheidungsabl\u00e4ufen im Ort beteiligen und zur Kommunalwahl 2024 antreten. Dazu bedarf es einer \u201eAufstellungsversammlung von\" \/>\n\t\t<meta property=\"og:url\" content=\"https:\/\/gemeinsam-fuer-dernbach.de\/en\/einladung-zur-aufstellungsversammlung-von-bewerbern-fuer-den-gemeinderat\" \/>\n\t\t<meta property=\"og:image\" content=\"https:\/\/gemeinsam-fuer-dernbach.de\/wp-content\/uploads\/2024\/12\/cropped-Button.png\" \/>\n\t\t<meta property=\"og:image:secure_url\" content=\"https:\/\/gemeinsam-fuer-dernbach.de\/wp-content\/uploads\/2024\/12\/cropped-Button.png\" \/>\n\t\t<meta property=\"og:image:width\" content=\"512\" \/>\n\t\t<meta property=\"og:image:height\" content=\"512\" \/>\n\t\t<meta property=\"article:published_time\" content=\"2024-01-10T11:00:30+00:00\" \/>\n\t\t<meta property=\"article:modified_time\" content=\"2025-03-07T19:12:16+00:00\" \/>\n\t\t<meta property=\"article:publisher\" content=\"https:\/\/www.facebook.com\/gemeinsam.fuer.dernbach\/\" \/>\n\t\t<meta name=\"twitter:card\" content=\"summary_large_image\" \/>\n\t\t<meta name=\"twitter:title\" content=\"Einladung zur Aufstellungsversammlung von Bewerbern f\u00fcr den Gemeinderat - Gemeinsam f\u00fcr Dernbach\" \/>\n\t\t<meta name=\"twitter:description\" content=\"Liebe Dernbacherinnen und Dernbacher! Weil uns unsere Heimat und die Interessen aller Dernbacher Einwohner am Herzen liegen, haben wir - \u201eGemeinsam f\u00fcr Dernbach\u201c - uns zu einer politisch unabh\u00e4ngigen W\u00e4hlergruppe zusammengeschlossen. Mit unseren Ideen wollen wir uns an den politischen Entscheidungsabl\u00e4ufen im Ort beteiligen und zur Kommunalwahl 2024 antreten. Dazu bedarf es einer \u201eAufstellungsversammlung von\" \/>\n\t\t<meta name=\"twitter:image\" content=\"https:\/\/gemeinsam-fuer-dernbach.de\/wp-content\/uploads\/2024\/12\/cropped-Button.png\" \/>\n\t\t<script type=\"application\/ld+json\" class=\"aioseo-schema\">\n\t\t\t{\"@context\":\"https:\\\/\\\/schema.org\",\"@graph\":[{\"@type\":\"BlogPosting\",\"@id\":\"https:\\\/\\\/gemeinsam-fuer-dernbach.de\\\/en\\\/einladung-zur-aufstellungsversammlung-von-bewerbern-fuer-den-gemeinderat#blogposting\",\"name\":\"Einladung zur Aufstellungsversammlung von Bewerbern f\\u00fcr den Gemeinderat - Gemeinsam f\\u00fcr Dernbach\",\"headline\":\"Einladung zur Aufstellungsversammlung von Bewerbern f\\u00fcr den Gemeinderat\",\"author\":{\"@id\":\"https:\\\/\\\/gemeinsam-fuer-dernbach.de\\\/en\\\/author\\\/gfd_admin#author\"},\"publisher\":{\"@id\":\"https:\\\/\\\/gemeinsam-fuer-dernbach.de\\\/en\\\/#organization\"},\"image\":{\"@type\":\"ImageObject\",\"url\":\"https:\\\/\\\/gemeinsam-fuer-dernbach.de\\\/wp-content\\\/uploads\\\/2024\\\/12\\\/cropped-Button.png\",\"@id\":\"https:\\\/\\\/gemeinsam-fuer-dernbach.de\\\/en\\\/#articleImage\",\"width\":512,\"height\":512,\"caption\":\"Gemeinsam f\\u00fcr Dernbach\"},\"datePublished\":\"2024-01-10T12:00:30+01:00\",\"dateModified\":\"2025-03-07T20:12:16+01:00\",\"inLanguage\":\"en-GB\",\"mainEntityOfPage\":{\"@id\":\"https:\\\/\\\/gemeinsam-fuer-dernbach.de\\\/en\\\/einladung-zur-aufstellungsversammlung-von-bewerbern-fuer-den-gemeinderat#webpage\"},\"isPartOf\":{\"@id\":\"https:\\\/\\\/gemeinsam-fuer-dernbach.de\\\/en\\\/einladung-zur-aufstellungsversammlung-von-bewerbern-fuer-den-gemeinderat#webpage\"},\"articleSection\":\"Ank\\u00fcndigungen, Veranstaltungen\"},{\"@type\":\"BreadcrumbList\",\"@id\":\"https:\\\/\\\/gemeinsam-fuer-dernbach.de\\\/en\\\/einladung-zur-aufstellungsversammlung-von-bewerbern-fuer-den-gemeinderat#breadcrumblist\",\"itemListElement\":[{\"@type\":\"ListItem\",\"@id\":\"https:\\\/\\\/gemeinsam-fuer-dernbach.de\\\/en#listItem\",\"position\":1,\"name\":\"Home\",\"item\":\"https:\\\/\\\/gemeinsam-fuer-dernbach.de\\\/en\",\"nextItem\":{\"@type\":\"ListItem\",\"@id\":\"https:\\\/\\\/gemeinsam-fuer-dernbach.de\\\/en\\\/category\\\/veranstaltungen#listItem\",\"name\":\"Veranstaltungen\"}},{\"@type\":\"ListItem\",\"@id\":\"https:\\\/\\\/gemeinsam-fuer-dernbach.de\\\/en\\\/category\\\/veranstaltungen#listItem\",\"position\":2,\"name\":\"Veranstaltungen\",\"item\":\"https:\\\/\\\/gemeinsam-fuer-dernbach.de\\\/en\\\/category\\\/veranstaltungen\",\"nextItem\":{\"@type\":\"ListItem\",\"@id\":\"https:\\\/\\\/gemeinsam-fuer-dernbach.de\\\/en\\\/einladung-zur-aufstellungsversammlung-von-bewerbern-fuer-den-gemeinderat#listItem\",\"name\":\"Einladung zur Aufstellungsversammlung von Bewerbern f\\u00fcr den Gemeinderat\"},\"previousItem\":{\"@type\":\"ListItem\",\"@id\":\"https:\\\/\\\/gemeinsam-fuer-dernbach.de\\\/en#listItem\",\"name\":\"Home\"}},{\"@type\":\"ListItem\",\"@id\":\"https:\\\/\\\/gemeinsam-fuer-dernbach.de\\\/en\\\/einladung-zur-aufstellungsversammlung-von-bewerbern-fuer-den-gemeinderat#listItem\",\"position\":3,\"name\":\"Einladung zur Aufstellungsversammlung von Bewerbern f\\u00fcr den Gemeinderat\",\"previousItem\":{\"@type\":\"ListItem\",\"@id\":\"https:\\\/\\\/gemeinsam-fuer-dernbach.de\\\/en\\\/category\\\/veranstaltungen#listItem\",\"name\":\"Veranstaltungen\"}}]},{\"@type\":\"Organization\",\"@id\":\"https:\\\/\\\/gemeinsam-fuer-dernbach.de\\\/en\\\/#organization\",\"name\":\"Gemeinsam f\\u00fcr Dernbach\",\"description\":\"Gemeinsam f\\u00fcr Dernbach - Website der W\\u00e4hlergruppe Jankowitsch\",\"url\":\"https:\\\/\\\/gemeinsam-fuer-dernbach.de\\\/en\\\/\",\"logo\":{\"@type\":\"ImageObject\",\"url\":\"https:\\\/\\\/gemeinsam-fuer-dernbach.de\\\/wp-content\\\/uploads\\\/2024\\\/12\\\/cropped-Button.png\",\"@id\":\"https:\\\/\\\/gemeinsam-fuer-dernbach.de\\\/en\\\/einladung-zur-aufstellungsversammlung-von-bewerbern-fuer-den-gemeinderat\\\/#organizationLogo\",\"width\":512,\"height\":512,\"caption\":\"Gemeinsam f\\u00fcr Dernbach\"},\"image\":{\"@id\":\"https:\\\/\\\/gemeinsam-fuer-dernbach.de\\\/en\\\/einladung-zur-aufstellungsversammlung-von-bewerbern-fuer-den-gemeinderat\\\/#organizationLogo\"},\"sameAs\":[\"https:\\\/\\\/www.facebook.com\\\/gemeinsam.fuer.dernbach\\\/\",\"https:\\\/\\\/www.instagram.com\\\/gemeinsam_fuer_dernbach\\\/\"]},{\"@type\":\"Person\",\"@id\":\"https:\\\/\\\/gemeinsam-fuer-dernbach.de\\\/en\\\/author\\\/gfd_admin#author\",\"url\":\"https:\\\/\\\/gemeinsam-fuer-dernbach.de\\\/en\\\/author\\\/gfd_admin\",\"name\":\"GfD_Admin\"},{\"@type\":\"WebPage\",\"@id\":\"https:\\\/\\\/gemeinsam-fuer-dernbach.de\\\/en\\\/einladung-zur-aufstellungsversammlung-von-bewerbern-fuer-den-gemeinderat#webpage\",\"url\":\"https:\\\/\\\/gemeinsam-fuer-dernbach.de\\\/en\\\/einladung-zur-aufstellungsversammlung-von-bewerbern-fuer-den-gemeinderat\",\"name\":\"Einladung zur Aufstellungsversammlung von Bewerbern f\\u00fcr den Gemeinderat - Gemeinsam f\\u00fcr Dernbach\",\"description\":\"Liebe Dernbacherinnen und Dernbacher! Weil uns unsere Heimat und die Interessen aller Dernbacher Einwohner am Herzen liegen, haben wir - \\u201eGemeinsam f\\u00fcr Dernbach\\u201c - uns zu einer politisch unabh\\u00e4ngigen W\\u00e4hlergruppe zusammengeschlossen. Mit unseren Ideen wollen wir uns an den politischen Entscheidungsabl\\u00e4ufen im Ort beteiligen und zur Kommunalwahl 2024 antreten. Dazu bedarf es einer \\u201eAufstellungsversammlung von\",\"inLanguage\":\"en-GB\",\"isPartOf\":{\"@id\":\"https:\\\/\\\/gemeinsam-fuer-dernbach.de\\\/en\\\/#website\"},\"breadcrumb\":{\"@id\":\"https:\\\/\\\/gemeinsam-fuer-dernbach.de\\\/en\\\/einladung-zur-aufstellungsversammlung-von-bewerbern-fuer-den-gemeinderat#breadcrumblist\"},\"author\":{\"@id\":\"https:\\\/\\\/gemeinsam-fuer-dernbach.de\\\/en\\\/author\\\/gfd_admin#author\"},\"creator\":{\"@id\":\"https:\\\/\\\/gemeinsam-fuer-dernbach.de\\\/en\\\/author\\\/gfd_admin#author\"},\"datePublished\":\"2024-01-10T12:00:30+01:00\",\"dateModified\":\"2025-03-07T20:12:16+01:00\"},{\"@type\":\"WebSite\",\"@id\":\"https:\\\/\\\/gemeinsam-fuer-dernbach.de\\\/en\\\/#website\",\"url\":\"https:\\\/\\\/gemeinsam-fuer-dernbach.de\\\/en\\\/\",\"name\":\"Gemeinsam f\\u00fcr Dernbach\",\"description\":\"Gemeinsam f\\u00fcr Dernbach - Website der W\\u00e4hlergruppe Jankowitsch\",\"inLanguage\":\"en-GB\",\"publisher\":{\"@id\":\"https:\\\/\\\/gemeinsam-fuer-dernbach.de\\\/en\\\/#organization\"}}]}\n\t\t<\/script>\n\t\t<!-- All in One SEO -->\n\n","aioseo_head_json":{"title":"Einladung zur Aufstellungsversammlung von Bewerbern f\u00fcr den Gemeinderat - Gemeinsam f\u00fcr Dernbach","description":"Liebe Dernbacherinnen und Dernbacher! Weil uns unsere Heimat und die Interessen aller Dernbacher Einwohner am Herzen liegen, haben wir - \u201eGemeinsam f\u00fcr Dernbach\u201c - uns zu einer politisch unabh\u00e4ngigen W\u00e4hlergruppe zusammengeschlossen. Mit unseren Ideen wollen wir uns an den politischen Entscheidungsabl\u00e4ufen im Ort beteiligen und zur Kommunalwahl 2024 antreten. Dazu bedarf es einer \u201eAufstellungsversammlung von","canonical_url":"https:\/\/gemeinsam-fuer-dernbach.de\/en\/einladung-zur-aufstellungsversammlung-von-bewerbern-fuer-den-gemeinderat","robots":"max-image-preview:large","keywords":"","webmasterTools":{"miscellaneous":""},"schema":{"@context":"https:\/\/schema.org","@graph":[{"@type":"BlogPosting","@id":"https:\/\/gemeinsam-fuer-dernbach.de\/en\/einladung-zur-aufstellungsversammlung-von-bewerbern-fuer-den-gemeinderat#blogposting","name":"Einladung zur Aufstellungsversammlung von Bewerbern f\u00fcr den Gemeinderat - Gemeinsam f\u00fcr Dernbach","headline":"Einladung zur Aufstellungsversammlung von Bewerbern f\u00fcr den Gemeinderat","author":{"@id":"https:\/\/gemeinsam-fuer-dernbach.de\/en\/author\/gfd_admin#author"},"publisher":{"@id":"https:\/\/gemeinsam-fuer-dernbach.de\/en\/#organization"},"image":{"@type":"ImageObject","url":"https:\/\/gemeinsam-fuer-dernbach.de\/wp-content\/uploads\/2024\/12\/cropped-Button.png","@id":"https:\/\/gemeinsam-fuer-dernbach.de\/en\/#articleImage","width":512,"height":512,"caption":"Gemeinsam f\u00fcr Dernbach"},"datePublished":"2024-01-10T12:00:30+01:00","dateModified":"2025-03-07T20:12:16+01:00","inLanguage":"en-GB","mainEntityOfPage":{"@id":"https:\/\/gemeinsam-fuer-dernbach.de\/en\/einladung-zur-aufstellungsversammlung-von-bewerbern-fuer-den-gemeinderat#webpage"},"isPartOf":{"@id":"https:\/\/gemeinsam-fuer-dernbach.de\/en\/einladung-zur-aufstellungsversammlung-von-bewerbern-fuer-den-gemeinderat#webpage"},"articleSection":"Ank\u00fcndigungen, Veranstaltungen"},{"@type":"BreadcrumbList","@id":"https:\/\/gemeinsam-fuer-dernbach.de\/en\/einladung-zur-aufstellungsversammlung-von-bewerbern-fuer-den-gemeinderat#breadcrumblist","itemListElement":[{"@type":"ListItem","@id":"https:\/\/gemeinsam-fuer-dernbach.de\/en#listItem","position":1,"name":"Home","item":"https:\/\/gemeinsam-fuer-dernbach.de\/en","nextItem":{"@type":"ListItem","@id":"https:\/\/gemeinsam-fuer-dernbach.de\/en\/category\/veranstaltungen#listItem","name":"Veranstaltungen"}},{"@type":"ListItem","@id":"https:\/\/gemeinsam-fuer-dernbach.de\/en\/category\/veranstaltungen#listItem","position":2,"name":"Veranstaltungen","item":"https:\/\/gemeinsam-fuer-dernbach.de\/en\/category\/veranstaltungen","nextItem":{"@type":"ListItem","@id":"https:\/\/gemeinsam-fuer-dernbach.de\/en\/einladung-zur-aufstellungsversammlung-von-bewerbern-fuer-den-gemeinderat#listItem","name":"Einladung zur Aufstellungsversammlung von Bewerbern f\u00fcr den Gemeinderat"},"previousItem":{"@type":"ListItem","@id":"https:\/\/gemeinsam-fuer-dernbach.de\/en#listItem","name":"Home"}},{"@type":"ListItem","@id":"https:\/\/gemeinsam-fuer-dernbach.de\/en\/einladung-zur-aufstellungsversammlung-von-bewerbern-fuer-den-gemeinderat#listItem","position":3,"name":"Einladung zur Aufstellungsversammlung von Bewerbern f\u00fcr den Gemeinderat","previousItem":{"@type":"ListItem","@id":"https:\/\/gemeinsam-fuer-dernbach.de\/en\/category\/veranstaltungen#listItem","name":"Veranstaltungen"}}]},{"@type":"Organization","@id":"https:\/\/gemeinsam-fuer-dernbach.de\/en\/#organization","name":"Gemeinsam f\u00fcr Dernbach","description":"Gemeinsam f\u00fcr Dernbach - Website der W\u00e4hlergruppe Jankowitsch","url":"https:\/\/gemeinsam-fuer-dernbach.de\/en\/","logo":{"@type":"ImageObject","url":"https:\/\/gemeinsam-fuer-dernbach.de\/wp-content\/uploads\/2024\/12\/cropped-Button.png","@id":"https:\/\/gemeinsam-fuer-dernbach.de\/en\/einladung-zur-aufstellungsversammlung-von-bewerbern-fuer-den-gemeinderat\/#organizationLogo","width":512,"height":512,"caption":"Gemeinsam f\u00fcr Dernbach"},"image":{"@id":"https:\/\/gemeinsam-fuer-dernbach.de\/en\/einladung-zur-aufstellungsversammlung-von-bewerbern-fuer-den-gemeinderat\/#organizationLogo"},"sameAs":["https:\/\/www.facebook.com\/gemeinsam.fuer.dernbach\/","https:\/\/www.instagram.com\/gemeinsam_fuer_dernbach\/"]},{"@type":"Person","@id":"https:\/\/gemeinsam-fuer-dernbach.de\/en\/author\/gfd_admin#author","url":"https:\/\/gemeinsam-fuer-dernbach.de\/en\/author\/gfd_admin","name":"GfD_Admin"},{"@type":"WebPage","@id":"https:\/\/gemeinsam-fuer-dernbach.de\/en\/einladung-zur-aufstellungsversammlung-von-bewerbern-fuer-den-gemeinderat#webpage","url":"https:\/\/gemeinsam-fuer-dernbach.de\/en\/einladung-zur-aufstellungsversammlung-von-bewerbern-fuer-den-gemeinderat","name":"Einladung zur Aufstellungsversammlung von Bewerbern f\u00fcr den Gemeinderat - Gemeinsam f\u00fcr Dernbach","description":"Liebe Dernbacherinnen und Dernbacher! Weil uns unsere Heimat und die Interessen aller Dernbacher Einwohner am Herzen liegen, haben wir - \u201eGemeinsam f\u00fcr Dernbach\u201c - uns zu einer politisch unabh\u00e4ngigen W\u00e4hlergruppe zusammengeschlossen. Mit unseren Ideen wollen wir uns an den politischen Entscheidungsabl\u00e4ufen im Ort beteiligen und zur Kommunalwahl 2024 antreten. Dazu bedarf es einer \u201eAufstellungsversammlung von","inLanguage":"en-GB","isPartOf":{"@id":"https:\/\/gemeinsam-fuer-dernbach.de\/en\/#website"},"breadcrumb":{"@id":"https:\/\/gemeinsam-fuer-dernbach.de\/en\/einladung-zur-aufstellungsversammlung-von-bewerbern-fuer-den-gemeinderat#breadcrumblist"},"author":{"@id":"https:\/\/gemeinsam-fuer-dernbach.de\/en\/author\/gfd_admin#author"},"creator":{"@id":"https:\/\/gemeinsam-fuer-dernbach.de\/en\/author\/gfd_admin#author"},"datePublished":"2024-01-10T12:00:30+01:00","dateModified":"2025-03-07T20:12:16+01:00"},{"@type":"WebSite","@id":"https:\/\/gemeinsam-fuer-dernbach.de\/en\/#website","url":"https:\/\/gemeinsam-fuer-dernbach.de\/en\/","name":"Gemeinsam f\u00fcr Dernbach","description":"Gemeinsam f\u00fcr Dernbach - Website der W\u00e4hlergruppe Jankowitsch","inLanguage":"en-GB","publisher":{"@id":"https:\/\/gemeinsam-fuer-dernbach.de\/en\/#organization"}}]},"og:locale":"en_GB","og:site_name":"Gemeinsam f\u00fcr Dernbach - Gemeinsam f\u00fcr Dernbach - Website der W\u00e4hlergruppe Jankowitsch","og:type":"article","og:title":"Einladung zur Aufstellungsversammlung von Bewerbern f\u00fcr den Gemeinderat - Gemeinsam f\u00fcr Dernbach","og:description":"Liebe Dernbacherinnen und Dernbacher! Weil uns unsere Heimat und die Interessen aller Dernbacher Einwohner am Herzen liegen, haben wir - \u201eGemeinsam f\u00fcr Dernbach\u201c - uns zu einer politisch unabh\u00e4ngigen W\u00e4hlergruppe zusammengeschlossen. Mit unseren Ideen wollen wir uns an den politischen Entscheidungsabl\u00e4ufen im Ort beteiligen und zur Kommunalwahl 2024 antreten. Dazu bedarf es einer \u201eAufstellungsversammlung von","og:url":"https:\/\/gemeinsam-fuer-dernbach.de\/en\/einladung-zur-aufstellungsversammlung-von-bewerbern-fuer-den-gemeinderat","og:image":"https:\/\/gemeinsam-fuer-dernbach.de\/wp-content\/uploads\/2024\/12\/cropped-Button.png","og:image:secure_url":"https:\/\/gemeinsam-fuer-dernbach.de\/wp-content\/uploads\/2024\/12\/cropped-Button.png","og:image:width":512,"og:image:height":512,"article:published_time":"2024-01-10T11:00:30+00:00","article:modified_time":"2025-03-07T19:12:16+00:00","article:publisher":"https:\/\/www.facebook.com\/gemeinsam.fuer.dernbach\/","twitter:card":"summary_large_image","twitter:title":"Einladung zur Aufstellungsversammlung von Bewerbern f\u00fcr den Gemeinderat - Gemeinsam f\u00fcr Dernbach","twitter:description":"Liebe Dernbacherinnen und Dernbacher! Weil uns unsere Heimat und die Interessen aller Dernbacher Einwohner am Herzen liegen, haben wir - \u201eGemeinsam f\u00fcr Dernbach\u201c - uns zu einer politisch unabh\u00e4ngigen W\u00e4hlergruppe zusammengeschlossen. Mit unseren Ideen wollen wir uns an den politischen Entscheidungsabl\u00e4ufen im Ort beteiligen und zur Kommunalwahl 2024 antreten. Dazu bedarf es einer \u201eAufstellungsversammlung von","twitter:image":"https:\/\/gemeinsam-fuer-dernbach.de\/wp-content\/uploads\/2024\/12\/cropped-Button.png"},"aioseo_meta_data":{"post_id":"325","title":null,"description":null,"keywords":null,"keyphrases":null,"primary_term":null,"canonical_url":null,"og_title":null,"og_description":null,"og_object_type":"default","og_image_type":"default","og_image_url":null,"og_image_width":null,"og_image_height":null,"og_image_custom_url":null,"og_image_custom_fields":null,"og_video":null,"og_custom_url":null,"og_article_section":null,"og_article_tags":null,"twitter_use_og":false,"twitter_card":"default","twitter_image_type":"default","twitter_image_url":null,"twitter_image_custom_url":null,"twitter_image_custom_fields":null,"twitter_title":null,"twitter_description":null,"schema":{"blockGraphs":[],"customGraphs":[],"default":{"data":{"Article":[],"Course":[],"Dataset":[],"FAQPage":[],"Movie":[],"Person":[],"Product":[],"ProductReview":[],"Car":[],"Recipe":[],"Service":[],"SoftwareApplication":[],"WebPage":[]},"graphName":"","isEnabled":true},"graphs":[]},"schema_type":"default","schema_type_options":null,"pillar_content":false,"robots_default":true,"robots_noindex":false,"robots_noarchive":false,"robots_nosnippet":false,"robots_nofollow":false,"robots_noimageindex":false,"robots_noodp":false,"robots_notranslate":false,"robots_max_snippet":null,"robots_max_videopreview":null,"robots_max_imagepreview":"large","priority":null,"frequency":null,"local_seo":null,"breadcrumb_settings":null,"limit_modified_date":false,"ai":null,"created":"2025-06-24 20:04:01","updated":"2025-06-24 20:04:01","seo_analyzer_scan_date":null,"focus_keyword":null,"additional_keywords":null,"truseo_locale":null},"aioseo_breadcrumb":"<div class=\"aioseo-breadcrumbs\"><span class=\"aioseo-breadcrumb\">\n\t\t\t<a href=\"https:\/\/gemeinsam-fuer-dernbach.de\/en\" title=\"Home\">Home<\/a>\n\t\t<\/span><span class=\"aioseo-breadcrumb-separator\">&raquo;<\/span><span class=\"aioseo-breadcrumb\">\n\t\t\t<a href=\"https:\/\/gemeinsam-fuer-dernbach.de\/en\/category\/veranstaltungen\" title=\"Veranstaltungen\">Veranstaltungen<\/a>\n\t\t<\/span><span class=\"aioseo-breadcrumb-separator\">&raquo;<\/span><span class=\"aioseo-breadcrumb\">\n\t\t\tEinladung zur Aufstellungsversammlung von Bewerbern f\u00fcr den Gemeinderat\n\t\t<\/span><\/div>","aioseo_breadcrumb_json":[{"label":"Home","link":"https:\/\/gemeinsam-fuer-dernbach.de\/en"},{"label":"Veranstaltungen","link":"https:\/\/gemeinsam-fuer-dernbach.de\/en\/category\/veranstaltungen"},{"label":"Einladung zur Aufstellungsversammlung von Bewerbern f\u00fcr den Gemeinderat","link":"https:\/\/gemeinsam-fuer-dernbach.de\/en\/einladung-zur-aufstellungsversammlung-von-bewerbern-fuer-den-gemeinderat"}],"_links":{"self":[{"href":"https:\/\/gemeinsam-fuer-dernbach.de\/en\/wp-json\/wp\/v2\/posts\/325","targetHints":{"allow":["GET"]}}],"collection":[{"href":"https:\/\/gemeinsam-fuer-dernbach.de\/en\/wp-json\/wp\/v2\/posts"}],"about":[{"href":"https:\/\/gemeinsam-fuer-dernbach.de\/en\/wp-json\/wp\/v2\/types\/post"}],"author":[{"embeddable":true,"href":"https:\/\/gemeinsam-fuer-dernbach.de\/en\/wp-json\/wp\/v2\/users\/1"}],"replies":[{"embeddable":true,"href":"https:\/\/gemeinsam-fuer-dernbach.de\/en\/wp-json\/wp\/v2\/comments?post=325"}],"version-history":[{"count":8,"href":"https:\/\/gemeinsam-fuer-dernbach.de\/en\/wp-json\/wp\/v2\/posts\/325\/revisions"}],"predecessor-version":[{"id":1196,"href":"https:\/\/gemeinsam-fuer-dernbach.de\/en\/wp-json\/wp\/v2\/posts\/325\/revisions\/1196"}],"wp:attachment":[{"href":"https:\/\/gemeinsam-fuer-dernbach.de\/en\/wp-json\/wp\/v2\/media?parent=325"}],"wp:term":[{"taxonomy":"category","embeddable":true,"href":"https:\/\/gemeinsam-fuer-dernbach.de\/en\/wp-json\/wp\/v2\/categories?post=325"},{"taxonomy":"post_tag","embeddable":true,"href":"https:\/\/gemeinsam-fuer-dernbach.de\/en\/wp-json\/wp\/v2\/tags?post=325"}],"curies":[{"name":"wp","href":"https:\/\/api.w.org\/{rel}","templated":true}]}}