{"id":340,"date":"2024-02-03T11:45:26","date_gmt":"2024-02-03T10:45:26","guid":{"rendered":"https:\/\/gemeinsam-fuer-dernbach.de\/?p=340"},"modified":"2025-03-07T20:12:32","modified_gmt":"2025-03-07T19:12:32","slug":"neue-buergerliste-stellt-sich-in-dernbach-auf","status":"publish","type":"post","link":"https:\/\/gemeinsam-fuer-dernbach.de\/en\/neue-buergerliste-stellt-sich-in-dernbach-auf","title":{"rendered":"New List of Citizens Sets Up in Dernbach"},"content":{"rendered":"<p class=\"wp-block-paragraph\"><style>\/*! elementor - v3.19.0 - 29-01-2024 *\/<br \/>\n.elementor-widget-image{text-align:center}.elementor-widget-image a{display:inline-block}.elementor-widget-image a img[src$=\".svg\"]{width:48px}.elementor-widget-image img{vertical-align:middle;display:inline-block}<\/style><\/p>\n\n\n\n<figure class=\"wp-block-image\"><img decoding=\"async\" src=\"https:\/\/gemeinsam-fuer-dernbach.de\/wp-content\/uploads\/2024\/02\/Aufstellungsversammlung24012024_3.jpeg\" alt=\"\"\/><figcaption class=\"wp-element-caption\">Andreas Pandorf, J\u00fcrgen Heckenbach, Torsten Greinert, Frank K\u00f6hn, Silke Jankowitsch, Stefan G\u00f6rg, Roswitha K\u00e4stner, Stefan Heinz, Alessa Bode, Dr. Manuel Misgeld, Cosimo Jankowitsch (from left to right), not in the picture: Daniel Jung and Gebhardt Schmidt<\/figcaption><\/figure>\n\n\n\n<p class=\"wp-block-paragraph\">More than 60 committed participants lived grassroots democracy and elected 13 candidates for the election of the municipal council.<\/p>\n\n\n\n<p class=\"wp-block-paragraph\">It was a first for the village: A good 60 citizens gathered in Dernbach on 24 January for a much-anticipated constellation meeting. They determined who would stand as a candidate for the open electorate \u2018Gemeinsam f\u00fcr Dernbach\u2019 (Together for Dernbach). The assembly proposed Cosimo Jankovich as mayoral candidate. He was placed in first place on the electoral list, whose surname she will thus bear.<\/p>\n\n\n\n<p class=\"wp-block-paragraph\">After the welcome of the participants by C. Jankowitsch, the mayor from Kroppach, Michael Birk, led as a competent and neutral meeting leader through the agenda and paid attention to the regular procedure. In the assembly, candidates were nominated who introduced themselves in person. Subsequently, the group of participants confirmed all candidates in a secret, equal and immediate election. This gives them the opportunity to represent their citizens in the local council. Jankovich thanked the participants: \u201cThe 60 people present, who actively participated in this democratic process, signalled the resurgent political community in Dernbach. Everyone has contributed to a respectful and confident atmosphere here. It is precisely in these times that I am enthusiastic about how committed citizens stand up for democracy and how they live.\u201d<\/p>\n\n\n\n<p class=\"wp-block-paragraph\">The other candidates agree and emphasize that they want to bring a breath of fresh air to the municipal council. Last but not least, they complement each other with a wide range of experience, expertise and perspectives. Their diversity reflects the colourful mix of the municipality of Dernbach and promises a future-oriented and inclusive representation. Thus, the \u2018List of Yankovich\u2019 is intended to offer a genuine and democratic election to the municipal council on 9 June, where so far only one CDU list is represented.<\/p>\n\n\n\n<p class=\"wp-block-paragraph\">For \u201cTogether for Dernbach\u201d, the assembly is the official starting signal to promote their ideas of a sustainable Dernbach. The elected candidates look forward to entering into an intensive dialogue with the citizens in the coming months about the visions and ideas with which they want to jointly shape a Dernbach that will continue to be worth living in the future.<\/p>\n\n\n\n<p class=\"wp-block-paragraph\">For further information and enquiries, the elected candidates are available.<\/p>","protected":false},"excerpt":{"rendered":"<p>A good 60 committed participants lived grassroots democracy and elected 13 candidates for the election of the municipal council. It was a first for the village: More than 60 people attended the [...]<\/p>","protected":false},"author":1,"featured_media":0,"comment_status":"closed","ping_status":"open","sticky":false,"template":"","format":"standard","meta":{"_price":"","_stock":"","_tribe_ticket_header":"","_tribe_default_ticket_provider":"","_tribe_ticket_capacity":"0","_ticket_start_date":"","_ticket_end_date":"","_tribe_ticket_show_description":"","_tribe_ticket_show_not_going":false,"_tribe_ticket_use_global_stock":"","_tribe_ticket_global_stock_level":"","_global_stock_mode":"","_global_stock_cap":"","_tribe_rsvp_for_event":"","_tribe_ticket_going_count":"","_tribe_ticket_not_going_count":"","_tribe_tickets_list":"[]","_tribe_ticket_has_attendee_info_fields":false,"_EventAllDay":false,"_EventTimezone":"","_EventStartDate":"","_EventEndDate":"","_EventStartDateUTC":"","_EventEndDateUTC":"","_EventShowMap":false,"_EventShowMapLink":false,"_EventURL":"","_EventCost":"","_EventCostDescription":"","_EventCurrencySymbol":"","_EventCurrencyCode":"","_EventCurrencyPosition":"","_EventDateTimeSeparator":"","_EventTimeRangeSeparator":"","_EventOrganizerID":[],"_EventVenueID":[],"_OrganizerEmail":"","_OrganizerPhone":"","_OrganizerWebsite":"","_VenueAddress":"","_VenueCity":"","_VenueCountry":"","_VenueProvince":"","_VenueState":"","_VenueZip":"","_VenuePhone":"","_VenueURL":"","_VenueStateProvince":"","_VenueLat":"","_VenueLng":"","_VenueShowMap":false,"_VenueShowMapLink":false,"footnotes":""},"categories":[9],"tags":[],"class_list":["post-340","post","type-post","status-publish","format-standard","hentry","category-neues-von-uns"],"aioseo_notices":[],"aioseo_head":"\n\t\t<!-- All in One SEO 5.0.1.1 - aioseo.com -->\n\t<meta name=\"description\" content=\"Gut 60 engagierte Teilnehmende lebten Basisdemokratie und w\u00e4hlten 13 Kandierende f\u00fcr die Wahl des Gemeinderats. Es war eine Premiere f\u00fcr das Dorf: Gut 60 B\u00fcrgerinnen und B\u00fcrger fanden sich am 24. Januar in Dernbach zu einer mit Spannung erwarteten Aufstellungsversammlung ein. Sie bestimmten, wer f\u00fcr die offene W\u00e4hlergemeinschaft \u201eGemeinsam f\u00fcr Dernbach\u201c kandidiert. Die Versammlung schlug\" \/>\n\t<meta name=\"robots\" content=\"max-image-preview:large\" \/>\n\t<meta name=\"author\" content=\"GfD_Admin\"\/>\n\t<link rel=\"canonical\" href=\"https:\/\/gemeinsam-fuer-dernbach.de\/en\/neue-buergerliste-stellt-sich-in-dernbach-auf\" \/>\n\t<meta name=\"generator\" content=\"All in One SEO (AIOSEO) 5.0.1.1\" \/>\n\t\t<meta property=\"og:locale\" content=\"en_GB\" \/>\n\t\t<meta property=\"og:site_name\" content=\"Gemeinsam f\u00fcr Dernbach - Gemeinsam f\u00fcr Dernbach - Website der W\u00e4hlergruppe Jankowitsch\" \/>\n\t\t<meta property=\"og:type\" content=\"article\" \/>\n\t\t<meta property=\"og:title\" content=\"Neue B\u00fcrgerliste stellt sich in Dernbach auf - Gemeinsam f\u00fcr Dernbach\" \/>\n\t\t<meta property=\"og:description\" content=\"Gut 60 engagierte Teilnehmende lebten Basisdemokratie und w\u00e4hlten 13 Kandierende f\u00fcr die Wahl des Gemeinderats. Es war eine Premiere f\u00fcr das Dorf: Gut 60 B\u00fcrgerinnen und B\u00fcrger fanden sich am 24. Januar in Dernbach zu einer mit Spannung erwarteten Aufstellungsversammlung ein. Sie bestimmten, wer f\u00fcr die offene W\u00e4hlergemeinschaft \u201eGemeinsam f\u00fcr Dernbach\u201c kandidiert. Die Versammlung schlug\" \/>\n\t\t<meta property=\"og:url\" content=\"https:\/\/gemeinsam-fuer-dernbach.de\/en\/neue-buergerliste-stellt-sich-in-dernbach-auf\" \/>\n\t\t<meta property=\"og:image\" content=\"https:\/\/gemeinsam-fuer-dernbach.de\/wp-content\/uploads\/2024\/12\/cropped-Button.png\" \/>\n\t\t<meta property=\"og:image:secure_url\" content=\"https:\/\/gemeinsam-fuer-dernbach.de\/wp-content\/uploads\/2024\/12\/cropped-Button.png\" \/>\n\t\t<meta property=\"og:image:width\" content=\"512\" \/>\n\t\t<meta property=\"og:image:height\" content=\"512\" \/>\n\t\t<meta property=\"article:published_time\" content=\"2024-02-03T10:45:26+00:00\" \/>\n\t\t<meta property=\"article:modified_time\" content=\"2025-03-07T19:12:32+00:00\" \/>\n\t\t<meta property=\"article:publisher\" content=\"https:\/\/www.facebook.com\/gemeinsam.fuer.dernbach\/\" \/>\n\t\t<meta name=\"twitter:card\" content=\"summary_large_image\" \/>\n\t\t<meta name=\"twitter:title\" content=\"Neue B\u00fcrgerliste stellt sich in Dernbach auf - Gemeinsam f\u00fcr Dernbach\" \/>\n\t\t<meta name=\"twitter:description\" content=\"Gut 60 engagierte Teilnehmende lebten Basisdemokratie und w\u00e4hlten 13 Kandierende f\u00fcr die Wahl des Gemeinderats. Es war eine Premiere f\u00fcr das Dorf: Gut 60 B\u00fcrgerinnen und B\u00fcrger fanden sich am 24. Januar in Dernbach zu einer mit Spannung erwarteten Aufstellungsversammlung ein. Sie bestimmten, wer f\u00fcr die offene W\u00e4hlergemeinschaft \u201eGemeinsam f\u00fcr Dernbach\u201c kandidiert. Die Versammlung schlug\" \/>\n\t\t<meta name=\"twitter:image\" content=\"https:\/\/gemeinsam-fuer-dernbach.de\/wp-content\/uploads\/2024\/12\/cropped-Button.png\" \/>\n\t\t<script type=\"application\/ld+json\" class=\"aioseo-schema\">\n\t\t\t{\"@context\":\"https:\\\/\\\/schema.org\",\"@graph\":[{\"@type\":\"BlogPosting\",\"@id\":\"https:\\\/\\\/gemeinsam-fuer-dernbach.de\\\/en\\\/neue-buergerliste-stellt-sich-in-dernbach-auf#blogposting\",\"name\":\"Neue B\\u00fcrgerliste stellt sich in Dernbach auf - Gemeinsam f\\u00fcr Dernbach\",\"headline\":\"Neue B\\u00fcrgerliste stellt sich in Dernbach auf\",\"author\":{\"@id\":\"https:\\\/\\\/gemeinsam-fuer-dernbach.de\\\/en\\\/author\\\/gfd_admin#author\"},\"publisher\":{\"@id\":\"https:\\\/\\\/gemeinsam-fuer-dernbach.de\\\/en\\\/#organization\"},\"image\":{\"@type\":\"ImageObject\",\"url\":\"https:\\\/\\\/gemeinsam-fuer-dernbach.de\\\/wp-content\\\/uploads\\\/2024\\\/02\\\/Aufstellungsversammlung24012024_3.jpeg\",\"@id\":\"https:\\\/\\\/gemeinsam-fuer-dernbach.de\\\/en\\\/neue-buergerliste-stellt-sich-in-dernbach-auf\\\/#articleImage\",\"width\":688,\"height\":325,\"caption\":\"Andreas Pandorf, J\\u00fcrgen Heckenbach, Torsten Greinert, Frank K\\u00f6hn, Silke Jankowitsch, Stefan G\\u00f6rg, Roswitha K\\u00e4stner, Stefan Heinz, Alessa Bode, Dr. Manuel Misgeld, Cosimo Jankowitsch (von links nach rechts), nicht im Bild: Daniel Jung, Gebhardt Schmidt\"},\"datePublished\":\"2024-02-03T11:45:26+01:00\",\"dateModified\":\"2025-03-07T20:12:32+01:00\",\"inLanguage\":\"en-GB\",\"mainEntityOfPage\":{\"@id\":\"https:\\\/\\\/gemeinsam-fuer-dernbach.de\\\/en\\\/neue-buergerliste-stellt-sich-in-dernbach-auf#webpage\"},\"isPartOf\":{\"@id\":\"https:\\\/\\\/gemeinsam-fuer-dernbach.de\\\/en\\\/neue-buergerliste-stellt-sich-in-dernbach-auf#webpage\"},\"articleSection\":\"Neues von uns\"},{\"@type\":\"BreadcrumbList\",\"@id\":\"https:\\\/\\\/gemeinsam-fuer-dernbach.de\\\/en\\\/neue-buergerliste-stellt-sich-in-dernbach-auf#breadcrumblist\",\"itemListElement\":[{\"@type\":\"ListItem\",\"@id\":\"https:\\\/\\\/gemeinsam-fuer-dernbach.de\\\/en#listItem\",\"position\":1,\"name\":\"Home\",\"item\":\"https:\\\/\\\/gemeinsam-fuer-dernbach.de\\\/en\",\"nextItem\":{\"@type\":\"ListItem\",\"@id\":\"https:\\\/\\\/gemeinsam-fuer-dernbach.de\\\/en\\\/category\\\/neues-von-uns#listItem\",\"name\":\"Neues von uns\"}},{\"@type\":\"ListItem\",\"@id\":\"https:\\\/\\\/gemeinsam-fuer-dernbach.de\\\/en\\\/category\\\/neues-von-uns#listItem\",\"position\":2,\"name\":\"Neues von uns\",\"item\":\"https:\\\/\\\/gemeinsam-fuer-dernbach.de\\\/en\\\/category\\\/neues-von-uns\",\"nextItem\":{\"@type\":\"ListItem\",\"@id\":\"https:\\\/\\\/gemeinsam-fuer-dernbach.de\\\/en\\\/neue-buergerliste-stellt-sich-in-dernbach-auf#listItem\",\"name\":\"Neue B\\u00fcrgerliste stellt sich in Dernbach auf\"},\"previousItem\":{\"@type\":\"ListItem\",\"@id\":\"https:\\\/\\\/gemeinsam-fuer-dernbach.de\\\/en#listItem\",\"name\":\"Home\"}},{\"@type\":\"ListItem\",\"@id\":\"https:\\\/\\\/gemeinsam-fuer-dernbach.de\\\/en\\\/neue-buergerliste-stellt-sich-in-dernbach-auf#listItem\",\"position\":3,\"name\":\"Neue B\\u00fcrgerliste stellt sich in Dernbach auf\",\"previousItem\":{\"@type\":\"ListItem\",\"@id\":\"https:\\\/\\\/gemeinsam-fuer-dernbach.de\\\/en\\\/category\\\/neues-von-uns#listItem\",\"name\":\"Neues von uns\"}}]},{\"@type\":\"Organization\",\"@id\":\"https:\\\/\\\/gemeinsam-fuer-dernbach.de\\\/en\\\/#organization\",\"name\":\"Gemeinsam f\\u00fcr Dernbach\",\"description\":\"Gemeinsam f\\u00fcr Dernbach - Website der W\\u00e4hlergruppe Jankowitsch\",\"url\":\"https:\\\/\\\/gemeinsam-fuer-dernbach.de\\\/en\\\/\",\"logo\":{\"@type\":\"ImageObject\",\"url\":\"https:\\\/\\\/gemeinsam-fuer-dernbach.de\\\/wp-content\\\/uploads\\\/2024\\\/12\\\/cropped-Button.png\",\"@id\":\"https:\\\/\\\/gemeinsam-fuer-dernbach.de\\\/en\\\/neue-buergerliste-stellt-sich-in-dernbach-auf\\\/#organizationLogo\",\"width\":512,\"height\":512,\"caption\":\"Gemeinsam f\\u00fcr Dernbach\"},\"image\":{\"@id\":\"https:\\\/\\\/gemeinsam-fuer-dernbach.de\\\/en\\\/neue-buergerliste-stellt-sich-in-dernbach-auf\\\/#organizationLogo\"},\"sameAs\":[\"https:\\\/\\\/www.facebook.com\\\/gemeinsam.fuer.dernbach\\\/\",\"https:\\\/\\\/www.instagram.com\\\/gemeinsam_fuer_dernbach\\\/\"]},{\"@type\":\"Person\",\"@id\":\"https:\\\/\\\/gemeinsam-fuer-dernbach.de\\\/en\\\/author\\\/gfd_admin#author\",\"url\":\"https:\\\/\\\/gemeinsam-fuer-dernbach.de\\\/en\\\/author\\\/gfd_admin\",\"name\":\"GfD_Admin\"},{\"@type\":\"WebPage\",\"@id\":\"https:\\\/\\\/gemeinsam-fuer-dernbach.de\\\/en\\\/neue-buergerliste-stellt-sich-in-dernbach-auf#webpage\",\"url\":\"https:\\\/\\\/gemeinsam-fuer-dernbach.de\\\/en\\\/neue-buergerliste-stellt-sich-in-dernbach-auf\",\"name\":\"Neue B\\u00fcrgerliste stellt sich in Dernbach auf - Gemeinsam f\\u00fcr Dernbach\",\"description\":\"Gut 60 engagierte Teilnehmende lebten Basisdemokratie und w\\u00e4hlten 13 Kandierende f\\u00fcr die Wahl des Gemeinderats. Es war eine Premiere f\\u00fcr das Dorf: Gut 60 B\\u00fcrgerinnen und B\\u00fcrger fanden sich am 24. Januar in Dernbach zu einer mit Spannung erwarteten Aufstellungsversammlung ein. Sie bestimmten, wer f\\u00fcr die offene W\\u00e4hlergemeinschaft \\u201eGemeinsam f\\u00fcr Dernbach\\u201c kandidiert. Die Versammlung schlug\",\"inLanguage\":\"en-GB\",\"isPartOf\":{\"@id\":\"https:\\\/\\\/gemeinsam-fuer-dernbach.de\\\/en\\\/#website\"},\"breadcrumb\":{\"@id\":\"https:\\\/\\\/gemeinsam-fuer-dernbach.de\\\/en\\\/neue-buergerliste-stellt-sich-in-dernbach-auf#breadcrumblist\"},\"author\":{\"@id\":\"https:\\\/\\\/gemeinsam-fuer-dernbach.de\\\/en\\\/author\\\/gfd_admin#author\"},\"creator\":{\"@id\":\"https:\\\/\\\/gemeinsam-fuer-dernbach.de\\\/en\\\/author\\\/gfd_admin#author\"},\"datePublished\":\"2024-02-03T11:45:26+01:00\",\"dateModified\":\"2025-03-07T20:12:32+01:00\"},{\"@type\":\"WebSite\",\"@id\":\"https:\\\/\\\/gemeinsam-fuer-dernbach.de\\\/en\\\/#website\",\"url\":\"https:\\\/\\\/gemeinsam-fuer-dernbach.de\\\/en\\\/\",\"name\":\"Gemeinsam f\\u00fcr Dernbach\",\"description\":\"Gemeinsam f\\u00fcr Dernbach - Website der W\\u00e4hlergruppe Jankowitsch\",\"inLanguage\":\"en-GB\",\"publisher\":{\"@id\":\"https:\\\/\\\/gemeinsam-fuer-dernbach.de\\\/en\\\/#organization\"}}]}\n\t\t<\/script>\n\t\t<!-- All in One SEO -->\n\n","aioseo_head_json":{"title":"Neue B\u00fcrgerliste stellt sich in Dernbach auf - Gemeinsam f\u00fcr Dernbach","description":"Gut 60 engagierte Teilnehmende lebten Basisdemokratie und w\u00e4hlten 13 Kandierende f\u00fcr die Wahl des Gemeinderats. Es war eine Premiere f\u00fcr das Dorf: Gut 60 B\u00fcrgerinnen und B\u00fcrger fanden sich am 24. Januar in Dernbach zu einer mit Spannung erwarteten Aufstellungsversammlung ein. Sie bestimmten, wer f\u00fcr die offene W\u00e4hlergemeinschaft \u201eGemeinsam f\u00fcr Dernbach\u201c kandidiert. Die Versammlung schlug","canonical_url":"https:\/\/gemeinsam-fuer-dernbach.de\/en\/neue-buergerliste-stellt-sich-in-dernbach-auf","robots":"max-image-preview:large","keywords":"","webmasterTools":{"miscellaneous":""},"schema":{"@context":"https:\/\/schema.org","@graph":[{"@type":"BlogPosting","@id":"https:\/\/gemeinsam-fuer-dernbach.de\/en\/neue-buergerliste-stellt-sich-in-dernbach-auf#blogposting","name":"Neue B\u00fcrgerliste stellt sich in Dernbach auf - Gemeinsam f\u00fcr Dernbach","headline":"Neue B\u00fcrgerliste stellt sich in Dernbach auf","author":{"@id":"https:\/\/gemeinsam-fuer-dernbach.de\/en\/author\/gfd_admin#author"},"publisher":{"@id":"https:\/\/gemeinsam-fuer-dernbach.de\/en\/#organization"},"image":{"@type":"ImageObject","url":"https:\/\/gemeinsam-fuer-dernbach.de\/wp-content\/uploads\/2024\/02\/Aufstellungsversammlung24012024_3.jpeg","@id":"https:\/\/gemeinsam-fuer-dernbach.de\/en\/neue-buergerliste-stellt-sich-in-dernbach-auf\/#articleImage","width":688,"height":325,"caption":"Andreas Pandorf, J\u00fcrgen Heckenbach, Torsten Greinert, Frank K\u00f6hn, Silke Jankowitsch, Stefan G\u00f6rg, Roswitha K\u00e4stner, Stefan Heinz, Alessa Bode, Dr. Manuel Misgeld, Cosimo Jankowitsch (von links nach rechts), nicht im Bild: Daniel Jung, Gebhardt Schmidt"},"datePublished":"2024-02-03T11:45:26+01:00","dateModified":"2025-03-07T20:12:32+01:00","inLanguage":"en-GB","mainEntityOfPage":{"@id":"https:\/\/gemeinsam-fuer-dernbach.de\/en\/neue-buergerliste-stellt-sich-in-dernbach-auf#webpage"},"isPartOf":{"@id":"https:\/\/gemeinsam-fuer-dernbach.de\/en\/neue-buergerliste-stellt-sich-in-dernbach-auf#webpage"},"articleSection":"Neues von uns"},{"@type":"BreadcrumbList","@id":"https:\/\/gemeinsam-fuer-dernbach.de\/en\/neue-buergerliste-stellt-sich-in-dernbach-auf#breadcrumblist","itemListElement":[{"@type":"ListItem","@id":"https:\/\/gemeinsam-fuer-dernbach.de\/en#listItem","position":1,"name":"Home","item":"https:\/\/gemeinsam-fuer-dernbach.de\/en","nextItem":{"@type":"ListItem","@id":"https:\/\/gemeinsam-fuer-dernbach.de\/en\/category\/neues-von-uns#listItem","name":"Neues von uns"}},{"@type":"ListItem","@id":"https:\/\/gemeinsam-fuer-dernbach.de\/en\/category\/neues-von-uns#listItem","position":2,"name":"Neues von uns","item":"https:\/\/gemeinsam-fuer-dernbach.de\/en\/category\/neues-von-uns","nextItem":{"@type":"ListItem","@id":"https:\/\/gemeinsam-fuer-dernbach.de\/en\/neue-buergerliste-stellt-sich-in-dernbach-auf#listItem","name":"Neue B\u00fcrgerliste stellt sich in Dernbach auf"},"previousItem":{"@type":"ListItem","@id":"https:\/\/gemeinsam-fuer-dernbach.de\/en#listItem","name":"Home"}},{"@type":"ListItem","@id":"https:\/\/gemeinsam-fuer-dernbach.de\/en\/neue-buergerliste-stellt-sich-in-dernbach-auf#listItem","position":3,"name":"Neue B\u00fcrgerliste stellt sich in Dernbach auf","previousItem":{"@type":"ListItem","@id":"https:\/\/gemeinsam-fuer-dernbach.de\/en\/category\/neues-von-uns#listItem","name":"Neues von uns"}}]},{"@type":"Organization","@id":"https:\/\/gemeinsam-fuer-dernbach.de\/en\/#organization","name":"Gemeinsam f\u00fcr Dernbach","description":"Gemeinsam f\u00fcr Dernbach - Website der W\u00e4hlergruppe Jankowitsch","url":"https:\/\/gemeinsam-fuer-dernbach.de\/en\/","logo":{"@type":"ImageObject","url":"https:\/\/gemeinsam-fuer-dernbach.de\/wp-content\/uploads\/2024\/12\/cropped-Button.png","@id":"https:\/\/gemeinsam-fuer-dernbach.de\/en\/neue-buergerliste-stellt-sich-in-dernbach-auf\/#organizationLogo","width":512,"height":512,"caption":"Gemeinsam f\u00fcr Dernbach"},"image":{"@id":"https:\/\/gemeinsam-fuer-dernbach.de\/en\/neue-buergerliste-stellt-sich-in-dernbach-auf\/#organizationLogo"},"sameAs":["https:\/\/www.facebook.com\/gemeinsam.fuer.dernbach\/","https:\/\/www.instagram.com\/gemeinsam_fuer_dernbach\/"]},{"@type":"Person","@id":"https:\/\/gemeinsam-fuer-dernbach.de\/en\/author\/gfd_admin#author","url":"https:\/\/gemeinsam-fuer-dernbach.de\/en\/author\/gfd_admin","name":"GfD_Admin"},{"@type":"WebPage","@id":"https:\/\/gemeinsam-fuer-dernbach.de\/en\/neue-buergerliste-stellt-sich-in-dernbach-auf#webpage","url":"https:\/\/gemeinsam-fuer-dernbach.de\/en\/neue-buergerliste-stellt-sich-in-dernbach-auf","name":"Neue B\u00fcrgerliste stellt sich in Dernbach auf - Gemeinsam f\u00fcr Dernbach","description":"Gut 60 engagierte Teilnehmende lebten Basisdemokratie und w\u00e4hlten 13 Kandierende f\u00fcr die Wahl des Gemeinderats. Es war eine Premiere f\u00fcr das Dorf: Gut 60 B\u00fcrgerinnen und B\u00fcrger fanden sich am 24. Januar in Dernbach zu einer mit Spannung erwarteten Aufstellungsversammlung ein. Sie bestimmten, wer f\u00fcr die offene W\u00e4hlergemeinschaft \u201eGemeinsam f\u00fcr Dernbach\u201c kandidiert. Die Versammlung schlug","inLanguage":"en-GB","isPartOf":{"@id":"https:\/\/gemeinsam-fuer-dernbach.de\/en\/#website"},"breadcrumb":{"@id":"https:\/\/gemeinsam-fuer-dernbach.de\/en\/neue-buergerliste-stellt-sich-in-dernbach-auf#breadcrumblist"},"author":{"@id":"https:\/\/gemeinsam-fuer-dernbach.de\/en\/author\/gfd_admin#author"},"creator":{"@id":"https:\/\/gemeinsam-fuer-dernbach.de\/en\/author\/gfd_admin#author"},"datePublished":"2024-02-03T11:45:26+01:00","dateModified":"2025-03-07T20:12:32+01:00"},{"@type":"WebSite","@id":"https:\/\/gemeinsam-fuer-dernbach.de\/en\/#website","url":"https:\/\/gemeinsam-fuer-dernbach.de\/en\/","name":"Gemeinsam f\u00fcr Dernbach","description":"Gemeinsam f\u00fcr Dernbach - Website der W\u00e4hlergruppe Jankowitsch","inLanguage":"en-GB","publisher":{"@id":"https:\/\/gemeinsam-fuer-dernbach.de\/en\/#organization"}}]},"og:locale":"en_GB","og:site_name":"Gemeinsam f\u00fcr Dernbach - Gemeinsam f\u00fcr Dernbach - Website der W\u00e4hlergruppe Jankowitsch","og:type":"article","og:title":"Neue B\u00fcrgerliste stellt sich in Dernbach auf - Gemeinsam f\u00fcr Dernbach","og:description":"Gut 60 engagierte Teilnehmende lebten Basisdemokratie und w\u00e4hlten 13 Kandierende f\u00fcr die Wahl des Gemeinderats. Es war eine Premiere f\u00fcr das Dorf: Gut 60 B\u00fcrgerinnen und B\u00fcrger fanden sich am 24. Januar in Dernbach zu einer mit Spannung erwarteten Aufstellungsversammlung ein. Sie bestimmten, wer f\u00fcr die offene W\u00e4hlergemeinschaft \u201eGemeinsam f\u00fcr Dernbach\u201c kandidiert. Die Versammlung schlug","og:url":"https:\/\/gemeinsam-fuer-dernbach.de\/en\/neue-buergerliste-stellt-sich-in-dernbach-auf","og:image":"https:\/\/gemeinsam-fuer-dernbach.de\/wp-content\/uploads\/2024\/12\/cropped-Button.png","og:image:secure_url":"https:\/\/gemeinsam-fuer-dernbach.de\/wp-content\/uploads\/2024\/12\/cropped-Button.png","og:image:width":512,"og:image:height":512,"article:published_time":"2024-02-03T10:45:26+00:00","article:modified_time":"2025-03-07T19:12:32+00:00","article:publisher":"https:\/\/www.facebook.com\/gemeinsam.fuer.dernbach\/","twitter:card":"summary_large_image","twitter:title":"Neue B\u00fcrgerliste stellt sich in Dernbach auf - Gemeinsam f\u00fcr Dernbach","twitter:description":"Gut 60 engagierte Teilnehmende lebten Basisdemokratie und w\u00e4hlten 13 Kandierende f\u00fcr die Wahl des Gemeinderats. Es war eine Premiere f\u00fcr das Dorf: Gut 60 B\u00fcrgerinnen und B\u00fcrger fanden sich am 24. Januar in Dernbach zu einer mit Spannung erwarteten Aufstellungsversammlung ein. Sie bestimmten, wer f\u00fcr die offene W\u00e4hlergemeinschaft \u201eGemeinsam f\u00fcr Dernbach\u201c kandidiert. Die Versammlung schlug","twitter:image":"https:\/\/gemeinsam-fuer-dernbach.de\/wp-content\/uploads\/2024\/12\/cropped-Button.png"},"aioseo_meta_data":{"post_id":"340","title":null,"description":null,"keywords":null,"keyphrases":{"focus":[],"additional":[]},"primary_term":null,"canonical_url":null,"og_title":null,"og_description":null,"og_object_type":"default","og_image_type":"default","og_image_url":null,"og_image_width":null,"og_image_height":null,"og_image_custom_url":null,"og_image_custom_fields":null,"og_video":null,"og_custom_url":null,"og_article_section":null,"og_article_tags":null,"twitter_use_og":false,"twitter_card":"default","twitter_image_type":"default","twitter_image_url":null,"twitter_image_custom_url":null,"twitter_image_custom_fields":null,"twitter_title":null,"twitter_description":null,"schema":{"blockGraphs":[],"customGraphs":[],"default":{"data":{"Article":[],"Course":[],"Dataset":[],"FAQPage":[],"Movie":[],"Person":[],"Product":[],"ProductReview":[],"Car":[],"Recipe":[],"Service":[],"SoftwareApplication":[],"WebPage":[]},"graphName":"","isEnabled":true},"graphs":[]},"schema_type":"default","schema_type_options":null,"pillar_content":false,"robots_default":true,"robots_noindex":false,"robots_noarchive":false,"robots_nosnippet":false,"robots_nofollow":false,"robots_noimageindex":false,"robots_noodp":false,"robots_notranslate":false,"robots_max_snippet":null,"robots_max_videopreview":null,"robots_max_imagepreview":"large","priority":null,"frequency":null,"local_seo":null,"breadcrumb_settings":null,"limit_modified_date":false,"ai":null,"created":"2025-06-24 20:04:55","updated":"2026-09-03 19:35:13","seo_analyzer_scan_date":null,"focus_keyword":null,"additional_keywords":null,"truseo_locale":null},"aioseo_breadcrumb":"<div class=\"aioseo-breadcrumbs\"><span class=\"aioseo-breadcrumb\">\n\t\t\t<a href=\"https:\/\/gemeinsam-fuer-dernbach.de\/en\" title=\"Home\">Home<\/a>\n\t\t<\/span><span class=\"aioseo-breadcrumb-separator\">&raquo;<\/span><span class=\"aioseo-breadcrumb\">\n\t\t\t<a href=\"https:\/\/gemeinsam-fuer-dernbach.de\/en\/category\/neues-von-uns\" title=\"Neues von uns\">Neues von uns<\/a>\n\t\t<\/span><span class=\"aioseo-breadcrumb-separator\">&raquo;<\/span><span class=\"aioseo-breadcrumb\">\n\t\t\tNeue B\u00fcrgerliste stellt sich in Dernbach auf\n\t\t<\/span><\/div>","aioseo_breadcrumb_json":[{"label":"Home","link":"https:\/\/gemeinsam-fuer-dernbach.de\/en"},{"label":"Neues von uns","link":"https:\/\/gemeinsam-fuer-dernbach.de\/en\/category\/neues-von-uns"},{"label":"Neue B\u00fcrgerliste stellt sich in Dernbach auf","link":"https:\/\/gemeinsam-fuer-dernbach.de\/en\/neue-buergerliste-stellt-sich-in-dernbach-auf"}],"_links":{"self":[{"href":"https:\/\/gemeinsam-fuer-dernbach.de\/en\/wp-json\/wp\/v2\/posts\/340","targetHints":{"allow":["GET"]}}],"collection":[{"href":"https:\/\/gemeinsam-fuer-dernbach.de\/en\/wp-json\/wp\/v2\/posts"}],"about":[{"href":"https:\/\/gemeinsam-fuer-dernbach.de\/en\/wp-json\/wp\/v2\/types\/post"}],"author":[{"embeddable":true,"href":"https:\/\/gemeinsam-fuer-dernbach.de\/en\/wp-json\/wp\/v2\/users\/1"}],"replies":[{"embeddable":true,"href":"https:\/\/gemeinsam-fuer-dernbach.de\/en\/wp-json\/wp\/v2\/comments?post=340"}],"version-history":[{"count":5,"href":"https:\/\/gemeinsam-fuer-dernbach.de\/en\/wp-json\/wp\/v2\/posts\/340\/revisions"}],"predecessor-version":[{"id":1197,"href":"https:\/\/gemeinsam-fuer-dernbach.de\/en\/wp-json\/wp\/v2\/posts\/340\/revisions\/1197"}],"wp:attachment":[{"href":"https:\/\/gemeinsam-fuer-dernbach.de\/en\/wp-json\/wp\/v2\/media?parent=340"}],"wp:term":[{"taxonomy":"category","embeddable":true,"href":"https:\/\/gemeinsam-fuer-dernbach.de\/en\/wp-json\/wp\/v2\/categories?post=340"},{"taxonomy":"post_tag","embeddable":true,"href":"https:\/\/gemeinsam-fuer-dernbach.de\/en\/wp-json\/wp\/v2\/tags?post=340"}],"curies":[{"name":"wp","href":"https:\/\/api.w.org\/{rel}","templated":true}]}}