{"id":665,"date":"2024-08-30T19:02:07","date_gmt":"2024-08-30T18:02:07","guid":{"rendered":"https:\/\/gemeinsam-fuer-dernbach.de\/?p=665"},"modified":"2025-03-07T20:13:25","modified_gmt":"2025-03-07T19:13:25","slug":"premiere-waehlergruppe-jankowitsch-nun-im-ortsgemeinderat","status":"publish","type":"post","link":"https:\/\/gemeinsam-fuer-dernbach.de\/en\/premiere-waehlergruppe-jankowitsch-nun-im-ortsgemeinderat","title":{"rendered":"Premiere: Voter group Jankowitsch now in the local council"},"content":{"rendered":"<p class=\"wp-block-paragraph\"><style>\/*! elementor - v3.23.0 - 05-08-2024 *\/<br \/>\n.elementor-widget-image{text-align:center}.elementor-widget-image a{display:inline-block}.elementor-widget-image a img[src$=\".svg\"]{width:48px}.elementor-widget-image img{vertical-align:middle;display:inline-block}<\/style><\/p>\n\n\n\n<figure class=\"wp-block-image\"><img decoding=\"async\" src=\"https:\/\/gemeinsam-fuer-dernbach.de\/wp-content\/uploads\/2024\/08\/Gemeinderatsmitglieder_c.jpeg\" alt=\"The faction team in the municipal council in front of the municipal centre\"\/><\/figure>\n\n\n\n<p class=\"wp-block-paragraph\"><\/p>\n\n\n\n<p class=\"wp-block-paragraph\">The day before yesterday it was finally time: Our newly elected local council was officially introduced into office by the re-elected mayor Ferdi D\u00fcber. The Council was obliged by a handshake and thus heralded the start of a new term of office.<\/p>\n\n\n\n<p class=\"wp-block-paragraph\">For us \u2013 Alessa Bode, Stefan G\u00f6rg, Stefan Heinz, Cosimo Jankowitsch, Frank K\u00f6hn and Dr Manuel Misgeld \u2013 work on the Dernbach municipal council has now officially started. We look forward to actively participating in the various committees and representing the interests of our citizens.<\/p>\n\n\n\n<p class=\"wp-block-paragraph\">The first official date is just around the corner: Next <strong>Wednesday 4 September 2024<\/strong>, to <strong>7 p.m.<\/strong> The first meeting with important content takes place in the council hall of the Dernbach town hall, including the fee schedule of the community center, town hall and sports field building. All interested parties are cordially invited to join us and get an idea of our work.<\/p>\n\n\n\n<p class=\"wp-block-paragraph\">At this point, we would like to once again <strong>Many thanks to everyone,<\/strong> They trusted us with their vote. Your support is our incentive to work with full commitment for an even more livable Dernbach.<\/p>\n\n\n\n<p class=\"wp-block-paragraph\">In order to keep you up to date, we will regularly report on the developments in the Council via our homepage and social networks. We would also like to invite you as the Yankovich voter group to regular meetings. Together we can develop and implement ideas to further improve our beautiful village for all generations.<\/p>\n\n\n\n<p class=\"wp-block-paragraph\">We are looking forward to the upcoming tasks and to <strong>Together with you the future of Dernbach<\/strong> to design!<\/p>","protected":false},"excerpt":{"rendered":"<p>The day before yesterday it was finally time: Our newly elected local council was officially introduced into office by the re-elected mayor Ferdi D\u00fcber. By handshake, the Council was obliged and thus the [...]<\/p>","protected":false},"author":2,"featured_media":0,"comment_status":"closed","ping_status":"open","sticky":false,"template":"","format":"standard","meta":{"_price":"","_stock":"","_tribe_ticket_header":"","_tribe_default_ticket_provider":"","_tribe_ticket_capacity":"0","_ticket_start_date":"","_ticket_end_date":"","_tribe_ticket_show_description":"","_tribe_ticket_show_not_going":false,"_tribe_ticket_use_global_stock":"","_tribe_ticket_global_stock_level":"","_global_stock_mode":"","_global_stock_cap":"","_tribe_rsvp_for_event":"","_tribe_ticket_going_count":"","_tribe_ticket_not_going_count":"","_tribe_tickets_list":"[]","_tribe_ticket_has_attendee_info_fields":false,"_EventAllDay":false,"_EventTimezone":"","_EventStartDate":"","_EventEndDate":"","_EventStartDateUTC":"","_EventEndDateUTC":"","_EventShowMap":false,"_EventShowMapLink":false,"_EventURL":"","_EventCost":"","_EventCostDescription":"","_EventCurrencySymbol":"","_EventCurrencyCode":"","_EventCurrencyPosition":"","_EventDateTimeSeparator":"","_EventTimeRangeSeparator":"","_EventOrganizerID":[],"_EventVenueID":[],"_OrganizerEmail":"","_OrganizerPhone":"","_OrganizerWebsite":"","_VenueAddress":"","_VenueCity":"","_VenueCountry":"","_VenueProvince":"","_VenueState":"","_VenueZip":"","_VenuePhone":"","_VenueURL":"","_VenueStateProvince":"","_VenueLat":"","_VenueLng":"","_VenueShowMap":false,"_VenueShowMapLink":false,"footnotes":""},"categories":[10,9],"tags":[12,17,16],"class_list":["post-665","post","type-post","status-publish","format-standard","hentry","category-neues-aus-dem-gemeinderat","category-neues-von-uns","tag-gemeinsam-fuer-dernbach","tag-ortsgemeinderat","tag-waehlergruppe-jankowitsch"],"aioseo_notices":[],"aioseo_head":"\n\t\t<!-- All in One SEO 5.0.1.1 - aioseo.com -->\n\t<meta name=\"description\" content=\"Vorgestern war es endlich soweit: Unser neu gew\u00e4hlter Ortsgemeinderat wurde offiziell durch den wiedergew\u00e4hlten B\u00fcrgermeister Ferdi D\u00fcber in sein Amt eingef\u00fchrt. Per Handschlag wurde der Rat verpflichtet und damit der Beginn einer neuen Mandatsperiode eingel\u00e4utet. F\u00fcr uns \u2013 Alessa Bode, Stefan G\u00f6rg, Stefan Heinz, Cosimo Jankowitsch, Frank K\u00f6hn und Dr. Manuel Misgeld \u2013 hat nun\" \/>\n\t<meta name=\"robots\" content=\"max-image-preview:large\" \/>\n\t<meta name=\"author\" content=\"GfD_Manuel\"\/>\n\t<link rel=\"canonical\" href=\"https:\/\/gemeinsam-fuer-dernbach.de\/en\/premiere-waehlergruppe-jankowitsch-nun-im-ortsgemeinderat\" \/>\n\t<meta name=\"generator\" content=\"All in One SEO (AIOSEO) 5.0.1.1\" \/>\n\t\t<meta property=\"og:locale\" content=\"en_GB\" \/>\n\t\t<meta property=\"og:site_name\" content=\"Gemeinsam f\u00fcr Dernbach - Gemeinsam f\u00fcr Dernbach - Website der W\u00e4hlergruppe Jankowitsch\" \/>\n\t\t<meta property=\"og:type\" content=\"article\" \/>\n\t\t<meta property=\"og:title\" content=\"Premiere: W\u00e4hlergruppe Jankowitsch nun im Ortsgemeinderat - Gemeinsam f\u00fcr Dernbach\" \/>\n\t\t<meta property=\"og:description\" content=\"Vorgestern war es endlich soweit: Unser neu gew\u00e4hlter Ortsgemeinderat wurde offiziell durch den wiedergew\u00e4hlten B\u00fcrgermeister Ferdi D\u00fcber in sein Amt eingef\u00fchrt. Per Handschlag wurde der Rat verpflichtet und damit der Beginn einer neuen Mandatsperiode eingel\u00e4utet. F\u00fcr uns \u2013 Alessa Bode, Stefan G\u00f6rg, Stefan Heinz, Cosimo Jankowitsch, Frank K\u00f6hn und Dr. Manuel Misgeld \u2013 hat nun\" \/>\n\t\t<meta property=\"og:url\" content=\"https:\/\/gemeinsam-fuer-dernbach.de\/en\/premiere-waehlergruppe-jankowitsch-nun-im-ortsgemeinderat\" \/>\n\t\t<meta property=\"og:image\" content=\"https:\/\/gemeinsam-fuer-dernbach.de\/wp-content\/uploads\/2024\/12\/cropped-Button.png\" \/>\n\t\t<meta property=\"og:image:secure_url\" content=\"https:\/\/gemeinsam-fuer-dernbach.de\/wp-content\/uploads\/2024\/12\/cropped-Button.png\" \/>\n\t\t<meta property=\"og:image:width\" content=\"512\" \/>\n\t\t<meta property=\"og:image:height\" content=\"512\" \/>\n\t\t<meta property=\"article:published_time\" content=\"2024-08-30T18:02:07+00:00\" \/>\n\t\t<meta property=\"article:modified_time\" content=\"2025-03-07T19:13:25+00:00\" \/>\n\t\t<meta property=\"article:publisher\" content=\"https:\/\/www.facebook.com\/gemeinsam.fuer.dernbach\/\" \/>\n\t\t<meta name=\"twitter:card\" content=\"summary_large_image\" \/>\n\t\t<meta name=\"twitter:title\" content=\"Premiere: W\u00e4hlergruppe Jankowitsch nun im Ortsgemeinderat - Gemeinsam f\u00fcr Dernbach\" \/>\n\t\t<meta name=\"twitter:description\" content=\"Vorgestern war es endlich soweit: Unser neu gew\u00e4hlter Ortsgemeinderat wurde offiziell durch den wiedergew\u00e4hlten B\u00fcrgermeister Ferdi D\u00fcber in sein Amt eingef\u00fchrt. Per Handschlag wurde der Rat verpflichtet und damit der Beginn einer neuen Mandatsperiode eingel\u00e4utet. F\u00fcr uns \u2013 Alessa Bode, Stefan G\u00f6rg, Stefan Heinz, Cosimo Jankowitsch, Frank K\u00f6hn und Dr. Manuel Misgeld \u2013 hat nun\" \/>\n\t\t<meta name=\"twitter:image\" content=\"https:\/\/gemeinsam-fuer-dernbach.de\/wp-content\/uploads\/2024\/12\/cropped-Button.png\" \/>\n\t\t<script type=\"application\/ld+json\" class=\"aioseo-schema\">\n\t\t\t{\"@context\":\"https:\\\/\\\/schema.org\",\"@graph\":[{\"@type\":\"BlogPosting\",\"@id\":\"https:\\\/\\\/gemeinsam-fuer-dernbach.de\\\/en\\\/premiere-waehlergruppe-jankowitsch-nun-im-ortsgemeinderat#blogposting\",\"name\":\"Premiere: W\\u00e4hlergruppe Jankowitsch nun im Ortsgemeinderat - Gemeinsam f\\u00fcr Dernbach\",\"headline\":\"Premiere: W\\u00e4hlergruppe Jankowitsch nun im Ortsgemeinderat\",\"author\":{\"@id\":\"https:\\\/\\\/gemeinsam-fuer-dernbach.de\\\/en\\\/author\\\/gfd_manuel#author\"},\"publisher\":{\"@id\":\"https:\\\/\\\/gemeinsam-fuer-dernbach.de\\\/en\\\/#organization\"},\"image\":{\"@type\":\"ImageObject\",\"url\":\"https:\\\/\\\/gemeinsam-fuer-dernbach.de\\\/wp-content\\\/uploads\\\/2024\\\/08\\\/Gemeinderatsmitglieder_c.jpeg\",\"@id\":\"https:\\\/\\\/gemeinsam-fuer-dernbach.de\\\/en\\\/premiere-waehlergruppe-jankowitsch-nun-im-ortsgemeinderat\\\/#articleImage\",\"width\":976,\"height\":1020,\"caption\":\"Von links nach rechts: Dr. Manuel Misgeld, Cosimo Jankowitsch, Stefan G\\u00f6rg, Frank K\\u00f6hn, Alessa Bode, Stefan Heinz\"},\"datePublished\":\"2024-08-30T19:02:07+01:00\",\"dateModified\":\"2025-03-07T20:13:25+01:00\",\"inLanguage\":\"en-GB\",\"mainEntityOfPage\":{\"@id\":\"https:\\\/\\\/gemeinsam-fuer-dernbach.de\\\/en\\\/premiere-waehlergruppe-jankowitsch-nun-im-ortsgemeinderat#webpage\"},\"isPartOf\":{\"@id\":\"https:\\\/\\\/gemeinsam-fuer-dernbach.de\\\/en\\\/premiere-waehlergruppe-jankowitsch-nun-im-ortsgemeinderat#webpage\"},\"articleSection\":\"Neues aus dem Gemeinderat, Neues von uns, Gemeinsam f\\u00fcr Dernbach, Ortsgemeinderat, W\\u00e4hlergruppe Jankowitsch\"},{\"@type\":\"BreadcrumbList\",\"@id\":\"https:\\\/\\\/gemeinsam-fuer-dernbach.de\\\/en\\\/premiere-waehlergruppe-jankowitsch-nun-im-ortsgemeinderat#breadcrumblist\",\"itemListElement\":[{\"@type\":\"ListItem\",\"@id\":\"https:\\\/\\\/gemeinsam-fuer-dernbach.de\\\/en#listItem\",\"position\":1,\"name\":\"Home\",\"item\":\"https:\\\/\\\/gemeinsam-fuer-dernbach.de\\\/en\",\"nextItem\":{\"@type\":\"ListItem\",\"@id\":\"https:\\\/\\\/gemeinsam-fuer-dernbach.de\\\/en\\\/category\\\/neues-von-uns#listItem\",\"name\":\"Neues von uns\"}},{\"@type\":\"ListItem\",\"@id\":\"https:\\\/\\\/gemeinsam-fuer-dernbach.de\\\/en\\\/category\\\/neues-von-uns#listItem\",\"position\":2,\"name\":\"Neues von uns\",\"item\":\"https:\\\/\\\/gemeinsam-fuer-dernbach.de\\\/en\\\/category\\\/neues-von-uns\",\"nextItem\":{\"@type\":\"ListItem\",\"@id\":\"https:\\\/\\\/gemeinsam-fuer-dernbach.de\\\/en\\\/premiere-waehlergruppe-jankowitsch-nun-im-ortsgemeinderat#listItem\",\"name\":\"Premiere: W\\u00e4hlergruppe Jankowitsch nun im Ortsgemeinderat\"},\"previousItem\":{\"@type\":\"ListItem\",\"@id\":\"https:\\\/\\\/gemeinsam-fuer-dernbach.de\\\/en#listItem\",\"name\":\"Home\"}},{\"@type\":\"ListItem\",\"@id\":\"https:\\\/\\\/gemeinsam-fuer-dernbach.de\\\/en\\\/premiere-waehlergruppe-jankowitsch-nun-im-ortsgemeinderat#listItem\",\"position\":3,\"name\":\"Premiere: W\\u00e4hlergruppe Jankowitsch nun im Ortsgemeinderat\",\"previousItem\":{\"@type\":\"ListItem\",\"@id\":\"https:\\\/\\\/gemeinsam-fuer-dernbach.de\\\/en\\\/category\\\/neues-von-uns#listItem\",\"name\":\"Neues von uns\"}}]},{\"@type\":\"Organization\",\"@id\":\"https:\\\/\\\/gemeinsam-fuer-dernbach.de\\\/en\\\/#organization\",\"name\":\"Gemeinsam f\\u00fcr Dernbach\",\"description\":\"Gemeinsam f\\u00fcr Dernbach - Website der W\\u00e4hlergruppe Jankowitsch\",\"url\":\"https:\\\/\\\/gemeinsam-fuer-dernbach.de\\\/en\\\/\",\"logo\":{\"@type\":\"ImageObject\",\"url\":\"https:\\\/\\\/gemeinsam-fuer-dernbach.de\\\/wp-content\\\/uploads\\\/2024\\\/12\\\/cropped-Button.png\",\"@id\":\"https:\\\/\\\/gemeinsam-fuer-dernbach.de\\\/en\\\/premiere-waehlergruppe-jankowitsch-nun-im-ortsgemeinderat\\\/#organizationLogo\",\"width\":512,\"height\":512,\"caption\":\"Gemeinsam f\\u00fcr Dernbach\"},\"image\":{\"@id\":\"https:\\\/\\\/gemeinsam-fuer-dernbach.de\\\/en\\\/premiere-waehlergruppe-jankowitsch-nun-im-ortsgemeinderat\\\/#organizationLogo\"},\"sameAs\":[\"https:\\\/\\\/www.facebook.com\\\/gemeinsam.fuer.dernbach\\\/\",\"https:\\\/\\\/www.instagram.com\\\/gemeinsam_fuer_dernbach\\\/\"]},{\"@type\":\"Person\",\"@id\":\"https:\\\/\\\/gemeinsam-fuer-dernbach.de\\\/en\\\/author\\\/gfd_manuel#author\",\"url\":\"https:\\\/\\\/gemeinsam-fuer-dernbach.de\\\/en\\\/author\\\/gfd_manuel\",\"name\":\"GfD_Manuel\"},{\"@type\":\"WebPage\",\"@id\":\"https:\\\/\\\/gemeinsam-fuer-dernbach.de\\\/en\\\/premiere-waehlergruppe-jankowitsch-nun-im-ortsgemeinderat#webpage\",\"url\":\"https:\\\/\\\/gemeinsam-fuer-dernbach.de\\\/en\\\/premiere-waehlergruppe-jankowitsch-nun-im-ortsgemeinderat\",\"name\":\"Premiere: W\\u00e4hlergruppe Jankowitsch nun im Ortsgemeinderat - Gemeinsam f\\u00fcr Dernbach\",\"description\":\"Vorgestern war es endlich soweit: Unser neu gew\\u00e4hlter Ortsgemeinderat wurde offiziell durch den wiedergew\\u00e4hlten B\\u00fcrgermeister Ferdi D\\u00fcber in sein Amt eingef\\u00fchrt. Per Handschlag wurde der Rat verpflichtet und damit der Beginn einer neuen Mandatsperiode eingel\\u00e4utet. F\\u00fcr uns \\u2013 Alessa Bode, Stefan G\\u00f6rg, Stefan Heinz, Cosimo Jankowitsch, Frank K\\u00f6hn und Dr. Manuel Misgeld \\u2013 hat nun\",\"inLanguage\":\"en-GB\",\"isPartOf\":{\"@id\":\"https:\\\/\\\/gemeinsam-fuer-dernbach.de\\\/en\\\/#website\"},\"breadcrumb\":{\"@id\":\"https:\\\/\\\/gemeinsam-fuer-dernbach.de\\\/en\\\/premiere-waehlergruppe-jankowitsch-nun-im-ortsgemeinderat#breadcrumblist\"},\"author\":{\"@id\":\"https:\\\/\\\/gemeinsam-fuer-dernbach.de\\\/en\\\/author\\\/gfd_manuel#author\"},\"creator\":{\"@id\":\"https:\\\/\\\/gemeinsam-fuer-dernbach.de\\\/en\\\/author\\\/gfd_manuel#author\"},\"datePublished\":\"2024-08-30T19:02:07+01:00\",\"dateModified\":\"2025-03-07T20:13:25+01:00\"},{\"@type\":\"WebSite\",\"@id\":\"https:\\\/\\\/gemeinsam-fuer-dernbach.de\\\/en\\\/#website\",\"url\":\"https:\\\/\\\/gemeinsam-fuer-dernbach.de\\\/en\\\/\",\"name\":\"Gemeinsam f\\u00fcr Dernbach\",\"description\":\"Gemeinsam f\\u00fcr Dernbach - Website der W\\u00e4hlergruppe Jankowitsch\",\"inLanguage\":\"en-GB\",\"publisher\":{\"@id\":\"https:\\\/\\\/gemeinsam-fuer-dernbach.de\\\/en\\\/#organization\"}}]}\n\t\t<\/script>\n\t\t<!-- All in One SEO -->\n\n","aioseo_head_json":{"title":"Premiere: W\u00e4hlergruppe Jankowitsch nun im Ortsgemeinderat - Gemeinsam f\u00fcr Dernbach","description":"Vorgestern war es endlich soweit: Unser neu gew\u00e4hlter Ortsgemeinderat wurde offiziell durch den wiedergew\u00e4hlten B\u00fcrgermeister Ferdi D\u00fcber in sein Amt eingef\u00fchrt. Per Handschlag wurde der Rat verpflichtet und damit der Beginn einer neuen Mandatsperiode eingel\u00e4utet. F\u00fcr uns \u2013 Alessa Bode, Stefan G\u00f6rg, Stefan Heinz, Cosimo Jankowitsch, Frank K\u00f6hn und Dr. Manuel Misgeld \u2013 hat nun","canonical_url":"https:\/\/gemeinsam-fuer-dernbach.de\/en\/premiere-waehlergruppe-jankowitsch-nun-im-ortsgemeinderat","robots":"max-image-preview:large","keywords":"","webmasterTools":{"miscellaneous":""},"schema":{"@context":"https:\/\/schema.org","@graph":[{"@type":"BlogPosting","@id":"https:\/\/gemeinsam-fuer-dernbach.de\/en\/premiere-waehlergruppe-jankowitsch-nun-im-ortsgemeinderat#blogposting","name":"Premiere: W\u00e4hlergruppe Jankowitsch nun im Ortsgemeinderat - Gemeinsam f\u00fcr Dernbach","headline":"Premiere: W\u00e4hlergruppe Jankowitsch nun im Ortsgemeinderat","author":{"@id":"https:\/\/gemeinsam-fuer-dernbach.de\/en\/author\/gfd_manuel#author"},"publisher":{"@id":"https:\/\/gemeinsam-fuer-dernbach.de\/en\/#organization"},"image":{"@type":"ImageObject","url":"https:\/\/gemeinsam-fuer-dernbach.de\/wp-content\/uploads\/2024\/08\/Gemeinderatsmitglieder_c.jpeg","@id":"https:\/\/gemeinsam-fuer-dernbach.de\/en\/premiere-waehlergruppe-jankowitsch-nun-im-ortsgemeinderat\/#articleImage","width":976,"height":1020,"caption":"Von links nach rechts: Dr. Manuel Misgeld, Cosimo Jankowitsch, Stefan G\u00f6rg, Frank K\u00f6hn, Alessa Bode, Stefan Heinz"},"datePublished":"2024-08-30T19:02:07+01:00","dateModified":"2025-03-07T20:13:25+01:00","inLanguage":"en-GB","mainEntityOfPage":{"@id":"https:\/\/gemeinsam-fuer-dernbach.de\/en\/premiere-waehlergruppe-jankowitsch-nun-im-ortsgemeinderat#webpage"},"isPartOf":{"@id":"https:\/\/gemeinsam-fuer-dernbach.de\/en\/premiere-waehlergruppe-jankowitsch-nun-im-ortsgemeinderat#webpage"},"articleSection":"Neues aus dem Gemeinderat, Neues von uns, Gemeinsam f\u00fcr Dernbach, Ortsgemeinderat, W\u00e4hlergruppe Jankowitsch"},{"@type":"BreadcrumbList","@id":"https:\/\/gemeinsam-fuer-dernbach.de\/en\/premiere-waehlergruppe-jankowitsch-nun-im-ortsgemeinderat#breadcrumblist","itemListElement":[{"@type":"ListItem","@id":"https:\/\/gemeinsam-fuer-dernbach.de\/en#listItem","position":1,"name":"Home","item":"https:\/\/gemeinsam-fuer-dernbach.de\/en","nextItem":{"@type":"ListItem","@id":"https:\/\/gemeinsam-fuer-dernbach.de\/en\/category\/neues-von-uns#listItem","name":"Neues von uns"}},{"@type":"ListItem","@id":"https:\/\/gemeinsam-fuer-dernbach.de\/en\/category\/neues-von-uns#listItem","position":2,"name":"Neues von uns","item":"https:\/\/gemeinsam-fuer-dernbach.de\/en\/category\/neues-von-uns","nextItem":{"@type":"ListItem","@id":"https:\/\/gemeinsam-fuer-dernbach.de\/en\/premiere-waehlergruppe-jankowitsch-nun-im-ortsgemeinderat#listItem","name":"Premiere: W\u00e4hlergruppe Jankowitsch nun im Ortsgemeinderat"},"previousItem":{"@type":"ListItem","@id":"https:\/\/gemeinsam-fuer-dernbach.de\/en#listItem","name":"Home"}},{"@type":"ListItem","@id":"https:\/\/gemeinsam-fuer-dernbach.de\/en\/premiere-waehlergruppe-jankowitsch-nun-im-ortsgemeinderat#listItem","position":3,"name":"Premiere: W\u00e4hlergruppe Jankowitsch nun im Ortsgemeinderat","previousItem":{"@type":"ListItem","@id":"https:\/\/gemeinsam-fuer-dernbach.de\/en\/category\/neues-von-uns#listItem","name":"Neues von uns"}}]},{"@type":"Organization","@id":"https:\/\/gemeinsam-fuer-dernbach.de\/en\/#organization","name":"Gemeinsam f\u00fcr Dernbach","description":"Gemeinsam f\u00fcr Dernbach - Website der W\u00e4hlergruppe Jankowitsch","url":"https:\/\/gemeinsam-fuer-dernbach.de\/en\/","logo":{"@type":"ImageObject","url":"https:\/\/gemeinsam-fuer-dernbach.de\/wp-content\/uploads\/2024\/12\/cropped-Button.png","@id":"https:\/\/gemeinsam-fuer-dernbach.de\/en\/premiere-waehlergruppe-jankowitsch-nun-im-ortsgemeinderat\/#organizationLogo","width":512,"height":512,"caption":"Gemeinsam f\u00fcr Dernbach"},"image":{"@id":"https:\/\/gemeinsam-fuer-dernbach.de\/en\/premiere-waehlergruppe-jankowitsch-nun-im-ortsgemeinderat\/#organizationLogo"},"sameAs":["https:\/\/www.facebook.com\/gemeinsam.fuer.dernbach\/","https:\/\/www.instagram.com\/gemeinsam_fuer_dernbach\/"]},{"@type":"Person","@id":"https:\/\/gemeinsam-fuer-dernbach.de\/en\/author\/gfd_manuel#author","url":"https:\/\/gemeinsam-fuer-dernbach.de\/en\/author\/gfd_manuel","name":"GfD_Manuel"},{"@type":"WebPage","@id":"https:\/\/gemeinsam-fuer-dernbach.de\/en\/premiere-waehlergruppe-jankowitsch-nun-im-ortsgemeinderat#webpage","url":"https:\/\/gemeinsam-fuer-dernbach.de\/en\/premiere-waehlergruppe-jankowitsch-nun-im-ortsgemeinderat","name":"Premiere: W\u00e4hlergruppe Jankowitsch nun im Ortsgemeinderat - Gemeinsam f\u00fcr Dernbach","description":"Vorgestern war es endlich soweit: Unser neu gew\u00e4hlter Ortsgemeinderat wurde offiziell durch den wiedergew\u00e4hlten B\u00fcrgermeister Ferdi D\u00fcber in sein Amt eingef\u00fchrt. Per Handschlag wurde der Rat verpflichtet und damit der Beginn einer neuen Mandatsperiode eingel\u00e4utet. F\u00fcr uns \u2013 Alessa Bode, Stefan G\u00f6rg, Stefan Heinz, Cosimo Jankowitsch, Frank K\u00f6hn und Dr. Manuel Misgeld \u2013 hat nun","inLanguage":"en-GB","isPartOf":{"@id":"https:\/\/gemeinsam-fuer-dernbach.de\/en\/#website"},"breadcrumb":{"@id":"https:\/\/gemeinsam-fuer-dernbach.de\/en\/premiere-waehlergruppe-jankowitsch-nun-im-ortsgemeinderat#breadcrumblist"},"author":{"@id":"https:\/\/gemeinsam-fuer-dernbach.de\/en\/author\/gfd_manuel#author"},"creator":{"@id":"https:\/\/gemeinsam-fuer-dernbach.de\/en\/author\/gfd_manuel#author"},"datePublished":"2024-08-30T19:02:07+01:00","dateModified":"2025-03-07T20:13:25+01:00"},{"@type":"WebSite","@id":"https:\/\/gemeinsam-fuer-dernbach.de\/en\/#website","url":"https:\/\/gemeinsam-fuer-dernbach.de\/en\/","name":"Gemeinsam f\u00fcr Dernbach","description":"Gemeinsam f\u00fcr Dernbach - Website der W\u00e4hlergruppe Jankowitsch","inLanguage":"en-GB","publisher":{"@id":"https:\/\/gemeinsam-fuer-dernbach.de\/en\/#organization"}}]},"og:locale":"en_GB","og:site_name":"Gemeinsam f\u00fcr Dernbach - Gemeinsam f\u00fcr Dernbach - Website der W\u00e4hlergruppe Jankowitsch","og:type":"article","og:title":"Premiere: W\u00e4hlergruppe Jankowitsch nun im Ortsgemeinderat - Gemeinsam f\u00fcr Dernbach","og:description":"Vorgestern war es endlich soweit: Unser neu gew\u00e4hlter Ortsgemeinderat wurde offiziell durch den wiedergew\u00e4hlten B\u00fcrgermeister Ferdi D\u00fcber in sein Amt eingef\u00fchrt. Per Handschlag wurde der Rat verpflichtet und damit der Beginn einer neuen Mandatsperiode eingel\u00e4utet. F\u00fcr uns \u2013 Alessa Bode, Stefan G\u00f6rg, Stefan Heinz, Cosimo Jankowitsch, Frank K\u00f6hn und Dr. Manuel Misgeld \u2013 hat nun","og:url":"https:\/\/gemeinsam-fuer-dernbach.de\/en\/premiere-waehlergruppe-jankowitsch-nun-im-ortsgemeinderat","og:image":"https:\/\/gemeinsam-fuer-dernbach.de\/wp-content\/uploads\/2024\/12\/cropped-Button.png","og:image:secure_url":"https:\/\/gemeinsam-fuer-dernbach.de\/wp-content\/uploads\/2024\/12\/cropped-Button.png","og:image:width":512,"og:image:height":512,"article:published_time":"2024-08-30T18:02:07+00:00","article:modified_time":"2025-03-07T19:13:25+00:00","article:publisher":"https:\/\/www.facebook.com\/gemeinsam.fuer.dernbach\/","twitter:card":"summary_large_image","twitter:title":"Premiere: W\u00e4hlergruppe Jankowitsch nun im Ortsgemeinderat - Gemeinsam f\u00fcr Dernbach","twitter:description":"Vorgestern war es endlich soweit: Unser neu gew\u00e4hlter Ortsgemeinderat wurde offiziell durch den wiedergew\u00e4hlten B\u00fcrgermeister Ferdi D\u00fcber in sein Amt eingef\u00fchrt. Per Handschlag wurde der Rat verpflichtet und damit der Beginn einer neuen Mandatsperiode eingel\u00e4utet. F\u00fcr uns \u2013 Alessa Bode, Stefan G\u00f6rg, Stefan Heinz, Cosimo Jankowitsch, Frank K\u00f6hn und Dr. Manuel Misgeld \u2013 hat nun","twitter:image":"https:\/\/gemeinsam-fuer-dernbach.de\/wp-content\/uploads\/2024\/12\/cropped-Button.png"},"aioseo_meta_data":{"post_id":"665","title":null,"description":null,"keywords":null,"keyphrases":{"focus":[],"additional":[]},"primary_term":null,"canonical_url":null,"og_title":null,"og_description":null,"og_object_type":"default","og_image_type":"default","og_image_url":null,"og_image_width":null,"og_image_height":null,"og_image_custom_url":null,"og_image_custom_fields":null,"og_video":null,"og_custom_url":null,"og_article_section":null,"og_article_tags":null,"twitter_use_og":false,"twitter_card":"default","twitter_image_type":"default","twitter_image_url":null,"twitter_image_custom_url":null,"twitter_image_custom_fields":null,"twitter_title":null,"twitter_description":null,"schema":{"blockGraphs":[],"customGraphs":[],"default":{"data":{"Article":[],"Course":[],"Dataset":[],"FAQPage":[],"Movie":[],"Person":[],"Product":[],"ProductReview":[],"Car":[],"Recipe":[],"Service":[],"SoftwareApplication":[],"WebPage":[]},"graphName":"","isEnabled":true},"graphs":[]},"schema_type":"default","schema_type_options":null,"pillar_content":false,"robots_default":true,"robots_noindex":false,"robots_noarchive":false,"robots_nosnippet":false,"robots_nofollow":false,"robots_noimageindex":false,"robots_noodp":false,"robots_notranslate":false,"robots_max_snippet":null,"robots_max_videopreview":null,"robots_max_imagepreview":"large","priority":null,"frequency":null,"local_seo":null,"breadcrumb_settings":null,"limit_modified_date":false,"ai":null,"created":"2025-06-24 20:04:55","updated":"2026-09-03 19:35:12","seo_analyzer_scan_date":null,"focus_keyword":null,"additional_keywords":null,"truseo_locale":null},"aioseo_breadcrumb":"<div class=\"aioseo-breadcrumbs\"><span class=\"aioseo-breadcrumb\">\n\t\t\t<a href=\"https:\/\/gemeinsam-fuer-dernbach.de\/en\" title=\"Home\">Home<\/a>\n\t\t<\/span><span class=\"aioseo-breadcrumb-separator\">&raquo;<\/span><span class=\"aioseo-breadcrumb\">\n\t\t\t<a href=\"https:\/\/gemeinsam-fuer-dernbach.de\/en\/category\/neues-von-uns\" title=\"Neues von uns\">Neues von uns<\/a>\n\t\t<\/span><span class=\"aioseo-breadcrumb-separator\">&raquo;<\/span><span class=\"aioseo-breadcrumb\">\n\t\t\tPremiere: W\u00e4hlergruppe Jankowitsch nun im Ortsgemeinderat\n\t\t<\/span><\/div>","aioseo_breadcrumb_json":[{"label":"Home","link":"https:\/\/gemeinsam-fuer-dernbach.de\/en"},{"label":"Neues von uns","link":"https:\/\/gemeinsam-fuer-dernbach.de\/en\/category\/neues-von-uns"},{"label":"Premiere: W\u00e4hlergruppe Jankowitsch nun im Ortsgemeinderat","link":"https:\/\/gemeinsam-fuer-dernbach.de\/en\/premiere-waehlergruppe-jankowitsch-nun-im-ortsgemeinderat"}],"_links":{"self":[{"href":"https:\/\/gemeinsam-fuer-dernbach.de\/en\/wp-json\/wp\/v2\/posts\/665","targetHints":{"allow":["GET"]}}],"collection":[{"href":"https:\/\/gemeinsam-fuer-dernbach.de\/en\/wp-json\/wp\/v2\/posts"}],"about":[{"href":"https:\/\/gemeinsam-fuer-dernbach.de\/en\/wp-json\/wp\/v2\/types\/post"}],"author":[{"embeddable":true,"href":"https:\/\/gemeinsam-fuer-dernbach.de\/en\/wp-json\/wp\/v2\/users\/2"}],"replies":[{"embeddable":true,"href":"https:\/\/gemeinsam-fuer-dernbach.de\/en\/wp-json\/wp\/v2\/comments?post=665"}],"version-history":[{"count":6,"href":"https:\/\/gemeinsam-fuer-dernbach.de\/en\/wp-json\/wp\/v2\/posts\/665\/revisions"}],"predecessor-version":[{"id":1201,"href":"https:\/\/gemeinsam-fuer-dernbach.de\/en\/wp-json\/wp\/v2\/posts\/665\/revisions\/1201"}],"wp:attachment":[{"href":"https:\/\/gemeinsam-fuer-dernbach.de\/en\/wp-json\/wp\/v2\/media?parent=665"}],"wp:term":[{"taxonomy":"category","embeddable":true,"href":"https:\/\/gemeinsam-fuer-dernbach.de\/en\/wp-json\/wp\/v2\/categories?post=665"},{"taxonomy":"post_tag","embeddable":true,"href":"https:\/\/gemeinsam-fuer-dernbach.de\/en\/wp-json\/wp\/v2\/tags?post=665"}],"curies":[{"name":"wp","href":"https:\/\/api.w.org\/{rel}","templated":true}]}}