{"id":728,"date":"2024-09-29T09:35:22","date_gmt":"2024-09-29T08:35:22","guid":{"rendered":"https:\/\/gemeinsam-fuer-dernbach.de\/?p=728"},"modified":"2025-07-01T22:19:20","modified_gmt":"2025-07-01T21:19:20","slug":"neues-aus-dem-gemeinderat-teil-3","status":"publish","type":"post","link":"https:\/\/gemeinsam-fuer-dernbach.de\/en\/neues-aus-dem-gemeinderat-teil-3","title":{"rendered":"News from the Municipal Council - 2nd meeting"},"content":{"rendered":"<p class=\"wp-block-paragraph\"><b>Meeting of 4 September<\/b><\/p>\n\n\n\n<p class=\"wp-block-paragraph\">We from <strong>Together for Dernbach <\/strong> would like to inform you regularly about the topics that are discussed and decided on in the local council. At the meeting on 4 September, several important points for our village were on the agenda.<\/p>\n\n\n\n<h3 class=\"wp-block-heading\">Non-public and public part of the meeting<\/h3>\n\n\n\n<p class=\"wp-block-paragraph\">As usual, the session started with a non-public part. Pursuant to \u00a7 20 of the Municipal Code, we are obliged to keep silent about the details and details dealt with in order to protect personal data as well as business and trade secrets.<\/p>\n\n\n\n<p class=\"wp-block-paragraph\">In the public part of the meeting, the local mayor announced the most important decisions and communications about which we can inform you. The municipal council took the following decisions:<\/p>\n\n\n\n<ul class=\"wp-block-list\">\n<li>Sale of a plot of land along the K148 in the direction of Staudt<\/li>\n\n\n\n<li>Concluding a gas concession contract.<\/li>\n<\/ul>\n\n\n\n<h3 class=\"wp-block-heading\">Finances and levies<\/h3>\n\n\n\n<p class=\"wp-block-paragraph\">The levies that Dernbach pays to the district and the Verbandsgemeinde amount to just over one million euros and are therefore within the budget. Dernbach can hope for almost 400,000 euros in allocations from the state of Rhineland-Palatinate.<\/p>\n\n\n\n<h3 class=\"wp-block-heading\">Fees for community centre, sports centre and town hall<\/h3>\n\n\n\n<p class=\"wp-block-paragraph\">With a proposal for a resolution submitted to us at the meeting, local associations should be able to use the premises free of charge for rehearsal work, board meetings and general meetings. We from <strong><br>Together for Dernbach <\/strong> express support for this project and have unanimously agreed to it. A correction note came from the CDU parliamentary group and the suggestion that the regulation should not be limited to local associations in order to enable non-profit initiatives to be used free of charge, which are not organised under association law. There was an indication that the mayor can waive the rent in justified individual cases according to the fee schedule.<\/p>\n\n\n\n<p class=\"wp-block-paragraph\">Our group member, Dr. Manuel Misgeld, noticed that only the community centre was mentioned in the proposal and asked that the decision also mention the sports centre and town hall. The mayor agreed to the correction. Manuel pointed out that the mayor must treat associations and initiatives equally when renouncing rent and suggested that a wording for charitable and charitable purposes be included in order to provide a framework for the mayor's decision. The leader of the CDU group rejected this and said that one should not restrict oneself here.<\/p>\n\n\n\n<h3 class=\"wp-block-heading\">purchases<\/h3>\n\n\n\n<p class=\"wp-block-paragraph\">The purchase of a new work basket for community work was considered useful. However, a direct award is only possible up to a contract value of 3,000 euros, which is why some additional components of the purchase should be deleted. Manuel asked if road safety was guaranteed even without these components, which the mayor confirmed.<\/p>\n\n\n\n<p class=\"wp-block-paragraph\">For the Council members, iPads are to be purchased to digitize the work in the Council. Our group member, Alessa Bode, noted that this is a low-cost offer. Presumably already favorable additional components (pins) are priced in. The discussion showed that cheaper competing products are out of the question, as the IT department of the association municipality procures, installs and configures the tablets for safe use exclusively for council work. A majority of council members expressed interest in the devices.<\/p>\n\n\n\n<h3 class=\"wp-block-heading\">Planning for Friedgarten<\/h3>\n\n\n\n<p class=\"wp-block-paragraph\">According to the mayor, the plans for the Friedgarten are progressing. However, the chances of a memoriam garden are currently poor.<\/p>\n\n\n\n<p class=\"wp-block-paragraph\">A memoriam garden offers urn graves for a fixed period (about 25 years), including care services. The Friedgarten, on the other hand, is to integrate urns decentrally in a plant field, with no remuneration for gardening services. Here, basalt columns with seating could be created, similar to the butterfly garden.<\/p>\n\n\n\n<p class=\"wp-block-paragraph\">Our group member, Stefan G\u00f6rg, suggested to also consider the option of own contribution. A resident suggested to visit the implementation of a Memoriam garden in Wirges, as it was provided with basalt steles and offered an easy-care design.<\/p>\n\n\n\n<h3 class=\"wp-block-heading\">Traffic problems in the Burgweg<\/h3>\n\n\n\n<p class=\"wp-block-paragraph\">On 25 September, a discussion was to take place in the community center to improve the traffic situation in the Burgweg. The issue of road blockages caused by parent taxis and buses has been the subject of repeated debates, but previous measures, including a traffic count during the holidays, have not been successful. Stefan explained the burden on local residents from his own experience.<\/p>\n\n\n\n<p class=\"wp-block-paragraph\">Unfortunately, this date had to be cancelled, because the order office of the Verbandsgemeinde Wirges could not allow participation.<\/p>\n\n\n\n<h3 class=\"wp-block-heading\">Honoring long-standing members of the Council<\/h3>\n\n\n\n<p class=\"wp-block-paragraph\">The adoption of the members of the former municipal council was postponed because the administration of the association municipality had already deleted the necessary addresses and could not send the invitation in time.<\/p>\n\n\n\n<p class=\"wp-block-paragraph\">Several council members were honored for their long-standing commitment, including the local mayor himself, who has been active in the municipal council for 45 years.<\/p>\n\n\n\n<h3 class=\"wp-block-heading\">outlook<\/h3>\n\n\n\n<p class=\"wp-block-paragraph\">The next meeting of the local council is scheduled for 9 October. As always, we will keep you up to date.<\/p>","protected":false},"excerpt":{"rendered":"<p>Together for Dernbach we would like to inform you regularly about the topics that are discussed and decided in the local council. At the September 4 meeting, [...]<\/p>","protected":false},"author":2,"featured_media":706,"comment_status":"closed","ping_status":"open","sticky":false,"template":"","format":"standard","meta":{"_price":"","_stock":"","_tribe_ticket_header":"","_tribe_default_ticket_provider":"","_tribe_ticket_capacity":"0","_ticket_start_date":"","_ticket_end_date":"","_tribe_ticket_show_description":"","_tribe_ticket_show_not_going":false,"_tribe_ticket_use_global_stock":"","_tribe_ticket_global_stock_level":"","_global_stock_mode":"","_global_stock_cap":"","_tribe_rsvp_for_event":"","_tribe_ticket_going_count":"","_tribe_ticket_not_going_count":"","_tribe_tickets_list":"[]","_tribe_ticket_has_attendee_info_fields":false,"_EventAllDay":false,"_EventTimezone":"","_EventStartDate":"","_EventEndDate":"","_EventStartDateUTC":"","_EventEndDateUTC":"","_EventShowMap":false,"_EventShowMapLink":false,"_EventURL":"","_EventCost":"","_EventCostDescription":"","_EventCurrencySymbol":"","_EventCurrencyCode":"","_EventCurrencyPosition":"","_EventDateTimeSeparator":"","_EventTimeRangeSeparator":"","_EventOrganizerID":[],"_EventVenueID":[],"_OrganizerEmail":"","_OrganizerPhone":"","_OrganizerWebsite":"","_VenueAddress":"","_VenueCity":"","_VenueCountry":"","_VenueProvince":"","_VenueState":"","_VenueZip":"","_VenuePhone":"","_VenueURL":"","_VenueStateProvince":"","_VenueLat":"","_VenueLng":"","_VenueShowMap":false,"_VenueShowMapLink":false,"footnotes":""},"categories":[10],"tags":[108,31,106,107,105],"class_list":["post-728","post","type-post","status-publish","format-standard","has-post-thumbnail","hentry","category-neues-aus-dem-gemeinderat","tag-digitalisierung","tag-friedgarten","tag-gaskonzession","tag-gebuehrenordnung","tag-grundstuecksverkauf"],"aioseo_notices":[],"aioseo_head":"\n\t\t<!-- All in One SEO 5.0.1.1 - aioseo.com -->\n\t<meta name=\"description\" content=\"Sitzung vom 4. September Wir von Gemeinsam f\u00fcr Dernbach m\u00f6chten euch regelm\u00e4\u00dfig \u00fcber die Themen informieren, die im Ortsgemeinderat besprochen und beschlossen werden. In der Sitzung am 4. September standen mehrere wichtige Punkte f\u00fcr unser Dorf auf der Tagesordnung. Nicht\u00f6ffentlicher und \u00f6ffentlicher Teil der Sitzung Wie \u00fcblich begann die Sitzung mit einem nicht\u00f6ffentlichen Teil. Gem\u00e4\u00df\" \/>\n\t<meta name=\"robots\" content=\"max-image-preview:large\" \/>\n\t<meta name=\"author\" content=\"GfD_Manuel\"\/>\n\t<link rel=\"canonical\" href=\"https:\/\/gemeinsam-fuer-dernbach.de\/en\/neues-aus-dem-gemeinderat-teil-3\" \/>\n\t<meta name=\"generator\" content=\"All in One SEO (AIOSEO) 5.0.1.1\" \/>\n\t\t<meta property=\"og:locale\" content=\"en_GB\" \/>\n\t\t<meta property=\"og:site_name\" content=\"Gemeinsam f\u00fcr Dernbach - Gemeinsam f\u00fcr Dernbach - Website der W\u00e4hlergruppe Jankowitsch\" \/>\n\t\t<meta property=\"og:type\" content=\"article\" \/>\n\t\t<meta property=\"og:title\" content=\"Neues aus dem Gemeinderat \u2013 2. Sitzung - Gemeinsam f\u00fcr Dernbach\" \/>\n\t\t<meta property=\"og:description\" content=\"Sitzung vom 4. September Wir von Gemeinsam f\u00fcr Dernbach m\u00f6chten euch regelm\u00e4\u00dfig \u00fcber die Themen informieren, die im Ortsgemeinderat besprochen und beschlossen werden. In der Sitzung am 4. September standen mehrere wichtige Punkte f\u00fcr unser Dorf auf der Tagesordnung. Nicht\u00f6ffentlicher und \u00f6ffentlicher Teil der Sitzung Wie \u00fcblich begann die Sitzung mit einem nicht\u00f6ffentlichen Teil. Gem\u00e4\u00df\" \/>\n\t\t<meta property=\"og:url\" content=\"https:\/\/gemeinsam-fuer-dernbach.de\/en\/neues-aus-dem-gemeinderat-teil-3\" \/>\n\t\t<meta property=\"og:image\" content=\"https:\/\/gemeinsam-fuer-dernbach.de\/wp-content\/uploads\/2024\/12\/cropped-Button.png\" \/>\n\t\t<meta property=\"og:image:secure_url\" content=\"https:\/\/gemeinsam-fuer-dernbach.de\/wp-content\/uploads\/2024\/12\/cropped-Button.png\" \/>\n\t\t<meta property=\"og:image:width\" content=\"512\" \/>\n\t\t<meta property=\"og:image:height\" content=\"512\" \/>\n\t\t<meta property=\"article:published_time\" content=\"2024-09-29T08:35:22+00:00\" \/>\n\t\t<meta property=\"article:modified_time\" content=\"2025-07-01T21:19:20+00:00\" \/>\n\t\t<meta property=\"article:publisher\" content=\"https:\/\/www.facebook.com\/gemeinsam.fuer.dernbach\/\" \/>\n\t\t<meta name=\"twitter:card\" content=\"summary_large_image\" \/>\n\t\t<meta name=\"twitter:title\" content=\"Neues aus dem Gemeinderat \u2013 2. Sitzung - Gemeinsam f\u00fcr Dernbach\" \/>\n\t\t<meta name=\"twitter:description\" content=\"Sitzung vom 4. September Wir von Gemeinsam f\u00fcr Dernbach m\u00f6chten euch regelm\u00e4\u00dfig \u00fcber die Themen informieren, die im Ortsgemeinderat besprochen und beschlossen werden. In der Sitzung am 4. September standen mehrere wichtige Punkte f\u00fcr unser Dorf auf der Tagesordnung. Nicht\u00f6ffentlicher und \u00f6ffentlicher Teil der Sitzung Wie \u00fcblich begann die Sitzung mit einem nicht\u00f6ffentlichen Teil. Gem\u00e4\u00df\" \/>\n\t\t<meta name=\"twitter:image\" content=\"https:\/\/gemeinsam-fuer-dernbach.de\/wp-content\/uploads\/2024\/12\/cropped-Button.png\" \/>\n\t\t<script type=\"application\/ld+json\" class=\"aioseo-schema\">\n\t\t\t{\"@context\":\"https:\\\/\\\/schema.org\",\"@graph\":[{\"@type\":\"BlogPosting\",\"@id\":\"https:\\\/\\\/gemeinsam-fuer-dernbach.de\\\/en\\\/neues-aus-dem-gemeinderat-teil-3#blogposting\",\"name\":\"Neues aus dem Gemeinderat \\u2013 2. Sitzung - Gemeinsam f\\u00fcr Dernbach\",\"headline\":\"Neues aus dem Gemeinderat &#8211; 2. Sitzung\",\"author\":{\"@id\":\"https:\\\/\\\/gemeinsam-fuer-dernbach.de\\\/en\\\/author\\\/gfd_manuel#author\"},\"publisher\":{\"@id\":\"https:\\\/\\\/gemeinsam-fuer-dernbach.de\\\/en\\\/#organization\"},\"image\":{\"@type\":\"ImageObject\",\"url\":\"https:\\\/\\\/gemeinsam-fuer-dernbach.de\\\/wp-content\\\/uploads\\\/2024\\\/09\\\/Neues-Gemeiderat.jpeg\",\"width\":859,\"height\":864,\"caption\":\"Neues aus dem Gemeinderat - Gemeinsam f\\u00fcr Dernbach berichtet\"},\"datePublished\":\"2024-09-29T09:35:22+01:00\",\"dateModified\":\"2025-07-01T22:19:20+01:00\",\"inLanguage\":\"en-GB\",\"mainEntityOfPage\":{\"@id\":\"https:\\\/\\\/gemeinsam-fuer-dernbach.de\\\/en\\\/neues-aus-dem-gemeinderat-teil-3#webpage\"},\"isPartOf\":{\"@id\":\"https:\\\/\\\/gemeinsam-fuer-dernbach.de\\\/en\\\/neues-aus-dem-gemeinderat-teil-3#webpage\"},\"articleSection\":\"Neues aus dem Gemeinderat, Digitalisierung, Friedgarten, Gaskonzession, Geb\\u00fchrenordnung, Grundst\\u00fccksverkauf\"},{\"@type\":\"BreadcrumbList\",\"@id\":\"https:\\\/\\\/gemeinsam-fuer-dernbach.de\\\/en\\\/neues-aus-dem-gemeinderat-teil-3#breadcrumblist\",\"itemListElement\":[{\"@type\":\"ListItem\",\"@id\":\"https:\\\/\\\/gemeinsam-fuer-dernbach.de\\\/en#listItem\",\"position\":1,\"name\":\"Home\",\"item\":\"https:\\\/\\\/gemeinsam-fuer-dernbach.de\\\/en\",\"nextItem\":{\"@type\":\"ListItem\",\"@id\":\"https:\\\/\\\/gemeinsam-fuer-dernbach.de\\\/en\\\/category\\\/neues-aus-dem-gemeinderat#listItem\",\"name\":\"Neues aus dem Gemeinderat\"}},{\"@type\":\"ListItem\",\"@id\":\"https:\\\/\\\/gemeinsam-fuer-dernbach.de\\\/en\\\/category\\\/neues-aus-dem-gemeinderat#listItem\",\"position\":2,\"name\":\"Neues aus dem Gemeinderat\",\"item\":\"https:\\\/\\\/gemeinsam-fuer-dernbach.de\\\/en\\\/category\\\/neues-aus-dem-gemeinderat\",\"nextItem\":{\"@type\":\"ListItem\",\"@id\":\"https:\\\/\\\/gemeinsam-fuer-dernbach.de\\\/en\\\/neues-aus-dem-gemeinderat-teil-3#listItem\",\"name\":\"Neues aus dem Gemeinderat &#8211; 2. Sitzung\"},\"previousItem\":{\"@type\":\"ListItem\",\"@id\":\"https:\\\/\\\/gemeinsam-fuer-dernbach.de\\\/en#listItem\",\"name\":\"Home\"}},{\"@type\":\"ListItem\",\"@id\":\"https:\\\/\\\/gemeinsam-fuer-dernbach.de\\\/en\\\/neues-aus-dem-gemeinderat-teil-3#listItem\",\"position\":3,\"name\":\"Neues aus dem Gemeinderat &#8211; 2. Sitzung\",\"previousItem\":{\"@type\":\"ListItem\",\"@id\":\"https:\\\/\\\/gemeinsam-fuer-dernbach.de\\\/en\\\/category\\\/neues-aus-dem-gemeinderat#listItem\",\"name\":\"Neues aus dem Gemeinderat\"}}]},{\"@type\":\"Organization\",\"@id\":\"https:\\\/\\\/gemeinsam-fuer-dernbach.de\\\/en\\\/#organization\",\"name\":\"Gemeinsam f\\u00fcr Dernbach\",\"description\":\"Gemeinsam f\\u00fcr Dernbach - Website der W\\u00e4hlergruppe Jankowitsch\",\"url\":\"https:\\\/\\\/gemeinsam-fuer-dernbach.de\\\/en\\\/\",\"logo\":{\"@type\":\"ImageObject\",\"url\":\"https:\\\/\\\/gemeinsam-fuer-dernbach.de\\\/wp-content\\\/uploads\\\/2024\\\/12\\\/cropped-Button.png\",\"@id\":\"https:\\\/\\\/gemeinsam-fuer-dernbach.de\\\/en\\\/neues-aus-dem-gemeinderat-teil-3\\\/#organizationLogo\",\"width\":512,\"height\":512,\"caption\":\"Gemeinsam f\\u00fcr Dernbach\"},\"image\":{\"@id\":\"https:\\\/\\\/gemeinsam-fuer-dernbach.de\\\/en\\\/neues-aus-dem-gemeinderat-teil-3\\\/#organizationLogo\"},\"sameAs\":[\"https:\\\/\\\/www.facebook.com\\\/gemeinsam.fuer.dernbach\\\/\",\"https:\\\/\\\/www.instagram.com\\\/gemeinsam_fuer_dernbach\\\/\"]},{\"@type\":\"Person\",\"@id\":\"https:\\\/\\\/gemeinsam-fuer-dernbach.de\\\/en\\\/author\\\/gfd_manuel#author\",\"url\":\"https:\\\/\\\/gemeinsam-fuer-dernbach.de\\\/en\\\/author\\\/gfd_manuel\",\"name\":\"GfD_Manuel\"},{\"@type\":\"WebPage\",\"@id\":\"https:\\\/\\\/gemeinsam-fuer-dernbach.de\\\/en\\\/neues-aus-dem-gemeinderat-teil-3#webpage\",\"url\":\"https:\\\/\\\/gemeinsam-fuer-dernbach.de\\\/en\\\/neues-aus-dem-gemeinderat-teil-3\",\"name\":\"Neues aus dem Gemeinderat \\u2013 2. Sitzung - Gemeinsam f\\u00fcr Dernbach\",\"description\":\"Sitzung vom 4. September Wir von Gemeinsam f\\u00fcr Dernbach m\\u00f6chten euch regelm\\u00e4\\u00dfig \\u00fcber die Themen informieren, die im Ortsgemeinderat besprochen und beschlossen werden. In der Sitzung am 4. September standen mehrere wichtige Punkte f\\u00fcr unser Dorf auf der Tagesordnung. Nicht\\u00f6ffentlicher und \\u00f6ffentlicher Teil der Sitzung Wie \\u00fcblich begann die Sitzung mit einem nicht\\u00f6ffentlichen Teil. Gem\\u00e4\\u00df\",\"inLanguage\":\"en-GB\",\"isPartOf\":{\"@id\":\"https:\\\/\\\/gemeinsam-fuer-dernbach.de\\\/en\\\/#website\"},\"breadcrumb\":{\"@id\":\"https:\\\/\\\/gemeinsam-fuer-dernbach.de\\\/en\\\/neues-aus-dem-gemeinderat-teil-3#breadcrumblist\"},\"author\":{\"@id\":\"https:\\\/\\\/gemeinsam-fuer-dernbach.de\\\/en\\\/author\\\/gfd_manuel#author\"},\"creator\":{\"@id\":\"https:\\\/\\\/gemeinsam-fuer-dernbach.de\\\/en\\\/author\\\/gfd_manuel#author\"},\"image\":{\"@type\":\"ImageObject\",\"url\":\"https:\\\/\\\/gemeinsam-fuer-dernbach.de\\\/wp-content\\\/uploads\\\/2024\\\/09\\\/Neues-Gemeiderat.jpeg\",\"@id\":\"https:\\\/\\\/gemeinsam-fuer-dernbach.de\\\/en\\\/neues-aus-dem-gemeinderat-teil-3\\\/#mainImage\",\"width\":859,\"height\":864,\"caption\":\"Neues aus dem Gemeinderat - Gemeinsam f\\u00fcr Dernbach berichtet\"},\"primaryImageOfPage\":{\"@id\":\"https:\\\/\\\/gemeinsam-fuer-dernbach.de\\\/en\\\/neues-aus-dem-gemeinderat-teil-3#mainImage\"},\"datePublished\":\"2024-09-29T09:35:22+01:00\",\"dateModified\":\"2025-07-01T22:19:20+01:00\"},{\"@type\":\"WebSite\",\"@id\":\"https:\\\/\\\/gemeinsam-fuer-dernbach.de\\\/en\\\/#website\",\"url\":\"https:\\\/\\\/gemeinsam-fuer-dernbach.de\\\/en\\\/\",\"name\":\"Gemeinsam f\\u00fcr Dernbach\",\"description\":\"Gemeinsam f\\u00fcr Dernbach - Website der W\\u00e4hlergruppe Jankowitsch\",\"inLanguage\":\"en-GB\",\"publisher\":{\"@id\":\"https:\\\/\\\/gemeinsam-fuer-dernbach.de\\\/en\\\/#organization\"}}]}\n\t\t<\/script>\n\t\t<!-- All in One SEO -->\n\n","aioseo_head_json":{"title":"Neues aus dem Gemeinderat \u2013 2. Sitzung - Gemeinsam f\u00fcr Dernbach","description":"Sitzung vom 4. September Wir von Gemeinsam f\u00fcr Dernbach m\u00f6chten euch regelm\u00e4\u00dfig \u00fcber die Themen informieren, die im Ortsgemeinderat besprochen und beschlossen werden. In der Sitzung am 4. September standen mehrere wichtige Punkte f\u00fcr unser Dorf auf der Tagesordnung. Nicht\u00f6ffentlicher und \u00f6ffentlicher Teil der Sitzung Wie \u00fcblich begann die Sitzung mit einem nicht\u00f6ffentlichen Teil. Gem\u00e4\u00df","canonical_url":"https:\/\/gemeinsam-fuer-dernbach.de\/en\/neues-aus-dem-gemeinderat-teil-3","robots":"max-image-preview:large","keywords":"","webmasterTools":{"miscellaneous":""},"schema":{"@context":"https:\/\/schema.org","@graph":[{"@type":"BlogPosting","@id":"https:\/\/gemeinsam-fuer-dernbach.de\/en\/neues-aus-dem-gemeinderat-teil-3#blogposting","name":"Neues aus dem Gemeinderat \u2013 2. Sitzung - Gemeinsam f\u00fcr Dernbach","headline":"Neues aus dem Gemeinderat &#8211; 2. Sitzung","author":{"@id":"https:\/\/gemeinsam-fuer-dernbach.de\/en\/author\/gfd_manuel#author"},"publisher":{"@id":"https:\/\/gemeinsam-fuer-dernbach.de\/en\/#organization"},"image":{"@type":"ImageObject","url":"https:\/\/gemeinsam-fuer-dernbach.de\/wp-content\/uploads\/2024\/09\/Neues-Gemeiderat.jpeg","width":859,"height":864,"caption":"Neues aus dem Gemeinderat - Gemeinsam f\u00fcr Dernbach berichtet"},"datePublished":"2024-09-29T09:35:22+01:00","dateModified":"2025-07-01T22:19:20+01:00","inLanguage":"en-GB","mainEntityOfPage":{"@id":"https:\/\/gemeinsam-fuer-dernbach.de\/en\/neues-aus-dem-gemeinderat-teil-3#webpage"},"isPartOf":{"@id":"https:\/\/gemeinsam-fuer-dernbach.de\/en\/neues-aus-dem-gemeinderat-teil-3#webpage"},"articleSection":"Neues aus dem Gemeinderat, Digitalisierung, Friedgarten, Gaskonzession, Geb\u00fchrenordnung, Grundst\u00fccksverkauf"},{"@type":"BreadcrumbList","@id":"https:\/\/gemeinsam-fuer-dernbach.de\/en\/neues-aus-dem-gemeinderat-teil-3#breadcrumblist","itemListElement":[{"@type":"ListItem","@id":"https:\/\/gemeinsam-fuer-dernbach.de\/en#listItem","position":1,"name":"Home","item":"https:\/\/gemeinsam-fuer-dernbach.de\/en","nextItem":{"@type":"ListItem","@id":"https:\/\/gemeinsam-fuer-dernbach.de\/en\/category\/neues-aus-dem-gemeinderat#listItem","name":"Neues aus dem Gemeinderat"}},{"@type":"ListItem","@id":"https:\/\/gemeinsam-fuer-dernbach.de\/en\/category\/neues-aus-dem-gemeinderat#listItem","position":2,"name":"Neues aus dem Gemeinderat","item":"https:\/\/gemeinsam-fuer-dernbach.de\/en\/category\/neues-aus-dem-gemeinderat","nextItem":{"@type":"ListItem","@id":"https:\/\/gemeinsam-fuer-dernbach.de\/en\/neues-aus-dem-gemeinderat-teil-3#listItem","name":"Neues aus dem Gemeinderat &#8211; 2. Sitzung"},"previousItem":{"@type":"ListItem","@id":"https:\/\/gemeinsam-fuer-dernbach.de\/en#listItem","name":"Home"}},{"@type":"ListItem","@id":"https:\/\/gemeinsam-fuer-dernbach.de\/en\/neues-aus-dem-gemeinderat-teil-3#listItem","position":3,"name":"Neues aus dem Gemeinderat &#8211; 2. Sitzung","previousItem":{"@type":"ListItem","@id":"https:\/\/gemeinsam-fuer-dernbach.de\/en\/category\/neues-aus-dem-gemeinderat#listItem","name":"Neues aus dem Gemeinderat"}}]},{"@type":"Organization","@id":"https:\/\/gemeinsam-fuer-dernbach.de\/en\/#organization","name":"Gemeinsam f\u00fcr Dernbach","description":"Gemeinsam f\u00fcr Dernbach - Website der W\u00e4hlergruppe Jankowitsch","url":"https:\/\/gemeinsam-fuer-dernbach.de\/en\/","logo":{"@type":"ImageObject","url":"https:\/\/gemeinsam-fuer-dernbach.de\/wp-content\/uploads\/2024\/12\/cropped-Button.png","@id":"https:\/\/gemeinsam-fuer-dernbach.de\/en\/neues-aus-dem-gemeinderat-teil-3\/#organizationLogo","width":512,"height":512,"caption":"Gemeinsam f\u00fcr Dernbach"},"image":{"@id":"https:\/\/gemeinsam-fuer-dernbach.de\/en\/neues-aus-dem-gemeinderat-teil-3\/#organizationLogo"},"sameAs":["https:\/\/www.facebook.com\/gemeinsam.fuer.dernbach\/","https:\/\/www.instagram.com\/gemeinsam_fuer_dernbach\/"]},{"@type":"Person","@id":"https:\/\/gemeinsam-fuer-dernbach.de\/en\/author\/gfd_manuel#author","url":"https:\/\/gemeinsam-fuer-dernbach.de\/en\/author\/gfd_manuel","name":"GfD_Manuel"},{"@type":"WebPage","@id":"https:\/\/gemeinsam-fuer-dernbach.de\/en\/neues-aus-dem-gemeinderat-teil-3#webpage","url":"https:\/\/gemeinsam-fuer-dernbach.de\/en\/neues-aus-dem-gemeinderat-teil-3","name":"Neues aus dem Gemeinderat \u2013 2. Sitzung - Gemeinsam f\u00fcr Dernbach","description":"Sitzung vom 4. September Wir von Gemeinsam f\u00fcr Dernbach m\u00f6chten euch regelm\u00e4\u00dfig \u00fcber die Themen informieren, die im Ortsgemeinderat besprochen und beschlossen werden. In der Sitzung am 4. September standen mehrere wichtige Punkte f\u00fcr unser Dorf auf der Tagesordnung. Nicht\u00f6ffentlicher und \u00f6ffentlicher Teil der Sitzung Wie \u00fcblich begann die Sitzung mit einem nicht\u00f6ffentlichen Teil. Gem\u00e4\u00df","inLanguage":"en-GB","isPartOf":{"@id":"https:\/\/gemeinsam-fuer-dernbach.de\/en\/#website"},"breadcrumb":{"@id":"https:\/\/gemeinsam-fuer-dernbach.de\/en\/neues-aus-dem-gemeinderat-teil-3#breadcrumblist"},"author":{"@id":"https:\/\/gemeinsam-fuer-dernbach.de\/en\/author\/gfd_manuel#author"},"creator":{"@id":"https:\/\/gemeinsam-fuer-dernbach.de\/en\/author\/gfd_manuel#author"},"image":{"@type":"ImageObject","url":"https:\/\/gemeinsam-fuer-dernbach.de\/wp-content\/uploads\/2024\/09\/Neues-Gemeiderat.jpeg","@id":"https:\/\/gemeinsam-fuer-dernbach.de\/en\/neues-aus-dem-gemeinderat-teil-3\/#mainImage","width":859,"height":864,"caption":"Neues aus dem Gemeinderat - Gemeinsam f\u00fcr Dernbach berichtet"},"primaryImageOfPage":{"@id":"https:\/\/gemeinsam-fuer-dernbach.de\/en\/neues-aus-dem-gemeinderat-teil-3#mainImage"},"datePublished":"2024-09-29T09:35:22+01:00","dateModified":"2025-07-01T22:19:20+01:00"},{"@type":"WebSite","@id":"https:\/\/gemeinsam-fuer-dernbach.de\/en\/#website","url":"https:\/\/gemeinsam-fuer-dernbach.de\/en\/","name":"Gemeinsam f\u00fcr Dernbach","description":"Gemeinsam f\u00fcr Dernbach - Website der W\u00e4hlergruppe Jankowitsch","inLanguage":"en-GB","publisher":{"@id":"https:\/\/gemeinsam-fuer-dernbach.de\/en\/#organization"}}]},"og:locale":"en_GB","og:site_name":"Gemeinsam f\u00fcr Dernbach - Gemeinsam f\u00fcr Dernbach - Website der W\u00e4hlergruppe Jankowitsch","og:type":"article","og:title":"Neues aus dem Gemeinderat \u2013 2. Sitzung - Gemeinsam f\u00fcr Dernbach","og:description":"Sitzung vom 4. September Wir von Gemeinsam f\u00fcr Dernbach m\u00f6chten euch regelm\u00e4\u00dfig \u00fcber die Themen informieren, die im Ortsgemeinderat besprochen und beschlossen werden. In der Sitzung am 4. September standen mehrere wichtige Punkte f\u00fcr unser Dorf auf der Tagesordnung. Nicht\u00f6ffentlicher und \u00f6ffentlicher Teil der Sitzung Wie \u00fcblich begann die Sitzung mit einem nicht\u00f6ffentlichen Teil. Gem\u00e4\u00df","og:url":"https:\/\/gemeinsam-fuer-dernbach.de\/en\/neues-aus-dem-gemeinderat-teil-3","og:image":"https:\/\/gemeinsam-fuer-dernbach.de\/wp-content\/uploads\/2024\/12\/cropped-Button.png","og:image:secure_url":"https:\/\/gemeinsam-fuer-dernbach.de\/wp-content\/uploads\/2024\/12\/cropped-Button.png","og:image:width":512,"og:image:height":512,"article:published_time":"2024-09-29T08:35:22+00:00","article:modified_time":"2025-07-01T21:19:20+00:00","article:publisher":"https:\/\/www.facebook.com\/gemeinsam.fuer.dernbach\/","twitter:card":"summary_large_image","twitter:title":"Neues aus dem Gemeinderat \u2013 2. Sitzung - Gemeinsam f\u00fcr Dernbach","twitter:description":"Sitzung vom 4. September Wir von Gemeinsam f\u00fcr Dernbach m\u00f6chten euch regelm\u00e4\u00dfig \u00fcber die Themen informieren, die im Ortsgemeinderat besprochen und beschlossen werden. In der Sitzung am 4. September standen mehrere wichtige Punkte f\u00fcr unser Dorf auf der Tagesordnung. Nicht\u00f6ffentlicher und \u00f6ffentlicher Teil der Sitzung Wie \u00fcblich begann die Sitzung mit einem nicht\u00f6ffentlichen Teil. Gem\u00e4\u00df","twitter:image":"https:\/\/gemeinsam-fuer-dernbach.de\/wp-content\/uploads\/2024\/12\/cropped-Button.png"},"aioseo_meta_data":{"post_id":"728","title":null,"description":null,"keywords":null,"keyphrases":{"focus":[],"additional":[]},"primary_term":null,"canonical_url":null,"og_title":null,"og_description":null,"og_object_type":"default","og_image_type":"default","og_image_url":null,"og_image_width":null,"og_image_height":null,"og_image_custom_url":null,"og_image_custom_fields":null,"og_video":"","og_custom_url":null,"og_article_section":null,"og_article_tags":null,"twitter_use_og":false,"twitter_card":"default","twitter_image_type":"default","twitter_image_url":null,"twitter_image_custom_url":null,"twitter_image_custom_fields":null,"twitter_title":null,"twitter_description":null,"schema":{"blockGraphs":[],"customGraphs":[],"default":{"data":{"Article":[],"Course":[],"Dataset":[],"FAQPage":[],"Movie":[],"Person":[],"Product":[],"ProductReview":[],"Car":[],"Recipe":[],"Service":[],"SoftwareApplication":[],"WebPage":[]},"graphName":"","isEnabled":true},"graphs":[]},"schema_type":"default","schema_type_options":null,"pillar_content":false,"robots_default":true,"robots_noindex":false,"robots_noarchive":false,"robots_nosnippet":false,"robots_nofollow":false,"robots_noimageindex":false,"robots_noodp":false,"robots_notranslate":false,"robots_max_snippet":"-1","robots_max_videopreview":"-1","robots_max_imagepreview":"large","priority":null,"frequency":"default","local_seo":null,"breadcrumb_settings":null,"limit_modified_date":false,"ai":null,"created":"2025-06-24 20:04:55","updated":"2026-09-03 19:34:34","seo_analyzer_scan_date":null,"focus_keyword":null,"additional_keywords":null,"truseo_locale":null},"aioseo_breadcrumb":"<div class=\"aioseo-breadcrumbs\"><span class=\"aioseo-breadcrumb\">\n\t\t\t<a href=\"https:\/\/gemeinsam-fuer-dernbach.de\/en\" title=\"Home\">Home<\/a>\n\t\t<\/span><span class=\"aioseo-breadcrumb-separator\">&raquo;<\/span><span class=\"aioseo-breadcrumb\">\n\t\t\t<a href=\"https:\/\/gemeinsam-fuer-dernbach.de\/en\/category\/neues-aus-dem-gemeinderat\" title=\"Neues aus dem Gemeinderat\">Neues aus dem Gemeinderat<\/a>\n\t\t<\/span><span class=\"aioseo-breadcrumb-separator\">&raquo;<\/span><span class=\"aioseo-breadcrumb\">\n\t\t\tNeues aus dem Gemeinderat \u2013 2. Sitzung\n\t\t<\/span><\/div>","aioseo_breadcrumb_json":[{"label":"Home","link":"https:\/\/gemeinsam-fuer-dernbach.de\/en"},{"label":"Neues aus dem Gemeinderat","link":"https:\/\/gemeinsam-fuer-dernbach.de\/en\/category\/neues-aus-dem-gemeinderat"},{"label":"Neues aus dem Gemeinderat &#8211; 2. Sitzung","link":"https:\/\/gemeinsam-fuer-dernbach.de\/en\/neues-aus-dem-gemeinderat-teil-3"}],"_links":{"self":[{"href":"https:\/\/gemeinsam-fuer-dernbach.de\/en\/wp-json\/wp\/v2\/posts\/728","targetHints":{"allow":["GET"]}}],"collection":[{"href":"https:\/\/gemeinsam-fuer-dernbach.de\/en\/wp-json\/wp\/v2\/posts"}],"about":[{"href":"https:\/\/gemeinsam-fuer-dernbach.de\/en\/wp-json\/wp\/v2\/types\/post"}],"author":[{"embeddable":true,"href":"https:\/\/gemeinsam-fuer-dernbach.de\/en\/wp-json\/wp\/v2\/users\/2"}],"replies":[{"embeddable":true,"href":"https:\/\/gemeinsam-fuer-dernbach.de\/en\/wp-json\/wp\/v2\/comments?post=728"}],"version-history":[{"count":45,"href":"https:\/\/gemeinsam-fuer-dernbach.de\/en\/wp-json\/wp\/v2\/posts\/728\/revisions"}],"predecessor-version":[{"id":1208,"href":"https:\/\/gemeinsam-fuer-dernbach.de\/en\/wp-json\/wp\/v2\/posts\/728\/revisions\/1208"}],"wp:featuredmedia":[{"embeddable":true,"href":"https:\/\/gemeinsam-fuer-dernbach.de\/en\/wp-json\/wp\/v2\/media\/706"}],"wp:attachment":[{"href":"https:\/\/gemeinsam-fuer-dernbach.de\/en\/wp-json\/wp\/v2\/media?parent=728"}],"wp:term":[{"taxonomy":"category","embeddable":true,"href":"https:\/\/gemeinsam-fuer-dernbach.de\/en\/wp-json\/wp\/v2\/categories?post=728"},{"taxonomy":"post_tag","embeddable":true,"href":"https:\/\/gemeinsam-fuer-dernbach.de\/en\/wp-json\/wp\/v2\/tags?post=728"}],"curies":[{"name":"wp","href":"https:\/\/api.w.org\/{rel}","templated":true}]}}