{"id":1639,"global_id":"gemeinsam-fuer-dernbach.de\/es?id=1639","global_id_lineage":["gemeinsam-fuer-dernbach.de\/es?id=1639"],"author":"2","status":"publish","date":"2026-02-18 22:34:09","date_utc":"2026-02-18 21:34:09","modified":"2026-02-18 23:07:13","modified_utc":"2026-02-18 22:07:13","url":"https:\/\/gemeinsam-fuer-dernbach.de\/es\/kalender\/ratssitzung-ortsgemeinderat-dernbach-2","rest_url":"https:\/\/gemeinsam-fuer-dernbach.de\/es\/wp-json\/tribe\/events\/v1\/events\/1639","title":"Ratssitzung Ortsgemeinderat Dernbach","description":"<p class=\"my-2 [&amp;+p]:mt-4 [&amp;_strong:has(+br)]:inline-block [&amp;_strong:has(+br)]:pb-2\">In \u00f6ffentlicher Sitzung wird \u00fcber unsere Antr\u00e4ge beraten und beschlossen:<\/p>\n<ul>\n<li class=\"my-2 [&amp;+p]:mt-4 [&amp;_strong:has(+br)]:inline-block [&amp;_strong:has(+br)]:pb-2\">A3\/A48-Hinweistafel &#8222;Kloster Dernbach&#8220;;<\/li>\n<li>W\u00fcrdigung der heiligen Katharina Kasper;<\/li>\n<li>Verbesserte Verkehrssicherheit (K148, L312);<\/li>\n<li>Fahrradreparaturstation;<\/li>\n<li>Elektro-Verteilerkastens am Laurentiusplatz.<\/li>\n<\/ul>\n<p class=\"my-2 [&amp;+p]:mt-4 [&amp;_strong:has(+br)]:inline-block [&amp;_strong:has(+br)]:pb-2\">Hintergrund ist, dass mehrere wichtige Projekte fristgerecht vorbereitet werden m\u00fcssen, f\u00fcr die bis zum 20. M\u00e4rz 2026 LEADER-F\u00f6rdermittel beantragt werden k\u00f6nnen.<\/p>\n<p>Unsere Antr\u00e4ge sind auf der Seite &#8222;<a href=\"https:\/\/gemeinsam-fuer-dernbach.de\/initiativen\">Initiativen<\/a>&#8220; beschrieben und k\u00f6nnen heruntergeladen werden.<\/p>\n<p class=\"my-2 [&amp;+p]:mt-4 [&amp;_strong:has(+br)]:inline-block [&amp;_strong:has(+br)]:pb-2\">Wir laden alle B\u00fcrgerinnen und B\u00fcrger herzlich ein, an der \u00f6ffentlichen Sitzung teilzunehmen, sich zu informieren und die Beratungen im Rat zu verfolgen.<\/p>\n<p>Aktualisierungen finden sich im <a href=\"https:\/\/wirges.gremien.info\/meeting\/4853\">Ratsinformationssystem<\/a>.<\/p>","excerpt":"","slug":"ratssitzung-ortsgemeinderat-dernbach-2","image":{"url":"https:\/\/gemeinsam-fuer-dernbach.de\/wp-content\/uploads\/2026\/01\/Gemeinderat-Ankuendigung-e1768059345209.png","id":1607,"extension":"png","width":1024,"height":1196,"filesize":1927258,"sizes":{"medium":{"width":257,"height":300,"mime-type":"image\/png","filesize":85253,"url":"https:\/\/gemeinsam-fuer-dernbach.de\/wp-content\/uploads\/2026\/01\/Gemeinderat-Ankuendigung-e1768059345209-257x300.png"},"large":{"width":877,"height":1024,"mime-type":"image\/png","filesize":1193063,"url":"https:\/\/gemeinsam-fuer-dernbach.de\/wp-content\/uploads\/2026\/01\/Gemeinderat-Ankuendigung-e1768059345209-877x1024.png"},"thumbnail":{"width":150,"height":150,"mime-type":"image\/png","filesize":25944,"url":"https:\/\/gemeinsam-fuer-dernbach.de\/wp-content\/uploads\/2026\/01\/Gemeinderat-Ankuendigung-e1768059345209-150x150.png"},"medium_large":{"width":768,"height":897,"mime-type":"image\/png","filesize":931039,"url":"https:\/\/gemeinsam-fuer-dernbach.de\/wp-content\/uploads\/2026\/01\/Gemeinderat-Ankuendigung-e1768059345209-768x897.png"},"etm-custom-language-flag":{"width":10,"height":12,"mime-type":"image\/png","filesize":453,"url":"https:\/\/gemeinsam-fuer-dernbach.de\/wp-content\/uploads\/2026\/01\/Gemeinderat-Ankuendigung-e1768059345209-10x12.png"},"ultp_layout_landscape_large":{"width":1024,"height":800,"mime-type":"image\/png","filesize":1325110,"url":"https:\/\/gemeinsam-fuer-dernbach.de\/wp-content\/uploads\/2026\/01\/Gemeinderat-Ankuendigung-e1768059345209-1024x800.png"},"ultp_layout_landscape":{"width":870,"height":570,"mime-type":"image\/png","filesize":677992,"url":"https:\/\/gemeinsam-fuer-dernbach.de\/wp-content\/uploads\/2026\/01\/Gemeinderat-Ankuendigung-e1768059345209-870x570.png"},"ultp_layout_portrait":{"width":600,"height":900,"mime-type":"image\/png","filesize":715380,"url":"https:\/\/gemeinsam-fuer-dernbach.de\/wp-content\/uploads\/2026\/01\/Gemeinderat-Ankuendigung-e1768059345209-600x900.png"},"ultp_layout_square":{"width":600,"height":600,"mime-type":"image\/png","filesize":470863,"url":"https:\/\/gemeinsam-fuer-dernbach.de\/wp-content\/uploads\/2026\/01\/Gemeinderat-Ankuendigung-e1768059345209-600x600.png"}}},"all_day":false,"start_date":"2026-02-25 19:00:00","start_date_details":{"year":"2026","month":"02","day":"25","hour":"19","minutes":"00","seconds":"00"},"end_date":"2026-02-25 21:00:00","end_date_details":{"year":"2026","month":"02","day":"25","hour":"21","minutes":"00","seconds":"00"},"utc_start_date":"2026-02-25 18:00:00","utc_start_date_details":{"year":"2026","month":"02","day":"25","hour":"18","minutes":"00","seconds":"00"},"utc_end_date":"2026-02-25 20:00:00","utc_end_date_details":{"year":"2026","month":"02","day":"25","hour":"20","minutes":"00","seconds":"00"},"timezone":"UTC+1","timezone_abbr":"UTC+1","cost":"","cost_details":{"currency_symbol":"","currency_code":"","currency_position":"","values":[]},"website":"","show_map":true,"show_map_link":true,"hide_from_listings":false,"sticky":true,"featured":true,"categories":[{"name":"Ortsgemeinderat","slug":"ortsgemeinderat","term_group":0,"term_taxonomy_id":40,"taxonomy":"tribe_events_cat","description":"","parent":0,"count":3,"filter":"raw","id":40,"urls":{"self":"https:\/\/gemeinsam-fuer-dernbach.de\/es\/wp-json\/tribe\/events\/v1\/categories\/40","collection":"https:\/\/gemeinsam-fuer-dernbach.de\/es\/wp-json\/tribe\/events\/v1\/categories"}}],"tags":[{"name":"B\u00fcrgerbeteiligung","slug":"buergerbeteiligung","term_group":0,"term_taxonomy_id":112,"taxonomy":"post_tag","description":"","parent":0,"count":6,"filter":"raw","id":112,"urls":{"self":"https:\/\/gemeinsam-fuer-dernbach.de\/es\/wp-json\/tribe\/events\/v1\/tags\/112","collection":"https:\/\/gemeinsam-fuer-dernbach.de\/es\/wp-json\/tribe\/events\/v1\/tags"}},{"name":"B\u00fcrgerfr\u00fchst\u00fcck","slug":"buergerfruehstueck","term_group":0,"term_taxonomy_id":87,"taxonomy":"post_tag","description":"","parent":0,"count":5,"filter":"raw","id":87,"urls":{"self":"https:\/\/gemeinsam-fuer-dernbach.de\/es\/wp-json\/tribe\/events\/v1\/tags\/87","collection":"https:\/\/gemeinsam-fuer-dernbach.de\/es\/wp-json\/tribe\/events\/v1\/tags"}},{"name":"Ehrenamt","slug":"ehrenamt","term_group":0,"term_taxonomy_id":89,"taxonomy":"post_tag","description":"","parent":0,"count":3,"filter":"raw","id":89,"urls":{"self":"https:\/\/gemeinsam-fuer-dernbach.de\/es\/wp-json\/tribe\/events\/v1\/tags\/89","collection":"https:\/\/gemeinsam-fuer-dernbach.de\/es\/wp-json\/tribe\/events\/v1\/tags"}},{"name":"Freizeit","slug":"freizeit","term_group":0,"term_taxonomy_id":97,"taxonomy":"post_tag","description":"","parent":0,"count":3,"filter":"raw","id":97,"urls":{"self":"https:\/\/gemeinsam-fuer-dernbach.de\/es\/wp-json\/tribe\/events\/v1\/tags\/97","collection":"https:\/\/gemeinsam-fuer-dernbach.de\/es\/wp-json\/tribe\/events\/v1\/tags"}},{"name":"Gemeinsam f\u00fcr Dernbach","slug":"gemeinsam-fuer-dernbach","term_group":0,"term_taxonomy_id":12,"taxonomy":"post_tag","description":"","parent":0,"count":14,"filter":"raw","id":12,"urls":{"self":"https:\/\/gemeinsam-fuer-dernbach.de\/es\/wp-json\/tribe\/events\/v1\/tags\/12","collection":"https:\/\/gemeinsam-fuer-dernbach.de\/es\/wp-json\/tribe\/events\/v1\/tags"}},{"name":"Ortsgemeinderat","slug":"ortsgemeinderat","term_group":0,"term_taxonomy_id":17,"taxonomy":"post_tag","description":"","parent":0,"count":8,"filter":"raw","id":17,"urls":{"self":"https:\/\/gemeinsam-fuer-dernbach.de\/es\/wp-json\/tribe\/events\/v1\/tags\/17","collection":"https:\/\/gemeinsam-fuer-dernbach.de\/es\/wp-json\/tribe\/events\/v1\/tags"}},{"name":"Radwege","slug":"radwege","term_group":0,"term_taxonomy_id":154,"taxonomy":"post_tag","description":"","parent":0,"count":2,"filter":"raw","id":154,"urls":{"self":"https:\/\/gemeinsam-fuer-dernbach.de\/es\/wp-json\/tribe\/events\/v1\/tags\/154","collection":"https:\/\/gemeinsam-fuer-dernbach.de\/es\/wp-json\/tribe\/events\/v1\/tags"}},{"name":"Tourismus","slug":"tourismus","term_group":0,"term_taxonomy_id":155,"taxonomy":"post_tag","description":"","parent":0,"count":1,"filter":"raw","id":155,"urls":{"self":"https:\/\/gemeinsam-fuer-dernbach.de\/es\/wp-json\/tribe\/events\/v1\/tags\/155","collection":"https:\/\/gemeinsam-fuer-dernbach.de\/es\/wp-json\/tribe\/events\/v1\/tags"}}],"venue":{"id":1295,"author":"2","status":"publish","date":"2025-06-09 21:43:08","date_utc":"0000-00-00 00:00:00","modified":"2025-06-09 21:43:08","modified_utc":"0000-00-00 00:00:00","url":"https:\/\/gemeinsam-fuer-dernbach.de\/es\/recinto\/ratssaal","venue":"Ratssaal","slug":"ratssaal","address":"Hauptstr. 17","city":"Dernbach","country":"Germany","zip":"56428","website":"gemeinsam-fuer-dernbach.de","json_ld":{"@type":"Place","name":"Ratssaal","description":"","url":"","address":{"@type":"PostalAddress","streetAddress":"Hauptstr. 17","addressLocality":"Dernbach","postalCode":"56428","addressCountry":"Germany"},"telephone":"","sameAs":"gemeinsam-fuer-dernbach.de"},"show_map":true,"show_map_link":true,"global_id":"gemeinsam-fuer-dernbach.de\/es?id=1295","global_id_lineage":["gemeinsam-fuer-dernbach.de\/es?id=1295"]},"organizer":[],"custom_fields":[],"json_ld":{"@context":"http:\/\/schema.org","@type":"Event","name":"Ratssitzung Ortsgemeinderat Dernbach","description":"&lt;p&gt;In \u00f6ffentlicher Sitzung wird \u00fcber unsere Antr\u00e4ge beraten und beschlossen: A3\/A48-Hinweistafel &quot;Kloster Dernbach&quot;; W\u00fcrdigung der heiligen Katharina Kasper; Verbesserte Verkehrssicherheit (K148, L312); Fahrradreparaturstation; Elektro-Verteilerkastens am Laurentiusplatz. Hintergrund ist, dass mehrere [&hellip;]&lt;\/p&gt;\\n","image":"https:\/\/gemeinsam-fuer-dernbach.de\/wp-content\/uploads\/2026\/01\/Gemeinderat-Ankuendigung-e1768059345209.png","url":"https:\/\/gemeinsam-fuer-dernbach.de\/es\/kalender\/ratssitzung-ortsgemeinderat-dernbach-2\/","eventAttendanceMode":"https:\/\/schema.org\/OfflineEventAttendanceMode","eventStatus":"https:\/\/schema.org\/EventScheduled","startDate":"2026-02-25T19:00:00+01:00","endDate":"2026-02-25T21:00:00+01:00","location":{"@type":"Place","name":"Ratssaal","description":"","url":"","address":{"@type":"PostalAddress","streetAddress":"Hauptstr. 17","addressLocality":"Dernbach","postalCode":"56428","addressCountry":"Germany"},"telephone":"","sameAs":"gemeinsam-fuer-dernbach.de"},"performer":"Organization"},"ticketed":false}