{"id":1504,"date":"2025-06-17T21:52:26","date_gmt":"2025-06-17T20:52:26","guid":{"rendered":"https:\/\/gemeinsam-fuer-dernbach.de\/?p=1504"},"modified":"2025-07-01T22:49:53","modified_gmt":"2025-07-01T21:49:53","slug":"neues-aus-dem-gemeinderat-oeffentliche-waldbegehung","status":"publish","type":"post","link":"https:\/\/gemeinsam-fuer-dernbach.de\/es\/neues-aus-dem-gemeinderat-oeffentliche-waldbegehung","title":{"rendered":"Noticias del Ayuntamiento: Inspecci\u00f3n forestal p\u00fablica"},"content":{"rendered":"<p class=\"is-style-text-subtitle is-style-text-subtitle--1 wp-block-paragraph\">\u00bfC\u00f3mo se est\u00e1 desarrollando nuestro bosque? \u00bfY c\u00f3mo aborda la silvicultura sostenible la tensi\u00f3n entre la recreaci\u00f3n, la conservaci\u00f3n de la naturaleza y la caza? Durante un recorrido forestal p\u00fablico con el Ayuntamiento de Wirges y el Ayuntamiento de Dernbach, alrededor de treinta participantes recibieron informaci\u00f3n interesante directamente sobre el terreno, acompa\u00f1ados por expertos del silvicultor del distrito Gesche B\u00f6binger.<\/p>\n\n\n\n<p class=\"wp-block-paragraph\">El s\u00e1bado por la ma\u00f1ana, un total de 32 personas se reunieron en Jagdhaus Kehrwieder para participar en un recorrido forestal p\u00fablico junto con el Ayuntamiento de Wirges y el Ayuntamiento de Dernbach. Entre los participantes se encontraban tambi\u00e9n <strong>10 ciudadanos interesados<\/strong>, Esto subraya el inter\u00e9s p\u00fablico en el evento.<\/p>\n\n\n\n<p class=\"wp-block-paragraph\">Con el mejor tiempo, Markus Schlotter (alcalde de Wirges) dio la bienvenida a los presentes y luego entreg\u00f3 el piso a <strong>Gesche B\u00f6binger, gerente forestal<\/strong>, que condujo expertamente el evento de aproximadamente dos horas.<\/p>\n\n\n\n<figure class=\"wp-block-image size-large\"><img loading=\"lazy\" decoding=\"async\" width=\"1024\" height=\"768\" src=\"https:\/\/gemeinsam-fuer-dernbach.de\/wp-content\/uploads\/2025\/06\/Waldbegehung2-1024x768.jpeg\" alt=\"Forester explica a los participantes un \u00e1rea de zanja en el bosque\" class=\"wp-image-1503\" srcset=\"https:\/\/gemeinsam-fuer-dernbach.de\/wp-content\/uploads\/2025\/06\/Waldbegehung2-1024x768.jpeg 1024w, https:\/\/gemeinsam-fuer-dernbach.de\/wp-content\/uploads\/2025\/06\/Waldbegehung2-300x225.jpeg 300w, https:\/\/gemeinsam-fuer-dernbach.de\/wp-content\/uploads\/2025\/06\/Waldbegehung2-768x576.jpeg 768w, https:\/\/gemeinsam-fuer-dernbach.de\/wp-content\/uploads\/2025\/06\/Waldbegehung2-1536x1152.jpeg 1536w, https:\/\/gemeinsam-fuer-dernbach.de\/wp-content\/uploads\/2025\/06\/Waldbegehung2-16x12.jpeg 16w, https:\/\/gemeinsam-fuer-dernbach.de\/wp-content\/uploads\/2025\/06\/Waldbegehung2.jpeg 2048w\" sizes=\"auto, (max-width: 1024px) 100vw, 1024px\" \/><figcaption class=\"wp-element-caption\">La silvicultora, la se\u00f1ora B\u00f6binger, muestra a los participantes el \u00e1rea de adelgazamiento<\/figcaption><\/figure>\n\n\n\n<p class=\"wp-block-paragraph\">El recorrido comenz\u00f3 con una visita a una zona boscosa. All\u00ed, la Sra. B\u00f6binger explic\u00f3 c\u00f3mo se plantan \u00e1rboles espec\u00edficamente j\u00f3venes despu\u00e9s de eventos da\u00f1inos o para la mejora ecol\u00f3gica.<\/p>\n\n\n\n<p class=\"wp-block-paragraph\">En la siguiente estaci\u00f3n, se present\u00f3 un \u00e1rea forestal, que se deja deliberadamente a s\u00ed misma en la regeneraci\u00f3n. Estas \u00e1reas sirven para preservar la biodiversidad y ofrecen importantes retiros para animales y plantas.<\/p>\n\n\n\n<p class=\"wp-block-paragraph\">Luego procedimos a una secci\u00f3n que ya hab\u00eda sido marcada para excavar. La Sra. B\u00f6binger explica la importancia de las diferentes marcas para el mantenimiento forestal, la tala y el rejuvenecimiento natural.<\/p>\n\n\n\n<p class=\"wp-block-paragraph\">Al final de la parte t\u00e9cnica, el grupo visit\u00f3 otra zona forestada, que estaba equipada con medidas de protecci\u00f3n contra las picaduras silvestres. Se prest\u00f3 especial atenci\u00f3n a la estrecha cooperaci\u00f3n con los cazadores para proteger mejor a las plantas j\u00f3venes de los da\u00f1os silvestres.<\/p>\n\n\n\n<p class=\"wp-block-paragraph\">De vuelta en el pabell\u00f3n de caza, el inquilino de caza inform\u00f3 de su pr\u00e1ctica y habl\u00f3 sobre los crecientes desaf\u00edos en el \u00e1rea. En particular, el alto tr\u00e1fico de K\u00f6ppelh\u00fctte (se contaron m\u00e1s de 400 veh\u00edculos en algunos fines de semana) dificulta considerablemente la observaci\u00f3n y la caza debido a la creciente presi\u00f3n sobre los visitantes, que en algunas especies animales solo puede tener lugar durante el d\u00eda. Los ciclistas de monta\u00f1a, que conducen a trav\u00e9s del bosque, as\u00ed como los visitantes del bosque nocturno, que utilizan el camino m\u00e1s corto hasta el estacionamiento, tambi\u00e9n perturban el juego. Un poco m\u00e1s de consideraci\u00f3n por la naturaleza y el medio ambiente es aconsejable y en inter\u00e9s de todos.<\/p>\n\n\n\n<p class=\"wp-block-paragraph\">Alrededor de las 12:00 termin\u00f3 el instructivo e impresionante recorrido por el bosque y los participantes pudieron fortalecerse con una salchicha silvestre. El evento destac\u00f3 la importancia del intercambio entre los ciudadanos, la pol\u00edtica local, la silvicultura y los cazadores para proteger y dar forma sostenible a nuestro bosque como un \u00e1rea natural, recreativa y econ\u00f3mica diversa.<\/p>","protected":false},"excerpt":{"rendered":"<p>\u00bfC\u00f3mo se est\u00e1 desarrollando nuestro bosque? \u00bfY c\u00f3mo aborda la silvicultura sostenible la tensi\u00f3n entre la recreaci\u00f3n, la conservaci\u00f3n de la naturaleza y la caza? Durante un recorrido forestal p\u00fablico con el Ayuntamiento de Wirges y el Ayuntamiento de Dernbach, [...]<\/p>","protected":false},"author":2,"featured_media":1502,"comment_status":"closed","ping_status":"open","sticky":false,"template":"","format":"standard","meta":{"_price":"","_stock":"","_tribe_ticket_header":"","_tribe_default_ticket_provider":"","_tribe_ticket_capacity":"0","_ticket_start_date":"","_ticket_end_date":"","_tribe_ticket_show_description":"","_tribe_ticket_show_not_going":false,"_tribe_ticket_use_global_stock":"","_tribe_ticket_global_stock_level":"","_global_stock_mode":"","_global_stock_cap":"","_tribe_rsvp_for_event":"","_tribe_ticket_going_count":"","_tribe_ticket_not_going_count":"","_tribe_tickets_list":"[]","_tribe_ticket_has_attendee_info_fields":false,"_EventAllDay":false,"_EventTimezone":"","_EventStartDate":"","_EventEndDate":"","_EventStartDateUTC":"","_EventEndDateUTC":"","_EventShowMap":false,"_EventShowMapLink":false,"_EventURL":"","_EventCost":"","_EventCostDescription":"","_EventCurrencySymbol":"","_EventCurrencyCode":"","_EventCurrencyPosition":"","_EventDateTimeSeparator":"","_EventTimeRangeSeparator":"","_EventOrganizerID":[],"_EventVenueID":[],"_OrganizerEmail":"","_OrganizerPhone":"","_OrganizerWebsite":"","_VenueAddress":"","_VenueCity":"","_VenueCountry":"","_VenueProvince":"","_VenueState":"","_VenueZip":"","_VenuePhone":"","_VenueURL":"","_VenueStateProvince":"","_VenueLat":"","_VenueLng":"","_VenueShowMap":false,"_VenueShowMapLink":false,"footnotes":""},"categories":[10],"tags":[138,93,90,45,139,48,92],"class_list":["post-1504","post","type-post","status-publish","format-standard","has-post-thumbnail","hentry","category-neues-aus-dem-gemeinderat","tag-erholung","tag-forst","tag-gemeinschaft","tag-jagd","tag-naturschutz","tag-umwelt","tag-waldbegehung"],"aioseo_notices":[],"aioseo_head":"\n\t\t<!-- All in One SEO 5.0.1.1 - aioseo.com -->\n\t<meta name=\"description\" content=\"Wie entwickelt sich unser Wald? Und wie geht nachhaltige Forstwirtschaft im Spannungsfeld von Erholung, Naturschutz und Jagd? Bei einer \u00f6ffentlichen Waldbegehung mit dem Stadtrat Wirges und dem Gemeinderat Dernbach bekamen rund 30 Teilnehmende spannende Einblicke direkt vor Ort \u2013 fachkundig begleitet von Revierf\u00f6rsterin Gesche B\u00f6binger. Am Samstagvormittag versammelten sich insgesamt 32 Personen am Jagdhaus Kehrwieder,\" \/>\n\t<meta name=\"robots\" content=\"max-image-preview:large\" \/>\n\t<meta name=\"author\" content=\"GfD_Manuel\"\/>\n\t<link rel=\"canonical\" href=\"https:\/\/gemeinsam-fuer-dernbach.de\/es\/neues-aus-dem-gemeinderat-oeffentliche-waldbegehung\" \/>\n\t<meta name=\"generator\" content=\"All in One SEO (AIOSEO) 5.0.1.1\" \/>\n\t\t<meta property=\"og:locale\" content=\"es_ES\" \/>\n\t\t<meta property=\"og:site_name\" content=\"Gemeinsam f\u00fcr Dernbach - Gemeinsam f\u00fcr Dernbach - Website der W\u00e4hlergruppe Jankowitsch\" \/>\n\t\t<meta property=\"og:type\" content=\"article\" \/>\n\t\t<meta property=\"og:title\" content=\"Neues aus dem Gemeinderat: \u00d6ffentliche Waldbegehung - Gemeinsam f\u00fcr Dernbach\" \/>\n\t\t<meta property=\"og:description\" content=\"Wie entwickelt sich unser Wald? Und wie geht nachhaltige Forstwirtschaft im Spannungsfeld von Erholung, Naturschutz und Jagd? Bei einer \u00f6ffentlichen Waldbegehung mit dem Stadtrat Wirges und dem Gemeinderat Dernbach bekamen rund 30 Teilnehmende spannende Einblicke direkt vor Ort \u2013 fachkundig begleitet von Revierf\u00f6rsterin Gesche B\u00f6binger. Am Samstagvormittag versammelten sich insgesamt 32 Personen am Jagdhaus Kehrwieder,\" \/>\n\t\t<meta property=\"og:url\" content=\"https:\/\/gemeinsam-fuer-dernbach.de\/es\/neues-aus-dem-gemeinderat-oeffentliche-waldbegehung\" \/>\n\t\t<meta property=\"og:image\" content=\"https:\/\/gemeinsam-fuer-dernbach.de\/wp-content\/uploads\/2024\/12\/cropped-Button.png\" \/>\n\t\t<meta property=\"og:image:secure_url\" content=\"https:\/\/gemeinsam-fuer-dernbach.de\/wp-content\/uploads\/2024\/12\/cropped-Button.png\" \/>\n\t\t<meta property=\"og:image:width\" content=\"512\" \/>\n\t\t<meta property=\"og:image:height\" content=\"512\" \/>\n\t\t<meta property=\"article:published_time\" content=\"2025-06-17T20:52:26+00:00\" \/>\n\t\t<meta property=\"article:modified_time\" content=\"2025-07-01T21:49:53+00:00\" \/>\n\t\t<meta property=\"article:publisher\" content=\"https:\/\/www.facebook.com\/gemeinsam.fuer.dernbach\/\" \/>\n\t\t<meta name=\"twitter:card\" content=\"summary_large_image\" \/>\n\t\t<meta name=\"twitter:title\" content=\"Neues aus dem Gemeinderat: \u00d6ffentliche Waldbegehung - Gemeinsam f\u00fcr Dernbach\" \/>\n\t\t<meta name=\"twitter:description\" content=\"Wie entwickelt sich unser Wald? Und wie geht nachhaltige Forstwirtschaft im Spannungsfeld von Erholung, Naturschutz und Jagd? Bei einer \u00f6ffentlichen Waldbegehung mit dem Stadtrat Wirges und dem Gemeinderat Dernbach bekamen rund 30 Teilnehmende spannende Einblicke direkt vor Ort \u2013 fachkundig begleitet von Revierf\u00f6rsterin Gesche B\u00f6binger. Am Samstagvormittag versammelten sich insgesamt 32 Personen am Jagdhaus Kehrwieder,\" \/>\n\t\t<meta name=\"twitter:image\" content=\"https:\/\/gemeinsam-fuer-dernbach.de\/wp-content\/uploads\/2024\/12\/cropped-Button.png\" \/>\n\t\t<script type=\"application\/ld+json\" class=\"aioseo-schema\">\n\t\t\t{\"@context\":\"https:\\\/\\\/schema.org\",\"@graph\":[{\"@type\":\"BlogPosting\",\"@id\":\"https:\\\/\\\/gemeinsam-fuer-dernbach.de\\\/es\\\/neues-aus-dem-gemeinderat-oeffentliche-waldbegehung#blogposting\",\"name\":\"Neues aus dem Gemeinderat: \\u00d6ffentliche Waldbegehung - Gemeinsam f\\u00fcr Dernbach\",\"headline\":\"Neues aus dem Gemeinderat: \\u00d6ffentliche Waldbegehung\",\"author\":{\"@id\":\"https:\\\/\\\/gemeinsam-fuer-dernbach.de\\\/es\\\/author\\\/gfd_manuel#author\"},\"publisher\":{\"@id\":\"https:\\\/\\\/gemeinsam-fuer-dernbach.de\\\/es\\\/#organization\"},\"image\":{\"@type\":\"ImageObject\",\"url\":\"https:\\\/\\\/gemeinsam-fuer-dernbach.de\\\/wp-content\\\/uploads\\\/2025\\\/06\\\/Waldbegehung3.jpeg\",\"width\":1570,\"height\":1485,\"caption\":\"Die Teilnehmenden aus Dernbach vor dem Jagthaus Kehrwieder\"},\"datePublished\":\"2025-06-17T21:52:26+01:00\",\"dateModified\":\"2025-07-01T22:49:53+01:00\",\"inLanguage\":\"es-ES\",\"mainEntityOfPage\":{\"@id\":\"https:\\\/\\\/gemeinsam-fuer-dernbach.de\\\/es\\\/neues-aus-dem-gemeinderat-oeffentliche-waldbegehung#webpage\"},\"isPartOf\":{\"@id\":\"https:\\\/\\\/gemeinsam-fuer-dernbach.de\\\/es\\\/neues-aus-dem-gemeinderat-oeffentliche-waldbegehung#webpage\"},\"articleSection\":\"Neues aus dem Gemeinderat, Erholung, Forst, Gemeinschaft, Jagd, Naturschutz, Umwelt, Waldbegehung\"},{\"@type\":\"BreadcrumbList\",\"@id\":\"https:\\\/\\\/gemeinsam-fuer-dernbach.de\\\/es\\\/neues-aus-dem-gemeinderat-oeffentliche-waldbegehung#breadcrumblist\",\"itemListElement\":[{\"@type\":\"ListItem\",\"@id\":\"https:\\\/\\\/gemeinsam-fuer-dernbach.de\\\/es#listItem\",\"position\":1,\"name\":\"Home\",\"item\":\"https:\\\/\\\/gemeinsam-fuer-dernbach.de\\\/es\",\"nextItem\":{\"@type\":\"ListItem\",\"@id\":\"https:\\\/\\\/gemeinsam-fuer-dernbach.de\\\/es\\\/category\\\/neues-aus-dem-gemeinderat#listItem\",\"name\":\"Neues aus dem Gemeinderat\"}},{\"@type\":\"ListItem\",\"@id\":\"https:\\\/\\\/gemeinsam-fuer-dernbach.de\\\/es\\\/category\\\/neues-aus-dem-gemeinderat#listItem\",\"position\":2,\"name\":\"Neues aus dem Gemeinderat\",\"item\":\"https:\\\/\\\/gemeinsam-fuer-dernbach.de\\\/es\\\/category\\\/neues-aus-dem-gemeinderat\",\"nextItem\":{\"@type\":\"ListItem\",\"@id\":\"https:\\\/\\\/gemeinsam-fuer-dernbach.de\\\/es\\\/neues-aus-dem-gemeinderat-oeffentliche-waldbegehung#listItem\",\"name\":\"Neues aus dem Gemeinderat: \\u00d6ffentliche Waldbegehung\"},\"previousItem\":{\"@type\":\"ListItem\",\"@id\":\"https:\\\/\\\/gemeinsam-fuer-dernbach.de\\\/es#listItem\",\"name\":\"Home\"}},{\"@type\":\"ListItem\",\"@id\":\"https:\\\/\\\/gemeinsam-fuer-dernbach.de\\\/es\\\/neues-aus-dem-gemeinderat-oeffentliche-waldbegehung#listItem\",\"position\":3,\"name\":\"Neues aus dem Gemeinderat: \\u00d6ffentliche Waldbegehung\",\"previousItem\":{\"@type\":\"ListItem\",\"@id\":\"https:\\\/\\\/gemeinsam-fuer-dernbach.de\\\/es\\\/category\\\/neues-aus-dem-gemeinderat#listItem\",\"name\":\"Neues aus dem Gemeinderat\"}}]},{\"@type\":\"Organization\",\"@id\":\"https:\\\/\\\/gemeinsam-fuer-dernbach.de\\\/es\\\/#organization\",\"name\":\"Gemeinsam f\\u00fcr Dernbach\",\"description\":\"Gemeinsam f\\u00fcr Dernbach - Website der W\\u00e4hlergruppe Jankowitsch\",\"url\":\"https:\\\/\\\/gemeinsam-fuer-dernbach.de\\\/es\\\/\",\"logo\":{\"@type\":\"ImageObject\",\"url\":\"https:\\\/\\\/gemeinsam-fuer-dernbach.de\\\/wp-content\\\/uploads\\\/2024\\\/12\\\/cropped-Button.png\",\"@id\":\"https:\\\/\\\/gemeinsam-fuer-dernbach.de\\\/es\\\/neues-aus-dem-gemeinderat-oeffentliche-waldbegehung\\\/#organizationLogo\",\"width\":512,\"height\":512,\"caption\":\"Gemeinsam f\\u00fcr Dernbach\"},\"image\":{\"@id\":\"https:\\\/\\\/gemeinsam-fuer-dernbach.de\\\/es\\\/neues-aus-dem-gemeinderat-oeffentliche-waldbegehung\\\/#organizationLogo\"},\"sameAs\":[\"https:\\\/\\\/www.facebook.com\\\/gemeinsam.fuer.dernbach\\\/\",\"https:\\\/\\\/www.instagram.com\\\/gemeinsam_fuer_dernbach\\\/\"]},{\"@type\":\"Person\",\"@id\":\"https:\\\/\\\/gemeinsam-fuer-dernbach.de\\\/es\\\/author\\\/gfd_manuel#author\",\"url\":\"https:\\\/\\\/gemeinsam-fuer-dernbach.de\\\/es\\\/author\\\/gfd_manuel\",\"name\":\"GfD_Manuel\"},{\"@type\":\"WebPage\",\"@id\":\"https:\\\/\\\/gemeinsam-fuer-dernbach.de\\\/es\\\/neues-aus-dem-gemeinderat-oeffentliche-waldbegehung#webpage\",\"url\":\"https:\\\/\\\/gemeinsam-fuer-dernbach.de\\\/es\\\/neues-aus-dem-gemeinderat-oeffentliche-waldbegehung\",\"name\":\"Neues aus dem Gemeinderat: \\u00d6ffentliche Waldbegehung - Gemeinsam f\\u00fcr Dernbach\",\"description\":\"Wie entwickelt sich unser Wald? Und wie geht nachhaltige Forstwirtschaft im Spannungsfeld von Erholung, Naturschutz und Jagd? Bei einer \\u00f6ffentlichen Waldbegehung mit dem Stadtrat Wirges und dem Gemeinderat Dernbach bekamen rund 30 Teilnehmende spannende Einblicke direkt vor Ort \\u2013 fachkundig begleitet von Revierf\\u00f6rsterin Gesche B\\u00f6binger. Am Samstagvormittag versammelten sich insgesamt 32 Personen am Jagdhaus Kehrwieder,\",\"inLanguage\":\"es-ES\",\"isPartOf\":{\"@id\":\"https:\\\/\\\/gemeinsam-fuer-dernbach.de\\\/es\\\/#website\"},\"breadcrumb\":{\"@id\":\"https:\\\/\\\/gemeinsam-fuer-dernbach.de\\\/es\\\/neues-aus-dem-gemeinderat-oeffentliche-waldbegehung#breadcrumblist\"},\"author\":{\"@id\":\"https:\\\/\\\/gemeinsam-fuer-dernbach.de\\\/es\\\/author\\\/gfd_manuel#author\"},\"creator\":{\"@id\":\"https:\\\/\\\/gemeinsam-fuer-dernbach.de\\\/es\\\/author\\\/gfd_manuel#author\"},\"image\":{\"@type\":\"ImageObject\",\"url\":\"https:\\\/\\\/gemeinsam-fuer-dernbach.de\\\/wp-content\\\/uploads\\\/2025\\\/06\\\/Waldbegehung3.jpeg\",\"@id\":\"https:\\\/\\\/gemeinsam-fuer-dernbach.de\\\/es\\\/neues-aus-dem-gemeinderat-oeffentliche-waldbegehung\\\/#mainImage\",\"width\":1570,\"height\":1485,\"caption\":\"Die Teilnehmenden aus Dernbach vor dem Jagthaus Kehrwieder\"},\"primaryImageOfPage\":{\"@id\":\"https:\\\/\\\/gemeinsam-fuer-dernbach.de\\\/es\\\/neues-aus-dem-gemeinderat-oeffentliche-waldbegehung#mainImage\"},\"datePublished\":\"2025-06-17T21:52:26+01:00\",\"dateModified\":\"2025-07-01T22:49:53+01:00\"},{\"@type\":\"WebSite\",\"@id\":\"https:\\\/\\\/gemeinsam-fuer-dernbach.de\\\/es\\\/#website\",\"url\":\"https:\\\/\\\/gemeinsam-fuer-dernbach.de\\\/es\\\/\",\"name\":\"Gemeinsam f\\u00fcr Dernbach\",\"description\":\"Gemeinsam f\\u00fcr Dernbach - Website der W\\u00e4hlergruppe Jankowitsch\",\"inLanguage\":\"es-ES\",\"publisher\":{\"@id\":\"https:\\\/\\\/gemeinsam-fuer-dernbach.de\\\/es\\\/#organization\"}}]}\n\t\t<\/script>\n\t\t<!-- All in One SEO -->\n\n","aioseo_head_json":{"title":"Neues aus dem Gemeinderat: \u00d6ffentliche Waldbegehung - Gemeinsam f\u00fcr Dernbach","description":"Wie entwickelt sich unser Wald? Und wie geht nachhaltige Forstwirtschaft im Spannungsfeld von Erholung, Naturschutz und Jagd? Bei einer \u00f6ffentlichen Waldbegehung mit dem Stadtrat Wirges und dem Gemeinderat Dernbach bekamen rund 30 Teilnehmende spannende Einblicke direkt vor Ort \u2013 fachkundig begleitet von Revierf\u00f6rsterin Gesche B\u00f6binger. Am Samstagvormittag versammelten sich insgesamt 32 Personen am Jagdhaus Kehrwieder,","canonical_url":"https:\/\/gemeinsam-fuer-dernbach.de\/es\/neues-aus-dem-gemeinderat-oeffentliche-waldbegehung","robots":"max-image-preview:large","keywords":"","webmasterTools":{"miscellaneous":""},"schema":{"@context":"https:\/\/schema.org","@graph":[{"@type":"BlogPosting","@id":"https:\/\/gemeinsam-fuer-dernbach.de\/es\/neues-aus-dem-gemeinderat-oeffentliche-waldbegehung#blogposting","name":"Neues aus dem Gemeinderat: \u00d6ffentliche Waldbegehung - Gemeinsam f\u00fcr Dernbach","headline":"Neues aus dem Gemeinderat: \u00d6ffentliche Waldbegehung","author":{"@id":"https:\/\/gemeinsam-fuer-dernbach.de\/es\/author\/gfd_manuel#author"},"publisher":{"@id":"https:\/\/gemeinsam-fuer-dernbach.de\/es\/#organization"},"image":{"@type":"ImageObject","url":"https:\/\/gemeinsam-fuer-dernbach.de\/wp-content\/uploads\/2025\/06\/Waldbegehung3.jpeg","width":1570,"height":1485,"caption":"Die Teilnehmenden aus Dernbach vor dem Jagthaus Kehrwieder"},"datePublished":"2025-06-17T21:52:26+01:00","dateModified":"2025-07-01T22:49:53+01:00","inLanguage":"es-ES","mainEntityOfPage":{"@id":"https:\/\/gemeinsam-fuer-dernbach.de\/es\/neues-aus-dem-gemeinderat-oeffentliche-waldbegehung#webpage"},"isPartOf":{"@id":"https:\/\/gemeinsam-fuer-dernbach.de\/es\/neues-aus-dem-gemeinderat-oeffentliche-waldbegehung#webpage"},"articleSection":"Neues aus dem Gemeinderat, Erholung, Forst, Gemeinschaft, Jagd, Naturschutz, Umwelt, Waldbegehung"},{"@type":"BreadcrumbList","@id":"https:\/\/gemeinsam-fuer-dernbach.de\/es\/neues-aus-dem-gemeinderat-oeffentliche-waldbegehung#breadcrumblist","itemListElement":[{"@type":"ListItem","@id":"https:\/\/gemeinsam-fuer-dernbach.de\/es#listItem","position":1,"name":"Home","item":"https:\/\/gemeinsam-fuer-dernbach.de\/es","nextItem":{"@type":"ListItem","@id":"https:\/\/gemeinsam-fuer-dernbach.de\/es\/category\/neues-aus-dem-gemeinderat#listItem","name":"Neues aus dem Gemeinderat"}},{"@type":"ListItem","@id":"https:\/\/gemeinsam-fuer-dernbach.de\/es\/category\/neues-aus-dem-gemeinderat#listItem","position":2,"name":"Neues aus dem Gemeinderat","item":"https:\/\/gemeinsam-fuer-dernbach.de\/es\/category\/neues-aus-dem-gemeinderat","nextItem":{"@type":"ListItem","@id":"https:\/\/gemeinsam-fuer-dernbach.de\/es\/neues-aus-dem-gemeinderat-oeffentliche-waldbegehung#listItem","name":"Neues aus dem Gemeinderat: \u00d6ffentliche Waldbegehung"},"previousItem":{"@type":"ListItem","@id":"https:\/\/gemeinsam-fuer-dernbach.de\/es#listItem","name":"Home"}},{"@type":"ListItem","@id":"https:\/\/gemeinsam-fuer-dernbach.de\/es\/neues-aus-dem-gemeinderat-oeffentliche-waldbegehung#listItem","position":3,"name":"Neues aus dem Gemeinderat: \u00d6ffentliche Waldbegehung","previousItem":{"@type":"ListItem","@id":"https:\/\/gemeinsam-fuer-dernbach.de\/es\/category\/neues-aus-dem-gemeinderat#listItem","name":"Neues aus dem Gemeinderat"}}]},{"@type":"Organization","@id":"https:\/\/gemeinsam-fuer-dernbach.de\/es\/#organization","name":"Gemeinsam f\u00fcr Dernbach","description":"Gemeinsam f\u00fcr Dernbach - Website der W\u00e4hlergruppe Jankowitsch","url":"https:\/\/gemeinsam-fuer-dernbach.de\/es\/","logo":{"@type":"ImageObject","url":"https:\/\/gemeinsam-fuer-dernbach.de\/wp-content\/uploads\/2024\/12\/cropped-Button.png","@id":"https:\/\/gemeinsam-fuer-dernbach.de\/es\/neues-aus-dem-gemeinderat-oeffentliche-waldbegehung\/#organizationLogo","width":512,"height":512,"caption":"Gemeinsam f\u00fcr Dernbach"},"image":{"@id":"https:\/\/gemeinsam-fuer-dernbach.de\/es\/neues-aus-dem-gemeinderat-oeffentliche-waldbegehung\/#organizationLogo"},"sameAs":["https:\/\/www.facebook.com\/gemeinsam.fuer.dernbach\/","https:\/\/www.instagram.com\/gemeinsam_fuer_dernbach\/"]},{"@type":"Person","@id":"https:\/\/gemeinsam-fuer-dernbach.de\/es\/author\/gfd_manuel#author","url":"https:\/\/gemeinsam-fuer-dernbach.de\/es\/author\/gfd_manuel","name":"GfD_Manuel"},{"@type":"WebPage","@id":"https:\/\/gemeinsam-fuer-dernbach.de\/es\/neues-aus-dem-gemeinderat-oeffentliche-waldbegehung#webpage","url":"https:\/\/gemeinsam-fuer-dernbach.de\/es\/neues-aus-dem-gemeinderat-oeffentliche-waldbegehung","name":"Neues aus dem Gemeinderat: \u00d6ffentliche Waldbegehung - Gemeinsam f\u00fcr Dernbach","description":"Wie entwickelt sich unser Wald? Und wie geht nachhaltige Forstwirtschaft im Spannungsfeld von Erholung, Naturschutz und Jagd? Bei einer \u00f6ffentlichen Waldbegehung mit dem Stadtrat Wirges und dem Gemeinderat Dernbach bekamen rund 30 Teilnehmende spannende Einblicke direkt vor Ort \u2013 fachkundig begleitet von Revierf\u00f6rsterin Gesche B\u00f6binger. Am Samstagvormittag versammelten sich insgesamt 32 Personen am Jagdhaus Kehrwieder,","inLanguage":"es-ES","isPartOf":{"@id":"https:\/\/gemeinsam-fuer-dernbach.de\/es\/#website"},"breadcrumb":{"@id":"https:\/\/gemeinsam-fuer-dernbach.de\/es\/neues-aus-dem-gemeinderat-oeffentliche-waldbegehung#breadcrumblist"},"author":{"@id":"https:\/\/gemeinsam-fuer-dernbach.de\/es\/author\/gfd_manuel#author"},"creator":{"@id":"https:\/\/gemeinsam-fuer-dernbach.de\/es\/author\/gfd_manuel#author"},"image":{"@type":"ImageObject","url":"https:\/\/gemeinsam-fuer-dernbach.de\/wp-content\/uploads\/2025\/06\/Waldbegehung3.jpeg","@id":"https:\/\/gemeinsam-fuer-dernbach.de\/es\/neues-aus-dem-gemeinderat-oeffentliche-waldbegehung\/#mainImage","width":1570,"height":1485,"caption":"Die Teilnehmenden aus Dernbach vor dem Jagthaus Kehrwieder"},"primaryImageOfPage":{"@id":"https:\/\/gemeinsam-fuer-dernbach.de\/es\/neues-aus-dem-gemeinderat-oeffentliche-waldbegehung#mainImage"},"datePublished":"2025-06-17T21:52:26+01:00","dateModified":"2025-07-01T22:49:53+01:00"},{"@type":"WebSite","@id":"https:\/\/gemeinsam-fuer-dernbach.de\/es\/#website","url":"https:\/\/gemeinsam-fuer-dernbach.de\/es\/","name":"Gemeinsam f\u00fcr Dernbach","description":"Gemeinsam f\u00fcr Dernbach - Website der W\u00e4hlergruppe Jankowitsch","inLanguage":"es-ES","publisher":{"@id":"https:\/\/gemeinsam-fuer-dernbach.de\/es\/#organization"}}]},"og:locale":"es_ES","og:site_name":"Gemeinsam f\u00fcr Dernbach - Gemeinsam f\u00fcr Dernbach - Website der W\u00e4hlergruppe Jankowitsch","og:type":"article","og:title":"Neues aus dem Gemeinderat: \u00d6ffentliche Waldbegehung - Gemeinsam f\u00fcr Dernbach","og:description":"Wie entwickelt sich unser Wald? Und wie geht nachhaltige Forstwirtschaft im Spannungsfeld von Erholung, Naturschutz und Jagd? Bei einer \u00f6ffentlichen Waldbegehung mit dem Stadtrat Wirges und dem Gemeinderat Dernbach bekamen rund 30 Teilnehmende spannende Einblicke direkt vor Ort \u2013 fachkundig begleitet von Revierf\u00f6rsterin Gesche B\u00f6binger. Am Samstagvormittag versammelten sich insgesamt 32 Personen am Jagdhaus Kehrwieder,","og:url":"https:\/\/gemeinsam-fuer-dernbach.de\/es\/neues-aus-dem-gemeinderat-oeffentliche-waldbegehung","og:image":"https:\/\/gemeinsam-fuer-dernbach.de\/wp-content\/uploads\/2024\/12\/cropped-Button.png","og:image:secure_url":"https:\/\/gemeinsam-fuer-dernbach.de\/wp-content\/uploads\/2024\/12\/cropped-Button.png","og:image:width":512,"og:image:height":512,"article:published_time":"2025-06-17T20:52:26+00:00","article:modified_time":"2025-07-01T21:49:53+00:00","article:publisher":"https:\/\/www.facebook.com\/gemeinsam.fuer.dernbach\/","twitter:card":"summary_large_image","twitter:title":"Neues aus dem Gemeinderat: \u00d6ffentliche Waldbegehung - Gemeinsam f\u00fcr Dernbach","twitter:description":"Wie entwickelt sich unser Wald? Und wie geht nachhaltige Forstwirtschaft im Spannungsfeld von Erholung, Naturschutz und Jagd? Bei einer \u00f6ffentlichen Waldbegehung mit dem Stadtrat Wirges und dem Gemeinderat Dernbach bekamen rund 30 Teilnehmende spannende Einblicke direkt vor Ort \u2013 fachkundig begleitet von Revierf\u00f6rsterin Gesche B\u00f6binger. Am Samstagvormittag versammelten sich insgesamt 32 Personen am Jagdhaus Kehrwieder,","twitter:image":"https:\/\/gemeinsam-fuer-dernbach.de\/wp-content\/uploads\/2024\/12\/cropped-Button.png"},"aioseo_meta_data":{"post_id":"1504","title":null,"description":null,"keywords":null,"keyphrases":{"focus":[],"additional":[]},"primary_term":null,"canonical_url":null,"og_title":null,"og_description":null,"og_object_type":"default","og_image_type":"default","og_image_url":null,"og_image_width":null,"og_image_height":null,"og_image_custom_url":null,"og_image_custom_fields":null,"og_video":"","og_custom_url":null,"og_article_section":null,"og_article_tags":null,"twitter_use_og":false,"twitter_card":"default","twitter_image_type":"default","twitter_image_url":null,"twitter_image_custom_url":null,"twitter_image_custom_fields":null,"twitter_title":null,"twitter_description":null,"schema":{"blockGraphs":[],"customGraphs":[],"default":{"data":{"Article":[],"Course":[],"Dataset":[],"FAQPage":[],"Movie":[],"Person":[],"Product":[],"ProductReview":[],"Car":[],"Recipe":[],"Service":[],"SoftwareApplication":[],"WebPage":[]},"graphName":"","isEnabled":true},"graphs":[]},"schema_type":"default","schema_type_options":null,"pillar_content":false,"robots_default":true,"robots_noindex":false,"robots_noarchive":false,"robots_nosnippet":false,"robots_nofollow":false,"robots_noimageindex":false,"robots_noodp":false,"robots_notranslate":false,"robots_max_snippet":"-1","robots_max_videopreview":"-1","robots_max_imagepreview":"large","priority":null,"frequency":"default","local_seo":null,"breadcrumb_settings":null,"limit_modified_date":false,"ai":null,"created":"2025-06-24 20:06:22","updated":"2026-09-03 19:34:32","seo_analyzer_scan_date":null,"focus_keyword":null,"additional_keywords":null,"truseo_locale":null},"aioseo_breadcrumb":"<div class=\"aioseo-breadcrumbs\"><span class=\"aioseo-breadcrumb\">\n\t\t\t<a href=\"https:\/\/gemeinsam-fuer-dernbach.de\/es\" title=\"Home\">Home<\/a>\n\t\t<\/span><span class=\"aioseo-breadcrumb-separator\">&raquo;<\/span><span class=\"aioseo-breadcrumb\">\n\t\t\t<a href=\"https:\/\/gemeinsam-fuer-dernbach.de\/es\/category\/neues-aus-dem-gemeinderat\" title=\"Neues aus dem Gemeinderat\">Neues aus dem Gemeinderat<\/a>\n\t\t<\/span><span class=\"aioseo-breadcrumb-separator\">&raquo;<\/span><span class=\"aioseo-breadcrumb\">\n\t\t\tNeues aus dem Gemeinderat: \u00d6ffentliche Waldbegehung\n\t\t<\/span><\/div>","aioseo_breadcrumb_json":[{"label":"Home","link":"https:\/\/gemeinsam-fuer-dernbach.de\/es"},{"label":"Neues aus dem Gemeinderat","link":"https:\/\/gemeinsam-fuer-dernbach.de\/es\/category\/neues-aus-dem-gemeinderat"},{"label":"Neues aus dem Gemeinderat: \u00d6ffentliche Waldbegehung","link":"https:\/\/gemeinsam-fuer-dernbach.de\/es\/neues-aus-dem-gemeinderat-oeffentliche-waldbegehung"}],"_links":{"self":[{"href":"https:\/\/gemeinsam-fuer-dernbach.de\/es\/wp-json\/wp\/v2\/posts\/1504","targetHints":{"allow":["GET"]}}],"collection":[{"href":"https:\/\/gemeinsam-fuer-dernbach.de\/es\/wp-json\/wp\/v2\/posts"}],"about":[{"href":"https:\/\/gemeinsam-fuer-dernbach.de\/es\/wp-json\/wp\/v2\/types\/post"}],"author":[{"embeddable":true,"href":"https:\/\/gemeinsam-fuer-dernbach.de\/es\/wp-json\/wp\/v2\/users\/2"}],"replies":[{"embeddable":true,"href":"https:\/\/gemeinsam-fuer-dernbach.de\/es\/wp-json\/wp\/v2\/comments?post=1504"}],"version-history":[{"count":1,"href":"https:\/\/gemeinsam-fuer-dernbach.de\/es\/wp-json\/wp\/v2\/posts\/1504\/revisions"}],"predecessor-version":[{"id":1505,"href":"https:\/\/gemeinsam-fuer-dernbach.de\/es\/wp-json\/wp\/v2\/posts\/1504\/revisions\/1505"}],"wp:featuredmedia":[{"embeddable":true,"href":"https:\/\/gemeinsam-fuer-dernbach.de\/es\/wp-json\/wp\/v2\/media\/1502"}],"wp:attachment":[{"href":"https:\/\/gemeinsam-fuer-dernbach.de\/es\/wp-json\/wp\/v2\/media?parent=1504"}],"wp:term":[{"taxonomy":"category","embeddable":true,"href":"https:\/\/gemeinsam-fuer-dernbach.de\/es\/wp-json\/wp\/v2\/categories?post=1504"},{"taxonomy":"post_tag","embeddable":true,"href":"https:\/\/gemeinsam-fuer-dernbach.de\/es\/wp-json\/wp\/v2\/tags?post=1504"}],"curies":[{"name":"wp","href":"https:\/\/api.w.org\/{rel}","templated":true}]}}