{"id":1704,"date":"2026-09-03T20:33:40","date_gmt":"2026-09-03T19:33:40","guid":{"rendered":"https:\/\/gemeinsam-fuer-dernbach.de\/?p=1704"},"modified":"2026-09-03T20:55:08","modified_gmt":"2026-09-03T19:55:08","slug":"neues-aus-dem-gemeinderat-unwetter-beendet-sitzung-vorzeitig","status":"publish","type":"post","link":"https:\/\/gemeinsam-fuer-dernbach.de\/es\/neues-aus-dem-gemeinderat-unwetter-beendet-sitzung-vorzeitig","title":{"rendered":"El clima severo termina la sesi\u00f3n prematuramente"},"content":{"rendered":"<p class=\"wp-block-paragraph\">Los miembros del consejo decidieron poner fin prematuramente a la reciente reuni\u00f3n del consejo municipal de Dernbach. La raz\u00f3n de esto fue un corte de energ\u00eda causado por la tormenta el 19 de agosto. Hasta entonces, se hab\u00edan debatido y decidido varios puntos del orden del d\u00eda.<\/p>\n\n\n\n<h2 class=\"wp-block-heading\"><strong>Sebastian Hausen sigue adelante<\/strong><\/h2>\n\n\n\n<p class=\"wp-block-paragraph\">Al principio, Sebastian Hausen fue nombrado sucesor del consejo municipal.<\/p>\n\n\n\n<p class=\"wp-block-paragraph\">Posteriormente, se incluy\u00f3 en el orden del d\u00eda la reelecci\u00f3n de varios mandatos de los comit\u00e9s. Esto involucr\u00f3 al comit\u00e9 principal y financiero, el comit\u00e9 para el parque empresarial y el comit\u00e9 de construcci\u00f3n, incluidos los respectivos delegados.<\/p>\n\n\n\n<h2 class=\"wp-block-heading\"><strong>Vajilla donada y nueva regulaci\u00f3n para la caba\u00f1a de barbacoa<\/strong><\/h2>\n\n\n\n<p class=\"wp-block-paragraph\">Otro punto se refer\u00eda a las reglas de uso de la caba\u00f1a de barbacoa. En relaci\u00f3n con esto, tambi\u00e9n se habl\u00f3 de platos donados.<\/p>\n\n\n\n<p class=\"wp-block-paragraph\">Para el uso de la cocina y los platos, se cobrar\u00e1n 30 euros en el futuro. Desde nuestro punto de vista, sin embargo, esto parece un <strong>aumento de la tasa oculta<\/strong> \u2013 en el debate anterior, el grupo CDU destac\u00f3 la asequibilidad de la cabina de barbacoa en t\u00e9rminos de aspectos sociales del uso.<\/p>\n\n\n\n<h3 class=\"wp-block-heading\"><strong>Prohibici\u00f3n de fuegos artificiales<\/strong><\/h3>\n\n\n\n<p class=\"wp-block-paragraph\">Las nuevas regulaciones tambi\u00e9n prev\u00e9n la prohibici\u00f3n de los fuegos artificiales. Manuel pregunt\u00f3 hasta qu\u00e9 punto una prohibici\u00f3n general, por ejemplo en la v\u00edspera de A\u00f1o Nuevo o en un clima suficientemente h\u00famedo, es realmente proporcionada.<\/p>\n\n\n\n<p class=\"wp-block-paragraph\">En principio, la comunidad local, como operador y propietario de la caba\u00f1a de barbacoa, tiene derecho a elaborar las normas de uso correspondientes. Un argumento clave a favor de la prohibici\u00f3n es, en particular, la prevenci\u00f3n de los riesgos de incendio.<\/p>\n\n\n\n<p class=\"wp-block-paragraph\">El nuevo reglamento llega a <strong>1 de septiembre<\/strong> en vigor.<\/p>\n\n\n\n<h2 class=\"wp-block-heading\"><strong>Renovaci\u00f3n del Burgweg<\/strong><\/h2>\n\n\n\n<p class=\"wp-block-paragraph\">En la agenda tambi\u00e9n estaba la renovaci\u00f3n del Burgweg en la confluencia con Elgendorfer Stra\u00dfe.<\/p>\n\n\n\n<p class=\"wp-block-paragraph\">En el transcurso del trabajo planificado, las piedras de pavimentaci\u00f3n existentes se recoger\u00e1n y almacenar\u00e1n para su uso posterior. La licitaci\u00f3n de la acci\u00f3n est\u00e1 en curso.<\/p>\n\n\n\n<p class=\"wp-block-paragraph\">El alcalde explic\u00f3 que una versi\u00f3n con alquitr\u00e1n o asfalto hace frente mejor a las cargas esperadas. Por lo tanto, la capa de carga existente no est\u00e1 da\u00f1ada y se encuentra en un estado muy estable.<\/p>\n\n\n\n<p class=\"wp-block-paragraph\">Desde nuestro punto de vista, sin embargo, existen dudas sobre cu\u00e1n estable ser\u00e1 la carretera, especialmente en el \u00e1rea m\u00e1s empinada de la intersecci\u00f3n, bajo una mayor carga del tr\u00e1fico pesado. Por lo tanto, la cuesti\u00f3n de la resiliencia a largo plazo debe tenerse en cuenta en la ejecuci\u00f3n.<\/p>\n\n\n\n<p class=\"wp-block-paragraph\">Dado que los cr\u00e9ditos presupuestarios inicialmente previstos ya no estaban disponibles, hubo que volver a reservar los cr\u00e9ditos para la medida. Hubo cuatro abstenciones en esta decisi\u00f3n.<\/p>\n\n\n\n<h2 class=\"wp-block-heading\"><strong>Drenaje en la calle Dr. Domarus<\/strong><\/h2>\n\n\n\n<p class=\"wp-block-paragraph\">Algunos miembros del Consejo examinaron m\u00e1s intensamente el problema de larga data del drenaje en el <strong>calle Dr. Domarus<\/strong>.<\/p>\n\n\n\n<p class=\"wp-block-paragraph\">Los costes de la medida, que ahora se ha previsto, han aumentado significativamente. Originalmente era redondo <strong>9 000 EUR<\/strong> se ha presumido; Ahora tiene un costo de aproximadamente <strong>25.000 euros<\/strong> esperado.<\/p>\n\n\n\n<p class=\"wp-block-paragraph\">La empresa encargada originalmente ya no est\u00e1 dispuesta a cumplir con el contrato existente en los t\u00e9rminos anteriores.<\/p>\n\n\n\n<h3 class=\"wp-block-heading\"><strong>Preguntas sobre el aumento de costos<\/strong><\/h3>\n\n\n\n<p class=\"wp-block-paragraph\">Desde nuestro punto de vista, este desarrollo no es comprensible. En nuestra opini\u00f3n, el aumento significativo de los precios no puede explicarse \u00fanicamente por la inflaci\u00f3n general en un plazo de dos a\u00f1os.<\/p>\n\n\n\n<p class=\"wp-block-paragraph\">Como factor de costo adicional, se mencion\u00f3, entre otras cosas, que las placas met\u00e1licas deben dise\u00f1arse para el trabajo a fin de permitir el acceso o la navegabilidad de la propiedad. En nuestra opini\u00f3n, sin embargo, esto no explica autom\u00e1ticamente un aumento de los costes de alrededor de 9.000 a 25.000 euros.<\/p>\n\n\n\n<p class=\"wp-block-paragraph\">Por lo tanto, Manuel tambi\u00e9n pregunt\u00f3 si, en vista de la negativa de la empresa inicialmente encargada a cumplir el contrato, <strong>posibles reclamaciones por da\u00f1os y perjuicios por incumplimiento de contrato<\/strong> podr\u00eda existir. Sin embargo, esta cuesti\u00f3n no se examin\u00f3 m\u00e1s a fondo en el debate ulterior.<\/p>\n\n\n\n<h3 class=\"wp-block-heading\"><strong>La eficacia del drenaje sigue sin estar clara<\/strong><\/h3>\n\n\n\n<p class=\"wp-block-paragraph\">A\u00fan m\u00e1s fundamentalmente, surge la pregunta de si el drenaje planificado es realmente adecuado para resolver el problema existente de forma permanente.<\/p>\n\n\n\n<p class=\"wp-block-paragraph\">Ya durante las consultas anteriores no estaba claro qu\u00e9 causa es responsable de la humedad que ocurre. En particular, debe distinguirse entre: <strong>Agua subterr\u00e1nea, agua de embalse, lixiviado y una mera humectaci\u00f3n del suelo<\/strong>.<\/p>\n\n\n\n<p class=\"wp-block-paragraph\">Bas\u00e1ndose en la evaluaci\u00f3n del Verbandsgemeindewerke, la medida se adopt\u00f3 por unanimidad en 2025: <a href=\"https:\/\/gemeinsam-fuer-dernbach.de\/es\/ratssitzungsbericht-vom-18-juni-2025\/\"><u>https:\/\/gemeinsam-fuer-dernbach.de\/ratssitzungsbericht-vom-18-juni-2025<\/u><\/a>.\u00a0 Sin embargo, teniendo en cuenta el considerable aumento de los costes en circunstancias poco claras, sigue siendo cuestionable desde nuestro punto de vista si una medida tan costosa no supondr\u00eda una carga excesiva para el presupuesto de Dernbach.<\/p>\n\n\n\n<p class=\"wp-block-paragraph\">Adem\u00e1s, est\u00e1 la cuesti\u00f3n fundamental de si y en qu\u00e9 medida la comunidad local aqu\u00ed en absoluto <strong>Obligaci\u00f3n de actuar o de disponer de<\/strong> lo es. Sin embargo, la gran mayor\u00eda estuvo de acuerdo con la medida.<\/p>\n\n\n\n<h2 class=\"wp-block-heading\"><strong>Otros puntos y terminaci\u00f3n anticipada de la reuni\u00f3n<\/strong><\/h2>\n\n\n\n<p class=\"wp-block-paragraph\">El orden del d\u00eda incluye otros temas. Sin embargo, debido al corte de energ\u00eda debido al clima severo, la reuni\u00f3n no pudo continuar correctamente.<\/p>\n\n\n\n<p class=\"wp-block-paragraph\">Por consiguiente, los puntos restantes del orden del d\u00eda deben reabrirse en una pr\u00f3xima sesi\u00f3n.<\/p>\n\n\n\n<p class=\"wp-block-paragraph\">Aunque la terminaci\u00f3n anticipada fue inusual, tambi\u00e9n muestra lo importante que es observar de cerca las medidas m\u00e1s grandes: Tanto el Burgweg como el drenaje son importantes fondos p\u00fablicos y soluciones que deber\u00edan funcionar el mayor tiempo posible.<\/p>\n\n\n\n<p class=\"wp-block-paragraph\"><\/p>","protected":false},"excerpt":{"rendered":"<p>Los miembros del consejo decidieron poner fin prematuramente a la reciente reuni\u00f3n del consejo municipal de Dernbach. La raz\u00f3n de esto fue un corte de energ\u00eda causado por la tormenta el 19 de agosto. Hasta entonces, se podr\u00edan debatir varios puntos del orden del d\u00eda [\u2026]<\/p>","protected":false},"author":2,"featured_media":0,"comment_status":"closed","ping_status":"open","sticky":false,"template":"","format":"standard","meta":{"_price":"","_stock":"","_tribe_ticket_header":"","_tribe_default_ticket_provider":"","_tribe_ticket_capacity":"0","_ticket_start_date":"","_ticket_end_date":"","_tribe_ticket_show_description":"","_tribe_ticket_show_not_going":false,"_tribe_ticket_use_global_stock":"","_tribe_ticket_global_stock_level":"","_global_stock_mode":"","_global_stock_cap":"","_tribe_rsvp_for_event":"","_tribe_ticket_going_count":"","_tribe_ticket_not_going_count":"","_tribe_tickets_list":"[]","_tribe_ticket_has_attendee_info_fields":false,"_EventAllDay":false,"_EventTimezone":"","_EventStartDate":"","_EventEndDate":"","_EventStartDateUTC":"","_EventEndDateUTC":"","_EventShowMap":false,"_EventShowMapLink":false,"_EventURL":"","_EventCost":"","_EventCostDescription":"","_EventCurrencySymbol":"","_EventCurrencyCode":"","_EventCurrencyPosition":"","_EventDateTimeSeparator":"","_EventTimeRangeSeparator":"","_EventOrganizerID":[],"_EventVenueID":[],"_OrganizerEmail":"","_OrganizerPhone":"","_OrganizerWebsite":"","_VenueAddress":"","_VenueCity":"","_VenueCountry":"","_VenueProvince":"","_VenueState":"","_VenueZip":"","_VenuePhone":"","_VenueURL":"","_VenueStateProvince":"","_VenueLat":"","_VenueLng":"","_VenueShowMap":false,"_VenueShowMapLink":false,"footnotes":""},"categories":[10],"tags":[125,134,165,164],"class_list":["post-1704","post","type-post","status-publish","format-standard","hentry","category-neues-aus-dem-gemeinderat","tag-burgweg","tag-drainage","tag-grillhuette","tag-ratssitzung"],"aioseo_notices":[],"aioseo_head":"\n\t\t<!-- All in One SEO 5.0.1.1 - aioseo.com -->\n\t<meta name=\"description\" content=\"Die Ratsmitglieder entschieden, die j\u00fcngste Sitzung des Dernbacher Gemeinderats vorzeitig zu beenden. Grund daf\u00fcr war ein durch das Unwetter am 19. August verursachter Stromausfall. Bis dahin konnten mehrere Tagesordnungspunkte beraten und beschlossen werden. Sebastian Hausen r\u00fcckt nach Zu Beginn wurde Sebastian Hausen als Nachr\u00fccker in den Gemeinderat verpflichtet. Anschlie\u00dfend stand die Neuwahl verschiedener Ausschussmandate auf\" \/>\n\t<meta name=\"robots\" content=\"max-image-preview:large\" \/>\n\t<meta name=\"author\" content=\"GfD_Manuel\"\/>\n\t<link rel=\"canonical\" href=\"https:\/\/gemeinsam-fuer-dernbach.de\/es\/neues-aus-dem-gemeinderat-unwetter-beendet-sitzung-vorzeitig\" \/>\n\t<meta name=\"generator\" content=\"All in One SEO (AIOSEO) 5.0.1.1\" \/>\n\t\t<meta property=\"og:locale\" content=\"es_ES\" \/>\n\t\t<meta property=\"og:site_name\" content=\"Gemeinsam f\u00fcr Dernbach - Gemeinsam f\u00fcr Dernbach - Website der W\u00e4hlergruppe Jankowitsch\" \/>\n\t\t<meta property=\"og:type\" content=\"article\" \/>\n\t\t<meta property=\"og:title\" content=\"Unwetter beendet Sitzung vorzeitig - Gemeinsam f\u00fcr Dernbach\" \/>\n\t\t<meta property=\"og:description\" content=\"Die Ratsmitglieder entschieden, die j\u00fcngste Sitzung des Dernbacher Gemeinderats vorzeitig zu beenden. Grund daf\u00fcr war ein durch das Unwetter am 19. August verursachter Stromausfall. Bis dahin konnten mehrere Tagesordnungspunkte beraten und beschlossen werden. Sebastian Hausen r\u00fcckt nach Zu Beginn wurde Sebastian Hausen als Nachr\u00fccker in den Gemeinderat verpflichtet. Anschlie\u00dfend stand die Neuwahl verschiedener Ausschussmandate auf\" \/>\n\t\t<meta property=\"og:url\" content=\"https:\/\/gemeinsam-fuer-dernbach.de\/es\/neues-aus-dem-gemeinderat-unwetter-beendet-sitzung-vorzeitig\" \/>\n\t\t<meta property=\"og:image\" content=\"https:\/\/gemeinsam-fuer-dernbach.de\/wp-content\/uploads\/2024\/12\/cropped-Button.png\" \/>\n\t\t<meta property=\"og:image:secure_url\" content=\"https:\/\/gemeinsam-fuer-dernbach.de\/wp-content\/uploads\/2024\/12\/cropped-Button.png\" \/>\n\t\t<meta property=\"og:image:width\" content=\"512\" \/>\n\t\t<meta property=\"og:image:height\" content=\"512\" \/>\n\t\t<meta property=\"article:published_time\" content=\"2026-09-03T19:33:40+00:00\" \/>\n\t\t<meta property=\"article:modified_time\" content=\"2026-09-03T19:55:08+00:00\" \/>\n\t\t<meta property=\"article:publisher\" content=\"https:\/\/www.facebook.com\/gemeinsam.fuer.dernbach\/\" \/>\n\t\t<meta name=\"twitter:card\" content=\"summary_large_image\" \/>\n\t\t<meta name=\"twitter:title\" content=\"Unwetter beendet Sitzung vorzeitig - Gemeinsam f\u00fcr Dernbach\" \/>\n\t\t<meta name=\"twitter:description\" content=\"Die Ratsmitglieder entschieden, die j\u00fcngste Sitzung des Dernbacher Gemeinderats vorzeitig zu beenden. Grund daf\u00fcr war ein durch das Unwetter am 19. August verursachter Stromausfall. Bis dahin konnten mehrere Tagesordnungspunkte beraten und beschlossen werden. Sebastian Hausen r\u00fcckt nach Zu Beginn wurde Sebastian Hausen als Nachr\u00fccker in den Gemeinderat verpflichtet. Anschlie\u00dfend stand die Neuwahl verschiedener Ausschussmandate auf\" \/>\n\t\t<meta name=\"twitter:image\" content=\"https:\/\/gemeinsam-fuer-dernbach.de\/wp-content\/uploads\/2024\/12\/cropped-Button.png\" \/>\n\t\t<script type=\"application\/ld+json\" class=\"aioseo-schema\">\n\t\t\t{\"@context\":\"https:\\\/\\\/schema.org\",\"@graph\":[{\"@type\":\"BlogPosting\",\"@id\":\"https:\\\/\\\/gemeinsam-fuer-dernbach.de\\\/es\\\/neues-aus-dem-gemeinderat-unwetter-beendet-sitzung-vorzeitig#blogposting\",\"name\":\"Unwetter beendet Sitzung vorzeitig - Gemeinsam f\\u00fcr Dernbach\",\"headline\":\"Unwetter beendet Sitzung vorzeitig\",\"author\":{\"@id\":\"https:\\\/\\\/gemeinsam-fuer-dernbach.de\\\/es\\\/author\\\/gfd_manuel#author\"},\"publisher\":{\"@id\":\"https:\\\/\\\/gemeinsam-fuer-dernbach.de\\\/es\\\/#organization\"},\"image\":{\"@type\":\"ImageObject\",\"url\":\"https:\\\/\\\/gemeinsam-fuer-dernbach.de\\\/wp-content\\\/uploads\\\/2024\\\/12\\\/cropped-Button.png\",\"@id\":\"https:\\\/\\\/gemeinsam-fuer-dernbach.de\\\/es\\\/#articleImage\",\"width\":512,\"height\":512,\"caption\":\"Gemeinsam f\\u00fcr Dernbach\"},\"datePublished\":\"2026-09-03T20:33:40+01:00\",\"dateModified\":\"2026-09-03T20:55:08+01:00\",\"inLanguage\":\"es-ES\",\"mainEntityOfPage\":{\"@id\":\"https:\\\/\\\/gemeinsam-fuer-dernbach.de\\\/es\\\/neues-aus-dem-gemeinderat-unwetter-beendet-sitzung-vorzeitig#webpage\"},\"isPartOf\":{\"@id\":\"https:\\\/\\\/gemeinsam-fuer-dernbach.de\\\/es\\\/neues-aus-dem-gemeinderat-unwetter-beendet-sitzung-vorzeitig#webpage\"},\"articleSection\":\"Neues aus dem Gemeinderat, Burgweg, Drainage, Grillh\\u00fctte, Ratssitzung\"},{\"@type\":\"BreadcrumbList\",\"@id\":\"https:\\\/\\\/gemeinsam-fuer-dernbach.de\\\/es\\\/neues-aus-dem-gemeinderat-unwetter-beendet-sitzung-vorzeitig#breadcrumblist\",\"itemListElement\":[{\"@type\":\"ListItem\",\"@id\":\"https:\\\/\\\/gemeinsam-fuer-dernbach.de\\\/es#listItem\",\"position\":1,\"name\":\"Home\",\"item\":\"https:\\\/\\\/gemeinsam-fuer-dernbach.de\\\/es\",\"nextItem\":{\"@type\":\"ListItem\",\"@id\":\"https:\\\/\\\/gemeinsam-fuer-dernbach.de\\\/es\\\/category\\\/neues-aus-dem-gemeinderat#listItem\",\"name\":\"Neues aus dem Gemeinderat\"}},{\"@type\":\"ListItem\",\"@id\":\"https:\\\/\\\/gemeinsam-fuer-dernbach.de\\\/es\\\/category\\\/neues-aus-dem-gemeinderat#listItem\",\"position\":2,\"name\":\"Neues aus dem Gemeinderat\",\"item\":\"https:\\\/\\\/gemeinsam-fuer-dernbach.de\\\/es\\\/category\\\/neues-aus-dem-gemeinderat\",\"nextItem\":{\"@type\":\"ListItem\",\"@id\":\"https:\\\/\\\/gemeinsam-fuer-dernbach.de\\\/es\\\/neues-aus-dem-gemeinderat-unwetter-beendet-sitzung-vorzeitig#listItem\",\"name\":\"Unwetter beendet Sitzung vorzeitig\"},\"previousItem\":{\"@type\":\"ListItem\",\"@id\":\"https:\\\/\\\/gemeinsam-fuer-dernbach.de\\\/es#listItem\",\"name\":\"Home\"}},{\"@type\":\"ListItem\",\"@id\":\"https:\\\/\\\/gemeinsam-fuer-dernbach.de\\\/es\\\/neues-aus-dem-gemeinderat-unwetter-beendet-sitzung-vorzeitig#listItem\",\"position\":3,\"name\":\"Unwetter beendet Sitzung vorzeitig\",\"previousItem\":{\"@type\":\"ListItem\",\"@id\":\"https:\\\/\\\/gemeinsam-fuer-dernbach.de\\\/es\\\/category\\\/neues-aus-dem-gemeinderat#listItem\",\"name\":\"Neues aus dem Gemeinderat\"}}]},{\"@type\":\"Organization\",\"@id\":\"https:\\\/\\\/gemeinsam-fuer-dernbach.de\\\/es\\\/#organization\",\"name\":\"Gemeinsam f\\u00fcr Dernbach\",\"description\":\"Gemeinsam f\\u00fcr Dernbach - Website der W\\u00e4hlergruppe Jankowitsch\",\"url\":\"https:\\\/\\\/gemeinsam-fuer-dernbach.de\\\/es\\\/\",\"logo\":{\"@type\":\"ImageObject\",\"url\":\"https:\\\/\\\/gemeinsam-fuer-dernbach.de\\\/wp-content\\\/uploads\\\/2024\\\/12\\\/cropped-Button.png\",\"@id\":\"https:\\\/\\\/gemeinsam-fuer-dernbach.de\\\/es\\\/neues-aus-dem-gemeinderat-unwetter-beendet-sitzung-vorzeitig\\\/#organizationLogo\",\"width\":512,\"height\":512,\"caption\":\"Gemeinsam f\\u00fcr Dernbach\"},\"image\":{\"@id\":\"https:\\\/\\\/gemeinsam-fuer-dernbach.de\\\/es\\\/neues-aus-dem-gemeinderat-unwetter-beendet-sitzung-vorzeitig\\\/#organizationLogo\"},\"sameAs\":[\"https:\\\/\\\/www.facebook.com\\\/gemeinsam.fuer.dernbach\\\/\",\"https:\\\/\\\/www.instagram.com\\\/gemeinsam_fuer_dernbach\\\/\"]},{\"@type\":\"Person\",\"@id\":\"https:\\\/\\\/gemeinsam-fuer-dernbach.de\\\/es\\\/author\\\/gfd_manuel#author\",\"url\":\"https:\\\/\\\/gemeinsam-fuer-dernbach.de\\\/es\\\/author\\\/gfd_manuel\",\"name\":\"GfD_Manuel\"},{\"@type\":\"WebPage\",\"@id\":\"https:\\\/\\\/gemeinsam-fuer-dernbach.de\\\/es\\\/neues-aus-dem-gemeinderat-unwetter-beendet-sitzung-vorzeitig#webpage\",\"url\":\"https:\\\/\\\/gemeinsam-fuer-dernbach.de\\\/es\\\/neues-aus-dem-gemeinderat-unwetter-beendet-sitzung-vorzeitig\",\"name\":\"Unwetter beendet Sitzung vorzeitig - Gemeinsam f\\u00fcr Dernbach\",\"description\":\"Die Ratsmitglieder entschieden, die j\\u00fcngste Sitzung des Dernbacher Gemeinderats vorzeitig zu beenden. Grund daf\\u00fcr war ein durch das Unwetter am 19. August verursachter Stromausfall. Bis dahin konnten mehrere Tagesordnungspunkte beraten und beschlossen werden. Sebastian Hausen r\\u00fcckt nach Zu Beginn wurde Sebastian Hausen als Nachr\\u00fccker in den Gemeinderat verpflichtet. Anschlie\\u00dfend stand die Neuwahl verschiedener Ausschussmandate auf\",\"inLanguage\":\"es-ES\",\"isPartOf\":{\"@id\":\"https:\\\/\\\/gemeinsam-fuer-dernbach.de\\\/es\\\/#website\"},\"breadcrumb\":{\"@id\":\"https:\\\/\\\/gemeinsam-fuer-dernbach.de\\\/es\\\/neues-aus-dem-gemeinderat-unwetter-beendet-sitzung-vorzeitig#breadcrumblist\"},\"author\":{\"@id\":\"https:\\\/\\\/gemeinsam-fuer-dernbach.de\\\/es\\\/author\\\/gfd_manuel#author\"},\"creator\":{\"@id\":\"https:\\\/\\\/gemeinsam-fuer-dernbach.de\\\/es\\\/author\\\/gfd_manuel#author\"},\"datePublished\":\"2026-09-03T20:33:40+01:00\",\"dateModified\":\"2026-09-03T20:55:08+01:00\"},{\"@type\":\"WebSite\",\"@id\":\"https:\\\/\\\/gemeinsam-fuer-dernbach.de\\\/es\\\/#website\",\"url\":\"https:\\\/\\\/gemeinsam-fuer-dernbach.de\\\/es\\\/\",\"name\":\"Gemeinsam f\\u00fcr Dernbach\",\"description\":\"Gemeinsam f\\u00fcr Dernbach - Website der W\\u00e4hlergruppe Jankowitsch\",\"inLanguage\":\"es-ES\",\"publisher\":{\"@id\":\"https:\\\/\\\/gemeinsam-fuer-dernbach.de\\\/es\\\/#organization\"}}]}\n\t\t<\/script>\n\t\t<!-- All in One SEO -->\n\n","aioseo_head_json":{"title":"Unwetter beendet Sitzung vorzeitig - Gemeinsam f\u00fcr Dernbach","description":"Die Ratsmitglieder entschieden, die j\u00fcngste Sitzung des Dernbacher Gemeinderats vorzeitig zu beenden. Grund daf\u00fcr war ein durch das Unwetter am 19. August verursachter Stromausfall. Bis dahin konnten mehrere Tagesordnungspunkte beraten und beschlossen werden. Sebastian Hausen r\u00fcckt nach Zu Beginn wurde Sebastian Hausen als Nachr\u00fccker in den Gemeinderat verpflichtet. Anschlie\u00dfend stand die Neuwahl verschiedener Ausschussmandate auf","canonical_url":"https:\/\/gemeinsam-fuer-dernbach.de\/es\/neues-aus-dem-gemeinderat-unwetter-beendet-sitzung-vorzeitig","robots":"max-image-preview:large","keywords":"","webmasterTools":{"miscellaneous":""},"schema":{"@context":"https:\/\/schema.org","@graph":[{"@type":"BlogPosting","@id":"https:\/\/gemeinsam-fuer-dernbach.de\/es\/neues-aus-dem-gemeinderat-unwetter-beendet-sitzung-vorzeitig#blogposting","name":"Unwetter beendet Sitzung vorzeitig - Gemeinsam f\u00fcr Dernbach","headline":"Unwetter beendet Sitzung vorzeitig","author":{"@id":"https:\/\/gemeinsam-fuer-dernbach.de\/es\/author\/gfd_manuel#author"},"publisher":{"@id":"https:\/\/gemeinsam-fuer-dernbach.de\/es\/#organization"},"image":{"@type":"ImageObject","url":"https:\/\/gemeinsam-fuer-dernbach.de\/wp-content\/uploads\/2024\/12\/cropped-Button.png","@id":"https:\/\/gemeinsam-fuer-dernbach.de\/es\/#articleImage","width":512,"height":512,"caption":"Gemeinsam f\u00fcr Dernbach"},"datePublished":"2026-09-03T20:33:40+01:00","dateModified":"2026-09-03T20:55:08+01:00","inLanguage":"es-ES","mainEntityOfPage":{"@id":"https:\/\/gemeinsam-fuer-dernbach.de\/es\/neues-aus-dem-gemeinderat-unwetter-beendet-sitzung-vorzeitig#webpage"},"isPartOf":{"@id":"https:\/\/gemeinsam-fuer-dernbach.de\/es\/neues-aus-dem-gemeinderat-unwetter-beendet-sitzung-vorzeitig#webpage"},"articleSection":"Neues aus dem Gemeinderat, Burgweg, Drainage, Grillh\u00fctte, Ratssitzung"},{"@type":"BreadcrumbList","@id":"https:\/\/gemeinsam-fuer-dernbach.de\/es\/neues-aus-dem-gemeinderat-unwetter-beendet-sitzung-vorzeitig#breadcrumblist","itemListElement":[{"@type":"ListItem","@id":"https:\/\/gemeinsam-fuer-dernbach.de\/es#listItem","position":1,"name":"Home","item":"https:\/\/gemeinsam-fuer-dernbach.de\/es","nextItem":{"@type":"ListItem","@id":"https:\/\/gemeinsam-fuer-dernbach.de\/es\/category\/neues-aus-dem-gemeinderat#listItem","name":"Neues aus dem Gemeinderat"}},{"@type":"ListItem","@id":"https:\/\/gemeinsam-fuer-dernbach.de\/es\/category\/neues-aus-dem-gemeinderat#listItem","position":2,"name":"Neues aus dem Gemeinderat","item":"https:\/\/gemeinsam-fuer-dernbach.de\/es\/category\/neues-aus-dem-gemeinderat","nextItem":{"@type":"ListItem","@id":"https:\/\/gemeinsam-fuer-dernbach.de\/es\/neues-aus-dem-gemeinderat-unwetter-beendet-sitzung-vorzeitig#listItem","name":"Unwetter beendet Sitzung vorzeitig"},"previousItem":{"@type":"ListItem","@id":"https:\/\/gemeinsam-fuer-dernbach.de\/es#listItem","name":"Home"}},{"@type":"ListItem","@id":"https:\/\/gemeinsam-fuer-dernbach.de\/es\/neues-aus-dem-gemeinderat-unwetter-beendet-sitzung-vorzeitig#listItem","position":3,"name":"Unwetter beendet Sitzung vorzeitig","previousItem":{"@type":"ListItem","@id":"https:\/\/gemeinsam-fuer-dernbach.de\/es\/category\/neues-aus-dem-gemeinderat#listItem","name":"Neues aus dem Gemeinderat"}}]},{"@type":"Organization","@id":"https:\/\/gemeinsam-fuer-dernbach.de\/es\/#organization","name":"Gemeinsam f\u00fcr Dernbach","description":"Gemeinsam f\u00fcr Dernbach - Website der W\u00e4hlergruppe Jankowitsch","url":"https:\/\/gemeinsam-fuer-dernbach.de\/es\/","logo":{"@type":"ImageObject","url":"https:\/\/gemeinsam-fuer-dernbach.de\/wp-content\/uploads\/2024\/12\/cropped-Button.png","@id":"https:\/\/gemeinsam-fuer-dernbach.de\/es\/neues-aus-dem-gemeinderat-unwetter-beendet-sitzung-vorzeitig\/#organizationLogo","width":512,"height":512,"caption":"Gemeinsam f\u00fcr Dernbach"},"image":{"@id":"https:\/\/gemeinsam-fuer-dernbach.de\/es\/neues-aus-dem-gemeinderat-unwetter-beendet-sitzung-vorzeitig\/#organizationLogo"},"sameAs":["https:\/\/www.facebook.com\/gemeinsam.fuer.dernbach\/","https:\/\/www.instagram.com\/gemeinsam_fuer_dernbach\/"]},{"@type":"Person","@id":"https:\/\/gemeinsam-fuer-dernbach.de\/es\/author\/gfd_manuel#author","url":"https:\/\/gemeinsam-fuer-dernbach.de\/es\/author\/gfd_manuel","name":"GfD_Manuel"},{"@type":"WebPage","@id":"https:\/\/gemeinsam-fuer-dernbach.de\/es\/neues-aus-dem-gemeinderat-unwetter-beendet-sitzung-vorzeitig#webpage","url":"https:\/\/gemeinsam-fuer-dernbach.de\/es\/neues-aus-dem-gemeinderat-unwetter-beendet-sitzung-vorzeitig","name":"Unwetter beendet Sitzung vorzeitig - Gemeinsam f\u00fcr Dernbach","description":"Die Ratsmitglieder entschieden, die j\u00fcngste Sitzung des Dernbacher Gemeinderats vorzeitig zu beenden. Grund daf\u00fcr war ein durch das Unwetter am 19. August verursachter Stromausfall. Bis dahin konnten mehrere Tagesordnungspunkte beraten und beschlossen werden. Sebastian Hausen r\u00fcckt nach Zu Beginn wurde Sebastian Hausen als Nachr\u00fccker in den Gemeinderat verpflichtet. Anschlie\u00dfend stand die Neuwahl verschiedener Ausschussmandate auf","inLanguage":"es-ES","isPartOf":{"@id":"https:\/\/gemeinsam-fuer-dernbach.de\/es\/#website"},"breadcrumb":{"@id":"https:\/\/gemeinsam-fuer-dernbach.de\/es\/neues-aus-dem-gemeinderat-unwetter-beendet-sitzung-vorzeitig#breadcrumblist"},"author":{"@id":"https:\/\/gemeinsam-fuer-dernbach.de\/es\/author\/gfd_manuel#author"},"creator":{"@id":"https:\/\/gemeinsam-fuer-dernbach.de\/es\/author\/gfd_manuel#author"},"datePublished":"2026-09-03T20:33:40+01:00","dateModified":"2026-09-03T20:55:08+01:00"},{"@type":"WebSite","@id":"https:\/\/gemeinsam-fuer-dernbach.de\/es\/#website","url":"https:\/\/gemeinsam-fuer-dernbach.de\/es\/","name":"Gemeinsam f\u00fcr Dernbach","description":"Gemeinsam f\u00fcr Dernbach - Website der W\u00e4hlergruppe Jankowitsch","inLanguage":"es-ES","publisher":{"@id":"https:\/\/gemeinsam-fuer-dernbach.de\/es\/#organization"}}]},"og:locale":"es_ES","og:site_name":"Gemeinsam f\u00fcr Dernbach - Gemeinsam f\u00fcr Dernbach - Website der W\u00e4hlergruppe Jankowitsch","og:type":"article","og:title":"Unwetter beendet Sitzung vorzeitig - Gemeinsam f\u00fcr Dernbach","og:description":"Die Ratsmitglieder entschieden, die j\u00fcngste Sitzung des Dernbacher Gemeinderats vorzeitig zu beenden. Grund daf\u00fcr war ein durch das Unwetter am 19. August verursachter Stromausfall. Bis dahin konnten mehrere Tagesordnungspunkte beraten und beschlossen werden. Sebastian Hausen r\u00fcckt nach Zu Beginn wurde Sebastian Hausen als Nachr\u00fccker in den Gemeinderat verpflichtet. Anschlie\u00dfend stand die Neuwahl verschiedener Ausschussmandate auf","og:url":"https:\/\/gemeinsam-fuer-dernbach.de\/es\/neues-aus-dem-gemeinderat-unwetter-beendet-sitzung-vorzeitig","og:image":"https:\/\/gemeinsam-fuer-dernbach.de\/wp-content\/uploads\/2024\/12\/cropped-Button.png","og:image:secure_url":"https:\/\/gemeinsam-fuer-dernbach.de\/wp-content\/uploads\/2024\/12\/cropped-Button.png","og:image:width":512,"og:image:height":512,"article:published_time":"2026-09-03T19:33:40+00:00","article:modified_time":"2026-09-03T19:55:08+00:00","article:publisher":"https:\/\/www.facebook.com\/gemeinsam.fuer.dernbach\/","twitter:card":"summary_large_image","twitter:title":"Unwetter beendet Sitzung vorzeitig - Gemeinsam f\u00fcr Dernbach","twitter:description":"Die Ratsmitglieder entschieden, die j\u00fcngste Sitzung des Dernbacher Gemeinderats vorzeitig zu beenden. Grund daf\u00fcr war ein durch das Unwetter am 19. August verursachter Stromausfall. Bis dahin konnten mehrere Tagesordnungspunkte beraten und beschlossen werden. Sebastian Hausen r\u00fcckt nach Zu Beginn wurde Sebastian Hausen als Nachr\u00fccker in den Gemeinderat verpflichtet. Anschlie\u00dfend stand die Neuwahl verschiedener Ausschussmandate auf","twitter:image":"https:\/\/gemeinsam-fuer-dernbach.de\/wp-content\/uploads\/2024\/12\/cropped-Button.png"},"aioseo_meta_data":{"post_id":"1704","title":null,"description":null,"keywords":null,"keyphrases":{"focus":{"keyphrase":"","score":0,"analysis":{"keyphraseInTitle":{"score":0,"maxScore":9,"error":1}}},"additional":[]},"primary_term":null,"canonical_url":null,"og_title":null,"og_description":null,"og_object_type":"default","og_image_type":"default","og_image_url":null,"og_image_width":null,"og_image_height":null,"og_image_custom_url":null,"og_image_custom_fields":null,"og_video":"","og_custom_url":null,"og_article_section":null,"og_article_tags":null,"twitter_use_og":false,"twitter_card":"default","twitter_image_type":"default","twitter_image_url":null,"twitter_image_custom_url":null,"twitter_image_custom_fields":null,"twitter_title":null,"twitter_description":null,"schema":{"blockGraphs":[],"customGraphs":[],"default":{"data":{"Article":[],"Course":[],"Dataset":[],"FAQPage":[],"Movie":[],"Person":[],"Product":[],"ProductReview":[],"Car":[],"Recipe":[],"Service":[],"SoftwareApplication":[],"WebPage":[]},"graphName":"BlogPosting","isEnabled":true},"graphs":[]},"schema_type":"default","schema_type_options":null,"pillar_content":false,"robots_default":true,"robots_noindex":false,"robots_noarchive":false,"robots_nosnippet":false,"robots_nofollow":false,"robots_noimageindex":false,"robots_noodp":false,"robots_notranslate":false,"robots_max_snippet":"-1","robots_max_videopreview":"-1","robots_max_imagepreview":"large","priority":null,"frequency":"default","local_seo":null,"breadcrumb_settings":null,"limit_modified_date":false,"ai":{"faqs":[],"keyPoints":[],"schemas":[],"titles":[],"descriptions":[],"socialPosts":{"email":{"subject":"","preview":"","content":""},"linkedin":[],"twitter":[],"facebook":[],"instagram":[]}},"created":"2026-09-03 19:33:43","updated":"2026-09-03 22:27:28","seo_analyzer_scan_date":null,"focus_keyword":null,"additional_keywords":null,"truseo_locale":null},"aioseo_breadcrumb":"<div class=\"aioseo-breadcrumbs\"><span class=\"aioseo-breadcrumb\">\n\t\t\t<a href=\"https:\/\/gemeinsam-fuer-dernbach.de\/es\" title=\"Home\">Home<\/a>\n\t\t<\/span><span class=\"aioseo-breadcrumb-separator\">&raquo;<\/span><span class=\"aioseo-breadcrumb\">\n\t\t\t<a href=\"https:\/\/gemeinsam-fuer-dernbach.de\/es\/category\/neues-aus-dem-gemeinderat\" title=\"Neues aus dem Gemeinderat\">Neues aus dem Gemeinderat<\/a>\n\t\t<\/span><span class=\"aioseo-breadcrumb-separator\">&raquo;<\/span><span class=\"aioseo-breadcrumb\">\n\t\t\tUnwetter beendet Sitzung vorzeitig\n\t\t<\/span><\/div>","aioseo_breadcrumb_json":[{"label":"Home","link":"https:\/\/gemeinsam-fuer-dernbach.de\/es"},{"label":"Neues aus dem Gemeinderat","link":"https:\/\/gemeinsam-fuer-dernbach.de\/es\/category\/neues-aus-dem-gemeinderat"},{"label":"Unwetter beendet Sitzung vorzeitig","link":"https:\/\/gemeinsam-fuer-dernbach.de\/es\/neues-aus-dem-gemeinderat-unwetter-beendet-sitzung-vorzeitig"}],"_links":{"self":[{"href":"https:\/\/gemeinsam-fuer-dernbach.de\/es\/wp-json\/wp\/v2\/posts\/1704","targetHints":{"allow":["GET"]}}],"collection":[{"href":"https:\/\/gemeinsam-fuer-dernbach.de\/es\/wp-json\/wp\/v2\/posts"}],"about":[{"href":"https:\/\/gemeinsam-fuer-dernbach.de\/es\/wp-json\/wp\/v2\/types\/post"}],"author":[{"embeddable":true,"href":"https:\/\/gemeinsam-fuer-dernbach.de\/es\/wp-json\/wp\/v2\/users\/2"}],"replies":[{"embeddable":true,"href":"https:\/\/gemeinsam-fuer-dernbach.de\/es\/wp-json\/wp\/v2\/comments?post=1704"}],"version-history":[{"count":3,"href":"https:\/\/gemeinsam-fuer-dernbach.de\/es\/wp-json\/wp\/v2\/posts\/1704\/revisions"}],"predecessor-version":[{"id":1707,"href":"https:\/\/gemeinsam-fuer-dernbach.de\/es\/wp-json\/wp\/v2\/posts\/1704\/revisions\/1707"}],"wp:attachment":[{"href":"https:\/\/gemeinsam-fuer-dernbach.de\/es\/wp-json\/wp\/v2\/media?parent=1704"}],"wp:term":[{"taxonomy":"category","embeddable":true,"href":"https:\/\/gemeinsam-fuer-dernbach.de\/es\/wp-json\/wp\/v2\/categories?post=1704"},{"taxonomy":"post_tag","embeddable":true,"href":"https:\/\/gemeinsam-fuer-dernbach.de\/es\/wp-json\/wp\/v2\/tags?post=1704"}],"curies":[{"name":"wp","href":"https:\/\/api.w.org\/{rel}","templated":true}]}}