{"id":293,"date":"2023-12-10T15:45:27","date_gmt":"2023-12-10T14:45:27","guid":{"rendered":"https:\/\/gemeinsam-fuer-dernbach.de\/?p=293"},"modified":"2025-03-07T20:11:29","modified_gmt":"2025-03-07T19:11:29","slug":"die-vorbereitungen-laufen","status":"publish","type":"post","link":"https:\/\/gemeinsam-fuer-dernbach.de\/es\/die-vorbereitungen-laufen","title":{"rendered":"Los preparativos est\u00e1n en marcha..."},"content":{"rendered":"<p class=\"wp-block-paragraph\"><style>\/*! elementor - v3.17.0 - 08-11-2023 *\/<br \/>\n.elementor-widget-image{text-align:center}.elementor-widget-image a{display:inline-block}.elementor-widget-image a img[src$=\".svg\"]{width:48px}.elementor-widget-image img{vertical-align:middle;display:inline-block}<\/style><\/p>\n\n\n\n<figure class=\"wp-block-image\"><img decoding=\"async\" src=\"https:\/\/gemeinsam-fuer-dernbach.de\/wp-content\/uploads\/2023\/12\/IMG_7871-300x300.jpg\" alt=\"\"\/><\/figure>\n\n\n\n<figure class=\"wp-block-image\"><img decoding=\"async\" src=\"https:\/\/gemeinsam-fuer-dernbach.de\/wp-content\/uploads\/2023\/12\/78dcb80d-32d1-4669-bec5-bfc37274b67c-768x346.jpg\" alt=\"\"\/><\/figure>\n\n\n\n<figure class=\"wp-block-image\"><img decoding=\"async\" src=\"https:\/\/gemeinsam-fuer-dernbach.de\/wp-content\/uploads\/2023\/12\/IMG_7872-300x298.jpg\" alt=\"\"\/><\/figure>\n\n\n\n<p class=\"wp-block-paragraph\"><br><br><\/p>\n\n\n\n<p class=\"wp-block-paragraph\">Para nuestra primera reuni\u00f3n de ciudadanos, ya estamos preparando diligentemente c\u00f3mo queremos organizar la noche con ustedes. Por supuesto, las cookies no deben faltar en el per\u00edodo previo a la Navidad.<\/p>\n\n\n\n<p class=\"wp-block-paragraph\">Si usted est\u00e1 interesado en los temas o tambi\u00e9n nosotros, por favor venga a la <strong>Mi\u00e9rcoles 13. Diciembre de 2023, a las 19.00 horas, en el restaurante Luda<\/strong> para conocernos.<\/p>\n\n\n\n<p class=\"wp-block-paragraph\">\u00a1Esperamos verte a ti y a tus ideas!<\/p>","protected":false},"excerpt":{"rendered":"<p>Para nuestra primera reuni\u00f3n de ciudadanos, ya estamos preparando diligentemente c\u00f3mo queremos organizar la noche con ustedes. Por supuesto, las cookies no deben faltar en el per\u00edodo anterior a la Navidad. Si vas a la [...]<\/p>","protected":false},"author":1,"featured_media":0,"comment_status":"closed","ping_status":"open","sticky":false,"template":"","format":"standard","meta":{"_price":"","_stock":"","_tribe_ticket_header":"","_tribe_default_ticket_provider":"","_tribe_ticket_capacity":"0","_ticket_start_date":"","_ticket_end_date":"","_tribe_ticket_show_description":"","_tribe_ticket_show_not_going":false,"_tribe_ticket_use_global_stock":"","_tribe_ticket_global_stock_level":"","_global_stock_mode":"","_global_stock_cap":"","_tribe_rsvp_for_event":"","_tribe_ticket_going_count":"","_tribe_ticket_not_going_count":"","_tribe_tickets_list":"[]","_tribe_ticket_has_attendee_info_fields":false,"_EventAllDay":false,"_EventTimezone":"","_EventStartDate":"","_EventEndDate":"","_EventStartDateUTC":"","_EventEndDateUTC":"","_EventShowMap":false,"_EventShowMapLink":false,"_EventURL":"","_EventCost":"","_EventCostDescription":"","_EventCurrencySymbol":"","_EventCurrencyCode":"","_EventCurrencyPosition":"","_EventDateTimeSeparator":"","_EventTimeRangeSeparator":"","_EventOrganizerID":[],"_EventVenueID":[],"_OrganizerEmail":"","_OrganizerPhone":"","_OrganizerWebsite":"","_VenueAddress":"","_VenueCity":"","_VenueCountry":"","_VenueProvince":"","_VenueState":"","_VenueZip":"","_VenuePhone":"","_VenueURL":"","_VenueStateProvince":"","_VenueLat":"","_VenueLng":"","_VenueShowMap":false,"_VenueShowMapLink":false,"footnotes":""},"categories":[13],"tags":[],"class_list":["post-293","post","type-post","status-publish","format-standard","hentry","category-ankuendigungen"],"aioseo_notices":[],"aioseo_head":"\n\t\t<!-- All in One SEO 5.0.1.1 - aioseo.com -->\n\t<meta name=\"description\" content=\"F\u00fcr unser erstes B\u00fcrgertreffen bereiten wir schon flei\u00dfig vor, wie wir den Abend mit euch gestalten wollen. Nat\u00fcrlich d\u00fcrfen in der Vorweihnachtszeit die Pl\u00e4tzchen nicht fehlen. Wenn ihr an den Themen oder auch uns interessiert seid, kommt gerne am Mittwoch, den 13. Dezember 2023, um 19 Uhr in die Gastst\u00e4tte Luda zum gemeinsamen Kennenlernen. Wir\" \/>\n\t<meta name=\"robots\" content=\"max-image-preview:large\" \/>\n\t<meta name=\"author\" content=\"GfD_Admin\"\/>\n\t<link rel=\"canonical\" href=\"https:\/\/gemeinsam-fuer-dernbach.de\/es\/die-vorbereitungen-laufen\" \/>\n\t<meta name=\"generator\" content=\"All in One SEO (AIOSEO) 5.0.1.1\" \/>\n\t\t<meta property=\"og:locale\" content=\"es_ES\" \/>\n\t\t<meta property=\"og:site_name\" content=\"Gemeinsam f\u00fcr Dernbach - Gemeinsam f\u00fcr Dernbach - Website der W\u00e4hlergruppe Jankowitsch\" \/>\n\t\t<meta property=\"og:type\" content=\"article\" \/>\n\t\t<meta property=\"og:title\" content=\"Die Vorbereitungen laufen\u2026 - Gemeinsam f\u00fcr Dernbach\" \/>\n\t\t<meta property=\"og:description\" content=\"F\u00fcr unser erstes B\u00fcrgertreffen bereiten wir schon flei\u00dfig vor, wie wir den Abend mit euch gestalten wollen. Nat\u00fcrlich d\u00fcrfen in der Vorweihnachtszeit die Pl\u00e4tzchen nicht fehlen. Wenn ihr an den Themen oder auch uns interessiert seid, kommt gerne am Mittwoch, den 13. Dezember 2023, um 19 Uhr in die Gastst\u00e4tte Luda zum gemeinsamen Kennenlernen. Wir\" \/>\n\t\t<meta property=\"og:url\" content=\"https:\/\/gemeinsam-fuer-dernbach.de\/es\/die-vorbereitungen-laufen\" \/>\n\t\t<meta property=\"og:image\" content=\"https:\/\/gemeinsam-fuer-dernbach.de\/wp-content\/uploads\/2024\/12\/cropped-Button.png\" \/>\n\t\t<meta property=\"og:image:secure_url\" content=\"https:\/\/gemeinsam-fuer-dernbach.de\/wp-content\/uploads\/2024\/12\/cropped-Button.png\" \/>\n\t\t<meta property=\"og:image:width\" content=\"512\" \/>\n\t\t<meta property=\"og:image:height\" content=\"512\" \/>\n\t\t<meta property=\"article:published_time\" content=\"2023-12-10T14:45:27+00:00\" \/>\n\t\t<meta property=\"article:modified_time\" content=\"2025-03-07T19:11:29+00:00\" \/>\n\t\t<meta property=\"article:publisher\" content=\"https:\/\/www.facebook.com\/gemeinsam.fuer.dernbach\/\" \/>\n\t\t<meta name=\"twitter:card\" content=\"summary_large_image\" \/>\n\t\t<meta name=\"twitter:title\" content=\"Die Vorbereitungen laufen\u2026 - Gemeinsam f\u00fcr Dernbach\" \/>\n\t\t<meta name=\"twitter:description\" content=\"F\u00fcr unser erstes B\u00fcrgertreffen bereiten wir schon flei\u00dfig vor, wie wir den Abend mit euch gestalten wollen. Nat\u00fcrlich d\u00fcrfen in der Vorweihnachtszeit die Pl\u00e4tzchen nicht fehlen. Wenn ihr an den Themen oder auch uns interessiert seid, kommt gerne am Mittwoch, den 13. Dezember 2023, um 19 Uhr in die Gastst\u00e4tte Luda zum gemeinsamen Kennenlernen. Wir\" \/>\n\t\t<meta name=\"twitter:image\" content=\"https:\/\/gemeinsam-fuer-dernbach.de\/wp-content\/uploads\/2024\/12\/cropped-Button.png\" \/>\n\t\t<script type=\"application\/ld+json\" class=\"aioseo-schema\">\n\t\t\t{\"@context\":\"https:\\\/\\\/schema.org\",\"@graph\":[{\"@type\":\"BlogPosting\",\"@id\":\"https:\\\/\\\/gemeinsam-fuer-dernbach.de\\\/es\\\/die-vorbereitungen-laufen#blogposting\",\"name\":\"Die Vorbereitungen laufen\\u2026 - Gemeinsam f\\u00fcr Dernbach\",\"headline\":\"Die Vorbereitungen laufen&#8230;\",\"author\":{\"@id\":\"https:\\\/\\\/gemeinsam-fuer-dernbach.de\\\/es\\\/author\\\/gfd_admin#author\"},\"publisher\":{\"@id\":\"https:\\\/\\\/gemeinsam-fuer-dernbach.de\\\/es\\\/#organization\"},\"image\":{\"@type\":\"ImageObject\",\"url\":\"https:\\\/\\\/gemeinsam-fuer-dernbach.de\\\/wp-content\\\/uploads\\\/2023\\\/12\\\/IMG_7871.jpg\",\"@id\":\"https:\\\/\\\/gemeinsam-fuer-dernbach.de\\\/es\\\/die-vorbereitungen-laufen\\\/#articleImage\"},\"datePublished\":\"2023-12-10T15:45:27+01:00\",\"dateModified\":\"2025-03-07T20:11:29+01:00\",\"inLanguage\":\"es-ES\",\"mainEntityOfPage\":{\"@id\":\"https:\\\/\\\/gemeinsam-fuer-dernbach.de\\\/es\\\/die-vorbereitungen-laufen#webpage\"},\"isPartOf\":{\"@id\":\"https:\\\/\\\/gemeinsam-fuer-dernbach.de\\\/es\\\/die-vorbereitungen-laufen#webpage\"},\"articleSection\":\"Ank\\u00fcndigungen\"},{\"@type\":\"BreadcrumbList\",\"@id\":\"https:\\\/\\\/gemeinsam-fuer-dernbach.de\\\/es\\\/die-vorbereitungen-laufen#breadcrumblist\",\"itemListElement\":[{\"@type\":\"ListItem\",\"@id\":\"https:\\\/\\\/gemeinsam-fuer-dernbach.de\\\/es#listItem\",\"position\":1,\"name\":\"Home\",\"item\":\"https:\\\/\\\/gemeinsam-fuer-dernbach.de\\\/es\",\"nextItem\":{\"@type\":\"ListItem\",\"@id\":\"https:\\\/\\\/gemeinsam-fuer-dernbach.de\\\/es\\\/category\\\/ankuendigungen#listItem\",\"name\":\"Ank\\u00fcndigungen\"}},{\"@type\":\"ListItem\",\"@id\":\"https:\\\/\\\/gemeinsam-fuer-dernbach.de\\\/es\\\/category\\\/ankuendigungen#listItem\",\"position\":2,\"name\":\"Ank\\u00fcndigungen\",\"item\":\"https:\\\/\\\/gemeinsam-fuer-dernbach.de\\\/es\\\/category\\\/ankuendigungen\",\"nextItem\":{\"@type\":\"ListItem\",\"@id\":\"https:\\\/\\\/gemeinsam-fuer-dernbach.de\\\/es\\\/die-vorbereitungen-laufen#listItem\",\"name\":\"Die Vorbereitungen laufen&#8230;\"},\"previousItem\":{\"@type\":\"ListItem\",\"@id\":\"https:\\\/\\\/gemeinsam-fuer-dernbach.de\\\/es#listItem\",\"name\":\"Home\"}},{\"@type\":\"ListItem\",\"@id\":\"https:\\\/\\\/gemeinsam-fuer-dernbach.de\\\/es\\\/die-vorbereitungen-laufen#listItem\",\"position\":3,\"name\":\"Die Vorbereitungen laufen&#8230;\",\"previousItem\":{\"@type\":\"ListItem\",\"@id\":\"https:\\\/\\\/gemeinsam-fuer-dernbach.de\\\/es\\\/category\\\/ankuendigungen#listItem\",\"name\":\"Ank\\u00fcndigungen\"}}]},{\"@type\":\"Organization\",\"@id\":\"https:\\\/\\\/gemeinsam-fuer-dernbach.de\\\/es\\\/#organization\",\"name\":\"Gemeinsam f\\u00fcr Dernbach\",\"description\":\"Gemeinsam f\\u00fcr Dernbach - Website der W\\u00e4hlergruppe Jankowitsch\",\"url\":\"https:\\\/\\\/gemeinsam-fuer-dernbach.de\\\/es\\\/\",\"logo\":{\"@type\":\"ImageObject\",\"url\":\"https:\\\/\\\/gemeinsam-fuer-dernbach.de\\\/wp-content\\\/uploads\\\/2024\\\/12\\\/cropped-Button.png\",\"@id\":\"https:\\\/\\\/gemeinsam-fuer-dernbach.de\\\/es\\\/die-vorbereitungen-laufen\\\/#organizationLogo\",\"width\":512,\"height\":512,\"caption\":\"Gemeinsam f\\u00fcr Dernbach\"},\"image\":{\"@id\":\"https:\\\/\\\/gemeinsam-fuer-dernbach.de\\\/es\\\/die-vorbereitungen-laufen\\\/#organizationLogo\"},\"sameAs\":[\"https:\\\/\\\/www.facebook.com\\\/gemeinsam.fuer.dernbach\\\/\",\"https:\\\/\\\/www.instagram.com\\\/gemeinsam_fuer_dernbach\\\/\"]},{\"@type\":\"Person\",\"@id\":\"https:\\\/\\\/gemeinsam-fuer-dernbach.de\\\/es\\\/author\\\/gfd_admin#author\",\"url\":\"https:\\\/\\\/gemeinsam-fuer-dernbach.de\\\/es\\\/author\\\/gfd_admin\",\"name\":\"GfD_Admin\"},{\"@type\":\"WebPage\",\"@id\":\"https:\\\/\\\/gemeinsam-fuer-dernbach.de\\\/es\\\/die-vorbereitungen-laufen#webpage\",\"url\":\"https:\\\/\\\/gemeinsam-fuer-dernbach.de\\\/es\\\/die-vorbereitungen-laufen\",\"name\":\"Die Vorbereitungen laufen\\u2026 - Gemeinsam f\\u00fcr Dernbach\",\"description\":\"F\\u00fcr unser erstes B\\u00fcrgertreffen bereiten wir schon flei\\u00dfig vor, wie wir den Abend mit euch gestalten wollen. Nat\\u00fcrlich d\\u00fcrfen in der Vorweihnachtszeit die Pl\\u00e4tzchen nicht fehlen. Wenn ihr an den Themen oder auch uns interessiert seid, kommt gerne am Mittwoch, den 13. Dezember 2023, um 19 Uhr in die Gastst\\u00e4tte Luda zum gemeinsamen Kennenlernen. Wir\",\"inLanguage\":\"es-ES\",\"isPartOf\":{\"@id\":\"https:\\\/\\\/gemeinsam-fuer-dernbach.de\\\/es\\\/#website\"},\"breadcrumb\":{\"@id\":\"https:\\\/\\\/gemeinsam-fuer-dernbach.de\\\/es\\\/die-vorbereitungen-laufen#breadcrumblist\"},\"author\":{\"@id\":\"https:\\\/\\\/gemeinsam-fuer-dernbach.de\\\/es\\\/author\\\/gfd_admin#author\"},\"creator\":{\"@id\":\"https:\\\/\\\/gemeinsam-fuer-dernbach.de\\\/es\\\/author\\\/gfd_admin#author\"},\"datePublished\":\"2023-12-10T15:45:27+01:00\",\"dateModified\":\"2025-03-07T20:11:29+01:00\"},{\"@type\":\"WebSite\",\"@id\":\"https:\\\/\\\/gemeinsam-fuer-dernbach.de\\\/es\\\/#website\",\"url\":\"https:\\\/\\\/gemeinsam-fuer-dernbach.de\\\/es\\\/\",\"name\":\"Gemeinsam f\\u00fcr Dernbach\",\"description\":\"Gemeinsam f\\u00fcr Dernbach - Website der W\\u00e4hlergruppe Jankowitsch\",\"inLanguage\":\"es-ES\",\"publisher\":{\"@id\":\"https:\\\/\\\/gemeinsam-fuer-dernbach.de\\\/es\\\/#organization\"}}]}\n\t\t<\/script>\n\t\t<!-- All in One SEO -->\n\n","aioseo_head_json":{"title":"Die Vorbereitungen laufen\u2026 - Gemeinsam f\u00fcr Dernbach","description":"F\u00fcr unser erstes B\u00fcrgertreffen bereiten wir schon flei\u00dfig vor, wie wir den Abend mit euch gestalten wollen. Nat\u00fcrlich d\u00fcrfen in der Vorweihnachtszeit die Pl\u00e4tzchen nicht fehlen. Wenn ihr an den Themen oder auch uns interessiert seid, kommt gerne am Mittwoch, den 13. Dezember 2023, um 19 Uhr in die Gastst\u00e4tte Luda zum gemeinsamen Kennenlernen. Wir","canonical_url":"https:\/\/gemeinsam-fuer-dernbach.de\/es\/die-vorbereitungen-laufen","robots":"max-image-preview:large","keywords":"","webmasterTools":{"miscellaneous":""},"schema":{"@context":"https:\/\/schema.org","@graph":[{"@type":"BlogPosting","@id":"https:\/\/gemeinsam-fuer-dernbach.de\/es\/die-vorbereitungen-laufen#blogposting","name":"Die Vorbereitungen laufen\u2026 - Gemeinsam f\u00fcr Dernbach","headline":"Die Vorbereitungen laufen&#8230;","author":{"@id":"https:\/\/gemeinsam-fuer-dernbach.de\/es\/author\/gfd_admin#author"},"publisher":{"@id":"https:\/\/gemeinsam-fuer-dernbach.de\/es\/#organization"},"image":{"@type":"ImageObject","url":"https:\/\/gemeinsam-fuer-dernbach.de\/wp-content\/uploads\/2023\/12\/IMG_7871.jpg","@id":"https:\/\/gemeinsam-fuer-dernbach.de\/es\/die-vorbereitungen-laufen\/#articleImage"},"datePublished":"2023-12-10T15:45:27+01:00","dateModified":"2025-03-07T20:11:29+01:00","inLanguage":"es-ES","mainEntityOfPage":{"@id":"https:\/\/gemeinsam-fuer-dernbach.de\/es\/die-vorbereitungen-laufen#webpage"},"isPartOf":{"@id":"https:\/\/gemeinsam-fuer-dernbach.de\/es\/die-vorbereitungen-laufen#webpage"},"articleSection":"Ank\u00fcndigungen"},{"@type":"BreadcrumbList","@id":"https:\/\/gemeinsam-fuer-dernbach.de\/es\/die-vorbereitungen-laufen#breadcrumblist","itemListElement":[{"@type":"ListItem","@id":"https:\/\/gemeinsam-fuer-dernbach.de\/es#listItem","position":1,"name":"Home","item":"https:\/\/gemeinsam-fuer-dernbach.de\/es","nextItem":{"@type":"ListItem","@id":"https:\/\/gemeinsam-fuer-dernbach.de\/es\/category\/ankuendigungen#listItem","name":"Ank\u00fcndigungen"}},{"@type":"ListItem","@id":"https:\/\/gemeinsam-fuer-dernbach.de\/es\/category\/ankuendigungen#listItem","position":2,"name":"Ank\u00fcndigungen","item":"https:\/\/gemeinsam-fuer-dernbach.de\/es\/category\/ankuendigungen","nextItem":{"@type":"ListItem","@id":"https:\/\/gemeinsam-fuer-dernbach.de\/es\/die-vorbereitungen-laufen#listItem","name":"Die Vorbereitungen laufen&#8230;"},"previousItem":{"@type":"ListItem","@id":"https:\/\/gemeinsam-fuer-dernbach.de\/es#listItem","name":"Home"}},{"@type":"ListItem","@id":"https:\/\/gemeinsam-fuer-dernbach.de\/es\/die-vorbereitungen-laufen#listItem","position":3,"name":"Die Vorbereitungen laufen&#8230;","previousItem":{"@type":"ListItem","@id":"https:\/\/gemeinsam-fuer-dernbach.de\/es\/category\/ankuendigungen#listItem","name":"Ank\u00fcndigungen"}}]},{"@type":"Organization","@id":"https:\/\/gemeinsam-fuer-dernbach.de\/es\/#organization","name":"Gemeinsam f\u00fcr Dernbach","description":"Gemeinsam f\u00fcr Dernbach - Website der W\u00e4hlergruppe Jankowitsch","url":"https:\/\/gemeinsam-fuer-dernbach.de\/es\/","logo":{"@type":"ImageObject","url":"https:\/\/gemeinsam-fuer-dernbach.de\/wp-content\/uploads\/2024\/12\/cropped-Button.png","@id":"https:\/\/gemeinsam-fuer-dernbach.de\/es\/die-vorbereitungen-laufen\/#organizationLogo","width":512,"height":512,"caption":"Gemeinsam f\u00fcr Dernbach"},"image":{"@id":"https:\/\/gemeinsam-fuer-dernbach.de\/es\/die-vorbereitungen-laufen\/#organizationLogo"},"sameAs":["https:\/\/www.facebook.com\/gemeinsam.fuer.dernbach\/","https:\/\/www.instagram.com\/gemeinsam_fuer_dernbach\/"]},{"@type":"Person","@id":"https:\/\/gemeinsam-fuer-dernbach.de\/es\/author\/gfd_admin#author","url":"https:\/\/gemeinsam-fuer-dernbach.de\/es\/author\/gfd_admin","name":"GfD_Admin"},{"@type":"WebPage","@id":"https:\/\/gemeinsam-fuer-dernbach.de\/es\/die-vorbereitungen-laufen#webpage","url":"https:\/\/gemeinsam-fuer-dernbach.de\/es\/die-vorbereitungen-laufen","name":"Die Vorbereitungen laufen\u2026 - Gemeinsam f\u00fcr Dernbach","description":"F\u00fcr unser erstes B\u00fcrgertreffen bereiten wir schon flei\u00dfig vor, wie wir den Abend mit euch gestalten wollen. Nat\u00fcrlich d\u00fcrfen in der Vorweihnachtszeit die Pl\u00e4tzchen nicht fehlen. Wenn ihr an den Themen oder auch uns interessiert seid, kommt gerne am Mittwoch, den 13. Dezember 2023, um 19 Uhr in die Gastst\u00e4tte Luda zum gemeinsamen Kennenlernen. Wir","inLanguage":"es-ES","isPartOf":{"@id":"https:\/\/gemeinsam-fuer-dernbach.de\/es\/#website"},"breadcrumb":{"@id":"https:\/\/gemeinsam-fuer-dernbach.de\/es\/die-vorbereitungen-laufen#breadcrumblist"},"author":{"@id":"https:\/\/gemeinsam-fuer-dernbach.de\/es\/author\/gfd_admin#author"},"creator":{"@id":"https:\/\/gemeinsam-fuer-dernbach.de\/es\/author\/gfd_admin#author"},"datePublished":"2023-12-10T15:45:27+01:00","dateModified":"2025-03-07T20:11:29+01:00"},{"@type":"WebSite","@id":"https:\/\/gemeinsam-fuer-dernbach.de\/es\/#website","url":"https:\/\/gemeinsam-fuer-dernbach.de\/es\/","name":"Gemeinsam f\u00fcr Dernbach","description":"Gemeinsam f\u00fcr Dernbach - Website der W\u00e4hlergruppe Jankowitsch","inLanguage":"es-ES","publisher":{"@id":"https:\/\/gemeinsam-fuer-dernbach.de\/es\/#organization"}}]},"og:locale":"es_ES","og:site_name":"Gemeinsam f\u00fcr Dernbach - Gemeinsam f\u00fcr Dernbach - Website der W\u00e4hlergruppe Jankowitsch","og:type":"article","og:title":"Die Vorbereitungen laufen\u2026 - Gemeinsam f\u00fcr Dernbach","og:description":"F\u00fcr unser erstes B\u00fcrgertreffen bereiten wir schon flei\u00dfig vor, wie wir den Abend mit euch gestalten wollen. Nat\u00fcrlich d\u00fcrfen in der Vorweihnachtszeit die Pl\u00e4tzchen nicht fehlen. Wenn ihr an den Themen oder auch uns interessiert seid, kommt gerne am Mittwoch, den 13. Dezember 2023, um 19 Uhr in die Gastst\u00e4tte Luda zum gemeinsamen Kennenlernen. Wir","og:url":"https:\/\/gemeinsam-fuer-dernbach.de\/es\/die-vorbereitungen-laufen","og:image":"https:\/\/gemeinsam-fuer-dernbach.de\/wp-content\/uploads\/2024\/12\/cropped-Button.png","og:image:secure_url":"https:\/\/gemeinsam-fuer-dernbach.de\/wp-content\/uploads\/2024\/12\/cropped-Button.png","og:image:width":512,"og:image:height":512,"article:published_time":"2023-12-10T14:45:27+00:00","article:modified_time":"2025-03-07T19:11:29+00:00","article:publisher":"https:\/\/www.facebook.com\/gemeinsam.fuer.dernbach\/","twitter:card":"summary_large_image","twitter:title":"Die Vorbereitungen laufen\u2026 - Gemeinsam f\u00fcr Dernbach","twitter:description":"F\u00fcr unser erstes B\u00fcrgertreffen bereiten wir schon flei\u00dfig vor, wie wir den Abend mit euch gestalten wollen. Nat\u00fcrlich d\u00fcrfen in der Vorweihnachtszeit die Pl\u00e4tzchen nicht fehlen. Wenn ihr an den Themen oder auch uns interessiert seid, kommt gerne am Mittwoch, den 13. Dezember 2023, um 19 Uhr in die Gastst\u00e4tte Luda zum gemeinsamen Kennenlernen. Wir","twitter:image":"https:\/\/gemeinsam-fuer-dernbach.de\/wp-content\/uploads\/2024\/12\/cropped-Button.png"},"aioseo_meta_data":{"post_id":"293","title":null,"description":null,"keywords":null,"keyphrases":null,"primary_term":null,"canonical_url":null,"og_title":null,"og_description":null,"og_object_type":"default","og_image_type":"default","og_image_url":null,"og_image_width":null,"og_image_height":null,"og_image_custom_url":null,"og_image_custom_fields":null,"og_video":null,"og_custom_url":null,"og_article_section":null,"og_article_tags":null,"twitter_use_og":false,"twitter_card":"default","twitter_image_type":"default","twitter_image_url":null,"twitter_image_custom_url":null,"twitter_image_custom_fields":null,"twitter_title":null,"twitter_description":null,"schema":{"blockGraphs":[],"customGraphs":[],"default":{"data":{"Article":[],"Course":[],"Dataset":[],"FAQPage":[],"Movie":[],"Person":[],"Product":[],"ProductReview":[],"Car":[],"Recipe":[],"Service":[],"SoftwareApplication":[],"WebPage":[]},"graphName":"","isEnabled":true},"graphs":[]},"schema_type":"default","schema_type_options":null,"pillar_content":false,"robots_default":true,"robots_noindex":false,"robots_noarchive":false,"robots_nosnippet":false,"robots_nofollow":false,"robots_noimageindex":false,"robots_noodp":false,"robots_notranslate":false,"robots_max_snippet":null,"robots_max_videopreview":null,"robots_max_imagepreview":"large","priority":null,"frequency":null,"local_seo":null,"breadcrumb_settings":null,"limit_modified_date":false,"ai":null,"created":"2025-06-24 20:04:01","updated":"2025-06-24 20:04:01","seo_analyzer_scan_date":null,"focus_keyword":null,"additional_keywords":null,"truseo_locale":null},"aioseo_breadcrumb":"<div class=\"aioseo-breadcrumbs\"><span class=\"aioseo-breadcrumb\">\n\t\t\t<a href=\"https:\/\/gemeinsam-fuer-dernbach.de\/es\" title=\"Home\">Home<\/a>\n\t\t<\/span><span class=\"aioseo-breadcrumb-separator\">&raquo;<\/span><span class=\"aioseo-breadcrumb\">\n\t\t\t<a href=\"https:\/\/gemeinsam-fuer-dernbach.de\/es\/category\/ankuendigungen\" title=\"Ank\u00fcndigungen\">Ank\u00fcndigungen<\/a>\n\t\t<\/span><span class=\"aioseo-breadcrumb-separator\">&raquo;<\/span><span class=\"aioseo-breadcrumb\">\n\t\t\tDie Vorbereitungen laufen\u2026\n\t\t<\/span><\/div>","aioseo_breadcrumb_json":[{"label":"Home","link":"https:\/\/gemeinsam-fuer-dernbach.de\/es"},{"label":"Ank\u00fcndigungen","link":"https:\/\/gemeinsam-fuer-dernbach.de\/es\/category\/ankuendigungen"},{"label":"Die Vorbereitungen laufen&#8230;","link":"https:\/\/gemeinsam-fuer-dernbach.de\/es\/die-vorbereitungen-laufen"}],"_links":{"self":[{"href":"https:\/\/gemeinsam-fuer-dernbach.de\/es\/wp-json\/wp\/v2\/posts\/293","targetHints":{"allow":["GET"]}}],"collection":[{"href":"https:\/\/gemeinsam-fuer-dernbach.de\/es\/wp-json\/wp\/v2\/posts"}],"about":[{"href":"https:\/\/gemeinsam-fuer-dernbach.de\/es\/wp-json\/wp\/v2\/types\/post"}],"author":[{"embeddable":true,"href":"https:\/\/gemeinsam-fuer-dernbach.de\/es\/wp-json\/wp\/v2\/users\/1"}],"replies":[{"embeddable":true,"href":"https:\/\/gemeinsam-fuer-dernbach.de\/es\/wp-json\/wp\/v2\/comments?post=293"}],"version-history":[{"count":20,"href":"https:\/\/gemeinsam-fuer-dernbach.de\/es\/wp-json\/wp\/v2\/posts\/293\/revisions"}],"predecessor-version":[{"id":1193,"href":"https:\/\/gemeinsam-fuer-dernbach.de\/es\/wp-json\/wp\/v2\/posts\/293\/revisions\/1193"}],"wp:attachment":[{"href":"https:\/\/gemeinsam-fuer-dernbach.de\/es\/wp-json\/wp\/v2\/media?parent=293"}],"wp:term":[{"taxonomy":"category","embeddable":true,"href":"https:\/\/gemeinsam-fuer-dernbach.de\/es\/wp-json\/wp\/v2\/categories?post=293"},{"taxonomy":"post_tag","embeddable":true,"href":"https:\/\/gemeinsam-fuer-dernbach.de\/es\/wp-json\/wp\/v2\/tags?post=293"}],"curies":[{"name":"wp","href":"https:\/\/api.w.org\/{rel}","templated":true}]}}