{"id":704,"date":"2024-09-15T08:08:00","date_gmt":"2024-09-15T07:08:00","guid":{"rendered":"https:\/\/gemeinsam-fuer-dernbach.de\/?p=704"},"modified":"2025-07-01T22:33:46","modified_gmt":"2025-07-01T21:33:46","slug":"aktuelles-aus-dem-gemeinderat","status":"publish","type":"post","link":"https:\/\/gemeinsam-fuer-dernbach.de\/es\/aktuelles-aus-dem-gemeinderat","title":{"rendered":"Noticias del Ayuntamiento"},"content":{"rendered":"<p class=\"wp-block-paragraph\">\u00bfQu\u00e9 pasa en el Ayuntamiento? \u00bfQu\u00e9 decisiones se toman? \u00a1Con nuestra nueva serie de informaci\u00f3n te mantenemos al d\u00eda! Aqu\u00ed puede averiguar qu\u00e9 est\u00e1 discutiendo el consejo municipal, qu\u00e9 decisiones se toman y qu\u00e9 propuestas y preguntas nos hacemos como grupo.<\/p>\n\n\n\n<figure class=\"wp-block-image\"><img decoding=\"async\" src=\"https:\/\/gemeinsam-fuer-dernbach.de\/wp-content\/uploads\/2024\/09\/Neues-Gemeiderat.jpeg\" alt=\"Imagen de Dernbach con letras\"\/><\/figure>\n\n\n\n<p class=\"wp-block-paragraph\"><\/p>\n\n\n\n<h4 class=\"wp-block-heading\">Reuni\u00f3n constitutiva del 28 de agosto de 2024<\/h4>\n\n\n\n<p class=\"wp-block-paragraph\">La primera reuni\u00f3n despu\u00e9s de las elecciones abord\u00f3 importantes decisiones de personal y organizaci\u00f3n. Adem\u00e1s de la obligaci\u00f3n de los miembros del consejo, as\u00ed como la elecci\u00f3n del alcalde local, los diputados y los miembros del comit\u00e9 (ya hemos informado sobre esto), el consejo adopt\u00f3 por unanimidad el nuevo reglamento del consejo local. Determina c\u00f3mo se convocan las reuniones, la participaci\u00f3n del p\u00fablico, la realizaci\u00f3n de las reuniones y la tramitaci\u00f3n de las solicitudes y consultas.<\/p>\n\n\n\n<h4 class=\"wp-block-heading\">Comunicaciones y consultas<\/h4>\n\n\n\n<p class=\"wp-block-paragraph\">El alcalde, Ferdi D\u00fcber, inform\u00f3 al ayuntamiento que la compra del centro comunitario ser\u00e1 unos 35.000 euros m\u00e1s cara. La raz\u00f3n de ello es el impuesto sobre transmisiones inmobiliarias, que ahora se adeuda, en contra de lo que originalmente le prometi\u00f3 oralmente la oficina tributaria. Un notario no ve ninguna posibilidad de \u00e9xito para una objeci\u00f3n, ya que el prop\u00f3sito de uso del edificio ha cambiado de eclesi\u00e1stico a municipal, lo que desencadena la obligaci\u00f3n tributaria.<br>Ya que el primer diputado de Verbandsgemeinde (VG) Wirges, el Sr.<br>Nuestro nuevo miembro del Consejo, el Dr. Manuel Misgeld, pregunt\u00f3 si era habitual que las plantillas de las reuniones (como la propuesta de composici\u00f3n del comit\u00e9) se distribuyeran directamente en las fechas. El alcalde local explic\u00f3 que esto se debi\u00f3 a la alta carga de trabajo de la comunidad asociativa debido a las numerosas reuniones constituyentes. Sin embargo, el l\u00edder del grupo CDU critic\u00f3 los plazos de entrega repetidamente cortos y pidi\u00f3 un cambio.<\/p>\n\n\n\n<h4 class=\"wp-block-heading\">Fibra e infraestructura<\/h4>\n\n\n\n<p class=\"wp-block-paragraph\">Un tema importante de debate fue la lenta expansi\u00f3n de la red de fibra \u00f3ptica. Varios miembros del consejo expresaron cr\u00edticas por el retraso en los trabajos de construcci\u00f3n, las malas condiciones de las carreteras y las conexiones de las casas a\u00fan pendientes. El primer diputado de la VG mostr\u00f3 comprensi\u00f3n y declar\u00f3 que la empresa constructora responsable ya hab\u00eda sido informada de los problemas. Pero eso no fue suficiente para muchos miembros del consejo. El segundo diputado de Dernbach habl\u00f3 claramente en contra de la situaci\u00f3n actual y tom\u00f3 el Verbandsgemeindeverwaltung en el deber de ser m\u00e1s activo aqu\u00ed.<\/p>\n\n\n\n<h4 class=\"wp-block-heading\">Transporte en autob\u00fas: Deterioro de la oferta<\/h4>\n\n\n\n<p class=\"wp-block-paragraph\">Manuel tambi\u00e9n mencion\u00f3 que el nuevo horario de autobuses para el domingo implica un deterioro significativo para Dernbach. En lugar de la tarifa horaria habitual, el autob\u00fas ahora funciona solo cada dos horas, ya que la l\u00ednea 425 se desv\u00eda a trav\u00e9s de Wirges y funciona al mismo tiempo que la l\u00ednea 420. En Wirges, ahora hay dos autobuses que circulan en r\u00e1pida sucesi\u00f3n, seguidos de un descanso de dos horas.<br>El alcalde local se sorprendi\u00f3 y declar\u00f3 que solo se hab\u00eda enterado de los cambios por la sugerencia de Manuel. Prometi\u00f3 encargarse de ello. Sin embargo, el l\u00edder del grupo parlamentario de la CDU atenu\u00f3 las expectativas y se\u00f1al\u00f3 que el distrito, como transportista de transporte p\u00fablico, prestaba poca atenci\u00f3n a las preocupaciones de las comunidades locales. Cuando el grupo CDU le pregunt\u00f3, Manuel confirm\u00f3 que la nueva hoja de ruta no ten\u00eda nada que ver con una nueva licitaci\u00f3n, ya que solo estaba prevista en unos pocos a\u00f1os. Tambi\u00e9n hace hincapi\u00e9 en que los autobuses tambi\u00e9n est\u00e1n ocupados los domingos, simplemente ya no atropellan a Dernbach. Nosotros, como grupo, continuaremos persiguiendo este problema, porque este deterioro no debe aceptarse, especialmente para los ciudadanos conscientes del medio ambiente y las personas sin permiso de conducir.<\/p>","protected":false},"excerpt":{"rendered":"<p>\u00bfQu\u00e9 pasa en el ayuntamiento? \u00bfQu\u00e9 decisiones se toman? \u00a1Con nuestra nueva serie de informaci\u00f3n te mantenemos al d\u00eda! Aqu\u00ed puede averiguar qu\u00e9 est\u00e1 discutiendo el consejo municipal, qu\u00e9 decisiones se toman y [...]<\/p>","protected":false},"author":2,"featured_media":0,"comment_status":"closed","ping_status":"open","sticky":false,"template":"","format":"standard","meta":{"_price":"","_stock":"","_tribe_ticket_header":"","_tribe_default_ticket_provider":"","_tribe_ticket_capacity":"0","_ticket_start_date":"","_ticket_end_date":"","_tribe_ticket_show_description":"","_tribe_ticket_show_not_going":false,"_tribe_ticket_use_global_stock":"","_tribe_ticket_global_stock_level":"","_global_stock_mode":"","_global_stock_cap":"","_tribe_rsvp_for_event":"","_tribe_ticket_going_count":"","_tribe_ticket_not_going_count":"","_tribe_tickets_list":"[]","_tribe_ticket_has_attendee_info_fields":false,"_EventAllDay":false,"_EventTimezone":"","_EventStartDate":"","_EventEndDate":"","_EventStartDateUTC":"","_EventEndDateUTC":"","_EventShowMap":false,"_EventShowMapLink":false,"_EventURL":"","_EventCost":"","_EventCostDescription":"","_EventCurrencySymbol":"","_EventCurrencyCode":"","_EventCurrencyPosition":"","_EventDateTimeSeparator":"","_EventTimeRangeSeparator":"","_EventOrganizerID":[],"_EventVenueID":[],"_OrganizerEmail":"","_OrganizerPhone":"","_OrganizerWebsite":"","_VenueAddress":"","_VenueCity":"","_VenueCountry":"","_VenueProvince":"","_VenueState":"","_VenueZip":"","_VenuePhone":"","_VenueURL":"","_VenueStateProvince":"","_VenueLat":"","_VenueLng":"","_VenueShowMap":false,"_VenueShowMapLink":false,"footnotes":""},"categories":[10],"tags":[116,115,114,124,117],"class_list":["post-704","post","type-post","status-publish","format-standard","hentry","category-neues-aus-dem-gemeinderat","tag-busfahrplan","tag-gemeindezentrum","tag-geschaeftsordnung","tag-glasfaser","tag-oeffentlicher-nahverkehr"],"aioseo_notices":[],"aioseo_head":"\n\t\t<!-- All in One SEO 5.0.1.1 - aioseo.com -->\n\t<meta name=\"description\" content=\"Was passiert im Gemeinderat? Welche Beschl\u00fcsse werden gefasst? Mit unserer neuen Infoserie halten wir euch auf dem Laufenden! Hier erfahrt ihr, was der Gemeinderat diskutiert, welche Entscheidungen getroffen werden und welche Antr\u00e4ge und Fragen wir als Fraktion stellen. Konstituierende Sitzung vom 28. August 2024 In der ersten Sitzung nach den Wahlen ging es um wichtige\" \/>\n\t<meta name=\"robots\" content=\"max-image-preview:large\" \/>\n\t<meta name=\"author\" content=\"GfD_Manuel\"\/>\n\t<link rel=\"canonical\" href=\"https:\/\/gemeinsam-fuer-dernbach.de\/es\/aktuelles-aus-dem-gemeinderat\" \/>\n\t<meta name=\"generator\" content=\"All in One SEO (AIOSEO) 5.0.1.1\" \/>\n\t\t<meta property=\"og:locale\" content=\"es_ES\" \/>\n\t\t<meta property=\"og:site_name\" content=\"Gemeinsam f\u00fcr Dernbach - Gemeinsam f\u00fcr Dernbach - Website der W\u00e4hlergruppe Jankowitsch\" \/>\n\t\t<meta property=\"og:type\" content=\"article\" \/>\n\t\t<meta property=\"og:title\" content=\"Aktuelles aus dem Gemeinderat - Gemeinsam f\u00fcr Dernbach\" \/>\n\t\t<meta property=\"og:description\" content=\"Was passiert im Gemeinderat? Welche Beschl\u00fcsse werden gefasst? Mit unserer neuen Infoserie halten wir euch auf dem Laufenden! Hier erfahrt ihr, was der Gemeinderat diskutiert, welche Entscheidungen getroffen werden und welche Antr\u00e4ge und Fragen wir als Fraktion stellen. Konstituierende Sitzung vom 28. August 2024 In der ersten Sitzung nach den Wahlen ging es um wichtige\" \/>\n\t\t<meta property=\"og:url\" content=\"https:\/\/gemeinsam-fuer-dernbach.de\/es\/aktuelles-aus-dem-gemeinderat\" \/>\n\t\t<meta property=\"og:image\" content=\"https:\/\/gemeinsam-fuer-dernbach.de\/wp-content\/uploads\/2024\/12\/cropped-Button.png\" \/>\n\t\t<meta property=\"og:image:secure_url\" content=\"https:\/\/gemeinsam-fuer-dernbach.de\/wp-content\/uploads\/2024\/12\/cropped-Button.png\" \/>\n\t\t<meta property=\"og:image:width\" content=\"512\" \/>\n\t\t<meta property=\"og:image:height\" content=\"512\" \/>\n\t\t<meta property=\"article:published_time\" content=\"2024-09-15T07:08:00+00:00\" \/>\n\t\t<meta property=\"article:modified_time\" content=\"2025-07-01T21:33:46+00:00\" \/>\n\t\t<meta property=\"article:publisher\" content=\"https:\/\/www.facebook.com\/gemeinsam.fuer.dernbach\/\" \/>\n\t\t<meta name=\"twitter:card\" content=\"summary_large_image\" \/>\n\t\t<meta name=\"twitter:title\" content=\"Aktuelles aus dem Gemeinderat - Gemeinsam f\u00fcr Dernbach\" \/>\n\t\t<meta name=\"twitter:description\" content=\"Was passiert im Gemeinderat? Welche Beschl\u00fcsse werden gefasst? Mit unserer neuen Infoserie halten wir euch auf dem Laufenden! Hier erfahrt ihr, was der Gemeinderat diskutiert, welche Entscheidungen getroffen werden und welche Antr\u00e4ge und Fragen wir als Fraktion stellen. Konstituierende Sitzung vom 28. August 2024 In der ersten Sitzung nach den Wahlen ging es um wichtige\" \/>\n\t\t<meta name=\"twitter:image\" content=\"https:\/\/gemeinsam-fuer-dernbach.de\/wp-content\/uploads\/2024\/12\/cropped-Button.png\" \/>\n\t\t<script type=\"application\/ld+json\" class=\"aioseo-schema\">\n\t\t\t{\"@context\":\"https:\\\/\\\/schema.org\",\"@graph\":[{\"@type\":\"BlogPosting\",\"@id\":\"https:\\\/\\\/gemeinsam-fuer-dernbach.de\\\/es\\\/aktuelles-aus-dem-gemeinderat#blogposting\",\"name\":\"Aktuelles aus dem Gemeinderat - Gemeinsam f\\u00fcr Dernbach\",\"headline\":\"Aktuelles aus dem Gemeinderat\",\"author\":{\"@id\":\"https:\\\/\\\/gemeinsam-fuer-dernbach.de\\\/es\\\/author\\\/gfd_manuel#author\"},\"publisher\":{\"@id\":\"https:\\\/\\\/gemeinsam-fuer-dernbach.de\\\/es\\\/#organization\"},\"image\":{\"@type\":\"ImageObject\",\"url\":\"https:\\\/\\\/gemeinsam-fuer-dernbach.de\\\/wp-content\\\/uploads\\\/2024\\\/09\\\/Neues-Gemeiderat.jpeg\",\"@id\":\"https:\\\/\\\/gemeinsam-fuer-dernbach.de\\\/es\\\/aktuelles-aus-dem-gemeinderat\\\/#articleImage\",\"width\":859,\"height\":864,\"caption\":\"Neues aus dem Gemeinderat - Gemeinsam f\\u00fcr Dernbach berichtet\"},\"datePublished\":\"2024-09-15T08:08:00+01:00\",\"dateModified\":\"2025-07-01T22:33:46+01:00\",\"inLanguage\":\"es-ES\",\"mainEntityOfPage\":{\"@id\":\"https:\\\/\\\/gemeinsam-fuer-dernbach.de\\\/es\\\/aktuelles-aus-dem-gemeinderat#webpage\"},\"isPartOf\":{\"@id\":\"https:\\\/\\\/gemeinsam-fuer-dernbach.de\\\/es\\\/aktuelles-aus-dem-gemeinderat#webpage\"},\"articleSection\":\"Neues aus dem Gemeinderat, Busfahrplan, Gemeindezentrum, Gesch\\u00e4ftsordnung, Glasfaser, \\u00d6ffentlicher Nahverkehr\"},{\"@type\":\"BreadcrumbList\",\"@id\":\"https:\\\/\\\/gemeinsam-fuer-dernbach.de\\\/es\\\/aktuelles-aus-dem-gemeinderat#breadcrumblist\",\"itemListElement\":[{\"@type\":\"ListItem\",\"@id\":\"https:\\\/\\\/gemeinsam-fuer-dernbach.de\\\/es#listItem\",\"position\":1,\"name\":\"Home\",\"item\":\"https:\\\/\\\/gemeinsam-fuer-dernbach.de\\\/es\",\"nextItem\":{\"@type\":\"ListItem\",\"@id\":\"https:\\\/\\\/gemeinsam-fuer-dernbach.de\\\/es\\\/category\\\/neues-aus-dem-gemeinderat#listItem\",\"name\":\"Neues aus dem Gemeinderat\"}},{\"@type\":\"ListItem\",\"@id\":\"https:\\\/\\\/gemeinsam-fuer-dernbach.de\\\/es\\\/category\\\/neues-aus-dem-gemeinderat#listItem\",\"position\":2,\"name\":\"Neues aus dem Gemeinderat\",\"item\":\"https:\\\/\\\/gemeinsam-fuer-dernbach.de\\\/es\\\/category\\\/neues-aus-dem-gemeinderat\",\"nextItem\":{\"@type\":\"ListItem\",\"@id\":\"https:\\\/\\\/gemeinsam-fuer-dernbach.de\\\/es\\\/aktuelles-aus-dem-gemeinderat#listItem\",\"name\":\"Aktuelles aus dem Gemeinderat\"},\"previousItem\":{\"@type\":\"ListItem\",\"@id\":\"https:\\\/\\\/gemeinsam-fuer-dernbach.de\\\/es#listItem\",\"name\":\"Home\"}},{\"@type\":\"ListItem\",\"@id\":\"https:\\\/\\\/gemeinsam-fuer-dernbach.de\\\/es\\\/aktuelles-aus-dem-gemeinderat#listItem\",\"position\":3,\"name\":\"Aktuelles aus dem Gemeinderat\",\"previousItem\":{\"@type\":\"ListItem\",\"@id\":\"https:\\\/\\\/gemeinsam-fuer-dernbach.de\\\/es\\\/category\\\/neues-aus-dem-gemeinderat#listItem\",\"name\":\"Neues aus dem Gemeinderat\"}}]},{\"@type\":\"Organization\",\"@id\":\"https:\\\/\\\/gemeinsam-fuer-dernbach.de\\\/es\\\/#organization\",\"name\":\"Gemeinsam f\\u00fcr Dernbach\",\"description\":\"Gemeinsam f\\u00fcr Dernbach - Website der W\\u00e4hlergruppe Jankowitsch\",\"url\":\"https:\\\/\\\/gemeinsam-fuer-dernbach.de\\\/es\\\/\",\"logo\":{\"@type\":\"ImageObject\",\"url\":\"https:\\\/\\\/gemeinsam-fuer-dernbach.de\\\/wp-content\\\/uploads\\\/2024\\\/12\\\/cropped-Button.png\",\"@id\":\"https:\\\/\\\/gemeinsam-fuer-dernbach.de\\\/es\\\/aktuelles-aus-dem-gemeinderat\\\/#organizationLogo\",\"width\":512,\"height\":512,\"caption\":\"Gemeinsam f\\u00fcr Dernbach\"},\"image\":{\"@id\":\"https:\\\/\\\/gemeinsam-fuer-dernbach.de\\\/es\\\/aktuelles-aus-dem-gemeinderat\\\/#organizationLogo\"},\"sameAs\":[\"https:\\\/\\\/www.facebook.com\\\/gemeinsam.fuer.dernbach\\\/\",\"https:\\\/\\\/www.instagram.com\\\/gemeinsam_fuer_dernbach\\\/\"]},{\"@type\":\"Person\",\"@id\":\"https:\\\/\\\/gemeinsam-fuer-dernbach.de\\\/es\\\/author\\\/gfd_manuel#author\",\"url\":\"https:\\\/\\\/gemeinsam-fuer-dernbach.de\\\/es\\\/author\\\/gfd_manuel\",\"name\":\"GfD_Manuel\"},{\"@type\":\"WebPage\",\"@id\":\"https:\\\/\\\/gemeinsam-fuer-dernbach.de\\\/es\\\/aktuelles-aus-dem-gemeinderat#webpage\",\"url\":\"https:\\\/\\\/gemeinsam-fuer-dernbach.de\\\/es\\\/aktuelles-aus-dem-gemeinderat\",\"name\":\"Aktuelles aus dem Gemeinderat - Gemeinsam f\\u00fcr Dernbach\",\"description\":\"Was passiert im Gemeinderat? Welche Beschl\\u00fcsse werden gefasst? Mit unserer neuen Infoserie halten wir euch auf dem Laufenden! Hier erfahrt ihr, was der Gemeinderat diskutiert, welche Entscheidungen getroffen werden und welche Antr\\u00e4ge und Fragen wir als Fraktion stellen. Konstituierende Sitzung vom 28. August 2024 In der ersten Sitzung nach den Wahlen ging es um wichtige\",\"inLanguage\":\"es-ES\",\"isPartOf\":{\"@id\":\"https:\\\/\\\/gemeinsam-fuer-dernbach.de\\\/es\\\/#website\"},\"breadcrumb\":{\"@id\":\"https:\\\/\\\/gemeinsam-fuer-dernbach.de\\\/es\\\/aktuelles-aus-dem-gemeinderat#breadcrumblist\"},\"author\":{\"@id\":\"https:\\\/\\\/gemeinsam-fuer-dernbach.de\\\/es\\\/author\\\/gfd_manuel#author\"},\"creator\":{\"@id\":\"https:\\\/\\\/gemeinsam-fuer-dernbach.de\\\/es\\\/author\\\/gfd_manuel#author\"},\"datePublished\":\"2024-09-15T08:08:00+01:00\",\"dateModified\":\"2025-07-01T22:33:46+01:00\"},{\"@type\":\"WebSite\",\"@id\":\"https:\\\/\\\/gemeinsam-fuer-dernbach.de\\\/es\\\/#website\",\"url\":\"https:\\\/\\\/gemeinsam-fuer-dernbach.de\\\/es\\\/\",\"name\":\"Gemeinsam f\\u00fcr Dernbach\",\"description\":\"Gemeinsam f\\u00fcr Dernbach - Website der W\\u00e4hlergruppe Jankowitsch\",\"inLanguage\":\"es-ES\",\"publisher\":{\"@id\":\"https:\\\/\\\/gemeinsam-fuer-dernbach.de\\\/es\\\/#organization\"}}]}\n\t\t<\/script>\n\t\t<!-- All in One SEO -->\n\n","aioseo_head_json":{"title":"Aktuelles aus dem Gemeinderat - Gemeinsam f\u00fcr Dernbach","description":"Was passiert im Gemeinderat? Welche Beschl\u00fcsse werden gefasst? Mit unserer neuen Infoserie halten wir euch auf dem Laufenden! Hier erfahrt ihr, was der Gemeinderat diskutiert, welche Entscheidungen getroffen werden und welche Antr\u00e4ge und Fragen wir als Fraktion stellen. Konstituierende Sitzung vom 28. August 2024 In der ersten Sitzung nach den Wahlen ging es um wichtige","canonical_url":"https:\/\/gemeinsam-fuer-dernbach.de\/es\/aktuelles-aus-dem-gemeinderat","robots":"max-image-preview:large","keywords":"","webmasterTools":{"miscellaneous":""},"schema":{"@context":"https:\/\/schema.org","@graph":[{"@type":"BlogPosting","@id":"https:\/\/gemeinsam-fuer-dernbach.de\/es\/aktuelles-aus-dem-gemeinderat#blogposting","name":"Aktuelles aus dem Gemeinderat - Gemeinsam f\u00fcr Dernbach","headline":"Aktuelles aus dem Gemeinderat","author":{"@id":"https:\/\/gemeinsam-fuer-dernbach.de\/es\/author\/gfd_manuel#author"},"publisher":{"@id":"https:\/\/gemeinsam-fuer-dernbach.de\/es\/#organization"},"image":{"@type":"ImageObject","url":"https:\/\/gemeinsam-fuer-dernbach.de\/wp-content\/uploads\/2024\/09\/Neues-Gemeiderat.jpeg","@id":"https:\/\/gemeinsam-fuer-dernbach.de\/es\/aktuelles-aus-dem-gemeinderat\/#articleImage","width":859,"height":864,"caption":"Neues aus dem Gemeinderat - Gemeinsam f\u00fcr Dernbach berichtet"},"datePublished":"2024-09-15T08:08:00+01:00","dateModified":"2025-07-01T22:33:46+01:00","inLanguage":"es-ES","mainEntityOfPage":{"@id":"https:\/\/gemeinsam-fuer-dernbach.de\/es\/aktuelles-aus-dem-gemeinderat#webpage"},"isPartOf":{"@id":"https:\/\/gemeinsam-fuer-dernbach.de\/es\/aktuelles-aus-dem-gemeinderat#webpage"},"articleSection":"Neues aus dem Gemeinderat, Busfahrplan, Gemeindezentrum, Gesch\u00e4ftsordnung, Glasfaser, \u00d6ffentlicher Nahverkehr"},{"@type":"BreadcrumbList","@id":"https:\/\/gemeinsam-fuer-dernbach.de\/es\/aktuelles-aus-dem-gemeinderat#breadcrumblist","itemListElement":[{"@type":"ListItem","@id":"https:\/\/gemeinsam-fuer-dernbach.de\/es#listItem","position":1,"name":"Home","item":"https:\/\/gemeinsam-fuer-dernbach.de\/es","nextItem":{"@type":"ListItem","@id":"https:\/\/gemeinsam-fuer-dernbach.de\/es\/category\/neues-aus-dem-gemeinderat#listItem","name":"Neues aus dem Gemeinderat"}},{"@type":"ListItem","@id":"https:\/\/gemeinsam-fuer-dernbach.de\/es\/category\/neues-aus-dem-gemeinderat#listItem","position":2,"name":"Neues aus dem Gemeinderat","item":"https:\/\/gemeinsam-fuer-dernbach.de\/es\/category\/neues-aus-dem-gemeinderat","nextItem":{"@type":"ListItem","@id":"https:\/\/gemeinsam-fuer-dernbach.de\/es\/aktuelles-aus-dem-gemeinderat#listItem","name":"Aktuelles aus dem Gemeinderat"},"previousItem":{"@type":"ListItem","@id":"https:\/\/gemeinsam-fuer-dernbach.de\/es#listItem","name":"Home"}},{"@type":"ListItem","@id":"https:\/\/gemeinsam-fuer-dernbach.de\/es\/aktuelles-aus-dem-gemeinderat#listItem","position":3,"name":"Aktuelles aus dem Gemeinderat","previousItem":{"@type":"ListItem","@id":"https:\/\/gemeinsam-fuer-dernbach.de\/es\/category\/neues-aus-dem-gemeinderat#listItem","name":"Neues aus dem Gemeinderat"}}]},{"@type":"Organization","@id":"https:\/\/gemeinsam-fuer-dernbach.de\/es\/#organization","name":"Gemeinsam f\u00fcr Dernbach","description":"Gemeinsam f\u00fcr Dernbach - Website der W\u00e4hlergruppe Jankowitsch","url":"https:\/\/gemeinsam-fuer-dernbach.de\/es\/","logo":{"@type":"ImageObject","url":"https:\/\/gemeinsam-fuer-dernbach.de\/wp-content\/uploads\/2024\/12\/cropped-Button.png","@id":"https:\/\/gemeinsam-fuer-dernbach.de\/es\/aktuelles-aus-dem-gemeinderat\/#organizationLogo","width":512,"height":512,"caption":"Gemeinsam f\u00fcr Dernbach"},"image":{"@id":"https:\/\/gemeinsam-fuer-dernbach.de\/es\/aktuelles-aus-dem-gemeinderat\/#organizationLogo"},"sameAs":["https:\/\/www.facebook.com\/gemeinsam.fuer.dernbach\/","https:\/\/www.instagram.com\/gemeinsam_fuer_dernbach\/"]},{"@type":"Person","@id":"https:\/\/gemeinsam-fuer-dernbach.de\/es\/author\/gfd_manuel#author","url":"https:\/\/gemeinsam-fuer-dernbach.de\/es\/author\/gfd_manuel","name":"GfD_Manuel"},{"@type":"WebPage","@id":"https:\/\/gemeinsam-fuer-dernbach.de\/es\/aktuelles-aus-dem-gemeinderat#webpage","url":"https:\/\/gemeinsam-fuer-dernbach.de\/es\/aktuelles-aus-dem-gemeinderat","name":"Aktuelles aus dem Gemeinderat - Gemeinsam f\u00fcr Dernbach","description":"Was passiert im Gemeinderat? Welche Beschl\u00fcsse werden gefasst? Mit unserer neuen Infoserie halten wir euch auf dem Laufenden! Hier erfahrt ihr, was der Gemeinderat diskutiert, welche Entscheidungen getroffen werden und welche Antr\u00e4ge und Fragen wir als Fraktion stellen. Konstituierende Sitzung vom 28. August 2024 In der ersten Sitzung nach den Wahlen ging es um wichtige","inLanguage":"es-ES","isPartOf":{"@id":"https:\/\/gemeinsam-fuer-dernbach.de\/es\/#website"},"breadcrumb":{"@id":"https:\/\/gemeinsam-fuer-dernbach.de\/es\/aktuelles-aus-dem-gemeinderat#breadcrumblist"},"author":{"@id":"https:\/\/gemeinsam-fuer-dernbach.de\/es\/author\/gfd_manuel#author"},"creator":{"@id":"https:\/\/gemeinsam-fuer-dernbach.de\/es\/author\/gfd_manuel#author"},"datePublished":"2024-09-15T08:08:00+01:00","dateModified":"2025-07-01T22:33:46+01:00"},{"@type":"WebSite","@id":"https:\/\/gemeinsam-fuer-dernbach.de\/es\/#website","url":"https:\/\/gemeinsam-fuer-dernbach.de\/es\/","name":"Gemeinsam f\u00fcr Dernbach","description":"Gemeinsam f\u00fcr Dernbach - Website der W\u00e4hlergruppe Jankowitsch","inLanguage":"es-ES","publisher":{"@id":"https:\/\/gemeinsam-fuer-dernbach.de\/es\/#organization"}}]},"og:locale":"es_ES","og:site_name":"Gemeinsam f\u00fcr Dernbach - Gemeinsam f\u00fcr Dernbach - Website der W\u00e4hlergruppe Jankowitsch","og:type":"article","og:title":"Aktuelles aus dem Gemeinderat - Gemeinsam f\u00fcr Dernbach","og:description":"Was passiert im Gemeinderat? Welche Beschl\u00fcsse werden gefasst? Mit unserer neuen Infoserie halten wir euch auf dem Laufenden! Hier erfahrt ihr, was der Gemeinderat diskutiert, welche Entscheidungen getroffen werden und welche Antr\u00e4ge und Fragen wir als Fraktion stellen. Konstituierende Sitzung vom 28. August 2024 In der ersten Sitzung nach den Wahlen ging es um wichtige","og:url":"https:\/\/gemeinsam-fuer-dernbach.de\/es\/aktuelles-aus-dem-gemeinderat","og:image":"https:\/\/gemeinsam-fuer-dernbach.de\/wp-content\/uploads\/2024\/12\/cropped-Button.png","og:image:secure_url":"https:\/\/gemeinsam-fuer-dernbach.de\/wp-content\/uploads\/2024\/12\/cropped-Button.png","og:image:width":512,"og:image:height":512,"article:published_time":"2024-09-15T07:08:00+00:00","article:modified_time":"2025-07-01T21:33:46+00:00","article:publisher":"https:\/\/www.facebook.com\/gemeinsam.fuer.dernbach\/","twitter:card":"summary_large_image","twitter:title":"Aktuelles aus dem Gemeinderat - Gemeinsam f\u00fcr Dernbach","twitter:description":"Was passiert im Gemeinderat? Welche Beschl\u00fcsse werden gefasst? Mit unserer neuen Infoserie halten wir euch auf dem Laufenden! Hier erfahrt ihr, was der Gemeinderat diskutiert, welche Entscheidungen getroffen werden und welche Antr\u00e4ge und Fragen wir als Fraktion stellen. Konstituierende Sitzung vom 28. August 2024 In der ersten Sitzung nach den Wahlen ging es um wichtige","twitter:image":"https:\/\/gemeinsam-fuer-dernbach.de\/wp-content\/uploads\/2024\/12\/cropped-Button.png"},"aioseo_meta_data":{"post_id":"704","title":null,"description":null,"keywords":null,"keyphrases":{"focus":[],"additional":[]},"primary_term":null,"canonical_url":null,"og_title":null,"og_description":null,"og_object_type":"default","og_image_type":"default","og_image_url":null,"og_image_width":null,"og_image_height":null,"og_image_custom_url":null,"og_image_custom_fields":null,"og_video":"","og_custom_url":null,"og_article_section":null,"og_article_tags":null,"twitter_use_og":false,"twitter_card":"default","twitter_image_type":"default","twitter_image_url":null,"twitter_image_custom_url":null,"twitter_image_custom_fields":null,"twitter_title":null,"twitter_description":null,"schema":{"blockGraphs":[],"customGraphs":[],"default":{"data":{"Article":[],"Course":[],"Dataset":[],"FAQPage":[],"Movie":[],"Person":[],"Product":[],"ProductReview":[],"Car":[],"Recipe":[],"Service":[],"SoftwareApplication":[],"WebPage":[]},"graphName":"","isEnabled":true},"graphs":[]},"schema_type":"default","schema_type_options":null,"pillar_content":false,"robots_default":true,"robots_noindex":false,"robots_noarchive":false,"robots_nosnippet":false,"robots_nofollow":false,"robots_noimageindex":false,"robots_noodp":false,"robots_notranslate":false,"robots_max_snippet":"-1","robots_max_videopreview":"-1","robots_max_imagepreview":"large","priority":null,"frequency":"default","local_seo":null,"breadcrumb_settings":null,"limit_modified_date":false,"ai":null,"created":"2025-06-24 20:04:55","updated":"2026-09-03 19:34:35","seo_analyzer_scan_date":null,"focus_keyword":null,"additional_keywords":null,"truseo_locale":null},"aioseo_breadcrumb":"<div class=\"aioseo-breadcrumbs\"><span class=\"aioseo-breadcrumb\">\n\t\t\t<a href=\"https:\/\/gemeinsam-fuer-dernbach.de\/es\" title=\"Home\">Home<\/a>\n\t\t<\/span><span class=\"aioseo-breadcrumb-separator\">&raquo;<\/span><span class=\"aioseo-breadcrumb\">\n\t\t\t<a href=\"https:\/\/gemeinsam-fuer-dernbach.de\/es\/category\/neues-aus-dem-gemeinderat\" title=\"Neues aus dem Gemeinderat\">Neues aus dem Gemeinderat<\/a>\n\t\t<\/span><span class=\"aioseo-breadcrumb-separator\">&raquo;<\/span><span class=\"aioseo-breadcrumb\">\n\t\t\tAktuelles aus dem Gemeinderat\n\t\t<\/span><\/div>","aioseo_breadcrumb_json":[{"label":"Home","link":"https:\/\/gemeinsam-fuer-dernbach.de\/es"},{"label":"Neues aus dem Gemeinderat","link":"https:\/\/gemeinsam-fuer-dernbach.de\/es\/category\/neues-aus-dem-gemeinderat"},{"label":"Aktuelles aus dem Gemeinderat","link":"https:\/\/gemeinsam-fuer-dernbach.de\/es\/aktuelles-aus-dem-gemeinderat"}],"_links":{"self":[{"href":"https:\/\/gemeinsam-fuer-dernbach.de\/es\/wp-json\/wp\/v2\/posts\/704","targetHints":{"allow":["GET"]}}],"collection":[{"href":"https:\/\/gemeinsam-fuer-dernbach.de\/es\/wp-json\/wp\/v2\/posts"}],"about":[{"href":"https:\/\/gemeinsam-fuer-dernbach.de\/es\/wp-json\/wp\/v2\/types\/post"}],"author":[{"embeddable":true,"href":"https:\/\/gemeinsam-fuer-dernbach.de\/es\/wp-json\/wp\/v2\/users\/2"}],"replies":[{"embeddable":true,"href":"https:\/\/gemeinsam-fuer-dernbach.de\/es\/wp-json\/wp\/v2\/comments?post=704"}],"version-history":[{"count":5,"href":"https:\/\/gemeinsam-fuer-dernbach.de\/es\/wp-json\/wp\/v2\/posts\/704\/revisions"}],"predecessor-version":[{"id":1205,"href":"https:\/\/gemeinsam-fuer-dernbach.de\/es\/wp-json\/wp\/v2\/posts\/704\/revisions\/1205"}],"wp:attachment":[{"href":"https:\/\/gemeinsam-fuer-dernbach.de\/es\/wp-json\/wp\/v2\/media?parent=704"}],"wp:term":[{"taxonomy":"category","embeddable":true,"href":"https:\/\/gemeinsam-fuer-dernbach.de\/es\/wp-json\/wp\/v2\/categories?post=704"},{"taxonomy":"post_tag","embeddable":true,"href":"https:\/\/gemeinsam-fuer-dernbach.de\/es\/wp-json\/wp\/v2\/tags?post=704"}],"curies":[{"name":"wp","href":"https:\/\/api.w.org\/{rel}","templated":true}]}}