{"id":1692,"global_id":"gemeinsam-fuer-dernbach.de\/fr?id=1692","global_id_lineage":["gemeinsam-fuer-dernbach.de\/fr?id=1692"],"author":"2","status":"publish","date":"2026-04-23 21:31:10","date_utc":"2026-04-23 20:31:10","modified":"2026-04-23 21:31:10","modified_utc":"2026-04-23 20:31:10","url":"https:\/\/gemeinsam-fuer-dernbach.de\/fr\/kalender\/offene-fraktionssitzung-4","rest_url":"https:\/\/gemeinsam-fuer-dernbach.de\/fr\/wp-json\/tribe\/events\/v1\/events\/1692","title":"Offene Fraktionssitzung","description":"<p>&#8222;Gemeinsam f\u00fcr Dernbach\u201c l\u00e4dt alle interessierten B\u00fcrgerinnen und B\u00fcrger herzlich zur offenen Fraktionssitzung ein. Auf der Tagesordnung stehen aktuelle Themen aus Rat und Aussch\u00fcssen, die Vorbereitung auf kommende Sitzungen sowie Eure und Ihre Ideen und Anliegen.<\/p>\n<p>\u201eGemeinsam f\u00fcr Dernbach\u201c besteht aus einer parteiunabh\u00e4ngigen W\u00e4hlergruppe und setzt sich f\u00fcr eine transparente und b\u00fcrgernahe Kommunalpolitik ein.<\/p>\n<p>Die Fraktionsmitglieder laden alle Interessierten herzlich ein, sich aktiv an der Gestaltung der Gemeinde zu beteiligen. Wir freuen uns auf eine rege Teilnahme am offenen Austausch und gute Gespr\u00e4che.<\/p>","excerpt":"","slug":"offene-fraktionssitzung-4","image":{"url":"https:\/\/gemeinsam-fuer-dernbach.de\/wp-content\/uploads\/2026\/04\/2605_Einladung-GfD-Fraktionssitzung.png","id":1693,"extension":"png","width":926,"height":1152,"filesize":1535993,"sizes":{"medium":{"width":241,"height":300,"mime-type":"image\/png","filesize":117815,"url":"https:\/\/gemeinsam-fuer-dernbach.de\/wp-content\/uploads\/2026\/04\/2605_Einladung-GfD-Fraktionssitzung-241x300.png"},"large":{"width":823,"height":1024,"mime-type":"image\/png","filesize":1237756,"url":"https:\/\/gemeinsam-fuer-dernbach.de\/wp-content\/uploads\/2026\/04\/2605_Einladung-GfD-Fraktionssitzung-823x1024.png"},"thumbnail":{"width":150,"height":150,"mime-type":"image\/png","filesize":39905,"url":"https:\/\/gemeinsam-fuer-dernbach.de\/wp-content\/uploads\/2026\/04\/2605_Einladung-GfD-Fraktionssitzung-150x150.png"},"medium_large":{"width":768,"height":955,"mime-type":"image\/png","filesize":1089854,"url":"https:\/\/gemeinsam-fuer-dernbach.de\/wp-content\/uploads\/2026\/04\/2605_Einladung-GfD-Fraktionssitzung-768x955.png"},"etm-custom-language-flag":{"width":10,"height":12,"mime-type":"image\/png","filesize":474,"url":"https:\/\/gemeinsam-fuer-dernbach.de\/wp-content\/uploads\/2026\/04\/2605_Einladung-GfD-Fraktionssitzung-10x12.png"},"ultp_layout_landscape_large":{"width":926,"height":800,"mime-type":"image\/png","filesize":1210766,"url":"https:\/\/gemeinsam-fuer-dernbach.de\/wp-content\/uploads\/2026\/04\/2605_Einladung-GfD-Fraktionssitzung-926x800.png"},"ultp_layout_landscape":{"width":870,"height":570,"mime-type":"image\/png","filesize":732808,"url":"https:\/\/gemeinsam-fuer-dernbach.de\/wp-content\/uploads\/2026\/04\/2605_Einladung-GfD-Fraktionssitzung-870x570.png"},"ultp_layout_portrait":{"width":600,"height":900,"mime-type":"image\/png","filesize":823243,"url":"https:\/\/gemeinsam-fuer-dernbach.de\/wp-content\/uploads\/2026\/04\/2605_Einladung-GfD-Fraktionssitzung-600x900.png"},"ultp_layout_square":{"width":600,"height":600,"mime-type":"image\/png","filesize":557020,"url":"https:\/\/gemeinsam-fuer-dernbach.de\/wp-content\/uploads\/2026\/04\/2605_Einladung-GfD-Fraktionssitzung-600x600.png"}}},"all_day":false,"start_date":"2026-05-03 10:30:00","start_date_details":{"year":"2026","month":"05","day":"03","hour":"10","minutes":"30","seconds":"00"},"end_date":"2026-05-03 12:00:00","end_date_details":{"year":"2026","month":"05","day":"03","hour":"12","minutes":"00","seconds":"00"},"utc_start_date":"2026-05-03 08:30:00","utc_start_date_details":{"year":"2026","month":"05","day":"03","hour":"08","minutes":"30","seconds":"00"},"utc_end_date":"2026-05-03 10:00:00","utc_end_date_details":{"year":"2026","month":"05","day":"03","hour":"10","minutes":"00","seconds":"00"},"timezone":"UTC+1","timezone_abbr":"UTC+1","cost":"","cost_details":{"currency_symbol":"","currency_code":"","currency_position":"","values":[]},"website":"","show_map":true,"show_map_link":false,"hide_from_listings":false,"sticky":false,"featured":false,"categories":[{"name":"Offene Fraktionssitzung","slug":"offene-fraktionssitzung","term_group":0,"term_taxonomy_id":146,"taxonomy":"tribe_events_cat","description":"","parent":0,"count":5,"filter":"raw","id":146,"urls":{"self":"https:\/\/gemeinsam-fuer-dernbach.de\/fr\/wp-json\/tribe\/events\/v1\/categories\/146","collection":"https:\/\/gemeinsam-fuer-dernbach.de\/fr\/wp-json\/tribe\/events\/v1\/categories"}}],"tags":[{"name":"Offene Fraktionssitzung","slug":"offene-fraktionssitzung","term_group":0,"term_taxonomy_id":147,"taxonomy":"post_tag","description":"","parent":0,"count":6,"filter":"raw","id":147,"urls":{"self":"https:\/\/gemeinsam-fuer-dernbach.de\/fr\/wp-json\/tribe\/events\/v1\/tags\/147","collection":"https:\/\/gemeinsam-fuer-dernbach.de\/fr\/wp-json\/tribe\/events\/v1\/tags"}}],"venue":{"id":1289,"author":"2","status":"publish","date":"2025-06-09 21:37:45","date_utc":"2025-06-09 20:37:45","modified":"2025-06-09 21:37:45","modified_utc":"2025-06-09 20:37:45","url":"https:\/\/gemeinsam-fuer-dernbach.de\/fr\/lieu\/offene-fraktionssitzung-gemeinsam-fuer-dernbach","venue":"Offene Fraktionssitzung Gemeinsam f\u00fcr Dernbach","slug":"offene-fraktionssitzung-gemeinsam-fuer-dernbach","address":"Hauptstra\u00dfe 17","city":"Dernbach","country":"Germany","zip":"56428","json_ld":{"@type":"Place","name":"Offene Fraktionssitzung Gemeinsam f\u00fcr Dernbach","description":"","url":"","address":{"@type":"PostalAddress","streetAddress":"Hauptstra\u00dfe 17","addressLocality":"Dernbach","postalCode":"56428","addressCountry":"Germany"},"telephone":"","sameAs":""},"show_map":true,"show_map_link":true,"global_id":"gemeinsam-fuer-dernbach.de\/fr?id=1289","global_id_lineage":["gemeinsam-fuer-dernbach.de\/fr?id=1289"]},"organizer":[],"custom_fields":[],"json_ld":{"@context":"http:\/\/schema.org","@type":"Event","name":"Offene Fraktionssitzung","description":"&lt;p&gt;&quot;Gemeinsam f\u00fcr Dernbach\u201c l\u00e4dt alle interessierten B\u00fcrgerinnen und B\u00fcrger herzlich zur offenen Fraktionssitzung ein. Auf der Tagesordnung stehen aktuelle Themen aus Rat und Aussch\u00fcssen, die Vorbereitung auf kommende Sitzungen sowie [&hellip;]&lt;\/p&gt;\\n","image":"https:\/\/gemeinsam-fuer-dernbach.de\/wp-content\/uploads\/2026\/04\/2605_Einladung-GfD-Fraktionssitzung.png","url":"https:\/\/gemeinsam-fuer-dernbach.de\/fr\/kalender\/offene-fraktionssitzung-4\/","eventAttendanceMode":"https:\/\/schema.org\/OfflineEventAttendanceMode","eventStatus":"https:\/\/schema.org\/EventScheduled","startDate":"2026-05-03T10:30:00+01:00","endDate":"2026-05-03T12:00:00+01:00","location":{"@type":"Place","name":"Offene Fraktionssitzung Gemeinsam f\u00fcr Dernbach","description":"","url":"","address":{"@type":"PostalAddress","streetAddress":"Hauptstra\u00dfe 17","addressLocality":"Dernbach","postalCode":"56428","addressCountry":"Germany"},"telephone":"","sameAs":""},"performer":"Organization"},"ticketed":false}