{"id":1591,"date":"2025-12-16T21:56:35","date_gmt":"2025-12-16T20:56:35","guid":{"rendered":"https:\/\/gemeinsam-fuer-dernbach.de\/?p=1591"},"modified":"2025-12-16T22:18:10","modified_gmt":"2025-12-16T21:18:10","slug":"gemeinsam-freude-schenken-herzliche-weihnachtsgruesse","status":"publish","type":"post","link":"https:\/\/gemeinsam-fuer-dernbach.de\/fr\/gemeinsam-freude-schenken-herzliche-weihnachtsgruesse","title":{"rendered":"Se r\u00e9jouir ensemble \u2013 Joyeuses f\u00eates de fin d\u2019ann\u00e9e"},"content":{"rendered":"<p class=\"wp-block-paragraph\">Au cours de la p\u00e9riode de l\u2019Avent, \u00abEnsemble pour Dernbach\u00bb a lanc\u00e9 une action sp\u00e9ciale. Citoyens, enfants, \u00e9ducatrices et enseignants du jardin d'enfants et de l'\u00e9cole primaire ainsi que l'association de soutien Saint-Joseph et Saint-Agn\u00e8s en ont fait un v\u00e9ritable projet commun avec beaucoup de c\u0153ur et d'engagement.<\/p>\n\n\n\n<p class=\"wp-block-paragraph\">De nombreuses personnes de Dernbach et des environs ont \u00e9crit des cartes de No\u00ebl affectueuses pour les habitants du centre pour personnes \u00e2g\u00e9es. Certains ont m\u00eame contribu\u00e9 jusqu'\u00e0 dix cartes, et ici et l\u00e0 ont \u00e9t\u00e9 ajout\u00e9s de petits cadeaux qui ajoutent de la joie.<\/p>\n\n\n\n<p class=\"wp-block-paragraph\">Nous sommes particuli\u00e8rement fiers des contributions cr\u00e9atives des enfants: Les \u00e9l\u00e8ves de l\u2019\u00e9cole primaire et les enfants du jardin d\u2019enfants de Dernbach ont fabriqu\u00e9 avec beaucoup d\u2019amour des d\u00e9corations de No\u00ebl et des cartes qui remplissent le centre pour personnes \u00e2g\u00e9es de chaleur \u2013 les petits c\u0153urs battent tr\u00e8s fort!<\/p>\n\n\n\n<div class=\"wp-block-columns is-layout-flex wp-container-core-columns-is-layout-794e3cfa wp-block-columns-is-layout-flex\">\n<div class=\"wp-block-column is-layout-flow wp-block-column-is-layout-flow\">\n<figure class=\"wp-block-image size-large\"><img loading=\"lazy\" decoding=\"async\" width=\"1024\" height=\"932\" src=\"https:\/\/gemeinsam-fuer-dernbach.de\/wp-content\/uploads\/2025\/12\/Kindergarten-1024x932.jpeg\" alt=\"Cartes de No\u00ebl artisanales de la maternelle pour le centre pour personnes \u00e2g\u00e9es de Dernbach\" class=\"wp-image-1594\" srcset=\"https:\/\/gemeinsam-fuer-dernbach.de\/wp-content\/uploads\/2025\/12\/Kindergarten-1024x932.jpeg 1024w, https:\/\/gemeinsam-fuer-dernbach.de\/wp-content\/uploads\/2025\/12\/Kindergarten-300x273.jpeg 300w, https:\/\/gemeinsam-fuer-dernbach.de\/wp-content\/uploads\/2025\/12\/Kindergarten-768x699.jpeg 768w, https:\/\/gemeinsam-fuer-dernbach.de\/wp-content\/uploads\/2025\/12\/Kindergarten-13x12.jpeg 13w, https:\/\/gemeinsam-fuer-dernbach.de\/wp-content\/uploads\/2025\/12\/Kindergarten.jpeg 1261w\" sizes=\"auto, (max-width: 1024px) 100vw, 1024px\" \/><figcaption class=\"wp-element-caption\">Cartes de No\u00ebl des enfants de maternelle con\u00e7ues avec beaucoup de cr\u00e9ativit\u00e9 dans le cadre de l'action de No\u00ebl de Ensemble pour Dernbach.<\/figcaption><\/figure>\n<\/div>\n\n\n\n<div class=\"wp-block-column is-layout-flow wp-block-column-is-layout-flow\">\n<figure class=\"wp-block-image size-large is-resized\"><img loading=\"lazy\" decoding=\"async\" width=\"846\" height=\"1024\" src=\"https:\/\/gemeinsam-fuer-dernbach.de\/wp-content\/uploads\/2025\/12\/Grundschule-1-846x1024.jpeg\" alt=\"Bricolages de No\u00ebl d&#039;enfants de l&#039;\u00e9cole primaire pour le centre pour personnes \u00e2g\u00e9es de Dernbach\" class=\"wp-image-1595\" style=\"aspect-ratio:0.8261827224368313;width:356px;height:auto\" srcset=\"https:\/\/gemeinsam-fuer-dernbach.de\/wp-content\/uploads\/2025\/12\/Grundschule-1-846x1024.jpeg 846w, https:\/\/gemeinsam-fuer-dernbach.de\/wp-content\/uploads\/2025\/12\/Grundschule-1-248x300.jpeg 248w, https:\/\/gemeinsam-fuer-dernbach.de\/wp-content\/uploads\/2025\/12\/Grundschule-1-768x929.jpeg 768w, https:\/\/gemeinsam-fuer-dernbach.de\/wp-content\/uploads\/2025\/12\/Grundschule-1-1270x1536.jpeg 1270w, https:\/\/gemeinsam-fuer-dernbach.de\/wp-content\/uploads\/2025\/12\/Grundschule-1-10x12.jpeg 10w, https:\/\/gemeinsam-fuer-dernbach.de\/wp-content\/uploads\/2025\/12\/Grundschule-1.jpeg 1444w\" sizes=\"auto, (max-width: 846px) 100vw, 846px\" \/><figcaption class=\"wp-element-caption\">Des bricolages de No\u00ebl con\u00e7us avec amour par les enfants de l'\u00e9cole primaire dans le cadre de l'action de Ensemble pour Dernbach.<\/figcaption><\/figure>\n<\/div>\n<\/div>\n\n\n\n<p class=\"wp-block-paragraph\">Le retour d\u2019information du centre pour personnes \u00e2g\u00e9es a \u00e9t\u00e9 tout \u00e0 fait positif \u2013 la direction du foyer a chaleureusement remerci\u00e9 la belle action. C'est merveilleux de voir combien de chaleur, de compassion et de sens de la communaut\u00e9 sont v\u00e9cus dans notre maison.<\/p>\n\n\n\n<p class=\"wp-block-paragraph\">Nous remercions tous ceux qui ont particip\u00e9 \u00e0 l'action pour leur engagement et leur g\u00e9n\u00e9rosit\u00e9. Et, \u00e0 l\u2019approche de la fin de l\u2019ann\u00e9e, un grand merci \u00e0 ceux qui nous ont soutenus ou bienveillants en 2025. <\/p>\n\n\n\n<p class=\"wp-block-paragraph\">Enfin, nous vous souhaitons, \u00e0 vous et \u00e0 vous-m\u00eames, un joyeux No\u00ebl plein de joie, des heures agr\u00e9ables dans le cercle des \u00eatres chers, des vacances reposantes et un bon d\u00e9but d'une nouvelle ann\u00e9e saine et heureuse.<\/p>","protected":false},"excerpt":{"rendered":"<p>Au cours de la p\u00e9riode de l\u2019Avent, \u00abEnsemble pour Dernbach\u00bb a lanc\u00e9 une action sp\u00e9ciale. Les citoyennes et les citoyens, les enfants de maternelle et d'\u00e9cole primaire ainsi que l'association de soutien St. Josef et St. Agnes en ont fait un v\u00e9ritable projet commun avec beaucoup de c\u0153ur et d'engagement.<\/p>","protected":false},"author":2,"featured_media":1592,"comment_status":"closed","ping_status":"open","sticky":false,"template":"","format":"standard","meta":{"_price":"","_stock":"","_tribe_ticket_header":"","_tribe_default_ticket_provider":"","_tribe_ticket_capacity":"","_ticket_start_date":"","_ticket_end_date":"","_tribe_ticket_show_description":"","_tribe_ticket_show_not_going":false,"_tribe_ticket_use_global_stock":"","_tribe_ticket_global_stock_level":"","_global_stock_mode":"","_global_stock_cap":"","_tribe_rsvp_for_event":"","_tribe_ticket_going_count":"","_tribe_ticket_not_going_count":"","_tribe_tickets_list":"[]","_tribe_ticket_has_attendee_info_fields":false,"_EventAllDay":false,"_EventTimezone":"","_EventStartDate":"","_EventEndDate":"","_EventStartDateUTC":"","_EventEndDateUTC":"","_EventShowMap":false,"_EventShowMapLink":false,"_EventURL":"","_EventCost":"","_EventCostDescription":"","_EventCurrencySymbol":"","_EventCurrencyCode":"","_EventCurrencyPosition":"","_EventDateTimeSeparator":"","_EventTimeRangeSeparator":"","_EventOrganizerID":[],"_EventVenueID":[],"_OrganizerEmail":"","_OrganizerPhone":"","_OrganizerWebsite":"","_VenueAddress":"","_VenueCity":"","_VenueCountry":"","_VenueProvince":"","_VenueState":"","_VenueZip":"","_VenuePhone":"","_VenueURL":"","_VenueStateProvince":"","_VenueLat":"","_VenueLng":"","_VenueShowMap":false,"_VenueShowMapLink":false,"footnotes":""},"categories":[35,9],"tags":[153,151,152],"class_list":["post-1591","post","type-post","status-publish","format-standard","has-post-thumbnail","hentry","category-dorfleben","category-neues-von-uns","tag-aktion","tag-seniorenzentrum","tag-weihnachten"],"aioseo_notices":[],"aioseo_head":"\n\t\t<!-- All in One SEO 5.0.1.1 - aioseo.com -->\n\t<meta name=\"description\" content=\"In der Adventszeit hat \u201eGemeinsam f\u00fcr Dernbach\u201c eine besondere Aktion initiiert. B\u00fcrgerinnen und B\u00fcrger, Kinder aus Kindergarten und Grundschule sowie der F\u00f6rderverein St. Josef und St. Agnes haben diese mit viel Herz und Einsatz zu einem echten Gemeinschaftsprojekt gemacht.\" \/>\n\t<meta name=\"robots\" content=\"max-image-preview:large\" \/>\n\t<meta name=\"author\" content=\"GfD_Manuel\"\/>\n\t<link rel=\"canonical\" href=\"https:\/\/gemeinsam-fuer-dernbach.de\/fr\/gemeinsam-freude-schenken-herzliche-weihnachtsgruesse\" \/>\n\t<meta name=\"generator\" content=\"All in One SEO (AIOSEO) 5.0.1.1\" \/>\n\t\t<meta property=\"og:locale\" content=\"fr_FR\" \/>\n\t\t<meta property=\"og:site_name\" content=\"Gemeinsam f\u00fcr Dernbach - Gemeinsam f\u00fcr Dernbach - Website der W\u00e4hlergruppe Jankowitsch\" \/>\n\t\t<meta property=\"og:type\" content=\"article\" \/>\n\t\t<meta property=\"og:title\" content=\"Gemeinsam Freude schenken \u2013 herzliche Weihnachtsgr\u00fc\u00dfe - Gemeinsam f\u00fcr Dernbach\" \/>\n\t\t<meta property=\"og:description\" content=\"In der Adventszeit hat \u201eGemeinsam f\u00fcr Dernbach\u201c eine besondere Aktion initiiert. B\u00fcrgerinnen und B\u00fcrger, Kinder aus Kindergarten und Grundschule sowie der F\u00f6rderverein St. Josef und St. Agnes haben diese mit viel Herz und Einsatz zu einem echten Gemeinschaftsprojekt gemacht.\" \/>\n\t\t<meta property=\"og:url\" content=\"https:\/\/gemeinsam-fuer-dernbach.de\/fr\/gemeinsam-freude-schenken-herzliche-weihnachtsgruesse\" \/>\n\t\t<meta property=\"og:image\" content=\"https:\/\/gemeinsam-fuer-dernbach.de\/wp-content\/uploads\/2024\/12\/cropped-Button.png\" \/>\n\t\t<meta property=\"og:image:secure_url\" content=\"https:\/\/gemeinsam-fuer-dernbach.de\/wp-content\/uploads\/2024\/12\/cropped-Button.png\" \/>\n\t\t<meta property=\"og:image:width\" content=\"512\" \/>\n\t\t<meta property=\"og:image:height\" content=\"512\" \/>\n\t\t<meta property=\"article:published_time\" content=\"2025-12-16T20:56:35+00:00\" \/>\n\t\t<meta property=\"article:modified_time\" content=\"2025-12-16T21:18:10+00:00\" \/>\n\t\t<meta property=\"article:publisher\" content=\"https:\/\/www.facebook.com\/gemeinsam.fuer.dernbach\/\" \/>\n\t\t<meta name=\"twitter:card\" content=\"summary_large_image\" \/>\n\t\t<meta name=\"twitter:title\" content=\"Gemeinsam Freude schenken \u2013 herzliche Weihnachtsgr\u00fc\u00dfe - Gemeinsam f\u00fcr Dernbach\" \/>\n\t\t<meta name=\"twitter:description\" content=\"In der Adventszeit hat \u201eGemeinsam f\u00fcr Dernbach\u201c eine besondere Aktion initiiert. B\u00fcrgerinnen und B\u00fcrger, Kinder aus Kindergarten und Grundschule sowie der F\u00f6rderverein St. Josef und St. Agnes haben diese mit viel Herz und Einsatz zu einem echten Gemeinschaftsprojekt gemacht.\" \/>\n\t\t<meta name=\"twitter:image\" content=\"https:\/\/gemeinsam-fuer-dernbach.de\/wp-content\/uploads\/2024\/12\/cropped-Button.png\" \/>\n\t\t<script type=\"application\/ld+json\" class=\"aioseo-schema\">\n\t\t\t{\"@context\":\"https:\\\/\\\/schema.org\",\"@graph\":[{\"@type\":\"BlogPosting\",\"@id\":\"https:\\\/\\\/gemeinsam-fuer-dernbach.de\\\/fr\\\/gemeinsam-freude-schenken-herzliche-weihnachtsgruesse#blogposting\",\"name\":\"Gemeinsam Freude schenken \\u2013 herzliche Weihnachtsgr\\u00fc\\u00dfe - Gemeinsam f\\u00fcr Dernbach\",\"headline\":\"Gemeinsam Freude schenken \\u2013 herzliche Weihnachtsgr\\u00fc\\u00dfe\",\"author\":{\"@id\":\"https:\\\/\\\/gemeinsam-fuer-dernbach.de\\\/fr\\\/author\\\/gfd_manuel#author\"},\"publisher\":{\"@id\":\"https:\\\/\\\/gemeinsam-fuer-dernbach.de\\\/fr\\\/#organization\"},\"image\":{\"@type\":\"ImageObject\",\"url\":\"https:\\\/\\\/gemeinsam-fuer-dernbach.de\\\/wp-content\\\/uploads\\\/2025\\\/12\\\/Uebergabe-Seniorenzentrum-e1765919176128.jpg\",\"width\":1536,\"height\":1700,\"caption\":\"Gemeinsam Freude schenken: Die \\u00dcbergabe der liebevoll gestalteten Weihnachtskarten und Basteleien an das Seniorenzentrum \\u2013 mit Heimleitung und dem Team von Gemeinsam f\\u00fcr Dernbach.\"},\"datePublished\":\"2025-12-16T21:56:35+01:00\",\"dateModified\":\"2025-12-16T22:18:10+01:00\",\"inLanguage\":\"fr-FR\",\"mainEntityOfPage\":{\"@id\":\"https:\\\/\\\/gemeinsam-fuer-dernbach.de\\\/fr\\\/gemeinsam-freude-schenken-herzliche-weihnachtsgruesse#webpage\"},\"isPartOf\":{\"@id\":\"https:\\\/\\\/gemeinsam-fuer-dernbach.de\\\/fr\\\/gemeinsam-freude-schenken-herzliche-weihnachtsgruesse#webpage\"},\"articleSection\":\"Dorfleben, Neues von uns, Aktion, Seniorenzentrum, Weihnachten\"},{\"@type\":\"BreadcrumbList\",\"@id\":\"https:\\\/\\\/gemeinsam-fuer-dernbach.de\\\/fr\\\/gemeinsam-freude-schenken-herzliche-weihnachtsgruesse#breadcrumblist\",\"itemListElement\":[{\"@type\":\"ListItem\",\"@id\":\"https:\\\/\\\/gemeinsam-fuer-dernbach.de\\\/fr#listItem\",\"position\":1,\"name\":\"Home\",\"item\":\"https:\\\/\\\/gemeinsam-fuer-dernbach.de\\\/fr\",\"nextItem\":{\"@type\":\"ListItem\",\"@id\":\"https:\\\/\\\/gemeinsam-fuer-dernbach.de\\\/fr\\\/category\\\/neues-von-uns#listItem\",\"name\":\"Neues von uns\"}},{\"@type\":\"ListItem\",\"@id\":\"https:\\\/\\\/gemeinsam-fuer-dernbach.de\\\/fr\\\/category\\\/neues-von-uns#listItem\",\"position\":2,\"name\":\"Neues von uns\",\"item\":\"https:\\\/\\\/gemeinsam-fuer-dernbach.de\\\/fr\\\/category\\\/neues-von-uns\",\"nextItem\":{\"@type\":\"ListItem\",\"@id\":\"https:\\\/\\\/gemeinsam-fuer-dernbach.de\\\/fr\\\/gemeinsam-freude-schenken-herzliche-weihnachtsgruesse#listItem\",\"name\":\"Gemeinsam Freude schenken \\u2013 herzliche Weihnachtsgr\\u00fc\\u00dfe\"},\"previousItem\":{\"@type\":\"ListItem\",\"@id\":\"https:\\\/\\\/gemeinsam-fuer-dernbach.de\\\/fr#listItem\",\"name\":\"Home\"}},{\"@type\":\"ListItem\",\"@id\":\"https:\\\/\\\/gemeinsam-fuer-dernbach.de\\\/fr\\\/gemeinsam-freude-schenken-herzliche-weihnachtsgruesse#listItem\",\"position\":3,\"name\":\"Gemeinsam Freude schenken \\u2013 herzliche Weihnachtsgr\\u00fc\\u00dfe\",\"previousItem\":{\"@type\":\"ListItem\",\"@id\":\"https:\\\/\\\/gemeinsam-fuer-dernbach.de\\\/fr\\\/category\\\/neues-von-uns#listItem\",\"name\":\"Neues von uns\"}}]},{\"@type\":\"Organization\",\"@id\":\"https:\\\/\\\/gemeinsam-fuer-dernbach.de\\\/fr\\\/#organization\",\"name\":\"Gemeinsam f\\u00fcr Dernbach\",\"description\":\"Gemeinsam f\\u00fcr Dernbach - Website der W\\u00e4hlergruppe Jankowitsch\",\"url\":\"https:\\\/\\\/gemeinsam-fuer-dernbach.de\\\/fr\\\/\",\"logo\":{\"@type\":\"ImageObject\",\"url\":\"https:\\\/\\\/gemeinsam-fuer-dernbach.de\\\/wp-content\\\/uploads\\\/2024\\\/12\\\/cropped-Button.png\",\"@id\":\"https:\\\/\\\/gemeinsam-fuer-dernbach.de\\\/fr\\\/gemeinsam-freude-schenken-herzliche-weihnachtsgruesse\\\/#organizationLogo\",\"width\":512,\"height\":512,\"caption\":\"Gemeinsam f\\u00fcr Dernbach\"},\"image\":{\"@id\":\"https:\\\/\\\/gemeinsam-fuer-dernbach.de\\\/fr\\\/gemeinsam-freude-schenken-herzliche-weihnachtsgruesse\\\/#organizationLogo\"},\"sameAs\":[\"https:\\\/\\\/www.facebook.com\\\/gemeinsam.fuer.dernbach\\\/\",\"https:\\\/\\\/www.instagram.com\\\/gemeinsam_fuer_dernbach\\\/\"]},{\"@type\":\"Person\",\"@id\":\"https:\\\/\\\/gemeinsam-fuer-dernbach.de\\\/fr\\\/author\\\/gfd_manuel#author\",\"url\":\"https:\\\/\\\/gemeinsam-fuer-dernbach.de\\\/fr\\\/author\\\/gfd_manuel\",\"name\":\"GfD_Manuel\"},{\"@type\":\"WebPage\",\"@id\":\"https:\\\/\\\/gemeinsam-fuer-dernbach.de\\\/fr\\\/gemeinsam-freude-schenken-herzliche-weihnachtsgruesse#webpage\",\"url\":\"https:\\\/\\\/gemeinsam-fuer-dernbach.de\\\/fr\\\/gemeinsam-freude-schenken-herzliche-weihnachtsgruesse\",\"name\":\"Gemeinsam Freude schenken \\u2013 herzliche Weihnachtsgr\\u00fc\\u00dfe - Gemeinsam f\\u00fcr Dernbach\",\"description\":\"In der Adventszeit hat \\u201eGemeinsam f\\u00fcr Dernbach\\u201c eine besondere Aktion initiiert. B\\u00fcrgerinnen und B\\u00fcrger, Kinder aus Kindergarten und Grundschule sowie der F\\u00f6rderverein St. Josef und St. Agnes haben diese mit viel Herz und Einsatz zu einem echten Gemeinschaftsprojekt gemacht.\",\"inLanguage\":\"fr-FR\",\"isPartOf\":{\"@id\":\"https:\\\/\\\/gemeinsam-fuer-dernbach.de\\\/fr\\\/#website\"},\"breadcrumb\":{\"@id\":\"https:\\\/\\\/gemeinsam-fuer-dernbach.de\\\/fr\\\/gemeinsam-freude-schenken-herzliche-weihnachtsgruesse#breadcrumblist\"},\"author\":{\"@id\":\"https:\\\/\\\/gemeinsam-fuer-dernbach.de\\\/fr\\\/author\\\/gfd_manuel#author\"},\"creator\":{\"@id\":\"https:\\\/\\\/gemeinsam-fuer-dernbach.de\\\/fr\\\/author\\\/gfd_manuel#author\"},\"image\":{\"@type\":\"ImageObject\",\"url\":\"https:\\\/\\\/gemeinsam-fuer-dernbach.de\\\/wp-content\\\/uploads\\\/2025\\\/12\\\/Uebergabe-Seniorenzentrum-e1765919176128.jpg\",\"@id\":\"https:\\\/\\\/gemeinsam-fuer-dernbach.de\\\/fr\\\/gemeinsam-freude-schenken-herzliche-weihnachtsgruesse\\\/#mainImage\",\"width\":1536,\"height\":1700,\"caption\":\"Gemeinsam Freude schenken: Die \\u00dcbergabe der liebevoll gestalteten Weihnachtskarten und Basteleien an das Seniorenzentrum \\u2013 mit Heimleitung und dem Team von Gemeinsam f\\u00fcr Dernbach.\"},\"primaryImageOfPage\":{\"@id\":\"https:\\\/\\\/gemeinsam-fuer-dernbach.de\\\/fr\\\/gemeinsam-freude-schenken-herzliche-weihnachtsgruesse#mainImage\"},\"datePublished\":\"2025-12-16T21:56:35+01:00\",\"dateModified\":\"2025-12-16T22:18:10+01:00\"},{\"@type\":\"WebSite\",\"@id\":\"https:\\\/\\\/gemeinsam-fuer-dernbach.de\\\/fr\\\/#website\",\"url\":\"https:\\\/\\\/gemeinsam-fuer-dernbach.de\\\/fr\\\/\",\"name\":\"Gemeinsam f\\u00fcr Dernbach\",\"description\":\"Gemeinsam f\\u00fcr Dernbach - Website der W\\u00e4hlergruppe Jankowitsch\",\"inLanguage\":\"fr-FR\",\"publisher\":{\"@id\":\"https:\\\/\\\/gemeinsam-fuer-dernbach.de\\\/fr\\\/#organization\"}}]}\n\t\t<\/script>\n\t\t<!-- All in One SEO -->\n\n","aioseo_head_json":{"title":"Gemeinsam Freude schenken \u2013 herzliche Weihnachtsgr\u00fc\u00dfe - Gemeinsam f\u00fcr Dernbach","description":"In der Adventszeit hat \u201eGemeinsam f\u00fcr Dernbach\u201c eine besondere Aktion initiiert. B\u00fcrgerinnen und B\u00fcrger, Kinder aus Kindergarten und Grundschule sowie der F\u00f6rderverein St. Josef und St. Agnes haben diese mit viel Herz und Einsatz zu einem echten Gemeinschaftsprojekt gemacht.","canonical_url":"https:\/\/gemeinsam-fuer-dernbach.de\/fr\/gemeinsam-freude-schenken-herzliche-weihnachtsgruesse","robots":"max-image-preview:large","keywords":"","webmasterTools":{"miscellaneous":""},"schema":{"@context":"https:\/\/schema.org","@graph":[{"@type":"BlogPosting","@id":"https:\/\/gemeinsam-fuer-dernbach.de\/fr\/gemeinsam-freude-schenken-herzliche-weihnachtsgruesse#blogposting","name":"Gemeinsam Freude schenken \u2013 herzliche Weihnachtsgr\u00fc\u00dfe - Gemeinsam f\u00fcr Dernbach","headline":"Gemeinsam Freude schenken \u2013 herzliche Weihnachtsgr\u00fc\u00dfe","author":{"@id":"https:\/\/gemeinsam-fuer-dernbach.de\/fr\/author\/gfd_manuel#author"},"publisher":{"@id":"https:\/\/gemeinsam-fuer-dernbach.de\/fr\/#organization"},"image":{"@type":"ImageObject","url":"https:\/\/gemeinsam-fuer-dernbach.de\/wp-content\/uploads\/2025\/12\/Uebergabe-Seniorenzentrum-e1765919176128.jpg","width":1536,"height":1700,"caption":"Gemeinsam Freude schenken: Die \u00dcbergabe der liebevoll gestalteten Weihnachtskarten und Basteleien an das Seniorenzentrum \u2013 mit Heimleitung und dem Team von Gemeinsam f\u00fcr Dernbach."},"datePublished":"2025-12-16T21:56:35+01:00","dateModified":"2025-12-16T22:18:10+01:00","inLanguage":"fr-FR","mainEntityOfPage":{"@id":"https:\/\/gemeinsam-fuer-dernbach.de\/fr\/gemeinsam-freude-schenken-herzliche-weihnachtsgruesse#webpage"},"isPartOf":{"@id":"https:\/\/gemeinsam-fuer-dernbach.de\/fr\/gemeinsam-freude-schenken-herzliche-weihnachtsgruesse#webpage"},"articleSection":"Dorfleben, Neues von uns, Aktion, Seniorenzentrum, Weihnachten"},{"@type":"BreadcrumbList","@id":"https:\/\/gemeinsam-fuer-dernbach.de\/fr\/gemeinsam-freude-schenken-herzliche-weihnachtsgruesse#breadcrumblist","itemListElement":[{"@type":"ListItem","@id":"https:\/\/gemeinsam-fuer-dernbach.de\/fr#listItem","position":1,"name":"Home","item":"https:\/\/gemeinsam-fuer-dernbach.de\/fr","nextItem":{"@type":"ListItem","@id":"https:\/\/gemeinsam-fuer-dernbach.de\/fr\/category\/neues-von-uns#listItem","name":"Neues von uns"}},{"@type":"ListItem","@id":"https:\/\/gemeinsam-fuer-dernbach.de\/fr\/category\/neues-von-uns#listItem","position":2,"name":"Neues von uns","item":"https:\/\/gemeinsam-fuer-dernbach.de\/fr\/category\/neues-von-uns","nextItem":{"@type":"ListItem","@id":"https:\/\/gemeinsam-fuer-dernbach.de\/fr\/gemeinsam-freude-schenken-herzliche-weihnachtsgruesse#listItem","name":"Gemeinsam Freude schenken \u2013 herzliche Weihnachtsgr\u00fc\u00dfe"},"previousItem":{"@type":"ListItem","@id":"https:\/\/gemeinsam-fuer-dernbach.de\/fr#listItem","name":"Home"}},{"@type":"ListItem","@id":"https:\/\/gemeinsam-fuer-dernbach.de\/fr\/gemeinsam-freude-schenken-herzliche-weihnachtsgruesse#listItem","position":3,"name":"Gemeinsam Freude schenken \u2013 herzliche Weihnachtsgr\u00fc\u00dfe","previousItem":{"@type":"ListItem","@id":"https:\/\/gemeinsam-fuer-dernbach.de\/fr\/category\/neues-von-uns#listItem","name":"Neues von uns"}}]},{"@type":"Organization","@id":"https:\/\/gemeinsam-fuer-dernbach.de\/fr\/#organization","name":"Gemeinsam f\u00fcr Dernbach","description":"Gemeinsam f\u00fcr Dernbach - Website der W\u00e4hlergruppe Jankowitsch","url":"https:\/\/gemeinsam-fuer-dernbach.de\/fr\/","logo":{"@type":"ImageObject","url":"https:\/\/gemeinsam-fuer-dernbach.de\/wp-content\/uploads\/2024\/12\/cropped-Button.png","@id":"https:\/\/gemeinsam-fuer-dernbach.de\/fr\/gemeinsam-freude-schenken-herzliche-weihnachtsgruesse\/#organizationLogo","width":512,"height":512,"caption":"Gemeinsam f\u00fcr Dernbach"},"image":{"@id":"https:\/\/gemeinsam-fuer-dernbach.de\/fr\/gemeinsam-freude-schenken-herzliche-weihnachtsgruesse\/#organizationLogo"},"sameAs":["https:\/\/www.facebook.com\/gemeinsam.fuer.dernbach\/","https:\/\/www.instagram.com\/gemeinsam_fuer_dernbach\/"]},{"@type":"Person","@id":"https:\/\/gemeinsam-fuer-dernbach.de\/fr\/author\/gfd_manuel#author","url":"https:\/\/gemeinsam-fuer-dernbach.de\/fr\/author\/gfd_manuel","name":"GfD_Manuel"},{"@type":"WebPage","@id":"https:\/\/gemeinsam-fuer-dernbach.de\/fr\/gemeinsam-freude-schenken-herzliche-weihnachtsgruesse#webpage","url":"https:\/\/gemeinsam-fuer-dernbach.de\/fr\/gemeinsam-freude-schenken-herzliche-weihnachtsgruesse","name":"Gemeinsam Freude schenken \u2013 herzliche Weihnachtsgr\u00fc\u00dfe - Gemeinsam f\u00fcr Dernbach","description":"In der Adventszeit hat \u201eGemeinsam f\u00fcr Dernbach\u201c eine besondere Aktion initiiert. B\u00fcrgerinnen und B\u00fcrger, Kinder aus Kindergarten und Grundschule sowie der F\u00f6rderverein St. Josef und St. Agnes haben diese mit viel Herz und Einsatz zu einem echten Gemeinschaftsprojekt gemacht.","inLanguage":"fr-FR","isPartOf":{"@id":"https:\/\/gemeinsam-fuer-dernbach.de\/fr\/#website"},"breadcrumb":{"@id":"https:\/\/gemeinsam-fuer-dernbach.de\/fr\/gemeinsam-freude-schenken-herzliche-weihnachtsgruesse#breadcrumblist"},"author":{"@id":"https:\/\/gemeinsam-fuer-dernbach.de\/fr\/author\/gfd_manuel#author"},"creator":{"@id":"https:\/\/gemeinsam-fuer-dernbach.de\/fr\/author\/gfd_manuel#author"},"image":{"@type":"ImageObject","url":"https:\/\/gemeinsam-fuer-dernbach.de\/wp-content\/uploads\/2025\/12\/Uebergabe-Seniorenzentrum-e1765919176128.jpg","@id":"https:\/\/gemeinsam-fuer-dernbach.de\/fr\/gemeinsam-freude-schenken-herzliche-weihnachtsgruesse\/#mainImage","width":1536,"height":1700,"caption":"Gemeinsam Freude schenken: Die \u00dcbergabe der liebevoll gestalteten Weihnachtskarten und Basteleien an das Seniorenzentrum \u2013 mit Heimleitung und dem Team von Gemeinsam f\u00fcr Dernbach."},"primaryImageOfPage":{"@id":"https:\/\/gemeinsam-fuer-dernbach.de\/fr\/gemeinsam-freude-schenken-herzliche-weihnachtsgruesse#mainImage"},"datePublished":"2025-12-16T21:56:35+01:00","dateModified":"2025-12-16T22:18:10+01:00"},{"@type":"WebSite","@id":"https:\/\/gemeinsam-fuer-dernbach.de\/fr\/#website","url":"https:\/\/gemeinsam-fuer-dernbach.de\/fr\/","name":"Gemeinsam f\u00fcr Dernbach","description":"Gemeinsam f\u00fcr Dernbach - Website der W\u00e4hlergruppe Jankowitsch","inLanguage":"fr-FR","publisher":{"@id":"https:\/\/gemeinsam-fuer-dernbach.de\/fr\/#organization"}}]},"og:locale":"fr_FR","og:site_name":"Gemeinsam f\u00fcr Dernbach - Gemeinsam f\u00fcr Dernbach - Website der W\u00e4hlergruppe Jankowitsch","og:type":"article","og:title":"Gemeinsam Freude schenken \u2013 herzliche Weihnachtsgr\u00fc\u00dfe - Gemeinsam f\u00fcr Dernbach","og:description":"In der Adventszeit hat \u201eGemeinsam f\u00fcr Dernbach\u201c eine besondere Aktion initiiert. B\u00fcrgerinnen und B\u00fcrger, Kinder aus Kindergarten und Grundschule sowie der F\u00f6rderverein St. Josef und St. Agnes haben diese mit viel Herz und Einsatz zu einem echten Gemeinschaftsprojekt gemacht.","og:url":"https:\/\/gemeinsam-fuer-dernbach.de\/fr\/gemeinsam-freude-schenken-herzliche-weihnachtsgruesse","og:image":"https:\/\/gemeinsam-fuer-dernbach.de\/wp-content\/uploads\/2024\/12\/cropped-Button.png","og:image:secure_url":"https:\/\/gemeinsam-fuer-dernbach.de\/wp-content\/uploads\/2024\/12\/cropped-Button.png","og:image:width":512,"og:image:height":512,"article:published_time":"2025-12-16T20:56:35+00:00","article:modified_time":"2025-12-16T21:18:10+00:00","article:publisher":"https:\/\/www.facebook.com\/gemeinsam.fuer.dernbach\/","twitter:card":"summary_large_image","twitter:title":"Gemeinsam Freude schenken \u2013 herzliche Weihnachtsgr\u00fc\u00dfe - Gemeinsam f\u00fcr Dernbach","twitter:description":"In der Adventszeit hat \u201eGemeinsam f\u00fcr Dernbach\u201c eine besondere Aktion initiiert. B\u00fcrgerinnen und B\u00fcrger, Kinder aus Kindergarten und Grundschule sowie der F\u00f6rderverein St. Josef und St. Agnes haben diese mit viel Herz und Einsatz zu einem echten Gemeinschaftsprojekt gemacht.","twitter:image":"https:\/\/gemeinsam-fuer-dernbach.de\/wp-content\/uploads\/2024\/12\/cropped-Button.png"},"aioseo_meta_data":{"post_id":"1591","title":null,"description":null,"keywords":null,"keyphrases":{"focus":[],"additional":[]},"primary_term":null,"canonical_url":null,"og_title":null,"og_description":null,"og_object_type":"default","og_image_type":"default","og_image_url":null,"og_image_width":null,"og_image_height":null,"og_image_custom_url":null,"og_image_custom_fields":null,"og_video":"","og_custom_url":null,"og_article_section":null,"og_article_tags":null,"twitter_use_og":false,"twitter_card":"default","twitter_image_type":"default","twitter_image_url":null,"twitter_image_custom_url":null,"twitter_image_custom_fields":null,"twitter_title":null,"twitter_description":null,"schema":{"blockGraphs":[],"customGraphs":[],"default":{"data":{"Article":[],"Course":[],"Dataset":[],"FAQPage":[],"Movie":[],"Person":[],"Product":[],"ProductReview":[],"Car":[],"Recipe":[],"Service":[],"SoftwareApplication":[],"WebPage":[]},"graphName":"BlogPosting","isEnabled":true},"graphs":[]},"schema_type":"default","schema_type_options":null,"pillar_content":false,"robots_default":true,"robots_noindex":false,"robots_noarchive":false,"robots_nosnippet":false,"robots_nofollow":false,"robots_noimageindex":false,"robots_noodp":false,"robots_notranslate":false,"robots_max_snippet":"-1","robots_max_videopreview":"-1","robots_max_imagepreview":"large","priority":null,"frequency":"default","local_seo":null,"breadcrumb_settings":null,"limit_modified_date":false,"ai":{"faqs":[],"keyPoints":[],"titles":[],"descriptions":[],"socialPosts":{"email":[],"linkedin":[],"twitter":[],"facebook":[],"instagram":[]}},"created":"2025-12-16 20:56:38","updated":"2026-09-03 19:34:31","seo_analyzer_scan_date":null,"focus_keyword":null,"additional_keywords":null,"truseo_locale":null},"aioseo_breadcrumb":"<div class=\"aioseo-breadcrumbs\"><span class=\"aioseo-breadcrumb\">\n\t\t\t<a href=\"https:\/\/gemeinsam-fuer-dernbach.de\/fr\" title=\"Home\">Home<\/a>\n\t\t<\/span><span class=\"aioseo-breadcrumb-separator\">&raquo;<\/span><span class=\"aioseo-breadcrumb\">\n\t\t\t<a href=\"https:\/\/gemeinsam-fuer-dernbach.de\/fr\/category\/neues-von-uns\" title=\"Neues von uns\">Neues von uns<\/a>\n\t\t<\/span><span class=\"aioseo-breadcrumb-separator\">&raquo;<\/span><span class=\"aioseo-breadcrumb\">\n\t\t\tGemeinsam Freude schenken \u2013 herzliche Weihnachtsgr\u00fc\u00dfe\n\t\t<\/span><\/div>","aioseo_breadcrumb_json":[{"label":"Home","link":"https:\/\/gemeinsam-fuer-dernbach.de\/fr"},{"label":"Neues von uns","link":"https:\/\/gemeinsam-fuer-dernbach.de\/fr\/category\/neues-von-uns"},{"label":"Gemeinsam Freude schenken \u2013 herzliche Weihnachtsgr\u00fc\u00dfe","link":"https:\/\/gemeinsam-fuer-dernbach.de\/fr\/gemeinsam-freude-schenken-herzliche-weihnachtsgruesse"}],"_links":{"self":[{"href":"https:\/\/gemeinsam-fuer-dernbach.de\/fr\/wp-json\/wp\/v2\/posts\/1591","targetHints":{"allow":["GET"]}}],"collection":[{"href":"https:\/\/gemeinsam-fuer-dernbach.de\/fr\/wp-json\/wp\/v2\/posts"}],"about":[{"href":"https:\/\/gemeinsam-fuer-dernbach.de\/fr\/wp-json\/wp\/v2\/types\/post"}],"author":[{"embeddable":true,"href":"https:\/\/gemeinsam-fuer-dernbach.de\/fr\/wp-json\/wp\/v2\/users\/2"}],"replies":[{"embeddable":true,"href":"https:\/\/gemeinsam-fuer-dernbach.de\/fr\/wp-json\/wp\/v2\/comments?post=1591"}],"version-history":[{"count":6,"href":"https:\/\/gemeinsam-fuer-dernbach.de\/fr\/wp-json\/wp\/v2\/posts\/1591\/revisions"}],"predecessor-version":[{"id":1603,"href":"https:\/\/gemeinsam-fuer-dernbach.de\/fr\/wp-json\/wp\/v2\/posts\/1591\/revisions\/1603"}],"wp:featuredmedia":[{"embeddable":true,"href":"https:\/\/gemeinsam-fuer-dernbach.de\/fr\/wp-json\/wp\/v2\/media\/1592"}],"wp:attachment":[{"href":"https:\/\/gemeinsam-fuer-dernbach.de\/fr\/wp-json\/wp\/v2\/media?parent=1591"}],"wp:term":[{"taxonomy":"category","embeddable":true,"href":"https:\/\/gemeinsam-fuer-dernbach.de\/fr\/wp-json\/wp\/v2\/categories?post=1591"},{"taxonomy":"post_tag","embeddable":true,"href":"https:\/\/gemeinsam-fuer-dernbach.de\/fr\/wp-json\/wp\/v2\/tags?post=1591"}],"curies":[{"name":"wp","href":"https:\/\/api.w.org\/{rel}","templated":true}]}}