{"id":340,"date":"2024-02-03T11:45:26","date_gmt":"2024-02-03T10:45:26","guid":{"rendered":"https:\/\/gemeinsam-fuer-dernbach.de\/?p=340"},"modified":"2025-03-07T20:12:32","modified_gmt":"2025-03-07T19:12:32","slug":"neue-buergerliste-stellt-sich-in-dernbach-auf","status":"publish","type":"post","link":"https:\/\/gemeinsam-fuer-dernbach.de\/fr\/neue-buergerliste-stellt-sich-in-dernbach-auf","title":{"rendered":"Une nouvelle liste de citoyens s'\u00e9tablit \u00e0 Dernbach"},"content":{"rendered":"<p class=\"wp-block-paragraph\"><style>\/*! elementor - v3.19.0 - 29-01-2024 *\/<br \/>\n.elementor-widget-image{text-align:center}.elementor-widget-image a{display:inline-block}.elementor-widget-image a img[src$=\".svg\"]{width:48px}.elementor-widget-image img{vertical-align:middle;display:inline-block}<\/style><\/p>\n\n\n\n<figure class=\"wp-block-image\"><img decoding=\"async\" src=\"https:\/\/gemeinsam-fuer-dernbach.de\/wp-content\/uploads\/2024\/02\/Aufstellungsversammlung24012024_3.jpeg\" alt=\"\"\/><figcaption class=\"wp-element-caption\">Andreas Pandorf, J\u00fcrgen Heckenbach, Torsten Greinert, Frank K\u00f6hn, Silke Jankowitsch, Stefan G\u00f6rg, Roswitha K\u00e4stner, Stefan Heinz, Alessa Bode, Dr. Manuel Misgeld, Cosimo Jankowitsch (de gauche \u00e0 droite), pas sur la photo: Daniel Jung et Gebhardt Schmidt<\/figcaption><\/figure>\n\n\n\n<p class=\"wp-block-paragraph\">Une bonne soixantaine de participants engag\u00e9s vivaient dans la d\u00e9mocratie de base et \u00e9lisaient treize candidats pour l'\u00e9lection du conseil communal.<\/p>\n\n\n\n<p class=\"wp-block-paragraph\">C'\u00e9tait une premi\u00e8re pour le village: Plus de 60 citoyennes et citoyens se sont retrouv\u00e9s le 24 janvier \u00e0 Dernbach pour une r\u00e9union de mise en place tr\u00e8s attendue. Ils ont d\u00e9sign\u00e9 les candidats \u00e0 l\u2019\u00e9lectorat ouvert \u00abEnsemble pour Dernbach\u00bb. L'assembl\u00e9e a propos\u00e9 Cosimo Iankovitch comme candidat \u00e0 la mairie. Il a \u00e9t\u00e9 d\u00e9sign\u00e9 \u00e0 la premi\u00e8re place de la liste \u00e9lectorale, dont il portera ainsi le nom de famille.<\/p>\n\n\n\n<p class=\"wp-block-paragraph\">Apr\u00e8s l'accueil des participants par C. Iankovitch, le maire de Kroppach, Michael Birk, a guid\u00e9 l'ordre du jour en tant que chef de l'assembl\u00e9e comp\u00e9tent et neutre et a veill\u00e9 au d\u00e9roulement r\u00e9gulier. Lors de l'assembl\u00e9e, des candidats ont \u00e9t\u00e9 nomm\u00e9s, qui se sont pr\u00e9sent\u00e9s en personne. Par la suite, le cercle des participants a confirm\u00e9 tous les candidats lors d'une \u00e9lection secr\u00e8te, \u00e9gale et imm\u00e9diate. Vous aurez ainsi la possibilit\u00e9 de repr\u00e9senter la citoyennet\u00e9 au sein du conseil municipal. M. Iankovitch remercie les participants: \u00abLes 60 personnes pr\u00e9sentes, qui ont particip\u00e9 activement \u00e0 ce processus d\u00e9mocratique, ont donn\u00e9 le signal de la renaissance de la communaut\u00e9 politique \u00e0 Dernbach. Tout le monde a contribu\u00e9 \u00e0 cr\u00e9er une atmosph\u00e8re respectueuse et confiante. C\u2019est pr\u00e9cis\u00e9ment en ces temps que je suis enthousiasm\u00e9 par la mani\u00e8re dont les citoyens engag\u00e9s s\u2019engagent en faveur de la d\u00e9mocratie et la vivent.\u00bb<\/p>\n\n\n\n<p class=\"wp-block-paragraph\">Les autres candidates et candidats sont d'accord et soulignent qu'ils veulent apporter un vent de fra\u00eecheur au conseil communal. Enfin, ils se compl\u00e8tent par un large \u00e9ventail d'exp\u00e9riences, d'expertises et de perspectives. Leur diversit\u00e9 refl\u00e8te le m\u00e9lange color\u00e9 de la commune de Dernbach et promet une repr\u00e9sentation tourn\u00e9e vers l'avenir et inclusive. Ainsi, la \u00abliste Iankovitch\u00bb est cens\u00e9e offrir un choix r\u00e9el et d\u00e9mocratique au Conseil municipal le 9 juin, o\u00f9 seule une liste de la CDU est repr\u00e9sent\u00e9e jusqu\u2019\u00e0 pr\u00e9sent.<\/p>\n\n\n\n<p class=\"wp-block-paragraph\">Pour \u00abEnsemble pour Dernbach\u00bb, l\u2019assembl\u00e9e marque le coup d\u2019envoi officiel de la promotion de ses id\u00e9es d\u2019un Dernbach durable. Les candidates et candidats \u00e9lus se r\u00e9jouissent d'entamer un dialogue intensif avec les citoyennes et les citoyens au cours des prochains mois sur les visions et les id\u00e9es avec lesquelles ils souhaitent fa\u00e7onner ensemble un Dernbach digne d'\u00eatre v\u00e9cu \u00e0 l'avenir.<\/p>\n\n\n\n<p class=\"wp-block-paragraph\">Pour plus d'informations et de questions, les candidats \u00e9lus sont \u00e0 votre disposition.<\/p>","protected":false},"excerpt":{"rendered":"<p>Une soixantaine de participants engag\u00e9s vivaient dans la d\u00e9mocratie de base et ont \u00e9lu 13 candidats pour l'\u00e9lection du conseil municipal. C'\u00e9tait une premi\u00e8re pour le village: Une soixantaine de personnes se sont retrouv\u00e9es [...]<\/p>","protected":false},"author":1,"featured_media":0,"comment_status":"closed","ping_status":"open","sticky":false,"template":"","format":"standard","meta":{"_price":"","_stock":"","_tribe_ticket_header":"","_tribe_default_ticket_provider":"","_tribe_ticket_capacity":"0","_ticket_start_date":"","_ticket_end_date":"","_tribe_ticket_show_description":"","_tribe_ticket_show_not_going":false,"_tribe_ticket_use_global_stock":"","_tribe_ticket_global_stock_level":"","_global_stock_mode":"","_global_stock_cap":"","_tribe_rsvp_for_event":"","_tribe_ticket_going_count":"","_tribe_ticket_not_going_count":"","_tribe_tickets_list":"[]","_tribe_ticket_has_attendee_info_fields":false,"_EventAllDay":false,"_EventTimezone":"","_EventStartDate":"","_EventEndDate":"","_EventStartDateUTC":"","_EventEndDateUTC":"","_EventShowMap":false,"_EventShowMapLink":false,"_EventURL":"","_EventCost":"","_EventCostDescription":"","_EventCurrencySymbol":"","_EventCurrencyCode":"","_EventCurrencyPosition":"","_EventDateTimeSeparator":"","_EventTimeRangeSeparator":"","_EventOrganizerID":[],"_EventVenueID":[],"_OrganizerEmail":"","_OrganizerPhone":"","_OrganizerWebsite":"","_VenueAddress":"","_VenueCity":"","_VenueCountry":"","_VenueProvince":"","_VenueState":"","_VenueZip":"","_VenuePhone":"","_VenueURL":"","_VenueStateProvince":"","_VenueLat":"","_VenueLng":"","_VenueShowMap":false,"_VenueShowMapLink":false,"footnotes":""},"categories":[9],"tags":[],"class_list":["post-340","post","type-post","status-publish","format-standard","hentry","category-neues-von-uns"],"aioseo_notices":[],"aioseo_head":"\n\t\t<!-- All in One SEO 5.0.1.1 - aioseo.com -->\n\t<meta name=\"description\" content=\"Gut 60 engagierte Teilnehmende lebten Basisdemokratie und w\u00e4hlten 13 Kandierende f\u00fcr die Wahl des Gemeinderats. Es war eine Premiere f\u00fcr das Dorf: Gut 60 B\u00fcrgerinnen und B\u00fcrger fanden sich am 24. Januar in Dernbach zu einer mit Spannung erwarteten Aufstellungsversammlung ein. Sie bestimmten, wer f\u00fcr die offene W\u00e4hlergemeinschaft \u201eGemeinsam f\u00fcr Dernbach\u201c kandidiert. Die Versammlung schlug\" \/>\n\t<meta name=\"robots\" content=\"max-image-preview:large\" \/>\n\t<meta name=\"author\" content=\"GfD_Admin\"\/>\n\t<link rel=\"canonical\" href=\"https:\/\/gemeinsam-fuer-dernbach.de\/fr\/neue-buergerliste-stellt-sich-in-dernbach-auf\" \/>\n\t<meta name=\"generator\" content=\"All in One SEO (AIOSEO) 5.0.1.1\" \/>\n\t\t<meta property=\"og:locale\" content=\"fr_FR\" \/>\n\t\t<meta property=\"og:site_name\" content=\"Gemeinsam f\u00fcr Dernbach - Gemeinsam f\u00fcr Dernbach - Website der W\u00e4hlergruppe Jankowitsch\" \/>\n\t\t<meta property=\"og:type\" content=\"article\" \/>\n\t\t<meta property=\"og:title\" content=\"Neue B\u00fcrgerliste stellt sich in Dernbach auf - Gemeinsam f\u00fcr Dernbach\" \/>\n\t\t<meta property=\"og:description\" content=\"Gut 60 engagierte Teilnehmende lebten Basisdemokratie und w\u00e4hlten 13 Kandierende f\u00fcr die Wahl des Gemeinderats. Es war eine Premiere f\u00fcr das Dorf: Gut 60 B\u00fcrgerinnen und B\u00fcrger fanden sich am 24. Januar in Dernbach zu einer mit Spannung erwarteten Aufstellungsversammlung ein. Sie bestimmten, wer f\u00fcr die offene W\u00e4hlergemeinschaft \u201eGemeinsam f\u00fcr Dernbach\u201c kandidiert. Die Versammlung schlug\" \/>\n\t\t<meta property=\"og:url\" content=\"https:\/\/gemeinsam-fuer-dernbach.de\/fr\/neue-buergerliste-stellt-sich-in-dernbach-auf\" \/>\n\t\t<meta property=\"og:image\" content=\"https:\/\/gemeinsam-fuer-dernbach.de\/wp-content\/uploads\/2024\/12\/cropped-Button.png\" \/>\n\t\t<meta property=\"og:image:secure_url\" content=\"https:\/\/gemeinsam-fuer-dernbach.de\/wp-content\/uploads\/2024\/12\/cropped-Button.png\" \/>\n\t\t<meta property=\"og:image:width\" content=\"512\" \/>\n\t\t<meta property=\"og:image:height\" content=\"512\" \/>\n\t\t<meta property=\"article:published_time\" content=\"2024-02-03T10:45:26+00:00\" \/>\n\t\t<meta property=\"article:modified_time\" content=\"2025-03-07T19:12:32+00:00\" \/>\n\t\t<meta property=\"article:publisher\" content=\"https:\/\/www.facebook.com\/gemeinsam.fuer.dernbach\/\" \/>\n\t\t<meta name=\"twitter:card\" content=\"summary_large_image\" \/>\n\t\t<meta name=\"twitter:title\" content=\"Neue B\u00fcrgerliste stellt sich in Dernbach auf - Gemeinsam f\u00fcr Dernbach\" \/>\n\t\t<meta name=\"twitter:description\" content=\"Gut 60 engagierte Teilnehmende lebten Basisdemokratie und w\u00e4hlten 13 Kandierende f\u00fcr die Wahl des Gemeinderats. Es war eine Premiere f\u00fcr das Dorf: Gut 60 B\u00fcrgerinnen und B\u00fcrger fanden sich am 24. Januar in Dernbach zu einer mit Spannung erwarteten Aufstellungsversammlung ein. Sie bestimmten, wer f\u00fcr die offene W\u00e4hlergemeinschaft \u201eGemeinsam f\u00fcr Dernbach\u201c kandidiert. Die Versammlung schlug\" \/>\n\t\t<meta name=\"twitter:image\" content=\"https:\/\/gemeinsam-fuer-dernbach.de\/wp-content\/uploads\/2024\/12\/cropped-Button.png\" \/>\n\t\t<script type=\"application\/ld+json\" class=\"aioseo-schema\">\n\t\t\t{\"@context\":\"https:\\\/\\\/schema.org\",\"@graph\":[{\"@type\":\"BlogPosting\",\"@id\":\"https:\\\/\\\/gemeinsam-fuer-dernbach.de\\\/fr\\\/neue-buergerliste-stellt-sich-in-dernbach-auf#blogposting\",\"name\":\"Neue B\\u00fcrgerliste stellt sich in Dernbach auf - Gemeinsam f\\u00fcr Dernbach\",\"headline\":\"Neue B\\u00fcrgerliste stellt sich in Dernbach auf\",\"author\":{\"@id\":\"https:\\\/\\\/gemeinsam-fuer-dernbach.de\\\/fr\\\/author\\\/gfd_admin#author\"},\"publisher\":{\"@id\":\"https:\\\/\\\/gemeinsam-fuer-dernbach.de\\\/fr\\\/#organization\"},\"image\":{\"@type\":\"ImageObject\",\"url\":\"https:\\\/\\\/gemeinsam-fuer-dernbach.de\\\/wp-content\\\/uploads\\\/2024\\\/02\\\/Aufstellungsversammlung24012024_3.jpeg\",\"@id\":\"https:\\\/\\\/gemeinsam-fuer-dernbach.de\\\/fr\\\/neue-buergerliste-stellt-sich-in-dernbach-auf\\\/#articleImage\",\"width\":688,\"height\":325,\"caption\":\"Andreas Pandorf, J\\u00fcrgen Heckenbach, Torsten Greinert, Frank K\\u00f6hn, Silke Jankowitsch, Stefan G\\u00f6rg, Roswitha K\\u00e4stner, Stefan Heinz, Alessa Bode, Dr. Manuel Misgeld, Cosimo Jankowitsch (von links nach rechts), nicht im Bild: Daniel Jung, Gebhardt Schmidt\"},\"datePublished\":\"2024-02-03T11:45:26+01:00\",\"dateModified\":\"2025-03-07T20:12:32+01:00\",\"inLanguage\":\"fr-FR\",\"mainEntityOfPage\":{\"@id\":\"https:\\\/\\\/gemeinsam-fuer-dernbach.de\\\/fr\\\/neue-buergerliste-stellt-sich-in-dernbach-auf#webpage\"},\"isPartOf\":{\"@id\":\"https:\\\/\\\/gemeinsam-fuer-dernbach.de\\\/fr\\\/neue-buergerliste-stellt-sich-in-dernbach-auf#webpage\"},\"articleSection\":\"Neues von uns\"},{\"@type\":\"BreadcrumbList\",\"@id\":\"https:\\\/\\\/gemeinsam-fuer-dernbach.de\\\/fr\\\/neue-buergerliste-stellt-sich-in-dernbach-auf#breadcrumblist\",\"itemListElement\":[{\"@type\":\"ListItem\",\"@id\":\"https:\\\/\\\/gemeinsam-fuer-dernbach.de\\\/fr#listItem\",\"position\":1,\"name\":\"Home\",\"item\":\"https:\\\/\\\/gemeinsam-fuer-dernbach.de\\\/fr\",\"nextItem\":{\"@type\":\"ListItem\",\"@id\":\"https:\\\/\\\/gemeinsam-fuer-dernbach.de\\\/fr\\\/category\\\/neues-von-uns#listItem\",\"name\":\"Neues von uns\"}},{\"@type\":\"ListItem\",\"@id\":\"https:\\\/\\\/gemeinsam-fuer-dernbach.de\\\/fr\\\/category\\\/neues-von-uns#listItem\",\"position\":2,\"name\":\"Neues von uns\",\"item\":\"https:\\\/\\\/gemeinsam-fuer-dernbach.de\\\/fr\\\/category\\\/neues-von-uns\",\"nextItem\":{\"@type\":\"ListItem\",\"@id\":\"https:\\\/\\\/gemeinsam-fuer-dernbach.de\\\/fr\\\/neue-buergerliste-stellt-sich-in-dernbach-auf#listItem\",\"name\":\"Neue B\\u00fcrgerliste stellt sich in Dernbach auf\"},\"previousItem\":{\"@type\":\"ListItem\",\"@id\":\"https:\\\/\\\/gemeinsam-fuer-dernbach.de\\\/fr#listItem\",\"name\":\"Home\"}},{\"@type\":\"ListItem\",\"@id\":\"https:\\\/\\\/gemeinsam-fuer-dernbach.de\\\/fr\\\/neue-buergerliste-stellt-sich-in-dernbach-auf#listItem\",\"position\":3,\"name\":\"Neue B\\u00fcrgerliste stellt sich in Dernbach auf\",\"previousItem\":{\"@type\":\"ListItem\",\"@id\":\"https:\\\/\\\/gemeinsam-fuer-dernbach.de\\\/fr\\\/category\\\/neues-von-uns#listItem\",\"name\":\"Neues von uns\"}}]},{\"@type\":\"Organization\",\"@id\":\"https:\\\/\\\/gemeinsam-fuer-dernbach.de\\\/fr\\\/#organization\",\"name\":\"Gemeinsam f\\u00fcr Dernbach\",\"description\":\"Gemeinsam f\\u00fcr Dernbach - Website der W\\u00e4hlergruppe Jankowitsch\",\"url\":\"https:\\\/\\\/gemeinsam-fuer-dernbach.de\\\/fr\\\/\",\"logo\":{\"@type\":\"ImageObject\",\"url\":\"https:\\\/\\\/gemeinsam-fuer-dernbach.de\\\/wp-content\\\/uploads\\\/2024\\\/12\\\/cropped-Button.png\",\"@id\":\"https:\\\/\\\/gemeinsam-fuer-dernbach.de\\\/fr\\\/neue-buergerliste-stellt-sich-in-dernbach-auf\\\/#organizationLogo\",\"width\":512,\"height\":512,\"caption\":\"Gemeinsam f\\u00fcr Dernbach\"},\"image\":{\"@id\":\"https:\\\/\\\/gemeinsam-fuer-dernbach.de\\\/fr\\\/neue-buergerliste-stellt-sich-in-dernbach-auf\\\/#organizationLogo\"},\"sameAs\":[\"https:\\\/\\\/www.facebook.com\\\/gemeinsam.fuer.dernbach\\\/\",\"https:\\\/\\\/www.instagram.com\\\/gemeinsam_fuer_dernbach\\\/\"]},{\"@type\":\"Person\",\"@id\":\"https:\\\/\\\/gemeinsam-fuer-dernbach.de\\\/fr\\\/author\\\/gfd_admin#author\",\"url\":\"https:\\\/\\\/gemeinsam-fuer-dernbach.de\\\/fr\\\/author\\\/gfd_admin\",\"name\":\"GfD_Admin\"},{\"@type\":\"WebPage\",\"@id\":\"https:\\\/\\\/gemeinsam-fuer-dernbach.de\\\/fr\\\/neue-buergerliste-stellt-sich-in-dernbach-auf#webpage\",\"url\":\"https:\\\/\\\/gemeinsam-fuer-dernbach.de\\\/fr\\\/neue-buergerliste-stellt-sich-in-dernbach-auf\",\"name\":\"Neue B\\u00fcrgerliste stellt sich in Dernbach auf - Gemeinsam f\\u00fcr Dernbach\",\"description\":\"Gut 60 engagierte Teilnehmende lebten Basisdemokratie und w\\u00e4hlten 13 Kandierende f\\u00fcr die Wahl des Gemeinderats. Es war eine Premiere f\\u00fcr das Dorf: Gut 60 B\\u00fcrgerinnen und B\\u00fcrger fanden sich am 24. Januar in Dernbach zu einer mit Spannung erwarteten Aufstellungsversammlung ein. Sie bestimmten, wer f\\u00fcr die offene W\\u00e4hlergemeinschaft \\u201eGemeinsam f\\u00fcr Dernbach\\u201c kandidiert. Die Versammlung schlug\",\"inLanguage\":\"fr-FR\",\"isPartOf\":{\"@id\":\"https:\\\/\\\/gemeinsam-fuer-dernbach.de\\\/fr\\\/#website\"},\"breadcrumb\":{\"@id\":\"https:\\\/\\\/gemeinsam-fuer-dernbach.de\\\/fr\\\/neue-buergerliste-stellt-sich-in-dernbach-auf#breadcrumblist\"},\"author\":{\"@id\":\"https:\\\/\\\/gemeinsam-fuer-dernbach.de\\\/fr\\\/author\\\/gfd_admin#author\"},\"creator\":{\"@id\":\"https:\\\/\\\/gemeinsam-fuer-dernbach.de\\\/fr\\\/author\\\/gfd_admin#author\"},\"datePublished\":\"2024-02-03T11:45:26+01:00\",\"dateModified\":\"2025-03-07T20:12:32+01:00\"},{\"@type\":\"WebSite\",\"@id\":\"https:\\\/\\\/gemeinsam-fuer-dernbach.de\\\/fr\\\/#website\",\"url\":\"https:\\\/\\\/gemeinsam-fuer-dernbach.de\\\/fr\\\/\",\"name\":\"Gemeinsam f\\u00fcr Dernbach\",\"description\":\"Gemeinsam f\\u00fcr Dernbach - Website der W\\u00e4hlergruppe Jankowitsch\",\"inLanguage\":\"fr-FR\",\"publisher\":{\"@id\":\"https:\\\/\\\/gemeinsam-fuer-dernbach.de\\\/fr\\\/#organization\"}}]}\n\t\t<\/script>\n\t\t<!-- All in One SEO -->\n\n","aioseo_head_json":{"title":"Neue B\u00fcrgerliste stellt sich in Dernbach auf - Gemeinsam f\u00fcr Dernbach","description":"Gut 60 engagierte Teilnehmende lebten Basisdemokratie und w\u00e4hlten 13 Kandierende f\u00fcr die Wahl des Gemeinderats. Es war eine Premiere f\u00fcr das Dorf: Gut 60 B\u00fcrgerinnen und B\u00fcrger fanden sich am 24. Januar in Dernbach zu einer mit Spannung erwarteten Aufstellungsversammlung ein. Sie bestimmten, wer f\u00fcr die offene W\u00e4hlergemeinschaft \u201eGemeinsam f\u00fcr Dernbach\u201c kandidiert. Die Versammlung schlug","canonical_url":"https:\/\/gemeinsam-fuer-dernbach.de\/fr\/neue-buergerliste-stellt-sich-in-dernbach-auf","robots":"max-image-preview:large","keywords":"","webmasterTools":{"miscellaneous":""},"schema":{"@context":"https:\/\/schema.org","@graph":[{"@type":"BlogPosting","@id":"https:\/\/gemeinsam-fuer-dernbach.de\/fr\/neue-buergerliste-stellt-sich-in-dernbach-auf#blogposting","name":"Neue B\u00fcrgerliste stellt sich in Dernbach auf - Gemeinsam f\u00fcr Dernbach","headline":"Neue B\u00fcrgerliste stellt sich in Dernbach auf","author":{"@id":"https:\/\/gemeinsam-fuer-dernbach.de\/fr\/author\/gfd_admin#author"},"publisher":{"@id":"https:\/\/gemeinsam-fuer-dernbach.de\/fr\/#organization"},"image":{"@type":"ImageObject","url":"https:\/\/gemeinsam-fuer-dernbach.de\/wp-content\/uploads\/2024\/02\/Aufstellungsversammlung24012024_3.jpeg","@id":"https:\/\/gemeinsam-fuer-dernbach.de\/fr\/neue-buergerliste-stellt-sich-in-dernbach-auf\/#articleImage","width":688,"height":325,"caption":"Andreas Pandorf, J\u00fcrgen Heckenbach, Torsten Greinert, Frank K\u00f6hn, Silke Jankowitsch, Stefan G\u00f6rg, Roswitha K\u00e4stner, Stefan Heinz, Alessa Bode, Dr. Manuel Misgeld, Cosimo Jankowitsch (von links nach rechts), nicht im Bild: Daniel Jung, Gebhardt Schmidt"},"datePublished":"2024-02-03T11:45:26+01:00","dateModified":"2025-03-07T20:12:32+01:00","inLanguage":"fr-FR","mainEntityOfPage":{"@id":"https:\/\/gemeinsam-fuer-dernbach.de\/fr\/neue-buergerliste-stellt-sich-in-dernbach-auf#webpage"},"isPartOf":{"@id":"https:\/\/gemeinsam-fuer-dernbach.de\/fr\/neue-buergerliste-stellt-sich-in-dernbach-auf#webpage"},"articleSection":"Neues von uns"},{"@type":"BreadcrumbList","@id":"https:\/\/gemeinsam-fuer-dernbach.de\/fr\/neue-buergerliste-stellt-sich-in-dernbach-auf#breadcrumblist","itemListElement":[{"@type":"ListItem","@id":"https:\/\/gemeinsam-fuer-dernbach.de\/fr#listItem","position":1,"name":"Home","item":"https:\/\/gemeinsam-fuer-dernbach.de\/fr","nextItem":{"@type":"ListItem","@id":"https:\/\/gemeinsam-fuer-dernbach.de\/fr\/category\/neues-von-uns#listItem","name":"Neues von uns"}},{"@type":"ListItem","@id":"https:\/\/gemeinsam-fuer-dernbach.de\/fr\/category\/neues-von-uns#listItem","position":2,"name":"Neues von uns","item":"https:\/\/gemeinsam-fuer-dernbach.de\/fr\/category\/neues-von-uns","nextItem":{"@type":"ListItem","@id":"https:\/\/gemeinsam-fuer-dernbach.de\/fr\/neue-buergerliste-stellt-sich-in-dernbach-auf#listItem","name":"Neue B\u00fcrgerliste stellt sich in Dernbach auf"},"previousItem":{"@type":"ListItem","@id":"https:\/\/gemeinsam-fuer-dernbach.de\/fr#listItem","name":"Home"}},{"@type":"ListItem","@id":"https:\/\/gemeinsam-fuer-dernbach.de\/fr\/neue-buergerliste-stellt-sich-in-dernbach-auf#listItem","position":3,"name":"Neue B\u00fcrgerliste stellt sich in Dernbach auf","previousItem":{"@type":"ListItem","@id":"https:\/\/gemeinsam-fuer-dernbach.de\/fr\/category\/neues-von-uns#listItem","name":"Neues von uns"}}]},{"@type":"Organization","@id":"https:\/\/gemeinsam-fuer-dernbach.de\/fr\/#organization","name":"Gemeinsam f\u00fcr Dernbach","description":"Gemeinsam f\u00fcr Dernbach - Website der W\u00e4hlergruppe Jankowitsch","url":"https:\/\/gemeinsam-fuer-dernbach.de\/fr\/","logo":{"@type":"ImageObject","url":"https:\/\/gemeinsam-fuer-dernbach.de\/wp-content\/uploads\/2024\/12\/cropped-Button.png","@id":"https:\/\/gemeinsam-fuer-dernbach.de\/fr\/neue-buergerliste-stellt-sich-in-dernbach-auf\/#organizationLogo","width":512,"height":512,"caption":"Gemeinsam f\u00fcr Dernbach"},"image":{"@id":"https:\/\/gemeinsam-fuer-dernbach.de\/fr\/neue-buergerliste-stellt-sich-in-dernbach-auf\/#organizationLogo"},"sameAs":["https:\/\/www.facebook.com\/gemeinsam.fuer.dernbach\/","https:\/\/www.instagram.com\/gemeinsam_fuer_dernbach\/"]},{"@type":"Person","@id":"https:\/\/gemeinsam-fuer-dernbach.de\/fr\/author\/gfd_admin#author","url":"https:\/\/gemeinsam-fuer-dernbach.de\/fr\/author\/gfd_admin","name":"GfD_Admin"},{"@type":"WebPage","@id":"https:\/\/gemeinsam-fuer-dernbach.de\/fr\/neue-buergerliste-stellt-sich-in-dernbach-auf#webpage","url":"https:\/\/gemeinsam-fuer-dernbach.de\/fr\/neue-buergerliste-stellt-sich-in-dernbach-auf","name":"Neue B\u00fcrgerliste stellt sich in Dernbach auf - Gemeinsam f\u00fcr Dernbach","description":"Gut 60 engagierte Teilnehmende lebten Basisdemokratie und w\u00e4hlten 13 Kandierende f\u00fcr die Wahl des Gemeinderats. Es war eine Premiere f\u00fcr das Dorf: Gut 60 B\u00fcrgerinnen und B\u00fcrger fanden sich am 24. Januar in Dernbach zu einer mit Spannung erwarteten Aufstellungsversammlung ein. Sie bestimmten, wer f\u00fcr die offene W\u00e4hlergemeinschaft \u201eGemeinsam f\u00fcr Dernbach\u201c kandidiert. Die Versammlung schlug","inLanguage":"fr-FR","isPartOf":{"@id":"https:\/\/gemeinsam-fuer-dernbach.de\/fr\/#website"},"breadcrumb":{"@id":"https:\/\/gemeinsam-fuer-dernbach.de\/fr\/neue-buergerliste-stellt-sich-in-dernbach-auf#breadcrumblist"},"author":{"@id":"https:\/\/gemeinsam-fuer-dernbach.de\/fr\/author\/gfd_admin#author"},"creator":{"@id":"https:\/\/gemeinsam-fuer-dernbach.de\/fr\/author\/gfd_admin#author"},"datePublished":"2024-02-03T11:45:26+01:00","dateModified":"2025-03-07T20:12:32+01:00"},{"@type":"WebSite","@id":"https:\/\/gemeinsam-fuer-dernbach.de\/fr\/#website","url":"https:\/\/gemeinsam-fuer-dernbach.de\/fr\/","name":"Gemeinsam f\u00fcr Dernbach","description":"Gemeinsam f\u00fcr Dernbach - Website der W\u00e4hlergruppe Jankowitsch","inLanguage":"fr-FR","publisher":{"@id":"https:\/\/gemeinsam-fuer-dernbach.de\/fr\/#organization"}}]},"og:locale":"fr_FR","og:site_name":"Gemeinsam f\u00fcr Dernbach - Gemeinsam f\u00fcr Dernbach - Website der W\u00e4hlergruppe Jankowitsch","og:type":"article","og:title":"Neue B\u00fcrgerliste stellt sich in Dernbach auf - Gemeinsam f\u00fcr Dernbach","og:description":"Gut 60 engagierte Teilnehmende lebten Basisdemokratie und w\u00e4hlten 13 Kandierende f\u00fcr die Wahl des Gemeinderats. Es war eine Premiere f\u00fcr das Dorf: Gut 60 B\u00fcrgerinnen und B\u00fcrger fanden sich am 24. Januar in Dernbach zu einer mit Spannung erwarteten Aufstellungsversammlung ein. Sie bestimmten, wer f\u00fcr die offene W\u00e4hlergemeinschaft \u201eGemeinsam f\u00fcr Dernbach\u201c kandidiert. Die Versammlung schlug","og:url":"https:\/\/gemeinsam-fuer-dernbach.de\/fr\/neue-buergerliste-stellt-sich-in-dernbach-auf","og:image":"https:\/\/gemeinsam-fuer-dernbach.de\/wp-content\/uploads\/2024\/12\/cropped-Button.png","og:image:secure_url":"https:\/\/gemeinsam-fuer-dernbach.de\/wp-content\/uploads\/2024\/12\/cropped-Button.png","og:image:width":512,"og:image:height":512,"article:published_time":"2024-02-03T10:45:26+00:00","article:modified_time":"2025-03-07T19:12:32+00:00","article:publisher":"https:\/\/www.facebook.com\/gemeinsam.fuer.dernbach\/","twitter:card":"summary_large_image","twitter:title":"Neue B\u00fcrgerliste stellt sich in Dernbach auf - Gemeinsam f\u00fcr Dernbach","twitter:description":"Gut 60 engagierte Teilnehmende lebten Basisdemokratie und w\u00e4hlten 13 Kandierende f\u00fcr die Wahl des Gemeinderats. Es war eine Premiere f\u00fcr das Dorf: Gut 60 B\u00fcrgerinnen und B\u00fcrger fanden sich am 24. Januar in Dernbach zu einer mit Spannung erwarteten Aufstellungsversammlung ein. Sie bestimmten, wer f\u00fcr die offene W\u00e4hlergemeinschaft \u201eGemeinsam f\u00fcr Dernbach\u201c kandidiert. Die Versammlung schlug","twitter:image":"https:\/\/gemeinsam-fuer-dernbach.de\/wp-content\/uploads\/2024\/12\/cropped-Button.png"},"aioseo_meta_data":{"post_id":"340","title":null,"description":null,"keywords":null,"keyphrases":{"focus":[],"additional":[]},"primary_term":null,"canonical_url":null,"og_title":null,"og_description":null,"og_object_type":"default","og_image_type":"default","og_image_url":null,"og_image_width":null,"og_image_height":null,"og_image_custom_url":null,"og_image_custom_fields":null,"og_video":null,"og_custom_url":null,"og_article_section":null,"og_article_tags":null,"twitter_use_og":false,"twitter_card":"default","twitter_image_type":"default","twitter_image_url":null,"twitter_image_custom_url":null,"twitter_image_custom_fields":null,"twitter_title":null,"twitter_description":null,"schema":{"blockGraphs":[],"customGraphs":[],"default":{"data":{"Article":[],"Course":[],"Dataset":[],"FAQPage":[],"Movie":[],"Person":[],"Product":[],"ProductReview":[],"Car":[],"Recipe":[],"Service":[],"SoftwareApplication":[],"WebPage":[]},"graphName":"","isEnabled":true},"graphs":[]},"schema_type":"default","schema_type_options":null,"pillar_content":false,"robots_default":true,"robots_noindex":false,"robots_noarchive":false,"robots_nosnippet":false,"robots_nofollow":false,"robots_noimageindex":false,"robots_noodp":false,"robots_notranslate":false,"robots_max_snippet":null,"robots_max_videopreview":null,"robots_max_imagepreview":"large","priority":null,"frequency":null,"local_seo":null,"breadcrumb_settings":null,"limit_modified_date":false,"ai":null,"created":"2025-06-24 20:04:55","updated":"2026-09-03 19:35:13","seo_analyzer_scan_date":null,"focus_keyword":null,"additional_keywords":null,"truseo_locale":null},"aioseo_breadcrumb":"<div class=\"aioseo-breadcrumbs\"><span class=\"aioseo-breadcrumb\">\n\t\t\t<a href=\"https:\/\/gemeinsam-fuer-dernbach.de\/fr\" title=\"Home\">Home<\/a>\n\t\t<\/span><span class=\"aioseo-breadcrumb-separator\">&raquo;<\/span><span class=\"aioseo-breadcrumb\">\n\t\t\t<a href=\"https:\/\/gemeinsam-fuer-dernbach.de\/fr\/category\/neues-von-uns\" title=\"Neues von uns\">Neues von uns<\/a>\n\t\t<\/span><span class=\"aioseo-breadcrumb-separator\">&raquo;<\/span><span class=\"aioseo-breadcrumb\">\n\t\t\tNeue B\u00fcrgerliste stellt sich in Dernbach auf\n\t\t<\/span><\/div>","aioseo_breadcrumb_json":[{"label":"Home","link":"https:\/\/gemeinsam-fuer-dernbach.de\/fr"},{"label":"Neues von uns","link":"https:\/\/gemeinsam-fuer-dernbach.de\/fr\/category\/neues-von-uns"},{"label":"Neue B\u00fcrgerliste stellt sich in Dernbach auf","link":"https:\/\/gemeinsam-fuer-dernbach.de\/fr\/neue-buergerliste-stellt-sich-in-dernbach-auf"}],"_links":{"self":[{"href":"https:\/\/gemeinsam-fuer-dernbach.de\/fr\/wp-json\/wp\/v2\/posts\/340","targetHints":{"allow":["GET"]}}],"collection":[{"href":"https:\/\/gemeinsam-fuer-dernbach.de\/fr\/wp-json\/wp\/v2\/posts"}],"about":[{"href":"https:\/\/gemeinsam-fuer-dernbach.de\/fr\/wp-json\/wp\/v2\/types\/post"}],"author":[{"embeddable":true,"href":"https:\/\/gemeinsam-fuer-dernbach.de\/fr\/wp-json\/wp\/v2\/users\/1"}],"replies":[{"embeddable":true,"href":"https:\/\/gemeinsam-fuer-dernbach.de\/fr\/wp-json\/wp\/v2\/comments?post=340"}],"version-history":[{"count":5,"href":"https:\/\/gemeinsam-fuer-dernbach.de\/fr\/wp-json\/wp\/v2\/posts\/340\/revisions"}],"predecessor-version":[{"id":1197,"href":"https:\/\/gemeinsam-fuer-dernbach.de\/fr\/wp-json\/wp\/v2\/posts\/340\/revisions\/1197"}],"wp:attachment":[{"href":"https:\/\/gemeinsam-fuer-dernbach.de\/fr\/wp-json\/wp\/v2\/media?parent=340"}],"wp:term":[{"taxonomy":"category","embeddable":true,"href":"https:\/\/gemeinsam-fuer-dernbach.de\/fr\/wp-json\/wp\/v2\/categories?post=340"},{"taxonomy":"post_tag","embeddable":true,"href":"https:\/\/gemeinsam-fuer-dernbach.de\/fr\/wp-json\/wp\/v2\/tags?post=340"}],"curies":[{"name":"wp","href":"https:\/\/api.w.org\/{rel}","templated":true}]}}