{"id":704,"date":"2024-09-15T08:08:00","date_gmt":"2024-09-15T07:08:00","guid":{"rendered":"https:\/\/gemeinsam-fuer-dernbach.de\/?p=704"},"modified":"2025-07-01T22:33:46","modified_gmt":"2025-07-01T21:33:46","slug":"aktuelles-aus-dem-gemeinderat","status":"publish","type":"post","link":"https:\/\/gemeinsam-fuer-dernbach.de\/fr\/aktuelles-aus-dem-gemeinderat","title":{"rendered":"Actualit\u00e9s du Conseil Municipal"},"content":{"rendered":"<p class=\"wp-block-paragraph\">Que se passe-t-il au conseil municipal? Quelles d\u00e9cisions sont prises? Avec notre nouvelle infos\u00e9rie, nous vous tenons au courant! Ici, vous apprendrez ce que le conseil municipal discute, quelles d\u00e9cisions sont prises et quelles propositions et questions nous posons en tant que groupe.<\/p>\n\n\n\n<figure class=\"wp-block-image\"><img decoding=\"async\" src=\"https:\/\/gemeinsam-fuer-dernbach.de\/wp-content\/uploads\/2024\/09\/Neues-Gemeiderat.jpeg\" alt=\"Image de Dernbach avec inscription\"\/><\/figure>\n\n\n\n<p class=\"wp-block-paragraph\"><\/p>\n\n\n\n<h4 class=\"wp-block-heading\">R\u00e9union constitutive du 28 ao\u00fbt 2024<\/h4>\n\n\n\n<p class=\"wp-block-paragraph\">La premi\u00e8re s\u00e9ance apr\u00e8s les \u00e9lections a port\u00e9 sur des d\u00e9cisions importantes en mati\u00e8re de personnel et d'organisation. Outre l'engagement des membres du conseil, l'\u00e9lection du maire local, des adjoints et des membres du comit\u00e9 (nous en avons d\u00e9j\u00e0 parl\u00e9), le conseil a adopt\u00e9 \u00e0 l'unanimit\u00e9 le nouveau r\u00e8glement int\u00e9rieur du conseil municipal. Celle-ci d\u00e9termine la mani\u00e8re dont les r\u00e9unions sont convoqu\u00e9es, la participation du public, le d\u00e9roulement des r\u00e9unions et le traitement des demandes et des demandes.<\/p>\n\n\n\n<h4 class=\"wp-block-heading\">Communications et demandes<\/h4>\n\n\n\n<p class=\"wp-block-paragraph\">Le maire, Ferdi D\u00fcber, a inform\u00e9 le conseil que l'achat du centre communautaire co\u00fbterait environ 35 000 euros. La raison en est l\u2019imp\u00f4t sur les mutations fonci\u00e8res, qui est d\u00e9sormais exigible \u2013 contrairement \u00e0 ce qui lui avait \u00e9t\u00e9 initialement promis oralement par le Finanzamt. Un notaire ne voit aucune chance de succ\u00e8s pour une opposition, car l'objectif d'utilisation du b\u00e2timent a chang\u00e9 de l'\u00e9glise \u00e0 la municipalit\u00e9, ce qui d\u00e9clenche l'obligation fiscale.<br>Comme le premier adjoint de la commune associative (VG) Wirges, M. Schwickert, \u00e9tait pr\u00e9sent, des th\u00e8mes de la commune associative ont \u00e9galement \u00e9t\u00e9 abord\u00e9s.<br>Notre nouveau membre du Conseil, le Dr Manuel Misgeld, s'est demand\u00e9 s'il \u00e9tait habituel que les documents de s\u00e9ance (tels que la proposition de composition de la commission) ne soient distribu\u00e9s qu'aux dates pr\u00e9vues. Le maire a expliqu\u00e9 que cela \u00e9tait d\u00fb \u00e0 la charge de travail \u00e9lev\u00e9e de la commune associative due aux nombreuses r\u00e9unions constitutives. Cependant, le pr\u00e9sident du groupe CDU a critiqu\u00e9 les d\u00e9lais \u00e0 plusieurs reprises courts et a demand\u00e9 \u00e0 son tour un changement.<\/p>\n\n\n\n<h4 class=\"wp-block-heading\">Fibre optique et infrastructure<\/h4>\n\n\n\n<p class=\"wp-block-paragraph\">L'un des principaux sujets de discussion a \u00e9t\u00e9 la lenteur du d\u00e9veloppement du r\u00e9seau de fibre optique. Plusieurs membres du Conseil ont critiqu\u00e9 les retards dans les travaux de construction, les mauvaises conditions routi\u00e8res et les raccordements \u00e0 domicile en attente. Le premier adjoint de la VG a fait preuve de compr\u00e9hension et a indiqu\u00e9 avoir d\u00e9j\u00e0 attir\u00e9 l'attention de l'entreprise de construction comp\u00e9tente sur les probl\u00e8mes. Mais pour beaucoup de membres du Conseil, cela ne suffisait pas. Le deuxi\u00e8me adjoint de Dernbach s'est clairement prononc\u00e9 contre la situation actuelle et a mis l'administration communale dans l'obligation de devenir plus active ici.<\/p>\n\n\n\n<h4 class=\"wp-block-heading\">Transport par autobus: D\u00e9t\u00e9rioration de l'offre<\/h4>\n\n\n\n<p class=\"wp-block-paragraph\">Manuel a \u00e9galement soulign\u00e9 que le nouvel horaire de bus pour dimanche entra\u00eenerait une nette d\u00e9t\u00e9rioration pour Dernbach. Au lieu de la fr\u00e9quence horaire habituelle, le bus ne circule plus que toutes les deux heures, car la ligne 425 est d\u00e9vi\u00e9e via Wirges et circule en m\u00eame temps que la ligne 420. Deux bus se succ\u00e8dent \u00e0 Wirges, suivis d'une pause de deux heures.<br>Le maire s'est montr\u00e9 surpris et a d\u00e9clar\u00e9 qu'il n'avait \u00e9t\u00e9 inform\u00e9 des changements que par l'avis de Manuel. Il a promis de s'occuper de l'affaire. Cependant, le pr\u00e9sident du groupe CDU a att\u00e9nu\u00e9 les attentes et a soulign\u00e9 que le cercle, en tant que porteur des transports publics, ne r\u00e9pondait que peu aux pr\u00e9occupations des communes locales. Interrog\u00e9 par le groupe CDU, Manuel a confirm\u00e9 que la nouvelle feuille de route n'avait rien \u00e0 voir avec un nouvel appel d'offres, qui n'est pr\u00e9vu que dans quelques ann\u00e9es. Il a \u00e9galement soulign\u00e9 que les bus \u00e9taient \u00e9galement bien utilis\u00e9s le dimanche, mais qu\u2019ils ne passaient plus par Dernbach. En tant que groupe, nous poursuivrons sur cette question, car cette d\u00e9t\u00e9rioration ne doit pas \u00eatre accept\u00e9e, en particulier pour les citoyens soucieux de l'environnement et les personnes sans permis de conduire.<\/p>","protected":false},"excerpt":{"rendered":"<p>Que se passe-t-il au conseil municipal? Quelles d\u00e9cisions sont prises? Avec notre nouvelle s\u00e9rie d'informations, nous vous tiendrons au courant! Ici, vous apprendrez ce que le conseil municipal discute, quelles d\u00e9cisions sont prises et [...]<\/p>","protected":false},"author":2,"featured_media":0,"comment_status":"closed","ping_status":"open","sticky":false,"template":"","format":"standard","meta":{"_price":"","_stock":"","_tribe_ticket_header":"","_tribe_default_ticket_provider":"","_tribe_ticket_capacity":"0","_ticket_start_date":"","_ticket_end_date":"","_tribe_ticket_show_description":"","_tribe_ticket_show_not_going":false,"_tribe_ticket_use_global_stock":"","_tribe_ticket_global_stock_level":"","_global_stock_mode":"","_global_stock_cap":"","_tribe_rsvp_for_event":"","_tribe_ticket_going_count":"","_tribe_ticket_not_going_count":"","_tribe_tickets_list":"[]","_tribe_ticket_has_attendee_info_fields":false,"_EventAllDay":false,"_EventTimezone":"","_EventStartDate":"","_EventEndDate":"","_EventStartDateUTC":"","_EventEndDateUTC":"","_EventShowMap":false,"_EventShowMapLink":false,"_EventURL":"","_EventCost":"","_EventCostDescription":"","_EventCurrencySymbol":"","_EventCurrencyCode":"","_EventCurrencyPosition":"","_EventDateTimeSeparator":"","_EventTimeRangeSeparator":"","_EventOrganizerID":[],"_EventVenueID":[],"_OrganizerEmail":"","_OrganizerPhone":"","_OrganizerWebsite":"","_VenueAddress":"","_VenueCity":"","_VenueCountry":"","_VenueProvince":"","_VenueState":"","_VenueZip":"","_VenuePhone":"","_VenueURL":"","_VenueStateProvince":"","_VenueLat":"","_VenueLng":"","_VenueShowMap":false,"_VenueShowMapLink":false,"footnotes":""},"categories":[10],"tags":[116,115,114,124,117],"class_list":["post-704","post","type-post","status-publish","format-standard","hentry","category-neues-aus-dem-gemeinderat","tag-busfahrplan","tag-gemeindezentrum","tag-geschaeftsordnung","tag-glasfaser","tag-oeffentlicher-nahverkehr"],"aioseo_notices":[],"aioseo_head":"\n\t\t<!-- All in One SEO 5.0.1.1 - aioseo.com -->\n\t<meta name=\"description\" content=\"Was passiert im Gemeinderat? Welche Beschl\u00fcsse werden gefasst? Mit unserer neuen Infoserie halten wir euch auf dem Laufenden! Hier erfahrt ihr, was der Gemeinderat diskutiert, welche Entscheidungen getroffen werden und welche Antr\u00e4ge und Fragen wir als Fraktion stellen. Konstituierende Sitzung vom 28. August 2024 In der ersten Sitzung nach den Wahlen ging es um wichtige\" \/>\n\t<meta name=\"robots\" content=\"max-image-preview:large\" \/>\n\t<meta name=\"author\" content=\"GfD_Manuel\"\/>\n\t<link rel=\"canonical\" href=\"https:\/\/gemeinsam-fuer-dernbach.de\/fr\/aktuelles-aus-dem-gemeinderat\" \/>\n\t<meta name=\"generator\" content=\"All in One SEO (AIOSEO) 5.0.1.1\" \/>\n\t\t<meta property=\"og:locale\" content=\"fr_FR\" \/>\n\t\t<meta property=\"og:site_name\" content=\"Gemeinsam f\u00fcr Dernbach - Gemeinsam f\u00fcr Dernbach - Website der W\u00e4hlergruppe Jankowitsch\" \/>\n\t\t<meta property=\"og:type\" content=\"article\" \/>\n\t\t<meta property=\"og:title\" content=\"Aktuelles aus dem Gemeinderat - Gemeinsam f\u00fcr Dernbach\" \/>\n\t\t<meta property=\"og:description\" content=\"Was passiert im Gemeinderat? Welche Beschl\u00fcsse werden gefasst? Mit unserer neuen Infoserie halten wir euch auf dem Laufenden! Hier erfahrt ihr, was der Gemeinderat diskutiert, welche Entscheidungen getroffen werden und welche Antr\u00e4ge und Fragen wir als Fraktion stellen. Konstituierende Sitzung vom 28. August 2024 In der ersten Sitzung nach den Wahlen ging es um wichtige\" \/>\n\t\t<meta property=\"og:url\" content=\"https:\/\/gemeinsam-fuer-dernbach.de\/fr\/aktuelles-aus-dem-gemeinderat\" \/>\n\t\t<meta property=\"og:image\" content=\"https:\/\/gemeinsam-fuer-dernbach.de\/wp-content\/uploads\/2024\/12\/cropped-Button.png\" \/>\n\t\t<meta property=\"og:image:secure_url\" content=\"https:\/\/gemeinsam-fuer-dernbach.de\/wp-content\/uploads\/2024\/12\/cropped-Button.png\" \/>\n\t\t<meta property=\"og:image:width\" content=\"512\" \/>\n\t\t<meta property=\"og:image:height\" content=\"512\" \/>\n\t\t<meta property=\"article:published_time\" content=\"2024-09-15T07:08:00+00:00\" \/>\n\t\t<meta property=\"article:modified_time\" content=\"2025-07-01T21:33:46+00:00\" \/>\n\t\t<meta property=\"article:publisher\" content=\"https:\/\/www.facebook.com\/gemeinsam.fuer.dernbach\/\" \/>\n\t\t<meta name=\"twitter:card\" content=\"summary_large_image\" \/>\n\t\t<meta name=\"twitter:title\" content=\"Aktuelles aus dem Gemeinderat - Gemeinsam f\u00fcr Dernbach\" \/>\n\t\t<meta name=\"twitter:description\" content=\"Was passiert im Gemeinderat? Welche Beschl\u00fcsse werden gefasst? Mit unserer neuen Infoserie halten wir euch auf dem Laufenden! Hier erfahrt ihr, was der Gemeinderat diskutiert, welche Entscheidungen getroffen werden und welche Antr\u00e4ge und Fragen wir als Fraktion stellen. Konstituierende Sitzung vom 28. August 2024 In der ersten Sitzung nach den Wahlen ging es um wichtige\" \/>\n\t\t<meta name=\"twitter:image\" content=\"https:\/\/gemeinsam-fuer-dernbach.de\/wp-content\/uploads\/2024\/12\/cropped-Button.png\" \/>\n\t\t<script type=\"application\/ld+json\" class=\"aioseo-schema\">\n\t\t\t{\"@context\":\"https:\\\/\\\/schema.org\",\"@graph\":[{\"@type\":\"BlogPosting\",\"@id\":\"https:\\\/\\\/gemeinsam-fuer-dernbach.de\\\/fr\\\/aktuelles-aus-dem-gemeinderat#blogposting\",\"name\":\"Aktuelles aus dem Gemeinderat - Gemeinsam f\\u00fcr Dernbach\",\"headline\":\"Aktuelles aus dem Gemeinderat\",\"author\":{\"@id\":\"https:\\\/\\\/gemeinsam-fuer-dernbach.de\\\/fr\\\/author\\\/gfd_manuel#author\"},\"publisher\":{\"@id\":\"https:\\\/\\\/gemeinsam-fuer-dernbach.de\\\/fr\\\/#organization\"},\"image\":{\"@type\":\"ImageObject\",\"url\":\"https:\\\/\\\/gemeinsam-fuer-dernbach.de\\\/wp-content\\\/uploads\\\/2024\\\/09\\\/Neues-Gemeiderat.jpeg\",\"@id\":\"https:\\\/\\\/gemeinsam-fuer-dernbach.de\\\/fr\\\/aktuelles-aus-dem-gemeinderat\\\/#articleImage\",\"width\":859,\"height\":864,\"caption\":\"Neues aus dem Gemeinderat - Gemeinsam f\\u00fcr Dernbach berichtet\"},\"datePublished\":\"2024-09-15T08:08:00+01:00\",\"dateModified\":\"2025-07-01T22:33:46+01:00\",\"inLanguage\":\"fr-FR\",\"mainEntityOfPage\":{\"@id\":\"https:\\\/\\\/gemeinsam-fuer-dernbach.de\\\/fr\\\/aktuelles-aus-dem-gemeinderat#webpage\"},\"isPartOf\":{\"@id\":\"https:\\\/\\\/gemeinsam-fuer-dernbach.de\\\/fr\\\/aktuelles-aus-dem-gemeinderat#webpage\"},\"articleSection\":\"Neues aus dem Gemeinderat, Busfahrplan, Gemeindezentrum, Gesch\\u00e4ftsordnung, Glasfaser, \\u00d6ffentlicher Nahverkehr\"},{\"@type\":\"BreadcrumbList\",\"@id\":\"https:\\\/\\\/gemeinsam-fuer-dernbach.de\\\/fr\\\/aktuelles-aus-dem-gemeinderat#breadcrumblist\",\"itemListElement\":[{\"@type\":\"ListItem\",\"@id\":\"https:\\\/\\\/gemeinsam-fuer-dernbach.de\\\/fr#listItem\",\"position\":1,\"name\":\"Home\",\"item\":\"https:\\\/\\\/gemeinsam-fuer-dernbach.de\\\/fr\",\"nextItem\":{\"@type\":\"ListItem\",\"@id\":\"https:\\\/\\\/gemeinsam-fuer-dernbach.de\\\/fr\\\/category\\\/neues-aus-dem-gemeinderat#listItem\",\"name\":\"Neues aus dem Gemeinderat\"}},{\"@type\":\"ListItem\",\"@id\":\"https:\\\/\\\/gemeinsam-fuer-dernbach.de\\\/fr\\\/category\\\/neues-aus-dem-gemeinderat#listItem\",\"position\":2,\"name\":\"Neues aus dem Gemeinderat\",\"item\":\"https:\\\/\\\/gemeinsam-fuer-dernbach.de\\\/fr\\\/category\\\/neues-aus-dem-gemeinderat\",\"nextItem\":{\"@type\":\"ListItem\",\"@id\":\"https:\\\/\\\/gemeinsam-fuer-dernbach.de\\\/fr\\\/aktuelles-aus-dem-gemeinderat#listItem\",\"name\":\"Aktuelles aus dem Gemeinderat\"},\"previousItem\":{\"@type\":\"ListItem\",\"@id\":\"https:\\\/\\\/gemeinsam-fuer-dernbach.de\\\/fr#listItem\",\"name\":\"Home\"}},{\"@type\":\"ListItem\",\"@id\":\"https:\\\/\\\/gemeinsam-fuer-dernbach.de\\\/fr\\\/aktuelles-aus-dem-gemeinderat#listItem\",\"position\":3,\"name\":\"Aktuelles aus dem Gemeinderat\",\"previousItem\":{\"@type\":\"ListItem\",\"@id\":\"https:\\\/\\\/gemeinsam-fuer-dernbach.de\\\/fr\\\/category\\\/neues-aus-dem-gemeinderat#listItem\",\"name\":\"Neues aus dem Gemeinderat\"}}]},{\"@type\":\"Organization\",\"@id\":\"https:\\\/\\\/gemeinsam-fuer-dernbach.de\\\/fr\\\/#organization\",\"name\":\"Gemeinsam f\\u00fcr Dernbach\",\"description\":\"Gemeinsam f\\u00fcr Dernbach - Website der W\\u00e4hlergruppe Jankowitsch\",\"url\":\"https:\\\/\\\/gemeinsam-fuer-dernbach.de\\\/fr\\\/\",\"logo\":{\"@type\":\"ImageObject\",\"url\":\"https:\\\/\\\/gemeinsam-fuer-dernbach.de\\\/wp-content\\\/uploads\\\/2024\\\/12\\\/cropped-Button.png\",\"@id\":\"https:\\\/\\\/gemeinsam-fuer-dernbach.de\\\/fr\\\/aktuelles-aus-dem-gemeinderat\\\/#organizationLogo\",\"width\":512,\"height\":512,\"caption\":\"Gemeinsam f\\u00fcr Dernbach\"},\"image\":{\"@id\":\"https:\\\/\\\/gemeinsam-fuer-dernbach.de\\\/fr\\\/aktuelles-aus-dem-gemeinderat\\\/#organizationLogo\"},\"sameAs\":[\"https:\\\/\\\/www.facebook.com\\\/gemeinsam.fuer.dernbach\\\/\",\"https:\\\/\\\/www.instagram.com\\\/gemeinsam_fuer_dernbach\\\/\"]},{\"@type\":\"Person\",\"@id\":\"https:\\\/\\\/gemeinsam-fuer-dernbach.de\\\/fr\\\/author\\\/gfd_manuel#author\",\"url\":\"https:\\\/\\\/gemeinsam-fuer-dernbach.de\\\/fr\\\/author\\\/gfd_manuel\",\"name\":\"GfD_Manuel\"},{\"@type\":\"WebPage\",\"@id\":\"https:\\\/\\\/gemeinsam-fuer-dernbach.de\\\/fr\\\/aktuelles-aus-dem-gemeinderat#webpage\",\"url\":\"https:\\\/\\\/gemeinsam-fuer-dernbach.de\\\/fr\\\/aktuelles-aus-dem-gemeinderat\",\"name\":\"Aktuelles aus dem Gemeinderat - Gemeinsam f\\u00fcr Dernbach\",\"description\":\"Was passiert im Gemeinderat? Welche Beschl\\u00fcsse werden gefasst? Mit unserer neuen Infoserie halten wir euch auf dem Laufenden! Hier erfahrt ihr, was der Gemeinderat diskutiert, welche Entscheidungen getroffen werden und welche Antr\\u00e4ge und Fragen wir als Fraktion stellen. Konstituierende Sitzung vom 28. August 2024 In der ersten Sitzung nach den Wahlen ging es um wichtige\",\"inLanguage\":\"fr-FR\",\"isPartOf\":{\"@id\":\"https:\\\/\\\/gemeinsam-fuer-dernbach.de\\\/fr\\\/#website\"},\"breadcrumb\":{\"@id\":\"https:\\\/\\\/gemeinsam-fuer-dernbach.de\\\/fr\\\/aktuelles-aus-dem-gemeinderat#breadcrumblist\"},\"author\":{\"@id\":\"https:\\\/\\\/gemeinsam-fuer-dernbach.de\\\/fr\\\/author\\\/gfd_manuel#author\"},\"creator\":{\"@id\":\"https:\\\/\\\/gemeinsam-fuer-dernbach.de\\\/fr\\\/author\\\/gfd_manuel#author\"},\"datePublished\":\"2024-09-15T08:08:00+01:00\",\"dateModified\":\"2025-07-01T22:33:46+01:00\"},{\"@type\":\"WebSite\",\"@id\":\"https:\\\/\\\/gemeinsam-fuer-dernbach.de\\\/fr\\\/#website\",\"url\":\"https:\\\/\\\/gemeinsam-fuer-dernbach.de\\\/fr\\\/\",\"name\":\"Gemeinsam f\\u00fcr Dernbach\",\"description\":\"Gemeinsam f\\u00fcr Dernbach - Website der W\\u00e4hlergruppe Jankowitsch\",\"inLanguage\":\"fr-FR\",\"publisher\":{\"@id\":\"https:\\\/\\\/gemeinsam-fuer-dernbach.de\\\/fr\\\/#organization\"}}]}\n\t\t<\/script>\n\t\t<!-- All in One SEO -->\n\n","aioseo_head_json":{"title":"Aktuelles aus dem Gemeinderat - Gemeinsam f\u00fcr Dernbach","description":"Was passiert im Gemeinderat? Welche Beschl\u00fcsse werden gefasst? Mit unserer neuen Infoserie halten wir euch auf dem Laufenden! Hier erfahrt ihr, was der Gemeinderat diskutiert, welche Entscheidungen getroffen werden und welche Antr\u00e4ge und Fragen wir als Fraktion stellen. Konstituierende Sitzung vom 28. August 2024 In der ersten Sitzung nach den Wahlen ging es um wichtige","canonical_url":"https:\/\/gemeinsam-fuer-dernbach.de\/fr\/aktuelles-aus-dem-gemeinderat","robots":"max-image-preview:large","keywords":"","webmasterTools":{"miscellaneous":""},"schema":{"@context":"https:\/\/schema.org","@graph":[{"@type":"BlogPosting","@id":"https:\/\/gemeinsam-fuer-dernbach.de\/fr\/aktuelles-aus-dem-gemeinderat#blogposting","name":"Aktuelles aus dem Gemeinderat - Gemeinsam f\u00fcr Dernbach","headline":"Aktuelles aus dem Gemeinderat","author":{"@id":"https:\/\/gemeinsam-fuer-dernbach.de\/fr\/author\/gfd_manuel#author"},"publisher":{"@id":"https:\/\/gemeinsam-fuer-dernbach.de\/fr\/#organization"},"image":{"@type":"ImageObject","url":"https:\/\/gemeinsam-fuer-dernbach.de\/wp-content\/uploads\/2024\/09\/Neues-Gemeiderat.jpeg","@id":"https:\/\/gemeinsam-fuer-dernbach.de\/fr\/aktuelles-aus-dem-gemeinderat\/#articleImage","width":859,"height":864,"caption":"Neues aus dem Gemeinderat - Gemeinsam f\u00fcr Dernbach berichtet"},"datePublished":"2024-09-15T08:08:00+01:00","dateModified":"2025-07-01T22:33:46+01:00","inLanguage":"fr-FR","mainEntityOfPage":{"@id":"https:\/\/gemeinsam-fuer-dernbach.de\/fr\/aktuelles-aus-dem-gemeinderat#webpage"},"isPartOf":{"@id":"https:\/\/gemeinsam-fuer-dernbach.de\/fr\/aktuelles-aus-dem-gemeinderat#webpage"},"articleSection":"Neues aus dem Gemeinderat, Busfahrplan, Gemeindezentrum, Gesch\u00e4ftsordnung, Glasfaser, \u00d6ffentlicher Nahverkehr"},{"@type":"BreadcrumbList","@id":"https:\/\/gemeinsam-fuer-dernbach.de\/fr\/aktuelles-aus-dem-gemeinderat#breadcrumblist","itemListElement":[{"@type":"ListItem","@id":"https:\/\/gemeinsam-fuer-dernbach.de\/fr#listItem","position":1,"name":"Home","item":"https:\/\/gemeinsam-fuer-dernbach.de\/fr","nextItem":{"@type":"ListItem","@id":"https:\/\/gemeinsam-fuer-dernbach.de\/fr\/category\/neues-aus-dem-gemeinderat#listItem","name":"Neues aus dem Gemeinderat"}},{"@type":"ListItem","@id":"https:\/\/gemeinsam-fuer-dernbach.de\/fr\/category\/neues-aus-dem-gemeinderat#listItem","position":2,"name":"Neues aus dem Gemeinderat","item":"https:\/\/gemeinsam-fuer-dernbach.de\/fr\/category\/neues-aus-dem-gemeinderat","nextItem":{"@type":"ListItem","@id":"https:\/\/gemeinsam-fuer-dernbach.de\/fr\/aktuelles-aus-dem-gemeinderat#listItem","name":"Aktuelles aus dem Gemeinderat"},"previousItem":{"@type":"ListItem","@id":"https:\/\/gemeinsam-fuer-dernbach.de\/fr#listItem","name":"Home"}},{"@type":"ListItem","@id":"https:\/\/gemeinsam-fuer-dernbach.de\/fr\/aktuelles-aus-dem-gemeinderat#listItem","position":3,"name":"Aktuelles aus dem Gemeinderat","previousItem":{"@type":"ListItem","@id":"https:\/\/gemeinsam-fuer-dernbach.de\/fr\/category\/neues-aus-dem-gemeinderat#listItem","name":"Neues aus dem Gemeinderat"}}]},{"@type":"Organization","@id":"https:\/\/gemeinsam-fuer-dernbach.de\/fr\/#organization","name":"Gemeinsam f\u00fcr Dernbach","description":"Gemeinsam f\u00fcr Dernbach - Website der W\u00e4hlergruppe Jankowitsch","url":"https:\/\/gemeinsam-fuer-dernbach.de\/fr\/","logo":{"@type":"ImageObject","url":"https:\/\/gemeinsam-fuer-dernbach.de\/wp-content\/uploads\/2024\/12\/cropped-Button.png","@id":"https:\/\/gemeinsam-fuer-dernbach.de\/fr\/aktuelles-aus-dem-gemeinderat\/#organizationLogo","width":512,"height":512,"caption":"Gemeinsam f\u00fcr Dernbach"},"image":{"@id":"https:\/\/gemeinsam-fuer-dernbach.de\/fr\/aktuelles-aus-dem-gemeinderat\/#organizationLogo"},"sameAs":["https:\/\/www.facebook.com\/gemeinsam.fuer.dernbach\/","https:\/\/www.instagram.com\/gemeinsam_fuer_dernbach\/"]},{"@type":"Person","@id":"https:\/\/gemeinsam-fuer-dernbach.de\/fr\/author\/gfd_manuel#author","url":"https:\/\/gemeinsam-fuer-dernbach.de\/fr\/author\/gfd_manuel","name":"GfD_Manuel"},{"@type":"WebPage","@id":"https:\/\/gemeinsam-fuer-dernbach.de\/fr\/aktuelles-aus-dem-gemeinderat#webpage","url":"https:\/\/gemeinsam-fuer-dernbach.de\/fr\/aktuelles-aus-dem-gemeinderat","name":"Aktuelles aus dem Gemeinderat - Gemeinsam f\u00fcr Dernbach","description":"Was passiert im Gemeinderat? Welche Beschl\u00fcsse werden gefasst? Mit unserer neuen Infoserie halten wir euch auf dem Laufenden! Hier erfahrt ihr, was der Gemeinderat diskutiert, welche Entscheidungen getroffen werden und welche Antr\u00e4ge und Fragen wir als Fraktion stellen. Konstituierende Sitzung vom 28. August 2024 In der ersten Sitzung nach den Wahlen ging es um wichtige","inLanguage":"fr-FR","isPartOf":{"@id":"https:\/\/gemeinsam-fuer-dernbach.de\/fr\/#website"},"breadcrumb":{"@id":"https:\/\/gemeinsam-fuer-dernbach.de\/fr\/aktuelles-aus-dem-gemeinderat#breadcrumblist"},"author":{"@id":"https:\/\/gemeinsam-fuer-dernbach.de\/fr\/author\/gfd_manuel#author"},"creator":{"@id":"https:\/\/gemeinsam-fuer-dernbach.de\/fr\/author\/gfd_manuel#author"},"datePublished":"2024-09-15T08:08:00+01:00","dateModified":"2025-07-01T22:33:46+01:00"},{"@type":"WebSite","@id":"https:\/\/gemeinsam-fuer-dernbach.de\/fr\/#website","url":"https:\/\/gemeinsam-fuer-dernbach.de\/fr\/","name":"Gemeinsam f\u00fcr Dernbach","description":"Gemeinsam f\u00fcr Dernbach - Website der W\u00e4hlergruppe Jankowitsch","inLanguage":"fr-FR","publisher":{"@id":"https:\/\/gemeinsam-fuer-dernbach.de\/fr\/#organization"}}]},"og:locale":"fr_FR","og:site_name":"Gemeinsam f\u00fcr Dernbach - Gemeinsam f\u00fcr Dernbach - Website der W\u00e4hlergruppe Jankowitsch","og:type":"article","og:title":"Aktuelles aus dem Gemeinderat - Gemeinsam f\u00fcr Dernbach","og:description":"Was passiert im Gemeinderat? Welche Beschl\u00fcsse werden gefasst? Mit unserer neuen Infoserie halten wir euch auf dem Laufenden! Hier erfahrt ihr, was der Gemeinderat diskutiert, welche Entscheidungen getroffen werden und welche Antr\u00e4ge und Fragen wir als Fraktion stellen. Konstituierende Sitzung vom 28. August 2024 In der ersten Sitzung nach den Wahlen ging es um wichtige","og:url":"https:\/\/gemeinsam-fuer-dernbach.de\/fr\/aktuelles-aus-dem-gemeinderat","og:image":"https:\/\/gemeinsam-fuer-dernbach.de\/wp-content\/uploads\/2024\/12\/cropped-Button.png","og:image:secure_url":"https:\/\/gemeinsam-fuer-dernbach.de\/wp-content\/uploads\/2024\/12\/cropped-Button.png","og:image:width":512,"og:image:height":512,"article:published_time":"2024-09-15T07:08:00+00:00","article:modified_time":"2025-07-01T21:33:46+00:00","article:publisher":"https:\/\/www.facebook.com\/gemeinsam.fuer.dernbach\/","twitter:card":"summary_large_image","twitter:title":"Aktuelles aus dem Gemeinderat - Gemeinsam f\u00fcr Dernbach","twitter:description":"Was passiert im Gemeinderat? Welche Beschl\u00fcsse werden gefasst? Mit unserer neuen Infoserie halten wir euch auf dem Laufenden! Hier erfahrt ihr, was der Gemeinderat diskutiert, welche Entscheidungen getroffen werden und welche Antr\u00e4ge und Fragen wir als Fraktion stellen. Konstituierende Sitzung vom 28. August 2024 In der ersten Sitzung nach den Wahlen ging es um wichtige","twitter:image":"https:\/\/gemeinsam-fuer-dernbach.de\/wp-content\/uploads\/2024\/12\/cropped-Button.png"},"aioseo_meta_data":{"post_id":"704","title":null,"description":null,"keywords":null,"keyphrases":{"focus":[],"additional":[]},"primary_term":null,"canonical_url":null,"og_title":null,"og_description":null,"og_object_type":"default","og_image_type":"default","og_image_url":null,"og_image_width":null,"og_image_height":null,"og_image_custom_url":null,"og_image_custom_fields":null,"og_video":"","og_custom_url":null,"og_article_section":null,"og_article_tags":null,"twitter_use_og":false,"twitter_card":"default","twitter_image_type":"default","twitter_image_url":null,"twitter_image_custom_url":null,"twitter_image_custom_fields":null,"twitter_title":null,"twitter_description":null,"schema":{"blockGraphs":[],"customGraphs":[],"default":{"data":{"Article":[],"Course":[],"Dataset":[],"FAQPage":[],"Movie":[],"Person":[],"Product":[],"ProductReview":[],"Car":[],"Recipe":[],"Service":[],"SoftwareApplication":[],"WebPage":[]},"graphName":"","isEnabled":true},"graphs":[]},"schema_type":"default","schema_type_options":null,"pillar_content":false,"robots_default":true,"robots_noindex":false,"robots_noarchive":false,"robots_nosnippet":false,"robots_nofollow":false,"robots_noimageindex":false,"robots_noodp":false,"robots_notranslate":false,"robots_max_snippet":"-1","robots_max_videopreview":"-1","robots_max_imagepreview":"large","priority":null,"frequency":"default","local_seo":null,"breadcrumb_settings":null,"limit_modified_date":false,"ai":null,"created":"2025-06-24 20:04:55","updated":"2026-09-03 19:34:35","seo_analyzer_scan_date":null,"focus_keyword":null,"additional_keywords":null,"truseo_locale":null},"aioseo_breadcrumb":"<div class=\"aioseo-breadcrumbs\"><span class=\"aioseo-breadcrumb\">\n\t\t\t<a href=\"https:\/\/gemeinsam-fuer-dernbach.de\/fr\" title=\"Home\">Home<\/a>\n\t\t<\/span><span class=\"aioseo-breadcrumb-separator\">&raquo;<\/span><span class=\"aioseo-breadcrumb\">\n\t\t\t<a href=\"https:\/\/gemeinsam-fuer-dernbach.de\/fr\/category\/neues-aus-dem-gemeinderat\" title=\"Neues aus dem Gemeinderat\">Neues aus dem Gemeinderat<\/a>\n\t\t<\/span><span class=\"aioseo-breadcrumb-separator\">&raquo;<\/span><span class=\"aioseo-breadcrumb\">\n\t\t\tAktuelles aus dem Gemeinderat\n\t\t<\/span><\/div>","aioseo_breadcrumb_json":[{"label":"Home","link":"https:\/\/gemeinsam-fuer-dernbach.de\/fr"},{"label":"Neues aus dem Gemeinderat","link":"https:\/\/gemeinsam-fuer-dernbach.de\/fr\/category\/neues-aus-dem-gemeinderat"},{"label":"Aktuelles aus dem Gemeinderat","link":"https:\/\/gemeinsam-fuer-dernbach.de\/fr\/aktuelles-aus-dem-gemeinderat"}],"_links":{"self":[{"href":"https:\/\/gemeinsam-fuer-dernbach.de\/fr\/wp-json\/wp\/v2\/posts\/704","targetHints":{"allow":["GET"]}}],"collection":[{"href":"https:\/\/gemeinsam-fuer-dernbach.de\/fr\/wp-json\/wp\/v2\/posts"}],"about":[{"href":"https:\/\/gemeinsam-fuer-dernbach.de\/fr\/wp-json\/wp\/v2\/types\/post"}],"author":[{"embeddable":true,"href":"https:\/\/gemeinsam-fuer-dernbach.de\/fr\/wp-json\/wp\/v2\/users\/2"}],"replies":[{"embeddable":true,"href":"https:\/\/gemeinsam-fuer-dernbach.de\/fr\/wp-json\/wp\/v2\/comments?post=704"}],"version-history":[{"count":5,"href":"https:\/\/gemeinsam-fuer-dernbach.de\/fr\/wp-json\/wp\/v2\/posts\/704\/revisions"}],"predecessor-version":[{"id":1205,"href":"https:\/\/gemeinsam-fuer-dernbach.de\/fr\/wp-json\/wp\/v2\/posts\/704\/revisions\/1205"}],"wp:attachment":[{"href":"https:\/\/gemeinsam-fuer-dernbach.de\/fr\/wp-json\/wp\/v2\/media?parent=704"}],"wp:term":[{"taxonomy":"category","embeddable":true,"href":"https:\/\/gemeinsam-fuer-dernbach.de\/fr\/wp-json\/wp\/v2\/categories?post=704"},{"taxonomy":"post_tag","embeddable":true,"href":"https:\/\/gemeinsam-fuer-dernbach.de\/fr\/wp-json\/wp\/v2\/tags?post=704"}],"curies":[{"name":"wp","href":"https:\/\/api.w.org\/{rel}","templated":true}]}}