{"id":325,"date":"2024-01-10T12:00:30","date_gmt":"2024-01-10T11:00:30","guid":{"rendered":"https:\/\/gemeinsam-fuer-dernbach.de\/?p=325"},"modified":"2025-03-07T20:12:16","modified_gmt":"2025-03-07T19:12:16","slug":"einladung-zur-aufstellungsversammlung-von-bewerbern-fuer-den-gemeinderat","status":"publish","type":"post","link":"https:\/\/gemeinsam-fuer-dernbach.de\/it\/einladung-zur-aufstellungsversammlung-von-bewerbern-fuer-den-gemeinderat","title":{"rendered":"Invito all'assemblea dei candidati al consiglio comunale"},"content":{"rendered":"<p class=\"wp-block-paragraph\">Cari Dernbachers e Dernbachers!<\/p>\n\n\n\n<p class=\"wp-block-paragraph\">Poich\u00e9 ci preoccupiamo della nostra patria e degli interessi di tutti i residenti di Dernbach, abbiamo: <strong>\"Insieme per Dernbach\"<\/strong> \u2013 ci ha riuniti come un gruppo di elettori politicamente indipendente. Con le nostre idee, vogliamo partecipare ai processi decisionali politici in citt\u00e0 e competere per le elezioni locali nel 2024.<\/p>\n\n\n\n<p class=\"wp-block-paragraph\">Ci\u00f2 richiede una \u00abriunione di nomina dei candidati per il consiglio comunale al fine di nominare i candidati per l\u2019elezione del consiglio comunale nel comune di Dernbach\u00bb.<\/p>\n\n\n\n<p class=\"wp-block-paragraph\">Qui vogliamo presentarci ai cittadini. Allo stesso tempo, i membri dell'assemblea sono invitati a presentare se stessi o altre proposte elettorali per l'elezione del consiglio comunale.<\/p>\n\n\n\n<p class=\"wp-block-paragraph\">A tal fine, invitiamo tutti i cittadini di Dernbach a <strong>mercoled\u00ec 24 gennaio 2024 alle ore 19.00 nella sala da ballo del ristorante Luda,<\/strong> Via principale 29, 56428 Dernbach.<\/p>\n\n\n\n<p class=\"wp-block-paragraph\">Ordine del giorno provvisorio<\/p>\n\n\n\n<ol class=\"wp-block-list\">\n<li>\u00a0Approvazione dell'ordine del giorno<\/li>\n\n\n\n<li>Votazione su nomine multiple di candidati nella lista elettorale<\/li>\n\n\n\n<li>Presentazione dei candidati<\/li>\n\n\n\n<li>pronuncia<\/li>\n\n\n\n<li>Nomina di un responsabile di riunione<\/li>\n\n\n\n<li>Nomina di un segretario per questa riunione<\/li>\n\n\n\n<li>Elezione di una commissione elettorale<\/li>\n\n\n\n<li>Nomina di due partecipanti alla riunione che prestano giuramento invece di affermare che i candidati sono stati selezionati a scrutinio segreto e che i requisiti di cui all'articolo 21, paragrafo 2, del KWG sono stati presi in considerazione<\/li>\n\n\n\n<li>Nomina di un rappresentante e di un supplente per la proposta di elezione<\/li>\n\n\n\n<li>Elezione dei candidati al consiglio comunale il 09.06.2024<\/li>\n\n\n\n<li>Nomina di un candidato a sindaco<\/li>\n<\/ol>\n\n\n\n<p class=\"wp-block-paragraph\">I cittadini del comune di Dernbach che hanno diritto di voto sono cordialmente invitati a farlo.<\/p>\n\n\n\n<p class=\"wp-block-paragraph\">Dernbach, 4 gennaio 2024<\/p>\n\n\n\n<p class=\"wp-block-paragraph\"><strong>INSIEME PER DERNBACH<\/strong><\/p>","protected":false},"excerpt":{"rendered":"<p>Caro Dernbachers! Poich\u00e9 ci preoccupiamo della nostra patria e degli interessi di tutti i residenti di Dernbach, insieme per Dernbach siamo diventati una circoscrizione politicamente indipendente [...]<\/p>","protected":false},"author":1,"featured_media":0,"comment_status":"closed","ping_status":"open","sticky":false,"template":"","format":"standard","meta":{"_price":"","_stock":"","_tribe_ticket_header":"","_tribe_default_ticket_provider":"","_tribe_ticket_capacity":"0","_ticket_start_date":"","_ticket_end_date":"","_tribe_ticket_show_description":"","_tribe_ticket_show_not_going":false,"_tribe_ticket_use_global_stock":"","_tribe_ticket_global_stock_level":"","_global_stock_mode":"","_global_stock_cap":"","_tribe_rsvp_for_event":"","_tribe_ticket_going_count":"","_tribe_ticket_not_going_count":"","_tribe_tickets_list":"[]","_tribe_ticket_has_attendee_info_fields":false,"_EventAllDay":false,"_EventTimezone":"","_EventStartDate":"","_EventEndDate":"","_EventStartDateUTC":"","_EventEndDateUTC":"","_EventShowMap":false,"_EventShowMapLink":false,"_EventURL":"","_EventCost":"","_EventCostDescription":"","_EventCurrencySymbol":"","_EventCurrencyCode":"","_EventCurrencyPosition":"","_EventDateTimeSeparator":"","_EventTimeRangeSeparator":"","_EventOrganizerID":[],"_EventVenueID":[],"_OrganizerEmail":"","_OrganizerPhone":"","_OrganizerWebsite":"","_VenueAddress":"","_VenueCity":"","_VenueCountry":"","_VenueProvince":"","_VenueState":"","_VenueZip":"","_VenuePhone":"","_VenueURL":"","_VenueStateProvince":"","_VenueLat":"","_VenueLng":"","_VenueShowMap":false,"_VenueShowMapLink":false,"footnotes":""},"categories":[13,11],"tags":[],"class_list":["post-325","post","type-post","status-publish","format-standard","hentry","category-ankuendigungen","category-veranstaltungen"],"aioseo_notices":[],"aioseo_head":"\n\t\t<!-- All in One SEO 5.0.1.1 - aioseo.com -->\n\t<meta name=\"description\" content=\"Liebe Dernbacherinnen und Dernbacher! Weil uns unsere Heimat und die Interessen aller Dernbacher Einwohner am Herzen liegen, haben wir - \u201eGemeinsam f\u00fcr Dernbach\u201c - uns zu einer politisch unabh\u00e4ngigen W\u00e4hlergruppe zusammengeschlossen. Mit unseren Ideen wollen wir uns an den politischen Entscheidungsabl\u00e4ufen im Ort beteiligen und zur Kommunalwahl 2024 antreten. Dazu bedarf es einer \u201eAufstellungsversammlung von\" \/>\n\t<meta name=\"robots\" content=\"max-image-preview:large\" \/>\n\t<meta name=\"author\" content=\"GfD_Admin\"\/>\n\t<link rel=\"canonical\" href=\"https:\/\/gemeinsam-fuer-dernbach.de\/it\/einladung-zur-aufstellungsversammlung-von-bewerbern-fuer-den-gemeinderat\" \/>\n\t<meta name=\"generator\" content=\"All in One SEO (AIOSEO) 5.0.1.1\" \/>\n\t\t<meta property=\"og:locale\" content=\"it_IT\" \/>\n\t\t<meta property=\"og:site_name\" content=\"Gemeinsam f\u00fcr Dernbach - Gemeinsam f\u00fcr Dernbach - Website der W\u00e4hlergruppe Jankowitsch\" \/>\n\t\t<meta property=\"og:type\" content=\"article\" \/>\n\t\t<meta property=\"og:title\" content=\"Einladung zur Aufstellungsversammlung von Bewerbern f\u00fcr den Gemeinderat - Gemeinsam f\u00fcr Dernbach\" \/>\n\t\t<meta property=\"og:description\" content=\"Liebe Dernbacherinnen und Dernbacher! Weil uns unsere Heimat und die Interessen aller Dernbacher Einwohner am Herzen liegen, haben wir - \u201eGemeinsam f\u00fcr Dernbach\u201c - uns zu einer politisch unabh\u00e4ngigen W\u00e4hlergruppe zusammengeschlossen. Mit unseren Ideen wollen wir uns an den politischen Entscheidungsabl\u00e4ufen im Ort beteiligen und zur Kommunalwahl 2024 antreten. Dazu bedarf es einer \u201eAufstellungsversammlung von\" \/>\n\t\t<meta property=\"og:url\" content=\"https:\/\/gemeinsam-fuer-dernbach.de\/it\/einladung-zur-aufstellungsversammlung-von-bewerbern-fuer-den-gemeinderat\" \/>\n\t\t<meta property=\"og:image\" content=\"https:\/\/gemeinsam-fuer-dernbach.de\/wp-content\/uploads\/2024\/12\/cropped-Button.png\" \/>\n\t\t<meta property=\"og:image:secure_url\" content=\"https:\/\/gemeinsam-fuer-dernbach.de\/wp-content\/uploads\/2024\/12\/cropped-Button.png\" \/>\n\t\t<meta property=\"og:image:width\" content=\"512\" \/>\n\t\t<meta property=\"og:image:height\" content=\"512\" \/>\n\t\t<meta property=\"article:published_time\" content=\"2024-01-10T11:00:30+00:00\" \/>\n\t\t<meta property=\"article:modified_time\" content=\"2025-03-07T19:12:16+00:00\" \/>\n\t\t<meta property=\"article:publisher\" content=\"https:\/\/www.facebook.com\/gemeinsam.fuer.dernbach\/\" \/>\n\t\t<meta name=\"twitter:card\" content=\"summary_large_image\" \/>\n\t\t<meta name=\"twitter:title\" content=\"Einladung zur Aufstellungsversammlung von Bewerbern f\u00fcr den Gemeinderat - Gemeinsam f\u00fcr Dernbach\" \/>\n\t\t<meta name=\"twitter:description\" content=\"Liebe Dernbacherinnen und Dernbacher! Weil uns unsere Heimat und die Interessen aller Dernbacher Einwohner am Herzen liegen, haben wir - \u201eGemeinsam f\u00fcr Dernbach\u201c - uns zu einer politisch unabh\u00e4ngigen W\u00e4hlergruppe zusammengeschlossen. Mit unseren Ideen wollen wir uns an den politischen Entscheidungsabl\u00e4ufen im Ort beteiligen und zur Kommunalwahl 2024 antreten. Dazu bedarf es einer \u201eAufstellungsversammlung von\" \/>\n\t\t<meta name=\"twitter:image\" content=\"https:\/\/gemeinsam-fuer-dernbach.de\/wp-content\/uploads\/2024\/12\/cropped-Button.png\" \/>\n\t\t<script type=\"application\/ld+json\" class=\"aioseo-schema\">\n\t\t\t{\"@context\":\"https:\\\/\\\/schema.org\",\"@graph\":[{\"@type\":\"BlogPosting\",\"@id\":\"https:\\\/\\\/gemeinsam-fuer-dernbach.de\\\/it\\\/einladung-zur-aufstellungsversammlung-von-bewerbern-fuer-den-gemeinderat#blogposting\",\"name\":\"Einladung zur Aufstellungsversammlung von Bewerbern f\\u00fcr den Gemeinderat - Gemeinsam f\\u00fcr Dernbach\",\"headline\":\"Einladung zur Aufstellungsversammlung von Bewerbern f\\u00fcr den Gemeinderat\",\"author\":{\"@id\":\"https:\\\/\\\/gemeinsam-fuer-dernbach.de\\\/it\\\/author\\\/gfd_admin#author\"},\"publisher\":{\"@id\":\"https:\\\/\\\/gemeinsam-fuer-dernbach.de\\\/it\\\/#organization\"},\"image\":{\"@type\":\"ImageObject\",\"url\":\"https:\\\/\\\/gemeinsam-fuer-dernbach.de\\\/wp-content\\\/uploads\\\/2024\\\/12\\\/cropped-Button.png\",\"@id\":\"https:\\\/\\\/gemeinsam-fuer-dernbach.de\\\/it\\\/#articleImage\",\"width\":512,\"height\":512,\"caption\":\"Gemeinsam f\\u00fcr Dernbach\"},\"datePublished\":\"2024-01-10T12:00:30+01:00\",\"dateModified\":\"2025-03-07T20:12:16+01:00\",\"inLanguage\":\"it-IT\",\"mainEntityOfPage\":{\"@id\":\"https:\\\/\\\/gemeinsam-fuer-dernbach.de\\\/it\\\/einladung-zur-aufstellungsversammlung-von-bewerbern-fuer-den-gemeinderat#webpage\"},\"isPartOf\":{\"@id\":\"https:\\\/\\\/gemeinsam-fuer-dernbach.de\\\/it\\\/einladung-zur-aufstellungsversammlung-von-bewerbern-fuer-den-gemeinderat#webpage\"},\"articleSection\":\"Ank\\u00fcndigungen, Veranstaltungen\"},{\"@type\":\"BreadcrumbList\",\"@id\":\"https:\\\/\\\/gemeinsam-fuer-dernbach.de\\\/it\\\/einladung-zur-aufstellungsversammlung-von-bewerbern-fuer-den-gemeinderat#breadcrumblist\",\"itemListElement\":[{\"@type\":\"ListItem\",\"@id\":\"https:\\\/\\\/gemeinsam-fuer-dernbach.de\\\/it#listItem\",\"position\":1,\"name\":\"Home\",\"item\":\"https:\\\/\\\/gemeinsam-fuer-dernbach.de\\\/it\",\"nextItem\":{\"@type\":\"ListItem\",\"@id\":\"https:\\\/\\\/gemeinsam-fuer-dernbach.de\\\/it\\\/category\\\/veranstaltungen#listItem\",\"name\":\"Veranstaltungen\"}},{\"@type\":\"ListItem\",\"@id\":\"https:\\\/\\\/gemeinsam-fuer-dernbach.de\\\/it\\\/category\\\/veranstaltungen#listItem\",\"position\":2,\"name\":\"Veranstaltungen\",\"item\":\"https:\\\/\\\/gemeinsam-fuer-dernbach.de\\\/it\\\/category\\\/veranstaltungen\",\"nextItem\":{\"@type\":\"ListItem\",\"@id\":\"https:\\\/\\\/gemeinsam-fuer-dernbach.de\\\/it\\\/einladung-zur-aufstellungsversammlung-von-bewerbern-fuer-den-gemeinderat#listItem\",\"name\":\"Einladung zur Aufstellungsversammlung von Bewerbern f\\u00fcr den Gemeinderat\"},\"previousItem\":{\"@type\":\"ListItem\",\"@id\":\"https:\\\/\\\/gemeinsam-fuer-dernbach.de\\\/it#listItem\",\"name\":\"Home\"}},{\"@type\":\"ListItem\",\"@id\":\"https:\\\/\\\/gemeinsam-fuer-dernbach.de\\\/it\\\/einladung-zur-aufstellungsversammlung-von-bewerbern-fuer-den-gemeinderat#listItem\",\"position\":3,\"name\":\"Einladung zur Aufstellungsversammlung von Bewerbern f\\u00fcr den Gemeinderat\",\"previousItem\":{\"@type\":\"ListItem\",\"@id\":\"https:\\\/\\\/gemeinsam-fuer-dernbach.de\\\/it\\\/category\\\/veranstaltungen#listItem\",\"name\":\"Veranstaltungen\"}}]},{\"@type\":\"Organization\",\"@id\":\"https:\\\/\\\/gemeinsam-fuer-dernbach.de\\\/it\\\/#organization\",\"name\":\"Gemeinsam f\\u00fcr Dernbach\",\"description\":\"Gemeinsam f\\u00fcr Dernbach - Website der W\\u00e4hlergruppe Jankowitsch\",\"url\":\"https:\\\/\\\/gemeinsam-fuer-dernbach.de\\\/it\\\/\",\"logo\":{\"@type\":\"ImageObject\",\"url\":\"https:\\\/\\\/gemeinsam-fuer-dernbach.de\\\/wp-content\\\/uploads\\\/2024\\\/12\\\/cropped-Button.png\",\"@id\":\"https:\\\/\\\/gemeinsam-fuer-dernbach.de\\\/it\\\/einladung-zur-aufstellungsversammlung-von-bewerbern-fuer-den-gemeinderat\\\/#organizationLogo\",\"width\":512,\"height\":512,\"caption\":\"Gemeinsam f\\u00fcr Dernbach\"},\"image\":{\"@id\":\"https:\\\/\\\/gemeinsam-fuer-dernbach.de\\\/it\\\/einladung-zur-aufstellungsversammlung-von-bewerbern-fuer-den-gemeinderat\\\/#organizationLogo\"},\"sameAs\":[\"https:\\\/\\\/www.facebook.com\\\/gemeinsam.fuer.dernbach\\\/\",\"https:\\\/\\\/www.instagram.com\\\/gemeinsam_fuer_dernbach\\\/\"]},{\"@type\":\"Person\",\"@id\":\"https:\\\/\\\/gemeinsam-fuer-dernbach.de\\\/it\\\/author\\\/gfd_admin#author\",\"url\":\"https:\\\/\\\/gemeinsam-fuer-dernbach.de\\\/it\\\/author\\\/gfd_admin\",\"name\":\"GfD_Admin\"},{\"@type\":\"WebPage\",\"@id\":\"https:\\\/\\\/gemeinsam-fuer-dernbach.de\\\/it\\\/einladung-zur-aufstellungsversammlung-von-bewerbern-fuer-den-gemeinderat#webpage\",\"url\":\"https:\\\/\\\/gemeinsam-fuer-dernbach.de\\\/it\\\/einladung-zur-aufstellungsversammlung-von-bewerbern-fuer-den-gemeinderat\",\"name\":\"Einladung zur Aufstellungsversammlung von Bewerbern f\\u00fcr den Gemeinderat - Gemeinsam f\\u00fcr Dernbach\",\"description\":\"Liebe Dernbacherinnen und Dernbacher! Weil uns unsere Heimat und die Interessen aller Dernbacher Einwohner am Herzen liegen, haben wir - \\u201eGemeinsam f\\u00fcr Dernbach\\u201c - uns zu einer politisch unabh\\u00e4ngigen W\\u00e4hlergruppe zusammengeschlossen. Mit unseren Ideen wollen wir uns an den politischen Entscheidungsabl\\u00e4ufen im Ort beteiligen und zur Kommunalwahl 2024 antreten. Dazu bedarf es einer \\u201eAufstellungsversammlung von\",\"inLanguage\":\"it-IT\",\"isPartOf\":{\"@id\":\"https:\\\/\\\/gemeinsam-fuer-dernbach.de\\\/it\\\/#website\"},\"breadcrumb\":{\"@id\":\"https:\\\/\\\/gemeinsam-fuer-dernbach.de\\\/it\\\/einladung-zur-aufstellungsversammlung-von-bewerbern-fuer-den-gemeinderat#breadcrumblist\"},\"author\":{\"@id\":\"https:\\\/\\\/gemeinsam-fuer-dernbach.de\\\/it\\\/author\\\/gfd_admin#author\"},\"creator\":{\"@id\":\"https:\\\/\\\/gemeinsam-fuer-dernbach.de\\\/it\\\/author\\\/gfd_admin#author\"},\"datePublished\":\"2024-01-10T12:00:30+01:00\",\"dateModified\":\"2025-03-07T20:12:16+01:00\"},{\"@type\":\"WebSite\",\"@id\":\"https:\\\/\\\/gemeinsam-fuer-dernbach.de\\\/it\\\/#website\",\"url\":\"https:\\\/\\\/gemeinsam-fuer-dernbach.de\\\/it\\\/\",\"name\":\"Gemeinsam f\\u00fcr Dernbach\",\"description\":\"Gemeinsam f\\u00fcr Dernbach - Website der W\\u00e4hlergruppe Jankowitsch\",\"inLanguage\":\"it-IT\",\"publisher\":{\"@id\":\"https:\\\/\\\/gemeinsam-fuer-dernbach.de\\\/it\\\/#organization\"}}]}\n\t\t<\/script>\n\t\t<!-- All in One SEO -->\n\n","aioseo_head_json":{"title":"Einladung zur Aufstellungsversammlung von Bewerbern f\u00fcr den Gemeinderat - Gemeinsam f\u00fcr Dernbach","description":"Liebe Dernbacherinnen und Dernbacher! Weil uns unsere Heimat und die Interessen aller Dernbacher Einwohner am Herzen liegen, haben wir - \u201eGemeinsam f\u00fcr Dernbach\u201c - uns zu einer politisch unabh\u00e4ngigen W\u00e4hlergruppe zusammengeschlossen. Mit unseren Ideen wollen wir uns an den politischen Entscheidungsabl\u00e4ufen im Ort beteiligen und zur Kommunalwahl 2024 antreten. Dazu bedarf es einer \u201eAufstellungsversammlung von","canonical_url":"https:\/\/gemeinsam-fuer-dernbach.de\/it\/einladung-zur-aufstellungsversammlung-von-bewerbern-fuer-den-gemeinderat","robots":"max-image-preview:large","keywords":"","webmasterTools":{"miscellaneous":""},"schema":{"@context":"https:\/\/schema.org","@graph":[{"@type":"BlogPosting","@id":"https:\/\/gemeinsam-fuer-dernbach.de\/it\/einladung-zur-aufstellungsversammlung-von-bewerbern-fuer-den-gemeinderat#blogposting","name":"Einladung zur Aufstellungsversammlung von Bewerbern f\u00fcr den Gemeinderat - Gemeinsam f\u00fcr Dernbach","headline":"Einladung zur Aufstellungsversammlung von Bewerbern f\u00fcr den Gemeinderat","author":{"@id":"https:\/\/gemeinsam-fuer-dernbach.de\/it\/author\/gfd_admin#author"},"publisher":{"@id":"https:\/\/gemeinsam-fuer-dernbach.de\/it\/#organization"},"image":{"@type":"ImageObject","url":"https:\/\/gemeinsam-fuer-dernbach.de\/wp-content\/uploads\/2024\/12\/cropped-Button.png","@id":"https:\/\/gemeinsam-fuer-dernbach.de\/it\/#articleImage","width":512,"height":512,"caption":"Gemeinsam f\u00fcr Dernbach"},"datePublished":"2024-01-10T12:00:30+01:00","dateModified":"2025-03-07T20:12:16+01:00","inLanguage":"it-IT","mainEntityOfPage":{"@id":"https:\/\/gemeinsam-fuer-dernbach.de\/it\/einladung-zur-aufstellungsversammlung-von-bewerbern-fuer-den-gemeinderat#webpage"},"isPartOf":{"@id":"https:\/\/gemeinsam-fuer-dernbach.de\/it\/einladung-zur-aufstellungsversammlung-von-bewerbern-fuer-den-gemeinderat#webpage"},"articleSection":"Ank\u00fcndigungen, Veranstaltungen"},{"@type":"BreadcrumbList","@id":"https:\/\/gemeinsam-fuer-dernbach.de\/it\/einladung-zur-aufstellungsversammlung-von-bewerbern-fuer-den-gemeinderat#breadcrumblist","itemListElement":[{"@type":"ListItem","@id":"https:\/\/gemeinsam-fuer-dernbach.de\/it#listItem","position":1,"name":"Home","item":"https:\/\/gemeinsam-fuer-dernbach.de\/it","nextItem":{"@type":"ListItem","@id":"https:\/\/gemeinsam-fuer-dernbach.de\/it\/category\/veranstaltungen#listItem","name":"Veranstaltungen"}},{"@type":"ListItem","@id":"https:\/\/gemeinsam-fuer-dernbach.de\/it\/category\/veranstaltungen#listItem","position":2,"name":"Veranstaltungen","item":"https:\/\/gemeinsam-fuer-dernbach.de\/it\/category\/veranstaltungen","nextItem":{"@type":"ListItem","@id":"https:\/\/gemeinsam-fuer-dernbach.de\/it\/einladung-zur-aufstellungsversammlung-von-bewerbern-fuer-den-gemeinderat#listItem","name":"Einladung zur Aufstellungsversammlung von Bewerbern f\u00fcr den Gemeinderat"},"previousItem":{"@type":"ListItem","@id":"https:\/\/gemeinsam-fuer-dernbach.de\/it#listItem","name":"Home"}},{"@type":"ListItem","@id":"https:\/\/gemeinsam-fuer-dernbach.de\/it\/einladung-zur-aufstellungsversammlung-von-bewerbern-fuer-den-gemeinderat#listItem","position":3,"name":"Einladung zur Aufstellungsversammlung von Bewerbern f\u00fcr den Gemeinderat","previousItem":{"@type":"ListItem","@id":"https:\/\/gemeinsam-fuer-dernbach.de\/it\/category\/veranstaltungen#listItem","name":"Veranstaltungen"}}]},{"@type":"Organization","@id":"https:\/\/gemeinsam-fuer-dernbach.de\/it\/#organization","name":"Gemeinsam f\u00fcr Dernbach","description":"Gemeinsam f\u00fcr Dernbach - Website der W\u00e4hlergruppe Jankowitsch","url":"https:\/\/gemeinsam-fuer-dernbach.de\/it\/","logo":{"@type":"ImageObject","url":"https:\/\/gemeinsam-fuer-dernbach.de\/wp-content\/uploads\/2024\/12\/cropped-Button.png","@id":"https:\/\/gemeinsam-fuer-dernbach.de\/it\/einladung-zur-aufstellungsversammlung-von-bewerbern-fuer-den-gemeinderat\/#organizationLogo","width":512,"height":512,"caption":"Gemeinsam f\u00fcr Dernbach"},"image":{"@id":"https:\/\/gemeinsam-fuer-dernbach.de\/it\/einladung-zur-aufstellungsversammlung-von-bewerbern-fuer-den-gemeinderat\/#organizationLogo"},"sameAs":["https:\/\/www.facebook.com\/gemeinsam.fuer.dernbach\/","https:\/\/www.instagram.com\/gemeinsam_fuer_dernbach\/"]},{"@type":"Person","@id":"https:\/\/gemeinsam-fuer-dernbach.de\/it\/author\/gfd_admin#author","url":"https:\/\/gemeinsam-fuer-dernbach.de\/it\/author\/gfd_admin","name":"GfD_Admin"},{"@type":"WebPage","@id":"https:\/\/gemeinsam-fuer-dernbach.de\/it\/einladung-zur-aufstellungsversammlung-von-bewerbern-fuer-den-gemeinderat#webpage","url":"https:\/\/gemeinsam-fuer-dernbach.de\/it\/einladung-zur-aufstellungsversammlung-von-bewerbern-fuer-den-gemeinderat","name":"Einladung zur Aufstellungsversammlung von Bewerbern f\u00fcr den Gemeinderat - Gemeinsam f\u00fcr Dernbach","description":"Liebe Dernbacherinnen und Dernbacher! Weil uns unsere Heimat und die Interessen aller Dernbacher Einwohner am Herzen liegen, haben wir - \u201eGemeinsam f\u00fcr Dernbach\u201c - uns zu einer politisch unabh\u00e4ngigen W\u00e4hlergruppe zusammengeschlossen. Mit unseren Ideen wollen wir uns an den politischen Entscheidungsabl\u00e4ufen im Ort beteiligen und zur Kommunalwahl 2024 antreten. Dazu bedarf es einer \u201eAufstellungsversammlung von","inLanguage":"it-IT","isPartOf":{"@id":"https:\/\/gemeinsam-fuer-dernbach.de\/it\/#website"},"breadcrumb":{"@id":"https:\/\/gemeinsam-fuer-dernbach.de\/it\/einladung-zur-aufstellungsversammlung-von-bewerbern-fuer-den-gemeinderat#breadcrumblist"},"author":{"@id":"https:\/\/gemeinsam-fuer-dernbach.de\/it\/author\/gfd_admin#author"},"creator":{"@id":"https:\/\/gemeinsam-fuer-dernbach.de\/it\/author\/gfd_admin#author"},"datePublished":"2024-01-10T12:00:30+01:00","dateModified":"2025-03-07T20:12:16+01:00"},{"@type":"WebSite","@id":"https:\/\/gemeinsam-fuer-dernbach.de\/it\/#website","url":"https:\/\/gemeinsam-fuer-dernbach.de\/it\/","name":"Gemeinsam f\u00fcr Dernbach","description":"Gemeinsam f\u00fcr Dernbach - Website der W\u00e4hlergruppe Jankowitsch","inLanguage":"it-IT","publisher":{"@id":"https:\/\/gemeinsam-fuer-dernbach.de\/it\/#organization"}}]},"og:locale":"it_IT","og:site_name":"Gemeinsam f\u00fcr Dernbach - Gemeinsam f\u00fcr Dernbach - Website der W\u00e4hlergruppe Jankowitsch","og:type":"article","og:title":"Einladung zur Aufstellungsversammlung von Bewerbern f\u00fcr den Gemeinderat - Gemeinsam f\u00fcr Dernbach","og:description":"Liebe Dernbacherinnen und Dernbacher! Weil uns unsere Heimat und die Interessen aller Dernbacher Einwohner am Herzen liegen, haben wir - \u201eGemeinsam f\u00fcr Dernbach\u201c - uns zu einer politisch unabh\u00e4ngigen W\u00e4hlergruppe zusammengeschlossen. Mit unseren Ideen wollen wir uns an den politischen Entscheidungsabl\u00e4ufen im Ort beteiligen und zur Kommunalwahl 2024 antreten. Dazu bedarf es einer \u201eAufstellungsversammlung von","og:url":"https:\/\/gemeinsam-fuer-dernbach.de\/it\/einladung-zur-aufstellungsversammlung-von-bewerbern-fuer-den-gemeinderat","og:image":"https:\/\/gemeinsam-fuer-dernbach.de\/wp-content\/uploads\/2024\/12\/cropped-Button.png","og:image:secure_url":"https:\/\/gemeinsam-fuer-dernbach.de\/wp-content\/uploads\/2024\/12\/cropped-Button.png","og:image:width":512,"og:image:height":512,"article:published_time":"2024-01-10T11:00:30+00:00","article:modified_time":"2025-03-07T19:12:16+00:00","article:publisher":"https:\/\/www.facebook.com\/gemeinsam.fuer.dernbach\/","twitter:card":"summary_large_image","twitter:title":"Einladung zur Aufstellungsversammlung von Bewerbern f\u00fcr den Gemeinderat - Gemeinsam f\u00fcr Dernbach","twitter:description":"Liebe Dernbacherinnen und Dernbacher! Weil uns unsere Heimat und die Interessen aller Dernbacher Einwohner am Herzen liegen, haben wir - \u201eGemeinsam f\u00fcr Dernbach\u201c - uns zu einer politisch unabh\u00e4ngigen W\u00e4hlergruppe zusammengeschlossen. Mit unseren Ideen wollen wir uns an den politischen Entscheidungsabl\u00e4ufen im Ort beteiligen und zur Kommunalwahl 2024 antreten. Dazu bedarf es einer \u201eAufstellungsversammlung von","twitter:image":"https:\/\/gemeinsam-fuer-dernbach.de\/wp-content\/uploads\/2024\/12\/cropped-Button.png"},"aioseo_meta_data":{"post_id":"325","title":null,"description":null,"keywords":null,"keyphrases":null,"primary_term":null,"canonical_url":null,"og_title":null,"og_description":null,"og_object_type":"default","og_image_type":"default","og_image_url":null,"og_image_width":null,"og_image_height":null,"og_image_custom_url":null,"og_image_custom_fields":null,"og_video":null,"og_custom_url":null,"og_article_section":null,"og_article_tags":null,"twitter_use_og":false,"twitter_card":"default","twitter_image_type":"default","twitter_image_url":null,"twitter_image_custom_url":null,"twitter_image_custom_fields":null,"twitter_title":null,"twitter_description":null,"schema":{"blockGraphs":[],"customGraphs":[],"default":{"data":{"Article":[],"Course":[],"Dataset":[],"FAQPage":[],"Movie":[],"Person":[],"Product":[],"ProductReview":[],"Car":[],"Recipe":[],"Service":[],"SoftwareApplication":[],"WebPage":[]},"graphName":"","isEnabled":true},"graphs":[]},"schema_type":"default","schema_type_options":null,"pillar_content":false,"robots_default":true,"robots_noindex":false,"robots_noarchive":false,"robots_nosnippet":false,"robots_nofollow":false,"robots_noimageindex":false,"robots_noodp":false,"robots_notranslate":false,"robots_max_snippet":null,"robots_max_videopreview":null,"robots_max_imagepreview":"large","priority":null,"frequency":null,"local_seo":null,"breadcrumb_settings":null,"limit_modified_date":false,"ai":null,"created":"2025-06-24 20:04:01","updated":"2025-06-24 20:04:01","seo_analyzer_scan_date":null,"focus_keyword":null,"additional_keywords":null,"truseo_locale":null},"aioseo_breadcrumb":"<div class=\"aioseo-breadcrumbs\"><span class=\"aioseo-breadcrumb\">\n\t\t\t<a href=\"https:\/\/gemeinsam-fuer-dernbach.de\/it\" title=\"Home\">Home<\/a>\n\t\t<\/span><span class=\"aioseo-breadcrumb-separator\">&raquo;<\/span><span class=\"aioseo-breadcrumb\">\n\t\t\t<a href=\"https:\/\/gemeinsam-fuer-dernbach.de\/it\/category\/veranstaltungen\" title=\"Veranstaltungen\">Veranstaltungen<\/a>\n\t\t<\/span><span class=\"aioseo-breadcrumb-separator\">&raquo;<\/span><span class=\"aioseo-breadcrumb\">\n\t\t\tEinladung zur Aufstellungsversammlung von Bewerbern f\u00fcr den Gemeinderat\n\t\t<\/span><\/div>","aioseo_breadcrumb_json":[{"label":"Home","link":"https:\/\/gemeinsam-fuer-dernbach.de\/it"},{"label":"Veranstaltungen","link":"https:\/\/gemeinsam-fuer-dernbach.de\/it\/category\/veranstaltungen"},{"label":"Einladung zur Aufstellungsversammlung von Bewerbern f\u00fcr den Gemeinderat","link":"https:\/\/gemeinsam-fuer-dernbach.de\/it\/einladung-zur-aufstellungsversammlung-von-bewerbern-fuer-den-gemeinderat"}],"_links":{"self":[{"href":"https:\/\/gemeinsam-fuer-dernbach.de\/it\/wp-json\/wp\/v2\/posts\/325","targetHints":{"allow":["GET"]}}],"collection":[{"href":"https:\/\/gemeinsam-fuer-dernbach.de\/it\/wp-json\/wp\/v2\/posts"}],"about":[{"href":"https:\/\/gemeinsam-fuer-dernbach.de\/it\/wp-json\/wp\/v2\/types\/post"}],"author":[{"embeddable":true,"href":"https:\/\/gemeinsam-fuer-dernbach.de\/it\/wp-json\/wp\/v2\/users\/1"}],"replies":[{"embeddable":true,"href":"https:\/\/gemeinsam-fuer-dernbach.de\/it\/wp-json\/wp\/v2\/comments?post=325"}],"version-history":[{"count":8,"href":"https:\/\/gemeinsam-fuer-dernbach.de\/it\/wp-json\/wp\/v2\/posts\/325\/revisions"}],"predecessor-version":[{"id":1196,"href":"https:\/\/gemeinsam-fuer-dernbach.de\/it\/wp-json\/wp\/v2\/posts\/325\/revisions\/1196"}],"wp:attachment":[{"href":"https:\/\/gemeinsam-fuer-dernbach.de\/it\/wp-json\/wp\/v2\/media?parent=325"}],"wp:term":[{"taxonomy":"category","embeddable":true,"href":"https:\/\/gemeinsam-fuer-dernbach.de\/it\/wp-json\/wp\/v2\/categories?post=325"},{"taxonomy":"post_tag","embeddable":true,"href":"https:\/\/gemeinsam-fuer-dernbach.de\/it\/wp-json\/wp\/v2\/tags?post=325"}],"curies":[{"name":"wp","href":"https:\/\/api.w.org\/{rel}","templated":true}]}}