{"id":665,"date":"2024-08-30T19:02:07","date_gmt":"2024-08-30T18:02:07","guid":{"rendered":"https:\/\/gemeinsam-fuer-dernbach.de\/?p=665"},"modified":"2025-03-07T20:13:25","modified_gmt":"2025-03-07T19:13:25","slug":"premiere-waehlergruppe-jankowitsch-nun-im-ortsgemeinderat","status":"publish","type":"post","link":"https:\/\/gemeinsam-fuer-dernbach.de\/it\/premiere-waehlergruppe-jankowitsch-nun-im-ortsgemeinderat","title":{"rendered":"Anteprima: Il gruppo di elettori Jankowitsch ora nel consiglio locale"},"content":{"rendered":"<p class=\"wp-block-paragraph\"><style>\/*! elementor - v3.23.0 - 05-08-2024 *\/<br \/>\n.elementor-widget-image{text-align:center}.elementor-widget-image a{display:inline-block}.elementor-widget-image a img[src$=\".svg\"]{width:48px}.elementor-widget-image img{vertical-align:middle;display:inline-block}<\/style><\/p>\n\n\n\n<figure class=\"wp-block-image\"><img decoding=\"async\" src=\"https:\/\/gemeinsam-fuer-dernbach.de\/wp-content\/uploads\/2024\/08\/Gemeinderatsmitglieder_c.jpeg\" alt=\"La squadra della fazione nel consiglio comunale di fronte al centro comunale\"\/><\/figure>\n\n\n\n<p class=\"wp-block-paragraph\"><\/p>\n\n\n\n<p class=\"wp-block-paragraph\">L'altro ieri era finalmente ora: Il nostro consiglio locale appena eletto \u00e8 stato ufficialmente introdotto in carica dal sindaco rieletto Ferdi D\u00fcber. Il Consiglio \u00e8 stato obbligato da una stretta di mano e ha quindi annunciato l'inizio di un nuovo mandato.<\/p>\n\n\n\n<p class=\"wp-block-paragraph\">Per noi \u2013 Alessa Bode, Stefan G\u00f6rg, Stefan Heinz, Cosimo Jankowitsch, Frank K\u00f6hn e Manuel Misgeld \u2013 i lavori per il consiglio comunale di Dernbach sono ufficialmente iniziati. Non vediamo l'ora di partecipare attivamente alle varie commissioni e di rappresentare gli interessi dei nostri cittadini.<\/p>\n\n\n\n<p class=\"wp-block-paragraph\">La prima data ufficiale \u00e8 dietro l'angolo: Avanti <strong>Mercoled\u00ec 4 settembre 2024<\/strong>, a <strong>ore 19.00<\/strong> Il primo incontro con contenuti importanti si svolge nel municipio del municipio di Dernbach, incluso il programma delle tasse del centro comunitario, del municipio e dell'edificio del campo sportivo. Tutte le parti interessate sono cordialmente invitate a unirsi a noi e farsi un'idea del nostro lavoro.<\/p>\n\n\n\n<p class=\"wp-block-paragraph\">A questo punto, vorremmo ancora una volta <strong>Molte grazie a tutti,<\/strong> Si sono fidati di noi con il loro voto. Il vostro sostegno \u00e8 il nostro incentivo a lavorare con pieno impegno per un Dernbach ancora pi\u00f9 vivibile.<\/p>\n\n\n\n<p class=\"wp-block-paragraph\">Al fine di tenervi aggiornati, riferiremo regolarmente sugli sviluppi in seno al Consiglio attraverso la nostra homepage e i social network. Vorremmo anche invitarvi come gruppo di elettori Yankovich a riunioni regolari. Insieme possiamo sviluppare e implementare idee per migliorare ulteriormente il nostro bellissimo villaggio per tutte le generazioni.<\/p>\n\n\n\n<p class=\"wp-block-paragraph\">Attendiamo con impazienza i prossimi compiti e <strong>Insieme a voi il futuro di Dernbach<\/strong> per progettare!<\/p>","protected":false},"excerpt":{"rendered":"<p>L'altro ieri era finalmente arrivato il momento: Il nostro consiglio locale appena eletto \u00e8 stato ufficialmente introdotto in carica dal sindaco rieletto Ferdi D\u00fcber. Per stretta di mano, il Consiglio \u00e8 stato obbligato e quindi il [...]<\/p>","protected":false},"author":2,"featured_media":0,"comment_status":"closed","ping_status":"open","sticky":false,"template":"","format":"standard","meta":{"_price":"","_stock":"","_tribe_ticket_header":"","_tribe_default_ticket_provider":"","_tribe_ticket_capacity":"0","_ticket_start_date":"","_ticket_end_date":"","_tribe_ticket_show_description":"","_tribe_ticket_show_not_going":false,"_tribe_ticket_use_global_stock":"","_tribe_ticket_global_stock_level":"","_global_stock_mode":"","_global_stock_cap":"","_tribe_rsvp_for_event":"","_tribe_ticket_going_count":"","_tribe_ticket_not_going_count":"","_tribe_tickets_list":"[]","_tribe_ticket_has_attendee_info_fields":false,"_EventAllDay":false,"_EventTimezone":"","_EventStartDate":"","_EventEndDate":"","_EventStartDateUTC":"","_EventEndDateUTC":"","_EventShowMap":false,"_EventShowMapLink":false,"_EventURL":"","_EventCost":"","_EventCostDescription":"","_EventCurrencySymbol":"","_EventCurrencyCode":"","_EventCurrencyPosition":"","_EventDateTimeSeparator":"","_EventTimeRangeSeparator":"","_EventOrganizerID":[],"_EventVenueID":[],"_OrganizerEmail":"","_OrganizerPhone":"","_OrganizerWebsite":"","_VenueAddress":"","_VenueCity":"","_VenueCountry":"","_VenueProvince":"","_VenueState":"","_VenueZip":"","_VenuePhone":"","_VenueURL":"","_VenueStateProvince":"","_VenueLat":"","_VenueLng":"","_VenueShowMap":false,"_VenueShowMapLink":false,"footnotes":""},"categories":[10,9],"tags":[12,17,16],"class_list":["post-665","post","type-post","status-publish","format-standard","hentry","category-neues-aus-dem-gemeinderat","category-neues-von-uns","tag-gemeinsam-fuer-dernbach","tag-ortsgemeinderat","tag-waehlergruppe-jankowitsch"],"aioseo_notices":[],"aioseo_head":"\n\t\t<!-- All in One SEO 5.0.1.1 - aioseo.com -->\n\t<meta name=\"description\" content=\"Vorgestern war es endlich soweit: Unser neu gew\u00e4hlter Ortsgemeinderat wurde offiziell durch den wiedergew\u00e4hlten B\u00fcrgermeister Ferdi D\u00fcber in sein Amt eingef\u00fchrt. Per Handschlag wurde der Rat verpflichtet und damit der Beginn einer neuen Mandatsperiode eingel\u00e4utet. F\u00fcr uns \u2013 Alessa Bode, Stefan G\u00f6rg, Stefan Heinz, Cosimo Jankowitsch, Frank K\u00f6hn und Dr. Manuel Misgeld \u2013 hat nun\" \/>\n\t<meta name=\"robots\" content=\"max-image-preview:large\" \/>\n\t<meta name=\"author\" content=\"GfD_Manuel\"\/>\n\t<link rel=\"canonical\" href=\"https:\/\/gemeinsam-fuer-dernbach.de\/it\/premiere-waehlergruppe-jankowitsch-nun-im-ortsgemeinderat\" \/>\n\t<meta name=\"generator\" content=\"All in One SEO (AIOSEO) 5.0.1.1\" \/>\n\t\t<meta property=\"og:locale\" content=\"it_IT\" \/>\n\t\t<meta property=\"og:site_name\" content=\"Gemeinsam f\u00fcr Dernbach - Gemeinsam f\u00fcr Dernbach - Website der W\u00e4hlergruppe Jankowitsch\" \/>\n\t\t<meta property=\"og:type\" content=\"article\" \/>\n\t\t<meta property=\"og:title\" content=\"Premiere: W\u00e4hlergruppe Jankowitsch nun im Ortsgemeinderat - Gemeinsam f\u00fcr Dernbach\" \/>\n\t\t<meta property=\"og:description\" content=\"Vorgestern war es endlich soweit: Unser neu gew\u00e4hlter Ortsgemeinderat wurde offiziell durch den wiedergew\u00e4hlten B\u00fcrgermeister Ferdi D\u00fcber in sein Amt eingef\u00fchrt. Per Handschlag wurde der Rat verpflichtet und damit der Beginn einer neuen Mandatsperiode eingel\u00e4utet. F\u00fcr uns \u2013 Alessa Bode, Stefan G\u00f6rg, Stefan Heinz, Cosimo Jankowitsch, Frank K\u00f6hn und Dr. Manuel Misgeld \u2013 hat nun\" \/>\n\t\t<meta property=\"og:url\" content=\"https:\/\/gemeinsam-fuer-dernbach.de\/it\/premiere-waehlergruppe-jankowitsch-nun-im-ortsgemeinderat\" \/>\n\t\t<meta property=\"og:image\" content=\"https:\/\/gemeinsam-fuer-dernbach.de\/wp-content\/uploads\/2024\/12\/cropped-Button.png\" \/>\n\t\t<meta property=\"og:image:secure_url\" content=\"https:\/\/gemeinsam-fuer-dernbach.de\/wp-content\/uploads\/2024\/12\/cropped-Button.png\" \/>\n\t\t<meta property=\"og:image:width\" content=\"512\" \/>\n\t\t<meta property=\"og:image:height\" content=\"512\" \/>\n\t\t<meta property=\"article:published_time\" content=\"2024-08-30T18:02:07+00:00\" \/>\n\t\t<meta property=\"article:modified_time\" content=\"2025-03-07T19:13:25+00:00\" \/>\n\t\t<meta property=\"article:publisher\" content=\"https:\/\/www.facebook.com\/gemeinsam.fuer.dernbach\/\" \/>\n\t\t<meta name=\"twitter:card\" content=\"summary_large_image\" \/>\n\t\t<meta name=\"twitter:title\" content=\"Premiere: W\u00e4hlergruppe Jankowitsch nun im Ortsgemeinderat - Gemeinsam f\u00fcr Dernbach\" \/>\n\t\t<meta name=\"twitter:description\" content=\"Vorgestern war es endlich soweit: Unser neu gew\u00e4hlter Ortsgemeinderat wurde offiziell durch den wiedergew\u00e4hlten B\u00fcrgermeister Ferdi D\u00fcber in sein Amt eingef\u00fchrt. Per Handschlag wurde der Rat verpflichtet und damit der Beginn einer neuen Mandatsperiode eingel\u00e4utet. F\u00fcr uns \u2013 Alessa Bode, Stefan G\u00f6rg, Stefan Heinz, Cosimo Jankowitsch, Frank K\u00f6hn und Dr. Manuel Misgeld \u2013 hat nun\" \/>\n\t\t<meta name=\"twitter:image\" content=\"https:\/\/gemeinsam-fuer-dernbach.de\/wp-content\/uploads\/2024\/12\/cropped-Button.png\" \/>\n\t\t<script type=\"application\/ld+json\" class=\"aioseo-schema\">\n\t\t\t{\"@context\":\"https:\\\/\\\/schema.org\",\"@graph\":[{\"@type\":\"BlogPosting\",\"@id\":\"https:\\\/\\\/gemeinsam-fuer-dernbach.de\\\/it\\\/premiere-waehlergruppe-jankowitsch-nun-im-ortsgemeinderat#blogposting\",\"name\":\"Premiere: W\\u00e4hlergruppe Jankowitsch nun im Ortsgemeinderat - Gemeinsam f\\u00fcr Dernbach\",\"headline\":\"Premiere: W\\u00e4hlergruppe Jankowitsch nun im Ortsgemeinderat\",\"author\":{\"@id\":\"https:\\\/\\\/gemeinsam-fuer-dernbach.de\\\/it\\\/author\\\/gfd_manuel#author\"},\"publisher\":{\"@id\":\"https:\\\/\\\/gemeinsam-fuer-dernbach.de\\\/it\\\/#organization\"},\"image\":{\"@type\":\"ImageObject\",\"url\":\"https:\\\/\\\/gemeinsam-fuer-dernbach.de\\\/wp-content\\\/uploads\\\/2024\\\/08\\\/Gemeinderatsmitglieder_c.jpeg\",\"@id\":\"https:\\\/\\\/gemeinsam-fuer-dernbach.de\\\/it\\\/premiere-waehlergruppe-jankowitsch-nun-im-ortsgemeinderat\\\/#articleImage\",\"width\":976,\"height\":1020,\"caption\":\"Von links nach rechts: Dr. Manuel Misgeld, Cosimo Jankowitsch, Stefan G\\u00f6rg, Frank K\\u00f6hn, Alessa Bode, Stefan Heinz\"},\"datePublished\":\"2024-08-30T19:02:07+01:00\",\"dateModified\":\"2025-03-07T20:13:25+01:00\",\"inLanguage\":\"it-IT\",\"mainEntityOfPage\":{\"@id\":\"https:\\\/\\\/gemeinsam-fuer-dernbach.de\\\/it\\\/premiere-waehlergruppe-jankowitsch-nun-im-ortsgemeinderat#webpage\"},\"isPartOf\":{\"@id\":\"https:\\\/\\\/gemeinsam-fuer-dernbach.de\\\/it\\\/premiere-waehlergruppe-jankowitsch-nun-im-ortsgemeinderat#webpage\"},\"articleSection\":\"Neues aus dem Gemeinderat, Neues von uns, Gemeinsam f\\u00fcr Dernbach, Ortsgemeinderat, W\\u00e4hlergruppe Jankowitsch\"},{\"@type\":\"BreadcrumbList\",\"@id\":\"https:\\\/\\\/gemeinsam-fuer-dernbach.de\\\/it\\\/premiere-waehlergruppe-jankowitsch-nun-im-ortsgemeinderat#breadcrumblist\",\"itemListElement\":[{\"@type\":\"ListItem\",\"@id\":\"https:\\\/\\\/gemeinsam-fuer-dernbach.de\\\/it#listItem\",\"position\":1,\"name\":\"Home\",\"item\":\"https:\\\/\\\/gemeinsam-fuer-dernbach.de\\\/it\",\"nextItem\":{\"@type\":\"ListItem\",\"@id\":\"https:\\\/\\\/gemeinsam-fuer-dernbach.de\\\/it\\\/category\\\/neues-von-uns#listItem\",\"name\":\"Neues von uns\"}},{\"@type\":\"ListItem\",\"@id\":\"https:\\\/\\\/gemeinsam-fuer-dernbach.de\\\/it\\\/category\\\/neues-von-uns#listItem\",\"position\":2,\"name\":\"Neues von uns\",\"item\":\"https:\\\/\\\/gemeinsam-fuer-dernbach.de\\\/it\\\/category\\\/neues-von-uns\",\"nextItem\":{\"@type\":\"ListItem\",\"@id\":\"https:\\\/\\\/gemeinsam-fuer-dernbach.de\\\/it\\\/premiere-waehlergruppe-jankowitsch-nun-im-ortsgemeinderat#listItem\",\"name\":\"Premiere: W\\u00e4hlergruppe Jankowitsch nun im Ortsgemeinderat\"},\"previousItem\":{\"@type\":\"ListItem\",\"@id\":\"https:\\\/\\\/gemeinsam-fuer-dernbach.de\\\/it#listItem\",\"name\":\"Home\"}},{\"@type\":\"ListItem\",\"@id\":\"https:\\\/\\\/gemeinsam-fuer-dernbach.de\\\/it\\\/premiere-waehlergruppe-jankowitsch-nun-im-ortsgemeinderat#listItem\",\"position\":3,\"name\":\"Premiere: W\\u00e4hlergruppe Jankowitsch nun im Ortsgemeinderat\",\"previousItem\":{\"@type\":\"ListItem\",\"@id\":\"https:\\\/\\\/gemeinsam-fuer-dernbach.de\\\/it\\\/category\\\/neues-von-uns#listItem\",\"name\":\"Neues von uns\"}}]},{\"@type\":\"Organization\",\"@id\":\"https:\\\/\\\/gemeinsam-fuer-dernbach.de\\\/it\\\/#organization\",\"name\":\"Gemeinsam f\\u00fcr Dernbach\",\"description\":\"Gemeinsam f\\u00fcr Dernbach - Website der W\\u00e4hlergruppe Jankowitsch\",\"url\":\"https:\\\/\\\/gemeinsam-fuer-dernbach.de\\\/it\\\/\",\"logo\":{\"@type\":\"ImageObject\",\"url\":\"https:\\\/\\\/gemeinsam-fuer-dernbach.de\\\/wp-content\\\/uploads\\\/2024\\\/12\\\/cropped-Button.png\",\"@id\":\"https:\\\/\\\/gemeinsam-fuer-dernbach.de\\\/it\\\/premiere-waehlergruppe-jankowitsch-nun-im-ortsgemeinderat\\\/#organizationLogo\",\"width\":512,\"height\":512,\"caption\":\"Gemeinsam f\\u00fcr Dernbach\"},\"image\":{\"@id\":\"https:\\\/\\\/gemeinsam-fuer-dernbach.de\\\/it\\\/premiere-waehlergruppe-jankowitsch-nun-im-ortsgemeinderat\\\/#organizationLogo\"},\"sameAs\":[\"https:\\\/\\\/www.facebook.com\\\/gemeinsam.fuer.dernbach\\\/\",\"https:\\\/\\\/www.instagram.com\\\/gemeinsam_fuer_dernbach\\\/\"]},{\"@type\":\"Person\",\"@id\":\"https:\\\/\\\/gemeinsam-fuer-dernbach.de\\\/it\\\/author\\\/gfd_manuel#author\",\"url\":\"https:\\\/\\\/gemeinsam-fuer-dernbach.de\\\/it\\\/author\\\/gfd_manuel\",\"name\":\"GfD_Manuel\"},{\"@type\":\"WebPage\",\"@id\":\"https:\\\/\\\/gemeinsam-fuer-dernbach.de\\\/it\\\/premiere-waehlergruppe-jankowitsch-nun-im-ortsgemeinderat#webpage\",\"url\":\"https:\\\/\\\/gemeinsam-fuer-dernbach.de\\\/it\\\/premiere-waehlergruppe-jankowitsch-nun-im-ortsgemeinderat\",\"name\":\"Premiere: W\\u00e4hlergruppe Jankowitsch nun im Ortsgemeinderat - Gemeinsam f\\u00fcr Dernbach\",\"description\":\"Vorgestern war es endlich soweit: Unser neu gew\\u00e4hlter Ortsgemeinderat wurde offiziell durch den wiedergew\\u00e4hlten B\\u00fcrgermeister Ferdi D\\u00fcber in sein Amt eingef\\u00fchrt. Per Handschlag wurde der Rat verpflichtet und damit der Beginn einer neuen Mandatsperiode eingel\\u00e4utet. F\\u00fcr uns \\u2013 Alessa Bode, Stefan G\\u00f6rg, Stefan Heinz, Cosimo Jankowitsch, Frank K\\u00f6hn und Dr. Manuel Misgeld \\u2013 hat nun\",\"inLanguage\":\"it-IT\",\"isPartOf\":{\"@id\":\"https:\\\/\\\/gemeinsam-fuer-dernbach.de\\\/it\\\/#website\"},\"breadcrumb\":{\"@id\":\"https:\\\/\\\/gemeinsam-fuer-dernbach.de\\\/it\\\/premiere-waehlergruppe-jankowitsch-nun-im-ortsgemeinderat#breadcrumblist\"},\"author\":{\"@id\":\"https:\\\/\\\/gemeinsam-fuer-dernbach.de\\\/it\\\/author\\\/gfd_manuel#author\"},\"creator\":{\"@id\":\"https:\\\/\\\/gemeinsam-fuer-dernbach.de\\\/it\\\/author\\\/gfd_manuel#author\"},\"datePublished\":\"2024-08-30T19:02:07+01:00\",\"dateModified\":\"2025-03-07T20:13:25+01:00\"},{\"@type\":\"WebSite\",\"@id\":\"https:\\\/\\\/gemeinsam-fuer-dernbach.de\\\/it\\\/#website\",\"url\":\"https:\\\/\\\/gemeinsam-fuer-dernbach.de\\\/it\\\/\",\"name\":\"Gemeinsam f\\u00fcr Dernbach\",\"description\":\"Gemeinsam f\\u00fcr Dernbach - Website der W\\u00e4hlergruppe Jankowitsch\",\"inLanguage\":\"it-IT\",\"publisher\":{\"@id\":\"https:\\\/\\\/gemeinsam-fuer-dernbach.de\\\/it\\\/#organization\"}}]}\n\t\t<\/script>\n\t\t<!-- All in One SEO -->\n\n","aioseo_head_json":{"title":"Premiere: W\u00e4hlergruppe Jankowitsch nun im Ortsgemeinderat - Gemeinsam f\u00fcr Dernbach","description":"Vorgestern war es endlich soweit: Unser neu gew\u00e4hlter Ortsgemeinderat wurde offiziell durch den wiedergew\u00e4hlten B\u00fcrgermeister Ferdi D\u00fcber in sein Amt eingef\u00fchrt. Per Handschlag wurde der Rat verpflichtet und damit der Beginn einer neuen Mandatsperiode eingel\u00e4utet. F\u00fcr uns \u2013 Alessa Bode, Stefan G\u00f6rg, Stefan Heinz, Cosimo Jankowitsch, Frank K\u00f6hn und Dr. Manuel Misgeld \u2013 hat nun","canonical_url":"https:\/\/gemeinsam-fuer-dernbach.de\/it\/premiere-waehlergruppe-jankowitsch-nun-im-ortsgemeinderat","robots":"max-image-preview:large","keywords":"","webmasterTools":{"miscellaneous":""},"schema":{"@context":"https:\/\/schema.org","@graph":[{"@type":"BlogPosting","@id":"https:\/\/gemeinsam-fuer-dernbach.de\/it\/premiere-waehlergruppe-jankowitsch-nun-im-ortsgemeinderat#blogposting","name":"Premiere: W\u00e4hlergruppe Jankowitsch nun im Ortsgemeinderat - Gemeinsam f\u00fcr Dernbach","headline":"Premiere: W\u00e4hlergruppe Jankowitsch nun im Ortsgemeinderat","author":{"@id":"https:\/\/gemeinsam-fuer-dernbach.de\/it\/author\/gfd_manuel#author"},"publisher":{"@id":"https:\/\/gemeinsam-fuer-dernbach.de\/it\/#organization"},"image":{"@type":"ImageObject","url":"https:\/\/gemeinsam-fuer-dernbach.de\/wp-content\/uploads\/2024\/08\/Gemeinderatsmitglieder_c.jpeg","@id":"https:\/\/gemeinsam-fuer-dernbach.de\/it\/premiere-waehlergruppe-jankowitsch-nun-im-ortsgemeinderat\/#articleImage","width":976,"height":1020,"caption":"Von links nach rechts: Dr. Manuel Misgeld, Cosimo Jankowitsch, Stefan G\u00f6rg, Frank K\u00f6hn, Alessa Bode, Stefan Heinz"},"datePublished":"2024-08-30T19:02:07+01:00","dateModified":"2025-03-07T20:13:25+01:00","inLanguage":"it-IT","mainEntityOfPage":{"@id":"https:\/\/gemeinsam-fuer-dernbach.de\/it\/premiere-waehlergruppe-jankowitsch-nun-im-ortsgemeinderat#webpage"},"isPartOf":{"@id":"https:\/\/gemeinsam-fuer-dernbach.de\/it\/premiere-waehlergruppe-jankowitsch-nun-im-ortsgemeinderat#webpage"},"articleSection":"Neues aus dem Gemeinderat, Neues von uns, Gemeinsam f\u00fcr Dernbach, Ortsgemeinderat, W\u00e4hlergruppe Jankowitsch"},{"@type":"BreadcrumbList","@id":"https:\/\/gemeinsam-fuer-dernbach.de\/it\/premiere-waehlergruppe-jankowitsch-nun-im-ortsgemeinderat#breadcrumblist","itemListElement":[{"@type":"ListItem","@id":"https:\/\/gemeinsam-fuer-dernbach.de\/it#listItem","position":1,"name":"Home","item":"https:\/\/gemeinsam-fuer-dernbach.de\/it","nextItem":{"@type":"ListItem","@id":"https:\/\/gemeinsam-fuer-dernbach.de\/it\/category\/neues-von-uns#listItem","name":"Neues von uns"}},{"@type":"ListItem","@id":"https:\/\/gemeinsam-fuer-dernbach.de\/it\/category\/neues-von-uns#listItem","position":2,"name":"Neues von uns","item":"https:\/\/gemeinsam-fuer-dernbach.de\/it\/category\/neues-von-uns","nextItem":{"@type":"ListItem","@id":"https:\/\/gemeinsam-fuer-dernbach.de\/it\/premiere-waehlergruppe-jankowitsch-nun-im-ortsgemeinderat#listItem","name":"Premiere: W\u00e4hlergruppe Jankowitsch nun im Ortsgemeinderat"},"previousItem":{"@type":"ListItem","@id":"https:\/\/gemeinsam-fuer-dernbach.de\/it#listItem","name":"Home"}},{"@type":"ListItem","@id":"https:\/\/gemeinsam-fuer-dernbach.de\/it\/premiere-waehlergruppe-jankowitsch-nun-im-ortsgemeinderat#listItem","position":3,"name":"Premiere: W\u00e4hlergruppe Jankowitsch nun im Ortsgemeinderat","previousItem":{"@type":"ListItem","@id":"https:\/\/gemeinsam-fuer-dernbach.de\/it\/category\/neues-von-uns#listItem","name":"Neues von uns"}}]},{"@type":"Organization","@id":"https:\/\/gemeinsam-fuer-dernbach.de\/it\/#organization","name":"Gemeinsam f\u00fcr Dernbach","description":"Gemeinsam f\u00fcr Dernbach - Website der W\u00e4hlergruppe Jankowitsch","url":"https:\/\/gemeinsam-fuer-dernbach.de\/it\/","logo":{"@type":"ImageObject","url":"https:\/\/gemeinsam-fuer-dernbach.de\/wp-content\/uploads\/2024\/12\/cropped-Button.png","@id":"https:\/\/gemeinsam-fuer-dernbach.de\/it\/premiere-waehlergruppe-jankowitsch-nun-im-ortsgemeinderat\/#organizationLogo","width":512,"height":512,"caption":"Gemeinsam f\u00fcr Dernbach"},"image":{"@id":"https:\/\/gemeinsam-fuer-dernbach.de\/it\/premiere-waehlergruppe-jankowitsch-nun-im-ortsgemeinderat\/#organizationLogo"},"sameAs":["https:\/\/www.facebook.com\/gemeinsam.fuer.dernbach\/","https:\/\/www.instagram.com\/gemeinsam_fuer_dernbach\/"]},{"@type":"Person","@id":"https:\/\/gemeinsam-fuer-dernbach.de\/it\/author\/gfd_manuel#author","url":"https:\/\/gemeinsam-fuer-dernbach.de\/it\/author\/gfd_manuel","name":"GfD_Manuel"},{"@type":"WebPage","@id":"https:\/\/gemeinsam-fuer-dernbach.de\/it\/premiere-waehlergruppe-jankowitsch-nun-im-ortsgemeinderat#webpage","url":"https:\/\/gemeinsam-fuer-dernbach.de\/it\/premiere-waehlergruppe-jankowitsch-nun-im-ortsgemeinderat","name":"Premiere: W\u00e4hlergruppe Jankowitsch nun im Ortsgemeinderat - Gemeinsam f\u00fcr Dernbach","description":"Vorgestern war es endlich soweit: Unser neu gew\u00e4hlter Ortsgemeinderat wurde offiziell durch den wiedergew\u00e4hlten B\u00fcrgermeister Ferdi D\u00fcber in sein Amt eingef\u00fchrt. Per Handschlag wurde der Rat verpflichtet und damit der Beginn einer neuen Mandatsperiode eingel\u00e4utet. F\u00fcr uns \u2013 Alessa Bode, Stefan G\u00f6rg, Stefan Heinz, Cosimo Jankowitsch, Frank K\u00f6hn und Dr. Manuel Misgeld \u2013 hat nun","inLanguage":"it-IT","isPartOf":{"@id":"https:\/\/gemeinsam-fuer-dernbach.de\/it\/#website"},"breadcrumb":{"@id":"https:\/\/gemeinsam-fuer-dernbach.de\/it\/premiere-waehlergruppe-jankowitsch-nun-im-ortsgemeinderat#breadcrumblist"},"author":{"@id":"https:\/\/gemeinsam-fuer-dernbach.de\/it\/author\/gfd_manuel#author"},"creator":{"@id":"https:\/\/gemeinsam-fuer-dernbach.de\/it\/author\/gfd_manuel#author"},"datePublished":"2024-08-30T19:02:07+01:00","dateModified":"2025-03-07T20:13:25+01:00"},{"@type":"WebSite","@id":"https:\/\/gemeinsam-fuer-dernbach.de\/it\/#website","url":"https:\/\/gemeinsam-fuer-dernbach.de\/it\/","name":"Gemeinsam f\u00fcr Dernbach","description":"Gemeinsam f\u00fcr Dernbach - Website der W\u00e4hlergruppe Jankowitsch","inLanguage":"it-IT","publisher":{"@id":"https:\/\/gemeinsam-fuer-dernbach.de\/it\/#organization"}}]},"og:locale":"it_IT","og:site_name":"Gemeinsam f\u00fcr Dernbach - Gemeinsam f\u00fcr Dernbach - Website der W\u00e4hlergruppe Jankowitsch","og:type":"article","og:title":"Premiere: W\u00e4hlergruppe Jankowitsch nun im Ortsgemeinderat - Gemeinsam f\u00fcr Dernbach","og:description":"Vorgestern war es endlich soweit: Unser neu gew\u00e4hlter Ortsgemeinderat wurde offiziell durch den wiedergew\u00e4hlten B\u00fcrgermeister Ferdi D\u00fcber in sein Amt eingef\u00fchrt. Per Handschlag wurde der Rat verpflichtet und damit der Beginn einer neuen Mandatsperiode eingel\u00e4utet. F\u00fcr uns \u2013 Alessa Bode, Stefan G\u00f6rg, Stefan Heinz, Cosimo Jankowitsch, Frank K\u00f6hn und Dr. Manuel Misgeld \u2013 hat nun","og:url":"https:\/\/gemeinsam-fuer-dernbach.de\/it\/premiere-waehlergruppe-jankowitsch-nun-im-ortsgemeinderat","og:image":"https:\/\/gemeinsam-fuer-dernbach.de\/wp-content\/uploads\/2024\/12\/cropped-Button.png","og:image:secure_url":"https:\/\/gemeinsam-fuer-dernbach.de\/wp-content\/uploads\/2024\/12\/cropped-Button.png","og:image:width":512,"og:image:height":512,"article:published_time":"2024-08-30T18:02:07+00:00","article:modified_time":"2025-03-07T19:13:25+00:00","article:publisher":"https:\/\/www.facebook.com\/gemeinsam.fuer.dernbach\/","twitter:card":"summary_large_image","twitter:title":"Premiere: W\u00e4hlergruppe Jankowitsch nun im Ortsgemeinderat - Gemeinsam f\u00fcr Dernbach","twitter:description":"Vorgestern war es endlich soweit: Unser neu gew\u00e4hlter Ortsgemeinderat wurde offiziell durch den wiedergew\u00e4hlten B\u00fcrgermeister Ferdi D\u00fcber in sein Amt eingef\u00fchrt. Per Handschlag wurde der Rat verpflichtet und damit der Beginn einer neuen Mandatsperiode eingel\u00e4utet. F\u00fcr uns \u2013 Alessa Bode, Stefan G\u00f6rg, Stefan Heinz, Cosimo Jankowitsch, Frank K\u00f6hn und Dr. Manuel Misgeld \u2013 hat nun","twitter:image":"https:\/\/gemeinsam-fuer-dernbach.de\/wp-content\/uploads\/2024\/12\/cropped-Button.png"},"aioseo_meta_data":{"post_id":"665","title":null,"description":null,"keywords":null,"keyphrases":{"focus":[],"additional":[]},"primary_term":null,"canonical_url":null,"og_title":null,"og_description":null,"og_object_type":"default","og_image_type":"default","og_image_url":null,"og_image_width":null,"og_image_height":null,"og_image_custom_url":null,"og_image_custom_fields":null,"og_video":null,"og_custom_url":null,"og_article_section":null,"og_article_tags":null,"twitter_use_og":false,"twitter_card":"default","twitter_image_type":"default","twitter_image_url":null,"twitter_image_custom_url":null,"twitter_image_custom_fields":null,"twitter_title":null,"twitter_description":null,"schema":{"blockGraphs":[],"customGraphs":[],"default":{"data":{"Article":[],"Course":[],"Dataset":[],"FAQPage":[],"Movie":[],"Person":[],"Product":[],"ProductReview":[],"Car":[],"Recipe":[],"Service":[],"SoftwareApplication":[],"WebPage":[]},"graphName":"","isEnabled":true},"graphs":[]},"schema_type":"default","schema_type_options":null,"pillar_content":false,"robots_default":true,"robots_noindex":false,"robots_noarchive":false,"robots_nosnippet":false,"robots_nofollow":false,"robots_noimageindex":false,"robots_noodp":false,"robots_notranslate":false,"robots_max_snippet":null,"robots_max_videopreview":null,"robots_max_imagepreview":"large","priority":null,"frequency":null,"local_seo":null,"breadcrumb_settings":null,"limit_modified_date":false,"ai":null,"created":"2025-06-24 20:04:55","updated":"2026-09-03 19:35:12","seo_analyzer_scan_date":null,"focus_keyword":null,"additional_keywords":null,"truseo_locale":null},"aioseo_breadcrumb":"<div class=\"aioseo-breadcrumbs\"><span class=\"aioseo-breadcrumb\">\n\t\t\t<a href=\"https:\/\/gemeinsam-fuer-dernbach.de\/it\" title=\"Home\">Home<\/a>\n\t\t<\/span><span class=\"aioseo-breadcrumb-separator\">&raquo;<\/span><span class=\"aioseo-breadcrumb\">\n\t\t\t<a href=\"https:\/\/gemeinsam-fuer-dernbach.de\/it\/category\/neues-von-uns\" title=\"Neues von uns\">Neues von uns<\/a>\n\t\t<\/span><span class=\"aioseo-breadcrumb-separator\">&raquo;<\/span><span class=\"aioseo-breadcrumb\">\n\t\t\tPremiere: W\u00e4hlergruppe Jankowitsch nun im Ortsgemeinderat\n\t\t<\/span><\/div>","aioseo_breadcrumb_json":[{"label":"Home","link":"https:\/\/gemeinsam-fuer-dernbach.de\/it"},{"label":"Neues von uns","link":"https:\/\/gemeinsam-fuer-dernbach.de\/it\/category\/neues-von-uns"},{"label":"Premiere: W\u00e4hlergruppe Jankowitsch nun im Ortsgemeinderat","link":"https:\/\/gemeinsam-fuer-dernbach.de\/it\/premiere-waehlergruppe-jankowitsch-nun-im-ortsgemeinderat"}],"_links":{"self":[{"href":"https:\/\/gemeinsam-fuer-dernbach.de\/it\/wp-json\/wp\/v2\/posts\/665","targetHints":{"allow":["GET"]}}],"collection":[{"href":"https:\/\/gemeinsam-fuer-dernbach.de\/it\/wp-json\/wp\/v2\/posts"}],"about":[{"href":"https:\/\/gemeinsam-fuer-dernbach.de\/it\/wp-json\/wp\/v2\/types\/post"}],"author":[{"embeddable":true,"href":"https:\/\/gemeinsam-fuer-dernbach.de\/it\/wp-json\/wp\/v2\/users\/2"}],"replies":[{"embeddable":true,"href":"https:\/\/gemeinsam-fuer-dernbach.de\/it\/wp-json\/wp\/v2\/comments?post=665"}],"version-history":[{"count":6,"href":"https:\/\/gemeinsam-fuer-dernbach.de\/it\/wp-json\/wp\/v2\/posts\/665\/revisions"}],"predecessor-version":[{"id":1201,"href":"https:\/\/gemeinsam-fuer-dernbach.de\/it\/wp-json\/wp\/v2\/posts\/665\/revisions\/1201"}],"wp:attachment":[{"href":"https:\/\/gemeinsam-fuer-dernbach.de\/it\/wp-json\/wp\/v2\/media?parent=665"}],"wp:term":[{"taxonomy":"category","embeddable":true,"href":"https:\/\/gemeinsam-fuer-dernbach.de\/it\/wp-json\/wp\/v2\/categories?post=665"},{"taxonomy":"post_tag","embeddable":true,"href":"https:\/\/gemeinsam-fuer-dernbach.de\/it\/wp-json\/wp\/v2\/tags?post=665"}],"curies":[{"name":"wp","href":"https:\/\/api.w.org\/{rel}","templated":true}]}}