{"id":704,"date":"2024-09-15T08:08:00","date_gmt":"2024-09-15T07:08:00","guid":{"rendered":"https:\/\/gemeinsam-fuer-dernbach.de\/?p=704"},"modified":"2025-07-01T22:33:46","modified_gmt":"2025-07-01T21:33:46","slug":"aktuelles-aus-dem-gemeinderat","status":"publish","type":"post","link":"https:\/\/gemeinsam-fuer-dernbach.de\/it\/aktuelles-aus-dem-gemeinderat","title":{"rendered":"Notizie dal Consiglio Comunale"},"content":{"rendered":"<p class=\"wp-block-paragraph\">Cosa succede nel Consiglio Comunale? Quali decisioni vengono prese? Con la nostra nuova serie di info vi teniamo aggiornati! Qui puoi scoprire di cosa sta discutendo il consiglio comunale, quali decisioni vengono prese e quali proposte e domande ci poniamo come gruppo.<\/p>\n\n\n\n<figure class=\"wp-block-image\"><img decoding=\"async\" src=\"https:\/\/gemeinsam-fuer-dernbach.de\/wp-content\/uploads\/2024\/09\/Neues-Gemeiderat.jpeg\" alt=\"Immagine di Dernbach con lettering\"\/><\/figure>\n\n\n\n<p class=\"wp-block-paragraph\"><\/p>\n\n\n\n<h4 class=\"wp-block-heading\">Riunione costitutiva del 28 agosto 2024<\/h4>\n\n\n\n<p class=\"wp-block-paragraph\">La prima riunione dopo le elezioni ha riguardato importanti decisioni relative al personale e all'organizzazione. Oltre all'obbligo dei membri del consiglio e all'elezione del sindaco locale, dei deputati e dei membri del comitato (abbiamo gi\u00e0 riferito in merito), il consiglio ha adottato all'unanimit\u00e0 il nuovo regolamento interno del consiglio locale. Determina le modalit\u00e0 di convocazione delle riunioni, la partecipazione del pubblico, lo svolgimento delle riunioni e il trattamento delle richieste e delle richieste.<\/p>\n\n\n\n<h4 class=\"wp-block-heading\">Comunicazioni e richieste<\/h4>\n\n\n\n<p class=\"wp-block-paragraph\">Il sindaco, Ferdi D\u00fcber, ha informato il consiglio che l'acquisto del centro comunitario sar\u00e0 di circa 35.000 euro pi\u00f9 costoso. La ragione di ci\u00f2 \u00e8 l'imposta sul trasferimento immobiliare, che ora \u00e8 dovuta, contrariamente a quanto inizialmente promessogli oralmente dall'ufficio delle imposte. Un notaio non vede alcuna possibilit\u00e0 di successo per un'obiezione, poich\u00e9 lo scopo di utilizzo dell'edificio \u00e8 cambiato da ecclesiastico a comunale, il che fa scattare l'obbligo fiscale.<br>Dal momento che il primo deputato della Verbandsgemeinde (VG) Wirges, il signor Schwickert, era presente, sono stati affrontati anche argomenti della Verbandsgemeinde.<br>Il nostro nuovo membro del Consiglio, il dottor Manuel Misgeld, ha chiesto se fosse consuetudine distribuire direttamente alle date i modelli di riunione (come la proposta di composizione delle commissioni). Il sindaco locale ha spiegato che ci\u00f2 \u00e8 dovuto all'elevato carico di lavoro della comunit\u00e0 dell'associazione a causa delle numerose riunioni costituenti. Tuttavia, il leader del gruppo CDU ha criticato i tempi di consegna ripetutamente brevi e ha chiesto un cambiamento.<\/p>\n\n\n\n<h4 class=\"wp-block-heading\">Fibre e infrastrutture<\/h4>\n\n\n\n<p class=\"wp-block-paragraph\">Uno dei principali argomenti di discussione \u00e8 stata la lenta espansione della rete in fibra ottica. Diversi membri del consiglio hanno criticato i ritardi nei lavori di costruzione, le cattive condizioni stradali e i collegamenti domestici ancora in sospeso. Il primo deputato del VG ha mostrato comprensione e ha dichiarato che la societ\u00e0 di costruzioni responsabile era gi\u00e0 stata informata dei problemi. Ma questo non \u00e8 stato sufficiente per molti membri del consiglio. Il secondo deputato di Dernbach ha parlato chiaramente contro la situazione attuale e ha preso il Verbandsgemeindeverwaltung nel dovere di diventare pi\u00f9 attivo qui.<\/p>\n\n\n\n<h4 class=\"wp-block-heading\">Trasporto in autobus: Deterioramento dell'offerta<\/h4>\n\n\n\n<p class=\"wp-block-paragraph\">Manuel ha anche detto che il nuovo orario degli autobus per domenica comporta un deterioramento significativo per Dernbach. Invece della solita tariffa oraria, l'autobus ora funziona solo ogni due ore, poich\u00e9 la linea 425 viene deviata via Wirges e funziona contemporaneamente alla linea 420. A Wirges, ora ci sono due autobus che corrono in rapida successione, seguiti da una pausa di due ore.<br>Il sindaco locale \u00e8 rimasto sorpreso e ha dichiarato di aver appreso dei cambiamenti solo con il suggerimento di Manuel. Ha promesso di occuparsene. Tuttavia, il leader del gruppo parlamentare CDU ha smorzato le aspettative e ha sottolineato che il distretto, come vettore di trasporto pubblico, ha prestato poca attenzione alle preoccupazioni delle comunit\u00e0 locali. Alla domanda del gruppo CDU, Manuel ha confermato che la nuova tabella di marcia non ha nulla a che fare con una nuova gara d'appalto, in quanto \u00e8 stata pianificata solo in pochi anni. Sottolinea inoltre che gli autobus sono affollati anche la domenica, semplicemente non attraversano pi\u00f9 Dernbach. Noi come gruppo continueremo a perseguire questo problema, perch\u00e9 questo deterioramento non deve essere accettato, soprattutto per i cittadini attenti all'ambiente e per le persone senza patente di guida.<\/p>","protected":false},"excerpt":{"rendered":"<p>Cosa succede nel consiglio comunale? Quali decisioni vengono prese? Con la nostra nuova serie di info vi teniamo aggiornati! Qui puoi scoprire di cosa sta discutendo il consiglio comunale, quali decisioni vengono prese e [...]<\/p>","protected":false},"author":2,"featured_media":0,"comment_status":"closed","ping_status":"open","sticky":false,"template":"","format":"standard","meta":{"_price":"","_stock":"","_tribe_ticket_header":"","_tribe_default_ticket_provider":"","_tribe_ticket_capacity":"0","_ticket_start_date":"","_ticket_end_date":"","_tribe_ticket_show_description":"","_tribe_ticket_show_not_going":false,"_tribe_ticket_use_global_stock":"","_tribe_ticket_global_stock_level":"","_global_stock_mode":"","_global_stock_cap":"","_tribe_rsvp_for_event":"","_tribe_ticket_going_count":"","_tribe_ticket_not_going_count":"","_tribe_tickets_list":"[]","_tribe_ticket_has_attendee_info_fields":false,"_EventAllDay":false,"_EventTimezone":"","_EventStartDate":"","_EventEndDate":"","_EventStartDateUTC":"","_EventEndDateUTC":"","_EventShowMap":false,"_EventShowMapLink":false,"_EventURL":"","_EventCost":"","_EventCostDescription":"","_EventCurrencySymbol":"","_EventCurrencyCode":"","_EventCurrencyPosition":"","_EventDateTimeSeparator":"","_EventTimeRangeSeparator":"","_EventOrganizerID":[],"_EventVenueID":[],"_OrganizerEmail":"","_OrganizerPhone":"","_OrganizerWebsite":"","_VenueAddress":"","_VenueCity":"","_VenueCountry":"","_VenueProvince":"","_VenueState":"","_VenueZip":"","_VenuePhone":"","_VenueURL":"","_VenueStateProvince":"","_VenueLat":"","_VenueLng":"","_VenueShowMap":false,"_VenueShowMapLink":false,"footnotes":""},"categories":[10],"tags":[116,115,114,124,117],"class_list":["post-704","post","type-post","status-publish","format-standard","hentry","category-neues-aus-dem-gemeinderat","tag-busfahrplan","tag-gemeindezentrum","tag-geschaeftsordnung","tag-glasfaser","tag-oeffentlicher-nahverkehr"],"aioseo_notices":[],"aioseo_head":"\n\t\t<!-- All in One SEO 5.0.1.1 - aioseo.com -->\n\t<meta name=\"description\" content=\"Was passiert im Gemeinderat? Welche Beschl\u00fcsse werden gefasst? Mit unserer neuen Infoserie halten wir euch auf dem Laufenden! Hier erfahrt ihr, was der Gemeinderat diskutiert, welche Entscheidungen getroffen werden und welche Antr\u00e4ge und Fragen wir als Fraktion stellen. Konstituierende Sitzung vom 28. August 2024 In der ersten Sitzung nach den Wahlen ging es um wichtige\" \/>\n\t<meta name=\"robots\" content=\"max-image-preview:large\" \/>\n\t<meta name=\"author\" content=\"GfD_Manuel\"\/>\n\t<link rel=\"canonical\" href=\"https:\/\/gemeinsam-fuer-dernbach.de\/it\/aktuelles-aus-dem-gemeinderat\" \/>\n\t<meta name=\"generator\" content=\"All in One SEO (AIOSEO) 5.0.1.1\" \/>\n\t\t<meta property=\"og:locale\" content=\"it_IT\" \/>\n\t\t<meta property=\"og:site_name\" content=\"Gemeinsam f\u00fcr Dernbach - Gemeinsam f\u00fcr Dernbach - Website der W\u00e4hlergruppe Jankowitsch\" \/>\n\t\t<meta property=\"og:type\" content=\"article\" \/>\n\t\t<meta property=\"og:title\" content=\"Aktuelles aus dem Gemeinderat - Gemeinsam f\u00fcr Dernbach\" \/>\n\t\t<meta property=\"og:description\" content=\"Was passiert im Gemeinderat? Welche Beschl\u00fcsse werden gefasst? Mit unserer neuen Infoserie halten wir euch auf dem Laufenden! Hier erfahrt ihr, was der Gemeinderat diskutiert, welche Entscheidungen getroffen werden und welche Antr\u00e4ge und Fragen wir als Fraktion stellen. Konstituierende Sitzung vom 28. August 2024 In der ersten Sitzung nach den Wahlen ging es um wichtige\" \/>\n\t\t<meta property=\"og:url\" content=\"https:\/\/gemeinsam-fuer-dernbach.de\/it\/aktuelles-aus-dem-gemeinderat\" \/>\n\t\t<meta property=\"og:image\" content=\"https:\/\/gemeinsam-fuer-dernbach.de\/wp-content\/uploads\/2024\/12\/cropped-Button.png\" \/>\n\t\t<meta property=\"og:image:secure_url\" content=\"https:\/\/gemeinsam-fuer-dernbach.de\/wp-content\/uploads\/2024\/12\/cropped-Button.png\" \/>\n\t\t<meta property=\"og:image:width\" content=\"512\" \/>\n\t\t<meta property=\"og:image:height\" content=\"512\" \/>\n\t\t<meta property=\"article:published_time\" content=\"2024-09-15T07:08:00+00:00\" \/>\n\t\t<meta property=\"article:modified_time\" content=\"2025-07-01T21:33:46+00:00\" \/>\n\t\t<meta property=\"article:publisher\" content=\"https:\/\/www.facebook.com\/gemeinsam.fuer.dernbach\/\" \/>\n\t\t<meta name=\"twitter:card\" content=\"summary_large_image\" \/>\n\t\t<meta name=\"twitter:title\" content=\"Aktuelles aus dem Gemeinderat - Gemeinsam f\u00fcr Dernbach\" \/>\n\t\t<meta name=\"twitter:description\" content=\"Was passiert im Gemeinderat? Welche Beschl\u00fcsse werden gefasst? Mit unserer neuen Infoserie halten wir euch auf dem Laufenden! Hier erfahrt ihr, was der Gemeinderat diskutiert, welche Entscheidungen getroffen werden und welche Antr\u00e4ge und Fragen wir als Fraktion stellen. Konstituierende Sitzung vom 28. August 2024 In der ersten Sitzung nach den Wahlen ging es um wichtige\" \/>\n\t\t<meta name=\"twitter:image\" content=\"https:\/\/gemeinsam-fuer-dernbach.de\/wp-content\/uploads\/2024\/12\/cropped-Button.png\" \/>\n\t\t<script type=\"application\/ld+json\" class=\"aioseo-schema\">\n\t\t\t{\"@context\":\"https:\\\/\\\/schema.org\",\"@graph\":[{\"@type\":\"BlogPosting\",\"@id\":\"https:\\\/\\\/gemeinsam-fuer-dernbach.de\\\/it\\\/aktuelles-aus-dem-gemeinderat#blogposting\",\"name\":\"Aktuelles aus dem Gemeinderat - Gemeinsam f\\u00fcr Dernbach\",\"headline\":\"Aktuelles aus dem Gemeinderat\",\"author\":{\"@id\":\"https:\\\/\\\/gemeinsam-fuer-dernbach.de\\\/it\\\/author\\\/gfd_manuel#author\"},\"publisher\":{\"@id\":\"https:\\\/\\\/gemeinsam-fuer-dernbach.de\\\/it\\\/#organization\"},\"image\":{\"@type\":\"ImageObject\",\"url\":\"https:\\\/\\\/gemeinsam-fuer-dernbach.de\\\/wp-content\\\/uploads\\\/2024\\\/09\\\/Neues-Gemeiderat.jpeg\",\"@id\":\"https:\\\/\\\/gemeinsam-fuer-dernbach.de\\\/it\\\/aktuelles-aus-dem-gemeinderat\\\/#articleImage\",\"width\":859,\"height\":864,\"caption\":\"Neues aus dem Gemeinderat - Gemeinsam f\\u00fcr Dernbach berichtet\"},\"datePublished\":\"2024-09-15T08:08:00+01:00\",\"dateModified\":\"2025-07-01T22:33:46+01:00\",\"inLanguage\":\"it-IT\",\"mainEntityOfPage\":{\"@id\":\"https:\\\/\\\/gemeinsam-fuer-dernbach.de\\\/it\\\/aktuelles-aus-dem-gemeinderat#webpage\"},\"isPartOf\":{\"@id\":\"https:\\\/\\\/gemeinsam-fuer-dernbach.de\\\/it\\\/aktuelles-aus-dem-gemeinderat#webpage\"},\"articleSection\":\"Neues aus dem Gemeinderat, Busfahrplan, Gemeindezentrum, Gesch\\u00e4ftsordnung, Glasfaser, \\u00d6ffentlicher Nahverkehr\"},{\"@type\":\"BreadcrumbList\",\"@id\":\"https:\\\/\\\/gemeinsam-fuer-dernbach.de\\\/it\\\/aktuelles-aus-dem-gemeinderat#breadcrumblist\",\"itemListElement\":[{\"@type\":\"ListItem\",\"@id\":\"https:\\\/\\\/gemeinsam-fuer-dernbach.de\\\/it#listItem\",\"position\":1,\"name\":\"Home\",\"item\":\"https:\\\/\\\/gemeinsam-fuer-dernbach.de\\\/it\",\"nextItem\":{\"@type\":\"ListItem\",\"@id\":\"https:\\\/\\\/gemeinsam-fuer-dernbach.de\\\/it\\\/category\\\/neues-aus-dem-gemeinderat#listItem\",\"name\":\"Neues aus dem Gemeinderat\"}},{\"@type\":\"ListItem\",\"@id\":\"https:\\\/\\\/gemeinsam-fuer-dernbach.de\\\/it\\\/category\\\/neues-aus-dem-gemeinderat#listItem\",\"position\":2,\"name\":\"Neues aus dem Gemeinderat\",\"item\":\"https:\\\/\\\/gemeinsam-fuer-dernbach.de\\\/it\\\/category\\\/neues-aus-dem-gemeinderat\",\"nextItem\":{\"@type\":\"ListItem\",\"@id\":\"https:\\\/\\\/gemeinsam-fuer-dernbach.de\\\/it\\\/aktuelles-aus-dem-gemeinderat#listItem\",\"name\":\"Aktuelles aus dem Gemeinderat\"},\"previousItem\":{\"@type\":\"ListItem\",\"@id\":\"https:\\\/\\\/gemeinsam-fuer-dernbach.de\\\/it#listItem\",\"name\":\"Home\"}},{\"@type\":\"ListItem\",\"@id\":\"https:\\\/\\\/gemeinsam-fuer-dernbach.de\\\/it\\\/aktuelles-aus-dem-gemeinderat#listItem\",\"position\":3,\"name\":\"Aktuelles aus dem Gemeinderat\",\"previousItem\":{\"@type\":\"ListItem\",\"@id\":\"https:\\\/\\\/gemeinsam-fuer-dernbach.de\\\/it\\\/category\\\/neues-aus-dem-gemeinderat#listItem\",\"name\":\"Neues aus dem Gemeinderat\"}}]},{\"@type\":\"Organization\",\"@id\":\"https:\\\/\\\/gemeinsam-fuer-dernbach.de\\\/it\\\/#organization\",\"name\":\"Gemeinsam f\\u00fcr Dernbach\",\"description\":\"Gemeinsam f\\u00fcr Dernbach - Website der W\\u00e4hlergruppe Jankowitsch\",\"url\":\"https:\\\/\\\/gemeinsam-fuer-dernbach.de\\\/it\\\/\",\"logo\":{\"@type\":\"ImageObject\",\"url\":\"https:\\\/\\\/gemeinsam-fuer-dernbach.de\\\/wp-content\\\/uploads\\\/2024\\\/12\\\/cropped-Button.png\",\"@id\":\"https:\\\/\\\/gemeinsam-fuer-dernbach.de\\\/it\\\/aktuelles-aus-dem-gemeinderat\\\/#organizationLogo\",\"width\":512,\"height\":512,\"caption\":\"Gemeinsam f\\u00fcr Dernbach\"},\"image\":{\"@id\":\"https:\\\/\\\/gemeinsam-fuer-dernbach.de\\\/it\\\/aktuelles-aus-dem-gemeinderat\\\/#organizationLogo\"},\"sameAs\":[\"https:\\\/\\\/www.facebook.com\\\/gemeinsam.fuer.dernbach\\\/\",\"https:\\\/\\\/www.instagram.com\\\/gemeinsam_fuer_dernbach\\\/\"]},{\"@type\":\"Person\",\"@id\":\"https:\\\/\\\/gemeinsam-fuer-dernbach.de\\\/it\\\/author\\\/gfd_manuel#author\",\"url\":\"https:\\\/\\\/gemeinsam-fuer-dernbach.de\\\/it\\\/author\\\/gfd_manuel\",\"name\":\"GfD_Manuel\"},{\"@type\":\"WebPage\",\"@id\":\"https:\\\/\\\/gemeinsam-fuer-dernbach.de\\\/it\\\/aktuelles-aus-dem-gemeinderat#webpage\",\"url\":\"https:\\\/\\\/gemeinsam-fuer-dernbach.de\\\/it\\\/aktuelles-aus-dem-gemeinderat\",\"name\":\"Aktuelles aus dem Gemeinderat - Gemeinsam f\\u00fcr Dernbach\",\"description\":\"Was passiert im Gemeinderat? Welche Beschl\\u00fcsse werden gefasst? Mit unserer neuen Infoserie halten wir euch auf dem Laufenden! Hier erfahrt ihr, was der Gemeinderat diskutiert, welche Entscheidungen getroffen werden und welche Antr\\u00e4ge und Fragen wir als Fraktion stellen. Konstituierende Sitzung vom 28. August 2024 In der ersten Sitzung nach den Wahlen ging es um wichtige\",\"inLanguage\":\"it-IT\",\"isPartOf\":{\"@id\":\"https:\\\/\\\/gemeinsam-fuer-dernbach.de\\\/it\\\/#website\"},\"breadcrumb\":{\"@id\":\"https:\\\/\\\/gemeinsam-fuer-dernbach.de\\\/it\\\/aktuelles-aus-dem-gemeinderat#breadcrumblist\"},\"author\":{\"@id\":\"https:\\\/\\\/gemeinsam-fuer-dernbach.de\\\/it\\\/author\\\/gfd_manuel#author\"},\"creator\":{\"@id\":\"https:\\\/\\\/gemeinsam-fuer-dernbach.de\\\/it\\\/author\\\/gfd_manuel#author\"},\"datePublished\":\"2024-09-15T08:08:00+01:00\",\"dateModified\":\"2025-07-01T22:33:46+01:00\"},{\"@type\":\"WebSite\",\"@id\":\"https:\\\/\\\/gemeinsam-fuer-dernbach.de\\\/it\\\/#website\",\"url\":\"https:\\\/\\\/gemeinsam-fuer-dernbach.de\\\/it\\\/\",\"name\":\"Gemeinsam f\\u00fcr Dernbach\",\"description\":\"Gemeinsam f\\u00fcr Dernbach - Website der W\\u00e4hlergruppe Jankowitsch\",\"inLanguage\":\"it-IT\",\"publisher\":{\"@id\":\"https:\\\/\\\/gemeinsam-fuer-dernbach.de\\\/it\\\/#organization\"}}]}\n\t\t<\/script>\n\t\t<!-- All in One SEO -->\n\n","aioseo_head_json":{"title":"Aktuelles aus dem Gemeinderat - Gemeinsam f\u00fcr Dernbach","description":"Was passiert im Gemeinderat? Welche Beschl\u00fcsse werden gefasst? Mit unserer neuen Infoserie halten wir euch auf dem Laufenden! Hier erfahrt ihr, was der Gemeinderat diskutiert, welche Entscheidungen getroffen werden und welche Antr\u00e4ge und Fragen wir als Fraktion stellen. Konstituierende Sitzung vom 28. August 2024 In der ersten Sitzung nach den Wahlen ging es um wichtige","canonical_url":"https:\/\/gemeinsam-fuer-dernbach.de\/it\/aktuelles-aus-dem-gemeinderat","robots":"max-image-preview:large","keywords":"","webmasterTools":{"miscellaneous":""},"schema":{"@context":"https:\/\/schema.org","@graph":[{"@type":"BlogPosting","@id":"https:\/\/gemeinsam-fuer-dernbach.de\/it\/aktuelles-aus-dem-gemeinderat#blogposting","name":"Aktuelles aus dem Gemeinderat - Gemeinsam f\u00fcr Dernbach","headline":"Aktuelles aus dem Gemeinderat","author":{"@id":"https:\/\/gemeinsam-fuer-dernbach.de\/it\/author\/gfd_manuel#author"},"publisher":{"@id":"https:\/\/gemeinsam-fuer-dernbach.de\/it\/#organization"},"image":{"@type":"ImageObject","url":"https:\/\/gemeinsam-fuer-dernbach.de\/wp-content\/uploads\/2024\/09\/Neues-Gemeiderat.jpeg","@id":"https:\/\/gemeinsam-fuer-dernbach.de\/it\/aktuelles-aus-dem-gemeinderat\/#articleImage","width":859,"height":864,"caption":"Neues aus dem Gemeinderat - Gemeinsam f\u00fcr Dernbach berichtet"},"datePublished":"2024-09-15T08:08:00+01:00","dateModified":"2025-07-01T22:33:46+01:00","inLanguage":"it-IT","mainEntityOfPage":{"@id":"https:\/\/gemeinsam-fuer-dernbach.de\/it\/aktuelles-aus-dem-gemeinderat#webpage"},"isPartOf":{"@id":"https:\/\/gemeinsam-fuer-dernbach.de\/it\/aktuelles-aus-dem-gemeinderat#webpage"},"articleSection":"Neues aus dem Gemeinderat, Busfahrplan, Gemeindezentrum, Gesch\u00e4ftsordnung, Glasfaser, \u00d6ffentlicher Nahverkehr"},{"@type":"BreadcrumbList","@id":"https:\/\/gemeinsam-fuer-dernbach.de\/it\/aktuelles-aus-dem-gemeinderat#breadcrumblist","itemListElement":[{"@type":"ListItem","@id":"https:\/\/gemeinsam-fuer-dernbach.de\/it#listItem","position":1,"name":"Home","item":"https:\/\/gemeinsam-fuer-dernbach.de\/it","nextItem":{"@type":"ListItem","@id":"https:\/\/gemeinsam-fuer-dernbach.de\/it\/category\/neues-aus-dem-gemeinderat#listItem","name":"Neues aus dem Gemeinderat"}},{"@type":"ListItem","@id":"https:\/\/gemeinsam-fuer-dernbach.de\/it\/category\/neues-aus-dem-gemeinderat#listItem","position":2,"name":"Neues aus dem Gemeinderat","item":"https:\/\/gemeinsam-fuer-dernbach.de\/it\/category\/neues-aus-dem-gemeinderat","nextItem":{"@type":"ListItem","@id":"https:\/\/gemeinsam-fuer-dernbach.de\/it\/aktuelles-aus-dem-gemeinderat#listItem","name":"Aktuelles aus dem Gemeinderat"},"previousItem":{"@type":"ListItem","@id":"https:\/\/gemeinsam-fuer-dernbach.de\/it#listItem","name":"Home"}},{"@type":"ListItem","@id":"https:\/\/gemeinsam-fuer-dernbach.de\/it\/aktuelles-aus-dem-gemeinderat#listItem","position":3,"name":"Aktuelles aus dem Gemeinderat","previousItem":{"@type":"ListItem","@id":"https:\/\/gemeinsam-fuer-dernbach.de\/it\/category\/neues-aus-dem-gemeinderat#listItem","name":"Neues aus dem Gemeinderat"}}]},{"@type":"Organization","@id":"https:\/\/gemeinsam-fuer-dernbach.de\/it\/#organization","name":"Gemeinsam f\u00fcr Dernbach","description":"Gemeinsam f\u00fcr Dernbach - Website der W\u00e4hlergruppe Jankowitsch","url":"https:\/\/gemeinsam-fuer-dernbach.de\/it\/","logo":{"@type":"ImageObject","url":"https:\/\/gemeinsam-fuer-dernbach.de\/wp-content\/uploads\/2024\/12\/cropped-Button.png","@id":"https:\/\/gemeinsam-fuer-dernbach.de\/it\/aktuelles-aus-dem-gemeinderat\/#organizationLogo","width":512,"height":512,"caption":"Gemeinsam f\u00fcr Dernbach"},"image":{"@id":"https:\/\/gemeinsam-fuer-dernbach.de\/it\/aktuelles-aus-dem-gemeinderat\/#organizationLogo"},"sameAs":["https:\/\/www.facebook.com\/gemeinsam.fuer.dernbach\/","https:\/\/www.instagram.com\/gemeinsam_fuer_dernbach\/"]},{"@type":"Person","@id":"https:\/\/gemeinsam-fuer-dernbach.de\/it\/author\/gfd_manuel#author","url":"https:\/\/gemeinsam-fuer-dernbach.de\/it\/author\/gfd_manuel","name":"GfD_Manuel"},{"@type":"WebPage","@id":"https:\/\/gemeinsam-fuer-dernbach.de\/it\/aktuelles-aus-dem-gemeinderat#webpage","url":"https:\/\/gemeinsam-fuer-dernbach.de\/it\/aktuelles-aus-dem-gemeinderat","name":"Aktuelles aus dem Gemeinderat - Gemeinsam f\u00fcr Dernbach","description":"Was passiert im Gemeinderat? Welche Beschl\u00fcsse werden gefasst? Mit unserer neuen Infoserie halten wir euch auf dem Laufenden! Hier erfahrt ihr, was der Gemeinderat diskutiert, welche Entscheidungen getroffen werden und welche Antr\u00e4ge und Fragen wir als Fraktion stellen. Konstituierende Sitzung vom 28. August 2024 In der ersten Sitzung nach den Wahlen ging es um wichtige","inLanguage":"it-IT","isPartOf":{"@id":"https:\/\/gemeinsam-fuer-dernbach.de\/it\/#website"},"breadcrumb":{"@id":"https:\/\/gemeinsam-fuer-dernbach.de\/it\/aktuelles-aus-dem-gemeinderat#breadcrumblist"},"author":{"@id":"https:\/\/gemeinsam-fuer-dernbach.de\/it\/author\/gfd_manuel#author"},"creator":{"@id":"https:\/\/gemeinsam-fuer-dernbach.de\/it\/author\/gfd_manuel#author"},"datePublished":"2024-09-15T08:08:00+01:00","dateModified":"2025-07-01T22:33:46+01:00"},{"@type":"WebSite","@id":"https:\/\/gemeinsam-fuer-dernbach.de\/it\/#website","url":"https:\/\/gemeinsam-fuer-dernbach.de\/it\/","name":"Gemeinsam f\u00fcr Dernbach","description":"Gemeinsam f\u00fcr Dernbach - Website der W\u00e4hlergruppe Jankowitsch","inLanguage":"it-IT","publisher":{"@id":"https:\/\/gemeinsam-fuer-dernbach.de\/it\/#organization"}}]},"og:locale":"it_IT","og:site_name":"Gemeinsam f\u00fcr Dernbach - Gemeinsam f\u00fcr Dernbach - Website der W\u00e4hlergruppe Jankowitsch","og:type":"article","og:title":"Aktuelles aus dem Gemeinderat - Gemeinsam f\u00fcr Dernbach","og:description":"Was passiert im Gemeinderat? Welche Beschl\u00fcsse werden gefasst? Mit unserer neuen Infoserie halten wir euch auf dem Laufenden! Hier erfahrt ihr, was der Gemeinderat diskutiert, welche Entscheidungen getroffen werden und welche Antr\u00e4ge und Fragen wir als Fraktion stellen. Konstituierende Sitzung vom 28. August 2024 In der ersten Sitzung nach den Wahlen ging es um wichtige","og:url":"https:\/\/gemeinsam-fuer-dernbach.de\/it\/aktuelles-aus-dem-gemeinderat","og:image":"https:\/\/gemeinsam-fuer-dernbach.de\/wp-content\/uploads\/2024\/12\/cropped-Button.png","og:image:secure_url":"https:\/\/gemeinsam-fuer-dernbach.de\/wp-content\/uploads\/2024\/12\/cropped-Button.png","og:image:width":512,"og:image:height":512,"article:published_time":"2024-09-15T07:08:00+00:00","article:modified_time":"2025-07-01T21:33:46+00:00","article:publisher":"https:\/\/www.facebook.com\/gemeinsam.fuer.dernbach\/","twitter:card":"summary_large_image","twitter:title":"Aktuelles aus dem Gemeinderat - Gemeinsam f\u00fcr Dernbach","twitter:description":"Was passiert im Gemeinderat? Welche Beschl\u00fcsse werden gefasst? Mit unserer neuen Infoserie halten wir euch auf dem Laufenden! Hier erfahrt ihr, was der Gemeinderat diskutiert, welche Entscheidungen getroffen werden und welche Antr\u00e4ge und Fragen wir als Fraktion stellen. Konstituierende Sitzung vom 28. August 2024 In der ersten Sitzung nach den Wahlen ging es um wichtige","twitter:image":"https:\/\/gemeinsam-fuer-dernbach.de\/wp-content\/uploads\/2024\/12\/cropped-Button.png"},"aioseo_meta_data":{"post_id":"704","title":null,"description":null,"keywords":null,"keyphrases":{"focus":[],"additional":[]},"primary_term":null,"canonical_url":null,"og_title":null,"og_description":null,"og_object_type":"default","og_image_type":"default","og_image_url":null,"og_image_width":null,"og_image_height":null,"og_image_custom_url":null,"og_image_custom_fields":null,"og_video":"","og_custom_url":null,"og_article_section":null,"og_article_tags":null,"twitter_use_og":false,"twitter_card":"default","twitter_image_type":"default","twitter_image_url":null,"twitter_image_custom_url":null,"twitter_image_custom_fields":null,"twitter_title":null,"twitter_description":null,"schema":{"blockGraphs":[],"customGraphs":[],"default":{"data":{"Article":[],"Course":[],"Dataset":[],"FAQPage":[],"Movie":[],"Person":[],"Product":[],"ProductReview":[],"Car":[],"Recipe":[],"Service":[],"SoftwareApplication":[],"WebPage":[]},"graphName":"","isEnabled":true},"graphs":[]},"schema_type":"default","schema_type_options":null,"pillar_content":false,"robots_default":true,"robots_noindex":false,"robots_noarchive":false,"robots_nosnippet":false,"robots_nofollow":false,"robots_noimageindex":false,"robots_noodp":false,"robots_notranslate":false,"robots_max_snippet":"-1","robots_max_videopreview":"-1","robots_max_imagepreview":"large","priority":null,"frequency":"default","local_seo":null,"breadcrumb_settings":null,"limit_modified_date":false,"ai":null,"created":"2025-06-24 20:04:55","updated":"2026-09-03 19:34:35","seo_analyzer_scan_date":null,"focus_keyword":null,"additional_keywords":null,"truseo_locale":null},"aioseo_breadcrumb":"<div class=\"aioseo-breadcrumbs\"><span class=\"aioseo-breadcrumb\">\n\t\t\t<a href=\"https:\/\/gemeinsam-fuer-dernbach.de\/it\" title=\"Home\">Home<\/a>\n\t\t<\/span><span class=\"aioseo-breadcrumb-separator\">&raquo;<\/span><span class=\"aioseo-breadcrumb\">\n\t\t\t<a href=\"https:\/\/gemeinsam-fuer-dernbach.de\/it\/category\/neues-aus-dem-gemeinderat\" title=\"Neues aus dem Gemeinderat\">Neues aus dem Gemeinderat<\/a>\n\t\t<\/span><span class=\"aioseo-breadcrumb-separator\">&raquo;<\/span><span class=\"aioseo-breadcrumb\">\n\t\t\tAktuelles aus dem Gemeinderat\n\t\t<\/span><\/div>","aioseo_breadcrumb_json":[{"label":"Home","link":"https:\/\/gemeinsam-fuer-dernbach.de\/it"},{"label":"Neues aus dem Gemeinderat","link":"https:\/\/gemeinsam-fuer-dernbach.de\/it\/category\/neues-aus-dem-gemeinderat"},{"label":"Aktuelles aus dem Gemeinderat","link":"https:\/\/gemeinsam-fuer-dernbach.de\/it\/aktuelles-aus-dem-gemeinderat"}],"_links":{"self":[{"href":"https:\/\/gemeinsam-fuer-dernbach.de\/it\/wp-json\/wp\/v2\/posts\/704","targetHints":{"allow":["GET"]}}],"collection":[{"href":"https:\/\/gemeinsam-fuer-dernbach.de\/it\/wp-json\/wp\/v2\/posts"}],"about":[{"href":"https:\/\/gemeinsam-fuer-dernbach.de\/it\/wp-json\/wp\/v2\/types\/post"}],"author":[{"embeddable":true,"href":"https:\/\/gemeinsam-fuer-dernbach.de\/it\/wp-json\/wp\/v2\/users\/2"}],"replies":[{"embeddable":true,"href":"https:\/\/gemeinsam-fuer-dernbach.de\/it\/wp-json\/wp\/v2\/comments?post=704"}],"version-history":[{"count":5,"href":"https:\/\/gemeinsam-fuer-dernbach.de\/it\/wp-json\/wp\/v2\/posts\/704\/revisions"}],"predecessor-version":[{"id":1205,"href":"https:\/\/gemeinsam-fuer-dernbach.de\/it\/wp-json\/wp\/v2\/posts\/704\/revisions\/1205"}],"wp:attachment":[{"href":"https:\/\/gemeinsam-fuer-dernbach.de\/it\/wp-json\/wp\/v2\/media?parent=704"}],"wp:term":[{"taxonomy":"category","embeddable":true,"href":"https:\/\/gemeinsam-fuer-dernbach.de\/it\/wp-json\/wp\/v2\/categories?post=704"},{"taxonomy":"post_tag","embeddable":true,"href":"https:\/\/gemeinsam-fuer-dernbach.de\/it\/wp-json\/wp\/v2\/tags?post=704"}],"curies":[{"name":"wp","href":"https:\/\/api.w.org\/{rel}","templated":true}]}}