{"id":793,"date":"2024-10-13T14:49:14","date_gmt":"2024-10-13T13:49:14","guid":{"rendered":"https:\/\/gemeinsam-fuer-dernbach.de\/?p=793"},"modified":"2025-07-01T22:34:56","modified_gmt":"2025-07-01T21:34:56","slug":"ratssitzung-vom-9-oktober","status":"publish","type":"post","link":"https:\/\/gemeinsam-fuer-dernbach.de\/it\/ratssitzung-vom-9-oktober","title":{"rendered":"Notizie dal consiglio comunale \u2013 3a riunione"},"content":{"rendered":"<h3 class=\"wp-block-heading\"><strong>Nessuna decisione nella parte non pubblica<\/strong><\/h3>\n\n\n\n<p class=\"wp-block-paragraph\">All'inizio dell'incontro non ci sono state decisioni, quindi possiamo passare direttamente alla parte pubblica.<\/p>\n\n\n\n<h3 class=\"wp-block-heading\"><strong>Adozione di membri di lunga data del Consiglio<\/strong><\/h3>\n\n\n\n<p class=\"wp-block-paragraph\">In questa riunione, il sindaco ha adottato diversi membri del consiglio, alcuni dei quali erano stati attivi nel consiglio comunale per molti anni. Ci uniamo ai ringraziamenti del sindaco e ringraziamo gli ex membri per il loro impegno nei confronti della nostra comunit\u00e0.<\/p>\n\n\n\n<h3 class=\"wp-block-heading\"><strong>Roswitha K\u00e4stner nominata nuovo membro del Consiglio<\/strong><\/h3>\n\n\n\n<p class=\"wp-block-paragraph\">Siamo lieti che Roswitha K\u00e4stner sia stata nominata nuovo membro del consiglio dal sindaco. Ha molta esperienza nella politica locale ed \u00e8 una collega impegnata del nostro elettorato. Insieme a lei, vorremmo affrontare attivamente le questioni future per Dernbach.<\/p>\n\n\n\n<h3 class=\"wp-block-heading\"><strong>Riabilitazione del canale di Schabeborn<\/strong><\/h3>\n\n\n\n<p class=\"wp-block-paragraph\">Un tema importante dell'incontro \u00e8 stata la ristrutturazione del canale del torrente Schabeborn. I costi originariamente stimati di 70.000 euro dovrebbero essere superati di poco meno di 8.000 euro. Stefan G\u00f6rg ha verificato se una tubazione (il cosiddetto processo inliner) non sarebbe pi\u00f9 conveniente e durevole. Il sindaco ha spiegato che il canale ha in parte una sezione rettangolare, che \u00e8 fissata con pietre di basalto. In particolare in una curva sono state staccate pietre. Il canale deve far fronte a una vasta area di drenaggio, tra cui l'acqua piovana dall'autostrada e le strade dal sud Wirges.&nbsp;<\/p>\n\n\n\n<p class=\"wp-block-paragraph\">Manuel Misgeld ha chiesto se fossero disponibili finanziamenti, ad esempio dalla linea guida sui finanziamenti per la gestione delle risorse idriche. Tuttavia, l'amministrazione ha dichiarato di aver gi\u00e0 esaminato tutte le possibili sovvenzioni, purtroppo senza alcun risultato. Manuel ha anche visto alcuna possibilit\u00e0 di costare lo sviluppatore della strada principale come una strada nazionale, dal momento che il sito di danno si trova apparentemente lontano da esso. Il B\u00fcgermeister ha anche ricordato che i fondi Kipki per la protezione del clima sono gi\u00e0 stati esauriti (impianto solare all'asilo) e che Dernbach sta compiendo rapidi progressi nel concetto di protezione dalle inondazioni. Il Consiglio comunale approva all'unanimit\u00e0 il progetto di risoluzione.<\/p>\n\n\n\n<h3 class=\"wp-block-heading\"><strong>Rinomina delle commissioni<\/strong><\/h3>\n\n\n\n<p class=\"wp-block-paragraph\">Siamo lieti che il Consiglio Comunale abbia approvato all'unanimit\u00e0 la nostra proposta per il rinnovo dei comitati. Questo ci permette di partecipare attivamente a decisioni importanti.<\/p>\n\n\n\n<h3 class=\"wp-block-heading\"><strong>Conversioni nel centro comunitario<\/strong><\/h3>\n\n\n\n<p class=\"wp-block-paragraph\">Il sindaco ha informato in merito alle varie ristrutturazioni previste nel centro comunitario per contribuire a migliorare l'accessibilit\u00e0 e la sicurezza:<\/p>\n\n\n\n<ul class=\"wp-block-list\">\n<li>Installazione di porte antifumo (autochiusura).<\/li>\n\n\n\n<li>Tapparelle con motori per il miglioramento energetico.<\/li>\n\n\n\n<li>Sostituzione di lampade e valvole del radiatore.<\/li>\n\n\n\n<li>Protezione antifurto alle finestre.<\/li>\n\n\n\n<li>Rinnovo di due pompe o combinazioni inefficienti in un unico circuito di riscaldamento nella grande sala (costi: 3.500 euro).<\/li>\n<\/ul>\n\n\n\n<p class=\"wp-block-paragraph\">Complessivamente, i costi delle misure previste ammontano a circa 10.000 euro. Nel bilancio, 40.000 euro sono stanziati per questo. Inoltre, una porta di fuga supplementare deve essere installata nel guardaroba per garantire una seconda via di fuga in caso di incendio. Lo smantellamento della pista da bowling potrebbe creare spazio di archiviazione. Tuttavia, occorre esaminare in che misura sia possibile realizzare una svolta necessaria nel muro di cemento.<\/p>\n\n\n\n<p class=\"wp-block-paragraph\">Roswitha K\u00e4stner ha chiesto informazioni sulle misure antincendio necessarie. A questo proposito, il sindaco ha spiegato che oltre alla prevista separazione strutturale, sar\u00e0 esaminata un'ulteriore via di fuga al piano terra.<\/p>\n\n\n\n<h3 class=\"wp-block-heading\"><strong>Il futuro della biblioteca<br><\/strong><\/h3>\n\n\n\n<p class=\"wp-block-paragraph\">Il sindaco ha dichiarato che la Biblioteca pubblica cattolica dovrebbe trasferirsi nel seminterrato del centro comunitario. Ci\u00f2 libererebbe lo spazio \"pi\u00f9 bello\" al piano terra per le celebrazioni pi\u00f9 piccole. Questo spazio \u00e8 situato vicino all'ingresso, ai servizi igienici e alla cucina e potrebbe essere utilizzato come deposito di bevande per eventi pi\u00f9 grandi.<\/p>\n\n\n\n<p class=\"wp-block-paragraph\">Su richiesta di Manuel Misgeld, il sindaco ha dichiarato che l'accessibilit\u00e0 nel seminterrato dovrebbe essere garantita dalla costruzione di una rampa, che sar\u00e0 completata entro la fine dell'anno. Manuel ha sottolineato che la decisione di spostare la biblioteca dovrebbe essere presa in stretto coordinamento con la biblioteca al fine di trovare una soluzione amichevole.<\/p>\n\n\n\n<p class=\"wp-block-paragraph\">Alessa Bode ha sottolineato che anche la comunicazione con i dipendenti \u00e8 importante, in quanto dovrebbero sentirsi coinvolti nella distribuzione delle stanze.<\/p>\n\n\n\n<p class=\"wp-block-paragraph\">Il consiglio comunale ha deciso le misure di conversione e la nuova distribuzione delle camere con un voto contrario e quattro astensioni.<\/p>\n\n\n\n<h3 class=\"wp-block-heading\"><strong>Ampliamento della scuola primaria<\/strong><\/h3>\n\n\n\n<p class=\"wp-block-paragraph\">Manuel Misgeld ha chiesto informazioni sul progetto di ampliamento della scuola primaria e ha chiesto se il sindaco \u00e8 stato consultato in merito. Ha negato di essere stato coinvolto nella pianificazione fino ad ora. Due membri della CDU hanno informato il consiglio che il nuovo edificio previsto comprender\u00e0 una caffetteria e due aule aggiuntive. Questa estensione \u00e8 necessaria perch\u00e9 la scuola deve essere convertita in una scuola a tempo pieno.<\/p>\n\n\n\n<h3 class=\"wp-block-heading\"><strong>Ora delle interrogazioni sulla popolazione<\/strong><\/h3>\n\n\n\n<p class=\"wp-block-paragraph\">Durante l'Ora delle interrogazioni sulla popolazione sono state affrontate varie preoccupazioni dei cittadini:<\/p>\n\n\n\n<ul class=\"wp-block-list\">\n<li>Deforestazione in autostrada: Il sindaco ha risposto a una domanda sugli sgomberi previsti sull'autostrada. \u00c8 in contatto con Autobahn-GmbH, che ha promesso che la compensazione avr\u00e0 luogo da ottobre a fine febbraio. Tuttavia, interventi importanti sono difficilmente possibili.<\/li>\n\n\n\n<li>Inquinamento dei castagni sulla Via Crucis: Un residente locale ha sottolineato l'inquinamento alla Via Crucis da parte di un castagno. Il sindaco ha spiegato che la spazzatrice aveva fallito, ma da allora \u00e8 stata riparata. Si occupa della pulizia dell'area interessata.<\/li>\n\n\n\n<li>Protezione degli argini a Schabebornbach: Alla domanda sulla protezione degli argini sul Schabebornbach, il sindaco ha risposto che i lavori saranno eseguiti a breve.<\/li>\n\n\n\n<li>Utilizzo del centro comunitario: Sulla questione di chi potrebbe utilizzare il centro comunitario e quando, il sindaco ha spiegato che le richieste dovrebbero essere fatte meglio via e-mail a info@dernbach.de.<\/li>\n\n\n\n<li>Espansione in fibra ottica: Sul tema dell'espansione della fibra ottica, il sindaco ha riferito che all'ultima conferenza del sindaco locale \u00e8 stato annunciato che tutti i cantieri di Dernbach dovrebbero essere completati entro la fine di novembre. Entro la fine del primo trimestre del 2025, la connessione alla rete in fibra ottica deve avvenire. Meridiam \u00e8 responsabile della rete, mentre Vodafone implementa le connessioni domestiche. In alcune aree, i tubi sono gi\u00e0 nel marciapiede, ma non ancora ai collegamenti della casa. Inoltre, sono state segnalate diverse segnalazioni di danni dovuti ai lavori di costruzione, come lastre di pavimentazione difettose o posate in modo errato. In tali casi, i cittadini possono contattare direttamente il sindaco tramite <a href=\"http:\/\/info@dernbach.de\"><u>info@dernbach.de<\/u><\/a> Vi preghiamo di contattarci entro luned\u00ec, poich\u00e9 il danno verr\u00e0 quindi discusso con la societ\u00e0 di costruzioni in loco.<\/li>\n<\/ul>\n\n\n\n<h3 class=\"wp-block-heading\"><strong>indagini<\/strong><\/h3>\n\n\n\n<p class=\"wp-block-paragraph\"><strong>Attraversamenti a livello<\/strong>: Stefan G\u00f6rg ha chiesto informazioni sui progressi ai passaggi a livello, in particolare sulla limitazione del Burgweg e sulla distanza del passaggio dietro l'Hundeplatz. Il sindaco ha detto che la commissione era di due anni fa e non si aspettava ulteriori azioni. Inoltre, i fori al passaggio a livello della stazione devono essere rimossi, ma la ferrovia non rilascia la chiusura della transizione per questo.<\/p>\n\n\n\n<p class=\"wp-block-paragraph\"><strong>Ristrutturazione della strada sterrata sul Burgweg<\/strong>: Un membro della CDU ha suggerito nella riunione di riabilitare la strada sterrata, che si estende come un'estensione del percorso del castello. Le pietre di ghiaia riempite quest'anno non sono sufficienti per mantenere il percorso in buone condizioni. Il sindaco ha risposto che uno strato di catrame rappresenterebbe un onere finanziario relativamente elevato e che le sovvenzioni per la costruzione di strade nel settore agricolo erano discutibili. Tuttavia, prevede di ottenere una stima dei costi. Sottolinea inoltre che la seconda rata per l'acquisto del centro comunitario e le prevedibili misure di costruzione del S\u00fcdring potrebbero gravare pesantemente sul bilancio 2025.<\/p>\n\n\n\n<p class=\"wp-block-paragraph\"><strong>Controlli della velocit\u00e0 e conteggio del traffico: <\/strong>In risposta alla domanda di Stefan sui controlli di velocit\u00e0 e il conteggio del traffico, il sindaco ha risposto che la struttura recentemente installata \u00e8 stata avviata dal progettista del parco industriale di Burgweg. Qui viene fornito un collegamento al K148, per la cui preparazione \u00e8 necessario un censimento del traffico.<\/p>\n\n\n\n<p class=\"wp-block-paragraph\"><strong>Saint-Martin<\/strong>: Alessa Bode ha chiesto se i pretzel sono stati ordinati per St. Martin. Il sindaco ha confermato l'ordine, tra cui 100 pretzel smaltati ordinati per il centro per anziani.<\/p>\n\n\n\n<h3 class=\"wp-block-heading\"><strong>prospettive<\/strong><\/h3>\n\n\n\n<p class=\"wp-block-paragraph\">Noi di Together for Dernbach continueremo a tenervi informati sugli sviluppi in seno al consiglio comunale e sulle prossime decisioni. Rimanete informati: insieme daremo forma al futuro di Dernbach!<\/p>","protected":false},"excerpt":{"rendered":"<p>Nessuna decisione nella parte non pubblica All'inizio della riunione non c'erano decisioni, quindi possiamo andare direttamente alla parte pubblica. In quell'occasione il sindaco ha adottato [...]<\/p>","protected":false},"author":2,"featured_media":706,"comment_status":"closed","ping_status":"open","sticky":false,"template":"","format":"standard","meta":{"_price":"","_stock":"","_tribe_ticket_header":"","_tribe_default_ticket_provider":"","_tribe_ticket_capacity":"0","_ticket_start_date":"","_ticket_end_date":"","_tribe_ticket_show_description":"","_tribe_ticket_show_not_going":false,"_tribe_ticket_use_global_stock":"","_tribe_ticket_global_stock_level":"","_global_stock_mode":"","_global_stock_cap":"","_tribe_rsvp_for_event":"","_tribe_ticket_going_count":"","_tribe_ticket_not_going_count":"","_tribe_tickets_list":"[]","_tribe_ticket_has_attendee_info_fields":false,"_EventAllDay":false,"_EventTimezone":"","_EventStartDate":"","_EventEndDate":"","_EventStartDateUTC":"","_EventEndDateUTC":"","_EventShowMap":false,"_EventShowMapLink":false,"_EventURL":"","_EventCost":"","_EventCostDescription":"","_EventCurrencySymbol":"","_EventCurrencyCode":"","_EventCurrencyPosition":"","_EventDateTimeSeparator":"","_EventTimeRangeSeparator":"","_EventOrganizerID":[],"_EventVenueID":[],"_OrganizerEmail":"","_OrganizerPhone":"","_OrganizerWebsite":"","_VenueAddress":"","_VenueCity":"","_VenueCountry":"","_VenueProvince":"","_VenueState":"","_VenueZip":"","_VenuePhone":"","_VenueURL":"","_VenueStateProvince":"","_VenueLat":"","_VenueLng":"","_VenueShowMap":false,"_VenueShowMapLink":false,"footnotes":""},"categories":[10],"tags":[119,115,120,123],"class_list":["post-793","post","type-post","status-publish","format-standard","has-post-thumbnail","hentry","category-neues-aus-dem-gemeinderat","tag-buecherei","tag-gemeindezentrum","tag-grundschulerweiterung","tag-kanalsanierung"],"aioseo_notices":[],"aioseo_head":"\n\t\t<!-- All in One SEO 5.0.1.1 - aioseo.com -->\n\t<meta name=\"description\" content=\"Kein Beschluss im nicht\u00f6ffentlichen Teil Zu Beginn der Sitzung gab es keine Beschl\u00fcsse, sodass wir direkt zum \u00f6ffentlichen Teil \u00fcbergehen k\u00f6nnen. Verabschiedung langj\u00e4hriger Ratsmitglieder In dieser Sitzung verabschiedete der B\u00fcrgermeister mehrere Ratsmitglieder, die zum Teil lange Jahre im Gemeinderat aktiv waren. Wir schlie\u00dfen uns dem Dank des B\u00fcrgermeisters an und bedanken uns bei den ehemaligen\" \/>\n\t<meta name=\"robots\" content=\"max-image-preview:large\" \/>\n\t<meta name=\"author\" content=\"GfD_Manuel\"\/>\n\t<link rel=\"canonical\" href=\"https:\/\/gemeinsam-fuer-dernbach.de\/it\/ratssitzung-vom-9-oktober\" \/>\n\t<meta name=\"generator\" content=\"All in One SEO (AIOSEO) 5.0.1.1\" \/>\n\t\t<meta property=\"og:locale\" content=\"it_IT\" \/>\n\t\t<meta property=\"og:site_name\" content=\"Gemeinsam f\u00fcr Dernbach - Gemeinsam f\u00fcr Dernbach - Website der W\u00e4hlergruppe Jankowitsch\" \/>\n\t\t<meta property=\"og:type\" content=\"article\" \/>\n\t\t<meta property=\"og:title\" content=\"Neues aus dem Gemeinderat \u2013 3. Sitzung - Gemeinsam f\u00fcr Dernbach\" \/>\n\t\t<meta property=\"og:description\" content=\"Kein Beschluss im nicht\u00f6ffentlichen Teil Zu Beginn der Sitzung gab es keine Beschl\u00fcsse, sodass wir direkt zum \u00f6ffentlichen Teil \u00fcbergehen k\u00f6nnen. Verabschiedung langj\u00e4hriger Ratsmitglieder In dieser Sitzung verabschiedete der B\u00fcrgermeister mehrere Ratsmitglieder, die zum Teil lange Jahre im Gemeinderat aktiv waren. Wir schlie\u00dfen uns dem Dank des B\u00fcrgermeisters an und bedanken uns bei den ehemaligen\" \/>\n\t\t<meta property=\"og:url\" content=\"https:\/\/gemeinsam-fuer-dernbach.de\/it\/ratssitzung-vom-9-oktober\" \/>\n\t\t<meta property=\"og:image\" content=\"https:\/\/gemeinsam-fuer-dernbach.de\/wp-content\/uploads\/2024\/12\/cropped-Button.png\" \/>\n\t\t<meta property=\"og:image:secure_url\" content=\"https:\/\/gemeinsam-fuer-dernbach.de\/wp-content\/uploads\/2024\/12\/cropped-Button.png\" \/>\n\t\t<meta property=\"og:image:width\" content=\"512\" \/>\n\t\t<meta property=\"og:image:height\" content=\"512\" \/>\n\t\t<meta property=\"article:published_time\" content=\"2024-10-13T13:49:14+00:00\" \/>\n\t\t<meta property=\"article:modified_time\" content=\"2025-07-01T21:34:56+00:00\" \/>\n\t\t<meta property=\"article:publisher\" content=\"https:\/\/www.facebook.com\/gemeinsam.fuer.dernbach\/\" \/>\n\t\t<meta name=\"twitter:card\" content=\"summary_large_image\" \/>\n\t\t<meta name=\"twitter:title\" content=\"Neues aus dem Gemeinderat \u2013 3. Sitzung - Gemeinsam f\u00fcr Dernbach\" \/>\n\t\t<meta name=\"twitter:description\" content=\"Kein Beschluss im nicht\u00f6ffentlichen Teil Zu Beginn der Sitzung gab es keine Beschl\u00fcsse, sodass wir direkt zum \u00f6ffentlichen Teil \u00fcbergehen k\u00f6nnen. Verabschiedung langj\u00e4hriger Ratsmitglieder In dieser Sitzung verabschiedete der B\u00fcrgermeister mehrere Ratsmitglieder, die zum Teil lange Jahre im Gemeinderat aktiv waren. Wir schlie\u00dfen uns dem Dank des B\u00fcrgermeisters an und bedanken uns bei den ehemaligen\" \/>\n\t\t<meta name=\"twitter:image\" content=\"https:\/\/gemeinsam-fuer-dernbach.de\/wp-content\/uploads\/2024\/12\/cropped-Button.png\" \/>\n\t\t<script type=\"application\/ld+json\" class=\"aioseo-schema\">\n\t\t\t{\"@context\":\"https:\\\/\\\/schema.org\",\"@graph\":[{\"@type\":\"BlogPosting\",\"@id\":\"https:\\\/\\\/gemeinsam-fuer-dernbach.de\\\/it\\\/ratssitzung-vom-9-oktober#blogposting\",\"name\":\"Neues aus dem Gemeinderat \\u2013 3. Sitzung - Gemeinsam f\\u00fcr Dernbach\",\"headline\":\"Neues aus dem Gemeinderat &#8211; 3. Sitzung\",\"author\":{\"@id\":\"https:\\\/\\\/gemeinsam-fuer-dernbach.de\\\/it\\\/author\\\/gfd_manuel#author\"},\"publisher\":{\"@id\":\"https:\\\/\\\/gemeinsam-fuer-dernbach.de\\\/it\\\/#organization\"},\"image\":{\"@type\":\"ImageObject\",\"url\":\"https:\\\/\\\/gemeinsam-fuer-dernbach.de\\\/wp-content\\\/uploads\\\/2024\\\/09\\\/Neues-Gemeiderat.jpeg\",\"width\":859,\"height\":864,\"caption\":\"Neues aus dem Gemeinderat - Gemeinsam f\\u00fcr Dernbach berichtet\"},\"datePublished\":\"2024-10-13T14:49:14+01:00\",\"dateModified\":\"2025-07-01T22:34:56+01:00\",\"inLanguage\":\"it-IT\",\"mainEntityOfPage\":{\"@id\":\"https:\\\/\\\/gemeinsam-fuer-dernbach.de\\\/it\\\/ratssitzung-vom-9-oktober#webpage\"},\"isPartOf\":{\"@id\":\"https:\\\/\\\/gemeinsam-fuer-dernbach.de\\\/it\\\/ratssitzung-vom-9-oktober#webpage\"},\"articleSection\":\"Neues aus dem Gemeinderat, B\\u00fccherei, Gemeindezentrum, Grundschulerweiterung, Kanalsanierung\"},{\"@type\":\"BreadcrumbList\",\"@id\":\"https:\\\/\\\/gemeinsam-fuer-dernbach.de\\\/it\\\/ratssitzung-vom-9-oktober#breadcrumblist\",\"itemListElement\":[{\"@type\":\"ListItem\",\"@id\":\"https:\\\/\\\/gemeinsam-fuer-dernbach.de\\\/it#listItem\",\"position\":1,\"name\":\"Home\",\"item\":\"https:\\\/\\\/gemeinsam-fuer-dernbach.de\\\/it\",\"nextItem\":{\"@type\":\"ListItem\",\"@id\":\"https:\\\/\\\/gemeinsam-fuer-dernbach.de\\\/it\\\/category\\\/neues-aus-dem-gemeinderat#listItem\",\"name\":\"Neues aus dem Gemeinderat\"}},{\"@type\":\"ListItem\",\"@id\":\"https:\\\/\\\/gemeinsam-fuer-dernbach.de\\\/it\\\/category\\\/neues-aus-dem-gemeinderat#listItem\",\"position\":2,\"name\":\"Neues aus dem Gemeinderat\",\"item\":\"https:\\\/\\\/gemeinsam-fuer-dernbach.de\\\/it\\\/category\\\/neues-aus-dem-gemeinderat\",\"nextItem\":{\"@type\":\"ListItem\",\"@id\":\"https:\\\/\\\/gemeinsam-fuer-dernbach.de\\\/it\\\/ratssitzung-vom-9-oktober#listItem\",\"name\":\"Neues aus dem Gemeinderat &#8211; 3. Sitzung\"},\"previousItem\":{\"@type\":\"ListItem\",\"@id\":\"https:\\\/\\\/gemeinsam-fuer-dernbach.de\\\/it#listItem\",\"name\":\"Home\"}},{\"@type\":\"ListItem\",\"@id\":\"https:\\\/\\\/gemeinsam-fuer-dernbach.de\\\/it\\\/ratssitzung-vom-9-oktober#listItem\",\"position\":3,\"name\":\"Neues aus dem Gemeinderat &#8211; 3. Sitzung\",\"previousItem\":{\"@type\":\"ListItem\",\"@id\":\"https:\\\/\\\/gemeinsam-fuer-dernbach.de\\\/it\\\/category\\\/neues-aus-dem-gemeinderat#listItem\",\"name\":\"Neues aus dem Gemeinderat\"}}]},{\"@type\":\"Organization\",\"@id\":\"https:\\\/\\\/gemeinsam-fuer-dernbach.de\\\/it\\\/#organization\",\"name\":\"Gemeinsam f\\u00fcr Dernbach\",\"description\":\"Gemeinsam f\\u00fcr Dernbach - Website der W\\u00e4hlergruppe Jankowitsch\",\"url\":\"https:\\\/\\\/gemeinsam-fuer-dernbach.de\\\/it\\\/\",\"logo\":{\"@type\":\"ImageObject\",\"url\":\"https:\\\/\\\/gemeinsam-fuer-dernbach.de\\\/wp-content\\\/uploads\\\/2024\\\/12\\\/cropped-Button.png\",\"@id\":\"https:\\\/\\\/gemeinsam-fuer-dernbach.de\\\/it\\\/ratssitzung-vom-9-oktober\\\/#organizationLogo\",\"width\":512,\"height\":512,\"caption\":\"Gemeinsam f\\u00fcr Dernbach\"},\"image\":{\"@id\":\"https:\\\/\\\/gemeinsam-fuer-dernbach.de\\\/it\\\/ratssitzung-vom-9-oktober\\\/#organizationLogo\"},\"sameAs\":[\"https:\\\/\\\/www.facebook.com\\\/gemeinsam.fuer.dernbach\\\/\",\"https:\\\/\\\/www.instagram.com\\\/gemeinsam_fuer_dernbach\\\/\"]},{\"@type\":\"Person\",\"@id\":\"https:\\\/\\\/gemeinsam-fuer-dernbach.de\\\/it\\\/author\\\/gfd_manuel#author\",\"url\":\"https:\\\/\\\/gemeinsam-fuer-dernbach.de\\\/it\\\/author\\\/gfd_manuel\",\"name\":\"GfD_Manuel\"},{\"@type\":\"WebPage\",\"@id\":\"https:\\\/\\\/gemeinsam-fuer-dernbach.de\\\/it\\\/ratssitzung-vom-9-oktober#webpage\",\"url\":\"https:\\\/\\\/gemeinsam-fuer-dernbach.de\\\/it\\\/ratssitzung-vom-9-oktober\",\"name\":\"Neues aus dem Gemeinderat \\u2013 3. Sitzung - Gemeinsam f\\u00fcr Dernbach\",\"description\":\"Kein Beschluss im nicht\\u00f6ffentlichen Teil Zu Beginn der Sitzung gab es keine Beschl\\u00fcsse, sodass wir direkt zum \\u00f6ffentlichen Teil \\u00fcbergehen k\\u00f6nnen. Verabschiedung langj\\u00e4hriger Ratsmitglieder In dieser Sitzung verabschiedete der B\\u00fcrgermeister mehrere Ratsmitglieder, die zum Teil lange Jahre im Gemeinderat aktiv waren. Wir schlie\\u00dfen uns dem Dank des B\\u00fcrgermeisters an und bedanken uns bei den ehemaligen\",\"inLanguage\":\"it-IT\",\"isPartOf\":{\"@id\":\"https:\\\/\\\/gemeinsam-fuer-dernbach.de\\\/it\\\/#website\"},\"breadcrumb\":{\"@id\":\"https:\\\/\\\/gemeinsam-fuer-dernbach.de\\\/it\\\/ratssitzung-vom-9-oktober#breadcrumblist\"},\"author\":{\"@id\":\"https:\\\/\\\/gemeinsam-fuer-dernbach.de\\\/it\\\/author\\\/gfd_manuel#author\"},\"creator\":{\"@id\":\"https:\\\/\\\/gemeinsam-fuer-dernbach.de\\\/it\\\/author\\\/gfd_manuel#author\"},\"image\":{\"@type\":\"ImageObject\",\"url\":\"https:\\\/\\\/gemeinsam-fuer-dernbach.de\\\/wp-content\\\/uploads\\\/2024\\\/09\\\/Neues-Gemeiderat.jpeg\",\"@id\":\"https:\\\/\\\/gemeinsam-fuer-dernbach.de\\\/it\\\/ratssitzung-vom-9-oktober\\\/#mainImage\",\"width\":859,\"height\":864,\"caption\":\"Neues aus dem Gemeinderat - Gemeinsam f\\u00fcr Dernbach berichtet\"},\"primaryImageOfPage\":{\"@id\":\"https:\\\/\\\/gemeinsam-fuer-dernbach.de\\\/it\\\/ratssitzung-vom-9-oktober#mainImage\"},\"datePublished\":\"2024-10-13T14:49:14+01:00\",\"dateModified\":\"2025-07-01T22:34:56+01:00\"},{\"@type\":\"WebSite\",\"@id\":\"https:\\\/\\\/gemeinsam-fuer-dernbach.de\\\/it\\\/#website\",\"url\":\"https:\\\/\\\/gemeinsam-fuer-dernbach.de\\\/it\\\/\",\"name\":\"Gemeinsam f\\u00fcr Dernbach\",\"description\":\"Gemeinsam f\\u00fcr Dernbach - Website der W\\u00e4hlergruppe Jankowitsch\",\"inLanguage\":\"it-IT\",\"publisher\":{\"@id\":\"https:\\\/\\\/gemeinsam-fuer-dernbach.de\\\/it\\\/#organization\"}}]}\n\t\t<\/script>\n\t\t<!-- All in One SEO -->\n\n","aioseo_head_json":{"title":"Neues aus dem Gemeinderat \u2013 3. Sitzung - Gemeinsam f\u00fcr Dernbach","description":"Kein Beschluss im nicht\u00f6ffentlichen Teil Zu Beginn der Sitzung gab es keine Beschl\u00fcsse, sodass wir direkt zum \u00f6ffentlichen Teil \u00fcbergehen k\u00f6nnen. Verabschiedung langj\u00e4hriger Ratsmitglieder In dieser Sitzung verabschiedete der B\u00fcrgermeister mehrere Ratsmitglieder, die zum Teil lange Jahre im Gemeinderat aktiv waren. Wir schlie\u00dfen uns dem Dank des B\u00fcrgermeisters an und bedanken uns bei den ehemaligen","canonical_url":"https:\/\/gemeinsam-fuer-dernbach.de\/it\/ratssitzung-vom-9-oktober","robots":"max-image-preview:large","keywords":"","webmasterTools":{"miscellaneous":""},"schema":{"@context":"https:\/\/schema.org","@graph":[{"@type":"BlogPosting","@id":"https:\/\/gemeinsam-fuer-dernbach.de\/it\/ratssitzung-vom-9-oktober#blogposting","name":"Neues aus dem Gemeinderat \u2013 3. Sitzung - Gemeinsam f\u00fcr Dernbach","headline":"Neues aus dem Gemeinderat &#8211; 3. Sitzung","author":{"@id":"https:\/\/gemeinsam-fuer-dernbach.de\/it\/author\/gfd_manuel#author"},"publisher":{"@id":"https:\/\/gemeinsam-fuer-dernbach.de\/it\/#organization"},"image":{"@type":"ImageObject","url":"https:\/\/gemeinsam-fuer-dernbach.de\/wp-content\/uploads\/2024\/09\/Neues-Gemeiderat.jpeg","width":859,"height":864,"caption":"Neues aus dem Gemeinderat - Gemeinsam f\u00fcr Dernbach berichtet"},"datePublished":"2024-10-13T14:49:14+01:00","dateModified":"2025-07-01T22:34:56+01:00","inLanguage":"it-IT","mainEntityOfPage":{"@id":"https:\/\/gemeinsam-fuer-dernbach.de\/it\/ratssitzung-vom-9-oktober#webpage"},"isPartOf":{"@id":"https:\/\/gemeinsam-fuer-dernbach.de\/it\/ratssitzung-vom-9-oktober#webpage"},"articleSection":"Neues aus dem Gemeinderat, B\u00fccherei, Gemeindezentrum, Grundschulerweiterung, Kanalsanierung"},{"@type":"BreadcrumbList","@id":"https:\/\/gemeinsam-fuer-dernbach.de\/it\/ratssitzung-vom-9-oktober#breadcrumblist","itemListElement":[{"@type":"ListItem","@id":"https:\/\/gemeinsam-fuer-dernbach.de\/it#listItem","position":1,"name":"Home","item":"https:\/\/gemeinsam-fuer-dernbach.de\/it","nextItem":{"@type":"ListItem","@id":"https:\/\/gemeinsam-fuer-dernbach.de\/it\/category\/neues-aus-dem-gemeinderat#listItem","name":"Neues aus dem Gemeinderat"}},{"@type":"ListItem","@id":"https:\/\/gemeinsam-fuer-dernbach.de\/it\/category\/neues-aus-dem-gemeinderat#listItem","position":2,"name":"Neues aus dem Gemeinderat","item":"https:\/\/gemeinsam-fuer-dernbach.de\/it\/category\/neues-aus-dem-gemeinderat","nextItem":{"@type":"ListItem","@id":"https:\/\/gemeinsam-fuer-dernbach.de\/it\/ratssitzung-vom-9-oktober#listItem","name":"Neues aus dem Gemeinderat &#8211; 3. Sitzung"},"previousItem":{"@type":"ListItem","@id":"https:\/\/gemeinsam-fuer-dernbach.de\/it#listItem","name":"Home"}},{"@type":"ListItem","@id":"https:\/\/gemeinsam-fuer-dernbach.de\/it\/ratssitzung-vom-9-oktober#listItem","position":3,"name":"Neues aus dem Gemeinderat &#8211; 3. Sitzung","previousItem":{"@type":"ListItem","@id":"https:\/\/gemeinsam-fuer-dernbach.de\/it\/category\/neues-aus-dem-gemeinderat#listItem","name":"Neues aus dem Gemeinderat"}}]},{"@type":"Organization","@id":"https:\/\/gemeinsam-fuer-dernbach.de\/it\/#organization","name":"Gemeinsam f\u00fcr Dernbach","description":"Gemeinsam f\u00fcr Dernbach - Website der W\u00e4hlergruppe Jankowitsch","url":"https:\/\/gemeinsam-fuer-dernbach.de\/it\/","logo":{"@type":"ImageObject","url":"https:\/\/gemeinsam-fuer-dernbach.de\/wp-content\/uploads\/2024\/12\/cropped-Button.png","@id":"https:\/\/gemeinsam-fuer-dernbach.de\/it\/ratssitzung-vom-9-oktober\/#organizationLogo","width":512,"height":512,"caption":"Gemeinsam f\u00fcr Dernbach"},"image":{"@id":"https:\/\/gemeinsam-fuer-dernbach.de\/it\/ratssitzung-vom-9-oktober\/#organizationLogo"},"sameAs":["https:\/\/www.facebook.com\/gemeinsam.fuer.dernbach\/","https:\/\/www.instagram.com\/gemeinsam_fuer_dernbach\/"]},{"@type":"Person","@id":"https:\/\/gemeinsam-fuer-dernbach.de\/it\/author\/gfd_manuel#author","url":"https:\/\/gemeinsam-fuer-dernbach.de\/it\/author\/gfd_manuel","name":"GfD_Manuel"},{"@type":"WebPage","@id":"https:\/\/gemeinsam-fuer-dernbach.de\/it\/ratssitzung-vom-9-oktober#webpage","url":"https:\/\/gemeinsam-fuer-dernbach.de\/it\/ratssitzung-vom-9-oktober","name":"Neues aus dem Gemeinderat \u2013 3. Sitzung - Gemeinsam f\u00fcr Dernbach","description":"Kein Beschluss im nicht\u00f6ffentlichen Teil Zu Beginn der Sitzung gab es keine Beschl\u00fcsse, sodass wir direkt zum \u00f6ffentlichen Teil \u00fcbergehen k\u00f6nnen. Verabschiedung langj\u00e4hriger Ratsmitglieder In dieser Sitzung verabschiedete der B\u00fcrgermeister mehrere Ratsmitglieder, die zum Teil lange Jahre im Gemeinderat aktiv waren. Wir schlie\u00dfen uns dem Dank des B\u00fcrgermeisters an und bedanken uns bei den ehemaligen","inLanguage":"it-IT","isPartOf":{"@id":"https:\/\/gemeinsam-fuer-dernbach.de\/it\/#website"},"breadcrumb":{"@id":"https:\/\/gemeinsam-fuer-dernbach.de\/it\/ratssitzung-vom-9-oktober#breadcrumblist"},"author":{"@id":"https:\/\/gemeinsam-fuer-dernbach.de\/it\/author\/gfd_manuel#author"},"creator":{"@id":"https:\/\/gemeinsam-fuer-dernbach.de\/it\/author\/gfd_manuel#author"},"image":{"@type":"ImageObject","url":"https:\/\/gemeinsam-fuer-dernbach.de\/wp-content\/uploads\/2024\/09\/Neues-Gemeiderat.jpeg","@id":"https:\/\/gemeinsam-fuer-dernbach.de\/it\/ratssitzung-vom-9-oktober\/#mainImage","width":859,"height":864,"caption":"Neues aus dem Gemeinderat - Gemeinsam f\u00fcr Dernbach berichtet"},"primaryImageOfPage":{"@id":"https:\/\/gemeinsam-fuer-dernbach.de\/it\/ratssitzung-vom-9-oktober#mainImage"},"datePublished":"2024-10-13T14:49:14+01:00","dateModified":"2025-07-01T22:34:56+01:00"},{"@type":"WebSite","@id":"https:\/\/gemeinsam-fuer-dernbach.de\/it\/#website","url":"https:\/\/gemeinsam-fuer-dernbach.de\/it\/","name":"Gemeinsam f\u00fcr Dernbach","description":"Gemeinsam f\u00fcr Dernbach - Website der W\u00e4hlergruppe Jankowitsch","inLanguage":"it-IT","publisher":{"@id":"https:\/\/gemeinsam-fuer-dernbach.de\/it\/#organization"}}]},"og:locale":"it_IT","og:site_name":"Gemeinsam f\u00fcr Dernbach - Gemeinsam f\u00fcr Dernbach - Website der W\u00e4hlergruppe Jankowitsch","og:type":"article","og:title":"Neues aus dem Gemeinderat \u2013 3. Sitzung - Gemeinsam f\u00fcr Dernbach","og:description":"Kein Beschluss im nicht\u00f6ffentlichen Teil Zu Beginn der Sitzung gab es keine Beschl\u00fcsse, sodass wir direkt zum \u00f6ffentlichen Teil \u00fcbergehen k\u00f6nnen. Verabschiedung langj\u00e4hriger Ratsmitglieder In dieser Sitzung verabschiedete der B\u00fcrgermeister mehrere Ratsmitglieder, die zum Teil lange Jahre im Gemeinderat aktiv waren. Wir schlie\u00dfen uns dem Dank des B\u00fcrgermeisters an und bedanken uns bei den ehemaligen","og:url":"https:\/\/gemeinsam-fuer-dernbach.de\/it\/ratssitzung-vom-9-oktober","og:image":"https:\/\/gemeinsam-fuer-dernbach.de\/wp-content\/uploads\/2024\/12\/cropped-Button.png","og:image:secure_url":"https:\/\/gemeinsam-fuer-dernbach.de\/wp-content\/uploads\/2024\/12\/cropped-Button.png","og:image:width":512,"og:image:height":512,"article:published_time":"2024-10-13T13:49:14+00:00","article:modified_time":"2025-07-01T21:34:56+00:00","article:publisher":"https:\/\/www.facebook.com\/gemeinsam.fuer.dernbach\/","twitter:card":"summary_large_image","twitter:title":"Neues aus dem Gemeinderat \u2013 3. Sitzung - Gemeinsam f\u00fcr Dernbach","twitter:description":"Kein Beschluss im nicht\u00f6ffentlichen Teil Zu Beginn der Sitzung gab es keine Beschl\u00fcsse, sodass wir direkt zum \u00f6ffentlichen Teil \u00fcbergehen k\u00f6nnen. Verabschiedung langj\u00e4hriger Ratsmitglieder In dieser Sitzung verabschiedete der B\u00fcrgermeister mehrere Ratsmitglieder, die zum Teil lange Jahre im Gemeinderat aktiv waren. Wir schlie\u00dfen uns dem Dank des B\u00fcrgermeisters an und bedanken uns bei den ehemaligen","twitter:image":"https:\/\/gemeinsam-fuer-dernbach.de\/wp-content\/uploads\/2024\/12\/cropped-Button.png"},"aioseo_meta_data":{"post_id":"793","title":null,"description":null,"keywords":null,"keyphrases":{"focus":[],"additional":[]},"primary_term":null,"canonical_url":null,"og_title":null,"og_description":null,"og_object_type":"default","og_image_type":"default","og_image_url":null,"og_image_width":null,"og_image_height":null,"og_image_custom_url":null,"og_image_custom_fields":null,"og_video":"","og_custom_url":null,"og_article_section":null,"og_article_tags":null,"twitter_use_og":false,"twitter_card":"default","twitter_image_type":"default","twitter_image_url":null,"twitter_image_custom_url":null,"twitter_image_custom_fields":null,"twitter_title":null,"twitter_description":null,"schema":{"blockGraphs":[],"customGraphs":[],"default":{"data":{"Article":[],"Course":[],"Dataset":[],"FAQPage":[],"Movie":[],"Person":[],"Product":[],"ProductReview":[],"Car":[],"Recipe":[],"Service":[],"SoftwareApplication":[],"WebPage":[]},"graphName":"","isEnabled":true},"graphs":[]},"schema_type":"default","schema_type_options":null,"pillar_content":false,"robots_default":true,"robots_noindex":false,"robots_noarchive":false,"robots_nosnippet":false,"robots_nofollow":false,"robots_noimageindex":false,"robots_noodp":false,"robots_notranslate":false,"robots_max_snippet":"-1","robots_max_videopreview":"-1","robots_max_imagepreview":"large","priority":null,"frequency":"default","local_seo":null,"breadcrumb_settings":null,"limit_modified_date":false,"ai":null,"created":"2025-06-24 20:04:55","updated":"2026-09-03 19:34:34","seo_analyzer_scan_date":null,"focus_keyword":null,"additional_keywords":null,"truseo_locale":null},"aioseo_breadcrumb":"<div class=\"aioseo-breadcrumbs\"><span class=\"aioseo-breadcrumb\">\n\t\t\t<a href=\"https:\/\/gemeinsam-fuer-dernbach.de\/it\" title=\"Home\">Home<\/a>\n\t\t<\/span><span class=\"aioseo-breadcrumb-separator\">&raquo;<\/span><span class=\"aioseo-breadcrumb\">\n\t\t\t<a href=\"https:\/\/gemeinsam-fuer-dernbach.de\/it\/category\/neues-aus-dem-gemeinderat\" title=\"Neues aus dem Gemeinderat\">Neues aus dem Gemeinderat<\/a>\n\t\t<\/span><span class=\"aioseo-breadcrumb-separator\">&raquo;<\/span><span class=\"aioseo-breadcrumb\">\n\t\t\tNeues aus dem Gemeinderat \u2013 3. Sitzung\n\t\t<\/span><\/div>","aioseo_breadcrumb_json":[{"label":"Home","link":"https:\/\/gemeinsam-fuer-dernbach.de\/it"},{"label":"Neues aus dem Gemeinderat","link":"https:\/\/gemeinsam-fuer-dernbach.de\/it\/category\/neues-aus-dem-gemeinderat"},{"label":"Neues aus dem Gemeinderat &#8211; 3. Sitzung","link":"https:\/\/gemeinsam-fuer-dernbach.de\/it\/ratssitzung-vom-9-oktober"}],"_links":{"self":[{"href":"https:\/\/gemeinsam-fuer-dernbach.de\/it\/wp-json\/wp\/v2\/posts\/793","targetHints":{"allow":["GET"]}}],"collection":[{"href":"https:\/\/gemeinsam-fuer-dernbach.de\/it\/wp-json\/wp\/v2\/posts"}],"about":[{"href":"https:\/\/gemeinsam-fuer-dernbach.de\/it\/wp-json\/wp\/v2\/types\/post"}],"author":[{"embeddable":true,"href":"https:\/\/gemeinsam-fuer-dernbach.de\/it\/wp-json\/wp\/v2\/users\/2"}],"replies":[{"embeddable":true,"href":"https:\/\/gemeinsam-fuer-dernbach.de\/it\/wp-json\/wp\/v2\/comments?post=793"}],"version-history":[{"count":15,"href":"https:\/\/gemeinsam-fuer-dernbach.de\/it\/wp-json\/wp\/v2\/posts\/793\/revisions"}],"predecessor-version":[{"id":1209,"href":"https:\/\/gemeinsam-fuer-dernbach.de\/it\/wp-json\/wp\/v2\/posts\/793\/revisions\/1209"}],"wp:featuredmedia":[{"embeddable":true,"href":"https:\/\/gemeinsam-fuer-dernbach.de\/it\/wp-json\/wp\/v2\/media\/706"}],"wp:attachment":[{"href":"https:\/\/gemeinsam-fuer-dernbach.de\/it\/wp-json\/wp\/v2\/media?parent=793"}],"wp:term":[{"taxonomy":"category","embeddable":true,"href":"https:\/\/gemeinsam-fuer-dernbach.de\/it\/wp-json\/wp\/v2\/categories?post=793"},{"taxonomy":"post_tag","embeddable":true,"href":"https:\/\/gemeinsam-fuer-dernbach.de\/it\/wp-json\/wp\/v2\/tags?post=793"}],"curies":[{"name":"wp","href":"https:\/\/api.w.org\/{rel}","templated":true}]}}