{"id":1165,"date":"2025-02-23T00:07:15","date_gmt":"2025-02-22T23:07:15","guid":{"rendered":"https:\/\/gemeinsam-fuer-dernbach.de\/?p=1165"},"modified":"2025-07-01T22:54:45","modified_gmt":"2025-07-01T21:54:45","slug":"neues-aus-dem-gemeinderat-1-2025","status":"publish","type":"post","link":"https:\/\/gemeinsam-fuer-dernbach.de\/tr\/neues-aus-dem-gemeinderat-1-2025","title":{"rendered":"Belediye Meclisi'nden Haberler 1\/2025"},"content":{"rendered":"<p class=\"wp-block-paragraph\">5 \u015eubat 2025'te Dernbach yerel konseyinin en son toplant\u0131s\u0131 ger\u00e7ekle\u015fti \u2014 alt\u0131 siyasi grup \u00fcyesiyle tamamen temsil edildik. K\u00f6y\u00fcm\u00fcz i\u00e7in \u00f6nemli konular g\u00fcndemdeydi.<\/p>\n\n\n\n<h2 class=\"wp-block-heading\">Geli\u015ftirme plan\u0131 Ebernhahner Stra\u00dfe: Dernbach i\u00e7in yeni bir s\u00fcpermarket<\/h2>\n\n\n\n<p class=\"wp-block-paragraph\">Ana tema Ebernhahner Stra\u00dfe'deki kalk\u0131nma plan\u0131yd\u0131. Plan, bir i\u00e7ecek pazar\u0131 ve f\u0131r\u0131n\u0131 olan bir Norma s\u00fcpermarketi kurmakt\u0131r. Dernek belediye idaresi ve planlama ofisi temsilcileri, al\u0131nan \u00f6nerilerin yan\u0131 s\u0131ra kapsaml\u0131 planlama belgelerini de sundular.<\/p>\n\n\n\n<p class=\"wp-block-paragraph\">Grubumuzdan gelen sorulara yan\u0131t olarak, a\u015fa\u011f\u0131daki noktalar a\u00e7\u0131kl\u0131\u011fa kavu\u015fturulmu\u015ftur:<\/p>\n\n\n\n<ul class=\"wp-block-list\">\n<li>Sat\u0131\u015f alan\u0131 k\u00fc\u00e7\u00fck \u00f6l\u00e7ekli perakende s\u0131n\u0131rlar\u0131 i\u00e7inde kal\u0131r.<\/li>\n\n\n\n<li>Bir ya\u011fmur suyu tutma havzas\u0131 at\u0131k su sistemini rahatlatmak i\u00e7in tasarlanm\u0131\u015ft\u0131r ve be\u015f y\u0131ll\u0131k bir sel i\u00e7in tasarlanm\u0131\u015ft\u0131r.<\/li>\n\n\n\n<li>Geli\u015ftirme plan\u0131, gelecekte durum de\u011fi\u015firse di\u011fer ticari kullan\u0131mlara da izin verir.<\/li>\n<\/ul>\n\n\n\n<p class=\"wp-block-paragraph\">Bir CDU \u00fcyesi, rakiplerin s\u00fcpermarketi dava edip edemeyece\u011fini sordu. Uzmanlar bunun m\u00fcmk\u00fcn oldu\u011funu d\u00fc\u015f\u00fcn\u00fcyor, ancak mutlaka umut verici de\u011fil. Sonunda, yerel konsey kalk\u0131nma plan\u0131 i\u00e7in \u00e7ekimser oy kulland\u0131.<\/p>\n\n\n\n<h2 class=\"wp-block-heading\">Elektrik ve gaz tedarik s\u00f6zle\u015fmeleri: Ye\u015fil Elektri\u011fi Se\u00e7mek<\/h2>\n\n\n\n<p class=\"wp-block-paragraph\">Belediye ba\u015fkan\u0131, 2026-2028 y\u0131llar\u0131 i\u00e7in planlanan elektrik ve gaz tedarik s\u00f6zle\u015fmeleri ihalesini sundu. Bunu yaparken belediye normal veya ye\u015fil elektrik sat\u0131n almak isteyip istemedi\u011fine karar verebildi.<\/p>\n\n\n\n<p class=\"wp-block-paragraph\">K\u0131sa bir tart\u0131\u015fma, CDU \u00fcyesinin s\u0131n\u0131rl\u0131 finansal bo\u015fluk nedeniyle sorgulad\u0131\u011f\u0131 ye\u015fil elektrik i\u00e7in ek maliyetler etraf\u0131nda d\u00f6nd\u00fc. Miktar\u0131n ayr\u0131nt\u0131lar\u0131 bilinmiyordu, bu y\u00fczden Manuel finansal etkinin kabaca de\u011ferlendirilmesinde olduk\u00e7a orta \u00fc\u00e7 haneli bir miktara ula\u015fmak i\u00e7in b\u00fct\u00e7eye bakt\u0131. Konsey oybirli\u011fiyle ye\u015fil elektrik sat\u0131n almaya karar verdi.<\/p>\n\n\n\n<h2 class=\"wp-block-heading\">Friedgarten mi? Vazo toplama mezarlar\u0131 olan park benzeri bir alan<\/h2>\n\n\n\n<p class=\"wp-block-paragraph\">Bir ba\u015fka konu da vazo toplama mezarlar\u0131 olan bir mezarl\u0131k bah\u00e7esinin planlanmas\u0131yd\u0131. Orijinal planlar, \u00f6zellikle g\u00f6mme formlar\u0131, y\u00f6nlendirme ve maliyetler \u00fczerinde revize edilmi\u015ftir. Konsey \u00fcyeleri \u00f6nceden g\u00fcncellenmi\u015f bir maliyet beyan\u0131 veya bir taslak karar almad\u0131\u011f\u0131ndan, Manuel dernek belediye y\u00f6netimine sordu, ancak belediye ba\u015fkan\u0131na sevk edildi.<\/p>\n\n\n\n<p class=\"wp-block-paragraph\">Planlar k\u0131smen belirsiz kald\u0131 veya de\u011fi\u015ftirildi, b\u00f6ylece Alessa'n\u0131n sordu\u011fu a\u00e7\u0131k sorular hala vard\u0131:<\/p>\n\n\n\n<ul class=\"wp-block-list\">\n<li>Hangi mezarda ka\u00e7 tane urn mezar olu\u015fturulacak?<\/li>\n\n\n\n<li>\u015eantiyenin personel maliyetleri planlan\u0131yor mu?<\/li>\n\n\n\n<li>\u00dccretler, in\u015faat maliyetlerinin yan\u0131 s\u0131ra i\u015fletme maliyetlerini de kaps\u0131yor mu?<\/li>\n<\/ul>\n\n\n\n<p class=\"wp-block-paragraph\">Alessa, Friedgarten'\u0131n \u00f6rg\u00fctsel ve risk toplulu\u011funu rahatlatmak i\u00e7in kooperatif olarak \u00e7al\u0131\u015ft\u0131r\u0131lmas\u0131 fikrini ortaya att\u0131. Potansiyel bir operat\u00f6r \u00f6nceden \u00f6ng\u00f6r\u00fclm\u00fc\u015ft\u00fc, ancak bu \u00f6neri takip edilmedi.<\/p>\n\n\n\n<p class=\"wp-block-paragraph\">Stefan G., mezar bak\u0131m\u0131n\u0131n KDV\u2019ye tabi oldu\u011funa dikkat \u00e7ekti ve Manuel, ticari nitelikte bir i\u015fletmenin kurulmas\u0131 gerekip gerekmedi\u011fini sordu. Her ikisi de CDU grubu taraf\u0131ndan reddedildi.<\/p>\n\n\n\n<p class=\"wp-block-paragraph\">Planlanan vazo mezarlar\u0131n\u0131n (kom\u015fu belediyelerde durum b\u00f6yle de\u011fil) kabul edilip edilmeyece\u011fi de dahil olmak \u00fczere noktalar belirsiz kalm\u0131\u015f olsa da, Konsey projeyi alt\u0131 \u00e7ekimserlikle kabul etti.<\/p>\n\n\n\n<h2 class=\"wp-block-heading\">Bir bak\u0131\u015fta daha fazla karar<\/h2>\n\n\n\n<ul class=\"wp-block-list\">\n<li>Belediye binas\u0131nda tuvaletin bariyersiz d\u00f6n\u00fc\u015f\u00fcm\u00fc: Oybirli\u011fiyle kabul edildi.<\/li>\n\n\n\n<li>Toplum merkezinde yang\u0131ndan korunma \u00f6nlemleri: Yang\u0131n geciktirici bir duvar, zemin kat\u0131 ve bodrumu ay\u0131rmakt\u0131r. <\/li>\n<\/ul>\n\n\n\n<p class=\"wp-block-paragraph\">Konsey oybirli\u011fiyle kabul edildi, daha fazla eri\u015filebilirlik \u00f6nlemleri ve ek bir acil durum \u00e7\u0131k\u0131\u015f\u0131 planlan\u0131yor. Stefan G. bowling salonunun yenilenmesini sordu, bunun \u00fczerine belediye ba\u015fkan\u0131 zevkle tekrar i\u015flevsel oldu\u011funu bildirdi.<\/p>\n\n\n\n<h2 class=\"wp-block-heading\">Vatanda\u015f Sorgulamalar\u0131: Topluluk merkezinin dijital rezervasyonu?<\/h2>\n\n\n\n<p class=\"wp-block-paragraph\">Bir vatanda\u015f, \u00e7evrimi\u00e7i topluluk merkezinde oda rezervasyonu yapma olas\u0131l\u0131\u011f\u0131n\u0131 sordu. Belediye ba\u015fkan\u0131, muhasebe \u00e7at\u0131\u015fmalar\u0131n\u0131n analoji ile daha iyi \u00e7\u00f6z\u00fclebilece\u011fi gerek\u00e7esiyle bunu reddetti. Buna ek olarak, topluluk merkezi bir kul\u00fcp evi de\u011fildir, bu nedenle kul\u00fcp rezervasyonlar\u0131na tercihli muamele verilmez. Bu bir CDU konsey \u00fcyesi taraf\u0131ndan ele\u015ftirildi, \u00e7\u00fcnk\u00fc bu daha \u00f6nce kul\u00fcplere bildirilmeliydi.<\/p>\n\n\n\n<p class=\"wp-block-paragraph\">Sonu\u00e7 olarak: Toplant\u0131 belediye i\u00e7in \u00f6nemli kararlar getirdi, ancak baz\u0131 alanlarda \u00f6nemli konular devam etti. \u00d6zellikle Friedgarten ile, daha erken ve ayr\u0131nt\u0131l\u0131 bir planlama yararl\u0131 olurdu. Alessa, bilin\u00e7li haz\u0131rl\u0131\u011f\u0131n karar vermeyi kolayla\u015ft\u0131raca\u011f\u0131n\u0131 belirtti. Bununla birlikte, d\u00f6n\u00fcm noktas\u0131 kararlar\u0131 al\u0131nabilir \u2014 her \u015feyden \u00f6nce ye\u015fil elektrik ve yeni bir s\u00fcpermarketin olu\u015fturulmas\u0131 karar\u0131.<\/p>\n\n\n\n<p class=\"wp-block-paragraph\"><\/p>","protected":false},"excerpt":{"rendered":"<p>Dernbach Yerel Konseyi'nin en son toplant\u0131s\u0131 5 \u015eubat 2025'te ger\u00e7ekle\u015fti  \u2047  Alt\u0131 siyasi grup \u00fcyesinin hepsiyle tam olarak temsil edildik. K\u00f6y\u00fcm\u00fcz i\u00e7in \u00f6nemli konular g\u00fcndemdeydi. [...][d\u00fczenle]<\/p>","protected":false},"author":2,"featured_media":706,"comment_status":"closed","ping_status":"open","sticky":false,"template":"","format":"standard","meta":{"_price":"","_stock":"","_tribe_ticket_header":"","_tribe_default_ticket_provider":"","_tribe_ticket_capacity":"0","_ticket_start_date":"","_ticket_end_date":"","_tribe_ticket_show_description":"","_tribe_ticket_show_not_going":false,"_tribe_ticket_use_global_stock":"","_tribe_ticket_global_stock_level":"","_global_stock_mode":"","_global_stock_cap":"","_tribe_rsvp_for_event":"","_tribe_ticket_going_count":"","_tribe_ticket_not_going_count":"","_tribe_tickets_list":"[]","_tribe_ticket_has_attendee_info_fields":false,"_EventAllDay":false,"_EventTimezone":"","_EventStartDate":"","_EventEndDate":"","_EventStartDateUTC":"","_EventEndDateUTC":"","_EventShowMap":false,"_EventShowMapLink":false,"_EventURL":"","_EventCost":"","_EventCostDescription":"","_EventCurrencySymbol":"","_EventCurrencyCode":"","_EventCurrencyPosition":"","_EventDateTimeSeparator":"","_EventTimeRangeSeparator":"","_EventOrganizerID":[],"_EventVenueID":[],"_OrganizerEmail":"","_OrganizerPhone":"","_OrganizerWebsite":"","_VenueAddress":"","_VenueCity":"","_VenueCountry":"","_VenueProvince":"","_VenueState":"","_VenueZip":"","_VenuePhone":"","_VenueURL":"","_VenueStateProvince":"","_VenueLat":"","_VenueLng":"","_VenueShowMap":false,"_VenueShowMapLink":false,"footnotes":""},"categories":[10],"tags":[122,127,129,31,115,12,128,32,141],"class_list":["post-1165","post","type-post","status-publish","format-standard","has-post-thumbnail","hentry","category-neues-aus-dem-gemeinderat","tag-barrierefreiheit","tag-bebauungsplan","tag-brandschutz","tag-friedgarten","tag-gemeindezentrum","tag-gemeinsam-fuer-dernbach","tag-oekostrom","tag-supermarkt","tag-urnengraeber"],"aioseo_notices":[],"aioseo_head":"\n\t\t<!-- All in One SEO 5.0.1.1 - aioseo.com -->\n\t<meta name=\"description\" content=\"Am 5. Februar 2025 fand die j\u00fcngste Sitzung des Ortsgemeinderats Dernbach statt \u2013 wir waren mit allen sechs Fraktionsmitgliedern vollst\u00e4ndig vertreten. Wichtige Themen f\u00fcr unser Dorf standen auf der Tagesordnung. Bebauungsplan Ebernhahner Stra\u00dfe: Ein neuer Supermarkt f\u00fcr Dernbach Ein zentrales Thema war der Bebauungsplan in der Ebernhahner Stra\u00dfe. Geplant ist die Ansiedlung eines Norma-Supermarktes mit\" \/>\n\t<meta name=\"robots\" content=\"max-image-preview:large\" \/>\n\t<meta name=\"author\" content=\"GfD_Manuel\"\/>\n\t<link rel=\"canonical\" href=\"https:\/\/gemeinsam-fuer-dernbach.de\/tr\/neues-aus-dem-gemeinderat-1-2025\" \/>\n\t<meta name=\"generator\" content=\"All in One SEO (AIOSEO) 5.0.1.1\" \/>\n\t\t<meta property=\"og:locale\" content=\"tr_TR\" \/>\n\t\t<meta property=\"og:site_name\" content=\"Gemeinsam f\u00fcr Dernbach - Gemeinsam f\u00fcr Dernbach - Website der W\u00e4hlergruppe Jankowitsch\" \/>\n\t\t<meta property=\"og:type\" content=\"article\" \/>\n\t\t<meta property=\"og:title\" content=\"Neues aus dem Gemeinderat 1\/2025 - Gemeinsam f\u00fcr Dernbach\" \/>\n\t\t<meta property=\"og:description\" content=\"Am 5. Februar 2025 fand die j\u00fcngste Sitzung des Ortsgemeinderats Dernbach statt \u2013 wir waren mit allen sechs Fraktionsmitgliedern vollst\u00e4ndig vertreten. Wichtige Themen f\u00fcr unser Dorf standen auf der Tagesordnung. Bebauungsplan Ebernhahner Stra\u00dfe: Ein neuer Supermarkt f\u00fcr Dernbach Ein zentrales Thema war der Bebauungsplan in der Ebernhahner Stra\u00dfe. Geplant ist die Ansiedlung eines Norma-Supermarktes mit\" \/>\n\t\t<meta property=\"og:url\" content=\"https:\/\/gemeinsam-fuer-dernbach.de\/tr\/neues-aus-dem-gemeinderat-1-2025\" \/>\n\t\t<meta property=\"og:image\" content=\"https:\/\/gemeinsam-fuer-dernbach.de\/wp-content\/uploads\/2024\/12\/cropped-Button.png\" \/>\n\t\t<meta property=\"og:image:secure_url\" content=\"https:\/\/gemeinsam-fuer-dernbach.de\/wp-content\/uploads\/2024\/12\/cropped-Button.png\" \/>\n\t\t<meta property=\"og:image:width\" content=\"512\" \/>\n\t\t<meta property=\"og:image:height\" content=\"512\" \/>\n\t\t<meta property=\"article:published_time\" content=\"2025-02-22T23:07:15+00:00\" \/>\n\t\t<meta property=\"article:modified_time\" content=\"2025-07-01T21:54:45+00:00\" \/>\n\t\t<meta property=\"article:publisher\" content=\"https:\/\/www.facebook.com\/gemeinsam.fuer.dernbach\/\" \/>\n\t\t<meta name=\"twitter:card\" content=\"summary_large_image\" \/>\n\t\t<meta name=\"twitter:title\" content=\"Neues aus dem Gemeinderat 1\/2025 - Gemeinsam f\u00fcr Dernbach\" \/>\n\t\t<meta name=\"twitter:description\" content=\"Am 5. Februar 2025 fand die j\u00fcngste Sitzung des Ortsgemeinderats Dernbach statt \u2013 wir waren mit allen sechs Fraktionsmitgliedern vollst\u00e4ndig vertreten. Wichtige Themen f\u00fcr unser Dorf standen auf der Tagesordnung. Bebauungsplan Ebernhahner Stra\u00dfe: Ein neuer Supermarkt f\u00fcr Dernbach Ein zentrales Thema war der Bebauungsplan in der Ebernhahner Stra\u00dfe. Geplant ist die Ansiedlung eines Norma-Supermarktes mit\" \/>\n\t\t<meta name=\"twitter:image\" content=\"https:\/\/gemeinsam-fuer-dernbach.de\/wp-content\/uploads\/2024\/12\/cropped-Button.png\" \/>\n\t\t<script type=\"application\/ld+json\" class=\"aioseo-schema\">\n\t\t\t{\"@context\":\"https:\\\/\\\/schema.org\",\"@graph\":[{\"@type\":\"BlogPosting\",\"@id\":\"https:\\\/\\\/gemeinsam-fuer-dernbach.de\\\/tr\\\/neues-aus-dem-gemeinderat-1-2025#blogposting\",\"name\":\"Neues aus dem Gemeinderat 1\\\/2025 - Gemeinsam f\\u00fcr Dernbach\",\"headline\":\"Neues aus dem Gemeinderat 1\\\/2025\",\"author\":{\"@id\":\"https:\\\/\\\/gemeinsam-fuer-dernbach.de\\\/tr\\\/author\\\/gfd_manuel#author\"},\"publisher\":{\"@id\":\"https:\\\/\\\/gemeinsam-fuer-dernbach.de\\\/tr\\\/#organization\"},\"image\":{\"@type\":\"ImageObject\",\"url\":\"https:\\\/\\\/gemeinsam-fuer-dernbach.de\\\/wp-content\\\/uploads\\\/2024\\\/09\\\/Neues-Gemeiderat.jpeg\",\"width\":859,\"height\":864,\"caption\":\"Neues aus dem Gemeinderat - Gemeinsam f\\u00fcr Dernbach berichtet\"},\"datePublished\":\"2025-02-23T00:07:15+01:00\",\"dateModified\":\"2025-07-01T22:54:45+01:00\",\"inLanguage\":\"tr-TR\",\"mainEntityOfPage\":{\"@id\":\"https:\\\/\\\/gemeinsam-fuer-dernbach.de\\\/tr\\\/neues-aus-dem-gemeinderat-1-2025#webpage\"},\"isPartOf\":{\"@id\":\"https:\\\/\\\/gemeinsam-fuer-dernbach.de\\\/tr\\\/neues-aus-dem-gemeinderat-1-2025#webpage\"},\"articleSection\":\"Neues aus dem Gemeinderat, Barrierefreiheit, Bebauungsplan, Brandschutz, Friedgarten, Gemeindezentrum, Gemeinsam f\\u00fcr Dernbach, \\u00d6kostrom, Supermarkt, Urnengr\\u00e4ber\"},{\"@type\":\"BreadcrumbList\",\"@id\":\"https:\\\/\\\/gemeinsam-fuer-dernbach.de\\\/tr\\\/neues-aus-dem-gemeinderat-1-2025#breadcrumblist\",\"itemListElement\":[{\"@type\":\"ListItem\",\"@id\":\"https:\\\/\\\/gemeinsam-fuer-dernbach.de\\\/tr#listItem\",\"position\":1,\"name\":\"Home\",\"item\":\"https:\\\/\\\/gemeinsam-fuer-dernbach.de\\\/tr\",\"nextItem\":{\"@type\":\"ListItem\",\"@id\":\"https:\\\/\\\/gemeinsam-fuer-dernbach.de\\\/tr\\\/category\\\/neues-aus-dem-gemeinderat#listItem\",\"name\":\"Neues aus dem Gemeinderat\"}},{\"@type\":\"ListItem\",\"@id\":\"https:\\\/\\\/gemeinsam-fuer-dernbach.de\\\/tr\\\/category\\\/neues-aus-dem-gemeinderat#listItem\",\"position\":2,\"name\":\"Neues aus dem Gemeinderat\",\"item\":\"https:\\\/\\\/gemeinsam-fuer-dernbach.de\\\/tr\\\/category\\\/neues-aus-dem-gemeinderat\",\"nextItem\":{\"@type\":\"ListItem\",\"@id\":\"https:\\\/\\\/gemeinsam-fuer-dernbach.de\\\/tr\\\/neues-aus-dem-gemeinderat-1-2025#listItem\",\"name\":\"Neues aus dem Gemeinderat 1\\\/2025\"},\"previousItem\":{\"@type\":\"ListItem\",\"@id\":\"https:\\\/\\\/gemeinsam-fuer-dernbach.de\\\/tr#listItem\",\"name\":\"Home\"}},{\"@type\":\"ListItem\",\"@id\":\"https:\\\/\\\/gemeinsam-fuer-dernbach.de\\\/tr\\\/neues-aus-dem-gemeinderat-1-2025#listItem\",\"position\":3,\"name\":\"Neues aus dem Gemeinderat 1\\\/2025\",\"previousItem\":{\"@type\":\"ListItem\",\"@id\":\"https:\\\/\\\/gemeinsam-fuer-dernbach.de\\\/tr\\\/category\\\/neues-aus-dem-gemeinderat#listItem\",\"name\":\"Neues aus dem Gemeinderat\"}}]},{\"@type\":\"Organization\",\"@id\":\"https:\\\/\\\/gemeinsam-fuer-dernbach.de\\\/tr\\\/#organization\",\"name\":\"Gemeinsam f\\u00fcr Dernbach\",\"description\":\"Gemeinsam f\\u00fcr Dernbach - Website der W\\u00e4hlergruppe Jankowitsch\",\"url\":\"https:\\\/\\\/gemeinsam-fuer-dernbach.de\\\/tr\\\/\",\"logo\":{\"@type\":\"ImageObject\",\"url\":\"https:\\\/\\\/gemeinsam-fuer-dernbach.de\\\/wp-content\\\/uploads\\\/2024\\\/12\\\/cropped-Button.png\",\"@id\":\"https:\\\/\\\/gemeinsam-fuer-dernbach.de\\\/tr\\\/neues-aus-dem-gemeinderat-1-2025\\\/#organizationLogo\",\"width\":512,\"height\":512,\"caption\":\"Gemeinsam f\\u00fcr Dernbach\"},\"image\":{\"@id\":\"https:\\\/\\\/gemeinsam-fuer-dernbach.de\\\/tr\\\/neues-aus-dem-gemeinderat-1-2025\\\/#organizationLogo\"},\"sameAs\":[\"https:\\\/\\\/www.facebook.com\\\/gemeinsam.fuer.dernbach\\\/\",\"https:\\\/\\\/www.instagram.com\\\/gemeinsam_fuer_dernbach\\\/\"]},{\"@type\":\"Person\",\"@id\":\"https:\\\/\\\/gemeinsam-fuer-dernbach.de\\\/tr\\\/author\\\/gfd_manuel#author\",\"url\":\"https:\\\/\\\/gemeinsam-fuer-dernbach.de\\\/tr\\\/author\\\/gfd_manuel\",\"name\":\"GfD_Manuel\"},{\"@type\":\"WebPage\",\"@id\":\"https:\\\/\\\/gemeinsam-fuer-dernbach.de\\\/tr\\\/neues-aus-dem-gemeinderat-1-2025#webpage\",\"url\":\"https:\\\/\\\/gemeinsam-fuer-dernbach.de\\\/tr\\\/neues-aus-dem-gemeinderat-1-2025\",\"name\":\"Neues aus dem Gemeinderat 1\\\/2025 - Gemeinsam f\\u00fcr Dernbach\",\"description\":\"Am 5. Februar 2025 fand die j\\u00fcngste Sitzung des Ortsgemeinderats Dernbach statt \\u2013 wir waren mit allen sechs Fraktionsmitgliedern vollst\\u00e4ndig vertreten. Wichtige Themen f\\u00fcr unser Dorf standen auf der Tagesordnung. Bebauungsplan Ebernhahner Stra\\u00dfe: Ein neuer Supermarkt f\\u00fcr Dernbach Ein zentrales Thema war der Bebauungsplan in der Ebernhahner Stra\\u00dfe. Geplant ist die Ansiedlung eines Norma-Supermarktes mit\",\"inLanguage\":\"tr-TR\",\"isPartOf\":{\"@id\":\"https:\\\/\\\/gemeinsam-fuer-dernbach.de\\\/tr\\\/#website\"},\"breadcrumb\":{\"@id\":\"https:\\\/\\\/gemeinsam-fuer-dernbach.de\\\/tr\\\/neues-aus-dem-gemeinderat-1-2025#breadcrumblist\"},\"author\":{\"@id\":\"https:\\\/\\\/gemeinsam-fuer-dernbach.de\\\/tr\\\/author\\\/gfd_manuel#author\"},\"creator\":{\"@id\":\"https:\\\/\\\/gemeinsam-fuer-dernbach.de\\\/tr\\\/author\\\/gfd_manuel#author\"},\"image\":{\"@type\":\"ImageObject\",\"url\":\"https:\\\/\\\/gemeinsam-fuer-dernbach.de\\\/wp-content\\\/uploads\\\/2024\\\/09\\\/Neues-Gemeiderat.jpeg\",\"@id\":\"https:\\\/\\\/gemeinsam-fuer-dernbach.de\\\/tr\\\/neues-aus-dem-gemeinderat-1-2025\\\/#mainImage\",\"width\":859,\"height\":864,\"caption\":\"Neues aus dem Gemeinderat - Gemeinsam f\\u00fcr Dernbach berichtet\"},\"primaryImageOfPage\":{\"@id\":\"https:\\\/\\\/gemeinsam-fuer-dernbach.de\\\/tr\\\/neues-aus-dem-gemeinderat-1-2025#mainImage\"},\"datePublished\":\"2025-02-23T00:07:15+01:00\",\"dateModified\":\"2025-07-01T22:54:45+01:00\"},{\"@type\":\"WebSite\",\"@id\":\"https:\\\/\\\/gemeinsam-fuer-dernbach.de\\\/tr\\\/#website\",\"url\":\"https:\\\/\\\/gemeinsam-fuer-dernbach.de\\\/tr\\\/\",\"name\":\"Gemeinsam f\\u00fcr Dernbach\",\"description\":\"Gemeinsam f\\u00fcr Dernbach - Website der W\\u00e4hlergruppe Jankowitsch\",\"inLanguage\":\"tr-TR\",\"publisher\":{\"@id\":\"https:\\\/\\\/gemeinsam-fuer-dernbach.de\\\/tr\\\/#organization\"}}]}\n\t\t<\/script>\n\t\t<!-- All in One SEO -->\n\n","aioseo_head_json":{"title":"Neues aus dem Gemeinderat 1\/2025 - Gemeinsam f\u00fcr Dernbach","description":"Am 5. Februar 2025 fand die j\u00fcngste Sitzung des Ortsgemeinderats Dernbach statt \u2013 wir waren mit allen sechs Fraktionsmitgliedern vollst\u00e4ndig vertreten. Wichtige Themen f\u00fcr unser Dorf standen auf der Tagesordnung. Bebauungsplan Ebernhahner Stra\u00dfe: Ein neuer Supermarkt f\u00fcr Dernbach Ein zentrales Thema war der Bebauungsplan in der Ebernhahner Stra\u00dfe. Geplant ist die Ansiedlung eines Norma-Supermarktes mit","canonical_url":"https:\/\/gemeinsam-fuer-dernbach.de\/tr\/neues-aus-dem-gemeinderat-1-2025","robots":"max-image-preview:large","keywords":"","webmasterTools":{"miscellaneous":""},"schema":{"@context":"https:\/\/schema.org","@graph":[{"@type":"BlogPosting","@id":"https:\/\/gemeinsam-fuer-dernbach.de\/tr\/neues-aus-dem-gemeinderat-1-2025#blogposting","name":"Neues aus dem Gemeinderat 1\/2025 - Gemeinsam f\u00fcr Dernbach","headline":"Neues aus dem Gemeinderat 1\/2025","author":{"@id":"https:\/\/gemeinsam-fuer-dernbach.de\/tr\/author\/gfd_manuel#author"},"publisher":{"@id":"https:\/\/gemeinsam-fuer-dernbach.de\/tr\/#organization"},"image":{"@type":"ImageObject","url":"https:\/\/gemeinsam-fuer-dernbach.de\/wp-content\/uploads\/2024\/09\/Neues-Gemeiderat.jpeg","width":859,"height":864,"caption":"Neues aus dem Gemeinderat - Gemeinsam f\u00fcr Dernbach berichtet"},"datePublished":"2025-02-23T00:07:15+01:00","dateModified":"2025-07-01T22:54:45+01:00","inLanguage":"tr-TR","mainEntityOfPage":{"@id":"https:\/\/gemeinsam-fuer-dernbach.de\/tr\/neues-aus-dem-gemeinderat-1-2025#webpage"},"isPartOf":{"@id":"https:\/\/gemeinsam-fuer-dernbach.de\/tr\/neues-aus-dem-gemeinderat-1-2025#webpage"},"articleSection":"Neues aus dem Gemeinderat, Barrierefreiheit, Bebauungsplan, Brandschutz, Friedgarten, Gemeindezentrum, Gemeinsam f\u00fcr Dernbach, \u00d6kostrom, Supermarkt, Urnengr\u00e4ber"},{"@type":"BreadcrumbList","@id":"https:\/\/gemeinsam-fuer-dernbach.de\/tr\/neues-aus-dem-gemeinderat-1-2025#breadcrumblist","itemListElement":[{"@type":"ListItem","@id":"https:\/\/gemeinsam-fuer-dernbach.de\/tr#listItem","position":1,"name":"Home","item":"https:\/\/gemeinsam-fuer-dernbach.de\/tr","nextItem":{"@type":"ListItem","@id":"https:\/\/gemeinsam-fuer-dernbach.de\/tr\/category\/neues-aus-dem-gemeinderat#listItem","name":"Neues aus dem Gemeinderat"}},{"@type":"ListItem","@id":"https:\/\/gemeinsam-fuer-dernbach.de\/tr\/category\/neues-aus-dem-gemeinderat#listItem","position":2,"name":"Neues aus dem Gemeinderat","item":"https:\/\/gemeinsam-fuer-dernbach.de\/tr\/category\/neues-aus-dem-gemeinderat","nextItem":{"@type":"ListItem","@id":"https:\/\/gemeinsam-fuer-dernbach.de\/tr\/neues-aus-dem-gemeinderat-1-2025#listItem","name":"Neues aus dem Gemeinderat 1\/2025"},"previousItem":{"@type":"ListItem","@id":"https:\/\/gemeinsam-fuer-dernbach.de\/tr#listItem","name":"Home"}},{"@type":"ListItem","@id":"https:\/\/gemeinsam-fuer-dernbach.de\/tr\/neues-aus-dem-gemeinderat-1-2025#listItem","position":3,"name":"Neues aus dem Gemeinderat 1\/2025","previousItem":{"@type":"ListItem","@id":"https:\/\/gemeinsam-fuer-dernbach.de\/tr\/category\/neues-aus-dem-gemeinderat#listItem","name":"Neues aus dem Gemeinderat"}}]},{"@type":"Organization","@id":"https:\/\/gemeinsam-fuer-dernbach.de\/tr\/#organization","name":"Gemeinsam f\u00fcr Dernbach","description":"Gemeinsam f\u00fcr Dernbach - Website der W\u00e4hlergruppe Jankowitsch","url":"https:\/\/gemeinsam-fuer-dernbach.de\/tr\/","logo":{"@type":"ImageObject","url":"https:\/\/gemeinsam-fuer-dernbach.de\/wp-content\/uploads\/2024\/12\/cropped-Button.png","@id":"https:\/\/gemeinsam-fuer-dernbach.de\/tr\/neues-aus-dem-gemeinderat-1-2025\/#organizationLogo","width":512,"height":512,"caption":"Gemeinsam f\u00fcr Dernbach"},"image":{"@id":"https:\/\/gemeinsam-fuer-dernbach.de\/tr\/neues-aus-dem-gemeinderat-1-2025\/#organizationLogo"},"sameAs":["https:\/\/www.facebook.com\/gemeinsam.fuer.dernbach\/","https:\/\/www.instagram.com\/gemeinsam_fuer_dernbach\/"]},{"@type":"Person","@id":"https:\/\/gemeinsam-fuer-dernbach.de\/tr\/author\/gfd_manuel#author","url":"https:\/\/gemeinsam-fuer-dernbach.de\/tr\/author\/gfd_manuel","name":"GfD_Manuel"},{"@type":"WebPage","@id":"https:\/\/gemeinsam-fuer-dernbach.de\/tr\/neues-aus-dem-gemeinderat-1-2025#webpage","url":"https:\/\/gemeinsam-fuer-dernbach.de\/tr\/neues-aus-dem-gemeinderat-1-2025","name":"Neues aus dem Gemeinderat 1\/2025 - Gemeinsam f\u00fcr Dernbach","description":"Am 5. Februar 2025 fand die j\u00fcngste Sitzung des Ortsgemeinderats Dernbach statt \u2013 wir waren mit allen sechs Fraktionsmitgliedern vollst\u00e4ndig vertreten. Wichtige Themen f\u00fcr unser Dorf standen auf der Tagesordnung. Bebauungsplan Ebernhahner Stra\u00dfe: Ein neuer Supermarkt f\u00fcr Dernbach Ein zentrales Thema war der Bebauungsplan in der Ebernhahner Stra\u00dfe. Geplant ist die Ansiedlung eines Norma-Supermarktes mit","inLanguage":"tr-TR","isPartOf":{"@id":"https:\/\/gemeinsam-fuer-dernbach.de\/tr\/#website"},"breadcrumb":{"@id":"https:\/\/gemeinsam-fuer-dernbach.de\/tr\/neues-aus-dem-gemeinderat-1-2025#breadcrumblist"},"author":{"@id":"https:\/\/gemeinsam-fuer-dernbach.de\/tr\/author\/gfd_manuel#author"},"creator":{"@id":"https:\/\/gemeinsam-fuer-dernbach.de\/tr\/author\/gfd_manuel#author"},"image":{"@type":"ImageObject","url":"https:\/\/gemeinsam-fuer-dernbach.de\/wp-content\/uploads\/2024\/09\/Neues-Gemeiderat.jpeg","@id":"https:\/\/gemeinsam-fuer-dernbach.de\/tr\/neues-aus-dem-gemeinderat-1-2025\/#mainImage","width":859,"height":864,"caption":"Neues aus dem Gemeinderat - Gemeinsam f\u00fcr Dernbach berichtet"},"primaryImageOfPage":{"@id":"https:\/\/gemeinsam-fuer-dernbach.de\/tr\/neues-aus-dem-gemeinderat-1-2025#mainImage"},"datePublished":"2025-02-23T00:07:15+01:00","dateModified":"2025-07-01T22:54:45+01:00"},{"@type":"WebSite","@id":"https:\/\/gemeinsam-fuer-dernbach.de\/tr\/#website","url":"https:\/\/gemeinsam-fuer-dernbach.de\/tr\/","name":"Gemeinsam f\u00fcr Dernbach","description":"Gemeinsam f\u00fcr Dernbach - Website der W\u00e4hlergruppe Jankowitsch","inLanguage":"tr-TR","publisher":{"@id":"https:\/\/gemeinsam-fuer-dernbach.de\/tr\/#organization"}}]},"og:locale":"tr_TR","og:site_name":"Gemeinsam f\u00fcr Dernbach - Gemeinsam f\u00fcr Dernbach - Website der W\u00e4hlergruppe Jankowitsch","og:type":"article","og:title":"Neues aus dem Gemeinderat 1\/2025 - Gemeinsam f\u00fcr Dernbach","og:description":"Am 5. Februar 2025 fand die j\u00fcngste Sitzung des Ortsgemeinderats Dernbach statt \u2013 wir waren mit allen sechs Fraktionsmitgliedern vollst\u00e4ndig vertreten. Wichtige Themen f\u00fcr unser Dorf standen auf der Tagesordnung. Bebauungsplan Ebernhahner Stra\u00dfe: Ein neuer Supermarkt f\u00fcr Dernbach Ein zentrales Thema war der Bebauungsplan in der Ebernhahner Stra\u00dfe. Geplant ist die Ansiedlung eines Norma-Supermarktes mit","og:url":"https:\/\/gemeinsam-fuer-dernbach.de\/tr\/neues-aus-dem-gemeinderat-1-2025","og:image":"https:\/\/gemeinsam-fuer-dernbach.de\/wp-content\/uploads\/2024\/12\/cropped-Button.png","og:image:secure_url":"https:\/\/gemeinsam-fuer-dernbach.de\/wp-content\/uploads\/2024\/12\/cropped-Button.png","og:image:width":512,"og:image:height":512,"article:published_time":"2025-02-22T23:07:15+00:00","article:modified_time":"2025-07-01T21:54:45+00:00","article:publisher":"https:\/\/www.facebook.com\/gemeinsam.fuer.dernbach\/","twitter:card":"summary_large_image","twitter:title":"Neues aus dem Gemeinderat 1\/2025 - Gemeinsam f\u00fcr Dernbach","twitter:description":"Am 5. Februar 2025 fand die j\u00fcngste Sitzung des Ortsgemeinderats Dernbach statt \u2013 wir waren mit allen sechs Fraktionsmitgliedern vollst\u00e4ndig vertreten. Wichtige Themen f\u00fcr unser Dorf standen auf der Tagesordnung. Bebauungsplan Ebernhahner Stra\u00dfe: Ein neuer Supermarkt f\u00fcr Dernbach Ein zentrales Thema war der Bebauungsplan in der Ebernhahner Stra\u00dfe. Geplant ist die Ansiedlung eines Norma-Supermarktes mit","twitter:image":"https:\/\/gemeinsam-fuer-dernbach.de\/wp-content\/uploads\/2024\/12\/cropped-Button.png"},"aioseo_meta_data":{"post_id":"1165","title":null,"description":null,"keywords":null,"keyphrases":{"focus":[],"additional":[]},"primary_term":null,"canonical_url":null,"og_title":null,"og_description":null,"og_object_type":"default","og_image_type":"default","og_image_url":null,"og_image_width":null,"og_image_height":null,"og_image_custom_url":null,"og_image_custom_fields":null,"og_video":"","og_custom_url":null,"og_article_section":null,"og_article_tags":null,"twitter_use_og":false,"twitter_card":"default","twitter_image_type":"default","twitter_image_url":null,"twitter_image_custom_url":null,"twitter_image_custom_fields":null,"twitter_title":null,"twitter_description":null,"schema":{"blockGraphs":[],"customGraphs":[],"default":{"data":{"Article":[],"Course":[],"Dataset":[],"FAQPage":[],"Movie":[],"Person":[],"Product":[],"ProductReview":[],"Car":[],"Recipe":[],"Service":[],"SoftwareApplication":[],"WebPage":[]},"graphName":"","isEnabled":true},"graphs":[]},"schema_type":"default","schema_type_options":null,"pillar_content":false,"robots_default":true,"robots_noindex":false,"robots_noarchive":false,"robots_nosnippet":false,"robots_nofollow":false,"robots_noimageindex":false,"robots_noodp":false,"robots_notranslate":false,"robots_max_snippet":"-1","robots_max_videopreview":"-1","robots_max_imagepreview":"large","priority":null,"frequency":"default","local_seo":null,"breadcrumb_settings":null,"limit_modified_date":false,"ai":null,"created":"2025-06-24 20:06:22","updated":"2026-09-03 19:34:33","seo_analyzer_scan_date":null,"focus_keyword":null,"additional_keywords":null,"truseo_locale":null},"aioseo_breadcrumb":"<div class=\"aioseo-breadcrumbs\"><span class=\"aioseo-breadcrumb\">\n\t\t\t<a href=\"https:\/\/gemeinsam-fuer-dernbach.de\/tr\" title=\"Home\">Home<\/a>\n\t\t<\/span><span class=\"aioseo-breadcrumb-separator\">&raquo;<\/span><span class=\"aioseo-breadcrumb\">\n\t\t\t<a href=\"https:\/\/gemeinsam-fuer-dernbach.de\/tr\/category\/neues-aus-dem-gemeinderat\" title=\"Neues aus dem Gemeinderat\">Neues aus dem Gemeinderat<\/a>\n\t\t<\/span><span class=\"aioseo-breadcrumb-separator\">&raquo;<\/span><span class=\"aioseo-breadcrumb\">\n\t\t\tNeues aus dem Gemeinderat 1\/2025\n\t\t<\/span><\/div>","aioseo_breadcrumb_json":[{"label":"Home","link":"https:\/\/gemeinsam-fuer-dernbach.de\/tr"},{"label":"Neues aus dem Gemeinderat","link":"https:\/\/gemeinsam-fuer-dernbach.de\/tr\/category\/neues-aus-dem-gemeinderat"},{"label":"Neues aus dem Gemeinderat 1\/2025","link":"https:\/\/gemeinsam-fuer-dernbach.de\/tr\/neues-aus-dem-gemeinderat-1-2025"}],"_links":{"self":[{"href":"https:\/\/gemeinsam-fuer-dernbach.de\/tr\/wp-json\/wp\/v2\/posts\/1165","targetHints":{"allow":["GET"]}}],"collection":[{"href":"https:\/\/gemeinsam-fuer-dernbach.de\/tr\/wp-json\/wp\/v2\/posts"}],"about":[{"href":"https:\/\/gemeinsam-fuer-dernbach.de\/tr\/wp-json\/wp\/v2\/types\/post"}],"author":[{"embeddable":true,"href":"https:\/\/gemeinsam-fuer-dernbach.de\/tr\/wp-json\/wp\/v2\/users\/2"}],"replies":[{"embeddable":true,"href":"https:\/\/gemeinsam-fuer-dernbach.de\/tr\/wp-json\/wp\/v2\/comments?post=1165"}],"version-history":[{"count":2,"href":"https:\/\/gemeinsam-fuer-dernbach.de\/tr\/wp-json\/wp\/v2\/posts\/1165\/revisions"}],"predecessor-version":[{"id":1168,"href":"https:\/\/gemeinsam-fuer-dernbach.de\/tr\/wp-json\/wp\/v2\/posts\/1165\/revisions\/1168"}],"wp:featuredmedia":[{"embeddable":true,"href":"https:\/\/gemeinsam-fuer-dernbach.de\/tr\/wp-json\/wp\/v2\/media\/706"}],"wp:attachment":[{"href":"https:\/\/gemeinsam-fuer-dernbach.de\/tr\/wp-json\/wp\/v2\/media?parent=1165"}],"wp:term":[{"taxonomy":"category","embeddable":true,"href":"https:\/\/gemeinsam-fuer-dernbach.de\/tr\/wp-json\/wp\/v2\/categories?post=1165"},{"taxonomy":"post_tag","embeddable":true,"href":"https:\/\/gemeinsam-fuer-dernbach.de\/tr\/wp-json\/wp\/v2\/tags?post=1165"}],"curies":[{"name":"wp","href":"https:\/\/api.w.org\/{rel}","templated":true}]}}