{"id":1255,"date":"2025-05-15T21:20:41","date_gmt":"2025-05-15T20:20:41","guid":{"rendered":"https:\/\/gemeinsam-fuer-dernbach.de\/?p=1255"},"modified":"2025-07-01T22:52:20","modified_gmt":"2025-07-01T21:52:20","slug":"neues-aus-dem-gemeinderat-2-2025","status":"publish","type":"post","link":"https:\/\/gemeinsam-fuer-dernbach.de\/tr\/neues-aus-dem-gemeinderat-2-2025","title":{"rendered":"Belediye Meclisi Haberleri 2\/2025"},"content":{"rendered":"<p class=\"wp-block-paragraph\">Ge\u00e7en hafta \u00c7ar\u015famba g\u00fcn\u00fc Dernbach Belediye Meclisi'nin en son toplant\u0131s\u0131 ger\u00e7ekle\u015fti. Grubumuz <strong><em>Dernbach i\u00e7in birlikte<\/em> <\/strong>Bu kez de, baz\u0131 \u00f6nemli konulara ele\u015ftirel ama yap\u0131c\u0131 bir \u015fekilde kat\u0131ld\u0131 ve e\u015flik etti. \u0130\u015fte g\u00fcndemdeki konulara genel bir bak\u0131\u015f:<\/p>\n\n\n\n<h3 class=\"wp-block-heading\"><strong>Madde 1: Kamuya a\u00e7\u0131k olmayan kararlar\u0131n duyurulmas\u0131<\/strong><\/h3>\n\n\n\n<p class=\"wp-block-paragraph\">Belediye ba\u015fkan\u0131, kamuya a\u00e7\u0131k olmayan iki karar hakk\u0131nda bilgi verdi. Her ikisi de m\u00fclkiyetle ilgilidir.<\/p>\n\n\n\n<h3 class=\"wp-block-heading\"><strong>Madde 2: 2025 b\u00fct\u00e7esi<\/strong><\/h3>\n\n\n\n<p class=\"wp-block-paragraph\">\u00d6nemli bir konu 2025 b\u00fct\u00e7esiydi. Belediye ba\u015fkan\u0131n\u0131n a\u00e7\u0131klad\u0131\u011f\u0131 gibi, bu dengede de\u011fil. Ba\u015fl\u0131ca nedenler yakla\u015fan yat\u0131r\u0131mlar ve \u00f6zellikle Limburg Piskoposlu\u011fu taraf\u0131ndan i\u015fletilen g\u00fcnd\u00fcz bak\u0131m merkezi i\u00e7in artan harcamalard\u0131r. Artan \u00f6demeler geriye d\u00f6n\u00fck ve bir\u00e7ok belediyeyi etkiliyor.<\/p>\n\n\n\n<p class=\"wp-block-paragraph\">Odak, di\u011ferlerinin yan\u0131 s\u0131ra a\u015fa\u011f\u0131daki yat\u0131r\u0131m kalemleri \u00fczerindeydi:<\/p>\n\n\n\n<ul class=\"wp-block-list\">\n<li><strong>663,250\u00a0EUR<\/strong><strong> arazi al\u0131mlar\u0131 i\u00e7in<\/strong> yeni in\u015faat alan\u0131nda <em>Cap bah\u00e7esi<\/em>. Bu yat\u0131r\u0131mlar\u0131n baz\u0131lar\u0131, sonraki arazi sat\u0131\u015flar\u0131yla kar\u015f\u0131 finanse edilmekten daha fazlas\u0131d\u0131r.<\/li>\n\n\n\n<li><strong>Ebernhahner Stra\u00dfe'nin Geni\u015flemesi<\/strong> gelece\u011fin alan\u0131nda <em>Norma (anlam ayr\u0131m\u0131)<\/em>\u2014Markts (y\u00fcr\u00fcme yolu, ge\u00e7i\u015f yard\u0131m\u0131, d\u00f6n\u00fc\u015f \u015feridi).<\/li>\n\n\n\n<li><strong>Martin-Luther-Stra\u00dfe b\u00f6lgesinden t\u00fcm mesafeler <\/strong>Wirges \u015fehri taraf\u0131ndan zaten geni\u015fletilmi\u015f olan Dernbach b\u00f6lgesine geni\u015fleme.<\/li>\n\n\n\n<li><strong>Friedgarten\u2019in Yarat\u0131lmas\u0131<\/strong>, bu, kendi katk\u0131lar\u0131 ve ba\u011f\u0131\u015flar\u0131 ile daha uygun maliyetli bir \u015fekilde uygulanabilir.<\/li>\n\n\n\n<li><strong>Acil Durum Bulu\u015fma Noktas\u0131 Olu\u015fturma<\/strong>, \u00f6zellikle acil durum jenerat\u00f6r\u00fc. Bu ama\u00e7la 7,500\u00a0EUR hibe verildi. Tart\u0131\u015fma, di\u011fer \u015feylerin yan\u0131 s\u0131ra, acil bir toplant\u0131 noktas\u0131n\u0131n en az\u0131ndan hangi ekipman\u0131n (\u00f6rne\u011fin \u0131s\u0131 temini) olmas\u0131 gerekti\u011fi sorusu etraf\u0131nda d\u00f6nd\u00fc ve belediye ba\u015fkan\u0131 y\u00fcksek kal\u0131\u015f kalitesinin \u00f6ng\u00f6r\u00fclmedi\u011fini vurgulad\u0131.<\/li>\n<\/ul>\n\n\n\n<p class=\"wp-block-paragraph\">Bir di\u011fer nokta ise <strong>topluluk merkezi i\u00e7in ikinci sat\u0131n alma fiyat\u0131<\/strong>.<\/p>\n\n\n\n<p class=\"wp-block-paragraph\">Grubumuz prensip olarak planlanan yat\u0131r\u0131mlar\u0131 memnuniyetle kar\u015f\u0131lad\u0131, ancak finansal durumun dikkatli bir \u015fekilde de\u011ferlendirilmesini istedi. Manuel, son y\u0131llarda in\u015fa edilen d\u00f6\u015femelerin b\u00fcy\u00fck \u00f6l\u00e7\u00fcde kullan\u0131ld\u0131\u011f\u0131n\u0131 vurgulad\u0131. Y\u0131lda yakla\u015f\u0131k 100,000\u00a0EUR yat\u0131r\u0131m i\u00e7in b\u0131rak\u0131ld\u0131\u011f\u0131 do\u011frudur \u2014 olumlu bir y\u00f6n\u00fc. Ayn\u0131 zamanda, beklenen gelirlerin (\u00f6rne\u011fin arazi sat\u0131\u015flar\u0131ndan) daha d\u00fc\u015f\u00fck olmas\u0131 gibi olas\u0131 risklere i\u015faret etti. Bu nedenle mevcut kaynaklar\u0131n bilin\u00e7li kullan\u0131m\u0131 \u00f6nemlidir.<\/p>\n\n\n\n<h3 class=\"wp-block-heading\"><strong>Madde 3: Vergi oranlar\u0131 2025<\/strong><\/h3>\n\n\n\n<p class=\"wp-block-paragraph\">\u0130sti\u015farenin arka plan\u0131, Dernbach'\u0131n gelecekte olaca\u011f\u0131 emlak vergisi reformuydu. <strong>54,000\u00a0EUR daha az gelir<\/strong> beklemek zorunda. Bu d\u00fc\u015f\u00fc\u015f\u00fc telafi etmek i\u00e7in, emlak vergisinin yakla\u015f\u0131k y\u00fczde 100 puan artmas\u0131 gerekir. Ancak, belediye ba\u015fkan\u0131 \u00f6nce daha fazla geli\u015fmeyi beklemeyi \u00f6nerdi.<\/p>\n\n\n\n<p class=\"wp-block-paragraph\">Stefan G\u00f6rg, farkl\u0131la\u015ft\u0131r\u0131lm\u0131\u015f kald\u0131rma oranlar\u0131n\u0131n \u2014 \u00f6rne\u011fin geli\u015fmemi\u015f araziler i\u00e7in \u2014 m\u00fcmk\u00fcn oldu\u011funa ve b\u00f6ylece yap\u0131 bo\u015fluklar\u0131n\u0131 daha h\u0131zl\u0131 kapatmak i\u00e7in hedefin takip edilebilece\u011fini belirtti. Bu de\u011fi\u015fken CDU fraksiyonu taraf\u0131ndan olas\u0131 bir art\u0131\u015fla ilgili tutars\u0131z arg\u00fcmanlarla reddedildi (varisler y\u00fcklenecektir). Bu, bir y\u0131ldan az bir s\u00fcre \u00f6nce \u2014 b\u00f6yle bir modelin lehine oy veren tek siyasi grup olmas\u0131na ra\u011fmen. Ayr\u0131ca, gelirdeki d\u00fc\u015f\u00fc\u015f ba\u011flam\u0131nda anla\u015f\u0131lmayan vatanda\u015flar\u0131n ceplerine daha fazla para koymamaktan da bahsediliyordu. CDU grup lideri de birka\u00e7 y\u0131l \u00f6nce bir art\u0131\u015fa at\u0131fta bulundu ve daha fazla art\u0131\u015fa kar\u015f\u0131 konu\u015ftu.<\/p>\n\n\n\n<p class=\"wp-block-paragraph\">Manuel, beklemeyi ve \u00e7eli\u015fkili mant\u0131\u011f\u0131 ele\u015ftirdi: Gelirsiz bir art\u0131\u015f miktar\u0131 ge\u00e7en y\u0131l\u0131n sonundan bu yana zaten biliniyordu ve ileriye d\u00f6n\u00fck planlama uygun olurdu. Fiili oranlar\u0131n ayarlanmamas\u0131, belediyenin manevra i\u00e7in mali odas\u0131n\u0131n belirgin bir \u015fekilde azald\u0131\u011f\u0131 anlam\u0131na gelir. Sonu\u00e7ta, \u015fu an i\u00e7in kald\u0131rma oranlar\u0131n\u0131 de\u011fi\u015fmeden b\u0131rakma \u00e7o\u011funlu\u011fu taraf\u0131ndan karar verildi. D\u00f6rt \u00e7ekimser kald\u0131.<\/p>\n\n\n\n<h3 class=\"wp-block-heading\"><strong>Madde 4: Mezarl\u0131k \u00dccreti Y\u00f6netmeli\u011finde De\u011fi\u015fiklik<\/strong><\/h3>\n\n\n\n<p class=\"wp-block-paragraph\">Mezarl\u0131k \u00fccreti d\u00fczenlemeleri, Friedgarten'de yeni olu\u015fturulan vazo mezarlar\u0131n\u0131 yans\u0131tacak \u015fekilde uyarlanm\u0131\u015ft\u0131r. Belediye ba\u015fkan\u0131 planlanan \u00fccretleri s\u00f6zl\u00fc olarak (yakla\u015f\u0131k 800\u00a0EUR) sundu ve bunlar\u0131 Verbandsgemeinde'nin di\u011fer belediyeleriyle kar\u015f\u0131la\u015ft\u0131rd\u0131. Y\u00f6netimin zaman i\u00e7inde bir maliyet hesaplamas\u0131 haz\u0131rlayamad\u0131\u011f\u0131n\u0131 belirtti.<\/p>\n\n\n\n<p class=\"wp-block-paragraph\">Stefan ve Roswitha \u00f6zellikle ele\u015ftirdi <strong>yaz\u0131l\u0131 taslak karar eksikli\u011fi ve k\u0131sa vadeli bilgi<\/strong>. CDU parlamenter grubunun aksine Dernbach i\u00e7in Birlikte \u00f6nceden bilgilendirilmemi\u015fti. \u00d6zellikle cenaze \u00fccretleri ve t\u00fcz\u00fcklerde de\u011fi\u015fiklik gibi hassas bir konu s\u00f6z konusu oldu\u011funda, \u015feffaf ve yeterli haz\u0131rl\u0131k \u015fartt\u0131r.<\/p>\n\n\n\n<p class=\"wp-block-paragraph\">Mesele s\u00f6z konusu oldu\u011funda, prensipte makul bir \u00fccret kabul edilebilir oldu\u011funu d\u00fc\u015f\u00fcnd\u00fck. Manuel, hi\u00e7bir cenaze formunun maliyet kar\u015f\u0131lamad\u0131\u011f\u0131n\u0131 ve makul bir oryantasyon de\u011ferinin mant\u0131kl\u0131 oldu\u011funu belirtti.<\/p>\n\n\n\n<p class=\"wp-block-paragraph\">Bu endi\u015felere ra\u011fmen, t\u00fcz\u00fck de\u011fi\u015fikli\u011fi oybirli\u011fi ile kabul edildi; \u0130ki \u00e7ekimser vard\u0131.<\/p>\n\n\n\n<h3 class=\"wp-block-heading\"><strong>Madde 5: \u00c7ocuk odas\u0131 i\u00e7in fotovoltaik sistem<\/strong><\/h3>\n\n\n\n<p class=\"wp-block-paragraph\">G\u00fcnd\u00fcz bak\u0131m merkezinin \u00e7at\u0131s\u0131nda planlanan fotovoltaik sistem oybirli\u011fiyle onayland\u0131. Planlanan \u00f6z t\u00fcketim, projeyi uzun vadede ekonomik olarak uygulanabilir k\u0131l\u0131yor \u2014 \u015fu anda yakla\u015f\u0131k 11 y\u0131l sonra karl\u0131l\u0131\u011fa ula\u015f\u0131laca\u011f\u0131 tahmin ediliyor. Finansman da bekleniyor. \u00dcretilen elektri\u011fin kullan\u0131m\u0131 i\u00e7in anaokulu ile gelecekteki bir anla\u015fma d\u00fc\u015f\u00fcn\u00fclebilir.<\/p>\n\n\n\n<h3 class=\"wp-block-heading\"><strong>Madde 6: N\u00fcfus soru saati<\/strong><\/h3>\n\n\n\n<p class=\"wp-block-paragraph\">Bir sakin \u00f6l\u00fcm\u00fcnden sonra \u00f6len bir ki\u015fiyi Dernbach'\u0131n fahri vatanda\u015f\u0131 olarak atamas\u0131n\u0131 \u00f6nerdi. Belediye ba\u015fkan\u0131 teklifi kabul etti ve konuyu akrabalar\u0131yla tart\u0131\u015faca\u011f\u0131n\u0131 a\u00e7\u0131klad\u0131.<\/p>\n\n\n\n<h3 class=\"wp-block-heading\"><strong>Madde 7: \u0130leti\u015fim ve soru\u015fturmalar<\/strong><\/h3>\n\n\n\n<p class=\"wp-block-paragraph\">Toplant\u0131n\u0131n son b\u00f6l\u00fcm\u00fcnde, birka\u00e7 topikal konu g\u00fcndeme getirildi:<\/p>\n\n\n\n<ul class=\"wp-block-list\">\n<li><strong>Fiber optik geni\u015fleme:<\/strong> Kurs \u015fu ana kadar ele\u015ftirel bir \u015fekilde yorumland\u0131. Gecikmeler devam ediyor ve infaz k\u0131smi ve hala eksik. Belediye ba\u015fkan\u0131, ilgili makamlarla g\u00f6r\u00fc\u015fece\u011fini a\u00e7\u0131klad\u0131. Vodafone\u2019un serbest meslek projesi oldu\u011fu i\u00e7in, VG y\u00f6netimine g\u00f6re sadece s\u0131n\u0131rl\u0131 m\u00fcdahale haklar\u0131 var.<\/li>\n\n\n\n<li><strong>Ana yoldan ge\u00e7en seviye:<\/strong> \u0130n\u015faat \u00e7al\u0131\u015fmalar\u0131 nedeniyle tren trafi\u011finin ask\u0131ya al\u0131nmas\u0131 durumunda yol y\u00fczeyi onar\u0131lmal\u0131d\u0131r. Devlet hareketlilik otoritesi hen\u00fcz bu konuda herhangi bir geri bildirimde bulunmam\u0131\u015ft\u0131r.<\/li>\n\n\n\n<li><strong>Foto\u011fraf da\u011f\u0131:<\/strong> Bu bir foto\u011fraf yeri olarak tekrar kullan\u0131lacakt\u0131r. \u0130ste\u011fe g\u00f6re, bitki \u00f6rt\u00fcs\u00fc de \u00e7\u0131kar\u0131lmal\u0131 ve duvar boyanmal\u0131d\u0131r.<\/li>\n\n\n\n<li><strong>\u0130nvaziv bitki t\u00fcrleri Herk\u00fcl \u00e7ok y\u0131ll\u0131k:<\/strong> Olas\u0131 kar\u015f\u0131 \u00f6nlemlerin g\u00f6z \u00f6n\u00fcnde bulunduruldu\u011fu a\u00e7\u0131kland\u0131.<\/li>\n\n\n\n<li><strong>Sanayi b\u00f6lgesi:<\/strong> Bir ortak, kalan geli\u015fim f\u0131rsatlar\u0131n\u0131 sordu. Y\u00f6netim durumu inceliyor.<\/li>\n\n\n\n<li><strong>Demiryolu duyurular\u0131ndan kaynaklanan g\u00fcr\u00fclt\u00fc kirlili\u011fi:<\/strong> Konsey\u2019in bir \u00fcyesi bunu ele\u015ftirdi.<\/li>\n\n\n\n<li><strong>Eri\u015fim yolu Grillh\u00fctte:<\/strong> Belediye ba\u015fkan\u0131, bir konsey \u00fcyesi taraf\u0131ndan soruldu\u011funda, yolun ICE t\u00fcnelinin acil \u00e7\u0131k\u0131\u015f\u0131na bir kurtarma eri\u015fimi olarak hizmet etti\u011fini kabul etti.<\/li>\n<\/ul>\n\n\n\n<h3 class=\"wp-block-heading\"><strong>sonu\u00e7: Sonu\u00e7<\/strong><\/h3>\n\n\n\n<p class=\"wp-block-paragraph\">Toplant\u0131 bir kez daha g\u00f6sterdi: Dernbach, hem finansal hem de altyap\u0131 a\u00e7\u0131s\u0131ndan \u00f6nemli zorluklarla kar\u015f\u0131 kar\u015f\u0131yad\u0131r. Grubumuz <em>Dernbach i\u00e7in birlikte<\/em> kararlar\u0131n iyi haz\u0131rlanm\u0131\u015f, anla\u015f\u0131labilir ve t\u00fcm vatanda\u015flar\u0131n yarar\u0131na al\u0131nmas\u0131n\u0131 sa\u011flamak i\u00e7in \u00e7al\u0131\u015fmaya devam edecektir. A\u00e7\u0131k ileti\u015fimi ve t\u00fcm siyasi gruplar\u0131n erken kat\u0131l\u0131m\u0131n\u0131, i\u015fleyen topluluk \u00e7al\u0131\u015fmalar\u0131n\u0131n merkezi bir \u00f6n ko\u015fulu olarak g\u00f6r\u00fcyoruz.<\/p>","protected":false},"excerpt":{"rendered":"<p>Ge\u00e7en hafta \u00c7ar\u015famba g\u00fcn\u00fc, Dernbach belediye meclisinin en son toplant\u0131s\u0131 ger\u00e7ekle\u015fti. Dernbach i\u00e7in Birlikte Grubumuz bir kez daha aktif oldu ve baz\u0131 \u00f6nemli konular\u0131 ele\u015ftirdi, ancak [...]<\/p>","protected":false},"author":2,"featured_media":706,"comment_status":"closed","ping_status":"open","sticky":false,"template":"","format":"standard","meta":{"_price":"","_stock":"","_tribe_ticket_header":"","_tribe_default_ticket_provider":"","_tribe_ticket_capacity":"0","_ticket_start_date":"","_ticket_end_date":"","_tribe_ticket_show_description":"","_tribe_ticket_show_not_going":false,"_tribe_ticket_use_global_stock":"","_tribe_ticket_global_stock_level":"","_global_stock_mode":"","_global_stock_cap":"","_tribe_rsvp_for_event":"","_tribe_ticket_going_count":"","_tribe_ticket_not_going_count":"","_tribe_tickets_list":"[]","_tribe_ticket_has_attendee_info_fields":false,"_EventAllDay":false,"_EventTimezone":"","_EventStartDate":"","_EventEndDate":"","_EventStartDateUTC":"","_EventEndDateUTC":"","_EventShowMap":false,"_EventShowMapLink":false,"_EventURL":"","_EventCost":"","_EventCostDescription":"","_EventCurrencySymbol":"","_EventCurrencyCode":"","_EventCurrencyPosition":"","_EventDateTimeSeparator":"","_EventTimeRangeSeparator":"","_EventOrganizerID":[],"_EventVenueID":[],"_OrganizerEmail":"","_OrganizerPhone":"","_OrganizerWebsite":"","_VenueAddress":"","_VenueCity":"","_VenueCountry":"","_VenueProvince":"","_VenueState":"","_VenueZip":"","_VenuePhone":"","_VenueURL":"","_VenueStateProvince":"","_VenueLat":"","_VenueLng":"","_VenueShowMap":false,"_VenueShowMapLink":false,"footnotes":""},"categories":[10],"tags":[127,137,89,31,131,115,12,124,105,33,96,140,132,110,102],"class_list":["post-1255","post","type-post","status-publish","format-standard","has-post-thumbnail","hentry","category-neues-aus-dem-gemeinderat","tag-bebauungsplan","tag-beigeordnete","tag-ehrenamt","tag-friedgarten","tag-friedhofssatzung","tag-gemeindezentrum","tag-gemeinsam-fuer-dernbach","tag-glasfaser","tag-grundstuecksverkauf","tag-haushalt","tag-jugendlounge","tag-notfalltreffpunkt","tag-photovoltaikanlage-kita","tag-ratsmitglied","tag-steuerhebesaetze"],"aioseo_notices":[],"aioseo_head":"\n\t\t<!-- All in One SEO 5.0.1.1 - aioseo.com -->\n\t<meta name=\"description\" content=\"Am Mittwoch vergangene Woche fand die j\u00fcngste Sitzung des Gemeinderats Dernbach statt. Unsere Fraktion Gemeinsam f\u00fcr Dernbach hat sich auch dieses Mal engagiert eingebracht und einige wichtige Themen kritisch, aber konstruktiv begleitet. Hier ein \u00dcberblick \u00fcber die behandelten Tagesordnungspunkte: TOP 1: Bekanntgabe nicht\u00f6ffentlicher Beschl\u00fcsse Der B\u00fcrgermeister informierte \u00fcber zwei Beschl\u00fcsse aus dem nicht\u00f6ffentlichen Teil. Beide\" \/>\n\t<meta name=\"robots\" content=\"max-image-preview:large\" \/>\n\t<meta name=\"author\" content=\"GfD_Manuel\"\/>\n\t<link rel=\"canonical\" href=\"https:\/\/gemeinsam-fuer-dernbach.de\/tr\/neues-aus-dem-gemeinderat-2-2025\" \/>\n\t<meta name=\"generator\" content=\"All in One SEO (AIOSEO) 5.0.1.1\" \/>\n\t\t<meta property=\"og:locale\" content=\"tr_TR\" \/>\n\t\t<meta property=\"og:site_name\" content=\"Gemeinsam f\u00fcr Dernbach - Gemeinsam f\u00fcr Dernbach - Website der W\u00e4hlergruppe Jankowitsch\" \/>\n\t\t<meta property=\"og:type\" content=\"article\" \/>\n\t\t<meta property=\"og:title\" content=\"Neues aus dem Gemeinderat 2\/2025 - Gemeinsam f\u00fcr Dernbach\" \/>\n\t\t<meta property=\"og:description\" content=\"Am Mittwoch vergangene Woche fand die j\u00fcngste Sitzung des Gemeinderats Dernbach statt. Unsere Fraktion Gemeinsam f\u00fcr Dernbach hat sich auch dieses Mal engagiert eingebracht und einige wichtige Themen kritisch, aber konstruktiv begleitet. Hier ein \u00dcberblick \u00fcber die behandelten Tagesordnungspunkte: TOP 1: Bekanntgabe nicht\u00f6ffentlicher Beschl\u00fcsse Der B\u00fcrgermeister informierte \u00fcber zwei Beschl\u00fcsse aus dem nicht\u00f6ffentlichen Teil. Beide\" \/>\n\t\t<meta property=\"og:url\" content=\"https:\/\/gemeinsam-fuer-dernbach.de\/tr\/neues-aus-dem-gemeinderat-2-2025\" \/>\n\t\t<meta property=\"og:image\" content=\"https:\/\/gemeinsam-fuer-dernbach.de\/wp-content\/uploads\/2024\/12\/cropped-Button.png\" \/>\n\t\t<meta property=\"og:image:secure_url\" content=\"https:\/\/gemeinsam-fuer-dernbach.de\/wp-content\/uploads\/2024\/12\/cropped-Button.png\" \/>\n\t\t<meta property=\"og:image:width\" content=\"512\" \/>\n\t\t<meta property=\"og:image:height\" content=\"512\" \/>\n\t\t<meta property=\"article:published_time\" content=\"2025-05-15T20:20:41+00:00\" \/>\n\t\t<meta property=\"article:modified_time\" content=\"2025-07-01T21:52:20+00:00\" \/>\n\t\t<meta property=\"article:publisher\" content=\"https:\/\/www.facebook.com\/gemeinsam.fuer.dernbach\/\" \/>\n\t\t<meta name=\"twitter:card\" content=\"summary_large_image\" \/>\n\t\t<meta name=\"twitter:title\" content=\"Neues aus dem Gemeinderat 2\/2025 - Gemeinsam f\u00fcr Dernbach\" \/>\n\t\t<meta name=\"twitter:description\" content=\"Am Mittwoch vergangene Woche fand die j\u00fcngste Sitzung des Gemeinderats Dernbach statt. Unsere Fraktion Gemeinsam f\u00fcr Dernbach hat sich auch dieses Mal engagiert eingebracht und einige wichtige Themen kritisch, aber konstruktiv begleitet. Hier ein \u00dcberblick \u00fcber die behandelten Tagesordnungspunkte: TOP 1: Bekanntgabe nicht\u00f6ffentlicher Beschl\u00fcsse Der B\u00fcrgermeister informierte \u00fcber zwei Beschl\u00fcsse aus dem nicht\u00f6ffentlichen Teil. Beide\" \/>\n\t\t<meta name=\"twitter:image\" content=\"https:\/\/gemeinsam-fuer-dernbach.de\/wp-content\/uploads\/2024\/12\/cropped-Button.png\" \/>\n\t\t<script type=\"application\/ld+json\" class=\"aioseo-schema\">\n\t\t\t{\"@context\":\"https:\\\/\\\/schema.org\",\"@graph\":[{\"@type\":\"BlogPosting\",\"@id\":\"https:\\\/\\\/gemeinsam-fuer-dernbach.de\\\/tr\\\/neues-aus-dem-gemeinderat-2-2025#blogposting\",\"name\":\"Neues aus dem Gemeinderat 2\\\/2025 - Gemeinsam f\\u00fcr Dernbach\",\"headline\":\"Neues aus dem Gemeinderat 2\\\/2025\",\"author\":{\"@id\":\"https:\\\/\\\/gemeinsam-fuer-dernbach.de\\\/tr\\\/author\\\/gfd_manuel#author\"},\"publisher\":{\"@id\":\"https:\\\/\\\/gemeinsam-fuer-dernbach.de\\\/tr\\\/#organization\"},\"image\":{\"@type\":\"ImageObject\",\"url\":\"https:\\\/\\\/gemeinsam-fuer-dernbach.de\\\/wp-content\\\/uploads\\\/2024\\\/09\\\/Neues-Gemeiderat.jpeg\",\"width\":859,\"height\":864,\"caption\":\"Neues aus dem Gemeinderat - Gemeinsam f\\u00fcr Dernbach berichtet\"},\"datePublished\":\"2025-05-15T21:20:41+01:00\",\"dateModified\":\"2025-07-01T22:52:20+01:00\",\"inLanguage\":\"tr-TR\",\"mainEntityOfPage\":{\"@id\":\"https:\\\/\\\/gemeinsam-fuer-dernbach.de\\\/tr\\\/neues-aus-dem-gemeinderat-2-2025#webpage\"},\"isPartOf\":{\"@id\":\"https:\\\/\\\/gemeinsam-fuer-dernbach.de\\\/tr\\\/neues-aus-dem-gemeinderat-2-2025#webpage\"},\"articleSection\":\"Neues aus dem Gemeinderat, Bebauungsplan, Beigeordnete, Ehrenamt, Friedgarten, Friedhofssatzung, Gemeindezentrum, Gemeinsam f\\u00fcr Dernbach, Glasfaser, Grundst\\u00fccksverkauf, Haushalt, Jugendlounge, Notfalltreffpunkt, Photovoltaikanlage Kita, Ratsmitglied, Steuerhebes\\u00e4tze\"},{\"@type\":\"BreadcrumbList\",\"@id\":\"https:\\\/\\\/gemeinsam-fuer-dernbach.de\\\/tr\\\/neues-aus-dem-gemeinderat-2-2025#breadcrumblist\",\"itemListElement\":[{\"@type\":\"ListItem\",\"@id\":\"https:\\\/\\\/gemeinsam-fuer-dernbach.de\\\/tr#listItem\",\"position\":1,\"name\":\"Home\",\"item\":\"https:\\\/\\\/gemeinsam-fuer-dernbach.de\\\/tr\",\"nextItem\":{\"@type\":\"ListItem\",\"@id\":\"https:\\\/\\\/gemeinsam-fuer-dernbach.de\\\/tr\\\/category\\\/neues-aus-dem-gemeinderat#listItem\",\"name\":\"Neues aus dem Gemeinderat\"}},{\"@type\":\"ListItem\",\"@id\":\"https:\\\/\\\/gemeinsam-fuer-dernbach.de\\\/tr\\\/category\\\/neues-aus-dem-gemeinderat#listItem\",\"position\":2,\"name\":\"Neues aus dem Gemeinderat\",\"item\":\"https:\\\/\\\/gemeinsam-fuer-dernbach.de\\\/tr\\\/category\\\/neues-aus-dem-gemeinderat\",\"nextItem\":{\"@type\":\"ListItem\",\"@id\":\"https:\\\/\\\/gemeinsam-fuer-dernbach.de\\\/tr\\\/neues-aus-dem-gemeinderat-2-2025#listItem\",\"name\":\"Neues aus dem Gemeinderat 2\\\/2025\"},\"previousItem\":{\"@type\":\"ListItem\",\"@id\":\"https:\\\/\\\/gemeinsam-fuer-dernbach.de\\\/tr#listItem\",\"name\":\"Home\"}},{\"@type\":\"ListItem\",\"@id\":\"https:\\\/\\\/gemeinsam-fuer-dernbach.de\\\/tr\\\/neues-aus-dem-gemeinderat-2-2025#listItem\",\"position\":3,\"name\":\"Neues aus dem Gemeinderat 2\\\/2025\",\"previousItem\":{\"@type\":\"ListItem\",\"@id\":\"https:\\\/\\\/gemeinsam-fuer-dernbach.de\\\/tr\\\/category\\\/neues-aus-dem-gemeinderat#listItem\",\"name\":\"Neues aus dem Gemeinderat\"}}]},{\"@type\":\"Organization\",\"@id\":\"https:\\\/\\\/gemeinsam-fuer-dernbach.de\\\/tr\\\/#organization\",\"name\":\"Gemeinsam f\\u00fcr Dernbach\",\"description\":\"Gemeinsam f\\u00fcr Dernbach - Website der W\\u00e4hlergruppe Jankowitsch\",\"url\":\"https:\\\/\\\/gemeinsam-fuer-dernbach.de\\\/tr\\\/\",\"logo\":{\"@type\":\"ImageObject\",\"url\":\"https:\\\/\\\/gemeinsam-fuer-dernbach.de\\\/wp-content\\\/uploads\\\/2024\\\/12\\\/cropped-Button.png\",\"@id\":\"https:\\\/\\\/gemeinsam-fuer-dernbach.de\\\/tr\\\/neues-aus-dem-gemeinderat-2-2025\\\/#organizationLogo\",\"width\":512,\"height\":512,\"caption\":\"Gemeinsam f\\u00fcr Dernbach\"},\"image\":{\"@id\":\"https:\\\/\\\/gemeinsam-fuer-dernbach.de\\\/tr\\\/neues-aus-dem-gemeinderat-2-2025\\\/#organizationLogo\"},\"sameAs\":[\"https:\\\/\\\/www.facebook.com\\\/gemeinsam.fuer.dernbach\\\/\",\"https:\\\/\\\/www.instagram.com\\\/gemeinsam_fuer_dernbach\\\/\"]},{\"@type\":\"Person\",\"@id\":\"https:\\\/\\\/gemeinsam-fuer-dernbach.de\\\/tr\\\/author\\\/gfd_manuel#author\",\"url\":\"https:\\\/\\\/gemeinsam-fuer-dernbach.de\\\/tr\\\/author\\\/gfd_manuel\",\"name\":\"GfD_Manuel\"},{\"@type\":\"WebPage\",\"@id\":\"https:\\\/\\\/gemeinsam-fuer-dernbach.de\\\/tr\\\/neues-aus-dem-gemeinderat-2-2025#webpage\",\"url\":\"https:\\\/\\\/gemeinsam-fuer-dernbach.de\\\/tr\\\/neues-aus-dem-gemeinderat-2-2025\",\"name\":\"Neues aus dem Gemeinderat 2\\\/2025 - Gemeinsam f\\u00fcr Dernbach\",\"description\":\"Am Mittwoch vergangene Woche fand die j\\u00fcngste Sitzung des Gemeinderats Dernbach statt. Unsere Fraktion Gemeinsam f\\u00fcr Dernbach hat sich auch dieses Mal engagiert eingebracht und einige wichtige Themen kritisch, aber konstruktiv begleitet. Hier ein \\u00dcberblick \\u00fcber die behandelten Tagesordnungspunkte: TOP 1: Bekanntgabe nicht\\u00f6ffentlicher Beschl\\u00fcsse Der B\\u00fcrgermeister informierte \\u00fcber zwei Beschl\\u00fcsse aus dem nicht\\u00f6ffentlichen Teil. Beide\",\"inLanguage\":\"tr-TR\",\"isPartOf\":{\"@id\":\"https:\\\/\\\/gemeinsam-fuer-dernbach.de\\\/tr\\\/#website\"},\"breadcrumb\":{\"@id\":\"https:\\\/\\\/gemeinsam-fuer-dernbach.de\\\/tr\\\/neues-aus-dem-gemeinderat-2-2025#breadcrumblist\"},\"author\":{\"@id\":\"https:\\\/\\\/gemeinsam-fuer-dernbach.de\\\/tr\\\/author\\\/gfd_manuel#author\"},\"creator\":{\"@id\":\"https:\\\/\\\/gemeinsam-fuer-dernbach.de\\\/tr\\\/author\\\/gfd_manuel#author\"},\"image\":{\"@type\":\"ImageObject\",\"url\":\"https:\\\/\\\/gemeinsam-fuer-dernbach.de\\\/wp-content\\\/uploads\\\/2024\\\/09\\\/Neues-Gemeiderat.jpeg\",\"@id\":\"https:\\\/\\\/gemeinsam-fuer-dernbach.de\\\/tr\\\/neues-aus-dem-gemeinderat-2-2025\\\/#mainImage\",\"width\":859,\"height\":864,\"caption\":\"Neues aus dem Gemeinderat - Gemeinsam f\\u00fcr Dernbach berichtet\"},\"primaryImageOfPage\":{\"@id\":\"https:\\\/\\\/gemeinsam-fuer-dernbach.de\\\/tr\\\/neues-aus-dem-gemeinderat-2-2025#mainImage\"},\"datePublished\":\"2025-05-15T21:20:41+01:00\",\"dateModified\":\"2025-07-01T22:52:20+01:00\"},{\"@type\":\"WebSite\",\"@id\":\"https:\\\/\\\/gemeinsam-fuer-dernbach.de\\\/tr\\\/#website\",\"url\":\"https:\\\/\\\/gemeinsam-fuer-dernbach.de\\\/tr\\\/\",\"name\":\"Gemeinsam f\\u00fcr Dernbach\",\"description\":\"Gemeinsam f\\u00fcr Dernbach - Website der W\\u00e4hlergruppe Jankowitsch\",\"inLanguage\":\"tr-TR\",\"publisher\":{\"@id\":\"https:\\\/\\\/gemeinsam-fuer-dernbach.de\\\/tr\\\/#organization\"}}]}\n\t\t<\/script>\n\t\t<!-- All in One SEO -->\n\n","aioseo_head_json":{"title":"Neues aus dem Gemeinderat 2\/2025 - Gemeinsam f\u00fcr Dernbach","description":"Am Mittwoch vergangene Woche fand die j\u00fcngste Sitzung des Gemeinderats Dernbach statt. Unsere Fraktion Gemeinsam f\u00fcr Dernbach hat sich auch dieses Mal engagiert eingebracht und einige wichtige Themen kritisch, aber konstruktiv begleitet. Hier ein \u00dcberblick \u00fcber die behandelten Tagesordnungspunkte: TOP 1: Bekanntgabe nicht\u00f6ffentlicher Beschl\u00fcsse Der B\u00fcrgermeister informierte \u00fcber zwei Beschl\u00fcsse aus dem nicht\u00f6ffentlichen Teil. Beide","canonical_url":"https:\/\/gemeinsam-fuer-dernbach.de\/tr\/neues-aus-dem-gemeinderat-2-2025","robots":"max-image-preview:large","keywords":"","webmasterTools":{"miscellaneous":""},"schema":{"@context":"https:\/\/schema.org","@graph":[{"@type":"BlogPosting","@id":"https:\/\/gemeinsam-fuer-dernbach.de\/tr\/neues-aus-dem-gemeinderat-2-2025#blogposting","name":"Neues aus dem Gemeinderat 2\/2025 - Gemeinsam f\u00fcr Dernbach","headline":"Neues aus dem Gemeinderat 2\/2025","author":{"@id":"https:\/\/gemeinsam-fuer-dernbach.de\/tr\/author\/gfd_manuel#author"},"publisher":{"@id":"https:\/\/gemeinsam-fuer-dernbach.de\/tr\/#organization"},"image":{"@type":"ImageObject","url":"https:\/\/gemeinsam-fuer-dernbach.de\/wp-content\/uploads\/2024\/09\/Neues-Gemeiderat.jpeg","width":859,"height":864,"caption":"Neues aus dem Gemeinderat - Gemeinsam f\u00fcr Dernbach berichtet"},"datePublished":"2025-05-15T21:20:41+01:00","dateModified":"2025-07-01T22:52:20+01:00","inLanguage":"tr-TR","mainEntityOfPage":{"@id":"https:\/\/gemeinsam-fuer-dernbach.de\/tr\/neues-aus-dem-gemeinderat-2-2025#webpage"},"isPartOf":{"@id":"https:\/\/gemeinsam-fuer-dernbach.de\/tr\/neues-aus-dem-gemeinderat-2-2025#webpage"},"articleSection":"Neues aus dem Gemeinderat, Bebauungsplan, Beigeordnete, Ehrenamt, Friedgarten, Friedhofssatzung, Gemeindezentrum, Gemeinsam f\u00fcr Dernbach, Glasfaser, Grundst\u00fccksverkauf, Haushalt, Jugendlounge, Notfalltreffpunkt, Photovoltaikanlage Kita, Ratsmitglied, Steuerhebes\u00e4tze"},{"@type":"BreadcrumbList","@id":"https:\/\/gemeinsam-fuer-dernbach.de\/tr\/neues-aus-dem-gemeinderat-2-2025#breadcrumblist","itemListElement":[{"@type":"ListItem","@id":"https:\/\/gemeinsam-fuer-dernbach.de\/tr#listItem","position":1,"name":"Home","item":"https:\/\/gemeinsam-fuer-dernbach.de\/tr","nextItem":{"@type":"ListItem","@id":"https:\/\/gemeinsam-fuer-dernbach.de\/tr\/category\/neues-aus-dem-gemeinderat#listItem","name":"Neues aus dem Gemeinderat"}},{"@type":"ListItem","@id":"https:\/\/gemeinsam-fuer-dernbach.de\/tr\/category\/neues-aus-dem-gemeinderat#listItem","position":2,"name":"Neues aus dem Gemeinderat","item":"https:\/\/gemeinsam-fuer-dernbach.de\/tr\/category\/neues-aus-dem-gemeinderat","nextItem":{"@type":"ListItem","@id":"https:\/\/gemeinsam-fuer-dernbach.de\/tr\/neues-aus-dem-gemeinderat-2-2025#listItem","name":"Neues aus dem Gemeinderat 2\/2025"},"previousItem":{"@type":"ListItem","@id":"https:\/\/gemeinsam-fuer-dernbach.de\/tr#listItem","name":"Home"}},{"@type":"ListItem","@id":"https:\/\/gemeinsam-fuer-dernbach.de\/tr\/neues-aus-dem-gemeinderat-2-2025#listItem","position":3,"name":"Neues aus dem Gemeinderat 2\/2025","previousItem":{"@type":"ListItem","@id":"https:\/\/gemeinsam-fuer-dernbach.de\/tr\/category\/neues-aus-dem-gemeinderat#listItem","name":"Neues aus dem Gemeinderat"}}]},{"@type":"Organization","@id":"https:\/\/gemeinsam-fuer-dernbach.de\/tr\/#organization","name":"Gemeinsam f\u00fcr Dernbach","description":"Gemeinsam f\u00fcr Dernbach - Website der W\u00e4hlergruppe Jankowitsch","url":"https:\/\/gemeinsam-fuer-dernbach.de\/tr\/","logo":{"@type":"ImageObject","url":"https:\/\/gemeinsam-fuer-dernbach.de\/wp-content\/uploads\/2024\/12\/cropped-Button.png","@id":"https:\/\/gemeinsam-fuer-dernbach.de\/tr\/neues-aus-dem-gemeinderat-2-2025\/#organizationLogo","width":512,"height":512,"caption":"Gemeinsam f\u00fcr Dernbach"},"image":{"@id":"https:\/\/gemeinsam-fuer-dernbach.de\/tr\/neues-aus-dem-gemeinderat-2-2025\/#organizationLogo"},"sameAs":["https:\/\/www.facebook.com\/gemeinsam.fuer.dernbach\/","https:\/\/www.instagram.com\/gemeinsam_fuer_dernbach\/"]},{"@type":"Person","@id":"https:\/\/gemeinsam-fuer-dernbach.de\/tr\/author\/gfd_manuel#author","url":"https:\/\/gemeinsam-fuer-dernbach.de\/tr\/author\/gfd_manuel","name":"GfD_Manuel"},{"@type":"WebPage","@id":"https:\/\/gemeinsam-fuer-dernbach.de\/tr\/neues-aus-dem-gemeinderat-2-2025#webpage","url":"https:\/\/gemeinsam-fuer-dernbach.de\/tr\/neues-aus-dem-gemeinderat-2-2025","name":"Neues aus dem Gemeinderat 2\/2025 - Gemeinsam f\u00fcr Dernbach","description":"Am Mittwoch vergangene Woche fand die j\u00fcngste Sitzung des Gemeinderats Dernbach statt. Unsere Fraktion Gemeinsam f\u00fcr Dernbach hat sich auch dieses Mal engagiert eingebracht und einige wichtige Themen kritisch, aber konstruktiv begleitet. Hier ein \u00dcberblick \u00fcber die behandelten Tagesordnungspunkte: TOP 1: Bekanntgabe nicht\u00f6ffentlicher Beschl\u00fcsse Der B\u00fcrgermeister informierte \u00fcber zwei Beschl\u00fcsse aus dem nicht\u00f6ffentlichen Teil. Beide","inLanguage":"tr-TR","isPartOf":{"@id":"https:\/\/gemeinsam-fuer-dernbach.de\/tr\/#website"},"breadcrumb":{"@id":"https:\/\/gemeinsam-fuer-dernbach.de\/tr\/neues-aus-dem-gemeinderat-2-2025#breadcrumblist"},"author":{"@id":"https:\/\/gemeinsam-fuer-dernbach.de\/tr\/author\/gfd_manuel#author"},"creator":{"@id":"https:\/\/gemeinsam-fuer-dernbach.de\/tr\/author\/gfd_manuel#author"},"image":{"@type":"ImageObject","url":"https:\/\/gemeinsam-fuer-dernbach.de\/wp-content\/uploads\/2024\/09\/Neues-Gemeiderat.jpeg","@id":"https:\/\/gemeinsam-fuer-dernbach.de\/tr\/neues-aus-dem-gemeinderat-2-2025\/#mainImage","width":859,"height":864,"caption":"Neues aus dem Gemeinderat - Gemeinsam f\u00fcr Dernbach berichtet"},"primaryImageOfPage":{"@id":"https:\/\/gemeinsam-fuer-dernbach.de\/tr\/neues-aus-dem-gemeinderat-2-2025#mainImage"},"datePublished":"2025-05-15T21:20:41+01:00","dateModified":"2025-07-01T22:52:20+01:00"},{"@type":"WebSite","@id":"https:\/\/gemeinsam-fuer-dernbach.de\/tr\/#website","url":"https:\/\/gemeinsam-fuer-dernbach.de\/tr\/","name":"Gemeinsam f\u00fcr Dernbach","description":"Gemeinsam f\u00fcr Dernbach - Website der W\u00e4hlergruppe Jankowitsch","inLanguage":"tr-TR","publisher":{"@id":"https:\/\/gemeinsam-fuer-dernbach.de\/tr\/#organization"}}]},"og:locale":"tr_TR","og:site_name":"Gemeinsam f\u00fcr Dernbach - Gemeinsam f\u00fcr Dernbach - Website der W\u00e4hlergruppe Jankowitsch","og:type":"article","og:title":"Neues aus dem Gemeinderat 2\/2025 - Gemeinsam f\u00fcr Dernbach","og:description":"Am Mittwoch vergangene Woche fand die j\u00fcngste Sitzung des Gemeinderats Dernbach statt. Unsere Fraktion Gemeinsam f\u00fcr Dernbach hat sich auch dieses Mal engagiert eingebracht und einige wichtige Themen kritisch, aber konstruktiv begleitet. Hier ein \u00dcberblick \u00fcber die behandelten Tagesordnungspunkte: TOP 1: Bekanntgabe nicht\u00f6ffentlicher Beschl\u00fcsse Der B\u00fcrgermeister informierte \u00fcber zwei Beschl\u00fcsse aus dem nicht\u00f6ffentlichen Teil. Beide","og:url":"https:\/\/gemeinsam-fuer-dernbach.de\/tr\/neues-aus-dem-gemeinderat-2-2025","og:image":"https:\/\/gemeinsam-fuer-dernbach.de\/wp-content\/uploads\/2024\/12\/cropped-Button.png","og:image:secure_url":"https:\/\/gemeinsam-fuer-dernbach.de\/wp-content\/uploads\/2024\/12\/cropped-Button.png","og:image:width":512,"og:image:height":512,"article:published_time":"2025-05-15T20:20:41+00:00","article:modified_time":"2025-07-01T21:52:20+00:00","article:publisher":"https:\/\/www.facebook.com\/gemeinsam.fuer.dernbach\/","twitter:card":"summary_large_image","twitter:title":"Neues aus dem Gemeinderat 2\/2025 - Gemeinsam f\u00fcr Dernbach","twitter:description":"Am Mittwoch vergangene Woche fand die j\u00fcngste Sitzung des Gemeinderats Dernbach statt. Unsere Fraktion Gemeinsam f\u00fcr Dernbach hat sich auch dieses Mal engagiert eingebracht und einige wichtige Themen kritisch, aber konstruktiv begleitet. Hier ein \u00dcberblick \u00fcber die behandelten Tagesordnungspunkte: TOP 1: Bekanntgabe nicht\u00f6ffentlicher Beschl\u00fcsse Der B\u00fcrgermeister informierte \u00fcber zwei Beschl\u00fcsse aus dem nicht\u00f6ffentlichen Teil. Beide","twitter:image":"https:\/\/gemeinsam-fuer-dernbach.de\/wp-content\/uploads\/2024\/12\/cropped-Button.png"},"aioseo_meta_data":{"post_id":"1255","title":null,"description":null,"keywords":null,"keyphrases":{"focus":[],"additional":[]},"primary_term":null,"canonical_url":null,"og_title":null,"og_description":null,"og_object_type":"default","og_image_type":"default","og_image_url":null,"og_image_width":null,"og_image_height":null,"og_image_custom_url":null,"og_image_custom_fields":null,"og_video":"","og_custom_url":null,"og_article_section":null,"og_article_tags":null,"twitter_use_og":false,"twitter_card":"default","twitter_image_type":"default","twitter_image_url":null,"twitter_image_custom_url":null,"twitter_image_custom_fields":null,"twitter_title":null,"twitter_description":null,"schema":{"blockGraphs":[],"customGraphs":[],"default":{"data":{"Article":[],"Course":[],"Dataset":[],"FAQPage":[],"Movie":[],"Person":[],"Product":[],"ProductReview":[],"Car":[],"Recipe":[],"Service":[],"SoftwareApplication":[],"WebPage":[]},"graphName":"","isEnabled":true},"graphs":[]},"schema_type":"default","schema_type_options":null,"pillar_content":false,"robots_default":true,"robots_noindex":false,"robots_noarchive":false,"robots_nosnippet":false,"robots_nofollow":false,"robots_noimageindex":false,"robots_noodp":false,"robots_notranslate":false,"robots_max_snippet":"-1","robots_max_videopreview":"-1","robots_max_imagepreview":"large","priority":null,"frequency":"default","local_seo":null,"breadcrumb_settings":null,"limit_modified_date":false,"ai":null,"created":"2025-06-24 20:06:22","updated":"2026-09-03 19:34:33","seo_analyzer_scan_date":null,"focus_keyword":null,"additional_keywords":null,"truseo_locale":null},"aioseo_breadcrumb":"<div class=\"aioseo-breadcrumbs\"><span class=\"aioseo-breadcrumb\">\n\t\t\t<a href=\"https:\/\/gemeinsam-fuer-dernbach.de\/tr\" title=\"Home\">Home<\/a>\n\t\t<\/span><span class=\"aioseo-breadcrumb-separator\">&raquo;<\/span><span class=\"aioseo-breadcrumb\">\n\t\t\t<a href=\"https:\/\/gemeinsam-fuer-dernbach.de\/tr\/category\/neues-aus-dem-gemeinderat\" title=\"Neues aus dem Gemeinderat\">Neues aus dem Gemeinderat<\/a>\n\t\t<\/span><span class=\"aioseo-breadcrumb-separator\">&raquo;<\/span><span class=\"aioseo-breadcrumb\">\n\t\t\tNeues aus dem Gemeinderat 2\/2025\n\t\t<\/span><\/div>","aioseo_breadcrumb_json":[{"label":"Home","link":"https:\/\/gemeinsam-fuer-dernbach.de\/tr"},{"label":"Neues aus dem Gemeinderat","link":"https:\/\/gemeinsam-fuer-dernbach.de\/tr\/category\/neues-aus-dem-gemeinderat"},{"label":"Neues aus dem Gemeinderat 2\/2025","link":"https:\/\/gemeinsam-fuer-dernbach.de\/tr\/neues-aus-dem-gemeinderat-2-2025"}],"_links":{"self":[{"href":"https:\/\/gemeinsam-fuer-dernbach.de\/tr\/wp-json\/wp\/v2\/posts\/1255","targetHints":{"allow":["GET"]}}],"collection":[{"href":"https:\/\/gemeinsam-fuer-dernbach.de\/tr\/wp-json\/wp\/v2\/posts"}],"about":[{"href":"https:\/\/gemeinsam-fuer-dernbach.de\/tr\/wp-json\/wp\/v2\/types\/post"}],"author":[{"embeddable":true,"href":"https:\/\/gemeinsam-fuer-dernbach.de\/tr\/wp-json\/wp\/v2\/users\/2"}],"replies":[{"embeddable":true,"href":"https:\/\/gemeinsam-fuer-dernbach.de\/tr\/wp-json\/wp\/v2\/comments?post=1255"}],"version-history":[{"count":1,"href":"https:\/\/gemeinsam-fuer-dernbach.de\/tr\/wp-json\/wp\/v2\/posts\/1255\/revisions"}],"predecessor-version":[{"id":1256,"href":"https:\/\/gemeinsam-fuer-dernbach.de\/tr\/wp-json\/wp\/v2\/posts\/1255\/revisions\/1256"}],"wp:featuredmedia":[{"embeddable":true,"href":"https:\/\/gemeinsam-fuer-dernbach.de\/tr\/wp-json\/wp\/v2\/media\/706"}],"wp:attachment":[{"href":"https:\/\/gemeinsam-fuer-dernbach.de\/tr\/wp-json\/wp\/v2\/media?parent=1255"}],"wp:term":[{"taxonomy":"category","embeddable":true,"href":"https:\/\/gemeinsam-fuer-dernbach.de\/tr\/wp-json\/wp\/v2\/categories?post=1255"},{"taxonomy":"post_tag","embeddable":true,"href":"https:\/\/gemeinsam-fuer-dernbach.de\/tr\/wp-json\/wp\/v2\/tags?post=1255"}],"curies":[{"name":"wp","href":"https:\/\/api.w.org\/{rel}","templated":true}]}}