{"id":1538,"date":"2025-08-13T21:39:28","date_gmt":"2025-08-13T20:39:28","guid":{"rendered":"https:\/\/gemeinsam-fuer-dernbach.de\/?p=1538"},"modified":"2025-08-13T21:53:51","modified_gmt":"2025-08-13T20:53:51","slug":"sauber-in-den-herbst-aufraeumaktion-im-jugendraum-zum-ferienende","status":"publish","type":"post","link":"https:\/\/gemeinsam-fuer-dernbach.de\/tr\/sauber-in-den-herbst-aufraeumaktion-im-jugendraum-zum-ferienende","title":{"rendered":"Sonbaharda Temizle \u2014 Tatilin sonunda gen\u00e7lik odas\u0131nda temizlik eylemi"},"content":{"rendered":"<p class=\"wp-block-paragraph\">Yaz tatillerinin sonunda, gen\u00e7lik salonundaki gen\u00e7ler tekrar bir araya geldi. Gen\u00e7lik vaftiz babas\u0131 Mario Geldner, bir topluluk \u00e7al\u0131\u015fan\u0131, Alessa Bode (Together for Dernbach) ve Thomas Burchards (CDU) taraf\u0131ndan desteklendi.<\/p>\n\n\n\n<div class=\"wp-block-columns is-layout-flex wp-container-core-columns-is-layout-794e3cfa wp-block-columns-is-layout-flex\">\n<div class=\"wp-block-column is-layout-flow wp-block-column-is-layout-flow\">\n<figure class=\"wp-block-image size-large\"><img loading=\"lazy\" decoding=\"async\" width=\"768\" height=\"1024\" src=\"https:\/\/gemeinsam-fuer-dernbach.de\/wp-content\/uploads\/2025\/08\/IMG_1964-768x1024.jpeg\" alt=\"\u00c7ok say\u0131da kutu, boya kovas\u0131 ve oyuncak i\u00e7eren d\u00fczensiz tuvalet odas\u0131\" class=\"wp-image-1539\" srcset=\"https:\/\/gemeinsam-fuer-dernbach.de\/wp-content\/uploads\/2025\/08\/IMG_1964-768x1024.jpeg 768w, https:\/\/gemeinsam-fuer-dernbach.de\/wp-content\/uploads\/2025\/08\/IMG_1964-225x300.jpeg 225w, https:\/\/gemeinsam-fuer-dernbach.de\/wp-content\/uploads\/2025\/08\/IMG_1964-1152x1536.jpeg 1152w, https:\/\/gemeinsam-fuer-dernbach.de\/wp-content\/uploads\/2025\/08\/IMG_1964-1536x2048.jpeg 1536w, https:\/\/gemeinsam-fuer-dernbach.de\/wp-content\/uploads\/2025\/08\/IMG_1964-9x12.jpeg 9w, https:\/\/gemeinsam-fuer-dernbach.de\/wp-content\/uploads\/2025\/08\/IMG_1964-scaled.jpeg 1920w\" sizes=\"auto, (max-width: 768px) 100vw, 768px\" \/><figcaption class=\"wp-element-caption\">Temizlemeden \u00f6nce tuvalet odas\u0131<\/figcaption><\/figure>\n<\/div>\n\n\n\n<div class=\"wp-block-column is-layout-flow wp-block-column-is-layout-flow\">\n<figure class=\"wp-block-image size-large\"><img loading=\"lazy\" decoding=\"async\" width=\"768\" height=\"1024\" src=\"https:\/\/gemeinsam-fuer-dernbach.de\/wp-content\/uploads\/2025\/08\/IMG_1968-768x1024.jpeg\" alt=\"Temiz ve d\u00fczenli tuvalet odas\u0131\" class=\"wp-image-1542\" srcset=\"https:\/\/gemeinsam-fuer-dernbach.de\/wp-content\/uploads\/2025\/08\/IMG_1968-768x1024.jpeg 768w, https:\/\/gemeinsam-fuer-dernbach.de\/wp-content\/uploads\/2025\/08\/IMG_1968-225x300.jpeg 225w, https:\/\/gemeinsam-fuer-dernbach.de\/wp-content\/uploads\/2025\/08\/IMG_1968-1152x1536.jpeg 1152w, https:\/\/gemeinsam-fuer-dernbach.de\/wp-content\/uploads\/2025\/08\/IMG_1968-1536x2048.jpeg 1536w, https:\/\/gemeinsam-fuer-dernbach.de\/wp-content\/uploads\/2025\/08\/IMG_1968-9x12.jpeg 9w, https:\/\/gemeinsam-fuer-dernbach.de\/wp-content\/uploads\/2025\/08\/IMG_1968-scaled.jpeg 1920w\" sizes=\"auto, (max-width: 768px) 100vw, 768px\" \/><figcaption class=\"wp-element-caption\">Temizlendikten sonra tuvalet odas\u0131<\/figcaption><\/figure>\n<\/div>\n<\/div>\n\n\n\n<p class=\"wp-block-paragraph\">Gereksiz \u00e7\u00f6pler birlikte bertaraf edildi, yararl\u0131 \u015feyler g\u00f6r\u00fcld\u00fc ve s\u0131raland\u0131 \u2014 ve bayanlar tuvaleti \u015fimdi tekrar kullan\u0131labilmesi i\u00e7in yenilendi. Aktif destek ve iyi i\u015fbirli\u011fi sayesinde eylem k\u0131sa s\u00fcrede ba\u015far\u0131yla tamamland\u0131.<\/p>\n\n\n\n<p class=\"wp-block-paragraph\">Yeni bir tuvalet kapa\u011f\u0131 veya tuvalet f\u0131r\u00e7as\u0131 gibi birka\u00e7 k\u00fc\u00e7\u00fck \u015fey hala endi\u015feli. Hala eksik olan, mevcut malzemelerin uygun \u015fekilde depolanmas\u0131 i\u00e7in yeni bir kabindir. K\u00f6yden iyi korunmu\u015f bir dolap ba\u011f\u0131\u015flamak istiyorsan\u0131z, bir e-posta g\u00f6nderebilirsiniz <a href=\"mailto:alessa.bode@dernbach.de?subject=Meine%20Schrankspende%20f%C3%BCr%20die%20Jugendlounge\" title=\"\">alessa.bode@dernbach.de<\/a> rapor \u2014 Gen\u00e7lik Odas\u0131 herhangi bir destek almaktan mutluluk duyar.<\/p>\n\n\n\n<div class=\"wp-block-columns is-layout-flex wp-container-core-columns-is-layout-794e3cfa wp-block-columns-is-layout-flex\">\n<div class=\"wp-block-column is-layout-flow wp-block-column-is-layout-flow\">\n<figure class=\"wp-block-image size-large\"><img loading=\"lazy\" decoding=\"async\" width=\"768\" height=\"1024\" src=\"https:\/\/gemeinsam-fuer-dernbach.de\/wp-content\/uploads\/2025\/08\/IMG_1965-768x1024.jpeg\" alt=\"\u00c7ok say\u0131da kutu, boya kovas\u0131 ve oyuncak i\u00e7eren Distidy lavabo alan\u0131\" class=\"wp-image-1540\" srcset=\"https:\/\/gemeinsam-fuer-dernbach.de\/wp-content\/uploads\/2025\/08\/IMG_1965-768x1024.jpeg 768w, https:\/\/gemeinsam-fuer-dernbach.de\/wp-content\/uploads\/2025\/08\/IMG_1965-225x300.jpeg 225w, https:\/\/gemeinsam-fuer-dernbach.de\/wp-content\/uploads\/2025\/08\/IMG_1965-1152x1536.jpeg 1152w, https:\/\/gemeinsam-fuer-dernbach.de\/wp-content\/uploads\/2025\/08\/IMG_1965-1536x2048.jpeg 1536w, https:\/\/gemeinsam-fuer-dernbach.de\/wp-content\/uploads\/2025\/08\/IMG_1965-9x12.jpeg 9w, https:\/\/gemeinsam-fuer-dernbach.de\/wp-content\/uploads\/2025\/08\/IMG_1965-scaled.jpeg 1920w\" sizes=\"auto, (max-width: 768px) 100vw, 768px\" \/><figcaption class=\"wp-element-caption\">Temizlemeden \u00f6nce tuvalet odas\u0131<\/figcaption><\/figure>\n<\/div>\n\n\n\n<div class=\"wp-block-column is-layout-flow wp-block-column-is-layout-flow\">\n<figure class=\"wp-block-image size-large\"><img loading=\"lazy\" decoding=\"async\" width=\"768\" height=\"1024\" src=\"https:\/\/gemeinsam-fuer-dernbach.de\/wp-content\/uploads\/2025\/08\/IMG_1967-768x1024.jpeg\" alt=\"K\u00fc\u00e7\u00fck bir tuvalette temiz lavabo alan\u0131\" class=\"wp-image-1541\" srcset=\"https:\/\/gemeinsam-fuer-dernbach.de\/wp-content\/uploads\/2025\/08\/IMG_1967-768x1024.jpeg 768w, https:\/\/gemeinsam-fuer-dernbach.de\/wp-content\/uploads\/2025\/08\/IMG_1967-225x300.jpeg 225w, https:\/\/gemeinsam-fuer-dernbach.de\/wp-content\/uploads\/2025\/08\/IMG_1967-1152x1536.jpeg 1152w, https:\/\/gemeinsam-fuer-dernbach.de\/wp-content\/uploads\/2025\/08\/IMG_1967-1536x2048.jpeg 1536w, https:\/\/gemeinsam-fuer-dernbach.de\/wp-content\/uploads\/2025\/08\/IMG_1967-9x12.jpeg 9w, https:\/\/gemeinsam-fuer-dernbach.de\/wp-content\/uploads\/2025\/08\/IMG_1967-scaled.jpeg 1920w\" sizes=\"auto, (max-width: 768px) 100vw, 768px\" \/><figcaption class=\"wp-element-caption\">Temizlendikten sonra lavabolar<\/figcaption><\/figure>\n<\/div>\n<\/div>\n\n\n\n<p class=\"wp-block-paragraph\">Taahh\u00fctleri i\u00e7in kat\u0131lan herkese \u00e7ok te\u015fekk\u00fcrler \u2014 tatil sonras\u0131 d\u00f6nemine ba\u015far\u0131l\u0131 bir ba\u015flang\u0131\u00e7!<\/p>\n\n\n\n<p class=\"wp-block-paragraph\">Ve \u015fimdi a\u015fa\u011f\u0131dakiler ge\u00e7erlidir: Gen\u00e7lik Odas\u0131 haz\u0131r \u2014 bu y\u00fczden gelin, standa hayat getirin ve sonbahara bizimle birlikte ba\u015flay\u0131n!<\/p>","protected":false},"excerpt":{"rendered":"<p>Yaz tatilinin sonunda, gen\u00e7lik salonundan gen\u00e7ler tekrar bir araya geldi. Gen\u00e7lik vaftiz babas\u0131 Mario Geldner, bir toplum \u00e7al\u0131\u015fan\u0131, Alessa Bode (Dernbach i\u00e7in birlikte) ve Thomas Burchards taraf\u0131ndan desteklendiler.<\/p>","protected":false},"author":2,"featured_media":1539,"comment_status":"closed","ping_status":"open","sticky":false,"template":"","format":"standard","meta":{"_price":"","_stock":"","_tribe_ticket_header":"","_tribe_default_ticket_provider":"","_tribe_ticket_capacity":"0","_ticket_start_date":"","_ticket_end_date":"","_tribe_ticket_show_description":"","_tribe_ticket_show_not_going":false,"_tribe_ticket_use_global_stock":"","_tribe_ticket_global_stock_level":"","_global_stock_mode":"","_global_stock_cap":"","_tribe_rsvp_for_event":"","_tribe_ticket_going_count":"","_tribe_ticket_not_going_count":"","_tribe_tickets_list":"[]","_tribe_ticket_has_attendee_info_fields":false,"_EventAllDay":false,"_EventTimezone":"","_EventStartDate":"","_EventEndDate":"","_EventStartDateUTC":"","_EventEndDateUTC":"","_EventShowMap":false,"_EventShowMapLink":false,"_EventURL":"","_EventCost":"","_EventCostDescription":"","_EventCurrencySymbol":"","_EventCurrencyCode":"","_EventCurrencyPosition":"","_EventDateTimeSeparator":"","_EventTimeRangeSeparator":"","_EventOrganizerID":[],"_EventVenueID":[],"_OrganizerEmail":"","_OrganizerPhone":"","_OrganizerWebsite":"","_VenueAddress":"","_VenueCity":"","_VenueCountry":"","_VenueProvince":"","_VenueState":"","_VenueZip":"","_VenuePhone":"","_VenueURL":"","_VenueStateProvince":"","_VenueLat":"","_VenueLng":"","_VenueShowMap":false,"_VenueShowMapLink":false,"footnotes":""},"categories":[35,9],"tags":[97,96],"class_list":["post-1538","post","type-post","status-publish","format-standard","has-post-thumbnail","hentry","category-dorfleben","category-neues-von-uns","tag-freizeit","tag-jugendlounge"],"aioseo_notices":[],"aioseo_head":"\n\t\t<!-- All in One SEO 5.0.1.1 - aioseo.com -->\n\t<meta name=\"description\" content=\"Zum Ende der Sommerferien packten Jugendliche aus der Jugendlounge noch einmal gemeinsam an. Unterst\u00fctzt wurden sie von Jugendpate Mario Geldner, einem Gemeindearbeiter, Alessa Bode (Gemeinsam f\u00fcr Dernbach) sowie Thomas Burchards (CDU). Gemeinsam wurden unn\u00f6tiger Unrat entsorgt, brauchbare Dinge gesichtet und sortiert \u2013 und die Damentoilette wieder hergerichtet, sodass sie nun wieder genutzt werden kann. Dank\" \/>\n\t<meta name=\"robots\" content=\"max-image-preview:large\" \/>\n\t<meta name=\"author\" content=\"GfD_Manuel\"\/>\n\t<link rel=\"canonical\" href=\"https:\/\/gemeinsam-fuer-dernbach.de\/tr\/sauber-in-den-herbst-aufraeumaktion-im-jugendraum-zum-ferienende\" \/>\n\t<meta name=\"generator\" content=\"All in One SEO (AIOSEO) 5.0.1.1\" \/>\n\t\t<meta property=\"og:locale\" content=\"tr_TR\" \/>\n\t\t<meta property=\"og:site_name\" content=\"Gemeinsam f\u00fcr Dernbach - Gemeinsam f\u00fcr Dernbach - Website der W\u00e4hlergruppe Jankowitsch\" \/>\n\t\t<meta property=\"og:type\" content=\"article\" \/>\n\t\t<meta property=\"og:title\" content=\"Sauber in den Herbst \u2013 Aufr\u00e4umaktion im Jugendraum zum Ferienende - Gemeinsam f\u00fcr Dernbach\" \/>\n\t\t<meta property=\"og:description\" content=\"Zum Ende der Sommerferien packten Jugendliche aus der Jugendlounge noch einmal gemeinsam an. Unterst\u00fctzt wurden sie von Jugendpate Mario Geldner, einem Gemeindearbeiter, Alessa Bode (Gemeinsam f\u00fcr Dernbach) sowie Thomas Burchards (CDU). Gemeinsam wurden unn\u00f6tiger Unrat entsorgt, brauchbare Dinge gesichtet und sortiert \u2013 und die Damentoilette wieder hergerichtet, sodass sie nun wieder genutzt werden kann. Dank\" \/>\n\t\t<meta property=\"og:url\" content=\"https:\/\/gemeinsam-fuer-dernbach.de\/tr\/sauber-in-den-herbst-aufraeumaktion-im-jugendraum-zum-ferienende\" \/>\n\t\t<meta property=\"og:image\" content=\"https:\/\/gemeinsam-fuer-dernbach.de\/wp-content\/uploads\/2024\/12\/cropped-Button.png\" \/>\n\t\t<meta property=\"og:image:secure_url\" content=\"https:\/\/gemeinsam-fuer-dernbach.de\/wp-content\/uploads\/2024\/12\/cropped-Button.png\" \/>\n\t\t<meta property=\"og:image:width\" content=\"512\" \/>\n\t\t<meta property=\"og:image:height\" content=\"512\" \/>\n\t\t<meta property=\"article:published_time\" content=\"2025-08-13T20:39:28+00:00\" \/>\n\t\t<meta property=\"article:modified_time\" content=\"2025-08-13T20:53:51+00:00\" \/>\n\t\t<meta property=\"article:publisher\" content=\"https:\/\/www.facebook.com\/gemeinsam.fuer.dernbach\/\" \/>\n\t\t<meta name=\"twitter:card\" content=\"summary_large_image\" \/>\n\t\t<meta name=\"twitter:title\" content=\"Sauber in den Herbst \u2013 Aufr\u00e4umaktion im Jugendraum zum Ferienende - Gemeinsam f\u00fcr Dernbach\" \/>\n\t\t<meta name=\"twitter:description\" content=\"Zum Ende der Sommerferien packten Jugendliche aus der Jugendlounge noch einmal gemeinsam an. Unterst\u00fctzt wurden sie von Jugendpate Mario Geldner, einem Gemeindearbeiter, Alessa Bode (Gemeinsam f\u00fcr Dernbach) sowie Thomas Burchards (CDU). Gemeinsam wurden unn\u00f6tiger Unrat entsorgt, brauchbare Dinge gesichtet und sortiert \u2013 und die Damentoilette wieder hergerichtet, sodass sie nun wieder genutzt werden kann. Dank\" \/>\n\t\t<meta name=\"twitter:image\" content=\"https:\/\/gemeinsam-fuer-dernbach.de\/wp-content\/uploads\/2024\/12\/cropped-Button.png\" \/>\n\t\t<script type=\"application\/ld+json\" class=\"aioseo-schema\">\n\t\t\t{\"@context\":\"https:\\\/\\\/schema.org\",\"@graph\":[{\"@type\":\"BlogPosting\",\"@id\":\"https:\\\/\\\/gemeinsam-fuer-dernbach.de\\\/tr\\\/sauber-in-den-herbst-aufraeumaktion-im-jugendraum-zum-ferienende#blogposting\",\"name\":\"Sauber in den Herbst \\u2013 Aufr\\u00e4umaktion im Jugendraum zum Ferienende - Gemeinsam f\\u00fcr Dernbach\",\"headline\":\"Sauber in den Herbst \\u2013 Aufr\\u00e4umaktion im Jugendraum zum Ferienende\",\"author\":{\"@id\":\"https:\\\/\\\/gemeinsam-fuer-dernbach.de\\\/tr\\\/author\\\/gfd_manuel#author\"},\"publisher\":{\"@id\":\"https:\\\/\\\/gemeinsam-fuer-dernbach.de\\\/tr\\\/#organization\"},\"image\":{\"@type\":\"ImageObject\",\"url\":\"https:\\\/\\\/gemeinsam-fuer-dernbach.de\\\/wp-content\\\/uploads\\\/2025\\\/08\\\/IMG_1964-scaled.jpeg\",\"width\":1920,\"height\":2560,\"caption\":\"Toilettenraum vor dem Aufr\\u00e4umen\"},\"datePublished\":\"2025-08-13T21:39:28+01:00\",\"dateModified\":\"2025-08-13T21:53:51+01:00\",\"inLanguage\":\"tr-TR\",\"mainEntityOfPage\":{\"@id\":\"https:\\\/\\\/gemeinsam-fuer-dernbach.de\\\/tr\\\/sauber-in-den-herbst-aufraeumaktion-im-jugendraum-zum-ferienende#webpage\"},\"isPartOf\":{\"@id\":\"https:\\\/\\\/gemeinsam-fuer-dernbach.de\\\/tr\\\/sauber-in-den-herbst-aufraeumaktion-im-jugendraum-zum-ferienende#webpage\"},\"articleSection\":\"Dorfleben, Neues von uns, Freizeit, Jugendlounge\"},{\"@type\":\"BreadcrumbList\",\"@id\":\"https:\\\/\\\/gemeinsam-fuer-dernbach.de\\\/tr\\\/sauber-in-den-herbst-aufraeumaktion-im-jugendraum-zum-ferienende#breadcrumblist\",\"itemListElement\":[{\"@type\":\"ListItem\",\"@id\":\"https:\\\/\\\/gemeinsam-fuer-dernbach.de\\\/tr#listItem\",\"position\":1,\"name\":\"Home\",\"item\":\"https:\\\/\\\/gemeinsam-fuer-dernbach.de\\\/tr\",\"nextItem\":{\"@type\":\"ListItem\",\"@id\":\"https:\\\/\\\/gemeinsam-fuer-dernbach.de\\\/tr\\\/category\\\/neues-von-uns#listItem\",\"name\":\"Neues von uns\"}},{\"@type\":\"ListItem\",\"@id\":\"https:\\\/\\\/gemeinsam-fuer-dernbach.de\\\/tr\\\/category\\\/neues-von-uns#listItem\",\"position\":2,\"name\":\"Neues von uns\",\"item\":\"https:\\\/\\\/gemeinsam-fuer-dernbach.de\\\/tr\\\/category\\\/neues-von-uns\",\"nextItem\":{\"@type\":\"ListItem\",\"@id\":\"https:\\\/\\\/gemeinsam-fuer-dernbach.de\\\/tr\\\/sauber-in-den-herbst-aufraeumaktion-im-jugendraum-zum-ferienende#listItem\",\"name\":\"Sauber in den Herbst \\u2013 Aufr\\u00e4umaktion im Jugendraum zum Ferienende\"},\"previousItem\":{\"@type\":\"ListItem\",\"@id\":\"https:\\\/\\\/gemeinsam-fuer-dernbach.de\\\/tr#listItem\",\"name\":\"Home\"}},{\"@type\":\"ListItem\",\"@id\":\"https:\\\/\\\/gemeinsam-fuer-dernbach.de\\\/tr\\\/sauber-in-den-herbst-aufraeumaktion-im-jugendraum-zum-ferienende#listItem\",\"position\":3,\"name\":\"Sauber in den Herbst \\u2013 Aufr\\u00e4umaktion im Jugendraum zum Ferienende\",\"previousItem\":{\"@type\":\"ListItem\",\"@id\":\"https:\\\/\\\/gemeinsam-fuer-dernbach.de\\\/tr\\\/category\\\/neues-von-uns#listItem\",\"name\":\"Neues von uns\"}}]},{\"@type\":\"Organization\",\"@id\":\"https:\\\/\\\/gemeinsam-fuer-dernbach.de\\\/tr\\\/#organization\",\"name\":\"Gemeinsam f\\u00fcr Dernbach\",\"description\":\"Gemeinsam f\\u00fcr Dernbach - Website der W\\u00e4hlergruppe Jankowitsch\",\"url\":\"https:\\\/\\\/gemeinsam-fuer-dernbach.de\\\/tr\\\/\",\"logo\":{\"@type\":\"ImageObject\",\"url\":\"https:\\\/\\\/gemeinsam-fuer-dernbach.de\\\/wp-content\\\/uploads\\\/2024\\\/12\\\/cropped-Button.png\",\"@id\":\"https:\\\/\\\/gemeinsam-fuer-dernbach.de\\\/tr\\\/sauber-in-den-herbst-aufraeumaktion-im-jugendraum-zum-ferienende\\\/#organizationLogo\",\"width\":512,\"height\":512,\"caption\":\"Gemeinsam f\\u00fcr Dernbach\"},\"image\":{\"@id\":\"https:\\\/\\\/gemeinsam-fuer-dernbach.de\\\/tr\\\/sauber-in-den-herbst-aufraeumaktion-im-jugendraum-zum-ferienende\\\/#organizationLogo\"},\"sameAs\":[\"https:\\\/\\\/www.facebook.com\\\/gemeinsam.fuer.dernbach\\\/\",\"https:\\\/\\\/www.instagram.com\\\/gemeinsam_fuer_dernbach\\\/\"]},{\"@type\":\"Person\",\"@id\":\"https:\\\/\\\/gemeinsam-fuer-dernbach.de\\\/tr\\\/author\\\/gfd_manuel#author\",\"url\":\"https:\\\/\\\/gemeinsam-fuer-dernbach.de\\\/tr\\\/author\\\/gfd_manuel\",\"name\":\"GfD_Manuel\"},{\"@type\":\"WebPage\",\"@id\":\"https:\\\/\\\/gemeinsam-fuer-dernbach.de\\\/tr\\\/sauber-in-den-herbst-aufraeumaktion-im-jugendraum-zum-ferienende#webpage\",\"url\":\"https:\\\/\\\/gemeinsam-fuer-dernbach.de\\\/tr\\\/sauber-in-den-herbst-aufraeumaktion-im-jugendraum-zum-ferienende\",\"name\":\"Sauber in den Herbst \\u2013 Aufr\\u00e4umaktion im Jugendraum zum Ferienende - Gemeinsam f\\u00fcr Dernbach\",\"description\":\"Zum Ende der Sommerferien packten Jugendliche aus der Jugendlounge noch einmal gemeinsam an. Unterst\\u00fctzt wurden sie von Jugendpate Mario Geldner, einem Gemeindearbeiter, Alessa Bode (Gemeinsam f\\u00fcr Dernbach) sowie Thomas Burchards (CDU). Gemeinsam wurden unn\\u00f6tiger Unrat entsorgt, brauchbare Dinge gesichtet und sortiert \\u2013 und die Damentoilette wieder hergerichtet, sodass sie nun wieder genutzt werden kann. Dank\",\"inLanguage\":\"tr-TR\",\"isPartOf\":{\"@id\":\"https:\\\/\\\/gemeinsam-fuer-dernbach.de\\\/tr\\\/#website\"},\"breadcrumb\":{\"@id\":\"https:\\\/\\\/gemeinsam-fuer-dernbach.de\\\/tr\\\/sauber-in-den-herbst-aufraeumaktion-im-jugendraum-zum-ferienende#breadcrumblist\"},\"author\":{\"@id\":\"https:\\\/\\\/gemeinsam-fuer-dernbach.de\\\/tr\\\/author\\\/gfd_manuel#author\"},\"creator\":{\"@id\":\"https:\\\/\\\/gemeinsam-fuer-dernbach.de\\\/tr\\\/author\\\/gfd_manuel#author\"},\"image\":{\"@type\":\"ImageObject\",\"url\":\"https:\\\/\\\/gemeinsam-fuer-dernbach.de\\\/wp-content\\\/uploads\\\/2025\\\/08\\\/IMG_1964-scaled.jpeg\",\"@id\":\"https:\\\/\\\/gemeinsam-fuer-dernbach.de\\\/tr\\\/sauber-in-den-herbst-aufraeumaktion-im-jugendraum-zum-ferienende\\\/#mainImage\",\"width\":1920,\"height\":2560,\"caption\":\"Toilettenraum vor dem Aufr\\u00e4umen\"},\"primaryImageOfPage\":{\"@id\":\"https:\\\/\\\/gemeinsam-fuer-dernbach.de\\\/tr\\\/sauber-in-den-herbst-aufraeumaktion-im-jugendraum-zum-ferienende#mainImage\"},\"datePublished\":\"2025-08-13T21:39:28+01:00\",\"dateModified\":\"2025-08-13T21:53:51+01:00\"},{\"@type\":\"WebSite\",\"@id\":\"https:\\\/\\\/gemeinsam-fuer-dernbach.de\\\/tr\\\/#website\",\"url\":\"https:\\\/\\\/gemeinsam-fuer-dernbach.de\\\/tr\\\/\",\"name\":\"Gemeinsam f\\u00fcr Dernbach\",\"description\":\"Gemeinsam f\\u00fcr Dernbach - Website der W\\u00e4hlergruppe Jankowitsch\",\"inLanguage\":\"tr-TR\",\"publisher\":{\"@id\":\"https:\\\/\\\/gemeinsam-fuer-dernbach.de\\\/tr\\\/#organization\"}}]}\n\t\t<\/script>\n\t\t<!-- All in One SEO -->\n\n","aioseo_head_json":{"title":"Sauber in den Herbst \u2013 Aufr\u00e4umaktion im Jugendraum zum Ferienende - Gemeinsam f\u00fcr Dernbach","description":"Zum Ende der Sommerferien packten Jugendliche aus der Jugendlounge noch einmal gemeinsam an. Unterst\u00fctzt wurden sie von Jugendpate Mario Geldner, einem Gemeindearbeiter, Alessa Bode (Gemeinsam f\u00fcr Dernbach) sowie Thomas Burchards (CDU). Gemeinsam wurden unn\u00f6tiger Unrat entsorgt, brauchbare Dinge gesichtet und sortiert \u2013 und die Damentoilette wieder hergerichtet, sodass sie nun wieder genutzt werden kann. Dank","canonical_url":"https:\/\/gemeinsam-fuer-dernbach.de\/tr\/sauber-in-den-herbst-aufraeumaktion-im-jugendraum-zum-ferienende","robots":"max-image-preview:large","keywords":"","webmasterTools":{"miscellaneous":""},"schema":{"@context":"https:\/\/schema.org","@graph":[{"@type":"BlogPosting","@id":"https:\/\/gemeinsam-fuer-dernbach.de\/tr\/sauber-in-den-herbst-aufraeumaktion-im-jugendraum-zum-ferienende#blogposting","name":"Sauber in den Herbst \u2013 Aufr\u00e4umaktion im Jugendraum zum Ferienende - Gemeinsam f\u00fcr Dernbach","headline":"Sauber in den Herbst \u2013 Aufr\u00e4umaktion im Jugendraum zum Ferienende","author":{"@id":"https:\/\/gemeinsam-fuer-dernbach.de\/tr\/author\/gfd_manuel#author"},"publisher":{"@id":"https:\/\/gemeinsam-fuer-dernbach.de\/tr\/#organization"},"image":{"@type":"ImageObject","url":"https:\/\/gemeinsam-fuer-dernbach.de\/wp-content\/uploads\/2025\/08\/IMG_1964-scaled.jpeg","width":1920,"height":2560,"caption":"Toilettenraum vor dem Aufr\u00e4umen"},"datePublished":"2025-08-13T21:39:28+01:00","dateModified":"2025-08-13T21:53:51+01:00","inLanguage":"tr-TR","mainEntityOfPage":{"@id":"https:\/\/gemeinsam-fuer-dernbach.de\/tr\/sauber-in-den-herbst-aufraeumaktion-im-jugendraum-zum-ferienende#webpage"},"isPartOf":{"@id":"https:\/\/gemeinsam-fuer-dernbach.de\/tr\/sauber-in-den-herbst-aufraeumaktion-im-jugendraum-zum-ferienende#webpage"},"articleSection":"Dorfleben, Neues von uns, Freizeit, Jugendlounge"},{"@type":"BreadcrumbList","@id":"https:\/\/gemeinsam-fuer-dernbach.de\/tr\/sauber-in-den-herbst-aufraeumaktion-im-jugendraum-zum-ferienende#breadcrumblist","itemListElement":[{"@type":"ListItem","@id":"https:\/\/gemeinsam-fuer-dernbach.de\/tr#listItem","position":1,"name":"Home","item":"https:\/\/gemeinsam-fuer-dernbach.de\/tr","nextItem":{"@type":"ListItem","@id":"https:\/\/gemeinsam-fuer-dernbach.de\/tr\/category\/neues-von-uns#listItem","name":"Neues von uns"}},{"@type":"ListItem","@id":"https:\/\/gemeinsam-fuer-dernbach.de\/tr\/category\/neues-von-uns#listItem","position":2,"name":"Neues von uns","item":"https:\/\/gemeinsam-fuer-dernbach.de\/tr\/category\/neues-von-uns","nextItem":{"@type":"ListItem","@id":"https:\/\/gemeinsam-fuer-dernbach.de\/tr\/sauber-in-den-herbst-aufraeumaktion-im-jugendraum-zum-ferienende#listItem","name":"Sauber in den Herbst \u2013 Aufr\u00e4umaktion im Jugendraum zum Ferienende"},"previousItem":{"@type":"ListItem","@id":"https:\/\/gemeinsam-fuer-dernbach.de\/tr#listItem","name":"Home"}},{"@type":"ListItem","@id":"https:\/\/gemeinsam-fuer-dernbach.de\/tr\/sauber-in-den-herbst-aufraeumaktion-im-jugendraum-zum-ferienende#listItem","position":3,"name":"Sauber in den Herbst \u2013 Aufr\u00e4umaktion im Jugendraum zum Ferienende","previousItem":{"@type":"ListItem","@id":"https:\/\/gemeinsam-fuer-dernbach.de\/tr\/category\/neues-von-uns#listItem","name":"Neues von uns"}}]},{"@type":"Organization","@id":"https:\/\/gemeinsam-fuer-dernbach.de\/tr\/#organization","name":"Gemeinsam f\u00fcr Dernbach","description":"Gemeinsam f\u00fcr Dernbach - Website der W\u00e4hlergruppe Jankowitsch","url":"https:\/\/gemeinsam-fuer-dernbach.de\/tr\/","logo":{"@type":"ImageObject","url":"https:\/\/gemeinsam-fuer-dernbach.de\/wp-content\/uploads\/2024\/12\/cropped-Button.png","@id":"https:\/\/gemeinsam-fuer-dernbach.de\/tr\/sauber-in-den-herbst-aufraeumaktion-im-jugendraum-zum-ferienende\/#organizationLogo","width":512,"height":512,"caption":"Gemeinsam f\u00fcr Dernbach"},"image":{"@id":"https:\/\/gemeinsam-fuer-dernbach.de\/tr\/sauber-in-den-herbst-aufraeumaktion-im-jugendraum-zum-ferienende\/#organizationLogo"},"sameAs":["https:\/\/www.facebook.com\/gemeinsam.fuer.dernbach\/","https:\/\/www.instagram.com\/gemeinsam_fuer_dernbach\/"]},{"@type":"Person","@id":"https:\/\/gemeinsam-fuer-dernbach.de\/tr\/author\/gfd_manuel#author","url":"https:\/\/gemeinsam-fuer-dernbach.de\/tr\/author\/gfd_manuel","name":"GfD_Manuel"},{"@type":"WebPage","@id":"https:\/\/gemeinsam-fuer-dernbach.de\/tr\/sauber-in-den-herbst-aufraeumaktion-im-jugendraum-zum-ferienende#webpage","url":"https:\/\/gemeinsam-fuer-dernbach.de\/tr\/sauber-in-den-herbst-aufraeumaktion-im-jugendraum-zum-ferienende","name":"Sauber in den Herbst \u2013 Aufr\u00e4umaktion im Jugendraum zum Ferienende - Gemeinsam f\u00fcr Dernbach","description":"Zum Ende der Sommerferien packten Jugendliche aus der Jugendlounge noch einmal gemeinsam an. Unterst\u00fctzt wurden sie von Jugendpate Mario Geldner, einem Gemeindearbeiter, Alessa Bode (Gemeinsam f\u00fcr Dernbach) sowie Thomas Burchards (CDU). Gemeinsam wurden unn\u00f6tiger Unrat entsorgt, brauchbare Dinge gesichtet und sortiert \u2013 und die Damentoilette wieder hergerichtet, sodass sie nun wieder genutzt werden kann. Dank","inLanguage":"tr-TR","isPartOf":{"@id":"https:\/\/gemeinsam-fuer-dernbach.de\/tr\/#website"},"breadcrumb":{"@id":"https:\/\/gemeinsam-fuer-dernbach.de\/tr\/sauber-in-den-herbst-aufraeumaktion-im-jugendraum-zum-ferienende#breadcrumblist"},"author":{"@id":"https:\/\/gemeinsam-fuer-dernbach.de\/tr\/author\/gfd_manuel#author"},"creator":{"@id":"https:\/\/gemeinsam-fuer-dernbach.de\/tr\/author\/gfd_manuel#author"},"image":{"@type":"ImageObject","url":"https:\/\/gemeinsam-fuer-dernbach.de\/wp-content\/uploads\/2025\/08\/IMG_1964-scaled.jpeg","@id":"https:\/\/gemeinsam-fuer-dernbach.de\/tr\/sauber-in-den-herbst-aufraeumaktion-im-jugendraum-zum-ferienende\/#mainImage","width":1920,"height":2560,"caption":"Toilettenraum vor dem Aufr\u00e4umen"},"primaryImageOfPage":{"@id":"https:\/\/gemeinsam-fuer-dernbach.de\/tr\/sauber-in-den-herbst-aufraeumaktion-im-jugendraum-zum-ferienende#mainImage"},"datePublished":"2025-08-13T21:39:28+01:00","dateModified":"2025-08-13T21:53:51+01:00"},{"@type":"WebSite","@id":"https:\/\/gemeinsam-fuer-dernbach.de\/tr\/#website","url":"https:\/\/gemeinsam-fuer-dernbach.de\/tr\/","name":"Gemeinsam f\u00fcr Dernbach","description":"Gemeinsam f\u00fcr Dernbach - Website der W\u00e4hlergruppe Jankowitsch","inLanguage":"tr-TR","publisher":{"@id":"https:\/\/gemeinsam-fuer-dernbach.de\/tr\/#organization"}}]},"og:locale":"tr_TR","og:site_name":"Gemeinsam f\u00fcr Dernbach - Gemeinsam f\u00fcr Dernbach - Website der W\u00e4hlergruppe Jankowitsch","og:type":"article","og:title":"Sauber in den Herbst \u2013 Aufr\u00e4umaktion im Jugendraum zum Ferienende - Gemeinsam f\u00fcr Dernbach","og:description":"Zum Ende der Sommerferien packten Jugendliche aus der Jugendlounge noch einmal gemeinsam an. Unterst\u00fctzt wurden sie von Jugendpate Mario Geldner, einem Gemeindearbeiter, Alessa Bode (Gemeinsam f\u00fcr Dernbach) sowie Thomas Burchards (CDU). Gemeinsam wurden unn\u00f6tiger Unrat entsorgt, brauchbare Dinge gesichtet und sortiert \u2013 und die Damentoilette wieder hergerichtet, sodass sie nun wieder genutzt werden kann. Dank","og:url":"https:\/\/gemeinsam-fuer-dernbach.de\/tr\/sauber-in-den-herbst-aufraeumaktion-im-jugendraum-zum-ferienende","og:image":"https:\/\/gemeinsam-fuer-dernbach.de\/wp-content\/uploads\/2024\/12\/cropped-Button.png","og:image:secure_url":"https:\/\/gemeinsam-fuer-dernbach.de\/wp-content\/uploads\/2024\/12\/cropped-Button.png","og:image:width":512,"og:image:height":512,"article:published_time":"2025-08-13T20:39:28+00:00","article:modified_time":"2025-08-13T20:53:51+00:00","article:publisher":"https:\/\/www.facebook.com\/gemeinsam.fuer.dernbach\/","twitter:card":"summary_large_image","twitter:title":"Sauber in den Herbst \u2013 Aufr\u00e4umaktion im Jugendraum zum Ferienende - Gemeinsam f\u00fcr Dernbach","twitter:description":"Zum Ende der Sommerferien packten Jugendliche aus der Jugendlounge noch einmal gemeinsam an. Unterst\u00fctzt wurden sie von Jugendpate Mario Geldner, einem Gemeindearbeiter, Alessa Bode (Gemeinsam f\u00fcr Dernbach) sowie Thomas Burchards (CDU). Gemeinsam wurden unn\u00f6tiger Unrat entsorgt, brauchbare Dinge gesichtet und sortiert \u2013 und die Damentoilette wieder hergerichtet, sodass sie nun wieder genutzt werden kann. Dank","twitter:image":"https:\/\/gemeinsam-fuer-dernbach.de\/wp-content\/uploads\/2024\/12\/cropped-Button.png"},"aioseo_meta_data":{"post_id":"1538","title":null,"description":null,"keywords":null,"keyphrases":{"focus":[],"additional":[]},"primary_term":null,"canonical_url":null,"og_title":null,"og_description":null,"og_object_type":"default","og_image_type":"default","og_image_url":null,"og_image_width":null,"og_image_height":null,"og_image_custom_url":null,"og_image_custom_fields":null,"og_video":"","og_custom_url":null,"og_article_section":null,"og_article_tags":null,"twitter_use_og":false,"twitter_card":"default","twitter_image_type":"default","twitter_image_url":null,"twitter_image_custom_url":null,"twitter_image_custom_fields":null,"twitter_title":null,"twitter_description":null,"schema":{"blockGraphs":[],"customGraphs":[],"default":{"data":{"Article":[],"Course":[],"Dataset":[],"FAQPage":[],"Movie":[],"Person":[],"Product":[],"ProductReview":[],"Car":[],"Recipe":[],"Service":[],"SoftwareApplication":[],"WebPage":[]},"graphName":"BlogPosting","isEnabled":true},"graphs":[]},"schema_type":"default","schema_type_options":null,"pillar_content":false,"robots_default":true,"robots_noindex":false,"robots_noarchive":false,"robots_nosnippet":false,"robots_nofollow":false,"robots_noimageindex":false,"robots_noodp":false,"robots_notranslate":false,"robots_max_snippet":"-1","robots_max_videopreview":"-1","robots_max_imagepreview":"large","priority":null,"frequency":"default","local_seo":null,"breadcrumb_settings":null,"limit_modified_date":false,"ai":{"faqs":[],"keyPoints":[],"titles":[],"descriptions":[],"socialPosts":{"email":[],"linkedin":[],"twitter":[],"facebook":[],"instagram":[]}},"created":"2025-08-13 20:39:30","updated":"2026-09-03 19:34:31","seo_analyzer_scan_date":null,"focus_keyword":null,"additional_keywords":null,"truseo_locale":null},"aioseo_breadcrumb":"<div class=\"aioseo-breadcrumbs\"><span class=\"aioseo-breadcrumb\">\n\t\t\t<a href=\"https:\/\/gemeinsam-fuer-dernbach.de\/tr\" title=\"Home\">Home<\/a>\n\t\t<\/span><span class=\"aioseo-breadcrumb-separator\">&raquo;<\/span><span class=\"aioseo-breadcrumb\">\n\t\t\t<a href=\"https:\/\/gemeinsam-fuer-dernbach.de\/tr\/category\/neues-von-uns\" title=\"Neues von uns\">Neues von uns<\/a>\n\t\t<\/span><span class=\"aioseo-breadcrumb-separator\">&raquo;<\/span><span class=\"aioseo-breadcrumb\">\n\t\t\tSauber in den Herbst \u2013 Aufr\u00e4umaktion im Jugendraum zum Ferienende\n\t\t<\/span><\/div>","aioseo_breadcrumb_json":[{"label":"Home","link":"https:\/\/gemeinsam-fuer-dernbach.de\/tr"},{"label":"Neues von uns","link":"https:\/\/gemeinsam-fuer-dernbach.de\/tr\/category\/neues-von-uns"},{"label":"Sauber in den Herbst \u2013 Aufr\u00e4umaktion im Jugendraum zum Ferienende","link":"https:\/\/gemeinsam-fuer-dernbach.de\/tr\/sauber-in-den-herbst-aufraeumaktion-im-jugendraum-zum-ferienende"}],"_links":{"self":[{"href":"https:\/\/gemeinsam-fuer-dernbach.de\/tr\/wp-json\/wp\/v2\/posts\/1538","targetHints":{"allow":["GET"]}}],"collection":[{"href":"https:\/\/gemeinsam-fuer-dernbach.de\/tr\/wp-json\/wp\/v2\/posts"}],"about":[{"href":"https:\/\/gemeinsam-fuer-dernbach.de\/tr\/wp-json\/wp\/v2\/types\/post"}],"author":[{"embeddable":true,"href":"https:\/\/gemeinsam-fuer-dernbach.de\/tr\/wp-json\/wp\/v2\/users\/2"}],"replies":[{"embeddable":true,"href":"https:\/\/gemeinsam-fuer-dernbach.de\/tr\/wp-json\/wp\/v2\/comments?post=1538"}],"version-history":[{"count":3,"href":"https:\/\/gemeinsam-fuer-dernbach.de\/tr\/wp-json\/wp\/v2\/posts\/1538\/revisions"}],"predecessor-version":[{"id":1547,"href":"https:\/\/gemeinsam-fuer-dernbach.de\/tr\/wp-json\/wp\/v2\/posts\/1538\/revisions\/1547"}],"wp:featuredmedia":[{"embeddable":true,"href":"https:\/\/gemeinsam-fuer-dernbach.de\/tr\/wp-json\/wp\/v2\/media\/1539"}],"wp:attachment":[{"href":"https:\/\/gemeinsam-fuer-dernbach.de\/tr\/wp-json\/wp\/v2\/media?parent=1538"}],"wp:term":[{"taxonomy":"category","embeddable":true,"href":"https:\/\/gemeinsam-fuer-dernbach.de\/tr\/wp-json\/wp\/v2\/categories?post=1538"},{"taxonomy":"post_tag","embeddable":true,"href":"https:\/\/gemeinsam-fuer-dernbach.de\/tr\/wp-json\/wp\/v2\/tags?post=1538"}],"curies":[{"name":"wp","href":"https:\/\/api.w.org\/{rel}","templated":true}]}}