{"id":1574,"date":"2025-11-02T16:40:05","date_gmt":"2025-11-02T15:40:05","guid":{"rendered":"https:\/\/gemeinsam-fuer-dernbach.de\/?p=1574"},"modified":"2025-11-02T19:19:23","modified_gmt":"2025-11-02T18:19:23","slug":"offener-und-gelungener-austausch-im-herbst","status":"publish","type":"post","link":"https:\/\/gemeinsam-fuer-dernbach.de\/tr\/offener-und-gelungener-austausch-im-herbst","title":{"rendered":"Sonbaharda a\u00e7\u0131k ve ba\u015far\u0131l\u0131 de\u011fi\u015fim"},"content":{"rendered":"<p class=\"wp-block-paragraph\">Bug\u00fcn t\u00fcm ilgili vatanda\u015flar\u0131n davet edildi\u011fi a\u00e7\u0131k bir Grup toplant\u0131s\u0131 yap\u0131ld\u0131. Toplant\u0131n\u0131n amac\u0131, belediye organlar\u0131ndan g\u00fcncel konular hakk\u0131nda \u015feffaf bilgi sa\u011flamak, yakla\u015fan belediye meclisi toplant\u0131s\u0131na haz\u0131rlanmak ve vatanda\u015flardan \u00f6neriler almakt\u0131.<\/p>\n\n\n\n<h2 class=\"wp-block-heading\">Komitelerden Haberler<\/h2>\n\n\n\n<p class=\"wp-block-paragraph\">Sonuncusuna bakt\u0131k <a href=\"https:\/\/wirges.gremien.info\/meeting\/4665\" target=\"_blank\" rel=\"noopener\" title=\"\">Haziran ortas\u0131nda Konsey toplant\u0131s\u0131<\/a> Arkaya do\u011fru git. Drenaj dahil olmak \u00fczere baz\u0131 a\u00e7\u0131k konularda (<a href=\"https:\/\/gemeinsam-fuer-dernbach.de\/tr\/ratssitzungsbericht-vom-18-juni-2025\/\" title=\"\">Dr. Domarus-Stra\u00dfe'ye paralel olarak<\/a>) \u2047  \u015eu anda yeni bir oyun durumu yok. \u0130dareye soruyoruz ve bir cevap bekliyoruz. <a href=\"https:\/\/wirges.gremien.info\/meeting\/4728\" title=\"\">\u0130n\u015faat Komitesi 12 Kas\u0131m'da<\/a> veya i\u00e7inde <a href=\"https:\/\/wirges.gremien.info\/meeting\/4729\" title=\"\">Belediye Meclisi 19 Kas\u0131m'da<\/a> Her iki toplant\u0131 i\u00e7in de hen\u00fcz bir g\u00fcndem yay\u0131nlanmad\u0131.<\/p>\n\n\n\n<p class=\"wp-block-paragraph\">A\u00e7\u0131k grup toplant\u0131s\u0131nda komitelerin konular\u0131 da g\u00fcndeme getirildi: K\u00fclt\u00fcr Komitesi, adil planlama, vatanda\u015flar\u0131n kahvalt\u0131s\u0131 ve Gen\u00e7lik G\u00fcn\u00fc dahil olmak \u00fczere \u00f6nemli tarihleri ele al\u0131r. Etkinliklerde s\u00fcre\u00e7leri iyile\u015ftirmek i\u00e7in vatanda\u015flardan \u00f6neriler toplamaya devam ediyoruz. \u00d6rne\u011fin, organizasyon ve i\u00e7ecek se\u00e7imi gibi \u00fcst d\u00fczey \u00f6\u011fleden sonra i\u00e7in iyile\u015ftirme \u00f6nerileri vard\u0131r.<\/p>\n\n\n\n<p class=\"wp-block-paragraph\">Halka a\u00e7\u0131k toplant\u0131m\u0131zdan di\u011fer noktalar:<\/p>\n\n\n\n<ul class=\"wp-block-list\">\n<li>Kitap telefon kul\u00fcbesi i\u00e7in uygun bir yer \u00f6neriyoruz. Telefon kul\u00fcbesini gen\u00e7ler taraf\u0131ndan tasarlama fikri (<a href=\"https:\/\/gemeinsam-fuer-dernbach.de\/tr\/offene-fraktionssitzung-am-17-august-2025\/\" title=\"\">Raporlad\u0131k<\/a>) uygulanmal\u0131d\u0131r.<\/li>\n\n\n\n<li>Ortak alanlar\u0131n ve kilitleme sistemlerinin kullan\u0131m\u0131 ele\u015ftirildi. Pe\u015finden gidiyoruz.<\/li>\n\n\n\n<li>\u00c7ok ba\u015far\u0131l\u0131 buldu\u011fumuz k\u00fct\u00fcphanenin a\u00e7\u0131l\u0131\u015f\u0131 ger\u00e7ekle\u015fti. K\u00fct\u00fcphane ekibini \u00e7ok takdir ediyoruz.<\/li>\n<\/ul>\n\n\n\n<h2 class=\"wp-block-heading\">Bir sonraki konsey toplant\u0131s\u0131na haz\u0131rlanmak<\/h2>\n\n\n\n<p class=\"wp-block-paragraph\">Yakla\u015fan Konsey toplant\u0131s\u0131 i\u00e7in a\u015fa\u011f\u0131dakiler de dahil olmak \u00fczere konular\u0131 zaten toplad\u0131k ve haz\u0131rlad\u0131k:<\/p>\n\n\n\n<ul class=\"wp-block-list\">\n<li>Sanayi b\u00f6lgesi: Mevcut raporlarda potansiyel analiz ve dosya denetimi. Merkez ve Mali Komite, b\u00fct\u00e7eye yat\u0131r\u0131m olarak yeni bir g\u00f6r\u00fc\u015f verdi.<\/li>\n\n\n\n<li>Kritik trafik durumu hakk\u0131nda vatanda\u015flardan gelen bilgiler  \u2047  burada bisiklet yollar\u0131n\u0131n kesi\u015fimi: Yol g\u00fcvenli\u011fi ba\u011flam\u0131nda, y\u00f6netimi yol in\u015faat\u0131 y\u00fck ta\u015f\u0131y\u0131c\u0131s\u0131n\u0131n (muhtemelen burada devlete ait hareketlilik \u015firketi) \u00f6nlemleri incelemesi i\u00e7in d\u00fczenlemeye \u00e7a\u011f\u0131r\u0131yoruz.<\/li>\n<\/ul>\n\n\n\n<h2 class=\"wp-block-heading\">Yerden genel bilgiler<\/h2>\n\n\n\n<p class=\"wp-block-paragraph\">Sonu\u00e7 olarak, belediyedeki g\u00fcncel geli\u015fmeler \u00f6zetlenmi\u015ftir:<\/p>\n\n\n\n<ul class=\"wp-block-list\">\n<li>Dernbach'taki ilkokul, tam g\u00fcnl\u00fck bir teklif sa\u011flamak i\u00e7in geni\u015fletilecek.<\/li>\n\n\n\n<li>Yolun sonuna yeni bir siren kuruldu  \u2047 Im Wehrholz \u2047 .<\/li>\n\n\n\n<li>Raiffeisen-Gymnasium \u00e7evresindeki tutma b\u00f6lgelerine hala yeterince uyulmuyor. \u0130dareye hangi \u00f6nlemlerin \u00f6ng\u00f6r\u00fcld\u00fc\u011f\u00fcn\u00fc ve \u00f6ng\u00f6r\u00fcld\u00fc\u011f\u00fcn\u00fc soruyoruz.<\/li>\n\n\n\n<li>K\u00f6y\u00fcn eklemleri sentetik re\u00e7ine ile iyi onar\u0131ld\u0131.<\/li>\n\n\n\n<li>Kirchvor- ve Rathausplatz  \u2047  dahil olmak \u00fczere yerel alanda birka\u00e7 g\u00f6revden yerleri tamir edilmesi gerekir.<\/li>\n\n\n\n<li>Fiberglas i\u015finin geni\u015flemesi g\u00fcvenilmez olmaya devam ediyor, bir temsilcinin bildirdi\u011fi gibi \u00e7al\u0131\u015fmada bir d\u00fc\u015f\u00fc\u015f hala beklemede.<\/li>\n<\/ul>\n\n\n\n<p class=\"wp-block-paragraph\">Son olarak, vatanda\u015flar k\u00f6y geli\u015fimine y\u00f6nelik fikirlerine katk\u0131da bulunmaya davet edildi. De\u011fi\u015fim, topluluk ya\u015fam\u0131n\u0131 g\u00fc\u00e7lendirmenin, olaylar\u0131n daha iyi koordinasyonunun ve topluluk i\u00e7inde a\u00e7\u0131k diyalo\u011fun \u00f6nemini a\u00e7\u0131k\u00e7a g\u00f6sterdi.<\/p>\n\n\n\n<p class=\"wp-block-paragraph\">Dernbach i\u00e7in birlikte, yakla\u015f\u0131k \u00fc\u00e7 ayl\u0131k aral\u0131klarla halka a\u00e7\u0131k grup toplant\u0131lar\u0131n\u0131 s\u00fcrd\u00fcrmeyi planl\u0131yor. \u00c7ok \u00e7al\u0131\u015ft\u0131\u011f\u0131m\u0131z Konsey Salonu'nu bu ama\u00e7la kullanmaya devam edebilmeyi umuyoruz. 2026'n\u0131n tarihlerini en k\u0131sa s\u00fcrede burada a\u00e7\u0131klayaca\u011f\u0131z.<\/p>","protected":false},"excerpt":{"rendered":"<p>Bug\u00fcn t\u00fcm ilgili vatanda\u015flar\u0131n davet edildi\u011fi a\u00e7\u0131k bir Grup toplant\u0131s\u0131 yap\u0131ld\u0131. Toplant\u0131n\u0131n amac\u0131, belediye organlar\u0131ndan g\u00fcncel konular hakk\u0131nda \u015feffaf bilgi sa\u011flamakt\u0131, [...]<\/p>","protected":false},"author":2,"featured_media":1575,"comment_status":"closed","ping_status":"open","sticky":false,"template":"","format":"standard","meta":{"_price":"","_stock":"","_tribe_ticket_header":"","_tribe_default_ticket_provider":"","_tribe_ticket_capacity":"0","_ticket_start_date":"","_ticket_end_date":"","_tribe_ticket_show_description":"","_tribe_ticket_show_not_going":false,"_tribe_ticket_use_global_stock":"","_tribe_ticket_global_stock_level":"","_global_stock_mode":"","_global_stock_cap":"","_tribe_rsvp_for_event":"","_tribe_ticket_going_count":"","_tribe_ticket_not_going_count":"","_tribe_tickets_list":"[]","_tribe_ticket_has_attendee_info_fields":false,"_EventAllDay":false,"_EventTimezone":"","_EventStartDate":"","_EventEndDate":"","_EventStartDateUTC":"","_EventEndDateUTC":"","_EventShowMap":false,"_EventShowMapLink":false,"_EventURL":"","_EventCost":"","_EventCostDescription":"","_EventCurrencySymbol":"","_EventCurrencyCode":"","_EventCurrencyPosition":"","_EventDateTimeSeparator":"","_EventTimeRangeSeparator":"","_EventOrganizerID":[],"_EventVenueID":[],"_OrganizerEmail":"","_OrganizerPhone":"","_OrganizerWebsite":"","_VenueAddress":"","_VenueCity":"","_VenueCountry":"","_VenueProvince":"","_VenueState":"","_VenueZip":"","_VenuePhone":"","_VenueURL":"","_VenueStateProvince":"","_VenueLat":"","_VenueLng":"","_VenueShowMap":false,"_VenueShowMapLink":false,"footnotes":""},"categories":[35,9],"tags":[137,119,87,12,124,147],"class_list":["post-1574","post","type-post","status-publish","format-standard","has-post-thumbnail","hentry","category-dorfleben","category-neues-von-uns","tag-beigeordnete","tag-buecherei","tag-buergerfruehstueck","tag-gemeinsam-fuer-dernbach","tag-glasfaser","tag-offene-fraktionssitzung"],"aioseo_notices":[],"aioseo_head":"\n\t\t<!-- All in One SEO 5.0.1.1 - aioseo.com -->\n\t<meta name=\"description\" content=\"Heute fand eine offene Fraktionssitzung statt, zu der alle interessierte B\u00fcrgerinnen und B\u00fcrger eingeladen waren. Ziel des Treffens war es, transparent \u00fcber aktuelle Themen aus den gemeindlichen Gremien zu informieren, auf die kommende Gemeinderatssitzung vorzubereiten sowie Anregungen aus der B\u00fcrgerschaft aufzunehmen. Aktuelles aus den Gremien Wir schauten zun\u00e4chst auf die letzte Ratssitzung Mitte Juni zur\u00fcck.\" \/>\n\t<meta name=\"robots\" content=\"max-image-preview:large\" \/>\n\t<meta name=\"author\" content=\"GfD_Manuel\"\/>\n\t<link rel=\"canonical\" href=\"https:\/\/gemeinsam-fuer-dernbach.de\/tr\/offener-und-gelungener-austausch-im-herbst\" \/>\n\t<meta name=\"generator\" content=\"All in One SEO (AIOSEO) 5.0.1.1\" \/>\n\t\t<meta property=\"og:locale\" content=\"tr_TR\" \/>\n\t\t<meta property=\"og:site_name\" content=\"Gemeinsam f\u00fcr Dernbach - Gemeinsam f\u00fcr Dernbach - Website der W\u00e4hlergruppe Jankowitsch\" \/>\n\t\t<meta property=\"og:type\" content=\"article\" \/>\n\t\t<meta property=\"og:title\" content=\"Offener und gelungener Austausch im Herbst - Gemeinsam f\u00fcr Dernbach\" \/>\n\t\t<meta property=\"og:description\" content=\"Heute fand eine offene Fraktionssitzung statt, zu der alle interessierte B\u00fcrgerinnen und B\u00fcrger eingeladen waren. Ziel des Treffens war es, transparent \u00fcber aktuelle Themen aus den gemeindlichen Gremien zu informieren, auf die kommende Gemeinderatssitzung vorzubereiten sowie Anregungen aus der B\u00fcrgerschaft aufzunehmen. Aktuelles aus den Gremien Wir schauten zun\u00e4chst auf die letzte Ratssitzung Mitte Juni zur\u00fcck.\" \/>\n\t\t<meta property=\"og:url\" content=\"https:\/\/gemeinsam-fuer-dernbach.de\/tr\/offener-und-gelungener-austausch-im-herbst\" \/>\n\t\t<meta property=\"og:image\" content=\"https:\/\/gemeinsam-fuer-dernbach.de\/wp-content\/uploads\/2024\/12\/cropped-Button.png\" \/>\n\t\t<meta property=\"og:image:secure_url\" content=\"https:\/\/gemeinsam-fuer-dernbach.de\/wp-content\/uploads\/2024\/12\/cropped-Button.png\" \/>\n\t\t<meta property=\"og:image:width\" content=\"512\" \/>\n\t\t<meta property=\"og:image:height\" content=\"512\" \/>\n\t\t<meta property=\"article:published_time\" content=\"2025-11-02T15:40:05+00:00\" \/>\n\t\t<meta property=\"article:modified_time\" content=\"2025-11-02T18:19:23+00:00\" \/>\n\t\t<meta property=\"article:publisher\" content=\"https:\/\/www.facebook.com\/gemeinsam.fuer.dernbach\/\" \/>\n\t\t<meta name=\"twitter:card\" content=\"summary_large_image\" \/>\n\t\t<meta name=\"twitter:title\" content=\"Offener und gelungener Austausch im Herbst - Gemeinsam f\u00fcr Dernbach\" \/>\n\t\t<meta name=\"twitter:description\" content=\"Heute fand eine offene Fraktionssitzung statt, zu der alle interessierte B\u00fcrgerinnen und B\u00fcrger eingeladen waren. Ziel des Treffens war es, transparent \u00fcber aktuelle Themen aus den gemeindlichen Gremien zu informieren, auf die kommende Gemeinderatssitzung vorzubereiten sowie Anregungen aus der B\u00fcrgerschaft aufzunehmen. Aktuelles aus den Gremien Wir schauten zun\u00e4chst auf die letzte Ratssitzung Mitte Juni zur\u00fcck.\" \/>\n\t\t<meta name=\"twitter:image\" content=\"https:\/\/gemeinsam-fuer-dernbach.de\/wp-content\/uploads\/2024\/12\/cropped-Button.png\" \/>\n\t\t<script type=\"application\/ld+json\" class=\"aioseo-schema\">\n\t\t\t{\"@context\":\"https:\\\/\\\/schema.org\",\"@graph\":[{\"@type\":\"BlogPosting\",\"@id\":\"https:\\\/\\\/gemeinsam-fuer-dernbach.de\\\/tr\\\/offener-und-gelungener-austausch-im-herbst#blogposting\",\"name\":\"Offener und gelungener Austausch im Herbst - Gemeinsam f\\u00fcr Dernbach\",\"headline\":\"Offener und gelungener Austausch im Herbst\",\"author\":{\"@id\":\"https:\\\/\\\/gemeinsam-fuer-dernbach.de\\\/tr\\\/author\\\/gfd_manuel#author\"},\"publisher\":{\"@id\":\"https:\\\/\\\/gemeinsam-fuer-dernbach.de\\\/tr\\\/#organization\"},\"image\":{\"@type\":\"ImageObject\",\"url\":\"https:\\\/\\\/gemeinsam-fuer-dernbach.de\\\/wp-content\\\/uploads\\\/2025\\\/11\\\/IMG_2593.jpg\",\"width\":1535,\"height\":2048,\"caption\":\"Gruppenfoto Gemeinsam f\\u00fcr Dernbach im Rathaus nach der offenen Fraktionssitzung\"},\"datePublished\":\"2025-11-02T16:40:05+01:00\",\"dateModified\":\"2025-11-02T19:19:23+01:00\",\"inLanguage\":\"tr-TR\",\"mainEntityOfPage\":{\"@id\":\"https:\\\/\\\/gemeinsam-fuer-dernbach.de\\\/tr\\\/offener-und-gelungener-austausch-im-herbst#webpage\"},\"isPartOf\":{\"@id\":\"https:\\\/\\\/gemeinsam-fuer-dernbach.de\\\/tr\\\/offener-und-gelungener-austausch-im-herbst#webpage\"},\"articleSection\":\"Dorfleben, Neues von uns, Beigeordnete, B\\u00fccherei, B\\u00fcrgerfr\\u00fchst\\u00fcck, Gemeinsam f\\u00fcr Dernbach, Glasfaser, Offene Fraktionssitzung\"},{\"@type\":\"BreadcrumbList\",\"@id\":\"https:\\\/\\\/gemeinsam-fuer-dernbach.de\\\/tr\\\/offener-und-gelungener-austausch-im-herbst#breadcrumblist\",\"itemListElement\":[{\"@type\":\"ListItem\",\"@id\":\"https:\\\/\\\/gemeinsam-fuer-dernbach.de\\\/tr#listItem\",\"position\":1,\"name\":\"Home\",\"item\":\"https:\\\/\\\/gemeinsam-fuer-dernbach.de\\\/tr\",\"nextItem\":{\"@type\":\"ListItem\",\"@id\":\"https:\\\/\\\/gemeinsam-fuer-dernbach.de\\\/tr\\\/category\\\/neues-von-uns#listItem\",\"name\":\"Neues von uns\"}},{\"@type\":\"ListItem\",\"@id\":\"https:\\\/\\\/gemeinsam-fuer-dernbach.de\\\/tr\\\/category\\\/neues-von-uns#listItem\",\"position\":2,\"name\":\"Neues von uns\",\"item\":\"https:\\\/\\\/gemeinsam-fuer-dernbach.de\\\/tr\\\/category\\\/neues-von-uns\",\"nextItem\":{\"@type\":\"ListItem\",\"@id\":\"https:\\\/\\\/gemeinsam-fuer-dernbach.de\\\/tr\\\/offener-und-gelungener-austausch-im-herbst#listItem\",\"name\":\"Offener und gelungener Austausch im Herbst\"},\"previousItem\":{\"@type\":\"ListItem\",\"@id\":\"https:\\\/\\\/gemeinsam-fuer-dernbach.de\\\/tr#listItem\",\"name\":\"Home\"}},{\"@type\":\"ListItem\",\"@id\":\"https:\\\/\\\/gemeinsam-fuer-dernbach.de\\\/tr\\\/offener-und-gelungener-austausch-im-herbst#listItem\",\"position\":3,\"name\":\"Offener und gelungener Austausch im Herbst\",\"previousItem\":{\"@type\":\"ListItem\",\"@id\":\"https:\\\/\\\/gemeinsam-fuer-dernbach.de\\\/tr\\\/category\\\/neues-von-uns#listItem\",\"name\":\"Neues von uns\"}}]},{\"@type\":\"Organization\",\"@id\":\"https:\\\/\\\/gemeinsam-fuer-dernbach.de\\\/tr\\\/#organization\",\"name\":\"Gemeinsam f\\u00fcr Dernbach\",\"description\":\"Gemeinsam f\\u00fcr Dernbach - Website der W\\u00e4hlergruppe Jankowitsch\",\"url\":\"https:\\\/\\\/gemeinsam-fuer-dernbach.de\\\/tr\\\/\",\"logo\":{\"@type\":\"ImageObject\",\"url\":\"https:\\\/\\\/gemeinsam-fuer-dernbach.de\\\/wp-content\\\/uploads\\\/2024\\\/12\\\/cropped-Button.png\",\"@id\":\"https:\\\/\\\/gemeinsam-fuer-dernbach.de\\\/tr\\\/offener-und-gelungener-austausch-im-herbst\\\/#organizationLogo\",\"width\":512,\"height\":512,\"caption\":\"Gemeinsam f\\u00fcr Dernbach\"},\"image\":{\"@id\":\"https:\\\/\\\/gemeinsam-fuer-dernbach.de\\\/tr\\\/offener-und-gelungener-austausch-im-herbst\\\/#organizationLogo\"},\"sameAs\":[\"https:\\\/\\\/www.facebook.com\\\/gemeinsam.fuer.dernbach\\\/\",\"https:\\\/\\\/www.instagram.com\\\/gemeinsam_fuer_dernbach\\\/\"]},{\"@type\":\"Person\",\"@id\":\"https:\\\/\\\/gemeinsam-fuer-dernbach.de\\\/tr\\\/author\\\/gfd_manuel#author\",\"url\":\"https:\\\/\\\/gemeinsam-fuer-dernbach.de\\\/tr\\\/author\\\/gfd_manuel\",\"name\":\"GfD_Manuel\"},{\"@type\":\"WebPage\",\"@id\":\"https:\\\/\\\/gemeinsam-fuer-dernbach.de\\\/tr\\\/offener-und-gelungener-austausch-im-herbst#webpage\",\"url\":\"https:\\\/\\\/gemeinsam-fuer-dernbach.de\\\/tr\\\/offener-und-gelungener-austausch-im-herbst\",\"name\":\"Offener und gelungener Austausch im Herbst - Gemeinsam f\\u00fcr Dernbach\",\"description\":\"Heute fand eine offene Fraktionssitzung statt, zu der alle interessierte B\\u00fcrgerinnen und B\\u00fcrger eingeladen waren. Ziel des Treffens war es, transparent \\u00fcber aktuelle Themen aus den gemeindlichen Gremien zu informieren, auf die kommende Gemeinderatssitzung vorzubereiten sowie Anregungen aus der B\\u00fcrgerschaft aufzunehmen. Aktuelles aus den Gremien Wir schauten zun\\u00e4chst auf die letzte Ratssitzung Mitte Juni zur\\u00fcck.\",\"inLanguage\":\"tr-TR\",\"isPartOf\":{\"@id\":\"https:\\\/\\\/gemeinsam-fuer-dernbach.de\\\/tr\\\/#website\"},\"breadcrumb\":{\"@id\":\"https:\\\/\\\/gemeinsam-fuer-dernbach.de\\\/tr\\\/offener-und-gelungener-austausch-im-herbst#breadcrumblist\"},\"author\":{\"@id\":\"https:\\\/\\\/gemeinsam-fuer-dernbach.de\\\/tr\\\/author\\\/gfd_manuel#author\"},\"creator\":{\"@id\":\"https:\\\/\\\/gemeinsam-fuer-dernbach.de\\\/tr\\\/author\\\/gfd_manuel#author\"},\"image\":{\"@type\":\"ImageObject\",\"url\":\"https:\\\/\\\/gemeinsam-fuer-dernbach.de\\\/wp-content\\\/uploads\\\/2025\\\/11\\\/IMG_2593.jpg\",\"@id\":\"https:\\\/\\\/gemeinsam-fuer-dernbach.de\\\/tr\\\/offener-und-gelungener-austausch-im-herbst\\\/#mainImage\",\"width\":1535,\"height\":2048,\"caption\":\"Gruppenfoto Gemeinsam f\\u00fcr Dernbach im Rathaus nach der offenen Fraktionssitzung\"},\"primaryImageOfPage\":{\"@id\":\"https:\\\/\\\/gemeinsam-fuer-dernbach.de\\\/tr\\\/offener-und-gelungener-austausch-im-herbst#mainImage\"},\"datePublished\":\"2025-11-02T16:40:05+01:00\",\"dateModified\":\"2025-11-02T19:19:23+01:00\"},{\"@type\":\"WebSite\",\"@id\":\"https:\\\/\\\/gemeinsam-fuer-dernbach.de\\\/tr\\\/#website\",\"url\":\"https:\\\/\\\/gemeinsam-fuer-dernbach.de\\\/tr\\\/\",\"name\":\"Gemeinsam f\\u00fcr Dernbach\",\"description\":\"Gemeinsam f\\u00fcr Dernbach - Website der W\\u00e4hlergruppe Jankowitsch\",\"inLanguage\":\"tr-TR\",\"publisher\":{\"@id\":\"https:\\\/\\\/gemeinsam-fuer-dernbach.de\\\/tr\\\/#organization\"}}]}\n\t\t<\/script>\n\t\t<!-- All in One SEO -->\n\n","aioseo_head_json":{"title":"Offener und gelungener Austausch im Herbst - Gemeinsam f\u00fcr Dernbach","description":"Heute fand eine offene Fraktionssitzung statt, zu der alle interessierte B\u00fcrgerinnen und B\u00fcrger eingeladen waren. Ziel des Treffens war es, transparent \u00fcber aktuelle Themen aus den gemeindlichen Gremien zu informieren, auf die kommende Gemeinderatssitzung vorzubereiten sowie Anregungen aus der B\u00fcrgerschaft aufzunehmen. Aktuelles aus den Gremien Wir schauten zun\u00e4chst auf die letzte Ratssitzung Mitte Juni zur\u00fcck.","canonical_url":"https:\/\/gemeinsam-fuer-dernbach.de\/tr\/offener-und-gelungener-austausch-im-herbst","robots":"max-image-preview:large","keywords":"","webmasterTools":{"miscellaneous":""},"schema":{"@context":"https:\/\/schema.org","@graph":[{"@type":"BlogPosting","@id":"https:\/\/gemeinsam-fuer-dernbach.de\/tr\/offener-und-gelungener-austausch-im-herbst#blogposting","name":"Offener und gelungener Austausch im Herbst - Gemeinsam f\u00fcr Dernbach","headline":"Offener und gelungener Austausch im Herbst","author":{"@id":"https:\/\/gemeinsam-fuer-dernbach.de\/tr\/author\/gfd_manuel#author"},"publisher":{"@id":"https:\/\/gemeinsam-fuer-dernbach.de\/tr\/#organization"},"image":{"@type":"ImageObject","url":"https:\/\/gemeinsam-fuer-dernbach.de\/wp-content\/uploads\/2025\/11\/IMG_2593.jpg","width":1535,"height":2048,"caption":"Gruppenfoto Gemeinsam f\u00fcr Dernbach im Rathaus nach der offenen Fraktionssitzung"},"datePublished":"2025-11-02T16:40:05+01:00","dateModified":"2025-11-02T19:19:23+01:00","inLanguage":"tr-TR","mainEntityOfPage":{"@id":"https:\/\/gemeinsam-fuer-dernbach.de\/tr\/offener-und-gelungener-austausch-im-herbst#webpage"},"isPartOf":{"@id":"https:\/\/gemeinsam-fuer-dernbach.de\/tr\/offener-und-gelungener-austausch-im-herbst#webpage"},"articleSection":"Dorfleben, Neues von uns, Beigeordnete, B\u00fccherei, B\u00fcrgerfr\u00fchst\u00fcck, Gemeinsam f\u00fcr Dernbach, Glasfaser, Offene Fraktionssitzung"},{"@type":"BreadcrumbList","@id":"https:\/\/gemeinsam-fuer-dernbach.de\/tr\/offener-und-gelungener-austausch-im-herbst#breadcrumblist","itemListElement":[{"@type":"ListItem","@id":"https:\/\/gemeinsam-fuer-dernbach.de\/tr#listItem","position":1,"name":"Home","item":"https:\/\/gemeinsam-fuer-dernbach.de\/tr","nextItem":{"@type":"ListItem","@id":"https:\/\/gemeinsam-fuer-dernbach.de\/tr\/category\/neues-von-uns#listItem","name":"Neues von uns"}},{"@type":"ListItem","@id":"https:\/\/gemeinsam-fuer-dernbach.de\/tr\/category\/neues-von-uns#listItem","position":2,"name":"Neues von uns","item":"https:\/\/gemeinsam-fuer-dernbach.de\/tr\/category\/neues-von-uns","nextItem":{"@type":"ListItem","@id":"https:\/\/gemeinsam-fuer-dernbach.de\/tr\/offener-und-gelungener-austausch-im-herbst#listItem","name":"Offener und gelungener Austausch im Herbst"},"previousItem":{"@type":"ListItem","@id":"https:\/\/gemeinsam-fuer-dernbach.de\/tr#listItem","name":"Home"}},{"@type":"ListItem","@id":"https:\/\/gemeinsam-fuer-dernbach.de\/tr\/offener-und-gelungener-austausch-im-herbst#listItem","position":3,"name":"Offener und gelungener Austausch im Herbst","previousItem":{"@type":"ListItem","@id":"https:\/\/gemeinsam-fuer-dernbach.de\/tr\/category\/neues-von-uns#listItem","name":"Neues von uns"}}]},{"@type":"Organization","@id":"https:\/\/gemeinsam-fuer-dernbach.de\/tr\/#organization","name":"Gemeinsam f\u00fcr Dernbach","description":"Gemeinsam f\u00fcr Dernbach - Website der W\u00e4hlergruppe Jankowitsch","url":"https:\/\/gemeinsam-fuer-dernbach.de\/tr\/","logo":{"@type":"ImageObject","url":"https:\/\/gemeinsam-fuer-dernbach.de\/wp-content\/uploads\/2024\/12\/cropped-Button.png","@id":"https:\/\/gemeinsam-fuer-dernbach.de\/tr\/offener-und-gelungener-austausch-im-herbst\/#organizationLogo","width":512,"height":512,"caption":"Gemeinsam f\u00fcr Dernbach"},"image":{"@id":"https:\/\/gemeinsam-fuer-dernbach.de\/tr\/offener-und-gelungener-austausch-im-herbst\/#organizationLogo"},"sameAs":["https:\/\/www.facebook.com\/gemeinsam.fuer.dernbach\/","https:\/\/www.instagram.com\/gemeinsam_fuer_dernbach\/"]},{"@type":"Person","@id":"https:\/\/gemeinsam-fuer-dernbach.de\/tr\/author\/gfd_manuel#author","url":"https:\/\/gemeinsam-fuer-dernbach.de\/tr\/author\/gfd_manuel","name":"GfD_Manuel"},{"@type":"WebPage","@id":"https:\/\/gemeinsam-fuer-dernbach.de\/tr\/offener-und-gelungener-austausch-im-herbst#webpage","url":"https:\/\/gemeinsam-fuer-dernbach.de\/tr\/offener-und-gelungener-austausch-im-herbst","name":"Offener und gelungener Austausch im Herbst - Gemeinsam f\u00fcr Dernbach","description":"Heute fand eine offene Fraktionssitzung statt, zu der alle interessierte B\u00fcrgerinnen und B\u00fcrger eingeladen waren. Ziel des Treffens war es, transparent \u00fcber aktuelle Themen aus den gemeindlichen Gremien zu informieren, auf die kommende Gemeinderatssitzung vorzubereiten sowie Anregungen aus der B\u00fcrgerschaft aufzunehmen. Aktuelles aus den Gremien Wir schauten zun\u00e4chst auf die letzte Ratssitzung Mitte Juni zur\u00fcck.","inLanguage":"tr-TR","isPartOf":{"@id":"https:\/\/gemeinsam-fuer-dernbach.de\/tr\/#website"},"breadcrumb":{"@id":"https:\/\/gemeinsam-fuer-dernbach.de\/tr\/offener-und-gelungener-austausch-im-herbst#breadcrumblist"},"author":{"@id":"https:\/\/gemeinsam-fuer-dernbach.de\/tr\/author\/gfd_manuel#author"},"creator":{"@id":"https:\/\/gemeinsam-fuer-dernbach.de\/tr\/author\/gfd_manuel#author"},"image":{"@type":"ImageObject","url":"https:\/\/gemeinsam-fuer-dernbach.de\/wp-content\/uploads\/2025\/11\/IMG_2593.jpg","@id":"https:\/\/gemeinsam-fuer-dernbach.de\/tr\/offener-und-gelungener-austausch-im-herbst\/#mainImage","width":1535,"height":2048,"caption":"Gruppenfoto Gemeinsam f\u00fcr Dernbach im Rathaus nach der offenen Fraktionssitzung"},"primaryImageOfPage":{"@id":"https:\/\/gemeinsam-fuer-dernbach.de\/tr\/offener-und-gelungener-austausch-im-herbst#mainImage"},"datePublished":"2025-11-02T16:40:05+01:00","dateModified":"2025-11-02T19:19:23+01:00"},{"@type":"WebSite","@id":"https:\/\/gemeinsam-fuer-dernbach.de\/tr\/#website","url":"https:\/\/gemeinsam-fuer-dernbach.de\/tr\/","name":"Gemeinsam f\u00fcr Dernbach","description":"Gemeinsam f\u00fcr Dernbach - Website der W\u00e4hlergruppe Jankowitsch","inLanguage":"tr-TR","publisher":{"@id":"https:\/\/gemeinsam-fuer-dernbach.de\/tr\/#organization"}}]},"og:locale":"tr_TR","og:site_name":"Gemeinsam f\u00fcr Dernbach - Gemeinsam f\u00fcr Dernbach - Website der W\u00e4hlergruppe Jankowitsch","og:type":"article","og:title":"Offener und gelungener Austausch im Herbst - Gemeinsam f\u00fcr Dernbach","og:description":"Heute fand eine offene Fraktionssitzung statt, zu der alle interessierte B\u00fcrgerinnen und B\u00fcrger eingeladen waren. Ziel des Treffens war es, transparent \u00fcber aktuelle Themen aus den gemeindlichen Gremien zu informieren, auf die kommende Gemeinderatssitzung vorzubereiten sowie Anregungen aus der B\u00fcrgerschaft aufzunehmen. Aktuelles aus den Gremien Wir schauten zun\u00e4chst auf die letzte Ratssitzung Mitte Juni zur\u00fcck.","og:url":"https:\/\/gemeinsam-fuer-dernbach.de\/tr\/offener-und-gelungener-austausch-im-herbst","og:image":"https:\/\/gemeinsam-fuer-dernbach.de\/wp-content\/uploads\/2024\/12\/cropped-Button.png","og:image:secure_url":"https:\/\/gemeinsam-fuer-dernbach.de\/wp-content\/uploads\/2024\/12\/cropped-Button.png","og:image:width":512,"og:image:height":512,"article:published_time":"2025-11-02T15:40:05+00:00","article:modified_time":"2025-11-02T18:19:23+00:00","article:publisher":"https:\/\/www.facebook.com\/gemeinsam.fuer.dernbach\/","twitter:card":"summary_large_image","twitter:title":"Offener und gelungener Austausch im Herbst - Gemeinsam f\u00fcr Dernbach","twitter:description":"Heute fand eine offene Fraktionssitzung statt, zu der alle interessierte B\u00fcrgerinnen und B\u00fcrger eingeladen waren. Ziel des Treffens war es, transparent \u00fcber aktuelle Themen aus den gemeindlichen Gremien zu informieren, auf die kommende Gemeinderatssitzung vorzubereiten sowie Anregungen aus der B\u00fcrgerschaft aufzunehmen. Aktuelles aus den Gremien Wir schauten zun\u00e4chst auf die letzte Ratssitzung Mitte Juni zur\u00fcck.","twitter:image":"https:\/\/gemeinsam-fuer-dernbach.de\/wp-content\/uploads\/2024\/12\/cropped-Button.png"},"aioseo_meta_data":{"post_id":"1574","title":null,"description":null,"keywords":null,"keyphrases":{"focus":[],"additional":[]},"primary_term":null,"canonical_url":null,"og_title":null,"og_description":null,"og_object_type":"default","og_image_type":"default","og_image_url":null,"og_image_width":null,"og_image_height":null,"og_image_custom_url":null,"og_image_custom_fields":null,"og_video":"","og_custom_url":null,"og_article_section":null,"og_article_tags":null,"twitter_use_og":false,"twitter_card":"default","twitter_image_type":"default","twitter_image_url":null,"twitter_image_custom_url":null,"twitter_image_custom_fields":null,"twitter_title":null,"twitter_description":null,"schema":{"blockGraphs":[],"customGraphs":[],"default":{"data":{"Article":[],"Course":[],"Dataset":[],"FAQPage":[],"Movie":[],"Person":[],"Product":[],"ProductReview":[],"Car":[],"Recipe":[],"Service":[],"SoftwareApplication":[],"WebPage":[]},"graphName":"BlogPosting","isEnabled":true},"graphs":[]},"schema_type":"default","schema_type_options":null,"pillar_content":false,"robots_default":true,"robots_noindex":false,"robots_noarchive":false,"robots_nosnippet":false,"robots_nofollow":false,"robots_noimageindex":false,"robots_noodp":false,"robots_notranslate":false,"robots_max_snippet":"-1","robots_max_videopreview":"-1","robots_max_imagepreview":"large","priority":null,"frequency":"default","local_seo":null,"breadcrumb_settings":null,"limit_modified_date":false,"ai":{"faqs":[],"keyPoints":[],"titles":[],"descriptions":[],"socialPosts":{"email":[],"linkedin":[],"twitter":[],"facebook":[],"instagram":[]}},"created":"2025-11-02 15:40:06","updated":"2026-09-03 19:34:31","seo_analyzer_scan_date":null,"focus_keyword":null,"additional_keywords":null,"truseo_locale":null},"aioseo_breadcrumb":"<div class=\"aioseo-breadcrumbs\"><span class=\"aioseo-breadcrumb\">\n\t\t\t<a href=\"https:\/\/gemeinsam-fuer-dernbach.de\/tr\" title=\"Home\">Home<\/a>\n\t\t<\/span><span class=\"aioseo-breadcrumb-separator\">&raquo;<\/span><span class=\"aioseo-breadcrumb\">\n\t\t\t<a href=\"https:\/\/gemeinsam-fuer-dernbach.de\/tr\/category\/neues-von-uns\" title=\"Neues von uns\">Neues von uns<\/a>\n\t\t<\/span><span class=\"aioseo-breadcrumb-separator\">&raquo;<\/span><span class=\"aioseo-breadcrumb\">\n\t\t\tOffener und gelungener Austausch im Herbst\n\t\t<\/span><\/div>","aioseo_breadcrumb_json":[{"label":"Home","link":"https:\/\/gemeinsam-fuer-dernbach.de\/tr"},{"label":"Neues von uns","link":"https:\/\/gemeinsam-fuer-dernbach.de\/tr\/category\/neues-von-uns"},{"label":"Offener und gelungener Austausch im Herbst","link":"https:\/\/gemeinsam-fuer-dernbach.de\/tr\/offener-und-gelungener-austausch-im-herbst"}],"_links":{"self":[{"href":"https:\/\/gemeinsam-fuer-dernbach.de\/tr\/wp-json\/wp\/v2\/posts\/1574","targetHints":{"allow":["GET"]}}],"collection":[{"href":"https:\/\/gemeinsam-fuer-dernbach.de\/tr\/wp-json\/wp\/v2\/posts"}],"about":[{"href":"https:\/\/gemeinsam-fuer-dernbach.de\/tr\/wp-json\/wp\/v2\/types\/post"}],"author":[{"embeddable":true,"href":"https:\/\/gemeinsam-fuer-dernbach.de\/tr\/wp-json\/wp\/v2\/users\/2"}],"replies":[{"embeddable":true,"href":"https:\/\/gemeinsam-fuer-dernbach.de\/tr\/wp-json\/wp\/v2\/comments?post=1574"}],"version-history":[{"count":2,"href":"https:\/\/gemeinsam-fuer-dernbach.de\/tr\/wp-json\/wp\/v2\/posts\/1574\/revisions"}],"predecessor-version":[{"id":1579,"href":"https:\/\/gemeinsam-fuer-dernbach.de\/tr\/wp-json\/wp\/v2\/posts\/1574\/revisions\/1579"}],"wp:featuredmedia":[{"embeddable":true,"href":"https:\/\/gemeinsam-fuer-dernbach.de\/tr\/wp-json\/wp\/v2\/media\/1575"}],"wp:attachment":[{"href":"https:\/\/gemeinsam-fuer-dernbach.de\/tr\/wp-json\/wp\/v2\/media?parent=1574"}],"wp:term":[{"taxonomy":"category","embeddable":true,"href":"https:\/\/gemeinsam-fuer-dernbach.de\/tr\/wp-json\/wp\/v2\/categories?post=1574"},{"taxonomy":"post_tag","embeddable":true,"href":"https:\/\/gemeinsam-fuer-dernbach.de\/tr\/wp-json\/wp\/v2\/tags?post=1574"}],"curies":[{"name":"wp","href":"https:\/\/api.w.org\/{rel}","templated":true}]}}