{"id":1704,"date":"2026-09-03T20:33:40","date_gmt":"2026-09-03T19:33:40","guid":{"rendered":"https:\/\/gemeinsam-fuer-dernbach.de\/?p=1704"},"modified":"2026-09-03T20:55:08","modified_gmt":"2026-09-03T19:55:08","slug":"neues-aus-dem-gemeinderat-unwetter-beendet-sitzung-vorzeitig","status":"publish","type":"post","link":"https:\/\/gemeinsam-fuer-dernbach.de\/tr\/neues-aus-dem-gemeinderat-unwetter-beendet-sitzung-vorzeitig","title":{"rendered":"\u015eiddetli hava oturumu erken sona erer"},"content":{"rendered":"<p class=\"wp-block-paragraph\">Konsey \u00fcyeleri Dernbach belediye meclisinin son toplant\u0131s\u0131n\u0131 erken bitirmeye karar verdiler. Bunun nedeni, 19 A\u011fustos'taki f\u0131rt\u0131nan\u0131n neden oldu\u011fu elektrik kesintisiydi. O zamana kadar, g\u00fcndemdeki birka\u00e7 madde tart\u0131\u015f\u0131ld\u0131 ve kararla\u015ft\u0131r\u0131ld\u0131.<\/p>\n\n\n\n<h2 class=\"wp-block-heading\"><strong>Sebastian Hausen ilerliyor<\/strong><\/h2>\n\n\n\n<p class=\"wp-block-paragraph\">Ba\u015flang\u0131\u00e7ta, Sebastian Hausen belediye meclisinin halefi olarak atand\u0131.<\/p>\n\n\n\n<p class=\"wp-block-paragraph\">Daha sonra, \u00e7e\u015fitli komite g\u00f6revlerinin yeniden se\u00e7ilmesi g\u00fcndemdeydi. Bu, ana ve mali komiteyi, i\u015f park\u0131 komitesini ve ilgili delegeler de dahil olmak \u00fczere in\u015faat komitesini i\u00e7eriyordu.<\/p>\n\n\n\n<h2 class=\"wp-block-heading\"><strong>Ba\u011f\u0131\u015flanan \u00e7anak \u00e7\u00f6mlek ve barbek\u00fc kul\u00fcbesi i\u00e7in yeni d\u00fczenleme<\/strong><\/h2>\n\n\n\n<p class=\"wp-block-paragraph\">Ba\u015fka bir nokta, barbek\u00fc kul\u00fcbesinin kullan\u0131m kurallar\u0131yla ilgiliydi. Bununla ba\u011flant\u0131l\u0131 olarak, ba\u011f\u0131\u015flanan yemeklerden de bahsedildi.<\/p>\n\n\n\n<p class=\"wp-block-paragraph\">Mutfak ve bula\u015f\u0131klar\u0131n kullan\u0131m\u0131 i\u00e7in gelecekte 30 avro tahsil edilecektir. Bizim a\u00e7\u0131m\u0131zdan, ancak, bu gibi g\u00f6r\u00fcn\u00fcyor bir <strong>gizli \u00fccret art\u0131\u015f\u0131<\/strong> * Bir \u00f6nceki tart\u0131\u015fmada \u2013, CDU grubu, barbek\u00fc kabininin sosyal kullan\u0131m y\u00f6nleri a\u00e7\u0131s\u0131ndan uygun fiyatl\u0131 oldu\u011funu vurgulad\u0131.<\/p>\n\n\n\n<h3 class=\"wp-block-heading\"><strong>Havai fi\u015fek yasa\u011f\u0131<\/strong><\/h3>\n\n\n\n<p class=\"wp-block-paragraph\">Yeni d\u00fczenlemeler ayr\u0131ca havai fi\u015feklerin yasaklanmas\u0131n\u0131 da sa\u011fl\u0131yor. Manuel, genel bir yasa\u011f\u0131n, \u00f6rne\u011fin Y\u0131lba\u015f\u0131 Gecesi'nde veya yeterince nemli havalarda, asl\u0131nda ne \u00f6l\u00e7\u00fcde orant\u0131l\u0131 oldu\u011fu sorusunu sordu.<\/p>\n\n\n\n<p class=\"wp-block-paragraph\">Prensip olarak, yerel topluluk, barbek\u00fc kul\u00fcbesinin operat\u00f6r\u00fc ve sahibi olarak, ilgili kullan\u0131m kurallar\u0131n\u0131 haz\u0131rlama hakk\u0131na sahiptir. Yasak lehine \u00f6nemli bir arg\u00fcman, \u00f6zellikle yang\u0131n tehlikelerinin \u00f6nlenmesidir.<\/p>\n\n\n\n<p class=\"wp-block-paragraph\">Yeni d\u00fczenleme geliyor <strong>1 eyl\u00fcl<\/strong> Y\u00fcr\u00fcrl\u00fckte olan bir \u015fey.<\/p>\n\n\n\n<h2 class=\"wp-block-heading\"><strong>Burgweg'in yenilenmesi<\/strong><\/h2>\n\n\n\n<p class=\"wp-block-paragraph\">G\u00fcndemde ayr\u0131ca Elgendorfer Stra\u00dfe ile birle\u015fti\u011finde Burgweg'in yenilenmesi de vard\u0131.<\/p>\n\n\n\n<p class=\"wp-block-paragraph\">Planlanan \u00e7al\u0131\u015fma s\u0131ras\u0131nda mevcut kald\u0131r\u0131m ta\u015flar\u0131 al\u0131nacak ve daha sonra kullan\u0131lmak \u00fczere saklanacakt\u0131r. Eylem i\u00e7in ihale \u00e7a\u011fr\u0131s\u0131 devam ediyor.<\/p>\n\n\n\n<p class=\"wp-block-paragraph\">Belediye ba\u015fkan\u0131, katranl\u0131 veya asfaltl\u0131 bir versiyonun beklenen y\u00fcklerle daha iyi ba\u015fa \u00e7\u0131kt\u0131\u011f\u0131n\u0131 a\u00e7\u0131klad\u0131. Mevcut ta\u015f\u0131y\u0131c\u0131 tabaka bu nedenle hasar g\u00f6rmez ve \u00e7ok kararl\u0131 bir durumdad\u0131r.<\/p>\n\n\n\n<p class=\"wp-block-paragraph\">Bununla birlikte, bizim bak\u0131\u015f a\u00e7\u0131m\u0131zdan, \u00f6zellikle kav\u015fa\u011f\u0131n daha dik alan\u0131nda, a\u011f\u0131r hizmet trafi\u011finden daha b\u00fcy\u00fck bir y\u00fck alt\u0131nda yolun ne kadar istikrarl\u0131 olaca\u011f\u0131 konusunda \u015f\u00fcpheler var. Bu nedenle uygulamada uzun vadeli dayan\u0131kl\u0131l\u0131k sorunu dikkate al\u0131nmal\u0131d\u0131r.<\/p>\n\n\n\n<p class=\"wp-block-paragraph\">Ba\u015flang\u0131\u00e7ta planlanan b\u00fct\u00e7e \u00f6denekleri art\u0131k mevcut olmad\u0131\u011f\u0131ndan, \u00f6nlem i\u00e7in \u00f6deneklerin yeniden rezerve edilmesi gerekiyordu. Bu kararda d\u00f6rt \u00e7ekimser karar vard\u0131.<\/p>\n\n\n\n<h2 class=\"wp-block-heading\"><strong>Dr. Domarus Street yak\u0131n\u0131ndaki oteller<\/strong><\/h2>\n\n\n\n<p class=\"wp-block-paragraph\">Konsey'in baz\u0131 \u00fcyeleri, uzun s\u00fcredir devam eden drenaj sorununu daha yo\u011fun bir \u015fekilde tart\u0131\u015ft\u0131lar. <strong>Dr. Domarus soka\u011f\u0131<\/strong>.<\/p>\n\n\n\n<p class=\"wp-block-paragraph\">\u015eimdi planlanm\u0131\u015f olan tedbirin maliyetleri \u00f6nemli \u00f6l\u00e7\u00fcde artm\u0131\u015ft\u0131r. Ba\u015flang\u0131\u00e7ta yuvarlakt\u0131 <strong>9.000 Euro'ya kadar<\/strong> varsay\u0131lm\u0131\u015ft\u0131r; \u015eu anda yakla\u015f\u0131k bir maliyetle <strong>25.000 Euro'ya<\/strong> Beklenen bir \u015fey.<\/p>\n\n\n\n<p class=\"wp-block-paragraph\">Aslen g\u00f6revlendirilen \u015firket art\u0131k \u00f6nceki \u015fartlarda mevcut s\u00f6zle\u015fmeye uymaya istekli de\u011fildir.<\/p>\n\n\n\n<h3 class=\"wp-block-heading\"><strong>Maliyet art\u0131\u015f\u0131 ile ilgili sorular<\/strong><\/h3>\n\n\n\n<p class=\"wp-block-paragraph\">Bizim a\u00e7\u0131m\u0131zdan bu geli\u015fme anla\u015f\u0131labilir de\u011fildir. Bize g\u00f6re, \u00f6nemli fiyat art\u0131\u015f\u0131 iki y\u0131l i\u00e7inde tek ba\u015f\u0131na genel enflasyonla a\u00e7\u0131klanamaz.<\/p>\n\n\n\n<p class=\"wp-block-paragraph\">Ek bir maliyet fakt\u00f6r\u00fc olarak, di\u011fer \u015feylerin yan\u0131 s\u0131ra, m\u00fclk\u00fcn eri\u015fimine veya gezilebilirli\u011fine izin vermek i\u00e7in metal plakalar\u0131n i\u015f i\u00e7in tasarlanmas\u0131 gerekti\u011finden bahsedildi. Ancak bizim g\u00f6r\u00fc\u015f\u00fcm\u00fcze g\u00f6re, bu otomatik olarak yakla\u015f\u0131k 9.000 ila 25.000 avroluk bir maliyet art\u0131\u015f\u0131n\u0131 a\u00e7\u0131klam\u0131yor.<\/p>\n\n\n\n<p class=\"wp-block-paragraph\">Manuel bu nedenle, ba\u015flang\u0131\u00e7ta zorunlu k\u0131l\u0131nan \u015firketin s\u00f6zle\u015fmeye uymay\u0131 reddetmesi nedeniyle, <strong>S\u00f6zle\u015fmenin ihlali nedeniyle olas\u0131 tazminat talepleri<\/strong> var olabilir. Ancak, bu soru daha sonraki tart\u0131\u015fmada daha fazla ara\u015ft\u0131r\u0131lmad\u0131.<\/p>\n\n\n\n<h3 class=\"wp-block-heading\"><strong>Drenaj\u0131n etkinli\u011fi belirsizli\u011fini koruyor<\/strong><\/h3>\n\n\n\n<p class=\"wp-block-paragraph\">Daha da \u00f6nemlisi, planlanan drenaj\u0131n mevcut sorunu kal\u0131c\u0131 olarak \u00e7\u00f6zmek i\u00e7in ger\u00e7ekten uygun olup olmad\u0131\u011f\u0131 sorusu ortaya \u00e7\u0131kmaktad\u0131r.<\/p>\n\n\n\n<p class=\"wp-block-paragraph\">Zaten \u00f6nceki isti\u015fareler s\u0131ras\u0131nda, ortaya \u00e7\u0131kan nemden hangi nedenin sorumlu oldu\u011fu a\u00e7\u0131k de\u011fildi. \u00d6zellikle a\u015fa\u011f\u0131dakiler aras\u0131nda bir ayr\u0131m yap\u0131lmal\u0131d\u0131r: <strong>Yeralt\u0131 suyu, rezervuar suyu, s\u0131z\u0131nt\u0131 suyu ve topra\u011f\u0131n sadece nemlendirilmesi<\/strong>.<\/p>\n\n\n\n<p class=\"wp-block-paragraph\">Verbandsgemeindewerke'nin de\u011ferlendirmesine dayanarak, \u00f6nlem 2025'te oybirli\u011fiyle kabul edildi: <a href=\"https:\/\/gemeinsam-fuer-dernbach.de\/tr\/ratssitzungsbericht-vom-18-juni-2025\/\"><u>https:\/\/gemeinsam-fuer-dernbach.de\/ratssitzungsbericht-vom-18-juni-2025<\/u><\/a>.\u00a0 Bununla birlikte, belirsiz ko\u015fullarda maliyetlerdeki \u00f6nemli art\u0131\u015f g\u00f6z \u00f6n\u00fcne al\u0131nd\u0131\u011f\u0131nda, bu kadar pahal\u0131 bir \u00f6nlemin Dernbach b\u00fct\u00e7esine a\u015f\u0131r\u0131 y\u00fck getirip getirmeyece\u011fi bizim a\u00e7\u0131m\u0131zdan tart\u0131\u015fmal\u0131d\u0131r.<\/p>\n\n\n\n<p class=\"wp-block-paragraph\">Buna ek olarak, buradaki yerel toplulu\u011fun olup olmad\u0131\u011f\u0131 ve ne \u00f6l\u00e7\u00fcde oldu\u011fu konusunda temel bir soru var. <strong>Harekete ge\u00e7me veya elden \u00e7\u0131karma y\u00fck\u00fcml\u00fcl\u00fc\u011f\u00fc<\/strong> \u00f6yle. - \u00d6yle mi? Ancak, b\u00fcy\u00fck \u00e7o\u011funluk bu \u00f6nlemi kabul etti.<\/p>\n\n\n\n<h2 class=\"wp-block-heading\"><strong>Di\u011fer hususlar ve toplant\u0131n\u0131n erken sonland\u0131r\u0131lmas\u0131<\/strong><\/h2>\n\n\n\n<p class=\"wp-block-paragraph\">G\u00fcndem ba\u015fka maddeleri de i\u00e7eriyordu. Ancak, \u015fiddetli hava nedeniyle elektrik kesintisi nedeniyle toplant\u0131ya d\u00fczg\u00fcn bir \u015fekilde devam edilemedi.<\/p>\n\n\n\n<p class=\"wp-block-paragraph\">Bu nedenle, g\u00fcndemdeki geri kalan maddeler \u00f6n\u00fcm\u00fczdeki bir toplant\u0131da yeniden a\u00e7\u0131lmal\u0131d\u0131r.<\/p>\n\n\n\n<p class=\"wp-block-paragraph\">Erken fesih ola\u011fand\u0131\u015f\u0131 olmas\u0131na ra\u011fmen, daha b\u00fcy\u00fck \u00f6nlemlere yak\u0131ndan bakman\u0131n ne kadar \u00f6nemli oldu\u011funu da g\u00f6stermektedir: Hem Burgweg hem de drenaj, m\u00fcmk\u00fcn oldu\u011funca uzun s\u00fcre \u00e7al\u0131\u015fmas\u0131 gereken \u00f6nemli kamu fonlar\u0131 ve \u00e7\u00f6z\u00fcmleri ile ilgilidir.<\/p>\n\n\n\n<p class=\"wp-block-paragraph\"><\/p>","protected":false},"excerpt":{"rendered":"<p>Konsey \u00fcyeleri Dernbach belediye meclisinin son toplant\u0131s\u0131n\u0131 erken bitirmeye karar verdiler. Bunun nedeni, 19 A\u011fustos'taki f\u0131rt\u0131nan\u0131n neden oldu\u011fu elektrik kesintisiydi. * O zamana kadar, \u00e7e\u015fitli g\u00fcndem maddeleri tart\u0131\u015f\u0131labilir [\u2026]<\/p>","protected":false},"author":2,"featured_media":0,"comment_status":"closed","ping_status":"open","sticky":false,"template":"","format":"standard","meta":{"_price":"","_stock":"","_tribe_ticket_header":"","_tribe_default_ticket_provider":"","_tribe_ticket_capacity":"0","_ticket_start_date":"","_ticket_end_date":"","_tribe_ticket_show_description":"","_tribe_ticket_show_not_going":false,"_tribe_ticket_use_global_stock":"","_tribe_ticket_global_stock_level":"","_global_stock_mode":"","_global_stock_cap":"","_tribe_rsvp_for_event":"","_tribe_ticket_going_count":"","_tribe_ticket_not_going_count":"","_tribe_tickets_list":"[]","_tribe_ticket_has_attendee_info_fields":false,"_EventAllDay":false,"_EventTimezone":"","_EventStartDate":"","_EventEndDate":"","_EventStartDateUTC":"","_EventEndDateUTC":"","_EventShowMap":false,"_EventShowMapLink":false,"_EventURL":"","_EventCost":"","_EventCostDescription":"","_EventCurrencySymbol":"","_EventCurrencyCode":"","_EventCurrencyPosition":"","_EventDateTimeSeparator":"","_EventTimeRangeSeparator":"","_EventOrganizerID":[],"_EventVenueID":[],"_OrganizerEmail":"","_OrganizerPhone":"","_OrganizerWebsite":"","_VenueAddress":"","_VenueCity":"","_VenueCountry":"","_VenueProvince":"","_VenueState":"","_VenueZip":"","_VenuePhone":"","_VenueURL":"","_VenueStateProvince":"","_VenueLat":"","_VenueLng":"","_VenueShowMap":false,"_VenueShowMapLink":false,"footnotes":""},"categories":[10],"tags":[125,134,165,164],"class_list":["post-1704","post","type-post","status-publish","format-standard","hentry","category-neues-aus-dem-gemeinderat","tag-burgweg","tag-drainage","tag-grillhuette","tag-ratssitzung"],"aioseo_notices":[],"aioseo_head":"\n\t\t<!-- All in One SEO 5.0.1.1 - aioseo.com -->\n\t<meta name=\"description\" content=\"Die Ratsmitglieder entschieden, die j\u00fcngste Sitzung des Dernbacher Gemeinderats vorzeitig zu beenden. Grund daf\u00fcr war ein durch das Unwetter am 19. August verursachter Stromausfall. Bis dahin konnten mehrere Tagesordnungspunkte beraten und beschlossen werden. Sebastian Hausen r\u00fcckt nach Zu Beginn wurde Sebastian Hausen als Nachr\u00fccker in den Gemeinderat verpflichtet. Anschlie\u00dfend stand die Neuwahl verschiedener Ausschussmandate auf\" \/>\n\t<meta name=\"robots\" content=\"max-image-preview:large\" \/>\n\t<meta name=\"author\" content=\"GfD_Manuel\"\/>\n\t<link rel=\"canonical\" href=\"https:\/\/gemeinsam-fuer-dernbach.de\/tr\/neues-aus-dem-gemeinderat-unwetter-beendet-sitzung-vorzeitig\" \/>\n\t<meta name=\"generator\" content=\"All in One SEO (AIOSEO) 5.0.1.1\" \/>\n\t\t<meta property=\"og:locale\" content=\"tr_TR\" \/>\n\t\t<meta property=\"og:site_name\" content=\"Gemeinsam f\u00fcr Dernbach - Gemeinsam f\u00fcr Dernbach - Website der W\u00e4hlergruppe Jankowitsch\" \/>\n\t\t<meta property=\"og:type\" content=\"article\" \/>\n\t\t<meta property=\"og:title\" content=\"Unwetter beendet Sitzung vorzeitig - Gemeinsam f\u00fcr Dernbach\" \/>\n\t\t<meta property=\"og:description\" content=\"Die Ratsmitglieder entschieden, die j\u00fcngste Sitzung des Dernbacher Gemeinderats vorzeitig zu beenden. Grund daf\u00fcr war ein durch das Unwetter am 19. August verursachter Stromausfall. Bis dahin konnten mehrere Tagesordnungspunkte beraten und beschlossen werden. Sebastian Hausen r\u00fcckt nach Zu Beginn wurde Sebastian Hausen als Nachr\u00fccker in den Gemeinderat verpflichtet. Anschlie\u00dfend stand die Neuwahl verschiedener Ausschussmandate auf\" \/>\n\t\t<meta property=\"og:url\" content=\"https:\/\/gemeinsam-fuer-dernbach.de\/tr\/neues-aus-dem-gemeinderat-unwetter-beendet-sitzung-vorzeitig\" \/>\n\t\t<meta property=\"og:image\" content=\"https:\/\/gemeinsam-fuer-dernbach.de\/wp-content\/uploads\/2024\/12\/cropped-Button.png\" \/>\n\t\t<meta property=\"og:image:secure_url\" content=\"https:\/\/gemeinsam-fuer-dernbach.de\/wp-content\/uploads\/2024\/12\/cropped-Button.png\" \/>\n\t\t<meta property=\"og:image:width\" content=\"512\" \/>\n\t\t<meta property=\"og:image:height\" content=\"512\" \/>\n\t\t<meta property=\"article:published_time\" content=\"2026-09-03T19:33:40+00:00\" \/>\n\t\t<meta property=\"article:modified_time\" content=\"2026-09-03T19:55:08+00:00\" \/>\n\t\t<meta property=\"article:publisher\" content=\"https:\/\/www.facebook.com\/gemeinsam.fuer.dernbach\/\" \/>\n\t\t<meta name=\"twitter:card\" content=\"summary_large_image\" \/>\n\t\t<meta name=\"twitter:title\" content=\"Unwetter beendet Sitzung vorzeitig - Gemeinsam f\u00fcr Dernbach\" \/>\n\t\t<meta name=\"twitter:description\" content=\"Die Ratsmitglieder entschieden, die j\u00fcngste Sitzung des Dernbacher Gemeinderats vorzeitig zu beenden. Grund daf\u00fcr war ein durch das Unwetter am 19. August verursachter Stromausfall. Bis dahin konnten mehrere Tagesordnungspunkte beraten und beschlossen werden. Sebastian Hausen r\u00fcckt nach Zu Beginn wurde Sebastian Hausen als Nachr\u00fccker in den Gemeinderat verpflichtet. Anschlie\u00dfend stand die Neuwahl verschiedener Ausschussmandate auf\" \/>\n\t\t<meta name=\"twitter:image\" content=\"https:\/\/gemeinsam-fuer-dernbach.de\/wp-content\/uploads\/2024\/12\/cropped-Button.png\" \/>\n\t\t<script type=\"application\/ld+json\" class=\"aioseo-schema\">\n\t\t\t{\"@context\":\"https:\\\/\\\/schema.org\",\"@graph\":[{\"@type\":\"BlogPosting\",\"@id\":\"https:\\\/\\\/gemeinsam-fuer-dernbach.de\\\/tr\\\/neues-aus-dem-gemeinderat-unwetter-beendet-sitzung-vorzeitig#blogposting\",\"name\":\"Unwetter beendet Sitzung vorzeitig - Gemeinsam f\\u00fcr Dernbach\",\"headline\":\"Unwetter beendet Sitzung vorzeitig\",\"author\":{\"@id\":\"https:\\\/\\\/gemeinsam-fuer-dernbach.de\\\/tr\\\/author\\\/gfd_manuel#author\"},\"publisher\":{\"@id\":\"https:\\\/\\\/gemeinsam-fuer-dernbach.de\\\/tr\\\/#organization\"},\"image\":{\"@type\":\"ImageObject\",\"url\":\"https:\\\/\\\/gemeinsam-fuer-dernbach.de\\\/wp-content\\\/uploads\\\/2024\\\/12\\\/cropped-Button.png\",\"@id\":\"https:\\\/\\\/gemeinsam-fuer-dernbach.de\\\/tr\\\/#articleImage\",\"width\":512,\"height\":512,\"caption\":\"Gemeinsam f\\u00fcr Dernbach\"},\"datePublished\":\"2026-09-03T20:33:40+01:00\",\"dateModified\":\"2026-09-03T20:55:08+01:00\",\"inLanguage\":\"tr-TR\",\"mainEntityOfPage\":{\"@id\":\"https:\\\/\\\/gemeinsam-fuer-dernbach.de\\\/tr\\\/neues-aus-dem-gemeinderat-unwetter-beendet-sitzung-vorzeitig#webpage\"},\"isPartOf\":{\"@id\":\"https:\\\/\\\/gemeinsam-fuer-dernbach.de\\\/tr\\\/neues-aus-dem-gemeinderat-unwetter-beendet-sitzung-vorzeitig#webpage\"},\"articleSection\":\"Neues aus dem Gemeinderat, Burgweg, Drainage, Grillh\\u00fctte, Ratssitzung\"},{\"@type\":\"BreadcrumbList\",\"@id\":\"https:\\\/\\\/gemeinsam-fuer-dernbach.de\\\/tr\\\/neues-aus-dem-gemeinderat-unwetter-beendet-sitzung-vorzeitig#breadcrumblist\",\"itemListElement\":[{\"@type\":\"ListItem\",\"@id\":\"https:\\\/\\\/gemeinsam-fuer-dernbach.de\\\/tr#listItem\",\"position\":1,\"name\":\"Home\",\"item\":\"https:\\\/\\\/gemeinsam-fuer-dernbach.de\\\/tr\",\"nextItem\":{\"@type\":\"ListItem\",\"@id\":\"https:\\\/\\\/gemeinsam-fuer-dernbach.de\\\/tr\\\/category\\\/neues-aus-dem-gemeinderat#listItem\",\"name\":\"Neues aus dem Gemeinderat\"}},{\"@type\":\"ListItem\",\"@id\":\"https:\\\/\\\/gemeinsam-fuer-dernbach.de\\\/tr\\\/category\\\/neues-aus-dem-gemeinderat#listItem\",\"position\":2,\"name\":\"Neues aus dem Gemeinderat\",\"item\":\"https:\\\/\\\/gemeinsam-fuer-dernbach.de\\\/tr\\\/category\\\/neues-aus-dem-gemeinderat\",\"nextItem\":{\"@type\":\"ListItem\",\"@id\":\"https:\\\/\\\/gemeinsam-fuer-dernbach.de\\\/tr\\\/neues-aus-dem-gemeinderat-unwetter-beendet-sitzung-vorzeitig#listItem\",\"name\":\"Unwetter beendet Sitzung vorzeitig\"},\"previousItem\":{\"@type\":\"ListItem\",\"@id\":\"https:\\\/\\\/gemeinsam-fuer-dernbach.de\\\/tr#listItem\",\"name\":\"Home\"}},{\"@type\":\"ListItem\",\"@id\":\"https:\\\/\\\/gemeinsam-fuer-dernbach.de\\\/tr\\\/neues-aus-dem-gemeinderat-unwetter-beendet-sitzung-vorzeitig#listItem\",\"position\":3,\"name\":\"Unwetter beendet Sitzung vorzeitig\",\"previousItem\":{\"@type\":\"ListItem\",\"@id\":\"https:\\\/\\\/gemeinsam-fuer-dernbach.de\\\/tr\\\/category\\\/neues-aus-dem-gemeinderat#listItem\",\"name\":\"Neues aus dem Gemeinderat\"}}]},{\"@type\":\"Organization\",\"@id\":\"https:\\\/\\\/gemeinsam-fuer-dernbach.de\\\/tr\\\/#organization\",\"name\":\"Gemeinsam f\\u00fcr Dernbach\",\"description\":\"Gemeinsam f\\u00fcr Dernbach - Website der W\\u00e4hlergruppe Jankowitsch\",\"url\":\"https:\\\/\\\/gemeinsam-fuer-dernbach.de\\\/tr\\\/\",\"logo\":{\"@type\":\"ImageObject\",\"url\":\"https:\\\/\\\/gemeinsam-fuer-dernbach.de\\\/wp-content\\\/uploads\\\/2024\\\/12\\\/cropped-Button.png\",\"@id\":\"https:\\\/\\\/gemeinsam-fuer-dernbach.de\\\/tr\\\/neues-aus-dem-gemeinderat-unwetter-beendet-sitzung-vorzeitig\\\/#organizationLogo\",\"width\":512,\"height\":512,\"caption\":\"Gemeinsam f\\u00fcr Dernbach\"},\"image\":{\"@id\":\"https:\\\/\\\/gemeinsam-fuer-dernbach.de\\\/tr\\\/neues-aus-dem-gemeinderat-unwetter-beendet-sitzung-vorzeitig\\\/#organizationLogo\"},\"sameAs\":[\"https:\\\/\\\/www.facebook.com\\\/gemeinsam.fuer.dernbach\\\/\",\"https:\\\/\\\/www.instagram.com\\\/gemeinsam_fuer_dernbach\\\/\"]},{\"@type\":\"Person\",\"@id\":\"https:\\\/\\\/gemeinsam-fuer-dernbach.de\\\/tr\\\/author\\\/gfd_manuel#author\",\"url\":\"https:\\\/\\\/gemeinsam-fuer-dernbach.de\\\/tr\\\/author\\\/gfd_manuel\",\"name\":\"GfD_Manuel\"},{\"@type\":\"WebPage\",\"@id\":\"https:\\\/\\\/gemeinsam-fuer-dernbach.de\\\/tr\\\/neues-aus-dem-gemeinderat-unwetter-beendet-sitzung-vorzeitig#webpage\",\"url\":\"https:\\\/\\\/gemeinsam-fuer-dernbach.de\\\/tr\\\/neues-aus-dem-gemeinderat-unwetter-beendet-sitzung-vorzeitig\",\"name\":\"Unwetter beendet Sitzung vorzeitig - Gemeinsam f\\u00fcr Dernbach\",\"description\":\"Die Ratsmitglieder entschieden, die j\\u00fcngste Sitzung des Dernbacher Gemeinderats vorzeitig zu beenden. Grund daf\\u00fcr war ein durch das Unwetter am 19. August verursachter Stromausfall. Bis dahin konnten mehrere Tagesordnungspunkte beraten und beschlossen werden. Sebastian Hausen r\\u00fcckt nach Zu Beginn wurde Sebastian Hausen als Nachr\\u00fccker in den Gemeinderat verpflichtet. Anschlie\\u00dfend stand die Neuwahl verschiedener Ausschussmandate auf\",\"inLanguage\":\"tr-TR\",\"isPartOf\":{\"@id\":\"https:\\\/\\\/gemeinsam-fuer-dernbach.de\\\/tr\\\/#website\"},\"breadcrumb\":{\"@id\":\"https:\\\/\\\/gemeinsam-fuer-dernbach.de\\\/tr\\\/neues-aus-dem-gemeinderat-unwetter-beendet-sitzung-vorzeitig#breadcrumblist\"},\"author\":{\"@id\":\"https:\\\/\\\/gemeinsam-fuer-dernbach.de\\\/tr\\\/author\\\/gfd_manuel#author\"},\"creator\":{\"@id\":\"https:\\\/\\\/gemeinsam-fuer-dernbach.de\\\/tr\\\/author\\\/gfd_manuel#author\"},\"datePublished\":\"2026-09-03T20:33:40+01:00\",\"dateModified\":\"2026-09-03T20:55:08+01:00\"},{\"@type\":\"WebSite\",\"@id\":\"https:\\\/\\\/gemeinsam-fuer-dernbach.de\\\/tr\\\/#website\",\"url\":\"https:\\\/\\\/gemeinsam-fuer-dernbach.de\\\/tr\\\/\",\"name\":\"Gemeinsam f\\u00fcr Dernbach\",\"description\":\"Gemeinsam f\\u00fcr Dernbach - Website der W\\u00e4hlergruppe Jankowitsch\",\"inLanguage\":\"tr-TR\",\"publisher\":{\"@id\":\"https:\\\/\\\/gemeinsam-fuer-dernbach.de\\\/tr\\\/#organization\"}}]}\n\t\t<\/script>\n\t\t<!-- All in One SEO -->\n\n","aioseo_head_json":{"title":"Unwetter beendet Sitzung vorzeitig - Gemeinsam f\u00fcr Dernbach","description":"Die Ratsmitglieder entschieden, die j\u00fcngste Sitzung des Dernbacher Gemeinderats vorzeitig zu beenden. Grund daf\u00fcr war ein durch das Unwetter am 19. August verursachter Stromausfall. Bis dahin konnten mehrere Tagesordnungspunkte beraten und beschlossen werden. Sebastian Hausen r\u00fcckt nach Zu Beginn wurde Sebastian Hausen als Nachr\u00fccker in den Gemeinderat verpflichtet. Anschlie\u00dfend stand die Neuwahl verschiedener Ausschussmandate auf","canonical_url":"https:\/\/gemeinsam-fuer-dernbach.de\/tr\/neues-aus-dem-gemeinderat-unwetter-beendet-sitzung-vorzeitig","robots":"max-image-preview:large","keywords":"","webmasterTools":{"miscellaneous":""},"schema":{"@context":"https:\/\/schema.org","@graph":[{"@type":"BlogPosting","@id":"https:\/\/gemeinsam-fuer-dernbach.de\/tr\/neues-aus-dem-gemeinderat-unwetter-beendet-sitzung-vorzeitig#blogposting","name":"Unwetter beendet Sitzung vorzeitig - Gemeinsam f\u00fcr Dernbach","headline":"Unwetter beendet Sitzung vorzeitig","author":{"@id":"https:\/\/gemeinsam-fuer-dernbach.de\/tr\/author\/gfd_manuel#author"},"publisher":{"@id":"https:\/\/gemeinsam-fuer-dernbach.de\/tr\/#organization"},"image":{"@type":"ImageObject","url":"https:\/\/gemeinsam-fuer-dernbach.de\/wp-content\/uploads\/2024\/12\/cropped-Button.png","@id":"https:\/\/gemeinsam-fuer-dernbach.de\/tr\/#articleImage","width":512,"height":512,"caption":"Gemeinsam f\u00fcr Dernbach"},"datePublished":"2026-09-03T20:33:40+01:00","dateModified":"2026-09-03T20:55:08+01:00","inLanguage":"tr-TR","mainEntityOfPage":{"@id":"https:\/\/gemeinsam-fuer-dernbach.de\/tr\/neues-aus-dem-gemeinderat-unwetter-beendet-sitzung-vorzeitig#webpage"},"isPartOf":{"@id":"https:\/\/gemeinsam-fuer-dernbach.de\/tr\/neues-aus-dem-gemeinderat-unwetter-beendet-sitzung-vorzeitig#webpage"},"articleSection":"Neues aus dem Gemeinderat, Burgweg, Drainage, Grillh\u00fctte, Ratssitzung"},{"@type":"BreadcrumbList","@id":"https:\/\/gemeinsam-fuer-dernbach.de\/tr\/neues-aus-dem-gemeinderat-unwetter-beendet-sitzung-vorzeitig#breadcrumblist","itemListElement":[{"@type":"ListItem","@id":"https:\/\/gemeinsam-fuer-dernbach.de\/tr#listItem","position":1,"name":"Home","item":"https:\/\/gemeinsam-fuer-dernbach.de\/tr","nextItem":{"@type":"ListItem","@id":"https:\/\/gemeinsam-fuer-dernbach.de\/tr\/category\/neues-aus-dem-gemeinderat#listItem","name":"Neues aus dem Gemeinderat"}},{"@type":"ListItem","@id":"https:\/\/gemeinsam-fuer-dernbach.de\/tr\/category\/neues-aus-dem-gemeinderat#listItem","position":2,"name":"Neues aus dem Gemeinderat","item":"https:\/\/gemeinsam-fuer-dernbach.de\/tr\/category\/neues-aus-dem-gemeinderat","nextItem":{"@type":"ListItem","@id":"https:\/\/gemeinsam-fuer-dernbach.de\/tr\/neues-aus-dem-gemeinderat-unwetter-beendet-sitzung-vorzeitig#listItem","name":"Unwetter beendet Sitzung vorzeitig"},"previousItem":{"@type":"ListItem","@id":"https:\/\/gemeinsam-fuer-dernbach.de\/tr#listItem","name":"Home"}},{"@type":"ListItem","@id":"https:\/\/gemeinsam-fuer-dernbach.de\/tr\/neues-aus-dem-gemeinderat-unwetter-beendet-sitzung-vorzeitig#listItem","position":3,"name":"Unwetter beendet Sitzung vorzeitig","previousItem":{"@type":"ListItem","@id":"https:\/\/gemeinsam-fuer-dernbach.de\/tr\/category\/neues-aus-dem-gemeinderat#listItem","name":"Neues aus dem Gemeinderat"}}]},{"@type":"Organization","@id":"https:\/\/gemeinsam-fuer-dernbach.de\/tr\/#organization","name":"Gemeinsam f\u00fcr Dernbach","description":"Gemeinsam f\u00fcr Dernbach - Website der W\u00e4hlergruppe Jankowitsch","url":"https:\/\/gemeinsam-fuer-dernbach.de\/tr\/","logo":{"@type":"ImageObject","url":"https:\/\/gemeinsam-fuer-dernbach.de\/wp-content\/uploads\/2024\/12\/cropped-Button.png","@id":"https:\/\/gemeinsam-fuer-dernbach.de\/tr\/neues-aus-dem-gemeinderat-unwetter-beendet-sitzung-vorzeitig\/#organizationLogo","width":512,"height":512,"caption":"Gemeinsam f\u00fcr Dernbach"},"image":{"@id":"https:\/\/gemeinsam-fuer-dernbach.de\/tr\/neues-aus-dem-gemeinderat-unwetter-beendet-sitzung-vorzeitig\/#organizationLogo"},"sameAs":["https:\/\/www.facebook.com\/gemeinsam.fuer.dernbach\/","https:\/\/www.instagram.com\/gemeinsam_fuer_dernbach\/"]},{"@type":"Person","@id":"https:\/\/gemeinsam-fuer-dernbach.de\/tr\/author\/gfd_manuel#author","url":"https:\/\/gemeinsam-fuer-dernbach.de\/tr\/author\/gfd_manuel","name":"GfD_Manuel"},{"@type":"WebPage","@id":"https:\/\/gemeinsam-fuer-dernbach.de\/tr\/neues-aus-dem-gemeinderat-unwetter-beendet-sitzung-vorzeitig#webpage","url":"https:\/\/gemeinsam-fuer-dernbach.de\/tr\/neues-aus-dem-gemeinderat-unwetter-beendet-sitzung-vorzeitig","name":"Unwetter beendet Sitzung vorzeitig - Gemeinsam f\u00fcr Dernbach","description":"Die Ratsmitglieder entschieden, die j\u00fcngste Sitzung des Dernbacher Gemeinderats vorzeitig zu beenden. Grund daf\u00fcr war ein durch das Unwetter am 19. August verursachter Stromausfall. Bis dahin konnten mehrere Tagesordnungspunkte beraten und beschlossen werden. Sebastian Hausen r\u00fcckt nach Zu Beginn wurde Sebastian Hausen als Nachr\u00fccker in den Gemeinderat verpflichtet. Anschlie\u00dfend stand die Neuwahl verschiedener Ausschussmandate auf","inLanguage":"tr-TR","isPartOf":{"@id":"https:\/\/gemeinsam-fuer-dernbach.de\/tr\/#website"},"breadcrumb":{"@id":"https:\/\/gemeinsam-fuer-dernbach.de\/tr\/neues-aus-dem-gemeinderat-unwetter-beendet-sitzung-vorzeitig#breadcrumblist"},"author":{"@id":"https:\/\/gemeinsam-fuer-dernbach.de\/tr\/author\/gfd_manuel#author"},"creator":{"@id":"https:\/\/gemeinsam-fuer-dernbach.de\/tr\/author\/gfd_manuel#author"},"datePublished":"2026-09-03T20:33:40+01:00","dateModified":"2026-09-03T20:55:08+01:00"},{"@type":"WebSite","@id":"https:\/\/gemeinsam-fuer-dernbach.de\/tr\/#website","url":"https:\/\/gemeinsam-fuer-dernbach.de\/tr\/","name":"Gemeinsam f\u00fcr Dernbach","description":"Gemeinsam f\u00fcr Dernbach - Website der W\u00e4hlergruppe Jankowitsch","inLanguage":"tr-TR","publisher":{"@id":"https:\/\/gemeinsam-fuer-dernbach.de\/tr\/#organization"}}]},"og:locale":"tr_TR","og:site_name":"Gemeinsam f\u00fcr Dernbach - Gemeinsam f\u00fcr Dernbach - Website der W\u00e4hlergruppe Jankowitsch","og:type":"article","og:title":"Unwetter beendet Sitzung vorzeitig - Gemeinsam f\u00fcr Dernbach","og:description":"Die Ratsmitglieder entschieden, die j\u00fcngste Sitzung des Dernbacher Gemeinderats vorzeitig zu beenden. Grund daf\u00fcr war ein durch das Unwetter am 19. August verursachter Stromausfall. Bis dahin konnten mehrere Tagesordnungspunkte beraten und beschlossen werden. Sebastian Hausen r\u00fcckt nach Zu Beginn wurde Sebastian Hausen als Nachr\u00fccker in den Gemeinderat verpflichtet. Anschlie\u00dfend stand die Neuwahl verschiedener Ausschussmandate auf","og:url":"https:\/\/gemeinsam-fuer-dernbach.de\/tr\/neues-aus-dem-gemeinderat-unwetter-beendet-sitzung-vorzeitig","og:image":"https:\/\/gemeinsam-fuer-dernbach.de\/wp-content\/uploads\/2024\/12\/cropped-Button.png","og:image:secure_url":"https:\/\/gemeinsam-fuer-dernbach.de\/wp-content\/uploads\/2024\/12\/cropped-Button.png","og:image:width":512,"og:image:height":512,"article:published_time":"2026-09-03T19:33:40+00:00","article:modified_time":"2026-09-03T19:55:08+00:00","article:publisher":"https:\/\/www.facebook.com\/gemeinsam.fuer.dernbach\/","twitter:card":"summary_large_image","twitter:title":"Unwetter beendet Sitzung vorzeitig - Gemeinsam f\u00fcr Dernbach","twitter:description":"Die Ratsmitglieder entschieden, die j\u00fcngste Sitzung des Dernbacher Gemeinderats vorzeitig zu beenden. Grund daf\u00fcr war ein durch das Unwetter am 19. August verursachter Stromausfall. Bis dahin konnten mehrere Tagesordnungspunkte beraten und beschlossen werden. Sebastian Hausen r\u00fcckt nach Zu Beginn wurde Sebastian Hausen als Nachr\u00fccker in den Gemeinderat verpflichtet. Anschlie\u00dfend stand die Neuwahl verschiedener Ausschussmandate auf","twitter:image":"https:\/\/gemeinsam-fuer-dernbach.de\/wp-content\/uploads\/2024\/12\/cropped-Button.png"},"aioseo_meta_data":{"post_id":"1704","title":null,"description":null,"keywords":null,"keyphrases":{"focus":{"keyphrase":"","score":0,"analysis":{"keyphraseInTitle":{"score":0,"maxScore":9,"error":1}}},"additional":[]},"primary_term":null,"canonical_url":null,"og_title":null,"og_description":null,"og_object_type":"default","og_image_type":"default","og_image_url":null,"og_image_width":null,"og_image_height":null,"og_image_custom_url":null,"og_image_custom_fields":null,"og_video":"","og_custom_url":null,"og_article_section":null,"og_article_tags":null,"twitter_use_og":false,"twitter_card":"default","twitter_image_type":"default","twitter_image_url":null,"twitter_image_custom_url":null,"twitter_image_custom_fields":null,"twitter_title":null,"twitter_description":null,"schema":{"blockGraphs":[],"customGraphs":[],"default":{"data":{"Article":[],"Course":[],"Dataset":[],"FAQPage":[],"Movie":[],"Person":[],"Product":[],"ProductReview":[],"Car":[],"Recipe":[],"Service":[],"SoftwareApplication":[],"WebPage":[]},"graphName":"BlogPosting","isEnabled":true},"graphs":[]},"schema_type":"default","schema_type_options":null,"pillar_content":false,"robots_default":true,"robots_noindex":false,"robots_noarchive":false,"robots_nosnippet":false,"robots_nofollow":false,"robots_noimageindex":false,"robots_noodp":false,"robots_notranslate":false,"robots_max_snippet":"-1","robots_max_videopreview":"-1","robots_max_imagepreview":"large","priority":null,"frequency":"default","local_seo":null,"breadcrumb_settings":null,"limit_modified_date":false,"ai":{"faqs":[],"keyPoints":[],"schemas":[],"titles":[],"descriptions":[],"socialPosts":{"email":{"subject":"","preview":"","content":""},"linkedin":[],"twitter":[],"facebook":[],"instagram":[]}},"created":"2026-09-03 19:33:43","updated":"2026-09-03 22:27:28","seo_analyzer_scan_date":null,"focus_keyword":null,"additional_keywords":null,"truseo_locale":null},"aioseo_breadcrumb":"<div class=\"aioseo-breadcrumbs\"><span class=\"aioseo-breadcrumb\">\n\t\t\t<a href=\"https:\/\/gemeinsam-fuer-dernbach.de\/tr\" title=\"Home\">Home<\/a>\n\t\t<\/span><span class=\"aioseo-breadcrumb-separator\">&raquo;<\/span><span class=\"aioseo-breadcrumb\">\n\t\t\t<a href=\"https:\/\/gemeinsam-fuer-dernbach.de\/tr\/category\/neues-aus-dem-gemeinderat\" title=\"Neues aus dem Gemeinderat\">Neues aus dem Gemeinderat<\/a>\n\t\t<\/span><span class=\"aioseo-breadcrumb-separator\">&raquo;<\/span><span class=\"aioseo-breadcrumb\">\n\t\t\tUnwetter beendet Sitzung vorzeitig\n\t\t<\/span><\/div>","aioseo_breadcrumb_json":[{"label":"Home","link":"https:\/\/gemeinsam-fuer-dernbach.de\/tr"},{"label":"Neues aus dem Gemeinderat","link":"https:\/\/gemeinsam-fuer-dernbach.de\/tr\/category\/neues-aus-dem-gemeinderat"},{"label":"Unwetter beendet Sitzung vorzeitig","link":"https:\/\/gemeinsam-fuer-dernbach.de\/tr\/neues-aus-dem-gemeinderat-unwetter-beendet-sitzung-vorzeitig"}],"_links":{"self":[{"href":"https:\/\/gemeinsam-fuer-dernbach.de\/tr\/wp-json\/wp\/v2\/posts\/1704","targetHints":{"allow":["GET"]}}],"collection":[{"href":"https:\/\/gemeinsam-fuer-dernbach.de\/tr\/wp-json\/wp\/v2\/posts"}],"about":[{"href":"https:\/\/gemeinsam-fuer-dernbach.de\/tr\/wp-json\/wp\/v2\/types\/post"}],"author":[{"embeddable":true,"href":"https:\/\/gemeinsam-fuer-dernbach.de\/tr\/wp-json\/wp\/v2\/users\/2"}],"replies":[{"embeddable":true,"href":"https:\/\/gemeinsam-fuer-dernbach.de\/tr\/wp-json\/wp\/v2\/comments?post=1704"}],"version-history":[{"count":3,"href":"https:\/\/gemeinsam-fuer-dernbach.de\/tr\/wp-json\/wp\/v2\/posts\/1704\/revisions"}],"predecessor-version":[{"id":1707,"href":"https:\/\/gemeinsam-fuer-dernbach.de\/tr\/wp-json\/wp\/v2\/posts\/1704\/revisions\/1707"}],"wp:attachment":[{"href":"https:\/\/gemeinsam-fuer-dernbach.de\/tr\/wp-json\/wp\/v2\/media?parent=1704"}],"wp:term":[{"taxonomy":"category","embeddable":true,"href":"https:\/\/gemeinsam-fuer-dernbach.de\/tr\/wp-json\/wp\/v2\/categories?post=1704"},{"taxonomy":"post_tag","embeddable":true,"href":"https:\/\/gemeinsam-fuer-dernbach.de\/tr\/wp-json\/wp\/v2\/tags?post=1704"}],"curies":[{"name":"wp","href":"https:\/\/api.w.org\/{rel}","templated":true}]}}