{"id":340,"date":"2024-02-03T11:45:26","date_gmt":"2024-02-03T10:45:26","guid":{"rendered":"https:\/\/gemeinsam-fuer-dernbach.de\/?p=340"},"modified":"2025-03-07T20:12:32","modified_gmt":"2025-03-07T19:12:32","slug":"neue-buergerliste-stellt-sich-in-dernbach-auf","status":"publish","type":"post","link":"https:\/\/gemeinsam-fuer-dernbach.de\/tr\/neue-buergerliste-stellt-sich-in-dernbach-auf","title":{"rendered":"Dernbach'ta kurulan vatanda\u015flar\u0131n yeni listesi"},"content":{"rendered":"<p class=\"wp-block-paragraph\"><style>\/*! elementor - v3.19.0 - 29-01-2024 *\/<br \/>\n.elementor-widget-image{text-align:center}.elementor-widget-image a{display:inline-block}.elementor-widget-image a img[src$=\".svg\"]{width:48px}.elementor-widget-image img{vertical-align:middle;display:inline-block}<\/style><\/p>\n\n\n\n<figure class=\"wp-block-image\"><img decoding=\"async\" src=\"https:\/\/gemeinsam-fuer-dernbach.de\/wp-content\/uploads\/2024\/02\/Aufstellungsversammlung24012024_3.jpeg\" alt=\"\"\/><figcaption class=\"wp-element-caption\">Andreas Pandorf, J\u00fcrgen Heckenbach, Torsten Greinert, Frank K\u00f6hn, Silke Jankowitsch, Stefan G\u00f6rg, Roswitha K\u00e4stner, Stefan Heinz, Alessa Bode, Dr. Manuel Misgeld, Cosimo Jankowitsch (soldan sa\u011fa), resimde de\u011fil: Daniel Jung ve Gebhardt Schmidt<\/figcaption><\/figure>\n\n\n\n<p class=\"wp-block-paragraph\">60'tan fazla kat\u0131l\u0131mc\u0131 taban demokrasisi ya\u015fad\u0131 ve belediye meclisi se\u00e7imi i\u00e7in 13 aday se\u00e7ti.<\/p>\n\n\n\n<p class=\"wp-block-paragraph\">K\u00f6y i\u00e7in bir ilk: \u0130yi bir 60 vatanda\u015f 24 Ocak'ta Dernbach'ta \u00e7ok beklenen bir tak\u0131my\u0131ld\u0131z toplant\u0131s\u0131 i\u00e7in topland\u0131. A\u00e7\u0131k se\u00e7menlerin 'Gemeinsam f\u00fcr Dernbach' (Dernbach i\u00e7in Birlikte) aday olaca\u011f\u0131n\u0131 belirlediler. Meclis, Cosimo Jankovich\u2019i belediye ba\u015fkan\u0131 aday\u0131 olarak \u00f6nerdi. B\u00f6ylece soyad\u0131n\u0131 ta\u015f\u0131yaca\u011f\u0131 se\u00e7im listesinde birinci s\u0131rada yer ald\u0131.<\/p>\n\n\n\n<p class=\"wp-block-paragraph\">C. Jankowitsch\u2019in kat\u0131l\u0131m\u0131n\u0131n ard\u0131ndan Kroppach Belediye Ba\u015fkan\u0131 Michael Birk, g\u00fcndemde yetkin ve tarafs\u0131z bir toplant\u0131 lideri olarak liderlik etti ve d\u00fczenli prosed\u00fcre dikkat etti. Toplant\u0131da, kendilerini bizzat tan\u0131tan adaylar aday g\u00f6sterildi. Daha sonra, kat\u0131l\u0131mc\u0131 grubu t\u00fcm adaylar\u0131 gizli, e\u015fit ve acil bir se\u00e7imde do\u011frulad\u0131. Bu onlara vatanda\u015flar\u0131n\u0131 yerel mecliste temsil etme f\u0131rsat\u0131 verir. Jankovich kat\u0131l\u0131mc\u0131lara te\u015fekk\u00fcr etti: Bu demokratik s\u00fcrece aktif olarak kat\u0131lan 60 ki\u015fi, Dernbach'ta yeniden dirilen siyasi toplulu\u011fa i\u015faret etti. Burada herkes sayg\u0131l\u0131 ve kendine g\u00fcvenen bir atmosfere katk\u0131da bulundu. Tam da bu zamanlarda, kararl\u0131 vatanda\u015flar\u0131n demokrasi i\u00e7in ne kadar aya\u011fa kalkt\u0131klar\u0131 ve nas\u0131l ya\u015fad\u0131klar\u0131 konusunda hevesliyim.<\/p>\n\n\n\n<p class=\"wp-block-paragraph\">Di\u011fer adaylar belediye meclisine bir soluk getirmek istediklerini kabul ediyor ve vurguluyorlar. Son olarak, birbirlerini \u00e7ok \u00e7e\u015fitli deneyim, uzmanl\u0131k ve bak\u0131\u015f a\u00e7\u0131lar\u0131yla tamamlarlar. \u00c7e\u015fitlilikleri Dernbach belediyesinin renkli kar\u0131\u015f\u0131m\u0131n\u0131 yans\u0131t\u0131yor ve gelece\u011fe y\u00f6nelik ve kapsay\u0131c\u0131 bir temsil vaat ediyor. Bu nedenle, \"Yankovich Listesi\", \u015fimdiye kadar sadece bir CDU listesinin temsil edildi\u011fi 9 Haziran'da belediye meclisine ger\u00e7ek ve demokratik bir se\u00e7im sunmay\u0131 ama\u00e7lamaktad\u0131r.<\/p>\n\n\n\n<p class=\"wp-block-paragraph\">\"Together for Dernbach\" i\u00e7in meclis, s\u00fcrd\u00fcr\u00fclebilir bir Dernbach hakk\u0131ndaki fikirlerini te\u015fvik etmek i\u00e7in resmi bir ba\u015flang\u0131\u00e7 sinyalidir. Se\u00e7ilen adaylar, \u00f6n\u00fcm\u00fczdeki aylarda, gelecekte ya\u015famaya de\u011fer bir Dernbach'\u0131 birlikte \u015fekillendirmek istedikleri vizyonlar ve fikirler hakk\u0131nda vatanda\u015flarla yo\u011fun bir diyalo\u011fa girmeyi d\u00f6rt g\u00f6zle bekliyorlar.<\/p>\n\n\n\n<p class=\"wp-block-paragraph\">Daha fazla bilgi ve soru\u015fturma i\u00e7in, se\u00e7ilen adaylar mevcuttur.<\/p>","protected":false},"excerpt":{"rendered":"<p>\u0130yi bir 60 kararl\u0131 kat\u0131l\u0131mc\u0131 taban demokrasisini ya\u015fad\u0131 ve belediye meclisi se\u00e7imi i\u00e7in 13 aday se\u00e7ti. Bu k\u00f6y i\u00e7in bir ilkti: 60'tan fazla ki\u015fi kat\u0131ld\u0131 [...]<\/p>","protected":false},"author":1,"featured_media":0,"comment_status":"closed","ping_status":"open","sticky":false,"template":"","format":"standard","meta":{"_price":"","_stock":"","_tribe_ticket_header":"","_tribe_default_ticket_provider":"","_tribe_ticket_capacity":"0","_ticket_start_date":"","_ticket_end_date":"","_tribe_ticket_show_description":"","_tribe_ticket_show_not_going":false,"_tribe_ticket_use_global_stock":"","_tribe_ticket_global_stock_level":"","_global_stock_mode":"","_global_stock_cap":"","_tribe_rsvp_for_event":"","_tribe_ticket_going_count":"","_tribe_ticket_not_going_count":"","_tribe_tickets_list":"[]","_tribe_ticket_has_attendee_info_fields":false,"_EventAllDay":false,"_EventTimezone":"","_EventStartDate":"","_EventEndDate":"","_EventStartDateUTC":"","_EventEndDateUTC":"","_EventShowMap":false,"_EventShowMapLink":false,"_EventURL":"","_EventCost":"","_EventCostDescription":"","_EventCurrencySymbol":"","_EventCurrencyCode":"","_EventCurrencyPosition":"","_EventDateTimeSeparator":"","_EventTimeRangeSeparator":"","_EventOrganizerID":[],"_EventVenueID":[],"_OrganizerEmail":"","_OrganizerPhone":"","_OrganizerWebsite":"","_VenueAddress":"","_VenueCity":"","_VenueCountry":"","_VenueProvince":"","_VenueState":"","_VenueZip":"","_VenuePhone":"","_VenueURL":"","_VenueStateProvince":"","_VenueLat":"","_VenueLng":"","_VenueShowMap":false,"_VenueShowMapLink":false,"footnotes":""},"categories":[9],"tags":[],"class_list":["post-340","post","type-post","status-publish","format-standard","hentry","category-neues-von-uns"],"aioseo_notices":[],"aioseo_head":"\n\t\t<!-- All in One SEO 5.0.1.1 - aioseo.com -->\n\t<meta name=\"description\" content=\"Gut 60 engagierte Teilnehmende lebten Basisdemokratie und w\u00e4hlten 13 Kandierende f\u00fcr die Wahl des Gemeinderats. Es war eine Premiere f\u00fcr das Dorf: Gut 60 B\u00fcrgerinnen und B\u00fcrger fanden sich am 24. Januar in Dernbach zu einer mit Spannung erwarteten Aufstellungsversammlung ein. Sie bestimmten, wer f\u00fcr die offene W\u00e4hlergemeinschaft \u201eGemeinsam f\u00fcr Dernbach\u201c kandidiert. Die Versammlung schlug\" \/>\n\t<meta name=\"robots\" content=\"max-image-preview:large\" \/>\n\t<meta name=\"author\" content=\"GfD_Admin\"\/>\n\t<link rel=\"canonical\" href=\"https:\/\/gemeinsam-fuer-dernbach.de\/tr\/neue-buergerliste-stellt-sich-in-dernbach-auf\" \/>\n\t<meta name=\"generator\" content=\"All in One SEO (AIOSEO) 5.0.1.1\" \/>\n\t\t<meta property=\"og:locale\" content=\"tr_TR\" \/>\n\t\t<meta property=\"og:site_name\" content=\"Gemeinsam f\u00fcr Dernbach - Gemeinsam f\u00fcr Dernbach - Website der W\u00e4hlergruppe Jankowitsch\" \/>\n\t\t<meta property=\"og:type\" content=\"article\" \/>\n\t\t<meta property=\"og:title\" content=\"Neue B\u00fcrgerliste stellt sich in Dernbach auf - Gemeinsam f\u00fcr Dernbach\" \/>\n\t\t<meta property=\"og:description\" content=\"Gut 60 engagierte Teilnehmende lebten Basisdemokratie und w\u00e4hlten 13 Kandierende f\u00fcr die Wahl des Gemeinderats. Es war eine Premiere f\u00fcr das Dorf: Gut 60 B\u00fcrgerinnen und B\u00fcrger fanden sich am 24. Januar in Dernbach zu einer mit Spannung erwarteten Aufstellungsversammlung ein. Sie bestimmten, wer f\u00fcr die offene W\u00e4hlergemeinschaft \u201eGemeinsam f\u00fcr Dernbach\u201c kandidiert. Die Versammlung schlug\" \/>\n\t\t<meta property=\"og:url\" content=\"https:\/\/gemeinsam-fuer-dernbach.de\/tr\/neue-buergerliste-stellt-sich-in-dernbach-auf\" \/>\n\t\t<meta property=\"og:image\" content=\"https:\/\/gemeinsam-fuer-dernbach.de\/wp-content\/uploads\/2024\/12\/cropped-Button.png\" \/>\n\t\t<meta property=\"og:image:secure_url\" content=\"https:\/\/gemeinsam-fuer-dernbach.de\/wp-content\/uploads\/2024\/12\/cropped-Button.png\" \/>\n\t\t<meta property=\"og:image:width\" content=\"512\" \/>\n\t\t<meta property=\"og:image:height\" content=\"512\" \/>\n\t\t<meta property=\"article:published_time\" content=\"2024-02-03T10:45:26+00:00\" \/>\n\t\t<meta property=\"article:modified_time\" content=\"2025-03-07T19:12:32+00:00\" \/>\n\t\t<meta property=\"article:publisher\" content=\"https:\/\/www.facebook.com\/gemeinsam.fuer.dernbach\/\" \/>\n\t\t<meta name=\"twitter:card\" content=\"summary_large_image\" \/>\n\t\t<meta name=\"twitter:title\" content=\"Neue B\u00fcrgerliste stellt sich in Dernbach auf - Gemeinsam f\u00fcr Dernbach\" \/>\n\t\t<meta name=\"twitter:description\" content=\"Gut 60 engagierte Teilnehmende lebten Basisdemokratie und w\u00e4hlten 13 Kandierende f\u00fcr die Wahl des Gemeinderats. Es war eine Premiere f\u00fcr das Dorf: Gut 60 B\u00fcrgerinnen und B\u00fcrger fanden sich am 24. Januar in Dernbach zu einer mit Spannung erwarteten Aufstellungsversammlung ein. Sie bestimmten, wer f\u00fcr die offene W\u00e4hlergemeinschaft \u201eGemeinsam f\u00fcr Dernbach\u201c kandidiert. Die Versammlung schlug\" \/>\n\t\t<meta name=\"twitter:image\" content=\"https:\/\/gemeinsam-fuer-dernbach.de\/wp-content\/uploads\/2024\/12\/cropped-Button.png\" \/>\n\t\t<script type=\"application\/ld+json\" class=\"aioseo-schema\">\n\t\t\t{\"@context\":\"https:\\\/\\\/schema.org\",\"@graph\":[{\"@type\":\"BlogPosting\",\"@id\":\"https:\\\/\\\/gemeinsam-fuer-dernbach.de\\\/tr\\\/neue-buergerliste-stellt-sich-in-dernbach-auf#blogposting\",\"name\":\"Neue B\\u00fcrgerliste stellt sich in Dernbach auf - Gemeinsam f\\u00fcr Dernbach\",\"headline\":\"Neue B\\u00fcrgerliste stellt sich in Dernbach auf\",\"author\":{\"@id\":\"https:\\\/\\\/gemeinsam-fuer-dernbach.de\\\/tr\\\/author\\\/gfd_admin#author\"},\"publisher\":{\"@id\":\"https:\\\/\\\/gemeinsam-fuer-dernbach.de\\\/tr\\\/#organization\"},\"image\":{\"@type\":\"ImageObject\",\"url\":\"https:\\\/\\\/gemeinsam-fuer-dernbach.de\\\/wp-content\\\/uploads\\\/2024\\\/02\\\/Aufstellungsversammlung24012024_3.jpeg\",\"@id\":\"https:\\\/\\\/gemeinsam-fuer-dernbach.de\\\/tr\\\/neue-buergerliste-stellt-sich-in-dernbach-auf\\\/#articleImage\",\"width\":688,\"height\":325,\"caption\":\"Andreas Pandorf, J\\u00fcrgen Heckenbach, Torsten Greinert, Frank K\\u00f6hn, Silke Jankowitsch, Stefan G\\u00f6rg, Roswitha K\\u00e4stner, Stefan Heinz, Alessa Bode, Dr. Manuel Misgeld, Cosimo Jankowitsch (von links nach rechts), nicht im Bild: Daniel Jung, Gebhardt Schmidt\"},\"datePublished\":\"2024-02-03T11:45:26+01:00\",\"dateModified\":\"2025-03-07T20:12:32+01:00\",\"inLanguage\":\"tr-TR\",\"mainEntityOfPage\":{\"@id\":\"https:\\\/\\\/gemeinsam-fuer-dernbach.de\\\/tr\\\/neue-buergerliste-stellt-sich-in-dernbach-auf#webpage\"},\"isPartOf\":{\"@id\":\"https:\\\/\\\/gemeinsam-fuer-dernbach.de\\\/tr\\\/neue-buergerliste-stellt-sich-in-dernbach-auf#webpage\"},\"articleSection\":\"Neues von uns\"},{\"@type\":\"BreadcrumbList\",\"@id\":\"https:\\\/\\\/gemeinsam-fuer-dernbach.de\\\/tr\\\/neue-buergerliste-stellt-sich-in-dernbach-auf#breadcrumblist\",\"itemListElement\":[{\"@type\":\"ListItem\",\"@id\":\"https:\\\/\\\/gemeinsam-fuer-dernbach.de\\\/tr#listItem\",\"position\":1,\"name\":\"Home\",\"item\":\"https:\\\/\\\/gemeinsam-fuer-dernbach.de\\\/tr\",\"nextItem\":{\"@type\":\"ListItem\",\"@id\":\"https:\\\/\\\/gemeinsam-fuer-dernbach.de\\\/tr\\\/category\\\/neues-von-uns#listItem\",\"name\":\"Neues von uns\"}},{\"@type\":\"ListItem\",\"@id\":\"https:\\\/\\\/gemeinsam-fuer-dernbach.de\\\/tr\\\/category\\\/neues-von-uns#listItem\",\"position\":2,\"name\":\"Neues von uns\",\"item\":\"https:\\\/\\\/gemeinsam-fuer-dernbach.de\\\/tr\\\/category\\\/neues-von-uns\",\"nextItem\":{\"@type\":\"ListItem\",\"@id\":\"https:\\\/\\\/gemeinsam-fuer-dernbach.de\\\/tr\\\/neue-buergerliste-stellt-sich-in-dernbach-auf#listItem\",\"name\":\"Neue B\\u00fcrgerliste stellt sich in Dernbach auf\"},\"previousItem\":{\"@type\":\"ListItem\",\"@id\":\"https:\\\/\\\/gemeinsam-fuer-dernbach.de\\\/tr#listItem\",\"name\":\"Home\"}},{\"@type\":\"ListItem\",\"@id\":\"https:\\\/\\\/gemeinsam-fuer-dernbach.de\\\/tr\\\/neue-buergerliste-stellt-sich-in-dernbach-auf#listItem\",\"position\":3,\"name\":\"Neue B\\u00fcrgerliste stellt sich in Dernbach auf\",\"previousItem\":{\"@type\":\"ListItem\",\"@id\":\"https:\\\/\\\/gemeinsam-fuer-dernbach.de\\\/tr\\\/category\\\/neues-von-uns#listItem\",\"name\":\"Neues von uns\"}}]},{\"@type\":\"Organization\",\"@id\":\"https:\\\/\\\/gemeinsam-fuer-dernbach.de\\\/tr\\\/#organization\",\"name\":\"Gemeinsam f\\u00fcr Dernbach\",\"description\":\"Gemeinsam f\\u00fcr Dernbach - Website der W\\u00e4hlergruppe Jankowitsch\",\"url\":\"https:\\\/\\\/gemeinsam-fuer-dernbach.de\\\/tr\\\/\",\"logo\":{\"@type\":\"ImageObject\",\"url\":\"https:\\\/\\\/gemeinsam-fuer-dernbach.de\\\/wp-content\\\/uploads\\\/2024\\\/12\\\/cropped-Button.png\",\"@id\":\"https:\\\/\\\/gemeinsam-fuer-dernbach.de\\\/tr\\\/neue-buergerliste-stellt-sich-in-dernbach-auf\\\/#organizationLogo\",\"width\":512,\"height\":512,\"caption\":\"Gemeinsam f\\u00fcr Dernbach\"},\"image\":{\"@id\":\"https:\\\/\\\/gemeinsam-fuer-dernbach.de\\\/tr\\\/neue-buergerliste-stellt-sich-in-dernbach-auf\\\/#organizationLogo\"},\"sameAs\":[\"https:\\\/\\\/www.facebook.com\\\/gemeinsam.fuer.dernbach\\\/\",\"https:\\\/\\\/www.instagram.com\\\/gemeinsam_fuer_dernbach\\\/\"]},{\"@type\":\"Person\",\"@id\":\"https:\\\/\\\/gemeinsam-fuer-dernbach.de\\\/tr\\\/author\\\/gfd_admin#author\",\"url\":\"https:\\\/\\\/gemeinsam-fuer-dernbach.de\\\/tr\\\/author\\\/gfd_admin\",\"name\":\"GfD_Admin\"},{\"@type\":\"WebPage\",\"@id\":\"https:\\\/\\\/gemeinsam-fuer-dernbach.de\\\/tr\\\/neue-buergerliste-stellt-sich-in-dernbach-auf#webpage\",\"url\":\"https:\\\/\\\/gemeinsam-fuer-dernbach.de\\\/tr\\\/neue-buergerliste-stellt-sich-in-dernbach-auf\",\"name\":\"Neue B\\u00fcrgerliste stellt sich in Dernbach auf - Gemeinsam f\\u00fcr Dernbach\",\"description\":\"Gut 60 engagierte Teilnehmende lebten Basisdemokratie und w\\u00e4hlten 13 Kandierende f\\u00fcr die Wahl des Gemeinderats. Es war eine Premiere f\\u00fcr das Dorf: Gut 60 B\\u00fcrgerinnen und B\\u00fcrger fanden sich am 24. Januar in Dernbach zu einer mit Spannung erwarteten Aufstellungsversammlung ein. Sie bestimmten, wer f\\u00fcr die offene W\\u00e4hlergemeinschaft \\u201eGemeinsam f\\u00fcr Dernbach\\u201c kandidiert. Die Versammlung schlug\",\"inLanguage\":\"tr-TR\",\"isPartOf\":{\"@id\":\"https:\\\/\\\/gemeinsam-fuer-dernbach.de\\\/tr\\\/#website\"},\"breadcrumb\":{\"@id\":\"https:\\\/\\\/gemeinsam-fuer-dernbach.de\\\/tr\\\/neue-buergerliste-stellt-sich-in-dernbach-auf#breadcrumblist\"},\"author\":{\"@id\":\"https:\\\/\\\/gemeinsam-fuer-dernbach.de\\\/tr\\\/author\\\/gfd_admin#author\"},\"creator\":{\"@id\":\"https:\\\/\\\/gemeinsam-fuer-dernbach.de\\\/tr\\\/author\\\/gfd_admin#author\"},\"datePublished\":\"2024-02-03T11:45:26+01:00\",\"dateModified\":\"2025-03-07T20:12:32+01:00\"},{\"@type\":\"WebSite\",\"@id\":\"https:\\\/\\\/gemeinsam-fuer-dernbach.de\\\/tr\\\/#website\",\"url\":\"https:\\\/\\\/gemeinsam-fuer-dernbach.de\\\/tr\\\/\",\"name\":\"Gemeinsam f\\u00fcr Dernbach\",\"description\":\"Gemeinsam f\\u00fcr Dernbach - Website der W\\u00e4hlergruppe Jankowitsch\",\"inLanguage\":\"tr-TR\",\"publisher\":{\"@id\":\"https:\\\/\\\/gemeinsam-fuer-dernbach.de\\\/tr\\\/#organization\"}}]}\n\t\t<\/script>\n\t\t<!-- All in One SEO -->\n\n","aioseo_head_json":{"title":"Neue B\u00fcrgerliste stellt sich in Dernbach auf - Gemeinsam f\u00fcr Dernbach","description":"Gut 60 engagierte Teilnehmende lebten Basisdemokratie und w\u00e4hlten 13 Kandierende f\u00fcr die Wahl des Gemeinderats. Es war eine Premiere f\u00fcr das Dorf: Gut 60 B\u00fcrgerinnen und B\u00fcrger fanden sich am 24. Januar in Dernbach zu einer mit Spannung erwarteten Aufstellungsversammlung ein. Sie bestimmten, wer f\u00fcr die offene W\u00e4hlergemeinschaft \u201eGemeinsam f\u00fcr Dernbach\u201c kandidiert. Die Versammlung schlug","canonical_url":"https:\/\/gemeinsam-fuer-dernbach.de\/tr\/neue-buergerliste-stellt-sich-in-dernbach-auf","robots":"max-image-preview:large","keywords":"","webmasterTools":{"miscellaneous":""},"schema":{"@context":"https:\/\/schema.org","@graph":[{"@type":"BlogPosting","@id":"https:\/\/gemeinsam-fuer-dernbach.de\/tr\/neue-buergerliste-stellt-sich-in-dernbach-auf#blogposting","name":"Neue B\u00fcrgerliste stellt sich in Dernbach auf - Gemeinsam f\u00fcr Dernbach","headline":"Neue B\u00fcrgerliste stellt sich in Dernbach auf","author":{"@id":"https:\/\/gemeinsam-fuer-dernbach.de\/tr\/author\/gfd_admin#author"},"publisher":{"@id":"https:\/\/gemeinsam-fuer-dernbach.de\/tr\/#organization"},"image":{"@type":"ImageObject","url":"https:\/\/gemeinsam-fuer-dernbach.de\/wp-content\/uploads\/2024\/02\/Aufstellungsversammlung24012024_3.jpeg","@id":"https:\/\/gemeinsam-fuer-dernbach.de\/tr\/neue-buergerliste-stellt-sich-in-dernbach-auf\/#articleImage","width":688,"height":325,"caption":"Andreas Pandorf, J\u00fcrgen Heckenbach, Torsten Greinert, Frank K\u00f6hn, Silke Jankowitsch, Stefan G\u00f6rg, Roswitha K\u00e4stner, Stefan Heinz, Alessa Bode, Dr. Manuel Misgeld, Cosimo Jankowitsch (von links nach rechts), nicht im Bild: Daniel Jung, Gebhardt Schmidt"},"datePublished":"2024-02-03T11:45:26+01:00","dateModified":"2025-03-07T20:12:32+01:00","inLanguage":"tr-TR","mainEntityOfPage":{"@id":"https:\/\/gemeinsam-fuer-dernbach.de\/tr\/neue-buergerliste-stellt-sich-in-dernbach-auf#webpage"},"isPartOf":{"@id":"https:\/\/gemeinsam-fuer-dernbach.de\/tr\/neue-buergerliste-stellt-sich-in-dernbach-auf#webpage"},"articleSection":"Neues von uns"},{"@type":"BreadcrumbList","@id":"https:\/\/gemeinsam-fuer-dernbach.de\/tr\/neue-buergerliste-stellt-sich-in-dernbach-auf#breadcrumblist","itemListElement":[{"@type":"ListItem","@id":"https:\/\/gemeinsam-fuer-dernbach.de\/tr#listItem","position":1,"name":"Home","item":"https:\/\/gemeinsam-fuer-dernbach.de\/tr","nextItem":{"@type":"ListItem","@id":"https:\/\/gemeinsam-fuer-dernbach.de\/tr\/category\/neues-von-uns#listItem","name":"Neues von uns"}},{"@type":"ListItem","@id":"https:\/\/gemeinsam-fuer-dernbach.de\/tr\/category\/neues-von-uns#listItem","position":2,"name":"Neues von uns","item":"https:\/\/gemeinsam-fuer-dernbach.de\/tr\/category\/neues-von-uns","nextItem":{"@type":"ListItem","@id":"https:\/\/gemeinsam-fuer-dernbach.de\/tr\/neue-buergerliste-stellt-sich-in-dernbach-auf#listItem","name":"Neue B\u00fcrgerliste stellt sich in Dernbach auf"},"previousItem":{"@type":"ListItem","@id":"https:\/\/gemeinsam-fuer-dernbach.de\/tr#listItem","name":"Home"}},{"@type":"ListItem","@id":"https:\/\/gemeinsam-fuer-dernbach.de\/tr\/neue-buergerliste-stellt-sich-in-dernbach-auf#listItem","position":3,"name":"Neue B\u00fcrgerliste stellt sich in Dernbach auf","previousItem":{"@type":"ListItem","@id":"https:\/\/gemeinsam-fuer-dernbach.de\/tr\/category\/neues-von-uns#listItem","name":"Neues von uns"}}]},{"@type":"Organization","@id":"https:\/\/gemeinsam-fuer-dernbach.de\/tr\/#organization","name":"Gemeinsam f\u00fcr Dernbach","description":"Gemeinsam f\u00fcr Dernbach - Website der W\u00e4hlergruppe Jankowitsch","url":"https:\/\/gemeinsam-fuer-dernbach.de\/tr\/","logo":{"@type":"ImageObject","url":"https:\/\/gemeinsam-fuer-dernbach.de\/wp-content\/uploads\/2024\/12\/cropped-Button.png","@id":"https:\/\/gemeinsam-fuer-dernbach.de\/tr\/neue-buergerliste-stellt-sich-in-dernbach-auf\/#organizationLogo","width":512,"height":512,"caption":"Gemeinsam f\u00fcr Dernbach"},"image":{"@id":"https:\/\/gemeinsam-fuer-dernbach.de\/tr\/neue-buergerliste-stellt-sich-in-dernbach-auf\/#organizationLogo"},"sameAs":["https:\/\/www.facebook.com\/gemeinsam.fuer.dernbach\/","https:\/\/www.instagram.com\/gemeinsam_fuer_dernbach\/"]},{"@type":"Person","@id":"https:\/\/gemeinsam-fuer-dernbach.de\/tr\/author\/gfd_admin#author","url":"https:\/\/gemeinsam-fuer-dernbach.de\/tr\/author\/gfd_admin","name":"GfD_Admin"},{"@type":"WebPage","@id":"https:\/\/gemeinsam-fuer-dernbach.de\/tr\/neue-buergerliste-stellt-sich-in-dernbach-auf#webpage","url":"https:\/\/gemeinsam-fuer-dernbach.de\/tr\/neue-buergerliste-stellt-sich-in-dernbach-auf","name":"Neue B\u00fcrgerliste stellt sich in Dernbach auf - Gemeinsam f\u00fcr Dernbach","description":"Gut 60 engagierte Teilnehmende lebten Basisdemokratie und w\u00e4hlten 13 Kandierende f\u00fcr die Wahl des Gemeinderats. Es war eine Premiere f\u00fcr das Dorf: Gut 60 B\u00fcrgerinnen und B\u00fcrger fanden sich am 24. Januar in Dernbach zu einer mit Spannung erwarteten Aufstellungsversammlung ein. Sie bestimmten, wer f\u00fcr die offene W\u00e4hlergemeinschaft \u201eGemeinsam f\u00fcr Dernbach\u201c kandidiert. Die Versammlung schlug","inLanguage":"tr-TR","isPartOf":{"@id":"https:\/\/gemeinsam-fuer-dernbach.de\/tr\/#website"},"breadcrumb":{"@id":"https:\/\/gemeinsam-fuer-dernbach.de\/tr\/neue-buergerliste-stellt-sich-in-dernbach-auf#breadcrumblist"},"author":{"@id":"https:\/\/gemeinsam-fuer-dernbach.de\/tr\/author\/gfd_admin#author"},"creator":{"@id":"https:\/\/gemeinsam-fuer-dernbach.de\/tr\/author\/gfd_admin#author"},"datePublished":"2024-02-03T11:45:26+01:00","dateModified":"2025-03-07T20:12:32+01:00"},{"@type":"WebSite","@id":"https:\/\/gemeinsam-fuer-dernbach.de\/tr\/#website","url":"https:\/\/gemeinsam-fuer-dernbach.de\/tr\/","name":"Gemeinsam f\u00fcr Dernbach","description":"Gemeinsam f\u00fcr Dernbach - Website der W\u00e4hlergruppe Jankowitsch","inLanguage":"tr-TR","publisher":{"@id":"https:\/\/gemeinsam-fuer-dernbach.de\/tr\/#organization"}}]},"og:locale":"tr_TR","og:site_name":"Gemeinsam f\u00fcr Dernbach - Gemeinsam f\u00fcr Dernbach - Website der W\u00e4hlergruppe Jankowitsch","og:type":"article","og:title":"Neue B\u00fcrgerliste stellt sich in Dernbach auf - Gemeinsam f\u00fcr Dernbach","og:description":"Gut 60 engagierte Teilnehmende lebten Basisdemokratie und w\u00e4hlten 13 Kandierende f\u00fcr die Wahl des Gemeinderats. Es war eine Premiere f\u00fcr das Dorf: Gut 60 B\u00fcrgerinnen und B\u00fcrger fanden sich am 24. Januar in Dernbach zu einer mit Spannung erwarteten Aufstellungsversammlung ein. Sie bestimmten, wer f\u00fcr die offene W\u00e4hlergemeinschaft \u201eGemeinsam f\u00fcr Dernbach\u201c kandidiert. Die Versammlung schlug","og:url":"https:\/\/gemeinsam-fuer-dernbach.de\/tr\/neue-buergerliste-stellt-sich-in-dernbach-auf","og:image":"https:\/\/gemeinsam-fuer-dernbach.de\/wp-content\/uploads\/2024\/12\/cropped-Button.png","og:image:secure_url":"https:\/\/gemeinsam-fuer-dernbach.de\/wp-content\/uploads\/2024\/12\/cropped-Button.png","og:image:width":512,"og:image:height":512,"article:published_time":"2024-02-03T10:45:26+00:00","article:modified_time":"2025-03-07T19:12:32+00:00","article:publisher":"https:\/\/www.facebook.com\/gemeinsam.fuer.dernbach\/","twitter:card":"summary_large_image","twitter:title":"Neue B\u00fcrgerliste stellt sich in Dernbach auf - Gemeinsam f\u00fcr Dernbach","twitter:description":"Gut 60 engagierte Teilnehmende lebten Basisdemokratie und w\u00e4hlten 13 Kandierende f\u00fcr die Wahl des Gemeinderats. Es war eine Premiere f\u00fcr das Dorf: Gut 60 B\u00fcrgerinnen und B\u00fcrger fanden sich am 24. Januar in Dernbach zu einer mit Spannung erwarteten Aufstellungsversammlung ein. Sie bestimmten, wer f\u00fcr die offene W\u00e4hlergemeinschaft \u201eGemeinsam f\u00fcr Dernbach\u201c kandidiert. Die Versammlung schlug","twitter:image":"https:\/\/gemeinsam-fuer-dernbach.de\/wp-content\/uploads\/2024\/12\/cropped-Button.png"},"aioseo_meta_data":{"post_id":"340","title":null,"description":null,"keywords":null,"keyphrases":{"focus":[],"additional":[]},"primary_term":null,"canonical_url":null,"og_title":null,"og_description":null,"og_object_type":"default","og_image_type":"default","og_image_url":null,"og_image_width":null,"og_image_height":null,"og_image_custom_url":null,"og_image_custom_fields":null,"og_video":null,"og_custom_url":null,"og_article_section":null,"og_article_tags":null,"twitter_use_og":false,"twitter_card":"default","twitter_image_type":"default","twitter_image_url":null,"twitter_image_custom_url":null,"twitter_image_custom_fields":null,"twitter_title":null,"twitter_description":null,"schema":{"blockGraphs":[],"customGraphs":[],"default":{"data":{"Article":[],"Course":[],"Dataset":[],"FAQPage":[],"Movie":[],"Person":[],"Product":[],"ProductReview":[],"Car":[],"Recipe":[],"Service":[],"SoftwareApplication":[],"WebPage":[]},"graphName":"","isEnabled":true},"graphs":[]},"schema_type":"default","schema_type_options":null,"pillar_content":false,"robots_default":true,"robots_noindex":false,"robots_noarchive":false,"robots_nosnippet":false,"robots_nofollow":false,"robots_noimageindex":false,"robots_noodp":false,"robots_notranslate":false,"robots_max_snippet":null,"robots_max_videopreview":null,"robots_max_imagepreview":"large","priority":null,"frequency":null,"local_seo":null,"breadcrumb_settings":null,"limit_modified_date":false,"ai":null,"created":"2025-06-24 20:04:55","updated":"2026-09-03 19:35:13","seo_analyzer_scan_date":null,"focus_keyword":null,"additional_keywords":null,"truseo_locale":null},"aioseo_breadcrumb":"<div class=\"aioseo-breadcrumbs\"><span class=\"aioseo-breadcrumb\">\n\t\t\t<a href=\"https:\/\/gemeinsam-fuer-dernbach.de\/tr\" title=\"Home\">Home<\/a>\n\t\t<\/span><span class=\"aioseo-breadcrumb-separator\">&raquo;<\/span><span class=\"aioseo-breadcrumb\">\n\t\t\t<a href=\"https:\/\/gemeinsam-fuer-dernbach.de\/tr\/category\/neues-von-uns\" title=\"Neues von uns\">Neues von uns<\/a>\n\t\t<\/span><span class=\"aioseo-breadcrumb-separator\">&raquo;<\/span><span class=\"aioseo-breadcrumb\">\n\t\t\tNeue B\u00fcrgerliste stellt sich in Dernbach auf\n\t\t<\/span><\/div>","aioseo_breadcrumb_json":[{"label":"Home","link":"https:\/\/gemeinsam-fuer-dernbach.de\/tr"},{"label":"Neues von uns","link":"https:\/\/gemeinsam-fuer-dernbach.de\/tr\/category\/neues-von-uns"},{"label":"Neue B\u00fcrgerliste stellt sich in Dernbach auf","link":"https:\/\/gemeinsam-fuer-dernbach.de\/tr\/neue-buergerliste-stellt-sich-in-dernbach-auf"}],"_links":{"self":[{"href":"https:\/\/gemeinsam-fuer-dernbach.de\/tr\/wp-json\/wp\/v2\/posts\/340","targetHints":{"allow":["GET"]}}],"collection":[{"href":"https:\/\/gemeinsam-fuer-dernbach.de\/tr\/wp-json\/wp\/v2\/posts"}],"about":[{"href":"https:\/\/gemeinsam-fuer-dernbach.de\/tr\/wp-json\/wp\/v2\/types\/post"}],"author":[{"embeddable":true,"href":"https:\/\/gemeinsam-fuer-dernbach.de\/tr\/wp-json\/wp\/v2\/users\/1"}],"replies":[{"embeddable":true,"href":"https:\/\/gemeinsam-fuer-dernbach.de\/tr\/wp-json\/wp\/v2\/comments?post=340"}],"version-history":[{"count":5,"href":"https:\/\/gemeinsam-fuer-dernbach.de\/tr\/wp-json\/wp\/v2\/posts\/340\/revisions"}],"predecessor-version":[{"id":1197,"href":"https:\/\/gemeinsam-fuer-dernbach.de\/tr\/wp-json\/wp\/v2\/posts\/340\/revisions\/1197"}],"wp:attachment":[{"href":"https:\/\/gemeinsam-fuer-dernbach.de\/tr\/wp-json\/wp\/v2\/media?parent=340"}],"wp:term":[{"taxonomy":"category","embeddable":true,"href":"https:\/\/gemeinsam-fuer-dernbach.de\/tr\/wp-json\/wp\/v2\/categories?post=340"},{"taxonomy":"post_tag","embeddable":true,"href":"https:\/\/gemeinsam-fuer-dernbach.de\/tr\/wp-json\/wp\/v2\/tags?post=340"}],"curies":[{"name":"wp","href":"https:\/\/api.w.org\/{rel}","templated":true}]}}