{"id":678,"date":"2024-09-04T15:51:38","date_gmt":"2024-09-04T14:51:38","guid":{"rendered":"https:\/\/gemeinsam-fuer-dernbach.de\/?p=678"},"modified":"2025-07-01T22:35:32","modified_gmt":"2025-07-01T21:35:32","slug":"ein-blick-auf-unsere-erste-ratssitzung","status":"publish","type":"post","link":"https:\/\/gemeinsam-fuer-dernbach.de\/tr\/ein-blick-auf-unsere-erste-ratssitzung","title":{"rendered":"\u0130lk toplant\u0131m\u0131za bir g\u00f6z at\u0131n"},"content":{"rendered":"<p class=\"wp-block-paragraph\">28 A\u011fustos 2024'te, yeni se\u00e7ilen belediye meclisinin ilk toplant\u0131s\u0131 Dernbach'\u0131n toplum merkezinde ger\u00e7ekle\u015fti. Biz, \u00fcyeleri <strong>Yankovi\u00e7 se\u00e7im grubu<\/strong>, Alt\u0131m\u0131z\u0131n yeni Konsey \u00fcyesi olarak atanm\u0131\u015f olmas\u0131ndan memnunuz. Bu, toplulu\u011fumuzu aktif olarak \u015fekillendirme ve Dernbach vatanda\u015flar\u0131n\u0131n \u00e7\u0131karlar\u0131n\u0131 temsil etme yolunda \u00f6nemli bir ad\u0131md\u0131r.<\/p>\n\n\n\n<h2 class=\"wp-block-heading\"><strong>\u0130lk personel kararlar\u0131 \u2014 yeni bir ba\u015flang\u0131\u00e7?<\/strong><\/h2>\n\n\n\n<p class=\"wp-block-paragraph\">Yeniden se\u00e7ilen belediye ba\u015fkan\u0131 Ferdi D\u00fcber ve CDU parlamento grubu bize iyi bir i\u015fbirli\u011fi s\u00f6z\u00fc verdi. Bunu g\u00f6z \u00f6n\u00fcnde bulundurarak, ilk iki orta\u011f\u0131n (ve belediye ba\u015fkan\u0131n\u0131n temsilcilerinin) se\u00e7imlerinde CDU parlamenter grubuyla da oy kulland\u0131k. Her iki siyasi grup taraf\u0131ndan \u00f6nerilen komite \u00fcyelerinin listesi oybirli\u011fiyle kabul edildi.<\/p>\n\n\n\n<p class=\"wp-block-paragraph\">Konsey'deki oylar\u0131n ve sandalyelerin neredeyse \u00fc\u00e7te biri ile iyi se\u00e7im sonucumuza ra\u011fmen, \u00fc\u00e7\u00fcnc\u00fc ortak pozisyonu da CDU'nun bir aday\u0131na verildi. Gebhard Schmidt\u2019i kan\u0131tlanm\u0131\u015f liderlik kalitesine sahip kararl\u0131 ve y\u00fcksek nitelikli bir aday olarak se\u00e7me teklifimizin, CDU parlamenter grubu taraf\u0131ndan oybirli\u011fiyle reddedilmesi \u00f6zellikle \u00fcz\u00fcc\u00fc.<\/p>\n\n\n\n<p class=\"wp-block-paragraph\"><style>\/*! elementor - v3.23.0 - 05-08-2024 *\/<br \/>\n.elementor-widget-image{text-align:center}.elementor-widget-image a{display:inline-block}.elementor-widget-image a img[src$=\".svg\"]{width:48px}.elementor-widget-image img{vertical-align:middle;display:inline-block}<\/style><\/p>\n\n\n\n<figure class=\"wp-block-image\"><img decoding=\"async\" src=\"https:\/\/gemeinsam-fuer-dernbach.de\/wp-content\/uploads\/2024\/09\/BuergermeisterBeigeordnete.jpg-1024x664.jpeg\" alt=\"Dernbach belediye ba\u015fkan\u0131 ve VG-Wirges\u2019in ilk milletvekili ile yeni se\u00e7ilen milletvekili\"\/><figcaption class=\"wp-element-caption\">Yerel belediye ba\u015fkan\u0131 (orta) ve VG-Wirges\u2019in ilk yard\u0131mc\u0131s\u0131 (sa\u011fda) ile yeni se\u00e7ilen ortaklar \u2014 t\u00fcm CDU'lar<\/figcaption><\/figure>\n\n\n\n<h2 class=\"wp-block-heading\"><strong>S\u0131rada ne var?<\/strong><\/h2>\n\n\n\n<p class=\"wp-block-paragraph\">Bu sonu\u00e7 bizi endi\u015felendiriyor ve duyurulan iyi i\u015fbirli\u011finin pratikte nas\u0131l g\u00f6r\u00fcnece\u011fini g\u00f6rmekten heyecan duyuyoruz. Her hal\u00fckarda, Cosimo'nun grup liderimiz olarak belediye ba\u015fkan\u0131 ve belediye ba\u015fkan yard\u0131mc\u0131lar\u0131yla toplant\u0131lara kat\u0131labilece\u011fi \u00f6nerisini memnuniyetle kabul ediyoruz. Bu bize fikir ve endi\u015felerimize do\u011frudan katk\u0131da bulunma ve belirleyici noktalarda duyulma f\u0131rsat\u0131 verir. T\u00fcm Konsey \u00fcyeleri ve \u00fcst y\u00f6netimle yap\u0131c\u0131 bir \u015fekilde \u00e7al\u0131\u015fmaya haz\u0131r\u0131z ve bunun kar\u015f\u0131l\u0131kl\u0131l\u0131k temelinde olmas\u0131n\u0131 umuyoruz.<\/p>\n\n\n\n<p class=\"wp-block-paragraph\">Amac\u0131m\u0131z, t\u00fcm Dernbachers'\u0131 konsey \u00e7al\u0131\u015fmalar\u0131m\u0131z hakk\u0131nda d\u00fczenli olarak bilgilendirmektir. T\u00fcm ilgili taraflar\u0131 bizimle ilgilenmeye ve fikirlerine katk\u0131da bulunmaya davet ediyoruz, b\u00f6ylece birlikte ya\u015fanabilir ve s\u00fcrd\u00fcr\u00fclebilir bir k\u00f6y yaratabiliriz.<\/p>","protected":false},"excerpt":{"rendered":"<p>28 A\u011fustos 2024'te, yeni se\u00e7ilen belediye meclisinin ilk toplant\u0131s\u0131 Dernbach belediye merkezinde ger\u00e7ekle\u015fti. Biz, Jankovich se\u00e7im b\u00f6lgesi \u00fcyeleri, alt\u0131m\u0131z\u0131n [...]<\/p>","protected":false},"author":2,"featured_media":0,"comment_status":"closed","ping_status":"open","sticky":false,"template":"","format":"standard","meta":{"_price":"","_stock":"","_tribe_ticket_header":"","_tribe_default_ticket_provider":"","_tribe_ticket_capacity":"0","_ticket_start_date":"","_ticket_end_date":"","_tribe_ticket_show_description":"","_tribe_ticket_show_not_going":false,"_tribe_ticket_use_global_stock":"","_tribe_ticket_global_stock_level":"","_global_stock_mode":"","_global_stock_cap":"","_tribe_rsvp_for_event":"","_tribe_ticket_going_count":"","_tribe_ticket_not_going_count":"","_tribe_tickets_list":"[]","_tribe_ticket_has_attendee_info_fields":false,"_EventAllDay":false,"_EventTimezone":"","_EventStartDate":"","_EventEndDate":"","_EventStartDateUTC":"","_EventEndDateUTC":"","_EventShowMap":false,"_EventShowMapLink":false,"_EventURL":"","_EventCost":"","_EventCostDescription":"","_EventCurrencySymbol":"","_EventCurrencyCode":"","_EventCurrencyPosition":"","_EventDateTimeSeparator":"","_EventTimeRangeSeparator":"","_EventOrganizerID":[],"_EventVenueID":[],"_OrganizerEmail":"","_OrganizerPhone":"","_OrganizerWebsite":"","_VenueAddress":"","_VenueCity":"","_VenueCountry":"","_VenueProvince":"","_VenueState":"","_VenueZip":"","_VenuePhone":"","_VenueURL":"","_VenueStateProvince":"","_VenueLat":"","_VenueLng":"","_VenueShowMap":false,"_VenueShowMapLink":false,"footnotes":""},"categories":[10,9],"tags":[111,137],"class_list":["post-678","post","type-post","status-publish","format-standard","hentry","category-neues-aus-dem-gemeinderat","category-neues-von-uns","tag-ausschuesse","tag-beigeordnete"],"aioseo_notices":[],"aioseo_head":"\n\t\t<!-- All in One SEO 5.0.1.1 - aioseo.com -->\n\t<meta name=\"description\" content=\"Am 28. August 2024 fand im Gemeindezentrum Dernbach die erste Sitzung des neu gew\u00e4hlten Gemeinderats statt. Wir, die Mitglieder der W\u00e4hlergruppe Jankowitsch, freuen uns, dass sechs von uns als neue Ratsmitglieder verpflichtet wurden. Dies ist ein wichtiger Schritt auf unserem Weg, unsere Gemeinde aktiv mitzugestalten und die Interessen der B\u00fcrgerinnen und B\u00fcrger von Dernbach zu\" \/>\n\t<meta name=\"robots\" content=\"max-image-preview:large\" \/>\n\t<meta name=\"author\" content=\"GfD_Manuel\"\/>\n\t<link rel=\"canonical\" href=\"https:\/\/gemeinsam-fuer-dernbach.de\/tr\/ein-blick-auf-unsere-erste-ratssitzung\" \/>\n\t<meta name=\"generator\" content=\"All in One SEO (AIOSEO) 5.0.1.1\" \/>\n\t\t<meta property=\"og:locale\" content=\"tr_TR\" \/>\n\t\t<meta property=\"og:site_name\" content=\"Gemeinsam f\u00fcr Dernbach - Gemeinsam f\u00fcr Dernbach - Website der W\u00e4hlergruppe Jankowitsch\" \/>\n\t\t<meta property=\"og:type\" content=\"article\" \/>\n\t\t<meta property=\"og:title\" content=\"Ein Blick auf unsere erste Ratssitzung - Gemeinsam f\u00fcr Dernbach\" \/>\n\t\t<meta property=\"og:description\" content=\"Am 28. August 2024 fand im Gemeindezentrum Dernbach die erste Sitzung des neu gew\u00e4hlten Gemeinderats statt. Wir, die Mitglieder der W\u00e4hlergruppe Jankowitsch, freuen uns, dass sechs von uns als neue Ratsmitglieder verpflichtet wurden. Dies ist ein wichtiger Schritt auf unserem Weg, unsere Gemeinde aktiv mitzugestalten und die Interessen der B\u00fcrgerinnen und B\u00fcrger von Dernbach zu\" \/>\n\t\t<meta property=\"og:url\" content=\"https:\/\/gemeinsam-fuer-dernbach.de\/tr\/ein-blick-auf-unsere-erste-ratssitzung\" \/>\n\t\t<meta property=\"og:image\" content=\"https:\/\/gemeinsam-fuer-dernbach.de\/wp-content\/uploads\/2024\/12\/cropped-Button.png\" \/>\n\t\t<meta property=\"og:image:secure_url\" content=\"https:\/\/gemeinsam-fuer-dernbach.de\/wp-content\/uploads\/2024\/12\/cropped-Button.png\" \/>\n\t\t<meta property=\"og:image:width\" content=\"512\" \/>\n\t\t<meta property=\"og:image:height\" content=\"512\" \/>\n\t\t<meta property=\"article:published_time\" content=\"2024-09-04T14:51:38+00:00\" \/>\n\t\t<meta property=\"article:modified_time\" content=\"2025-07-01T21:35:32+00:00\" \/>\n\t\t<meta property=\"article:publisher\" content=\"https:\/\/www.facebook.com\/gemeinsam.fuer.dernbach\/\" \/>\n\t\t<meta name=\"twitter:card\" content=\"summary_large_image\" \/>\n\t\t<meta name=\"twitter:title\" content=\"Ein Blick auf unsere erste Ratssitzung - Gemeinsam f\u00fcr Dernbach\" \/>\n\t\t<meta name=\"twitter:description\" content=\"Am 28. August 2024 fand im Gemeindezentrum Dernbach die erste Sitzung des neu gew\u00e4hlten Gemeinderats statt. Wir, die Mitglieder der W\u00e4hlergruppe Jankowitsch, freuen uns, dass sechs von uns als neue Ratsmitglieder verpflichtet wurden. Dies ist ein wichtiger Schritt auf unserem Weg, unsere Gemeinde aktiv mitzugestalten und die Interessen der B\u00fcrgerinnen und B\u00fcrger von Dernbach zu\" \/>\n\t\t<meta name=\"twitter:image\" content=\"https:\/\/gemeinsam-fuer-dernbach.de\/wp-content\/uploads\/2024\/12\/cropped-Button.png\" \/>\n\t\t<script type=\"application\/ld+json\" class=\"aioseo-schema\">\n\t\t\t{\"@context\":\"https:\\\/\\\/schema.org\",\"@graph\":[{\"@type\":\"BlogPosting\",\"@id\":\"https:\\\/\\\/gemeinsam-fuer-dernbach.de\\\/tr\\\/ein-blick-auf-unsere-erste-ratssitzung#blogposting\",\"name\":\"Ein Blick auf unsere erste Ratssitzung - Gemeinsam f\\u00fcr Dernbach\",\"headline\":\"Ein Blick auf unsere erste Ratssitzung\",\"author\":{\"@id\":\"https:\\\/\\\/gemeinsam-fuer-dernbach.de\\\/tr\\\/author\\\/gfd_manuel#author\"},\"publisher\":{\"@id\":\"https:\\\/\\\/gemeinsam-fuer-dernbach.de\\\/tr\\\/#organization\"},\"image\":{\"@type\":\"ImageObject\",\"url\":\"https:\\\/\\\/gemeinsam-fuer-dernbach.de\\\/wp-content\\\/uploads\\\/2024\\\/09\\\/BuergermeisterBeigeordnete.jpg.jpeg\",\"@id\":\"https:\\\/\\\/gemeinsam-fuer-dernbach.de\\\/tr\\\/ein-blick-auf-unsere-erste-ratssitzung\\\/#articleImage\",\"width\":1380,\"height\":895,\"caption\":\"Die neu gew\\u00e4hlten Beigeordneten mit Ortsb\\u00fcrgermeister (Mitte) und erstem Beigeordneten der VG-Wirges (rechts) - alle CDU\"},\"datePublished\":\"2024-09-04T15:51:38+01:00\",\"dateModified\":\"2025-07-01T22:35:32+01:00\",\"inLanguage\":\"tr-TR\",\"mainEntityOfPage\":{\"@id\":\"https:\\\/\\\/gemeinsam-fuer-dernbach.de\\\/tr\\\/ein-blick-auf-unsere-erste-ratssitzung#webpage\"},\"isPartOf\":{\"@id\":\"https:\\\/\\\/gemeinsam-fuer-dernbach.de\\\/tr\\\/ein-blick-auf-unsere-erste-ratssitzung#webpage\"},\"articleSection\":\"Neues aus dem Gemeinderat, Neues von uns, Aussch\\u00fcsse, Beigeordnete\"},{\"@type\":\"BreadcrumbList\",\"@id\":\"https:\\\/\\\/gemeinsam-fuer-dernbach.de\\\/tr\\\/ein-blick-auf-unsere-erste-ratssitzung#breadcrumblist\",\"itemListElement\":[{\"@type\":\"ListItem\",\"@id\":\"https:\\\/\\\/gemeinsam-fuer-dernbach.de\\\/tr#listItem\",\"position\":1,\"name\":\"Home\",\"item\":\"https:\\\/\\\/gemeinsam-fuer-dernbach.de\\\/tr\",\"nextItem\":{\"@type\":\"ListItem\",\"@id\":\"https:\\\/\\\/gemeinsam-fuer-dernbach.de\\\/tr\\\/category\\\/neues-von-uns#listItem\",\"name\":\"Neues von uns\"}},{\"@type\":\"ListItem\",\"@id\":\"https:\\\/\\\/gemeinsam-fuer-dernbach.de\\\/tr\\\/category\\\/neues-von-uns#listItem\",\"position\":2,\"name\":\"Neues von uns\",\"item\":\"https:\\\/\\\/gemeinsam-fuer-dernbach.de\\\/tr\\\/category\\\/neues-von-uns\",\"nextItem\":{\"@type\":\"ListItem\",\"@id\":\"https:\\\/\\\/gemeinsam-fuer-dernbach.de\\\/tr\\\/ein-blick-auf-unsere-erste-ratssitzung#listItem\",\"name\":\"Ein Blick auf unsere erste Ratssitzung\"},\"previousItem\":{\"@type\":\"ListItem\",\"@id\":\"https:\\\/\\\/gemeinsam-fuer-dernbach.de\\\/tr#listItem\",\"name\":\"Home\"}},{\"@type\":\"ListItem\",\"@id\":\"https:\\\/\\\/gemeinsam-fuer-dernbach.de\\\/tr\\\/ein-blick-auf-unsere-erste-ratssitzung#listItem\",\"position\":3,\"name\":\"Ein Blick auf unsere erste Ratssitzung\",\"previousItem\":{\"@type\":\"ListItem\",\"@id\":\"https:\\\/\\\/gemeinsam-fuer-dernbach.de\\\/tr\\\/category\\\/neues-von-uns#listItem\",\"name\":\"Neues von uns\"}}]},{\"@type\":\"Organization\",\"@id\":\"https:\\\/\\\/gemeinsam-fuer-dernbach.de\\\/tr\\\/#organization\",\"name\":\"Gemeinsam f\\u00fcr Dernbach\",\"description\":\"Gemeinsam f\\u00fcr Dernbach - Website der W\\u00e4hlergruppe Jankowitsch\",\"url\":\"https:\\\/\\\/gemeinsam-fuer-dernbach.de\\\/tr\\\/\",\"logo\":{\"@type\":\"ImageObject\",\"url\":\"https:\\\/\\\/gemeinsam-fuer-dernbach.de\\\/wp-content\\\/uploads\\\/2024\\\/12\\\/cropped-Button.png\",\"@id\":\"https:\\\/\\\/gemeinsam-fuer-dernbach.de\\\/tr\\\/ein-blick-auf-unsere-erste-ratssitzung\\\/#organizationLogo\",\"width\":512,\"height\":512,\"caption\":\"Gemeinsam f\\u00fcr Dernbach\"},\"image\":{\"@id\":\"https:\\\/\\\/gemeinsam-fuer-dernbach.de\\\/tr\\\/ein-blick-auf-unsere-erste-ratssitzung\\\/#organizationLogo\"},\"sameAs\":[\"https:\\\/\\\/www.facebook.com\\\/gemeinsam.fuer.dernbach\\\/\",\"https:\\\/\\\/www.instagram.com\\\/gemeinsam_fuer_dernbach\\\/\"]},{\"@type\":\"Person\",\"@id\":\"https:\\\/\\\/gemeinsam-fuer-dernbach.de\\\/tr\\\/author\\\/gfd_manuel#author\",\"url\":\"https:\\\/\\\/gemeinsam-fuer-dernbach.de\\\/tr\\\/author\\\/gfd_manuel\",\"name\":\"GfD_Manuel\"},{\"@type\":\"WebPage\",\"@id\":\"https:\\\/\\\/gemeinsam-fuer-dernbach.de\\\/tr\\\/ein-blick-auf-unsere-erste-ratssitzung#webpage\",\"url\":\"https:\\\/\\\/gemeinsam-fuer-dernbach.de\\\/tr\\\/ein-blick-auf-unsere-erste-ratssitzung\",\"name\":\"Ein Blick auf unsere erste Ratssitzung - Gemeinsam f\\u00fcr Dernbach\",\"description\":\"Am 28. August 2024 fand im Gemeindezentrum Dernbach die erste Sitzung des neu gew\\u00e4hlten Gemeinderats statt. Wir, die Mitglieder der W\\u00e4hlergruppe Jankowitsch, freuen uns, dass sechs von uns als neue Ratsmitglieder verpflichtet wurden. Dies ist ein wichtiger Schritt auf unserem Weg, unsere Gemeinde aktiv mitzugestalten und die Interessen der B\\u00fcrgerinnen und B\\u00fcrger von Dernbach zu\",\"inLanguage\":\"tr-TR\",\"isPartOf\":{\"@id\":\"https:\\\/\\\/gemeinsam-fuer-dernbach.de\\\/tr\\\/#website\"},\"breadcrumb\":{\"@id\":\"https:\\\/\\\/gemeinsam-fuer-dernbach.de\\\/tr\\\/ein-blick-auf-unsere-erste-ratssitzung#breadcrumblist\"},\"author\":{\"@id\":\"https:\\\/\\\/gemeinsam-fuer-dernbach.de\\\/tr\\\/author\\\/gfd_manuel#author\"},\"creator\":{\"@id\":\"https:\\\/\\\/gemeinsam-fuer-dernbach.de\\\/tr\\\/author\\\/gfd_manuel#author\"},\"datePublished\":\"2024-09-04T15:51:38+01:00\",\"dateModified\":\"2025-07-01T22:35:32+01:00\"},{\"@type\":\"WebSite\",\"@id\":\"https:\\\/\\\/gemeinsam-fuer-dernbach.de\\\/tr\\\/#website\",\"url\":\"https:\\\/\\\/gemeinsam-fuer-dernbach.de\\\/tr\\\/\",\"name\":\"Gemeinsam f\\u00fcr Dernbach\",\"description\":\"Gemeinsam f\\u00fcr Dernbach - Website der W\\u00e4hlergruppe Jankowitsch\",\"inLanguage\":\"tr-TR\",\"publisher\":{\"@id\":\"https:\\\/\\\/gemeinsam-fuer-dernbach.de\\\/tr\\\/#organization\"}}]}\n\t\t<\/script>\n\t\t<!-- All in One SEO -->\n\n","aioseo_head_json":{"title":"Ein Blick auf unsere erste Ratssitzung - Gemeinsam f\u00fcr Dernbach","description":"Am 28. August 2024 fand im Gemeindezentrum Dernbach die erste Sitzung des neu gew\u00e4hlten Gemeinderats statt. Wir, die Mitglieder der W\u00e4hlergruppe Jankowitsch, freuen uns, dass sechs von uns als neue Ratsmitglieder verpflichtet wurden. Dies ist ein wichtiger Schritt auf unserem Weg, unsere Gemeinde aktiv mitzugestalten und die Interessen der B\u00fcrgerinnen und B\u00fcrger von Dernbach zu","canonical_url":"https:\/\/gemeinsam-fuer-dernbach.de\/tr\/ein-blick-auf-unsere-erste-ratssitzung","robots":"max-image-preview:large","keywords":"","webmasterTools":{"miscellaneous":""},"schema":{"@context":"https:\/\/schema.org","@graph":[{"@type":"BlogPosting","@id":"https:\/\/gemeinsam-fuer-dernbach.de\/tr\/ein-blick-auf-unsere-erste-ratssitzung#blogposting","name":"Ein Blick auf unsere erste Ratssitzung - Gemeinsam f\u00fcr Dernbach","headline":"Ein Blick auf unsere erste Ratssitzung","author":{"@id":"https:\/\/gemeinsam-fuer-dernbach.de\/tr\/author\/gfd_manuel#author"},"publisher":{"@id":"https:\/\/gemeinsam-fuer-dernbach.de\/tr\/#organization"},"image":{"@type":"ImageObject","url":"https:\/\/gemeinsam-fuer-dernbach.de\/wp-content\/uploads\/2024\/09\/BuergermeisterBeigeordnete.jpg.jpeg","@id":"https:\/\/gemeinsam-fuer-dernbach.de\/tr\/ein-blick-auf-unsere-erste-ratssitzung\/#articleImage","width":1380,"height":895,"caption":"Die neu gew\u00e4hlten Beigeordneten mit Ortsb\u00fcrgermeister (Mitte) und erstem Beigeordneten der VG-Wirges (rechts) - alle CDU"},"datePublished":"2024-09-04T15:51:38+01:00","dateModified":"2025-07-01T22:35:32+01:00","inLanguage":"tr-TR","mainEntityOfPage":{"@id":"https:\/\/gemeinsam-fuer-dernbach.de\/tr\/ein-blick-auf-unsere-erste-ratssitzung#webpage"},"isPartOf":{"@id":"https:\/\/gemeinsam-fuer-dernbach.de\/tr\/ein-blick-auf-unsere-erste-ratssitzung#webpage"},"articleSection":"Neues aus dem Gemeinderat, Neues von uns, Aussch\u00fcsse, Beigeordnete"},{"@type":"BreadcrumbList","@id":"https:\/\/gemeinsam-fuer-dernbach.de\/tr\/ein-blick-auf-unsere-erste-ratssitzung#breadcrumblist","itemListElement":[{"@type":"ListItem","@id":"https:\/\/gemeinsam-fuer-dernbach.de\/tr#listItem","position":1,"name":"Home","item":"https:\/\/gemeinsam-fuer-dernbach.de\/tr","nextItem":{"@type":"ListItem","@id":"https:\/\/gemeinsam-fuer-dernbach.de\/tr\/category\/neues-von-uns#listItem","name":"Neues von uns"}},{"@type":"ListItem","@id":"https:\/\/gemeinsam-fuer-dernbach.de\/tr\/category\/neues-von-uns#listItem","position":2,"name":"Neues von uns","item":"https:\/\/gemeinsam-fuer-dernbach.de\/tr\/category\/neues-von-uns","nextItem":{"@type":"ListItem","@id":"https:\/\/gemeinsam-fuer-dernbach.de\/tr\/ein-blick-auf-unsere-erste-ratssitzung#listItem","name":"Ein Blick auf unsere erste Ratssitzung"},"previousItem":{"@type":"ListItem","@id":"https:\/\/gemeinsam-fuer-dernbach.de\/tr#listItem","name":"Home"}},{"@type":"ListItem","@id":"https:\/\/gemeinsam-fuer-dernbach.de\/tr\/ein-blick-auf-unsere-erste-ratssitzung#listItem","position":3,"name":"Ein Blick auf unsere erste Ratssitzung","previousItem":{"@type":"ListItem","@id":"https:\/\/gemeinsam-fuer-dernbach.de\/tr\/category\/neues-von-uns#listItem","name":"Neues von uns"}}]},{"@type":"Organization","@id":"https:\/\/gemeinsam-fuer-dernbach.de\/tr\/#organization","name":"Gemeinsam f\u00fcr Dernbach","description":"Gemeinsam f\u00fcr Dernbach - Website der W\u00e4hlergruppe Jankowitsch","url":"https:\/\/gemeinsam-fuer-dernbach.de\/tr\/","logo":{"@type":"ImageObject","url":"https:\/\/gemeinsam-fuer-dernbach.de\/wp-content\/uploads\/2024\/12\/cropped-Button.png","@id":"https:\/\/gemeinsam-fuer-dernbach.de\/tr\/ein-blick-auf-unsere-erste-ratssitzung\/#organizationLogo","width":512,"height":512,"caption":"Gemeinsam f\u00fcr Dernbach"},"image":{"@id":"https:\/\/gemeinsam-fuer-dernbach.de\/tr\/ein-blick-auf-unsere-erste-ratssitzung\/#organizationLogo"},"sameAs":["https:\/\/www.facebook.com\/gemeinsam.fuer.dernbach\/","https:\/\/www.instagram.com\/gemeinsam_fuer_dernbach\/"]},{"@type":"Person","@id":"https:\/\/gemeinsam-fuer-dernbach.de\/tr\/author\/gfd_manuel#author","url":"https:\/\/gemeinsam-fuer-dernbach.de\/tr\/author\/gfd_manuel","name":"GfD_Manuel"},{"@type":"WebPage","@id":"https:\/\/gemeinsam-fuer-dernbach.de\/tr\/ein-blick-auf-unsere-erste-ratssitzung#webpage","url":"https:\/\/gemeinsam-fuer-dernbach.de\/tr\/ein-blick-auf-unsere-erste-ratssitzung","name":"Ein Blick auf unsere erste Ratssitzung - Gemeinsam f\u00fcr Dernbach","description":"Am 28. August 2024 fand im Gemeindezentrum Dernbach die erste Sitzung des neu gew\u00e4hlten Gemeinderats statt. Wir, die Mitglieder der W\u00e4hlergruppe Jankowitsch, freuen uns, dass sechs von uns als neue Ratsmitglieder verpflichtet wurden. Dies ist ein wichtiger Schritt auf unserem Weg, unsere Gemeinde aktiv mitzugestalten und die Interessen der B\u00fcrgerinnen und B\u00fcrger von Dernbach zu","inLanguage":"tr-TR","isPartOf":{"@id":"https:\/\/gemeinsam-fuer-dernbach.de\/tr\/#website"},"breadcrumb":{"@id":"https:\/\/gemeinsam-fuer-dernbach.de\/tr\/ein-blick-auf-unsere-erste-ratssitzung#breadcrumblist"},"author":{"@id":"https:\/\/gemeinsam-fuer-dernbach.de\/tr\/author\/gfd_manuel#author"},"creator":{"@id":"https:\/\/gemeinsam-fuer-dernbach.de\/tr\/author\/gfd_manuel#author"},"datePublished":"2024-09-04T15:51:38+01:00","dateModified":"2025-07-01T22:35:32+01:00"},{"@type":"WebSite","@id":"https:\/\/gemeinsam-fuer-dernbach.de\/tr\/#website","url":"https:\/\/gemeinsam-fuer-dernbach.de\/tr\/","name":"Gemeinsam f\u00fcr Dernbach","description":"Gemeinsam f\u00fcr Dernbach - Website der W\u00e4hlergruppe Jankowitsch","inLanguage":"tr-TR","publisher":{"@id":"https:\/\/gemeinsam-fuer-dernbach.de\/tr\/#organization"}}]},"og:locale":"tr_TR","og:site_name":"Gemeinsam f\u00fcr Dernbach - Gemeinsam f\u00fcr Dernbach - Website der W\u00e4hlergruppe Jankowitsch","og:type":"article","og:title":"Ein Blick auf unsere erste Ratssitzung - Gemeinsam f\u00fcr Dernbach","og:description":"Am 28. August 2024 fand im Gemeindezentrum Dernbach die erste Sitzung des neu gew\u00e4hlten Gemeinderats statt. Wir, die Mitglieder der W\u00e4hlergruppe Jankowitsch, freuen uns, dass sechs von uns als neue Ratsmitglieder verpflichtet wurden. Dies ist ein wichtiger Schritt auf unserem Weg, unsere Gemeinde aktiv mitzugestalten und die Interessen der B\u00fcrgerinnen und B\u00fcrger von Dernbach zu","og:url":"https:\/\/gemeinsam-fuer-dernbach.de\/tr\/ein-blick-auf-unsere-erste-ratssitzung","og:image":"https:\/\/gemeinsam-fuer-dernbach.de\/wp-content\/uploads\/2024\/12\/cropped-Button.png","og:image:secure_url":"https:\/\/gemeinsam-fuer-dernbach.de\/wp-content\/uploads\/2024\/12\/cropped-Button.png","og:image:width":512,"og:image:height":512,"article:published_time":"2024-09-04T14:51:38+00:00","article:modified_time":"2025-07-01T21:35:32+00:00","article:publisher":"https:\/\/www.facebook.com\/gemeinsam.fuer.dernbach\/","twitter:card":"summary_large_image","twitter:title":"Ein Blick auf unsere erste Ratssitzung - Gemeinsam f\u00fcr Dernbach","twitter:description":"Am 28. August 2024 fand im Gemeindezentrum Dernbach die erste Sitzung des neu gew\u00e4hlten Gemeinderats statt. Wir, die Mitglieder der W\u00e4hlergruppe Jankowitsch, freuen uns, dass sechs von uns als neue Ratsmitglieder verpflichtet wurden. Dies ist ein wichtiger Schritt auf unserem Weg, unsere Gemeinde aktiv mitzugestalten und die Interessen der B\u00fcrgerinnen und B\u00fcrger von Dernbach zu","twitter:image":"https:\/\/gemeinsam-fuer-dernbach.de\/wp-content\/uploads\/2024\/12\/cropped-Button.png"},"aioseo_meta_data":{"post_id":"678","title":null,"description":null,"keywords":null,"keyphrases":{"focus":[],"additional":[]},"primary_term":null,"canonical_url":null,"og_title":null,"og_description":null,"og_object_type":"default","og_image_type":"default","og_image_url":null,"og_image_width":null,"og_image_height":null,"og_image_custom_url":null,"og_image_custom_fields":null,"og_video":"","og_custom_url":null,"og_article_section":null,"og_article_tags":null,"twitter_use_og":false,"twitter_card":"default","twitter_image_type":"default","twitter_image_url":null,"twitter_image_custom_url":null,"twitter_image_custom_fields":null,"twitter_title":null,"twitter_description":null,"schema":{"blockGraphs":[],"customGraphs":[],"default":{"data":{"Article":[],"Course":[],"Dataset":[],"FAQPage":[],"Movie":[],"Person":[],"Product":[],"ProductReview":[],"Car":[],"Recipe":[],"Service":[],"SoftwareApplication":[],"WebPage":[]},"graphName":"","isEnabled":true},"graphs":[]},"schema_type":"default","schema_type_options":null,"pillar_content":false,"robots_default":true,"robots_noindex":false,"robots_noarchive":false,"robots_nosnippet":false,"robots_nofollow":false,"robots_noimageindex":false,"robots_noodp":false,"robots_notranslate":false,"robots_max_snippet":"-1","robots_max_videopreview":"-1","robots_max_imagepreview":"large","priority":null,"frequency":"default","local_seo":null,"breadcrumb_settings":null,"limit_modified_date":false,"ai":null,"created":"2025-06-24 20:04:55","updated":"2026-09-03 19:35:12","seo_analyzer_scan_date":null,"focus_keyword":null,"additional_keywords":null,"truseo_locale":null},"aioseo_breadcrumb":"<div class=\"aioseo-breadcrumbs\"><span class=\"aioseo-breadcrumb\">\n\t\t\t<a href=\"https:\/\/gemeinsam-fuer-dernbach.de\/tr\" title=\"Home\">Home<\/a>\n\t\t<\/span><span class=\"aioseo-breadcrumb-separator\">&raquo;<\/span><span class=\"aioseo-breadcrumb\">\n\t\t\t<a href=\"https:\/\/gemeinsam-fuer-dernbach.de\/tr\/category\/neues-von-uns\" title=\"Neues von uns\">Neues von uns<\/a>\n\t\t<\/span><span class=\"aioseo-breadcrumb-separator\">&raquo;<\/span><span class=\"aioseo-breadcrumb\">\n\t\t\tEin Blick auf unsere erste Ratssitzung\n\t\t<\/span><\/div>","aioseo_breadcrumb_json":[{"label":"Home","link":"https:\/\/gemeinsam-fuer-dernbach.de\/tr"},{"label":"Neues von uns","link":"https:\/\/gemeinsam-fuer-dernbach.de\/tr\/category\/neues-von-uns"},{"label":"Ein Blick auf unsere erste Ratssitzung","link":"https:\/\/gemeinsam-fuer-dernbach.de\/tr\/ein-blick-auf-unsere-erste-ratssitzung"}],"_links":{"self":[{"href":"https:\/\/gemeinsam-fuer-dernbach.de\/tr\/wp-json\/wp\/v2\/posts\/678","targetHints":{"allow":["GET"]}}],"collection":[{"href":"https:\/\/gemeinsam-fuer-dernbach.de\/tr\/wp-json\/wp\/v2\/posts"}],"about":[{"href":"https:\/\/gemeinsam-fuer-dernbach.de\/tr\/wp-json\/wp\/v2\/types\/post"}],"author":[{"embeddable":true,"href":"https:\/\/gemeinsam-fuer-dernbach.de\/tr\/wp-json\/wp\/v2\/users\/2"}],"replies":[{"embeddable":true,"href":"https:\/\/gemeinsam-fuer-dernbach.de\/tr\/wp-json\/wp\/v2\/comments?post=678"}],"version-history":[{"count":8,"href":"https:\/\/gemeinsam-fuer-dernbach.de\/tr\/wp-json\/wp\/v2\/posts\/678\/revisions"}],"predecessor-version":[{"id":1203,"href":"https:\/\/gemeinsam-fuer-dernbach.de\/tr\/wp-json\/wp\/v2\/posts\/678\/revisions\/1203"}],"wp:attachment":[{"href":"https:\/\/gemeinsam-fuer-dernbach.de\/tr\/wp-json\/wp\/v2\/media?parent=678"}],"wp:term":[{"taxonomy":"category","embeddable":true,"href":"https:\/\/gemeinsam-fuer-dernbach.de\/tr\/wp-json\/wp\/v2\/categories?post=678"},{"taxonomy":"post_tag","embeddable":true,"href":"https:\/\/gemeinsam-fuer-dernbach.de\/tr\/wp-json\/wp\/v2\/tags?post=678"}],"curies":[{"name":"wp","href":"https:\/\/api.w.org\/{rel}","templated":true}]}}