{"id":695,"date":"2024-09-11T06:33:32","date_gmt":"2024-09-11T05:33:32","guid":{"rendered":"https:\/\/gemeinsam-fuer-dernbach.de\/?p=695"},"modified":"2025-07-01T22:33:07","modified_gmt":"2025-07-01T21:33:07","slug":"aktuelle-stellungnahme-der-fraktion","status":"publish","type":"post","link":"https:\/\/gemeinsam-fuer-dernbach.de\/tr\/aktuelle-stellungnahme-der-fraktion","title":{"rendered":"Grubun mevcut pozisyonu"},"content":{"rendered":"<p class=\"wp-block-paragraph\">D\u00fcn grup ba\u015fkan\u0131m\u0131z Cosimo Jankowitsch\u2019in Dernbach ve Verbandsgemeinde Wirges yerel konseyindeki t\u00fcm g\u00f6revlerinden ve siyasi g\u00f6revlerinden istifa etme karar\u0131n\u0131 b\u00fcy\u00fck \u00fcz\u00fcnt\u00fcyle kar\u015f\u0131lad\u0131k. Onun hareketi bize s\u00fcrpriz oldu ve onunla \u00f6nceden ki\u015fisel bir al\u0131\u015fveri\u015f yapmak isterdik.<\/p>\n\n\n\n<p class=\"wp-block-paragraph\">\u015eimdiye kadarki \u00e7abalar\u0131ndan ve memleketimiz Dernbach\u2019a olan ba\u011fl\u0131l\u0131\u011f\u0131ndan dolay\u0131 kendisine te\u015fekk\u00fcr ederiz. Grubumuzu bir araya getirdi, tutkuyla kampanya y\u00fcr\u00fctt\u00fc ve belediye ba\u015fkanl\u0131\u011f\u0131na aday olarak bile bak\u0131\u015f a\u00e7\u0131s\u0131ndan sayg\u0131n bir se\u00e7im sonucu elde etti. Sadece katk\u0131lar\u0131nda ima etti\u011fi nedenlerini anlayam\u0131yoruz. Ortak \u00e7al\u0131\u015fman\u0131n devam\u0131n\u0131 dilemi\u015f olsak bile, onun karar\u0131n\u0131 kabul etmekten ba\u015fka se\u00e7ene\u011fimiz yok.<\/p>\n\n\n\n<p class=\"wp-block-paragraph\">Bu duruma haz\u0131rl\u0131kl\u0131 olmad\u0131\u011f\u0131m\u0131z i\u00e7in \u00f6n\u00fcm\u00fczdeki birka\u00e7 g\u00fcn\u00fc yeniden d\u00fczenlemek zorunday\u0131z. Her durumda, ya\u015famaya de\u011fer ve s\u00fcrd\u00fcr\u00fclebilir bir Dernbach i\u00e7in tam g\u00fc\u00e7le \u00e7al\u0131\u015fma endi\u015femizi ve hedefimizi takip etmek istiyoruz.<\/p>\n\n\n\n<p class=\"wp-block-paragraph\">Bize g\u00fcvenmeye devam eden ve Dernbach i\u00e7in daha iyi bir gelecek i\u00e7in bizimle birlikte \u00e7al\u0131\u015fmak isteyenlere te\u015fekk\u00fcr ederiz. \u00d6n\u00fcm\u00fczdeki zorluklar\u0131 d\u00f6rt g\u00f6zle bekliyoruz ve vatanda\u015flar\u0131m\u0131z\u0131n yarar\u0131na onlarla ba\u015fa \u00e7\u0131kaca\u011f\u0131m\u0131z konusunda iyimser olmaya devam ediyoruz.<\/p>\n\n\n\n<p class=\"wp-block-paragraph\">Grubunuz \"Together for Dernbach\"<\/p>","protected":false},"excerpt":{"rendered":"<p>D\u00fcn, b\u00fcy\u00fck bir \u00fcz\u00fcnt\u00fcyle, Grup Ba\u015fkan\u0131m\u0131z Cosimo Jankowitsch'in Dernbach yerel konseyindeki ve Wirges dernek belediyesindeki t\u00fcm ofislerinden ve siyasi g\u00f6revlerinden istifa etme karar\u0131n\u0131 not ettik. Onun [...]<\/p>","protected":false},"author":2,"featured_media":0,"comment_status":"closed","ping_status":"open","sticky":false,"template":"","format":"standard","meta":{"_price":"","_stock":"","_tribe_ticket_header":"","_tribe_default_ticket_provider":"","_tribe_ticket_capacity":"0","_ticket_start_date":"","_ticket_end_date":"","_tribe_ticket_show_description":"","_tribe_ticket_show_not_going":false,"_tribe_ticket_use_global_stock":"","_tribe_ticket_global_stock_level":"","_global_stock_mode":"","_global_stock_cap":"","_tribe_rsvp_for_event":"","_tribe_ticket_going_count":"","_tribe_ticket_not_going_count":"","_tribe_tickets_list":"[]","_tribe_ticket_has_attendee_info_fields":false,"_EventAllDay":false,"_EventTimezone":"","_EventStartDate":"","_EventEndDate":"","_EventStartDateUTC":"","_EventEndDateUTC":"","_EventShowMap":false,"_EventShowMapLink":false,"_EventURL":"","_EventCost":"","_EventCostDescription":"","_EventCurrencySymbol":"","_EventCurrencyCode":"","_EventCurrencyPosition":"","_EventDateTimeSeparator":"","_EventTimeRangeSeparator":"","_EventOrganizerID":[],"_EventVenueID":[],"_OrganizerEmail":"","_OrganizerPhone":"","_OrganizerWebsite":"","_VenueAddress":"","_VenueCity":"","_VenueCountry":"","_VenueProvince":"","_VenueState":"","_VenueZip":"","_VenuePhone":"","_VenueURL":"","_VenueStateProvince":"","_VenueLat":"","_VenueLng":"","_VenueShowMap":false,"_VenueShowMapLink":false,"footnotes":""},"categories":[9],"tags":[109,20,19],"class_list":["post-695","post","type-post","status-publish","format-standard","hentry","category-neues-von-uns","tag-fraktionsvorsitz","tag-ruecktritt","tag-stellungnahme"],"aioseo_notices":[],"aioseo_head":"\n\t\t<!-- All in One SEO 5.0.1.1 - aioseo.com -->\n\t<meta name=\"description\" content=\"Mit gro\u00dfem Bedauern haben wir gestern die Entscheidung unseres Fraktionsvorsitzenden Cosimo Jankowitsch zur Kenntnis genommen, alle seine \u00c4mter und politischen Mandate im Ortsgemeinderat Dernbach und der Verbandsgemeinde Wirges niederzulegen. Sein Schritt kam f\u00fcr uns \u00fcberraschend, und wir h\u00e4tten uns gew\u00fcnscht, vorher mit ihm in einen pers\u00f6nlichen Austausch zu treten. Wir danken ihm f\u00fcr seinen bisherigen\" \/>\n\t<meta name=\"robots\" content=\"max-image-preview:large\" \/>\n\t<meta name=\"author\" content=\"GfD_Manuel\"\/>\n\t<link rel=\"canonical\" href=\"https:\/\/gemeinsam-fuer-dernbach.de\/tr\/aktuelle-stellungnahme-der-fraktion\" \/>\n\t<meta name=\"generator\" content=\"All in One SEO (AIOSEO) 5.0.1.1\" \/>\n\t\t<meta property=\"og:locale\" content=\"tr_TR\" \/>\n\t\t<meta property=\"og:site_name\" content=\"Gemeinsam f\u00fcr Dernbach - Gemeinsam f\u00fcr Dernbach - Website der W\u00e4hlergruppe Jankowitsch\" \/>\n\t\t<meta property=\"og:type\" content=\"article\" \/>\n\t\t<meta property=\"og:title\" content=\"Aktuelle Stellungnahme der Fraktion - Gemeinsam f\u00fcr Dernbach\" \/>\n\t\t<meta property=\"og:description\" content=\"Mit gro\u00dfem Bedauern haben wir gestern die Entscheidung unseres Fraktionsvorsitzenden Cosimo Jankowitsch zur Kenntnis genommen, alle seine \u00c4mter und politischen Mandate im Ortsgemeinderat Dernbach und der Verbandsgemeinde Wirges niederzulegen. Sein Schritt kam f\u00fcr uns \u00fcberraschend, und wir h\u00e4tten uns gew\u00fcnscht, vorher mit ihm in einen pers\u00f6nlichen Austausch zu treten. Wir danken ihm f\u00fcr seinen bisherigen\" \/>\n\t\t<meta property=\"og:url\" content=\"https:\/\/gemeinsam-fuer-dernbach.de\/tr\/aktuelle-stellungnahme-der-fraktion\" \/>\n\t\t<meta property=\"og:image\" content=\"https:\/\/gemeinsam-fuer-dernbach.de\/wp-content\/uploads\/2024\/12\/cropped-Button.png\" \/>\n\t\t<meta property=\"og:image:secure_url\" content=\"https:\/\/gemeinsam-fuer-dernbach.de\/wp-content\/uploads\/2024\/12\/cropped-Button.png\" \/>\n\t\t<meta property=\"og:image:width\" content=\"512\" \/>\n\t\t<meta property=\"og:image:height\" content=\"512\" \/>\n\t\t<meta property=\"article:published_time\" content=\"2024-09-11T05:33:32+00:00\" \/>\n\t\t<meta property=\"article:modified_time\" content=\"2025-07-01T21:33:07+00:00\" \/>\n\t\t<meta property=\"article:publisher\" content=\"https:\/\/www.facebook.com\/gemeinsam.fuer.dernbach\/\" \/>\n\t\t<meta name=\"twitter:card\" content=\"summary_large_image\" \/>\n\t\t<meta name=\"twitter:title\" content=\"Aktuelle Stellungnahme der Fraktion - Gemeinsam f\u00fcr Dernbach\" \/>\n\t\t<meta name=\"twitter:description\" content=\"Mit gro\u00dfem Bedauern haben wir gestern die Entscheidung unseres Fraktionsvorsitzenden Cosimo Jankowitsch zur Kenntnis genommen, alle seine \u00c4mter und politischen Mandate im Ortsgemeinderat Dernbach und der Verbandsgemeinde Wirges niederzulegen. Sein Schritt kam f\u00fcr uns \u00fcberraschend, und wir h\u00e4tten uns gew\u00fcnscht, vorher mit ihm in einen pers\u00f6nlichen Austausch zu treten. Wir danken ihm f\u00fcr seinen bisherigen\" \/>\n\t\t<meta name=\"twitter:image\" content=\"https:\/\/gemeinsam-fuer-dernbach.de\/wp-content\/uploads\/2024\/12\/cropped-Button.png\" \/>\n\t\t<script type=\"application\/ld+json\" class=\"aioseo-schema\">\n\t\t\t{\"@context\":\"https:\\\/\\\/schema.org\",\"@graph\":[{\"@type\":\"BlogPosting\",\"@id\":\"https:\\\/\\\/gemeinsam-fuer-dernbach.de\\\/tr\\\/aktuelle-stellungnahme-der-fraktion#blogposting\",\"name\":\"Aktuelle Stellungnahme der Fraktion - Gemeinsam f\\u00fcr Dernbach\",\"headline\":\"Aktuelle Stellungnahme der Fraktion\",\"author\":{\"@id\":\"https:\\\/\\\/gemeinsam-fuer-dernbach.de\\\/tr\\\/author\\\/gfd_manuel#author\"},\"publisher\":{\"@id\":\"https:\\\/\\\/gemeinsam-fuer-dernbach.de\\\/tr\\\/#organization\"},\"image\":{\"@type\":\"ImageObject\",\"url\":\"https:\\\/\\\/gemeinsam-fuer-dernbach.de\\\/wp-content\\\/uploads\\\/2024\\\/12\\\/cropped-Button.png\",\"@id\":\"https:\\\/\\\/gemeinsam-fuer-dernbach.de\\\/tr\\\/#articleImage\",\"width\":512,\"height\":512,\"caption\":\"Gemeinsam f\\u00fcr Dernbach\"},\"datePublished\":\"2024-09-11T06:33:32+01:00\",\"dateModified\":\"2025-07-01T22:33:07+01:00\",\"inLanguage\":\"tr-TR\",\"mainEntityOfPage\":{\"@id\":\"https:\\\/\\\/gemeinsam-fuer-dernbach.de\\\/tr\\\/aktuelle-stellungnahme-der-fraktion#webpage\"},\"isPartOf\":{\"@id\":\"https:\\\/\\\/gemeinsam-fuer-dernbach.de\\\/tr\\\/aktuelle-stellungnahme-der-fraktion#webpage\"},\"articleSection\":\"Neues von uns, Fraktionsvorsitz, R\\u00fccktritt, Stellungnahme\"},{\"@type\":\"BreadcrumbList\",\"@id\":\"https:\\\/\\\/gemeinsam-fuer-dernbach.de\\\/tr\\\/aktuelle-stellungnahme-der-fraktion#breadcrumblist\",\"itemListElement\":[{\"@type\":\"ListItem\",\"@id\":\"https:\\\/\\\/gemeinsam-fuer-dernbach.de\\\/tr#listItem\",\"position\":1,\"name\":\"Home\",\"item\":\"https:\\\/\\\/gemeinsam-fuer-dernbach.de\\\/tr\",\"nextItem\":{\"@type\":\"ListItem\",\"@id\":\"https:\\\/\\\/gemeinsam-fuer-dernbach.de\\\/tr\\\/category\\\/neues-von-uns#listItem\",\"name\":\"Neues von uns\"}},{\"@type\":\"ListItem\",\"@id\":\"https:\\\/\\\/gemeinsam-fuer-dernbach.de\\\/tr\\\/category\\\/neues-von-uns#listItem\",\"position\":2,\"name\":\"Neues von uns\",\"item\":\"https:\\\/\\\/gemeinsam-fuer-dernbach.de\\\/tr\\\/category\\\/neues-von-uns\",\"nextItem\":{\"@type\":\"ListItem\",\"@id\":\"https:\\\/\\\/gemeinsam-fuer-dernbach.de\\\/tr\\\/aktuelle-stellungnahme-der-fraktion#listItem\",\"name\":\"Aktuelle Stellungnahme der Fraktion\"},\"previousItem\":{\"@type\":\"ListItem\",\"@id\":\"https:\\\/\\\/gemeinsam-fuer-dernbach.de\\\/tr#listItem\",\"name\":\"Home\"}},{\"@type\":\"ListItem\",\"@id\":\"https:\\\/\\\/gemeinsam-fuer-dernbach.de\\\/tr\\\/aktuelle-stellungnahme-der-fraktion#listItem\",\"position\":3,\"name\":\"Aktuelle Stellungnahme der Fraktion\",\"previousItem\":{\"@type\":\"ListItem\",\"@id\":\"https:\\\/\\\/gemeinsam-fuer-dernbach.de\\\/tr\\\/category\\\/neues-von-uns#listItem\",\"name\":\"Neues von uns\"}}]},{\"@type\":\"Organization\",\"@id\":\"https:\\\/\\\/gemeinsam-fuer-dernbach.de\\\/tr\\\/#organization\",\"name\":\"Gemeinsam f\\u00fcr Dernbach\",\"description\":\"Gemeinsam f\\u00fcr Dernbach - Website der W\\u00e4hlergruppe Jankowitsch\",\"url\":\"https:\\\/\\\/gemeinsam-fuer-dernbach.de\\\/tr\\\/\",\"logo\":{\"@type\":\"ImageObject\",\"url\":\"https:\\\/\\\/gemeinsam-fuer-dernbach.de\\\/wp-content\\\/uploads\\\/2024\\\/12\\\/cropped-Button.png\",\"@id\":\"https:\\\/\\\/gemeinsam-fuer-dernbach.de\\\/tr\\\/aktuelle-stellungnahme-der-fraktion\\\/#organizationLogo\",\"width\":512,\"height\":512,\"caption\":\"Gemeinsam f\\u00fcr Dernbach\"},\"image\":{\"@id\":\"https:\\\/\\\/gemeinsam-fuer-dernbach.de\\\/tr\\\/aktuelle-stellungnahme-der-fraktion\\\/#organizationLogo\"},\"sameAs\":[\"https:\\\/\\\/www.facebook.com\\\/gemeinsam.fuer.dernbach\\\/\",\"https:\\\/\\\/www.instagram.com\\\/gemeinsam_fuer_dernbach\\\/\"]},{\"@type\":\"Person\",\"@id\":\"https:\\\/\\\/gemeinsam-fuer-dernbach.de\\\/tr\\\/author\\\/gfd_manuel#author\",\"url\":\"https:\\\/\\\/gemeinsam-fuer-dernbach.de\\\/tr\\\/author\\\/gfd_manuel\",\"name\":\"GfD_Manuel\"},{\"@type\":\"WebPage\",\"@id\":\"https:\\\/\\\/gemeinsam-fuer-dernbach.de\\\/tr\\\/aktuelle-stellungnahme-der-fraktion#webpage\",\"url\":\"https:\\\/\\\/gemeinsam-fuer-dernbach.de\\\/tr\\\/aktuelle-stellungnahme-der-fraktion\",\"name\":\"Aktuelle Stellungnahme der Fraktion - Gemeinsam f\\u00fcr Dernbach\",\"description\":\"Mit gro\\u00dfem Bedauern haben wir gestern die Entscheidung unseres Fraktionsvorsitzenden Cosimo Jankowitsch zur Kenntnis genommen, alle seine \\u00c4mter und politischen Mandate im Ortsgemeinderat Dernbach und der Verbandsgemeinde Wirges niederzulegen. Sein Schritt kam f\\u00fcr uns \\u00fcberraschend, und wir h\\u00e4tten uns gew\\u00fcnscht, vorher mit ihm in einen pers\\u00f6nlichen Austausch zu treten. Wir danken ihm f\\u00fcr seinen bisherigen\",\"inLanguage\":\"tr-TR\",\"isPartOf\":{\"@id\":\"https:\\\/\\\/gemeinsam-fuer-dernbach.de\\\/tr\\\/#website\"},\"breadcrumb\":{\"@id\":\"https:\\\/\\\/gemeinsam-fuer-dernbach.de\\\/tr\\\/aktuelle-stellungnahme-der-fraktion#breadcrumblist\"},\"author\":{\"@id\":\"https:\\\/\\\/gemeinsam-fuer-dernbach.de\\\/tr\\\/author\\\/gfd_manuel#author\"},\"creator\":{\"@id\":\"https:\\\/\\\/gemeinsam-fuer-dernbach.de\\\/tr\\\/author\\\/gfd_manuel#author\"},\"datePublished\":\"2024-09-11T06:33:32+01:00\",\"dateModified\":\"2025-07-01T22:33:07+01:00\"},{\"@type\":\"WebSite\",\"@id\":\"https:\\\/\\\/gemeinsam-fuer-dernbach.de\\\/tr\\\/#website\",\"url\":\"https:\\\/\\\/gemeinsam-fuer-dernbach.de\\\/tr\\\/\",\"name\":\"Gemeinsam f\\u00fcr Dernbach\",\"description\":\"Gemeinsam f\\u00fcr Dernbach - Website der W\\u00e4hlergruppe Jankowitsch\",\"inLanguage\":\"tr-TR\",\"publisher\":{\"@id\":\"https:\\\/\\\/gemeinsam-fuer-dernbach.de\\\/tr\\\/#organization\"}}]}\n\t\t<\/script>\n\t\t<!-- All in One SEO -->\n\n","aioseo_head_json":{"title":"Aktuelle Stellungnahme der Fraktion - Gemeinsam f\u00fcr Dernbach","description":"Mit gro\u00dfem Bedauern haben wir gestern die Entscheidung unseres Fraktionsvorsitzenden Cosimo Jankowitsch zur Kenntnis genommen, alle seine \u00c4mter und politischen Mandate im Ortsgemeinderat Dernbach und der Verbandsgemeinde Wirges niederzulegen. Sein Schritt kam f\u00fcr uns \u00fcberraschend, und wir h\u00e4tten uns gew\u00fcnscht, vorher mit ihm in einen pers\u00f6nlichen Austausch zu treten. Wir danken ihm f\u00fcr seinen bisherigen","canonical_url":"https:\/\/gemeinsam-fuer-dernbach.de\/tr\/aktuelle-stellungnahme-der-fraktion","robots":"max-image-preview:large","keywords":"","webmasterTools":{"miscellaneous":""},"schema":{"@context":"https:\/\/schema.org","@graph":[{"@type":"BlogPosting","@id":"https:\/\/gemeinsam-fuer-dernbach.de\/tr\/aktuelle-stellungnahme-der-fraktion#blogposting","name":"Aktuelle Stellungnahme der Fraktion - Gemeinsam f\u00fcr Dernbach","headline":"Aktuelle Stellungnahme der Fraktion","author":{"@id":"https:\/\/gemeinsam-fuer-dernbach.de\/tr\/author\/gfd_manuel#author"},"publisher":{"@id":"https:\/\/gemeinsam-fuer-dernbach.de\/tr\/#organization"},"image":{"@type":"ImageObject","url":"https:\/\/gemeinsam-fuer-dernbach.de\/wp-content\/uploads\/2024\/12\/cropped-Button.png","@id":"https:\/\/gemeinsam-fuer-dernbach.de\/tr\/#articleImage","width":512,"height":512,"caption":"Gemeinsam f\u00fcr Dernbach"},"datePublished":"2024-09-11T06:33:32+01:00","dateModified":"2025-07-01T22:33:07+01:00","inLanguage":"tr-TR","mainEntityOfPage":{"@id":"https:\/\/gemeinsam-fuer-dernbach.de\/tr\/aktuelle-stellungnahme-der-fraktion#webpage"},"isPartOf":{"@id":"https:\/\/gemeinsam-fuer-dernbach.de\/tr\/aktuelle-stellungnahme-der-fraktion#webpage"},"articleSection":"Neues von uns, Fraktionsvorsitz, R\u00fccktritt, Stellungnahme"},{"@type":"BreadcrumbList","@id":"https:\/\/gemeinsam-fuer-dernbach.de\/tr\/aktuelle-stellungnahme-der-fraktion#breadcrumblist","itemListElement":[{"@type":"ListItem","@id":"https:\/\/gemeinsam-fuer-dernbach.de\/tr#listItem","position":1,"name":"Home","item":"https:\/\/gemeinsam-fuer-dernbach.de\/tr","nextItem":{"@type":"ListItem","@id":"https:\/\/gemeinsam-fuer-dernbach.de\/tr\/category\/neues-von-uns#listItem","name":"Neues von uns"}},{"@type":"ListItem","@id":"https:\/\/gemeinsam-fuer-dernbach.de\/tr\/category\/neues-von-uns#listItem","position":2,"name":"Neues von uns","item":"https:\/\/gemeinsam-fuer-dernbach.de\/tr\/category\/neues-von-uns","nextItem":{"@type":"ListItem","@id":"https:\/\/gemeinsam-fuer-dernbach.de\/tr\/aktuelle-stellungnahme-der-fraktion#listItem","name":"Aktuelle Stellungnahme der Fraktion"},"previousItem":{"@type":"ListItem","@id":"https:\/\/gemeinsam-fuer-dernbach.de\/tr#listItem","name":"Home"}},{"@type":"ListItem","@id":"https:\/\/gemeinsam-fuer-dernbach.de\/tr\/aktuelle-stellungnahme-der-fraktion#listItem","position":3,"name":"Aktuelle Stellungnahme der Fraktion","previousItem":{"@type":"ListItem","@id":"https:\/\/gemeinsam-fuer-dernbach.de\/tr\/category\/neues-von-uns#listItem","name":"Neues von uns"}}]},{"@type":"Organization","@id":"https:\/\/gemeinsam-fuer-dernbach.de\/tr\/#organization","name":"Gemeinsam f\u00fcr Dernbach","description":"Gemeinsam f\u00fcr Dernbach - Website der W\u00e4hlergruppe Jankowitsch","url":"https:\/\/gemeinsam-fuer-dernbach.de\/tr\/","logo":{"@type":"ImageObject","url":"https:\/\/gemeinsam-fuer-dernbach.de\/wp-content\/uploads\/2024\/12\/cropped-Button.png","@id":"https:\/\/gemeinsam-fuer-dernbach.de\/tr\/aktuelle-stellungnahme-der-fraktion\/#organizationLogo","width":512,"height":512,"caption":"Gemeinsam f\u00fcr Dernbach"},"image":{"@id":"https:\/\/gemeinsam-fuer-dernbach.de\/tr\/aktuelle-stellungnahme-der-fraktion\/#organizationLogo"},"sameAs":["https:\/\/www.facebook.com\/gemeinsam.fuer.dernbach\/","https:\/\/www.instagram.com\/gemeinsam_fuer_dernbach\/"]},{"@type":"Person","@id":"https:\/\/gemeinsam-fuer-dernbach.de\/tr\/author\/gfd_manuel#author","url":"https:\/\/gemeinsam-fuer-dernbach.de\/tr\/author\/gfd_manuel","name":"GfD_Manuel"},{"@type":"WebPage","@id":"https:\/\/gemeinsam-fuer-dernbach.de\/tr\/aktuelle-stellungnahme-der-fraktion#webpage","url":"https:\/\/gemeinsam-fuer-dernbach.de\/tr\/aktuelle-stellungnahme-der-fraktion","name":"Aktuelle Stellungnahme der Fraktion - Gemeinsam f\u00fcr Dernbach","description":"Mit gro\u00dfem Bedauern haben wir gestern die Entscheidung unseres Fraktionsvorsitzenden Cosimo Jankowitsch zur Kenntnis genommen, alle seine \u00c4mter und politischen Mandate im Ortsgemeinderat Dernbach und der Verbandsgemeinde Wirges niederzulegen. Sein Schritt kam f\u00fcr uns \u00fcberraschend, und wir h\u00e4tten uns gew\u00fcnscht, vorher mit ihm in einen pers\u00f6nlichen Austausch zu treten. Wir danken ihm f\u00fcr seinen bisherigen","inLanguage":"tr-TR","isPartOf":{"@id":"https:\/\/gemeinsam-fuer-dernbach.de\/tr\/#website"},"breadcrumb":{"@id":"https:\/\/gemeinsam-fuer-dernbach.de\/tr\/aktuelle-stellungnahme-der-fraktion#breadcrumblist"},"author":{"@id":"https:\/\/gemeinsam-fuer-dernbach.de\/tr\/author\/gfd_manuel#author"},"creator":{"@id":"https:\/\/gemeinsam-fuer-dernbach.de\/tr\/author\/gfd_manuel#author"},"datePublished":"2024-09-11T06:33:32+01:00","dateModified":"2025-07-01T22:33:07+01:00"},{"@type":"WebSite","@id":"https:\/\/gemeinsam-fuer-dernbach.de\/tr\/#website","url":"https:\/\/gemeinsam-fuer-dernbach.de\/tr\/","name":"Gemeinsam f\u00fcr Dernbach","description":"Gemeinsam f\u00fcr Dernbach - Website der W\u00e4hlergruppe Jankowitsch","inLanguage":"tr-TR","publisher":{"@id":"https:\/\/gemeinsam-fuer-dernbach.de\/tr\/#organization"}}]},"og:locale":"tr_TR","og:site_name":"Gemeinsam f\u00fcr Dernbach - Gemeinsam f\u00fcr Dernbach - Website der W\u00e4hlergruppe Jankowitsch","og:type":"article","og:title":"Aktuelle Stellungnahme der Fraktion - Gemeinsam f\u00fcr Dernbach","og:description":"Mit gro\u00dfem Bedauern haben wir gestern die Entscheidung unseres Fraktionsvorsitzenden Cosimo Jankowitsch zur Kenntnis genommen, alle seine \u00c4mter und politischen Mandate im Ortsgemeinderat Dernbach und der Verbandsgemeinde Wirges niederzulegen. Sein Schritt kam f\u00fcr uns \u00fcberraschend, und wir h\u00e4tten uns gew\u00fcnscht, vorher mit ihm in einen pers\u00f6nlichen Austausch zu treten. Wir danken ihm f\u00fcr seinen bisherigen","og:url":"https:\/\/gemeinsam-fuer-dernbach.de\/tr\/aktuelle-stellungnahme-der-fraktion","og:image":"https:\/\/gemeinsam-fuer-dernbach.de\/wp-content\/uploads\/2024\/12\/cropped-Button.png","og:image:secure_url":"https:\/\/gemeinsam-fuer-dernbach.de\/wp-content\/uploads\/2024\/12\/cropped-Button.png","og:image:width":512,"og:image:height":512,"article:published_time":"2024-09-11T05:33:32+00:00","article:modified_time":"2025-07-01T21:33:07+00:00","article:publisher":"https:\/\/www.facebook.com\/gemeinsam.fuer.dernbach\/","twitter:card":"summary_large_image","twitter:title":"Aktuelle Stellungnahme der Fraktion - Gemeinsam f\u00fcr Dernbach","twitter:description":"Mit gro\u00dfem Bedauern haben wir gestern die Entscheidung unseres Fraktionsvorsitzenden Cosimo Jankowitsch zur Kenntnis genommen, alle seine \u00c4mter und politischen Mandate im Ortsgemeinderat Dernbach und der Verbandsgemeinde Wirges niederzulegen. Sein Schritt kam f\u00fcr uns \u00fcberraschend, und wir h\u00e4tten uns gew\u00fcnscht, vorher mit ihm in einen pers\u00f6nlichen Austausch zu treten. Wir danken ihm f\u00fcr seinen bisherigen","twitter:image":"https:\/\/gemeinsam-fuer-dernbach.de\/wp-content\/uploads\/2024\/12\/cropped-Button.png"},"aioseo_meta_data":{"post_id":"695","title":null,"description":null,"keywords":null,"keyphrases":{"focus":[],"additional":[]},"primary_term":null,"canonical_url":null,"og_title":null,"og_description":null,"og_object_type":"default","og_image_type":"default","og_image_url":null,"og_image_width":null,"og_image_height":null,"og_image_custom_url":null,"og_image_custom_fields":null,"og_video":"","og_custom_url":null,"og_article_section":null,"og_article_tags":null,"twitter_use_og":false,"twitter_card":"default","twitter_image_type":"default","twitter_image_url":null,"twitter_image_custom_url":null,"twitter_image_custom_fields":null,"twitter_title":null,"twitter_description":null,"schema":{"blockGraphs":[],"customGraphs":[],"default":{"data":{"Article":[],"Course":[],"Dataset":[],"FAQPage":[],"Movie":[],"Person":[],"Product":[],"ProductReview":[],"Car":[],"Recipe":[],"Service":[],"SoftwareApplication":[],"WebPage":[]},"graphName":"","isEnabled":true},"graphs":[]},"schema_type":"default","schema_type_options":null,"pillar_content":false,"robots_default":true,"robots_noindex":false,"robots_noarchive":false,"robots_nosnippet":false,"robots_nofollow":false,"robots_noimageindex":false,"robots_noodp":false,"robots_notranslate":false,"robots_max_snippet":"-1","robots_max_videopreview":"-1","robots_max_imagepreview":"large","priority":null,"frequency":"default","local_seo":null,"breadcrumb_settings":null,"limit_modified_date":false,"ai":null,"created":"2025-06-24 20:04:55","updated":"2026-09-03 19:35:12","seo_analyzer_scan_date":null,"focus_keyword":null,"additional_keywords":null,"truseo_locale":null},"aioseo_breadcrumb":"<div class=\"aioseo-breadcrumbs\"><span class=\"aioseo-breadcrumb\">\n\t\t\t<a href=\"https:\/\/gemeinsam-fuer-dernbach.de\/tr\" title=\"Home\">Home<\/a>\n\t\t<\/span><span class=\"aioseo-breadcrumb-separator\">&raquo;<\/span><span class=\"aioseo-breadcrumb\">\n\t\t\t<a href=\"https:\/\/gemeinsam-fuer-dernbach.de\/tr\/category\/neues-von-uns\" title=\"Neues von uns\">Neues von uns<\/a>\n\t\t<\/span><span class=\"aioseo-breadcrumb-separator\">&raquo;<\/span><span class=\"aioseo-breadcrumb\">\n\t\t\tAktuelle Stellungnahme der Fraktion\n\t\t<\/span><\/div>","aioseo_breadcrumb_json":[{"label":"Home","link":"https:\/\/gemeinsam-fuer-dernbach.de\/tr"},{"label":"Neues von uns","link":"https:\/\/gemeinsam-fuer-dernbach.de\/tr\/category\/neues-von-uns"},{"label":"Aktuelle Stellungnahme der Fraktion","link":"https:\/\/gemeinsam-fuer-dernbach.de\/tr\/aktuelle-stellungnahme-der-fraktion"}],"_links":{"self":[{"href":"https:\/\/gemeinsam-fuer-dernbach.de\/tr\/wp-json\/wp\/v2\/posts\/695","targetHints":{"allow":["GET"]}}],"collection":[{"href":"https:\/\/gemeinsam-fuer-dernbach.de\/tr\/wp-json\/wp\/v2\/posts"}],"about":[{"href":"https:\/\/gemeinsam-fuer-dernbach.de\/tr\/wp-json\/wp\/v2\/types\/post"}],"author":[{"embeddable":true,"href":"https:\/\/gemeinsam-fuer-dernbach.de\/tr\/wp-json\/wp\/v2\/users\/2"}],"replies":[{"embeddable":true,"href":"https:\/\/gemeinsam-fuer-dernbach.de\/tr\/wp-json\/wp\/v2\/comments?post=695"}],"version-history":[{"count":5,"href":"https:\/\/gemeinsam-fuer-dernbach.de\/tr\/wp-json\/wp\/v2\/posts\/695\/revisions"}],"predecessor-version":[{"id":1204,"href":"https:\/\/gemeinsam-fuer-dernbach.de\/tr\/wp-json\/wp\/v2\/posts\/695\/revisions\/1204"}],"wp:attachment":[{"href":"https:\/\/gemeinsam-fuer-dernbach.de\/tr\/wp-json\/wp\/v2\/media?parent=695"}],"wp:term":[{"taxonomy":"category","embeddable":true,"href":"https:\/\/gemeinsam-fuer-dernbach.de\/tr\/wp-json\/wp\/v2\/categories?post=695"},{"taxonomy":"post_tag","embeddable":true,"href":"https:\/\/gemeinsam-fuer-dernbach.de\/tr\/wp-json\/wp\/v2\/tags?post=695"}],"curies":[{"name":"wp","href":"https:\/\/api.w.org\/{rel}","templated":true}]}}