{"id":704,"date":"2024-09-15T08:08:00","date_gmt":"2024-09-15T07:08:00","guid":{"rendered":"https:\/\/gemeinsam-fuer-dernbach.de\/?p=704"},"modified":"2025-07-01T22:33:46","modified_gmt":"2025-07-01T21:33:46","slug":"aktuelles-aus-dem-gemeinderat","status":"publish","type":"post","link":"https:\/\/gemeinsam-fuer-dernbach.de\/tr\/aktuelles-aus-dem-gemeinderat","title":{"rendered":"Belediye Meclisi'nden Haberler"},"content":{"rendered":"<p class=\"wp-block-paragraph\">Belediye meclisinde neler oluyor? Hangi kararlar al\u0131n\u0131r? Yeni bilgi serimizle sizi g\u00fcncel tutuyoruz! Burada belediye meclisinin neyi tart\u0131\u015ft\u0131\u011f\u0131n\u0131, hangi kararlar\u0131n al\u0131nd\u0131\u011f\u0131n\u0131 ve grup olarak hangi teklifleri ve sorular\u0131 sordu\u011fumuzu \u00f6\u011frenebilirsiniz.<\/p>\n\n\n\n<figure class=\"wp-block-image\"><img decoding=\"async\" src=\"https:\/\/gemeinsam-fuer-dernbach.de\/wp-content\/uploads\/2024\/09\/Neues-Gemeiderat.jpeg\" alt=\"Yaz\u0131 ile Dernbach Foto\u011fraf\u0131\"\/><\/figure>\n\n\n\n<p class=\"wp-block-paragraph\"><\/p>\n\n\n\n<h4 class=\"wp-block-heading\">28 A\u011fustos 2024 Kurucu Toplant\u0131s\u0131<\/h4>\n\n\n\n<p class=\"wp-block-paragraph\">Se\u00e7imlerden sonraki ilk toplant\u0131 \u00f6nemli personel ve \u00f6rg\u00fctsel kararlarla ele al\u0131nd\u0131. Konsey \u00fcyelerinin y\u00fck\u00fcml\u00fcl\u00fc\u011f\u00fcn\u00fcn yan\u0131 s\u0131ra yerel belediye ba\u015fkan\u0131n\u0131n, milletvekillerinin ve komite \u00fcyelerinin se\u00e7ilmesine ek olarak, konsey, yerel konseyin yeni prosed\u00fcr kurallar\u0131n\u0131 oybirli\u011fiyle kabul etti. Toplant\u0131lar\u0131n nas\u0131l topland\u0131\u011f\u0131n\u0131, halk\u0131n kat\u0131l\u0131m\u0131n\u0131, toplant\u0131lar\u0131n y\u00fcr\u00fct\u00fclmesini ve talep ve sorgulamalar\u0131n ele al\u0131nmas\u0131n\u0131 belirler.<\/p>\n\n\n\n<h4 class=\"wp-block-heading\">\u0130leti\u015fim ve soru\u015fturmalar<\/h4>\n\n\n\n<p class=\"wp-block-paragraph\">Belediye ba\u015fkan\u0131 Ferdi D\u00fcber, topluluk merkezinin sat\u0131n al\u0131nmas\u0131n\u0131n yakla\u015f\u0131k 35,000\u00a0EUR daha pahal\u0131 olaca\u011f\u0131n\u0131 konseye bildirdi. Bunun nedeni, vergi dairesi taraf\u0131ndan s\u00f6zl\u00fc olarak kendisine vaat edilenin aksine \u2014 \u015fimdi ge\u00e7erli olan emlak transfer vergisidir. Noter, itiraz i\u00e7in ba\u015far\u0131 \u015fans\u0131 g\u00f6rmez, \u00e7\u00fcnk\u00fc binan\u0131n kullan\u0131m amac\u0131 dininden belediyeye de\u011fi\u015fmi\u015ftir ve bu da vergi y\u00fck\u00fcml\u00fcl\u00fc\u011f\u00fcn\u00fc tetikler.<br>Verbandsgemeinde (VG) Wirges\u2019in ilk yard\u0131mc\u0131s\u0131 Bay Schwickert mevcut oldu\u011fundan, Verbandsgemeinde'nin konular\u0131 da ele al\u0131nd\u0131.<br>Konsey\u2019in yeni \u00fcyesi Dr. Manuel Misgeld, toplant\u0131 \u015fablonlar\u0131n\u0131n (\u00f6rne\u011fin komite kompozisyonu \u00f6nerisi gibi) tarihlerde do\u011frudan da\u011f\u0131t\u0131lmas\u0131n\u0131n geleneksel olup olmad\u0131\u011f\u0131n\u0131 sordu. Yerel belediye ba\u015fkan\u0131, bunun bir\u00e7ok kurucu toplant\u0131 nedeniyle dernek toplulu\u011funun y\u00fcksek i\u015f y\u00fck\u00fcnden kaynakland\u0131\u011f\u0131n\u0131 a\u00e7\u0131klad\u0131. Bununla birlikte, CDU grup lideri tekrar tekrar k\u0131sa teslim s\u00fcrelerini ele\u015ftirdi ve bir de\u011fi\u015fiklik \u00e7a\u011fr\u0131s\u0131nda bulundu.<\/p>\n\n\n\n<h4 class=\"wp-block-heading\">Fiber ve altyap\u0131<\/h4>\n\n\n\n<p class=\"wp-block-paragraph\">Tart\u0131\u015fman\u0131n ana konusu fiber optik a\u011f\u0131n yava\u015f geni\u015flemesiydi. Baz\u0131 konsey \u00fcyeleri, gecikmi\u015f in\u015faat \u00e7al\u0131\u015fmalar\u0131, k\u00f6t\u00fc yol ko\u015fullar\u0131 ve hala ola\u011fan\u00fcst\u00fc ev ba\u011flant\u0131lar\u0131 hakk\u0131nda ele\u015ftirilerini dile getirdi. VG'nin ilk yard\u0131mc\u0131s\u0131 anlay\u0131\u015f g\u00f6sterdi ve sorumlu in\u015faat \u015firketinin sorunlar hakk\u0131nda zaten bilgilendirildi\u011fini belirtti. Ancak bu pek \u00e7ok meclis \u00fcyesi i\u00e7in yeterli de\u011fildi. Dernbach'\u0131n ikinci milletvekili mevcut duruma a\u00e7\u0131k\u00e7a kar\u015f\u0131 \u00e7\u0131kt\u0131 ve Verbandsgemeindeverwaltung\u2019u burada daha aktif hale getirme g\u00f6revine ald\u0131.<\/p>\n\n\n\n<h4 class=\"wp-block-heading\">Otob\u00fcs ta\u015f\u0131mac\u0131l\u0131\u011f\u0131: Teklifin bozulmas\u0131<\/h4>\n\n\n\n<p class=\"wp-block-paragraph\">Manuel ayr\u0131ca Pazar g\u00fcn\u00fc i\u00e7in yeni otob\u00fcs tarifesinin Dernbach i\u00e7in \u00f6nemli bir bozulma gerektirdi\u011fini de belirtti. Normal saatlik \u00fccret yerine, otob\u00fcs \u015fimdi sadece iki saatte bir \u00e7al\u0131\u015f\u0131r, \u00e7\u00fcnk\u00fc 425 numaral\u0131 hat Wirges \u00fczerinden y\u00f6nlendirilir ve 420 hatt\u0131 ile ayn\u0131 anda \u00e7al\u0131\u015f\u0131r. Wirges'de, \u015fimdi h\u0131zl\u0131 bir \u015fekilde arka arkaya \u00e7al\u0131\u015fan iki otob\u00fcs var, ard\u0131ndan iki saatlik bir mola geliyor.<br>Yerel belediye ba\u015fkan\u0131 \u015fa\u015f\u0131rd\u0131 ve de\u011fi\u015fiklikleri sadece Manuel\u2019in ipucuyla \u00f6\u011frendi\u011fini a\u00e7\u0131klad\u0131. \u0130cab\u0131na bakaca\u011f\u0131na s\u00f6z verdi. Bununla birlikte, CDU parlamenter grubunun lideri beklentileri azaltt\u0131 ve il\u00e7enin, toplu ta\u015f\u0131ma ta\u015f\u0131y\u0131c\u0131s\u0131 olarak yerel topluluklar\u0131n endi\u015felerine \u00e7ok az dikkat etti\u011fini belirtti. CDU grubu taraf\u0131ndan soruldu\u011funda Manuel, yeni yol haritas\u0131n\u0131n sadece birka\u00e7 y\u0131l i\u00e7inde planland\u0131\u011f\u0131 gibi yeni bir ihale \u00e7a\u011fr\u0131s\u0131yla hi\u00e7bir ilgisi olmad\u0131\u011f\u0131n\u0131 do\u011frulad\u0131. Ayr\u0131ca otob\u00fcslerin Pazar g\u00fcnleri de yo\u011fun oldu\u011funu vurgulad\u0131 \u2014 sadece art\u0131k Dernbach'\u0131 ge\u00e7miyor. Bir grup olarak bu konuyu s\u00fcrd\u00fcrmeye devam edece\u011fiz, \u00e7\u00fcnk\u00fc bu bozulma, \u00f6zellikle \u00e7evre bilincine sahip vatanda\u015flar ve ehliyeti olmayan insanlar i\u00e7in kabul edilmemelidir.<\/p>","protected":false},"excerpt":{"rendered":"<p>Yerel Meclis'te neler oluyor? Hangi kararlar al\u0131n\u0131r? Yeni bilgi serimizle sizi g\u00fcncel tutuyoruz! Burada belediye meclisinin neyi tart\u0131\u015ft\u0131\u011f\u0131n\u0131, hangi kararlar\u0131n al\u0131nd\u0131\u011f\u0131n\u0131 ve [...]<\/p>","protected":false},"author":2,"featured_media":0,"comment_status":"closed","ping_status":"open","sticky":false,"template":"","format":"standard","meta":{"_price":"","_stock":"","_tribe_ticket_header":"","_tribe_default_ticket_provider":"","_tribe_ticket_capacity":"0","_ticket_start_date":"","_ticket_end_date":"","_tribe_ticket_show_description":"","_tribe_ticket_show_not_going":false,"_tribe_ticket_use_global_stock":"","_tribe_ticket_global_stock_level":"","_global_stock_mode":"","_global_stock_cap":"","_tribe_rsvp_for_event":"","_tribe_ticket_going_count":"","_tribe_ticket_not_going_count":"","_tribe_tickets_list":"[]","_tribe_ticket_has_attendee_info_fields":false,"_EventAllDay":false,"_EventTimezone":"","_EventStartDate":"","_EventEndDate":"","_EventStartDateUTC":"","_EventEndDateUTC":"","_EventShowMap":false,"_EventShowMapLink":false,"_EventURL":"","_EventCost":"","_EventCostDescription":"","_EventCurrencySymbol":"","_EventCurrencyCode":"","_EventCurrencyPosition":"","_EventDateTimeSeparator":"","_EventTimeRangeSeparator":"","_EventOrganizerID":[],"_EventVenueID":[],"_OrganizerEmail":"","_OrganizerPhone":"","_OrganizerWebsite":"","_VenueAddress":"","_VenueCity":"","_VenueCountry":"","_VenueProvince":"","_VenueState":"","_VenueZip":"","_VenuePhone":"","_VenueURL":"","_VenueStateProvince":"","_VenueLat":"","_VenueLng":"","_VenueShowMap":false,"_VenueShowMapLink":false,"footnotes":""},"categories":[10],"tags":[116,115,114,124,117],"class_list":["post-704","post","type-post","status-publish","format-standard","hentry","category-neues-aus-dem-gemeinderat","tag-busfahrplan","tag-gemeindezentrum","tag-geschaeftsordnung","tag-glasfaser","tag-oeffentlicher-nahverkehr"],"aioseo_notices":[],"aioseo_head":"\n\t\t<!-- All in One SEO 5.0.1.1 - aioseo.com -->\n\t<meta name=\"description\" content=\"Was passiert im Gemeinderat? Welche Beschl\u00fcsse werden gefasst? Mit unserer neuen Infoserie halten wir euch auf dem Laufenden! Hier erfahrt ihr, was der Gemeinderat diskutiert, welche Entscheidungen getroffen werden und welche Antr\u00e4ge und Fragen wir als Fraktion stellen. Konstituierende Sitzung vom 28. August 2024 In der ersten Sitzung nach den Wahlen ging es um wichtige\" \/>\n\t<meta name=\"robots\" content=\"max-image-preview:large\" \/>\n\t<meta name=\"author\" content=\"GfD_Manuel\"\/>\n\t<link rel=\"canonical\" href=\"https:\/\/gemeinsam-fuer-dernbach.de\/tr\/aktuelles-aus-dem-gemeinderat\" \/>\n\t<meta name=\"generator\" content=\"All in One SEO (AIOSEO) 5.0.1.1\" \/>\n\t\t<meta property=\"og:locale\" content=\"tr_TR\" \/>\n\t\t<meta property=\"og:site_name\" content=\"Gemeinsam f\u00fcr Dernbach - Gemeinsam f\u00fcr Dernbach - Website der W\u00e4hlergruppe Jankowitsch\" \/>\n\t\t<meta property=\"og:type\" content=\"article\" \/>\n\t\t<meta property=\"og:title\" content=\"Aktuelles aus dem Gemeinderat - Gemeinsam f\u00fcr Dernbach\" \/>\n\t\t<meta property=\"og:description\" content=\"Was passiert im Gemeinderat? Welche Beschl\u00fcsse werden gefasst? Mit unserer neuen Infoserie halten wir euch auf dem Laufenden! Hier erfahrt ihr, was der Gemeinderat diskutiert, welche Entscheidungen getroffen werden und welche Antr\u00e4ge und Fragen wir als Fraktion stellen. Konstituierende Sitzung vom 28. August 2024 In der ersten Sitzung nach den Wahlen ging es um wichtige\" \/>\n\t\t<meta property=\"og:url\" content=\"https:\/\/gemeinsam-fuer-dernbach.de\/tr\/aktuelles-aus-dem-gemeinderat\" \/>\n\t\t<meta property=\"og:image\" content=\"https:\/\/gemeinsam-fuer-dernbach.de\/wp-content\/uploads\/2024\/12\/cropped-Button.png\" \/>\n\t\t<meta property=\"og:image:secure_url\" content=\"https:\/\/gemeinsam-fuer-dernbach.de\/wp-content\/uploads\/2024\/12\/cropped-Button.png\" \/>\n\t\t<meta property=\"og:image:width\" content=\"512\" \/>\n\t\t<meta property=\"og:image:height\" content=\"512\" \/>\n\t\t<meta property=\"article:published_time\" content=\"2024-09-15T07:08:00+00:00\" \/>\n\t\t<meta property=\"article:modified_time\" content=\"2025-07-01T21:33:46+00:00\" \/>\n\t\t<meta property=\"article:publisher\" content=\"https:\/\/www.facebook.com\/gemeinsam.fuer.dernbach\/\" \/>\n\t\t<meta name=\"twitter:card\" content=\"summary_large_image\" \/>\n\t\t<meta name=\"twitter:title\" content=\"Aktuelles aus dem Gemeinderat - Gemeinsam f\u00fcr Dernbach\" \/>\n\t\t<meta name=\"twitter:description\" content=\"Was passiert im Gemeinderat? Welche Beschl\u00fcsse werden gefasst? Mit unserer neuen Infoserie halten wir euch auf dem Laufenden! Hier erfahrt ihr, was der Gemeinderat diskutiert, welche Entscheidungen getroffen werden und welche Antr\u00e4ge und Fragen wir als Fraktion stellen. Konstituierende Sitzung vom 28. August 2024 In der ersten Sitzung nach den Wahlen ging es um wichtige\" \/>\n\t\t<meta name=\"twitter:image\" content=\"https:\/\/gemeinsam-fuer-dernbach.de\/wp-content\/uploads\/2024\/12\/cropped-Button.png\" \/>\n\t\t<script type=\"application\/ld+json\" class=\"aioseo-schema\">\n\t\t\t{\"@context\":\"https:\\\/\\\/schema.org\",\"@graph\":[{\"@type\":\"BlogPosting\",\"@id\":\"https:\\\/\\\/gemeinsam-fuer-dernbach.de\\\/tr\\\/aktuelles-aus-dem-gemeinderat#blogposting\",\"name\":\"Aktuelles aus dem Gemeinderat - Gemeinsam f\\u00fcr Dernbach\",\"headline\":\"Aktuelles aus dem Gemeinderat\",\"author\":{\"@id\":\"https:\\\/\\\/gemeinsam-fuer-dernbach.de\\\/tr\\\/author\\\/gfd_manuel#author\"},\"publisher\":{\"@id\":\"https:\\\/\\\/gemeinsam-fuer-dernbach.de\\\/tr\\\/#organization\"},\"image\":{\"@type\":\"ImageObject\",\"url\":\"https:\\\/\\\/gemeinsam-fuer-dernbach.de\\\/wp-content\\\/uploads\\\/2024\\\/09\\\/Neues-Gemeiderat.jpeg\",\"@id\":\"https:\\\/\\\/gemeinsam-fuer-dernbach.de\\\/tr\\\/aktuelles-aus-dem-gemeinderat\\\/#articleImage\",\"width\":859,\"height\":864,\"caption\":\"Neues aus dem Gemeinderat - Gemeinsam f\\u00fcr Dernbach berichtet\"},\"datePublished\":\"2024-09-15T08:08:00+01:00\",\"dateModified\":\"2025-07-01T22:33:46+01:00\",\"inLanguage\":\"tr-TR\",\"mainEntityOfPage\":{\"@id\":\"https:\\\/\\\/gemeinsam-fuer-dernbach.de\\\/tr\\\/aktuelles-aus-dem-gemeinderat#webpage\"},\"isPartOf\":{\"@id\":\"https:\\\/\\\/gemeinsam-fuer-dernbach.de\\\/tr\\\/aktuelles-aus-dem-gemeinderat#webpage\"},\"articleSection\":\"Neues aus dem Gemeinderat, Busfahrplan, Gemeindezentrum, Gesch\\u00e4ftsordnung, Glasfaser, \\u00d6ffentlicher Nahverkehr\"},{\"@type\":\"BreadcrumbList\",\"@id\":\"https:\\\/\\\/gemeinsam-fuer-dernbach.de\\\/tr\\\/aktuelles-aus-dem-gemeinderat#breadcrumblist\",\"itemListElement\":[{\"@type\":\"ListItem\",\"@id\":\"https:\\\/\\\/gemeinsam-fuer-dernbach.de\\\/tr#listItem\",\"position\":1,\"name\":\"Home\",\"item\":\"https:\\\/\\\/gemeinsam-fuer-dernbach.de\\\/tr\",\"nextItem\":{\"@type\":\"ListItem\",\"@id\":\"https:\\\/\\\/gemeinsam-fuer-dernbach.de\\\/tr\\\/category\\\/neues-aus-dem-gemeinderat#listItem\",\"name\":\"Neues aus dem Gemeinderat\"}},{\"@type\":\"ListItem\",\"@id\":\"https:\\\/\\\/gemeinsam-fuer-dernbach.de\\\/tr\\\/category\\\/neues-aus-dem-gemeinderat#listItem\",\"position\":2,\"name\":\"Neues aus dem Gemeinderat\",\"item\":\"https:\\\/\\\/gemeinsam-fuer-dernbach.de\\\/tr\\\/category\\\/neues-aus-dem-gemeinderat\",\"nextItem\":{\"@type\":\"ListItem\",\"@id\":\"https:\\\/\\\/gemeinsam-fuer-dernbach.de\\\/tr\\\/aktuelles-aus-dem-gemeinderat#listItem\",\"name\":\"Aktuelles aus dem Gemeinderat\"},\"previousItem\":{\"@type\":\"ListItem\",\"@id\":\"https:\\\/\\\/gemeinsam-fuer-dernbach.de\\\/tr#listItem\",\"name\":\"Home\"}},{\"@type\":\"ListItem\",\"@id\":\"https:\\\/\\\/gemeinsam-fuer-dernbach.de\\\/tr\\\/aktuelles-aus-dem-gemeinderat#listItem\",\"position\":3,\"name\":\"Aktuelles aus dem Gemeinderat\",\"previousItem\":{\"@type\":\"ListItem\",\"@id\":\"https:\\\/\\\/gemeinsam-fuer-dernbach.de\\\/tr\\\/category\\\/neues-aus-dem-gemeinderat#listItem\",\"name\":\"Neues aus dem Gemeinderat\"}}]},{\"@type\":\"Organization\",\"@id\":\"https:\\\/\\\/gemeinsam-fuer-dernbach.de\\\/tr\\\/#organization\",\"name\":\"Gemeinsam f\\u00fcr Dernbach\",\"description\":\"Gemeinsam f\\u00fcr Dernbach - Website der W\\u00e4hlergruppe Jankowitsch\",\"url\":\"https:\\\/\\\/gemeinsam-fuer-dernbach.de\\\/tr\\\/\",\"logo\":{\"@type\":\"ImageObject\",\"url\":\"https:\\\/\\\/gemeinsam-fuer-dernbach.de\\\/wp-content\\\/uploads\\\/2024\\\/12\\\/cropped-Button.png\",\"@id\":\"https:\\\/\\\/gemeinsam-fuer-dernbach.de\\\/tr\\\/aktuelles-aus-dem-gemeinderat\\\/#organizationLogo\",\"width\":512,\"height\":512,\"caption\":\"Gemeinsam f\\u00fcr Dernbach\"},\"image\":{\"@id\":\"https:\\\/\\\/gemeinsam-fuer-dernbach.de\\\/tr\\\/aktuelles-aus-dem-gemeinderat\\\/#organizationLogo\"},\"sameAs\":[\"https:\\\/\\\/www.facebook.com\\\/gemeinsam.fuer.dernbach\\\/\",\"https:\\\/\\\/www.instagram.com\\\/gemeinsam_fuer_dernbach\\\/\"]},{\"@type\":\"Person\",\"@id\":\"https:\\\/\\\/gemeinsam-fuer-dernbach.de\\\/tr\\\/author\\\/gfd_manuel#author\",\"url\":\"https:\\\/\\\/gemeinsam-fuer-dernbach.de\\\/tr\\\/author\\\/gfd_manuel\",\"name\":\"GfD_Manuel\"},{\"@type\":\"WebPage\",\"@id\":\"https:\\\/\\\/gemeinsam-fuer-dernbach.de\\\/tr\\\/aktuelles-aus-dem-gemeinderat#webpage\",\"url\":\"https:\\\/\\\/gemeinsam-fuer-dernbach.de\\\/tr\\\/aktuelles-aus-dem-gemeinderat\",\"name\":\"Aktuelles aus dem Gemeinderat - Gemeinsam f\\u00fcr Dernbach\",\"description\":\"Was passiert im Gemeinderat? Welche Beschl\\u00fcsse werden gefasst? Mit unserer neuen Infoserie halten wir euch auf dem Laufenden! Hier erfahrt ihr, was der Gemeinderat diskutiert, welche Entscheidungen getroffen werden und welche Antr\\u00e4ge und Fragen wir als Fraktion stellen. Konstituierende Sitzung vom 28. August 2024 In der ersten Sitzung nach den Wahlen ging es um wichtige\",\"inLanguage\":\"tr-TR\",\"isPartOf\":{\"@id\":\"https:\\\/\\\/gemeinsam-fuer-dernbach.de\\\/tr\\\/#website\"},\"breadcrumb\":{\"@id\":\"https:\\\/\\\/gemeinsam-fuer-dernbach.de\\\/tr\\\/aktuelles-aus-dem-gemeinderat#breadcrumblist\"},\"author\":{\"@id\":\"https:\\\/\\\/gemeinsam-fuer-dernbach.de\\\/tr\\\/author\\\/gfd_manuel#author\"},\"creator\":{\"@id\":\"https:\\\/\\\/gemeinsam-fuer-dernbach.de\\\/tr\\\/author\\\/gfd_manuel#author\"},\"datePublished\":\"2024-09-15T08:08:00+01:00\",\"dateModified\":\"2025-07-01T22:33:46+01:00\"},{\"@type\":\"WebSite\",\"@id\":\"https:\\\/\\\/gemeinsam-fuer-dernbach.de\\\/tr\\\/#website\",\"url\":\"https:\\\/\\\/gemeinsam-fuer-dernbach.de\\\/tr\\\/\",\"name\":\"Gemeinsam f\\u00fcr Dernbach\",\"description\":\"Gemeinsam f\\u00fcr Dernbach - Website der W\\u00e4hlergruppe Jankowitsch\",\"inLanguage\":\"tr-TR\",\"publisher\":{\"@id\":\"https:\\\/\\\/gemeinsam-fuer-dernbach.de\\\/tr\\\/#organization\"}}]}\n\t\t<\/script>\n\t\t<!-- All in One SEO -->\n\n","aioseo_head_json":{"title":"Aktuelles aus dem Gemeinderat - Gemeinsam f\u00fcr Dernbach","description":"Was passiert im Gemeinderat? Welche Beschl\u00fcsse werden gefasst? Mit unserer neuen Infoserie halten wir euch auf dem Laufenden! Hier erfahrt ihr, was der Gemeinderat diskutiert, welche Entscheidungen getroffen werden und welche Antr\u00e4ge und Fragen wir als Fraktion stellen. Konstituierende Sitzung vom 28. August 2024 In der ersten Sitzung nach den Wahlen ging es um wichtige","canonical_url":"https:\/\/gemeinsam-fuer-dernbach.de\/tr\/aktuelles-aus-dem-gemeinderat","robots":"max-image-preview:large","keywords":"","webmasterTools":{"miscellaneous":""},"schema":{"@context":"https:\/\/schema.org","@graph":[{"@type":"BlogPosting","@id":"https:\/\/gemeinsam-fuer-dernbach.de\/tr\/aktuelles-aus-dem-gemeinderat#blogposting","name":"Aktuelles aus dem Gemeinderat - Gemeinsam f\u00fcr Dernbach","headline":"Aktuelles aus dem Gemeinderat","author":{"@id":"https:\/\/gemeinsam-fuer-dernbach.de\/tr\/author\/gfd_manuel#author"},"publisher":{"@id":"https:\/\/gemeinsam-fuer-dernbach.de\/tr\/#organization"},"image":{"@type":"ImageObject","url":"https:\/\/gemeinsam-fuer-dernbach.de\/wp-content\/uploads\/2024\/09\/Neues-Gemeiderat.jpeg","@id":"https:\/\/gemeinsam-fuer-dernbach.de\/tr\/aktuelles-aus-dem-gemeinderat\/#articleImage","width":859,"height":864,"caption":"Neues aus dem Gemeinderat - Gemeinsam f\u00fcr Dernbach berichtet"},"datePublished":"2024-09-15T08:08:00+01:00","dateModified":"2025-07-01T22:33:46+01:00","inLanguage":"tr-TR","mainEntityOfPage":{"@id":"https:\/\/gemeinsam-fuer-dernbach.de\/tr\/aktuelles-aus-dem-gemeinderat#webpage"},"isPartOf":{"@id":"https:\/\/gemeinsam-fuer-dernbach.de\/tr\/aktuelles-aus-dem-gemeinderat#webpage"},"articleSection":"Neues aus dem Gemeinderat, Busfahrplan, Gemeindezentrum, Gesch\u00e4ftsordnung, Glasfaser, \u00d6ffentlicher Nahverkehr"},{"@type":"BreadcrumbList","@id":"https:\/\/gemeinsam-fuer-dernbach.de\/tr\/aktuelles-aus-dem-gemeinderat#breadcrumblist","itemListElement":[{"@type":"ListItem","@id":"https:\/\/gemeinsam-fuer-dernbach.de\/tr#listItem","position":1,"name":"Home","item":"https:\/\/gemeinsam-fuer-dernbach.de\/tr","nextItem":{"@type":"ListItem","@id":"https:\/\/gemeinsam-fuer-dernbach.de\/tr\/category\/neues-aus-dem-gemeinderat#listItem","name":"Neues aus dem Gemeinderat"}},{"@type":"ListItem","@id":"https:\/\/gemeinsam-fuer-dernbach.de\/tr\/category\/neues-aus-dem-gemeinderat#listItem","position":2,"name":"Neues aus dem Gemeinderat","item":"https:\/\/gemeinsam-fuer-dernbach.de\/tr\/category\/neues-aus-dem-gemeinderat","nextItem":{"@type":"ListItem","@id":"https:\/\/gemeinsam-fuer-dernbach.de\/tr\/aktuelles-aus-dem-gemeinderat#listItem","name":"Aktuelles aus dem Gemeinderat"},"previousItem":{"@type":"ListItem","@id":"https:\/\/gemeinsam-fuer-dernbach.de\/tr#listItem","name":"Home"}},{"@type":"ListItem","@id":"https:\/\/gemeinsam-fuer-dernbach.de\/tr\/aktuelles-aus-dem-gemeinderat#listItem","position":3,"name":"Aktuelles aus dem Gemeinderat","previousItem":{"@type":"ListItem","@id":"https:\/\/gemeinsam-fuer-dernbach.de\/tr\/category\/neues-aus-dem-gemeinderat#listItem","name":"Neues aus dem Gemeinderat"}}]},{"@type":"Organization","@id":"https:\/\/gemeinsam-fuer-dernbach.de\/tr\/#organization","name":"Gemeinsam f\u00fcr Dernbach","description":"Gemeinsam f\u00fcr Dernbach - Website der W\u00e4hlergruppe Jankowitsch","url":"https:\/\/gemeinsam-fuer-dernbach.de\/tr\/","logo":{"@type":"ImageObject","url":"https:\/\/gemeinsam-fuer-dernbach.de\/wp-content\/uploads\/2024\/12\/cropped-Button.png","@id":"https:\/\/gemeinsam-fuer-dernbach.de\/tr\/aktuelles-aus-dem-gemeinderat\/#organizationLogo","width":512,"height":512,"caption":"Gemeinsam f\u00fcr Dernbach"},"image":{"@id":"https:\/\/gemeinsam-fuer-dernbach.de\/tr\/aktuelles-aus-dem-gemeinderat\/#organizationLogo"},"sameAs":["https:\/\/www.facebook.com\/gemeinsam.fuer.dernbach\/","https:\/\/www.instagram.com\/gemeinsam_fuer_dernbach\/"]},{"@type":"Person","@id":"https:\/\/gemeinsam-fuer-dernbach.de\/tr\/author\/gfd_manuel#author","url":"https:\/\/gemeinsam-fuer-dernbach.de\/tr\/author\/gfd_manuel","name":"GfD_Manuel"},{"@type":"WebPage","@id":"https:\/\/gemeinsam-fuer-dernbach.de\/tr\/aktuelles-aus-dem-gemeinderat#webpage","url":"https:\/\/gemeinsam-fuer-dernbach.de\/tr\/aktuelles-aus-dem-gemeinderat","name":"Aktuelles aus dem Gemeinderat - Gemeinsam f\u00fcr Dernbach","description":"Was passiert im Gemeinderat? Welche Beschl\u00fcsse werden gefasst? Mit unserer neuen Infoserie halten wir euch auf dem Laufenden! Hier erfahrt ihr, was der Gemeinderat diskutiert, welche Entscheidungen getroffen werden und welche Antr\u00e4ge und Fragen wir als Fraktion stellen. Konstituierende Sitzung vom 28. August 2024 In der ersten Sitzung nach den Wahlen ging es um wichtige","inLanguage":"tr-TR","isPartOf":{"@id":"https:\/\/gemeinsam-fuer-dernbach.de\/tr\/#website"},"breadcrumb":{"@id":"https:\/\/gemeinsam-fuer-dernbach.de\/tr\/aktuelles-aus-dem-gemeinderat#breadcrumblist"},"author":{"@id":"https:\/\/gemeinsam-fuer-dernbach.de\/tr\/author\/gfd_manuel#author"},"creator":{"@id":"https:\/\/gemeinsam-fuer-dernbach.de\/tr\/author\/gfd_manuel#author"},"datePublished":"2024-09-15T08:08:00+01:00","dateModified":"2025-07-01T22:33:46+01:00"},{"@type":"WebSite","@id":"https:\/\/gemeinsam-fuer-dernbach.de\/tr\/#website","url":"https:\/\/gemeinsam-fuer-dernbach.de\/tr\/","name":"Gemeinsam f\u00fcr Dernbach","description":"Gemeinsam f\u00fcr Dernbach - Website der W\u00e4hlergruppe Jankowitsch","inLanguage":"tr-TR","publisher":{"@id":"https:\/\/gemeinsam-fuer-dernbach.de\/tr\/#organization"}}]},"og:locale":"tr_TR","og:site_name":"Gemeinsam f\u00fcr Dernbach - Gemeinsam f\u00fcr Dernbach - Website der W\u00e4hlergruppe Jankowitsch","og:type":"article","og:title":"Aktuelles aus dem Gemeinderat - Gemeinsam f\u00fcr Dernbach","og:description":"Was passiert im Gemeinderat? Welche Beschl\u00fcsse werden gefasst? Mit unserer neuen Infoserie halten wir euch auf dem Laufenden! Hier erfahrt ihr, was der Gemeinderat diskutiert, welche Entscheidungen getroffen werden und welche Antr\u00e4ge und Fragen wir als Fraktion stellen. Konstituierende Sitzung vom 28. August 2024 In der ersten Sitzung nach den Wahlen ging es um wichtige","og:url":"https:\/\/gemeinsam-fuer-dernbach.de\/tr\/aktuelles-aus-dem-gemeinderat","og:image":"https:\/\/gemeinsam-fuer-dernbach.de\/wp-content\/uploads\/2024\/12\/cropped-Button.png","og:image:secure_url":"https:\/\/gemeinsam-fuer-dernbach.de\/wp-content\/uploads\/2024\/12\/cropped-Button.png","og:image:width":512,"og:image:height":512,"article:published_time":"2024-09-15T07:08:00+00:00","article:modified_time":"2025-07-01T21:33:46+00:00","article:publisher":"https:\/\/www.facebook.com\/gemeinsam.fuer.dernbach\/","twitter:card":"summary_large_image","twitter:title":"Aktuelles aus dem Gemeinderat - Gemeinsam f\u00fcr Dernbach","twitter:description":"Was passiert im Gemeinderat? Welche Beschl\u00fcsse werden gefasst? Mit unserer neuen Infoserie halten wir euch auf dem Laufenden! Hier erfahrt ihr, was der Gemeinderat diskutiert, welche Entscheidungen getroffen werden und welche Antr\u00e4ge und Fragen wir als Fraktion stellen. Konstituierende Sitzung vom 28. August 2024 In der ersten Sitzung nach den Wahlen ging es um wichtige","twitter:image":"https:\/\/gemeinsam-fuer-dernbach.de\/wp-content\/uploads\/2024\/12\/cropped-Button.png"},"aioseo_meta_data":{"post_id":"704","title":null,"description":null,"keywords":null,"keyphrases":{"focus":[],"additional":[]},"primary_term":null,"canonical_url":null,"og_title":null,"og_description":null,"og_object_type":"default","og_image_type":"default","og_image_url":null,"og_image_width":null,"og_image_height":null,"og_image_custom_url":null,"og_image_custom_fields":null,"og_video":"","og_custom_url":null,"og_article_section":null,"og_article_tags":null,"twitter_use_og":false,"twitter_card":"default","twitter_image_type":"default","twitter_image_url":null,"twitter_image_custom_url":null,"twitter_image_custom_fields":null,"twitter_title":null,"twitter_description":null,"schema":{"blockGraphs":[],"customGraphs":[],"default":{"data":{"Article":[],"Course":[],"Dataset":[],"FAQPage":[],"Movie":[],"Person":[],"Product":[],"ProductReview":[],"Car":[],"Recipe":[],"Service":[],"SoftwareApplication":[],"WebPage":[]},"graphName":"","isEnabled":true},"graphs":[]},"schema_type":"default","schema_type_options":null,"pillar_content":false,"robots_default":true,"robots_noindex":false,"robots_noarchive":false,"robots_nosnippet":false,"robots_nofollow":false,"robots_noimageindex":false,"robots_noodp":false,"robots_notranslate":false,"robots_max_snippet":"-1","robots_max_videopreview":"-1","robots_max_imagepreview":"large","priority":null,"frequency":"default","local_seo":null,"breadcrumb_settings":null,"limit_modified_date":false,"ai":null,"created":"2025-06-24 20:04:55","updated":"2026-09-03 19:34:35","seo_analyzer_scan_date":null,"focus_keyword":null,"additional_keywords":null,"truseo_locale":null},"aioseo_breadcrumb":"<div class=\"aioseo-breadcrumbs\"><span class=\"aioseo-breadcrumb\">\n\t\t\t<a href=\"https:\/\/gemeinsam-fuer-dernbach.de\/tr\" title=\"Home\">Home<\/a>\n\t\t<\/span><span class=\"aioseo-breadcrumb-separator\">&raquo;<\/span><span class=\"aioseo-breadcrumb\">\n\t\t\t<a href=\"https:\/\/gemeinsam-fuer-dernbach.de\/tr\/category\/neues-aus-dem-gemeinderat\" title=\"Neues aus dem Gemeinderat\">Neues aus dem Gemeinderat<\/a>\n\t\t<\/span><span class=\"aioseo-breadcrumb-separator\">&raquo;<\/span><span class=\"aioseo-breadcrumb\">\n\t\t\tAktuelles aus dem Gemeinderat\n\t\t<\/span><\/div>","aioseo_breadcrumb_json":[{"label":"Home","link":"https:\/\/gemeinsam-fuer-dernbach.de\/tr"},{"label":"Neues aus dem Gemeinderat","link":"https:\/\/gemeinsam-fuer-dernbach.de\/tr\/category\/neues-aus-dem-gemeinderat"},{"label":"Aktuelles aus dem Gemeinderat","link":"https:\/\/gemeinsam-fuer-dernbach.de\/tr\/aktuelles-aus-dem-gemeinderat"}],"_links":{"self":[{"href":"https:\/\/gemeinsam-fuer-dernbach.de\/tr\/wp-json\/wp\/v2\/posts\/704","targetHints":{"allow":["GET"]}}],"collection":[{"href":"https:\/\/gemeinsam-fuer-dernbach.de\/tr\/wp-json\/wp\/v2\/posts"}],"about":[{"href":"https:\/\/gemeinsam-fuer-dernbach.de\/tr\/wp-json\/wp\/v2\/types\/post"}],"author":[{"embeddable":true,"href":"https:\/\/gemeinsam-fuer-dernbach.de\/tr\/wp-json\/wp\/v2\/users\/2"}],"replies":[{"embeddable":true,"href":"https:\/\/gemeinsam-fuer-dernbach.de\/tr\/wp-json\/wp\/v2\/comments?post=704"}],"version-history":[{"count":5,"href":"https:\/\/gemeinsam-fuer-dernbach.de\/tr\/wp-json\/wp\/v2\/posts\/704\/revisions"}],"predecessor-version":[{"id":1205,"href":"https:\/\/gemeinsam-fuer-dernbach.de\/tr\/wp-json\/wp\/v2\/posts\/704\/revisions\/1205"}],"wp:attachment":[{"href":"https:\/\/gemeinsam-fuer-dernbach.de\/tr\/wp-json\/wp\/v2\/media?parent=704"}],"wp:term":[{"taxonomy":"category","embeddable":true,"href":"https:\/\/gemeinsam-fuer-dernbach.de\/tr\/wp-json\/wp\/v2\/categories?post=704"},{"taxonomy":"post_tag","embeddable":true,"href":"https:\/\/gemeinsam-fuer-dernbach.de\/tr\/wp-json\/wp\/v2\/tags?post=704"}],"curies":[{"name":"wp","href":"https:\/\/api.w.org\/{rel}","templated":true}]}}