{"id":713,"date":"2024-09-17T11:47:09","date_gmt":"2024-09-17T10:47:09","guid":{"rendered":"https:\/\/gemeinsam-fuer-dernbach.de\/?p=713"},"modified":"2025-07-01T22:20:03","modified_gmt":"2025-07-01T21:20:03","slug":"frischer-wind-fuer-dernbach","status":"publish","type":"post","link":"https:\/\/gemeinsam-fuer-dernbach.de\/tr\/frischer-wind-fuer-dernbach","title":{"rendered":"Dernbach i\u00e7in bir nefes temiz hava"},"content":{"rendered":"<p class=\"wp-block-paragraph\">12 Eyl\u00fcl'de yap\u0131lan yap\u0131c\u0131 bir grup toplant\u0131s\u0131nda, geni\u015f idari tecr\u00fcbesi olan Dr. Manuel Misgeld\u2019i Grup Ba\u015fkan\u0131 olarak atad\u0131k. <br>Roswitha Carmen K\u00e4stner, Cosimo Jankowitsch\u2019in bu pozisyonu da bo\u015fald\u0131\u011f\u0131 i\u00e7in Konsey \u00fcyesi olarak hareket eder. Ayr\u0131ca, bo\u015falm\u0131\u015f olan komite koltuklar\u0131 oybirli\u011fiyle bizim taraf\u0131m\u0131zdan aday g\u00f6sterildi.<\/p>\n\n\n\n<p class=\"wp-block-paragraph\">Se\u00e7menlerin t\u00fcm \u00fcyeleri, k\u00f6y\u00fcm\u00fcz\u00fc daha ya\u015fanabilir k\u0131lan projeleri ilerletmeye kararl\u0131d\u0131r. Ak\u0131ll\u0131 ve kararl\u0131 zihinlerden olu\u015fan g\u00fc\u00e7l\u00fc bir ekibin vatanda\u015f odakl\u0131 bir politika \u00fczerinde \u00e7al\u0131\u015fmas\u0131 durumunda bir az\u0131nl\u0131k grubunun bile ba\u015far\u0131l\u0131 olabilece\u011fine inan\u0131yoruz.<\/p>\n\n\n\n<p class=\"wp-block-paragraph\">Sizi sadece Konsey \u00e7al\u0131\u015fmalar\u0131m\u0131zda g\u00fcncel tutmakla kalm\u0131yor, ayn\u0131 zamanda kamuoyu tart\u0131\u015fmas\u0131nda da aktif bir rol oynamak istiyoruz. \u00c7\u00fcnk\u00fc bizim ve sizin i\u00e7in \u00f6nemli olan sorunlar\u0131 ve endi\u015feleri savunma konusunda tutkuluyuz. Bunun i\u00e7in, s\u00fcrd\u00fcr\u00fclebilir Dernbach'\u0131m\u0131z i\u00e7in ortak \u00e7al\u0131\u015fmalar\u0131m\u0131zda bize g\u00fcvenmeye devam etmenizi ve desteklemenizi rica ediyoruz.<\/p>","protected":false},"excerpt":{"rendered":"<p>12 Eyl\u00fcl'de yap\u0131lan yap\u0131c\u0131 bir Grup toplant\u0131s\u0131nda, kapsaml\u0131 idari deneyime sahip Dr. Manuel Misgeld'i Grup Ba\u015fkan\u0131 olarak atad\u0131k. Roswitha Carmen K\u00e4stner olarak Konseye kat\u0131l\u0131r [...]<\/p>","protected":false},"author":2,"featured_media":719,"comment_status":"closed","ping_status":"open","sticky":false,"template":"","format":"standard","meta":{"_price":"","_stock":"","_tribe_ticket_header":"","_tribe_default_ticket_provider":"","_tribe_ticket_capacity":"0","_ticket_start_date":"","_ticket_end_date":"","_tribe_ticket_show_description":"","_tribe_ticket_show_not_going":false,"_tribe_ticket_use_global_stock":"","_tribe_ticket_global_stock_level":"","_global_stock_mode":"","_global_stock_cap":"","_tribe_rsvp_for_event":"","_tribe_ticket_going_count":"","_tribe_ticket_not_going_count":"","_tribe_tickets_list":"[]","_tribe_ticket_has_attendee_info_fields":false,"_EventAllDay":false,"_EventTimezone":"","_EventStartDate":"","_EventEndDate":"","_EventStartDateUTC":"","_EventEndDateUTC":"","_EventShowMap":false,"_EventShowMapLink":false,"_EventURL":"","_EventCost":"","_EventCostDescription":"","_EventCurrencySymbol":"","_EventCurrencyCode":"","_EventCurrencyPosition":"","_EventDateTimeSeparator":"","_EventTimeRangeSeparator":"","_EventOrganizerID":[],"_EventVenueID":[],"_OrganizerEmail":"","_OrganizerPhone":"","_OrganizerWebsite":"","_VenueAddress":"","_VenueCity":"","_VenueCountry":"","_VenueProvince":"","_VenueState":"","_VenueZip":"","_VenuePhone":"","_VenueURL":"","_VenueStateProvince":"","_VenueLat":"","_VenueLng":"","_VenueShowMap":false,"_VenueShowMapLink":false,"footnotes":""},"categories":[9],"tags":[111,112,109,113,110],"class_list":["post-713","post","type-post","status-publish","format-standard","has-post-thumbnail","hentry","category-neues-von-uns","tag-ausschuesse","tag-buergerbeteiligung","tag-fraktionsvorsitz","tag-kommunalpolitik","tag-ratsmitglied"],"aioseo_notices":[],"aioseo_head":"\n\t\t<!-- All in One SEO 5.0.1.1 - aioseo.com -->\n\t<meta name=\"description\" content=\"In einer konstruktiven Fraktionssitzung am 12. September haben wir Dr. Manuel Misgeld, der \u00fcber umfassende Verwaltungserfahrung verf\u00fcgt, zum Fraktionsvorsitzenden bestimmt. Roswitha Carmen K\u00e4stner r\u00fcckt als Ratsmitglied nach, da auch diese Position von Cosimo Jankowitsch vakant geworden ist. Zudem wurden die frei gewordenen Ausschusssitze von uns einstimmig nachnominiert. Alle Mitglieder der W\u00e4hlergruppe sind weiterhin fest entschlossen,\" \/>\n\t<meta name=\"robots\" content=\"max-image-preview:large\" \/>\n\t<meta name=\"author\" content=\"GfD_Manuel\"\/>\n\t<link rel=\"canonical\" href=\"https:\/\/gemeinsam-fuer-dernbach.de\/tr\/frischer-wind-fuer-dernbach\" \/>\n\t<meta name=\"generator\" content=\"All in One SEO (AIOSEO) 5.0.1.1\" \/>\n\t\t<meta property=\"og:locale\" content=\"tr_TR\" \/>\n\t\t<meta property=\"og:site_name\" content=\"Gemeinsam f\u00fcr Dernbach - Gemeinsam f\u00fcr Dernbach - Website der W\u00e4hlergruppe Jankowitsch\" \/>\n\t\t<meta property=\"og:type\" content=\"article\" \/>\n\t\t<meta property=\"og:title\" content=\"Frischer Wind f\u00fcr Dernbach - Gemeinsam f\u00fcr Dernbach\" \/>\n\t\t<meta property=\"og:description\" content=\"In einer konstruktiven Fraktionssitzung am 12. September haben wir Dr. Manuel Misgeld, der \u00fcber umfassende Verwaltungserfahrung verf\u00fcgt, zum Fraktionsvorsitzenden bestimmt. Roswitha Carmen K\u00e4stner r\u00fcckt als Ratsmitglied nach, da auch diese Position von Cosimo Jankowitsch vakant geworden ist. Zudem wurden die frei gewordenen Ausschusssitze von uns einstimmig nachnominiert. Alle Mitglieder der W\u00e4hlergruppe sind weiterhin fest entschlossen,\" \/>\n\t\t<meta property=\"og:url\" content=\"https:\/\/gemeinsam-fuer-dernbach.de\/tr\/frischer-wind-fuer-dernbach\" \/>\n\t\t<meta property=\"og:image\" content=\"https:\/\/gemeinsam-fuer-dernbach.de\/wp-content\/uploads\/2024\/12\/cropped-Button.png\" \/>\n\t\t<meta property=\"og:image:secure_url\" content=\"https:\/\/gemeinsam-fuer-dernbach.de\/wp-content\/uploads\/2024\/12\/cropped-Button.png\" \/>\n\t\t<meta property=\"og:image:width\" content=\"512\" \/>\n\t\t<meta property=\"og:image:height\" content=\"512\" \/>\n\t\t<meta property=\"article:published_time\" content=\"2024-09-17T10:47:09+00:00\" \/>\n\t\t<meta property=\"article:modified_time\" content=\"2025-07-01T21:20:03+00:00\" \/>\n\t\t<meta property=\"article:publisher\" content=\"https:\/\/www.facebook.com\/gemeinsam.fuer.dernbach\/\" \/>\n\t\t<meta name=\"twitter:card\" content=\"summary_large_image\" \/>\n\t\t<meta name=\"twitter:title\" content=\"Frischer Wind f\u00fcr Dernbach - Gemeinsam f\u00fcr Dernbach\" \/>\n\t\t<meta name=\"twitter:description\" content=\"In einer konstruktiven Fraktionssitzung am 12. September haben wir Dr. Manuel Misgeld, der \u00fcber umfassende Verwaltungserfahrung verf\u00fcgt, zum Fraktionsvorsitzenden bestimmt. Roswitha Carmen K\u00e4stner r\u00fcckt als Ratsmitglied nach, da auch diese Position von Cosimo Jankowitsch vakant geworden ist. Zudem wurden die frei gewordenen Ausschusssitze von uns einstimmig nachnominiert. Alle Mitglieder der W\u00e4hlergruppe sind weiterhin fest entschlossen,\" \/>\n\t\t<meta name=\"twitter:image\" content=\"https:\/\/gemeinsam-fuer-dernbach.de\/wp-content\/uploads\/2024\/12\/cropped-Button.png\" \/>\n\t\t<script type=\"application\/ld+json\" class=\"aioseo-schema\">\n\t\t\t{\"@context\":\"https:\\\/\\\/schema.org\",\"@graph\":[{\"@type\":\"BlogPosting\",\"@id\":\"https:\\\/\\\/gemeinsam-fuer-dernbach.de\\\/tr\\\/frischer-wind-fuer-dernbach#blogposting\",\"name\":\"Frischer Wind f\\u00fcr Dernbach - Gemeinsam f\\u00fcr Dernbach\",\"headline\":\"Frischer Wind f\\u00fcr Dernbach\",\"author\":{\"@id\":\"https:\\\/\\\/gemeinsam-fuer-dernbach.de\\\/tr\\\/author\\\/gfd_manuel#author\"},\"publisher\":{\"@id\":\"https:\\\/\\\/gemeinsam-fuer-dernbach.de\\\/tr\\\/#organization\"},\"image\":{\"@type\":\"ImageObject\",\"url\":\"https:\\\/\\\/gemeinsam-fuer-dernbach.de\\\/wp-content\\\/uploads\\\/2024\\\/09\\\/Beitragsbild_Insta-Version2.png\",\"width\":1125,\"height\":1125,\"caption\":\"Mitglieder von \\\"Gemeinsam f\\u00fcr Dernbach\\\"\"},\"datePublished\":\"2024-09-17T11:47:09+01:00\",\"dateModified\":\"2025-07-01T22:20:03+01:00\",\"inLanguage\":\"tr-TR\",\"mainEntityOfPage\":{\"@id\":\"https:\\\/\\\/gemeinsam-fuer-dernbach.de\\\/tr\\\/frischer-wind-fuer-dernbach#webpage\"},\"isPartOf\":{\"@id\":\"https:\\\/\\\/gemeinsam-fuer-dernbach.de\\\/tr\\\/frischer-wind-fuer-dernbach#webpage\"},\"articleSection\":\"Neues von uns, Aussch\\u00fcsse, B\\u00fcrgerbeteiligung, Fraktionsvorsitz, Kommunalpolitik, Ratsmitglied\"},{\"@type\":\"BreadcrumbList\",\"@id\":\"https:\\\/\\\/gemeinsam-fuer-dernbach.de\\\/tr\\\/frischer-wind-fuer-dernbach#breadcrumblist\",\"itemListElement\":[{\"@type\":\"ListItem\",\"@id\":\"https:\\\/\\\/gemeinsam-fuer-dernbach.de\\\/tr#listItem\",\"position\":1,\"name\":\"Home\",\"item\":\"https:\\\/\\\/gemeinsam-fuer-dernbach.de\\\/tr\",\"nextItem\":{\"@type\":\"ListItem\",\"@id\":\"https:\\\/\\\/gemeinsam-fuer-dernbach.de\\\/tr\\\/category\\\/neues-von-uns#listItem\",\"name\":\"Neues von uns\"}},{\"@type\":\"ListItem\",\"@id\":\"https:\\\/\\\/gemeinsam-fuer-dernbach.de\\\/tr\\\/category\\\/neues-von-uns#listItem\",\"position\":2,\"name\":\"Neues von uns\",\"item\":\"https:\\\/\\\/gemeinsam-fuer-dernbach.de\\\/tr\\\/category\\\/neues-von-uns\",\"nextItem\":{\"@type\":\"ListItem\",\"@id\":\"https:\\\/\\\/gemeinsam-fuer-dernbach.de\\\/tr\\\/frischer-wind-fuer-dernbach#listItem\",\"name\":\"Frischer Wind f\\u00fcr Dernbach\"},\"previousItem\":{\"@type\":\"ListItem\",\"@id\":\"https:\\\/\\\/gemeinsam-fuer-dernbach.de\\\/tr#listItem\",\"name\":\"Home\"}},{\"@type\":\"ListItem\",\"@id\":\"https:\\\/\\\/gemeinsam-fuer-dernbach.de\\\/tr\\\/frischer-wind-fuer-dernbach#listItem\",\"position\":3,\"name\":\"Frischer Wind f\\u00fcr Dernbach\",\"previousItem\":{\"@type\":\"ListItem\",\"@id\":\"https:\\\/\\\/gemeinsam-fuer-dernbach.de\\\/tr\\\/category\\\/neues-von-uns#listItem\",\"name\":\"Neues von uns\"}}]},{\"@type\":\"Organization\",\"@id\":\"https:\\\/\\\/gemeinsam-fuer-dernbach.de\\\/tr\\\/#organization\",\"name\":\"Gemeinsam f\\u00fcr Dernbach\",\"description\":\"Gemeinsam f\\u00fcr Dernbach - Website der W\\u00e4hlergruppe Jankowitsch\",\"url\":\"https:\\\/\\\/gemeinsam-fuer-dernbach.de\\\/tr\\\/\",\"logo\":{\"@type\":\"ImageObject\",\"url\":\"https:\\\/\\\/gemeinsam-fuer-dernbach.de\\\/wp-content\\\/uploads\\\/2024\\\/12\\\/cropped-Button.png\",\"@id\":\"https:\\\/\\\/gemeinsam-fuer-dernbach.de\\\/tr\\\/frischer-wind-fuer-dernbach\\\/#organizationLogo\",\"width\":512,\"height\":512,\"caption\":\"Gemeinsam f\\u00fcr Dernbach\"},\"image\":{\"@id\":\"https:\\\/\\\/gemeinsam-fuer-dernbach.de\\\/tr\\\/frischer-wind-fuer-dernbach\\\/#organizationLogo\"},\"sameAs\":[\"https:\\\/\\\/www.facebook.com\\\/gemeinsam.fuer.dernbach\\\/\",\"https:\\\/\\\/www.instagram.com\\\/gemeinsam_fuer_dernbach\\\/\"]},{\"@type\":\"Person\",\"@id\":\"https:\\\/\\\/gemeinsam-fuer-dernbach.de\\\/tr\\\/author\\\/gfd_manuel#author\",\"url\":\"https:\\\/\\\/gemeinsam-fuer-dernbach.de\\\/tr\\\/author\\\/gfd_manuel\",\"name\":\"GfD_Manuel\"},{\"@type\":\"WebPage\",\"@id\":\"https:\\\/\\\/gemeinsam-fuer-dernbach.de\\\/tr\\\/frischer-wind-fuer-dernbach#webpage\",\"url\":\"https:\\\/\\\/gemeinsam-fuer-dernbach.de\\\/tr\\\/frischer-wind-fuer-dernbach\",\"name\":\"Frischer Wind f\\u00fcr Dernbach - Gemeinsam f\\u00fcr Dernbach\",\"description\":\"In einer konstruktiven Fraktionssitzung am 12. September haben wir Dr. Manuel Misgeld, der \\u00fcber umfassende Verwaltungserfahrung verf\\u00fcgt, zum Fraktionsvorsitzenden bestimmt. Roswitha Carmen K\\u00e4stner r\\u00fcckt als Ratsmitglied nach, da auch diese Position von Cosimo Jankowitsch vakant geworden ist. Zudem wurden die frei gewordenen Ausschusssitze von uns einstimmig nachnominiert. Alle Mitglieder der W\\u00e4hlergruppe sind weiterhin fest entschlossen,\",\"inLanguage\":\"tr-TR\",\"isPartOf\":{\"@id\":\"https:\\\/\\\/gemeinsam-fuer-dernbach.de\\\/tr\\\/#website\"},\"breadcrumb\":{\"@id\":\"https:\\\/\\\/gemeinsam-fuer-dernbach.de\\\/tr\\\/frischer-wind-fuer-dernbach#breadcrumblist\"},\"author\":{\"@id\":\"https:\\\/\\\/gemeinsam-fuer-dernbach.de\\\/tr\\\/author\\\/gfd_manuel#author\"},\"creator\":{\"@id\":\"https:\\\/\\\/gemeinsam-fuer-dernbach.de\\\/tr\\\/author\\\/gfd_manuel#author\"},\"image\":{\"@type\":\"ImageObject\",\"url\":\"https:\\\/\\\/gemeinsam-fuer-dernbach.de\\\/wp-content\\\/uploads\\\/2024\\\/09\\\/Beitragsbild_Insta-Version2.png\",\"@id\":\"https:\\\/\\\/gemeinsam-fuer-dernbach.de\\\/tr\\\/frischer-wind-fuer-dernbach\\\/#mainImage\",\"width\":1125,\"height\":1125,\"caption\":\"Mitglieder von \\\"Gemeinsam f\\u00fcr Dernbach\\\"\"},\"primaryImageOfPage\":{\"@id\":\"https:\\\/\\\/gemeinsam-fuer-dernbach.de\\\/tr\\\/frischer-wind-fuer-dernbach#mainImage\"},\"datePublished\":\"2024-09-17T11:47:09+01:00\",\"dateModified\":\"2025-07-01T22:20:03+01:00\"},{\"@type\":\"WebSite\",\"@id\":\"https:\\\/\\\/gemeinsam-fuer-dernbach.de\\\/tr\\\/#website\",\"url\":\"https:\\\/\\\/gemeinsam-fuer-dernbach.de\\\/tr\\\/\",\"name\":\"Gemeinsam f\\u00fcr Dernbach\",\"description\":\"Gemeinsam f\\u00fcr Dernbach - Website der W\\u00e4hlergruppe Jankowitsch\",\"inLanguage\":\"tr-TR\",\"publisher\":{\"@id\":\"https:\\\/\\\/gemeinsam-fuer-dernbach.de\\\/tr\\\/#organization\"}}]}\n\t\t<\/script>\n\t\t<!-- All in One SEO -->\n\n","aioseo_head_json":{"title":"Frischer Wind f\u00fcr Dernbach - Gemeinsam f\u00fcr Dernbach","description":"In einer konstruktiven Fraktionssitzung am 12. September haben wir Dr. Manuel Misgeld, der \u00fcber umfassende Verwaltungserfahrung verf\u00fcgt, zum Fraktionsvorsitzenden bestimmt. Roswitha Carmen K\u00e4stner r\u00fcckt als Ratsmitglied nach, da auch diese Position von Cosimo Jankowitsch vakant geworden ist. Zudem wurden die frei gewordenen Ausschusssitze von uns einstimmig nachnominiert. Alle Mitglieder der W\u00e4hlergruppe sind weiterhin fest entschlossen,","canonical_url":"https:\/\/gemeinsam-fuer-dernbach.de\/tr\/frischer-wind-fuer-dernbach","robots":"max-image-preview:large","keywords":"","webmasterTools":{"miscellaneous":""},"schema":{"@context":"https:\/\/schema.org","@graph":[{"@type":"BlogPosting","@id":"https:\/\/gemeinsam-fuer-dernbach.de\/tr\/frischer-wind-fuer-dernbach#blogposting","name":"Frischer Wind f\u00fcr Dernbach - Gemeinsam f\u00fcr Dernbach","headline":"Frischer Wind f\u00fcr Dernbach","author":{"@id":"https:\/\/gemeinsam-fuer-dernbach.de\/tr\/author\/gfd_manuel#author"},"publisher":{"@id":"https:\/\/gemeinsam-fuer-dernbach.de\/tr\/#organization"},"image":{"@type":"ImageObject","url":"https:\/\/gemeinsam-fuer-dernbach.de\/wp-content\/uploads\/2024\/09\/Beitragsbild_Insta-Version2.png","width":1125,"height":1125,"caption":"Mitglieder von \"Gemeinsam f\u00fcr Dernbach\""},"datePublished":"2024-09-17T11:47:09+01:00","dateModified":"2025-07-01T22:20:03+01:00","inLanguage":"tr-TR","mainEntityOfPage":{"@id":"https:\/\/gemeinsam-fuer-dernbach.de\/tr\/frischer-wind-fuer-dernbach#webpage"},"isPartOf":{"@id":"https:\/\/gemeinsam-fuer-dernbach.de\/tr\/frischer-wind-fuer-dernbach#webpage"},"articleSection":"Neues von uns, Aussch\u00fcsse, B\u00fcrgerbeteiligung, Fraktionsvorsitz, Kommunalpolitik, Ratsmitglied"},{"@type":"BreadcrumbList","@id":"https:\/\/gemeinsam-fuer-dernbach.de\/tr\/frischer-wind-fuer-dernbach#breadcrumblist","itemListElement":[{"@type":"ListItem","@id":"https:\/\/gemeinsam-fuer-dernbach.de\/tr#listItem","position":1,"name":"Home","item":"https:\/\/gemeinsam-fuer-dernbach.de\/tr","nextItem":{"@type":"ListItem","@id":"https:\/\/gemeinsam-fuer-dernbach.de\/tr\/category\/neues-von-uns#listItem","name":"Neues von uns"}},{"@type":"ListItem","@id":"https:\/\/gemeinsam-fuer-dernbach.de\/tr\/category\/neues-von-uns#listItem","position":2,"name":"Neues von uns","item":"https:\/\/gemeinsam-fuer-dernbach.de\/tr\/category\/neues-von-uns","nextItem":{"@type":"ListItem","@id":"https:\/\/gemeinsam-fuer-dernbach.de\/tr\/frischer-wind-fuer-dernbach#listItem","name":"Frischer Wind f\u00fcr Dernbach"},"previousItem":{"@type":"ListItem","@id":"https:\/\/gemeinsam-fuer-dernbach.de\/tr#listItem","name":"Home"}},{"@type":"ListItem","@id":"https:\/\/gemeinsam-fuer-dernbach.de\/tr\/frischer-wind-fuer-dernbach#listItem","position":3,"name":"Frischer Wind f\u00fcr Dernbach","previousItem":{"@type":"ListItem","@id":"https:\/\/gemeinsam-fuer-dernbach.de\/tr\/category\/neues-von-uns#listItem","name":"Neues von uns"}}]},{"@type":"Organization","@id":"https:\/\/gemeinsam-fuer-dernbach.de\/tr\/#organization","name":"Gemeinsam f\u00fcr Dernbach","description":"Gemeinsam f\u00fcr Dernbach - Website der W\u00e4hlergruppe Jankowitsch","url":"https:\/\/gemeinsam-fuer-dernbach.de\/tr\/","logo":{"@type":"ImageObject","url":"https:\/\/gemeinsam-fuer-dernbach.de\/wp-content\/uploads\/2024\/12\/cropped-Button.png","@id":"https:\/\/gemeinsam-fuer-dernbach.de\/tr\/frischer-wind-fuer-dernbach\/#organizationLogo","width":512,"height":512,"caption":"Gemeinsam f\u00fcr Dernbach"},"image":{"@id":"https:\/\/gemeinsam-fuer-dernbach.de\/tr\/frischer-wind-fuer-dernbach\/#organizationLogo"},"sameAs":["https:\/\/www.facebook.com\/gemeinsam.fuer.dernbach\/","https:\/\/www.instagram.com\/gemeinsam_fuer_dernbach\/"]},{"@type":"Person","@id":"https:\/\/gemeinsam-fuer-dernbach.de\/tr\/author\/gfd_manuel#author","url":"https:\/\/gemeinsam-fuer-dernbach.de\/tr\/author\/gfd_manuel","name":"GfD_Manuel"},{"@type":"WebPage","@id":"https:\/\/gemeinsam-fuer-dernbach.de\/tr\/frischer-wind-fuer-dernbach#webpage","url":"https:\/\/gemeinsam-fuer-dernbach.de\/tr\/frischer-wind-fuer-dernbach","name":"Frischer Wind f\u00fcr Dernbach - Gemeinsam f\u00fcr Dernbach","description":"In einer konstruktiven Fraktionssitzung am 12. September haben wir Dr. Manuel Misgeld, der \u00fcber umfassende Verwaltungserfahrung verf\u00fcgt, zum Fraktionsvorsitzenden bestimmt. Roswitha Carmen K\u00e4stner r\u00fcckt als Ratsmitglied nach, da auch diese Position von Cosimo Jankowitsch vakant geworden ist. Zudem wurden die frei gewordenen Ausschusssitze von uns einstimmig nachnominiert. Alle Mitglieder der W\u00e4hlergruppe sind weiterhin fest entschlossen,","inLanguage":"tr-TR","isPartOf":{"@id":"https:\/\/gemeinsam-fuer-dernbach.de\/tr\/#website"},"breadcrumb":{"@id":"https:\/\/gemeinsam-fuer-dernbach.de\/tr\/frischer-wind-fuer-dernbach#breadcrumblist"},"author":{"@id":"https:\/\/gemeinsam-fuer-dernbach.de\/tr\/author\/gfd_manuel#author"},"creator":{"@id":"https:\/\/gemeinsam-fuer-dernbach.de\/tr\/author\/gfd_manuel#author"},"image":{"@type":"ImageObject","url":"https:\/\/gemeinsam-fuer-dernbach.de\/wp-content\/uploads\/2024\/09\/Beitragsbild_Insta-Version2.png","@id":"https:\/\/gemeinsam-fuer-dernbach.de\/tr\/frischer-wind-fuer-dernbach\/#mainImage","width":1125,"height":1125,"caption":"Mitglieder von \"Gemeinsam f\u00fcr Dernbach\""},"primaryImageOfPage":{"@id":"https:\/\/gemeinsam-fuer-dernbach.de\/tr\/frischer-wind-fuer-dernbach#mainImage"},"datePublished":"2024-09-17T11:47:09+01:00","dateModified":"2025-07-01T22:20:03+01:00"},{"@type":"WebSite","@id":"https:\/\/gemeinsam-fuer-dernbach.de\/tr\/#website","url":"https:\/\/gemeinsam-fuer-dernbach.de\/tr\/","name":"Gemeinsam f\u00fcr Dernbach","description":"Gemeinsam f\u00fcr Dernbach - Website der W\u00e4hlergruppe Jankowitsch","inLanguage":"tr-TR","publisher":{"@id":"https:\/\/gemeinsam-fuer-dernbach.de\/tr\/#organization"}}]},"og:locale":"tr_TR","og:site_name":"Gemeinsam f\u00fcr Dernbach - Gemeinsam f\u00fcr Dernbach - Website der W\u00e4hlergruppe Jankowitsch","og:type":"article","og:title":"Frischer Wind f\u00fcr Dernbach - Gemeinsam f\u00fcr Dernbach","og:description":"In einer konstruktiven Fraktionssitzung am 12. September haben wir Dr. Manuel Misgeld, der \u00fcber umfassende Verwaltungserfahrung verf\u00fcgt, zum Fraktionsvorsitzenden bestimmt. Roswitha Carmen K\u00e4stner r\u00fcckt als Ratsmitglied nach, da auch diese Position von Cosimo Jankowitsch vakant geworden ist. Zudem wurden die frei gewordenen Ausschusssitze von uns einstimmig nachnominiert. Alle Mitglieder der W\u00e4hlergruppe sind weiterhin fest entschlossen,","og:url":"https:\/\/gemeinsam-fuer-dernbach.de\/tr\/frischer-wind-fuer-dernbach","og:image":"https:\/\/gemeinsam-fuer-dernbach.de\/wp-content\/uploads\/2024\/12\/cropped-Button.png","og:image:secure_url":"https:\/\/gemeinsam-fuer-dernbach.de\/wp-content\/uploads\/2024\/12\/cropped-Button.png","og:image:width":512,"og:image:height":512,"article:published_time":"2024-09-17T10:47:09+00:00","article:modified_time":"2025-07-01T21:20:03+00:00","article:publisher":"https:\/\/www.facebook.com\/gemeinsam.fuer.dernbach\/","twitter:card":"summary_large_image","twitter:title":"Frischer Wind f\u00fcr Dernbach - Gemeinsam f\u00fcr Dernbach","twitter:description":"In einer konstruktiven Fraktionssitzung am 12. September haben wir Dr. Manuel Misgeld, der \u00fcber umfassende Verwaltungserfahrung verf\u00fcgt, zum Fraktionsvorsitzenden bestimmt. Roswitha Carmen K\u00e4stner r\u00fcckt als Ratsmitglied nach, da auch diese Position von Cosimo Jankowitsch vakant geworden ist. Zudem wurden die frei gewordenen Ausschusssitze von uns einstimmig nachnominiert. Alle Mitglieder der W\u00e4hlergruppe sind weiterhin fest entschlossen,","twitter:image":"https:\/\/gemeinsam-fuer-dernbach.de\/wp-content\/uploads\/2024\/12\/cropped-Button.png"},"aioseo_meta_data":{"post_id":"713","title":null,"description":null,"keywords":null,"keyphrases":{"focus":[],"additional":[]},"primary_term":null,"canonical_url":null,"og_title":null,"og_description":null,"og_object_type":"default","og_image_type":"default","og_image_url":null,"og_image_width":null,"og_image_height":null,"og_image_custom_url":null,"og_image_custom_fields":null,"og_video":"","og_custom_url":null,"og_article_section":null,"og_article_tags":null,"twitter_use_og":false,"twitter_card":"default","twitter_image_type":"default","twitter_image_url":null,"twitter_image_custom_url":null,"twitter_image_custom_fields":null,"twitter_title":null,"twitter_description":null,"schema":{"blockGraphs":[],"customGraphs":[],"default":{"data":{"Article":[],"Course":[],"Dataset":[],"FAQPage":[],"Movie":[],"Person":[],"Product":[],"ProductReview":[],"Car":[],"Recipe":[],"Service":[],"SoftwareApplication":[],"WebPage":[]},"graphName":"","isEnabled":true},"graphs":[]},"schema_type":"default","schema_type_options":null,"pillar_content":false,"robots_default":true,"robots_noindex":false,"robots_noarchive":false,"robots_nosnippet":false,"robots_nofollow":false,"robots_noimageindex":false,"robots_noodp":false,"robots_notranslate":false,"robots_max_snippet":"-1","robots_max_videopreview":"-1","robots_max_imagepreview":"large","priority":null,"frequency":"default","local_seo":null,"breadcrumb_settings":null,"limit_modified_date":false,"ai":null,"created":"2025-06-24 20:04:55","updated":"2026-09-03 19:34:34","seo_analyzer_scan_date":null,"focus_keyword":null,"additional_keywords":null,"truseo_locale":null},"aioseo_breadcrumb":"<div class=\"aioseo-breadcrumbs\"><span class=\"aioseo-breadcrumb\">\n\t\t\t<a href=\"https:\/\/gemeinsam-fuer-dernbach.de\/tr\" title=\"Home\">Home<\/a>\n\t\t<\/span><span class=\"aioseo-breadcrumb-separator\">&raquo;<\/span><span class=\"aioseo-breadcrumb\">\n\t\t\t<a href=\"https:\/\/gemeinsam-fuer-dernbach.de\/tr\/category\/neues-von-uns\" title=\"Neues von uns\">Neues von uns<\/a>\n\t\t<\/span><span class=\"aioseo-breadcrumb-separator\">&raquo;<\/span><span class=\"aioseo-breadcrumb\">\n\t\t\tFrischer Wind f\u00fcr Dernbach\n\t\t<\/span><\/div>","aioseo_breadcrumb_json":[{"label":"Home","link":"https:\/\/gemeinsam-fuer-dernbach.de\/tr"},{"label":"Neues von uns","link":"https:\/\/gemeinsam-fuer-dernbach.de\/tr\/category\/neues-von-uns"},{"label":"Frischer Wind f\u00fcr Dernbach","link":"https:\/\/gemeinsam-fuer-dernbach.de\/tr\/frischer-wind-fuer-dernbach"}],"_links":{"self":[{"href":"https:\/\/gemeinsam-fuer-dernbach.de\/tr\/wp-json\/wp\/v2\/posts\/713","targetHints":{"allow":["GET"]}}],"collection":[{"href":"https:\/\/gemeinsam-fuer-dernbach.de\/tr\/wp-json\/wp\/v2\/posts"}],"about":[{"href":"https:\/\/gemeinsam-fuer-dernbach.de\/tr\/wp-json\/wp\/v2\/types\/post"}],"author":[{"embeddable":true,"href":"https:\/\/gemeinsam-fuer-dernbach.de\/tr\/wp-json\/wp\/v2\/users\/2"}],"replies":[{"embeddable":true,"href":"https:\/\/gemeinsam-fuer-dernbach.de\/tr\/wp-json\/wp\/v2\/comments?post=713"}],"version-history":[{"count":5,"href":"https:\/\/gemeinsam-fuer-dernbach.de\/tr\/wp-json\/wp\/v2\/posts\/713\/revisions"}],"predecessor-version":[{"id":1206,"href":"https:\/\/gemeinsam-fuer-dernbach.de\/tr\/wp-json\/wp\/v2\/posts\/713\/revisions\/1206"}],"wp:featuredmedia":[{"embeddable":true,"href":"https:\/\/gemeinsam-fuer-dernbach.de\/tr\/wp-json\/wp\/v2\/media\/719"}],"wp:attachment":[{"href":"https:\/\/gemeinsam-fuer-dernbach.de\/tr\/wp-json\/wp\/v2\/media?parent=713"}],"wp:term":[{"taxonomy":"category","embeddable":true,"href":"https:\/\/gemeinsam-fuer-dernbach.de\/tr\/wp-json\/wp\/v2\/categories?post=713"},{"taxonomy":"post_tag","embeddable":true,"href":"https:\/\/gemeinsam-fuer-dernbach.de\/tr\/wp-json\/wp\/v2\/tags?post=713"}],"curies":[{"name":"wp","href":"https:\/\/api.w.org\/{rel}","templated":true}]}}