{"id":1261,"date":"2025-06-03T20:55:52","date_gmt":"2025-06-03T19:55:52","guid":{"rendered":"https:\/\/gemeinsam-fuer-dernbach.de\/?p=1261"},"modified":"2025-07-01T22:50:55","modified_gmt":"2025-07-01T21:50:55","slug":"die-derwischer-jugendlounge-treffpunkt-fuer-jugendliche-in-dernbach","status":"publish","type":"post","link":"https:\/\/gemeinsam-fuer-dernbach.de\/uk\/die-derwischer-jugendlounge-treffpunkt-fuer-jugendliche-in-dernbach","title":{"rendered":"Derwischer Jugendlounge \u2014 \u043c\u0456\u0441\u0446\u0435 \u0437\u0443\u0441\u0442\u0440\u0456\u0447\u0456 \u043c\u043e\u043b\u043e\u0434\u0456 \u0432 \u0414\u0435\u0440\u043d\u0431\u0430\u0445\u0443"},"content":{"rendered":"<p class=\"wp-block-paragraph\">Die <strong>\u0414\u0435\u0440\u0432\u0456\u0448 \u043c\u043e\u043b\u043e\u0434\u0456\u0436\u043d\u0438\u0439 \u043b\u0430\u0443\u043d\u0436<\/strong> \u2014 \u043c\u043e\u043b\u043e\u0434\u0456\u0436\u043d\u0430 \u043a\u0456\u043c\u043d\u0430\u0442\u0430 \u0432 \u0414\u0435\u0440\u043d\u0431\u0430\u0445 \u2014 \u043e\u0442\u0440\u0438\u043c\u0443\u0454 \u043d\u043e\u0432\u0438\u0439 \u043f\u043e\u0448\u0442\u043e\u0432\u0445! \u0420\u0430\u0437\u043e\u043c \u0437 <strong>\u00ab\u0410\u043b\u0435\u0441\u0441\u0430\u00bb<\/strong>, <strong>\u0422\u043e\u043c\u0430\u0441 \u0411\u0443\u0440\u0447\u0430\u0440\u0434\u0441 (\u0425\u0414\u0421)<\/strong> \u0456 <strong>\u041c\u043e\u043b\u043e\u0434\u0438\u0439 \u0445\u0440\u0435\u0449\u0435\u043d\u0438\u0439 \u0431\u0430\u0442\u044c\u043a\u043e \u041c\u0430\u0440\u0456\u043e \u0413\u0435\u043b\u0434\u043d\u0435\u0440<\/strong> \u0417\u0430 \u043a\u043e\u0440\u043e\u0442\u043a\u0438\u0439 \u0447\u0430\u0441 \u0431\u0443\u043b\u043e \u0441\u0442\u0432\u043e\u0440\u0435\u043d\u043e \u043d\u043e\u0432\u0438\u0439 \u043f\u0440\u043e\u043c\u043e-\u043c\u0430\u0442\u0435\u0440\u0456\u0430\u043b \u0434\u043b\u044f \u043f\u043e\u0432\u0435\u0440\u043d\u0435\u043d\u043d\u044f \u043b\u0430\u0443\u043d\u0436\u0443 \u0434\u043e \u0446\u0435\u043d\u0442\u0440\u0443 \u0441\u0456\u043b\u044c\u0441\u044c\u043a\u043e\u0433\u043e \u0436\u0438\u0442\u0442\u044f. \u0417 \u0441\u0432\u0456\u0436\u0438\u043c\u0438 \u0444\u043b\u0430\u0454\u0440\u0430\u043c\u0438, \u0431\u0430\u0440\u0432\u0438\u0441\u0442\u0438\u043c \u0434\u0438\u0437\u0430\u0439\u043d\u043e\u043c \u0442\u0430 \u0446\u0456\u043b\u044c\u043e\u0432\u0438\u043c\u0438 \u0437\u0432'\u044f\u0437\u043a\u0430\u043c\u0438 \u0437 \u0433\u0440\u043e\u043c\u0430\u0434\u0441\u044c\u043a\u0456\u0441\u0442\u044e, \u043b\u0430\u0443\u043d\u0436 \u043f\u043e\u043a\u043b\u0438\u043a\u0430\u043d\u0438\u0439 \u0432\u0456\u0434\u0440\u043e\u0434\u0438\u0442\u0438 \u2014 \u0434\u043e \u043c\u0456\u0441\u0446\u044f \u0437\u0443\u0441\u0442\u0440\u0456\u0447\u0456, \u0434\u043e\u0437\u0432\u0456\u043b\u043b\u044f \u0442\u0430 \u0441\u043f\u0456\u043b\u044c\u043d\u043e\u0442\u0438 \u0434\u043b\u044f \u043c\u043e\u043b\u043e\u0434\u0438\u0445 \u043b\u044e\u0434\u0435\u0439 \u0437 \u0414\u0435\u0440\u043d\u0431\u0430\u0445\u0430.<\/p>\n\n\n\n<p class=\"wp-block-paragraph\">Dervish Youth Lounge \u2014 \u0446\u0435 \u0456\u0434\u0435\u0430\u043b\u044c\u043d\u0435 \u043c\u0456\u0441\u0446\u0435 \u0434\u043b\u044f \u0442\u0438\u0445, \u0445\u0442\u043e \u0443 \u0432\u0456\u0446\u0456 \u0432\u0456\u0434 12 \u0434\u043e 18 \u0440\u043e\u043a\u0456\u0432 \u0448\u0443\u043a\u0430\u0454 \u043c\u0456\u0441\u0446\u0435, \u0449\u043e\u0431 \u043f\u043e\u0441\u043f\u0456\u043b\u043a\u0443\u0432\u0430\u0442\u0438\u0441\u044f \u0437 \u043b\u044e\u0434\u044c\u043c\u0438, \u043f\u043e\u0441\u043b\u0443\u0445\u0430\u0442\u0438 \u043c\u0443\u0437\u0438\u043a\u0443 \u0430\u0431\u043e \u043f\u0440\u043e\u0441\u0442\u043e \u0432\u0435\u0441\u0435\u043b\u043e \u043f\u0440\u043e\u0432\u0435\u0441\u0442\u0438 \u0447\u0430\u0441. \u041d\u0435\u0437\u0430\u043b\u0435\u0436\u043d\u043e \u0432\u0456\u0434 \u0442\u043e\u0433\u043e, \u0447\u0438 \u0434\u0430\u0432\u043d\u043e \u0432\u0438 \u0436\u0438\u0432\u0435\u0442\u0435 \u0432 \u0414\u0435\u0440\u043d\u0431\u0430\u0445 \u0430\u0431\u043e \u0442\u0456\u043b\u044c\u043a\u0438 \u043d\u0435\u0434\u0430\u0432\u043d\u043e \u043f\u0435\u0440\u0435\u0457\u0445\u0430\u043b\u0438 \u0441\u044e\u0434\u0438, \u043b\u0430\u0441\u043a\u0430\u0432\u043e \u043f\u0440\u043e\u0441\u0438\u043c\u043e \u0442\u0443\u0442. \u041b\u0430\u0443\u043d\u0436 \u043f\u0440\u043e\u043f\u043e\u043d\u0443\u0454 \u0431\u0435\u0437\u043b\u0456\u0447 \u043c\u043e\u0436\u043b\u0438\u0432\u043e\u0441\u0442\u0435\u0439 \u0434\u043b\u044f \u043e\u0444\u043e\u0440\u043c\u043b\u0435\u043d\u043d\u044f \u0432\u0430\u0448\u043e\u0433\u043e \u0432\u0456\u043b\u044c\u043d\u043e\u0433\u043e \u0447\u0430\u0441\u0443: \u041d\u0430 \u0432\u0430\u0441 \u0447\u0435\u043a\u0430\u044e\u0442\u044c \u0431\u0456\u043b\u044c\u044f\u0440\u0434\u043d\u0438\u0439 \u0441\u0442\u0456\u043b, \u043c\u0443\u0437\u0438\u0447\u043d\u0430 \u0441\u0438\u0441\u0442\u0435\u043c\u0430, \u0432\u0435\u043b\u0438\u043a\u0438\u0439 \u0435\u043a\u0440\u0430\u043d \u0437 \u043f\u0440\u043e\u0435\u043a\u0442\u043e\u0440\u043e\u043c, \u0456\u0433\u0440\u043e\u0432\u0456 \u043a\u043e\u043d\u0441\u043e\u043b\u0456 \u0442\u0430 \u0437\u0430\u0442\u0438\u0448\u043d\u0456 \u0437\u043e\u043d\u0438 \u0432\u0456\u0434\u043f\u043e\u0447\u0438\u043d\u043a\u0443 \u0434\u043b\u044f \u0440\u043e\u0437\u043c\u043e\u0432\u0438 \u0442\u0430 \u0432\u0456\u0434\u043f\u043e\u0447\u0438\u043d\u043a\u0443.<\/p>\n\n\n\n<p class=\"wp-block-paragraph\">\u041c\u043e\u043b\u043e\u0434\u0456\u0436\u043d\u0438\u0439 \u0437\u0430\u043b \u0441\u0443\u043f\u0440\u043e\u0432\u043e\u0434\u0436\u0443\u0454\u0442\u044c\u0441\u044f <strong>\u041c\u0430\u0440\u0456\u043e \u0413\u0435\u043b\u0434\u043d\u0435\u0440<\/strong>, \u041d\u0430\u0448 \u0432\u0456\u0434\u0434\u0430\u043d\u0438\u0439 \u043c\u043e\u043b\u043e\u0434\u0456\u0436\u043d\u0438\u0439 \u0441\u043f\u043e\u043d\u0441\u043e\u0440. \u0412\u0456\u043d \u0437\u0430\u0432\u0436\u0434\u0438 \u043c\u0430\u0454 \u0432\u0456\u0434\u043a\u0440\u0438\u0442\u0435 \u0432\u0443\u0445\u043e, \u0440\u0430\u0434\u0456\u0454 \u043d\u043e\u0432\u0438\u043c \u043e\u0431\u043b\u0438\u0447\u0447\u044f\u043c \u0456 \u043f\u0456\u0434\u0442\u0440\u0438\u043c\u0443\u0454 \u0432\u0430\u0441 \u0442\u0430 \u0456\u043d\u0448\u0438\u0445 \u0443 \u0440\u0435\u0430\u043b\u0456\u0437\u0430\u0446\u0456\u0457 \u0432\u043b\u0430\u0441\u043d\u0438\u0445 \u0456\u0434\u0435\u0439 \u0442\u0430 \u0440\u0435\u0430\u043b\u0456\u0437\u0430\u0446\u0456\u0457 \u043d\u0435\u0432\u0435\u043b\u0438\u043a\u0438\u0445 \u043f\u0440\u043e\u0435\u043a\u0442\u0456\u0432 \u0430\u0431\u043e \u0434\u0456\u0439. \u0422\u0430\u043a\u0438\u043c \u0447\u0438\u043d\u043e\u043c, \u043b\u0430\u0443\u043d\u0436 \u043d\u0435 \u0442\u0456\u043b\u044c\u043a\u0438 \u0441\u0442\u0430\u0454 \u0440\u0435\u043a\u043e\u043b\u0435\u043a\u0446\u0456\u0454\u044e, \u0430\u043b\u0435 \u0456 \u0430\u043a\u0442\u0438\u0432\u043d\u043e\u044e \u0447\u0430\u0441\u0442\u0438\u043d\u043e\u044e \u0441\u0456\u043b\u044c\u0441\u044c\u043a\u043e\u0433\u043e \u0436\u0438\u0442\u0442\u044f.<\/p>\n\n\n\n<p class=\"wp-block-paragraph\">\u0414\u0435\u0440\u0432\u0456\u0448\u0441\u044c\u043a\u0438\u0439 \u043c\u043e\u043b\u043e\u0434\u0456\u0436\u043d\u0438\u0439 \u043b\u0430\u0443\u043d\u0436 \u0432\u0456\u0434\u043a\u0440\u0438\u0442\u0438\u0439 <strong>\u0412\u0456\u0432\u0442\u043e\u0440\u043e\u043a \u0456 \u043f'\u044f\u0442\u043d\u0438\u0446\u044f \u0437 18:00 \u0434\u043e 21:00<\/strong> \u0443 \u0431\u0443\u0434\u0456\u0432\u043b\u0456 \u043d\u0430 <strong>Burgweg 3, \u043f\u0440\u044f\u043c\u043e \u0432 \u0437\u0430\u043c\u043a\u043e\u0432\u043e\u043c\u0443 \u0441\u043f\u043e\u0440\u0442\u0438\u0432\u043d\u043e\u043c\u0443 \u043a\u043e\u043c\u043f\u043b\u0435\u043a\u0441\u0456<\/strong>. \u042f\u043a\u0449\u043e \u0443 \u0432\u0430\u0441 \u0454 \u044f\u043a\u0456-\u043d\u0435\u0431\u0443\u0434\u044c \u043f\u0438\u0442\u0430\u043d\u043d\u044f \u0430\u0431\u043e \u0456\u043d\u0442\u0435\u0440\u0435\u0441, \u0432\u0438 \u043c\u043e\u0436\u0435\u0442\u0435 \u0437\u0432'\u044f\u0437\u0430\u0442\u0438\u0441\u044f \u0437 <strong>\u041c\u0430\u0440\u0456\u043e \u0413\u0435\u043b\u0434\u043d\u0435\u0440 (\u0442\u0435\u043b. 0171)<\/strong>\u202f<strong>\/<\/strong>\u202f<strong>776<\/strong>\u202f<strong>74<\/strong>\u202f<strong>19)<\/strong> \u043f\u043e\u0432\u0435\u0440\u043d\u0456\u0442\u044c\u0441\u044f.<\/p>\n\n\n\n<p class=\"wp-block-paragraph\"><strong>\u041e\u0442\u0436\u0435: \u041f\u0440\u0438\u0445\u043e\u0434\u044c\u0442\u0435! \u0423 \u0414\u0435\u0440\u0432\u0456\u0448\u0441\u044c\u043a\u043e\u043c\u0443 \u043c\u043e\u043b\u043e\u0434\u0456\u0436\u043d\u043e\u043c\u0443 \u043b\u0430\u0443\u043d\u0436\u0456 \u0437\u0430\u0432\u0436\u0434\u0438 \u0449\u043e\u0441\u044c \u0432\u0456\u0434\u0431\u0443\u0432\u0430\u0454\u0442\u044c\u0441\u044f, \u0456 \u0432\u0435\u0441\u0435\u043b\u043e\u0449\u0456 \u0433\u0430\u0440\u0430\u043d\u0442\u043e\u0432\u0430\u043d\u0456!<\/strong><\/p>\n\n\n\n<p class=\"wp-block-paragraph\">\u0406 \u0432 \u043c\u0430\u0439\u0431\u0443\u0442\u043d\u044c\u043e\u043c\u0443, <strong>\u00ab\"\u00bb<\/strong><strong>\u0420\u0430\u0437\u043e\u043c f<\/strong><strong>\u00fcr Dernbach<\/strong><strong>\"\"<\/strong> \u0440\u0430\u0437\u043e\u043c \u0437 <strong>\u0422\u043e\u043c\u0430\u0441 \u0411\u0443\u0440\u0447\u0430\u0440\u0434\u0441<\/strong> \u0456 <strong>\u041c\u0430\u0440\u0456\u043e \u0413\u0435\u043b\u0434\u043d\u0435\u0440<\/strong> \u0430\u043a\u0442\u0438\u0432\u043d\u043e \u043f\u0440\u0430\u0446\u044e\u044e\u0442\u044c \u043d\u0430\u0434 \u0437\u043c\u0456\u0446\u043d\u0435\u043d\u043d\u044f\u043c \u043c\u043e\u043b\u043e\u0434\u0456\u0436\u043d\u043e\u0433\u043e \u043b\u0430\u0443\u043d\u0436\u0443 \u0442\u0430 \u043f\u0456\u0434\u0442\u0440\u0438\u043c\u043a\u0438 \u0439\u043e\u0433\u043e \u044f\u043a \u043d\u0435\u0432\u0456\u0434'\u0454\u043c\u043d\u043e\u0457 \u0447\u0430\u0441\u0442\u0438\u043d\u0438 \u0441\u0456\u043b\u044c\u0441\u044c\u043a\u043e\u0433\u043e \u0436\u0438\u0442\u0442\u044f. \u041e\u0441\u043d\u043e\u0432\u043d\u0430 \u0443\u0432\u0430\u0433\u0430 \u043f\u0440\u0438\u0434\u0456\u043b\u044f\u0454\u0442\u044c\u0441\u044f \u043d\u043e\u0432\u0438\u043c \u0456\u0434\u0435\u044f\u043c, \u0443\u0447\u0430\u0441\u0442\u0456 \u043c\u043e\u043b\u043e\u0434\u0456 \u0442\u0430 \u0432\u0456\u0434\u043a\u0440\u0438\u0442\u0456\u0439, \u0436\u0432\u0430\u0432\u0456\u0439 \u0441\u043f\u0456\u043b\u044c\u043d\u043e\u0442\u0456. \u0422\u043e\u043c\u0443 \u0449\u043e \u0441\u0438\u043b\u044c\u043d\u0430 \u043c\u043e\u043b\u043e\u0434\u044c \u0454 \u043d\u0430\u0439\u043a\u0440\u0430\u0449\u043e\u044e \u0456\u043d\u0432\u0435\u0441\u0442\u0438\u0446\u0456\u0454\u044e \u0432 \u0441\u0438\u043b\u044c\u043d\u0443 \u0441\u0456\u043b\u044c\u0441\u044c\u043a\u0443 \u0433\u0440\u043e\u043c\u0430\u0434\u0443.<\/p>","protected":false},"excerpt":{"rendered":"<p>Derwischer Jugendlounge  \u2047  \u043c\u043e\u043b\u043e\u0434\u0456\u0436\u043d\u0430 \u043a\u0456\u043c\u043d\u0430\u0442\u0430 \u0432 \u0414\u0435\u0440\u043d\u0431\u0430\u0445\u0443  \u2047  \u043e\u0442\u0440\u0438\u043c\u0443\u0454 \u043d\u043e\u0432\u0438\u0439 \u0456\u043c\u043f\u0443\u043b\u044c\u0441! \u0420\u0430\u0437\u043e\u043c \u0437 \u0410\u043b\u0435\u0441\u0441\u043e\u044e, \u0422\u043e\u043c\u0430\u0441\u043e\u043c \u0411\u0443\u0440\u0447\u0430\u0440\u0434\u0441\u043e\u043c (CDU) \u0442\u0430 \u0445\u0440\u0435\u0449\u0435\u043d\u0438\u043c \u0431\u0430\u0442\u044c\u043a\u043e\u043c \u043c\u043e\u043b\u043e\u0434\u0456 \u041c\u0430\u0440\u0456\u043e \u0413\u0435\u043b\u0434\u043d\u0435\u0440\u043e\u043c \u0437\u0430 \u043a\u043e\u0440\u043e\u0442\u043a\u0438\u0439 \u0447\u0430\u0441 \u0431\u0443\u043b\u043e \u0441\u0442\u0432\u043e\u0440\u0435\u043d\u043e \u043d\u043e\u0432\u0438\u0439 \u0440\u0435\u043a\u043b\u0430\u043c\u043d\u0438\u0439 \u043c\u0430\u0442\u0435\u0440\u0456\u0430\u043b, \u0449\u043e\u0431 [...]<\/p>","protected":false},"author":2,"featured_media":1262,"comment_status":"closed","ping_status":"open","sticky":false,"template":"","format":"standard","meta":{"_price":"","_stock":"","_tribe_ticket_header":"","_tribe_default_ticket_provider":"","_tribe_ticket_capacity":"0","_ticket_start_date":"","_ticket_end_date":"","_tribe_ticket_show_description":"","_tribe_ticket_show_not_going":false,"_tribe_ticket_use_global_stock":"","_tribe_ticket_global_stock_level":"","_global_stock_mode":"","_global_stock_cap":"","_tribe_rsvp_for_event":"","_tribe_ticket_going_count":"","_tribe_ticket_not_going_count":"","_tribe_tickets_list":"[]","_tribe_ticket_has_attendee_info_fields":false,"_EventAllDay":false,"_EventTimezone":"","_EventStartDate":"","_EventEndDate":"","_EventStartDateUTC":"","_EventEndDateUTC":"","_EventShowMap":false,"_EventShowMapLink":false,"_EventURL":"","_EventCost":"","_EventCostDescription":"","_EventCurrencySymbol":"","_EventCurrencyCode":"","_EventCurrencyPosition":"","_EventDateTimeSeparator":"","_EventTimeRangeSeparator":"","_EventOrganizerID":[],"_EventVenueID":[],"_OrganizerEmail":"","_OrganizerPhone":"","_OrganizerWebsite":"","_VenueAddress":"","_VenueCity":"","_VenueCountry":"","_VenueProvince":"","_VenueState":"","_VenueZip":"","_VenuePhone":"","_VenueURL":"","_VenueStateProvince":"","_VenueLat":"","_VenueLng":"","_VenueShowMap":false,"_VenueShowMapLink":false,"footnotes":""},"categories":[35,9],"tags":[112,125,97,12,90,94,96,95],"class_list":["post-1261","post","type-post","status-publish","format-standard","has-post-thumbnail","hentry","category-dorfleben","category-neues-von-uns","tag-buergerbeteiligung","tag-burgweg","tag-freizeit","tag-gemeinsam-fuer-dernbach","tag-gemeinschaft","tag-jugend","tag-jugendlounge","tag-treffpunkt"],"aioseo_notices":[],"aioseo_head":"\n\t\t<!-- All in One SEO 5.0.1.1 - aioseo.com -->\n\t<meta name=\"description\" content=\"Die Derwischer Jugendlounge \u2013 der Jugendraum in Dernbach \u2013 bekommt neuen Schwung! Gemeinsam mit Alessa, Thomas Burchards (CDU) und Jugendpate Mario Geldner wurde in kurzer Zeit neues Werbematerial erstellt, um die Lounge wieder st\u00e4rker in den Mittelpunkt des Dorflebens zu r\u00fccken. Mit frischen Flyern, buntem Design und gezielter \u00d6ffentlichkeitsarbeit soll die Lounge neu aufleben \u2013\" \/>\n\t<meta name=\"robots\" content=\"max-image-preview:large\" \/>\n\t<meta name=\"author\" content=\"GfD_Manuel\"\/>\n\t<link rel=\"canonical\" href=\"https:\/\/gemeinsam-fuer-dernbach.de\/uk\/die-derwischer-jugendlounge-treffpunkt-fuer-jugendliche-in-dernbach\" \/>\n\t<meta name=\"generator\" content=\"All in One SEO (AIOSEO) 5.0.1.1\" \/>\n\t\t<meta property=\"og:locale\" content=\"uk_UA\" \/>\n\t\t<meta property=\"og:site_name\" content=\"Gemeinsam f\u00fcr Dernbach - Gemeinsam f\u00fcr Dernbach - Website der W\u00e4hlergruppe Jankowitsch\" \/>\n\t\t<meta property=\"og:type\" content=\"article\" \/>\n\t\t<meta property=\"og:title\" content=\"Die Derwischer Jugendlounge \u2013 Treffpunkt f\u00fcr Jugendliche in Dernbach - Gemeinsam f\u00fcr Dernbach\" \/>\n\t\t<meta property=\"og:description\" content=\"Die Derwischer Jugendlounge \u2013 der Jugendraum in Dernbach \u2013 bekommt neuen Schwung! Gemeinsam mit Alessa, Thomas Burchards (CDU) und Jugendpate Mario Geldner wurde in kurzer Zeit neues Werbematerial erstellt, um die Lounge wieder st\u00e4rker in den Mittelpunkt des Dorflebens zu r\u00fccken. Mit frischen Flyern, buntem Design und gezielter \u00d6ffentlichkeitsarbeit soll die Lounge neu aufleben \u2013\" \/>\n\t\t<meta property=\"og:url\" content=\"https:\/\/gemeinsam-fuer-dernbach.de\/uk\/die-derwischer-jugendlounge-treffpunkt-fuer-jugendliche-in-dernbach\" \/>\n\t\t<meta property=\"og:image\" content=\"https:\/\/gemeinsam-fuer-dernbach.de\/wp-content\/uploads\/2024\/12\/cropped-Button.png\" \/>\n\t\t<meta property=\"og:image:secure_url\" content=\"https:\/\/gemeinsam-fuer-dernbach.de\/wp-content\/uploads\/2024\/12\/cropped-Button.png\" \/>\n\t\t<meta property=\"og:image:width\" content=\"512\" \/>\n\t\t<meta property=\"og:image:height\" content=\"512\" \/>\n\t\t<meta property=\"article:published_time\" content=\"2025-06-03T19:55:52+00:00\" \/>\n\t\t<meta property=\"article:modified_time\" content=\"2025-07-01T21:50:55+00:00\" \/>\n\t\t<meta property=\"article:publisher\" content=\"https:\/\/www.facebook.com\/gemeinsam.fuer.dernbach\/\" \/>\n\t\t<meta name=\"twitter:card\" content=\"summary_large_image\" \/>\n\t\t<meta name=\"twitter:title\" content=\"Die Derwischer Jugendlounge \u2013 Treffpunkt f\u00fcr Jugendliche in Dernbach - Gemeinsam f\u00fcr Dernbach\" \/>\n\t\t<meta name=\"twitter:description\" content=\"Die Derwischer Jugendlounge \u2013 der Jugendraum in Dernbach \u2013 bekommt neuen Schwung! Gemeinsam mit Alessa, Thomas Burchards (CDU) und Jugendpate Mario Geldner wurde in kurzer Zeit neues Werbematerial erstellt, um die Lounge wieder st\u00e4rker in den Mittelpunkt des Dorflebens zu r\u00fccken. Mit frischen Flyern, buntem Design und gezielter \u00d6ffentlichkeitsarbeit soll die Lounge neu aufleben \u2013\" \/>\n\t\t<meta name=\"twitter:image\" content=\"https:\/\/gemeinsam-fuer-dernbach.de\/wp-content\/uploads\/2024\/12\/cropped-Button.png\" \/>\n\t\t<script type=\"application\/ld+json\" class=\"aioseo-schema\">\n\t\t\t{\"@context\":\"https:\\\/\\\/schema.org\",\"@graph\":[{\"@type\":\"BlogPosting\",\"@id\":\"https:\\\/\\\/gemeinsam-fuer-dernbach.de\\\/uk\\\/die-derwischer-jugendlounge-treffpunkt-fuer-jugendliche-in-dernbach#blogposting\",\"name\":\"Die Derwischer Jugendlounge \\u2013 Treffpunkt f\\u00fcr Jugendliche in Dernbach - Gemeinsam f\\u00fcr Dernbach\",\"headline\":\"Die Derwischer Jugendlounge \\u2013 Treffpunkt f\\u00fcr Jugendliche in Dernbach\",\"author\":{\"@id\":\"https:\\\/\\\/gemeinsam-fuer-dernbach.de\\\/uk\\\/author\\\/gfd_manuel#author\"},\"publisher\":{\"@id\":\"https:\\\/\\\/gemeinsam-fuer-dernbach.de\\\/uk\\\/#organization\"},\"image\":{\"@type\":\"ImageObject\",\"url\":\"https:\\\/\\\/gemeinsam-fuer-dernbach.de\\\/wp-content\\\/uploads\\\/2025\\\/06\\\/IMG_1456-scaled.jpeg\",\"width\":2560,\"height\":2486,\"caption\":\"Flyer der Jugendlounge\"},\"datePublished\":\"2025-06-03T20:55:52+01:00\",\"dateModified\":\"2025-07-01T22:50:55+01:00\",\"inLanguage\":\"uk\",\"mainEntityOfPage\":{\"@id\":\"https:\\\/\\\/gemeinsam-fuer-dernbach.de\\\/uk\\\/die-derwischer-jugendlounge-treffpunkt-fuer-jugendliche-in-dernbach#webpage\"},\"isPartOf\":{\"@id\":\"https:\\\/\\\/gemeinsam-fuer-dernbach.de\\\/uk\\\/die-derwischer-jugendlounge-treffpunkt-fuer-jugendliche-in-dernbach#webpage\"},\"articleSection\":\"Dorfleben, Neues von uns, B\\u00fcrgerbeteiligung, Burgweg, Freizeit, Gemeinsam f\\u00fcr Dernbach, Gemeinschaft, Jugend, Jugendlounge, Treffpunkt\"},{\"@type\":\"BreadcrumbList\",\"@id\":\"https:\\\/\\\/gemeinsam-fuer-dernbach.de\\\/uk\\\/die-derwischer-jugendlounge-treffpunkt-fuer-jugendliche-in-dernbach#breadcrumblist\",\"itemListElement\":[{\"@type\":\"ListItem\",\"@id\":\"https:\\\/\\\/gemeinsam-fuer-dernbach.de\\\/uk#listItem\",\"position\":1,\"name\":\"Home\",\"item\":\"https:\\\/\\\/gemeinsam-fuer-dernbach.de\\\/uk\",\"nextItem\":{\"@type\":\"ListItem\",\"@id\":\"https:\\\/\\\/gemeinsam-fuer-dernbach.de\\\/uk\\\/category\\\/neues-von-uns#listItem\",\"name\":\"Neues von uns\"}},{\"@type\":\"ListItem\",\"@id\":\"https:\\\/\\\/gemeinsam-fuer-dernbach.de\\\/uk\\\/category\\\/neues-von-uns#listItem\",\"position\":2,\"name\":\"Neues von uns\",\"item\":\"https:\\\/\\\/gemeinsam-fuer-dernbach.de\\\/uk\\\/category\\\/neues-von-uns\",\"nextItem\":{\"@type\":\"ListItem\",\"@id\":\"https:\\\/\\\/gemeinsam-fuer-dernbach.de\\\/uk\\\/die-derwischer-jugendlounge-treffpunkt-fuer-jugendliche-in-dernbach#listItem\",\"name\":\"Die Derwischer Jugendlounge \\u2013 Treffpunkt f\\u00fcr Jugendliche in Dernbach\"},\"previousItem\":{\"@type\":\"ListItem\",\"@id\":\"https:\\\/\\\/gemeinsam-fuer-dernbach.de\\\/uk#listItem\",\"name\":\"Home\"}},{\"@type\":\"ListItem\",\"@id\":\"https:\\\/\\\/gemeinsam-fuer-dernbach.de\\\/uk\\\/die-derwischer-jugendlounge-treffpunkt-fuer-jugendliche-in-dernbach#listItem\",\"position\":3,\"name\":\"Die Derwischer Jugendlounge \\u2013 Treffpunkt f\\u00fcr Jugendliche in Dernbach\",\"previousItem\":{\"@type\":\"ListItem\",\"@id\":\"https:\\\/\\\/gemeinsam-fuer-dernbach.de\\\/uk\\\/category\\\/neues-von-uns#listItem\",\"name\":\"Neues von uns\"}}]},{\"@type\":\"Organization\",\"@id\":\"https:\\\/\\\/gemeinsam-fuer-dernbach.de\\\/uk\\\/#organization\",\"name\":\"Gemeinsam f\\u00fcr Dernbach\",\"description\":\"Gemeinsam f\\u00fcr Dernbach - Website der W\\u00e4hlergruppe Jankowitsch\",\"url\":\"https:\\\/\\\/gemeinsam-fuer-dernbach.de\\\/uk\\\/\",\"logo\":{\"@type\":\"ImageObject\",\"url\":\"https:\\\/\\\/gemeinsam-fuer-dernbach.de\\\/wp-content\\\/uploads\\\/2024\\\/12\\\/cropped-Button.png\",\"@id\":\"https:\\\/\\\/gemeinsam-fuer-dernbach.de\\\/uk\\\/die-derwischer-jugendlounge-treffpunkt-fuer-jugendliche-in-dernbach\\\/#organizationLogo\",\"width\":512,\"height\":512,\"caption\":\"Gemeinsam f\\u00fcr Dernbach\"},\"image\":{\"@id\":\"https:\\\/\\\/gemeinsam-fuer-dernbach.de\\\/uk\\\/die-derwischer-jugendlounge-treffpunkt-fuer-jugendliche-in-dernbach\\\/#organizationLogo\"},\"sameAs\":[\"https:\\\/\\\/www.facebook.com\\\/gemeinsam.fuer.dernbach\\\/\",\"https:\\\/\\\/www.instagram.com\\\/gemeinsam_fuer_dernbach\\\/\"]},{\"@type\":\"Person\",\"@id\":\"https:\\\/\\\/gemeinsam-fuer-dernbach.de\\\/uk\\\/author\\\/gfd_manuel#author\",\"url\":\"https:\\\/\\\/gemeinsam-fuer-dernbach.de\\\/uk\\\/author\\\/gfd_manuel\",\"name\":\"GfD_Manuel\"},{\"@type\":\"WebPage\",\"@id\":\"https:\\\/\\\/gemeinsam-fuer-dernbach.de\\\/uk\\\/die-derwischer-jugendlounge-treffpunkt-fuer-jugendliche-in-dernbach#webpage\",\"url\":\"https:\\\/\\\/gemeinsam-fuer-dernbach.de\\\/uk\\\/die-derwischer-jugendlounge-treffpunkt-fuer-jugendliche-in-dernbach\",\"name\":\"Die Derwischer Jugendlounge \\u2013 Treffpunkt f\\u00fcr Jugendliche in Dernbach - Gemeinsam f\\u00fcr Dernbach\",\"description\":\"Die Derwischer Jugendlounge \\u2013 der Jugendraum in Dernbach \\u2013 bekommt neuen Schwung! Gemeinsam mit Alessa, Thomas Burchards (CDU) und Jugendpate Mario Geldner wurde in kurzer Zeit neues Werbematerial erstellt, um die Lounge wieder st\\u00e4rker in den Mittelpunkt des Dorflebens zu r\\u00fccken. Mit frischen Flyern, buntem Design und gezielter \\u00d6ffentlichkeitsarbeit soll die Lounge neu aufleben \\u2013\",\"inLanguage\":\"uk\",\"isPartOf\":{\"@id\":\"https:\\\/\\\/gemeinsam-fuer-dernbach.de\\\/uk\\\/#website\"},\"breadcrumb\":{\"@id\":\"https:\\\/\\\/gemeinsam-fuer-dernbach.de\\\/uk\\\/die-derwischer-jugendlounge-treffpunkt-fuer-jugendliche-in-dernbach#breadcrumblist\"},\"author\":{\"@id\":\"https:\\\/\\\/gemeinsam-fuer-dernbach.de\\\/uk\\\/author\\\/gfd_manuel#author\"},\"creator\":{\"@id\":\"https:\\\/\\\/gemeinsam-fuer-dernbach.de\\\/uk\\\/author\\\/gfd_manuel#author\"},\"image\":{\"@type\":\"ImageObject\",\"url\":\"https:\\\/\\\/gemeinsam-fuer-dernbach.de\\\/wp-content\\\/uploads\\\/2025\\\/06\\\/IMG_1456-scaled.jpeg\",\"@id\":\"https:\\\/\\\/gemeinsam-fuer-dernbach.de\\\/uk\\\/die-derwischer-jugendlounge-treffpunkt-fuer-jugendliche-in-dernbach\\\/#mainImage\",\"width\":2560,\"height\":2486,\"caption\":\"Flyer der Jugendlounge\"},\"primaryImageOfPage\":{\"@id\":\"https:\\\/\\\/gemeinsam-fuer-dernbach.de\\\/uk\\\/die-derwischer-jugendlounge-treffpunkt-fuer-jugendliche-in-dernbach#mainImage\"},\"datePublished\":\"2025-06-03T20:55:52+01:00\",\"dateModified\":\"2025-07-01T22:50:55+01:00\"},{\"@type\":\"WebSite\",\"@id\":\"https:\\\/\\\/gemeinsam-fuer-dernbach.de\\\/uk\\\/#website\",\"url\":\"https:\\\/\\\/gemeinsam-fuer-dernbach.de\\\/uk\\\/\",\"name\":\"Gemeinsam f\\u00fcr Dernbach\",\"description\":\"Gemeinsam f\\u00fcr Dernbach - Website der W\\u00e4hlergruppe Jankowitsch\",\"inLanguage\":\"uk\",\"publisher\":{\"@id\":\"https:\\\/\\\/gemeinsam-fuer-dernbach.de\\\/uk\\\/#organization\"}}]}\n\t\t<\/script>\n\t\t<!-- All in One SEO -->\n\n","aioseo_head_json":{"title":"Die Derwischer Jugendlounge \u2013 Treffpunkt f\u00fcr Jugendliche in Dernbach - Gemeinsam f\u00fcr Dernbach","description":"Die Derwischer Jugendlounge \u2013 der Jugendraum in Dernbach \u2013 bekommt neuen Schwung! Gemeinsam mit Alessa, Thomas Burchards (CDU) und Jugendpate Mario Geldner wurde in kurzer Zeit neues Werbematerial erstellt, um die Lounge wieder st\u00e4rker in den Mittelpunkt des Dorflebens zu r\u00fccken. Mit frischen Flyern, buntem Design und gezielter \u00d6ffentlichkeitsarbeit soll die Lounge neu aufleben \u2013","canonical_url":"https:\/\/gemeinsam-fuer-dernbach.de\/uk\/die-derwischer-jugendlounge-treffpunkt-fuer-jugendliche-in-dernbach","robots":"max-image-preview:large","keywords":"","webmasterTools":{"miscellaneous":""},"schema":{"@context":"https:\/\/schema.org","@graph":[{"@type":"BlogPosting","@id":"https:\/\/gemeinsam-fuer-dernbach.de\/uk\/die-derwischer-jugendlounge-treffpunkt-fuer-jugendliche-in-dernbach#blogposting","name":"Die Derwischer Jugendlounge \u2013 Treffpunkt f\u00fcr Jugendliche in Dernbach - Gemeinsam f\u00fcr Dernbach","headline":"Die Derwischer Jugendlounge \u2013 Treffpunkt f\u00fcr Jugendliche in Dernbach","author":{"@id":"https:\/\/gemeinsam-fuer-dernbach.de\/uk\/author\/gfd_manuel#author"},"publisher":{"@id":"https:\/\/gemeinsam-fuer-dernbach.de\/uk\/#organization"},"image":{"@type":"ImageObject","url":"https:\/\/gemeinsam-fuer-dernbach.de\/wp-content\/uploads\/2025\/06\/IMG_1456-scaled.jpeg","width":2560,"height":2486,"caption":"Flyer der Jugendlounge"},"datePublished":"2025-06-03T20:55:52+01:00","dateModified":"2025-07-01T22:50:55+01:00","inLanguage":"uk","mainEntityOfPage":{"@id":"https:\/\/gemeinsam-fuer-dernbach.de\/uk\/die-derwischer-jugendlounge-treffpunkt-fuer-jugendliche-in-dernbach#webpage"},"isPartOf":{"@id":"https:\/\/gemeinsam-fuer-dernbach.de\/uk\/die-derwischer-jugendlounge-treffpunkt-fuer-jugendliche-in-dernbach#webpage"},"articleSection":"Dorfleben, Neues von uns, B\u00fcrgerbeteiligung, Burgweg, Freizeit, Gemeinsam f\u00fcr Dernbach, Gemeinschaft, Jugend, Jugendlounge, Treffpunkt"},{"@type":"BreadcrumbList","@id":"https:\/\/gemeinsam-fuer-dernbach.de\/uk\/die-derwischer-jugendlounge-treffpunkt-fuer-jugendliche-in-dernbach#breadcrumblist","itemListElement":[{"@type":"ListItem","@id":"https:\/\/gemeinsam-fuer-dernbach.de\/uk#listItem","position":1,"name":"Home","item":"https:\/\/gemeinsam-fuer-dernbach.de\/uk","nextItem":{"@type":"ListItem","@id":"https:\/\/gemeinsam-fuer-dernbach.de\/uk\/category\/neues-von-uns#listItem","name":"Neues von uns"}},{"@type":"ListItem","@id":"https:\/\/gemeinsam-fuer-dernbach.de\/uk\/category\/neues-von-uns#listItem","position":2,"name":"Neues von uns","item":"https:\/\/gemeinsam-fuer-dernbach.de\/uk\/category\/neues-von-uns","nextItem":{"@type":"ListItem","@id":"https:\/\/gemeinsam-fuer-dernbach.de\/uk\/die-derwischer-jugendlounge-treffpunkt-fuer-jugendliche-in-dernbach#listItem","name":"Die Derwischer Jugendlounge \u2013 Treffpunkt f\u00fcr Jugendliche in Dernbach"},"previousItem":{"@type":"ListItem","@id":"https:\/\/gemeinsam-fuer-dernbach.de\/uk#listItem","name":"Home"}},{"@type":"ListItem","@id":"https:\/\/gemeinsam-fuer-dernbach.de\/uk\/die-derwischer-jugendlounge-treffpunkt-fuer-jugendliche-in-dernbach#listItem","position":3,"name":"Die Derwischer Jugendlounge \u2013 Treffpunkt f\u00fcr Jugendliche in Dernbach","previousItem":{"@type":"ListItem","@id":"https:\/\/gemeinsam-fuer-dernbach.de\/uk\/category\/neues-von-uns#listItem","name":"Neues von uns"}}]},{"@type":"Organization","@id":"https:\/\/gemeinsam-fuer-dernbach.de\/uk\/#organization","name":"Gemeinsam f\u00fcr Dernbach","description":"Gemeinsam f\u00fcr Dernbach - Website der W\u00e4hlergruppe Jankowitsch","url":"https:\/\/gemeinsam-fuer-dernbach.de\/uk\/","logo":{"@type":"ImageObject","url":"https:\/\/gemeinsam-fuer-dernbach.de\/wp-content\/uploads\/2024\/12\/cropped-Button.png","@id":"https:\/\/gemeinsam-fuer-dernbach.de\/uk\/die-derwischer-jugendlounge-treffpunkt-fuer-jugendliche-in-dernbach\/#organizationLogo","width":512,"height":512,"caption":"Gemeinsam f\u00fcr Dernbach"},"image":{"@id":"https:\/\/gemeinsam-fuer-dernbach.de\/uk\/die-derwischer-jugendlounge-treffpunkt-fuer-jugendliche-in-dernbach\/#organizationLogo"},"sameAs":["https:\/\/www.facebook.com\/gemeinsam.fuer.dernbach\/","https:\/\/www.instagram.com\/gemeinsam_fuer_dernbach\/"]},{"@type":"Person","@id":"https:\/\/gemeinsam-fuer-dernbach.de\/uk\/author\/gfd_manuel#author","url":"https:\/\/gemeinsam-fuer-dernbach.de\/uk\/author\/gfd_manuel","name":"GfD_Manuel"},{"@type":"WebPage","@id":"https:\/\/gemeinsam-fuer-dernbach.de\/uk\/die-derwischer-jugendlounge-treffpunkt-fuer-jugendliche-in-dernbach#webpage","url":"https:\/\/gemeinsam-fuer-dernbach.de\/uk\/die-derwischer-jugendlounge-treffpunkt-fuer-jugendliche-in-dernbach","name":"Die Derwischer Jugendlounge \u2013 Treffpunkt f\u00fcr Jugendliche in Dernbach - Gemeinsam f\u00fcr Dernbach","description":"Die Derwischer Jugendlounge \u2013 der Jugendraum in Dernbach \u2013 bekommt neuen Schwung! Gemeinsam mit Alessa, Thomas Burchards (CDU) und Jugendpate Mario Geldner wurde in kurzer Zeit neues Werbematerial erstellt, um die Lounge wieder st\u00e4rker in den Mittelpunkt des Dorflebens zu r\u00fccken. Mit frischen Flyern, buntem Design und gezielter \u00d6ffentlichkeitsarbeit soll die Lounge neu aufleben \u2013","inLanguage":"uk","isPartOf":{"@id":"https:\/\/gemeinsam-fuer-dernbach.de\/uk\/#website"},"breadcrumb":{"@id":"https:\/\/gemeinsam-fuer-dernbach.de\/uk\/die-derwischer-jugendlounge-treffpunkt-fuer-jugendliche-in-dernbach#breadcrumblist"},"author":{"@id":"https:\/\/gemeinsam-fuer-dernbach.de\/uk\/author\/gfd_manuel#author"},"creator":{"@id":"https:\/\/gemeinsam-fuer-dernbach.de\/uk\/author\/gfd_manuel#author"},"image":{"@type":"ImageObject","url":"https:\/\/gemeinsam-fuer-dernbach.de\/wp-content\/uploads\/2025\/06\/IMG_1456-scaled.jpeg","@id":"https:\/\/gemeinsam-fuer-dernbach.de\/uk\/die-derwischer-jugendlounge-treffpunkt-fuer-jugendliche-in-dernbach\/#mainImage","width":2560,"height":2486,"caption":"Flyer der Jugendlounge"},"primaryImageOfPage":{"@id":"https:\/\/gemeinsam-fuer-dernbach.de\/uk\/die-derwischer-jugendlounge-treffpunkt-fuer-jugendliche-in-dernbach#mainImage"},"datePublished":"2025-06-03T20:55:52+01:00","dateModified":"2025-07-01T22:50:55+01:00"},{"@type":"WebSite","@id":"https:\/\/gemeinsam-fuer-dernbach.de\/uk\/#website","url":"https:\/\/gemeinsam-fuer-dernbach.de\/uk\/","name":"Gemeinsam f\u00fcr Dernbach","description":"Gemeinsam f\u00fcr Dernbach - Website der W\u00e4hlergruppe Jankowitsch","inLanguage":"uk","publisher":{"@id":"https:\/\/gemeinsam-fuer-dernbach.de\/uk\/#organization"}}]},"og:locale":"uk_UA","og:site_name":"Gemeinsam f\u00fcr Dernbach - Gemeinsam f\u00fcr Dernbach - Website der W\u00e4hlergruppe Jankowitsch","og:type":"article","og:title":"Die Derwischer Jugendlounge \u2013 Treffpunkt f\u00fcr Jugendliche in Dernbach - Gemeinsam f\u00fcr Dernbach","og:description":"Die Derwischer Jugendlounge \u2013 der Jugendraum in Dernbach \u2013 bekommt neuen Schwung! Gemeinsam mit Alessa, Thomas Burchards (CDU) und Jugendpate Mario Geldner wurde in kurzer Zeit neues Werbematerial erstellt, um die Lounge wieder st\u00e4rker in den Mittelpunkt des Dorflebens zu r\u00fccken. Mit frischen Flyern, buntem Design und gezielter \u00d6ffentlichkeitsarbeit soll die Lounge neu aufleben \u2013","og:url":"https:\/\/gemeinsam-fuer-dernbach.de\/uk\/die-derwischer-jugendlounge-treffpunkt-fuer-jugendliche-in-dernbach","og:image":"https:\/\/gemeinsam-fuer-dernbach.de\/wp-content\/uploads\/2024\/12\/cropped-Button.png","og:image:secure_url":"https:\/\/gemeinsam-fuer-dernbach.de\/wp-content\/uploads\/2024\/12\/cropped-Button.png","og:image:width":512,"og:image:height":512,"article:published_time":"2025-06-03T19:55:52+00:00","article:modified_time":"2025-07-01T21:50:55+00:00","article:publisher":"https:\/\/www.facebook.com\/gemeinsam.fuer.dernbach\/","twitter:card":"summary_large_image","twitter:title":"Die Derwischer Jugendlounge \u2013 Treffpunkt f\u00fcr Jugendliche in Dernbach - Gemeinsam f\u00fcr Dernbach","twitter:description":"Die Derwischer Jugendlounge \u2013 der Jugendraum in Dernbach \u2013 bekommt neuen Schwung! Gemeinsam mit Alessa, Thomas Burchards (CDU) und Jugendpate Mario Geldner wurde in kurzer Zeit neues Werbematerial erstellt, um die Lounge wieder st\u00e4rker in den Mittelpunkt des Dorflebens zu r\u00fccken. Mit frischen Flyern, buntem Design und gezielter \u00d6ffentlichkeitsarbeit soll die Lounge neu aufleben \u2013","twitter:image":"https:\/\/gemeinsam-fuer-dernbach.de\/wp-content\/uploads\/2024\/12\/cropped-Button.png"},"aioseo_meta_data":{"post_id":"1261","title":null,"description":null,"keywords":null,"keyphrases":{"focus":[],"additional":[]},"primary_term":null,"canonical_url":null,"og_title":null,"og_description":null,"og_object_type":"default","og_image_type":"default","og_image_url":null,"og_image_width":null,"og_image_height":null,"og_image_custom_url":null,"og_image_custom_fields":null,"og_video":"","og_custom_url":null,"og_article_section":null,"og_article_tags":null,"twitter_use_og":false,"twitter_card":"default","twitter_image_type":"default","twitter_image_url":null,"twitter_image_custom_url":null,"twitter_image_custom_fields":null,"twitter_title":null,"twitter_description":null,"schema":{"blockGraphs":[],"customGraphs":[],"default":{"data":{"Article":[],"Course":[],"Dataset":[],"FAQPage":[],"Movie":[],"Person":[],"Product":[],"ProductReview":[],"Car":[],"Recipe":[],"Service":[],"SoftwareApplication":[],"WebPage":[]},"graphName":"","isEnabled":true},"graphs":[]},"schema_type":"default","schema_type_options":null,"pillar_content":false,"robots_default":true,"robots_noindex":false,"robots_noarchive":false,"robots_nosnippet":false,"robots_nofollow":false,"robots_noimageindex":false,"robots_noodp":false,"robots_notranslate":false,"robots_max_snippet":"-1","robots_max_videopreview":"-1","robots_max_imagepreview":"large","priority":null,"frequency":"default","local_seo":null,"breadcrumb_settings":null,"limit_modified_date":false,"ai":null,"created":"2025-06-24 20:06:22","updated":"2026-09-03 19:34:32","seo_analyzer_scan_date":null,"focus_keyword":null,"additional_keywords":null,"truseo_locale":null},"aioseo_breadcrumb":"<div class=\"aioseo-breadcrumbs\"><span class=\"aioseo-breadcrumb\">\n\t\t\t<a href=\"https:\/\/gemeinsam-fuer-dernbach.de\/uk\" title=\"Home\">Home<\/a>\n\t\t<\/span><span class=\"aioseo-breadcrumb-separator\">&raquo;<\/span><span class=\"aioseo-breadcrumb\">\n\t\t\t<a href=\"https:\/\/gemeinsam-fuer-dernbach.de\/uk\/category\/neues-von-uns\" title=\"Neues von uns\">Neues von uns<\/a>\n\t\t<\/span><span class=\"aioseo-breadcrumb-separator\">&raquo;<\/span><span class=\"aioseo-breadcrumb\">\n\t\t\tDie Derwischer Jugendlounge \u2013 Treffpunkt f\u00fcr Jugendliche in Dernbach\n\t\t<\/span><\/div>","aioseo_breadcrumb_json":[{"label":"Home","link":"https:\/\/gemeinsam-fuer-dernbach.de\/uk"},{"label":"Neues von uns","link":"https:\/\/gemeinsam-fuer-dernbach.de\/uk\/category\/neues-von-uns"},{"label":"Die Derwischer Jugendlounge \u2013 Treffpunkt f\u00fcr Jugendliche in Dernbach","link":"https:\/\/gemeinsam-fuer-dernbach.de\/uk\/die-derwischer-jugendlounge-treffpunkt-fuer-jugendliche-in-dernbach"}],"_links":{"self":[{"href":"https:\/\/gemeinsam-fuer-dernbach.de\/uk\/wp-json\/wp\/v2\/posts\/1261","targetHints":{"allow":["GET"]}}],"collection":[{"href":"https:\/\/gemeinsam-fuer-dernbach.de\/uk\/wp-json\/wp\/v2\/posts"}],"about":[{"href":"https:\/\/gemeinsam-fuer-dernbach.de\/uk\/wp-json\/wp\/v2\/types\/post"}],"author":[{"embeddable":true,"href":"https:\/\/gemeinsam-fuer-dernbach.de\/uk\/wp-json\/wp\/v2\/users\/2"}],"replies":[{"embeddable":true,"href":"https:\/\/gemeinsam-fuer-dernbach.de\/uk\/wp-json\/wp\/v2\/comments?post=1261"}],"version-history":[{"count":1,"href":"https:\/\/gemeinsam-fuer-dernbach.de\/uk\/wp-json\/wp\/v2\/posts\/1261\/revisions"}],"predecessor-version":[{"id":1263,"href":"https:\/\/gemeinsam-fuer-dernbach.de\/uk\/wp-json\/wp\/v2\/posts\/1261\/revisions\/1263"}],"wp:featuredmedia":[{"embeddable":true,"href":"https:\/\/gemeinsam-fuer-dernbach.de\/uk\/wp-json\/wp\/v2\/media\/1262"}],"wp:attachment":[{"href":"https:\/\/gemeinsam-fuer-dernbach.de\/uk\/wp-json\/wp\/v2\/media?parent=1261"}],"wp:term":[{"taxonomy":"category","embeddable":true,"href":"https:\/\/gemeinsam-fuer-dernbach.de\/uk\/wp-json\/wp\/v2\/categories?post=1261"},{"taxonomy":"post_tag","embeddable":true,"href":"https:\/\/gemeinsam-fuer-dernbach.de\/uk\/wp-json\/wp\/v2\/tags?post=1261"}],"curies":[{"name":"wp","href":"https:\/\/api.w.org\/{rel}","templated":true}]}}