{"id":1574,"date":"2025-11-02T16:40:05","date_gmt":"2025-11-02T15:40:05","guid":{"rendered":"https:\/\/gemeinsam-fuer-dernbach.de\/?p=1574"},"modified":"2025-11-02T19:19:23","modified_gmt":"2025-11-02T18:19:23","slug":"offener-und-gelungener-austausch-im-herbst","status":"publish","type":"post","link":"https:\/\/gemeinsam-fuer-dernbach.de\/uk\/offener-und-gelungener-austausch-im-herbst","title":{"rendered":"\u0412\u0456\u0434\u043a\u0440\u0438\u0442\u0430 \u0442\u0430 \u0443\u0441\u043f\u0456\u0448\u043d\u0430 \u0431\u0456\u0440\u0436\u0430 \u0432\u043e\u0441\u0435\u043d\u0438"},"content":{"rendered":"<p class=\"wp-block-paragraph\">\u0421\u044c\u043e\u0433\u043e\u0434\u043d\u0456 \u0432\u0456\u0434\u0431\u0443\u043b\u043e\u0441\u044f \u0432\u0456\u0434\u043a\u0440\u0438\u0442\u0435 \u0437\u0430\u0441\u0456\u0434\u0430\u043d\u043d\u044f \u0413\u0440\u0443\u043f\u0438, \u043d\u0430 \u044f\u043a\u0435 \u0431\u0443\u043b\u0438 \u0437\u0430\u043f\u0440\u043e\u0448\u0435\u043d\u0456 \u0432\u0441\u0456 \u0431\u0430\u0436\u0430\u044e\u0447\u0456 \u0433\u0440\u043e\u043c\u0430\u0434\u044f\u043d\u0438. \u041c\u0435\u0442\u043e\u044e \u0437\u0443\u0441\u0442\u0440\u0456\u0447\u0456 \u0431\u0443\u043b\u043e \u043d\u0430\u0434\u0430\u043d\u043d\u044f \u043f\u0440\u043e\u0437\u043e\u0440\u043e\u0457 \u0456\u043d\u0444\u043e\u0440\u043c\u0430\u0446\u0456\u0457 \u043f\u0440\u043e \u0430\u043a\u0442\u0443\u0430\u043b\u044c\u043d\u0456 \u0442\u0435\u043c\u0438 \u0432\u0456\u0434 \u043c\u0443\u043d\u0456\u0446\u0438\u043f\u0430\u043b\u044c\u043d\u0438\u0445 \u043e\u0440\u0433\u0430\u043d\u0456\u0432, \u043f\u0456\u0434\u0433\u043e\u0442\u043e\u0432\u043a\u0430 \u0434\u043e \u043c\u0430\u0439\u0431\u0443\u0442\u043d\u044c\u043e\u0433\u043e \u0437\u0430\u0441\u0456\u0434\u0430\u043d\u043d\u044f \u043c\u0443\u043d\u0456\u0446\u0438\u043f\u0430\u043b\u044c\u043d\u043e\u0457 \u0440\u0430\u0434\u0438 \u0442\u0430 \u043f\u0440\u0438\u0439\u043d\u044f\u0442\u0442\u044f \u043f\u0440\u043e\u043f\u043e\u0437\u0438\u0446\u0456\u0439 \u0432\u0456\u0434 \u0433\u0440\u043e\u043c\u0430\u0434\u044f\u043d.<\/p>\n\n\n\n<h2 class=\"wp-block-heading\">\u041d\u043e\u0432\u0438\u043d\u0438 \u043a\u043e\u043c\u0456\u0442\u0435\u0442\u0456\u0432<\/h2>\n\n\n\n<p class=\"wp-block-paragraph\">\u041c\u0438 \u0434\u0438\u0432\u0438\u043b\u0438\u0441\u044f \u043d\u0430 \u043e\u0441\u0442\u0430\u043d\u043d\u0456\u0439 <a href=\"https:\/\/wirges.gremien.info\/meeting\/4665\" target=\"_blank\" rel=\"noopener\" title=\"\">\u0417\u0430\u0441\u0456\u0434\u0430\u043d\u043d\u044f \u0420\u0430\u0434\u0438 \u0432 \u0441\u0435\u0440\u0435\u0434\u0438\u043d\u0456 \u0447\u0435\u0440\u0432\u043d\u044f<\/a> \u041f\u043e\u0432\u0435\u0440\u043d\u0443\u0442\u0438\u0441\u044f \u043d\u0430\u0437\u0430\u0434. \u0417 \u0434\u0435\u044f\u043a\u0438\u0445 \u0432\u0456\u0434\u043a\u0440\u0438\u0442\u0438\u0445 \u043f\u0438\u0442\u0430\u043d\u044c, \u0443 \u0442\u043e\u043c\u0443 \u0447\u0438\u0441\u043b\u0456 \u0434\u0440\u0435\u043d\u0430\u0436\u0443 (<a href=\"https:\/\/gemeinsam-fuer-dernbach.de\/uk\/ratssitzungsbericht-vom-18-juni-2025\/\" title=\"\">\u041f\u0430\u0440\u0430\u043b\u0435\u043b\u044c\u043d\u043e \u0437 \u0434\u043e\u043a\u0442\u043e\u0440\u043e\u043c \u0414\u043e\u043c\u0430\u0440\u0443\u0441-\u0448\u0442\u0440\u0430\u0441\u0441\u0435<\/a>)  \u2047  \u0432 \u0434\u0430\u043d\u0438\u0439 \u0447\u0430\u0441 \u043d\u0435\u043c\u0430\u0454 \u043d\u043e\u0432\u043e\u0433\u043e \u0441\u0442\u0430\u043d\u0443 \u0433\u0440\u0438. \u041f\u0440\u043e\u0441\u0438\u043c\u043e \u0430\u0434\u043c\u0456\u043d\u0456\u0441\u0442\u0440\u0430\u0446\u0456\u044e \u0442\u0430 \u0441\u043f\u043e\u0434\u0456\u0432\u0430\u0454\u043c\u043e\u0441\u044f \u043d\u0430 \u0432\u0456\u0434\u043f\u043e\u0432\u0456\u0434\u044c \u0443 <a href=\"https:\/\/wirges.gremien.info\/meeting\/4728\" title=\"\">\u0411\u0443\u0434\u0456\u0432\u0435\u043b\u044c\u043d\u0438\u0439 \u043a\u043e\u043c\u0456\u0442\u0435\u0442 12 \u043b\u0438\u0441\u0442\u043e\u043f\u0430\u0434\u0430<\/a> \u0430\u0431\u043e \u0432 <a href=\"https:\/\/wirges.gremien.info\/meeting\/4729\" title=\"\">\u041c\u0456\u0441\u044c\u043a\u0430 \u0440\u0430\u0434\u0430 19 \u043b\u0438\u0441\u0442\u043e\u043f\u0430\u0434\u0430<\/a> \u2047  \u0436\u043e\u0434\u0435\u043d \u043f\u043e\u0440\u044f\u0434\u043e\u043a \u0434\u0435\u043d\u043d\u0438\u0439 \u0449\u0435 \u043d\u0435 \u043e\u043f\u0443\u0431\u043b\u0456\u043a\u043e\u0432\u0430\u043d\u0438\u0439 \u0434\u043b\u044f \u043e\u0431\u043e\u0445 \u0437\u0443\u0441\u0442\u0440\u0456\u0447\u0435\u0439.<\/p>\n\n\n\n<p class=\"wp-block-paragraph\">\u041d\u0430 \u0432\u0456\u0434\u043a\u0440\u0438\u0442\u043e\u043c\u0443 \u0437\u0430\u0441\u0456\u0434\u0430\u043d\u043d\u0456 \u0433\u0440\u0443\u043f\u0438 \u0442\u0430\u043a\u043e\u0436 \u0431\u0443\u043b\u0438 \u043f\u0456\u0434\u043d\u044f\u0442\u0456 \u0442\u0435\u043c\u0438 \u043a\u043e\u043c\u0456\u0442\u0435\u0442\u0456\u0432: \u041a\u043e\u043c\u0456\u0442\u0435\u0442 \u043a\u0443\u043b\u044c\u0442\u0443\u0440\u0438 \u0437\u0430\u0439\u043c\u0430\u0454\u0442\u044c\u0441\u044f \u0432\u0430\u0436\u043b\u0438\u0432\u0438\u043c\u0438 \u0434\u0430\u0442\u0430\u043c\u0438, \u0432\u043a\u043b\u044e\u0447\u0430\u044e\u0447\u0438 \u0441\u043f\u0440\u0430\u0432\u0435\u0434\u043b\u0438\u0432\u0435 \u043f\u043b\u0430\u043d\u0443\u0432\u0430\u043d\u043d\u044f, \u0433\u0440\u043e\u043c\u0430\u0434\u044f\u043d\u0441\u044c\u043a\u0438\u0439 \u0441\u043d\u0456\u0434\u0430\u043d\u043e\u043a \u0442\u0430 \u0414\u0435\u043d\u044c \u043c\u043e\u043b\u043e\u0434\u0456. \u041c\u0438 \u043f\u0440\u043e\u0434\u043e\u0432\u0436\u0443\u0454\u043c\u043e \u0437\u0431\u0438\u0440\u0430\u0442\u0438 \u043f\u0440\u043e\u043f\u043e\u0437\u0438\u0446\u0456\u0457 \u0432\u0456\u0434 \u0433\u0440\u043e\u043c\u0430\u0434\u044f\u043d \u0449\u043e\u0434\u043e \u043f\u043e\u043a\u0440\u0430\u0449\u0435\u043d\u043d\u044f \u043f\u0440\u043e\u0446\u0435\u0441\u0456\u0432 \u043d\u0430 \u0437\u0430\u0445\u043e\u0434\u0430\u0445. \u041d\u0430\u043f\u0440\u0438\u043a\u043b\u0430\u0434, \u0454 \u043f\u0440\u043e\u043f\u043e\u0437\u0438\u0446\u0456\u0457 \u0449\u043e\u0434\u043e \u043f\u043e\u043b\u0456\u043f\u0448\u0435\u043d\u043d\u044f \u0434\u043b\u044f \u0441\u0442\u0430\u0440\u0448\u043e\u0433\u043e \u0434\u043d\u044f, \u0442\u0430\u043a\u0456 \u044f\u043a \u043e\u0440\u0433\u0430\u043d\u0456\u0437\u0430\u0446\u0456\u044f \u0442\u0430 \u043f\u0456\u0434\u0431\u0456\u0440 \u043d\u0430\u043f\u043e\u0457\u0432.<\/p>\n\n\n\n<p class=\"wp-block-paragraph\">\u0406\u043d\u0448\u0456 \u043c\u043e\u043c\u0435\u043d\u0442\u0438 \u0437 \u043d\u0430\u0448\u043e\u0457 \u043f\u0443\u0431\u043b\u0456\u0447\u043d\u043e\u0457 \u0437\u0443\u0441\u0442\u0440\u0456\u0447\u0456:<\/p>\n\n\n\n<ul class=\"wp-block-list\">\n<li>\u041c\u0438 \u043f\u0440\u043e\u043f\u043e\u043d\u0443\u0454\u043c\u043e \u0432\u0456\u0434\u043f\u043e\u0432\u0456\u0434\u043d\u0435 \u043c\u0456\u0441\u0446\u0435 \u0434\u043b\u044f \u043a\u043d\u0438\u0436\u043a\u043e\u0432\u043e\u0457 \u0442\u0435\u043b\u0435\u0444\u043e\u043d\u043d\u043e\u0457 \u0431\u0443\u0434\u043a\u0438. \u0406\u0434\u0435\u044f \u043f\u0440\u043e\u0435\u043a\u0442\u0443\u0432\u0430\u043d\u043d\u044f \u0442\u0435\u043b\u0435\u0444\u043e\u043d\u043d\u043e\u0457 \u0431\u0443\u0434\u043a\u0438 \u043c\u043e\u043b\u043e\u0434\u0434\u044e (<a href=\"https:\/\/gemeinsam-fuer-dernbach.de\/uk\/offene-fraktionssitzung-am-17-august-2025\/\" title=\"\">\u041c\u0438 \u043f\u043e\u0432\u0456\u0434\u043e\u043c\u043b\u044f\u043b\u0438<\/a>) \u043c\u0430\u0454 \u0431\u0443\u0442\u0438 \u0440\u0435\u0430\u043b\u0456\u0437\u043e\u0432\u0430\u043d\u0430.<\/li>\n\n\n\n<li>\u041f\u0456\u0434\u0434\u0430\u043d\u043e \u043a\u0440\u0438\u0442\u0438\u0446\u0456 \u0432\u0438\u043a\u043e\u0440\u0438\u0441\u0442\u0430\u043d\u043d\u044f \u043a\u043e\u043c\u0443\u043d\u0430\u043b\u044c\u043d\u0438\u0445 \u043f\u0440\u0438\u043c\u0456\u0449\u0435\u043d\u044c \u0442\u0430 \u0441\u0438\u0441\u0442\u0435\u043c \u0437\u0430\u043c\u0438\u043a\u0430\u043d\u043d\u044f. \u041c\u0438 \u0439\u0434\u0435\u043c\u043e \u0437\u0430 \u043d\u0438\u043c.<\/li>\n\n\n\n<li>\u0412\u0456\u0434\u0431\u0443\u043b\u043e\u0441\u044f \u0432\u0456\u0434\u043a\u0440\u0438\u0442\u0442\u044f \u0431\u0456\u0431\u043b\u0456\u043e\u0442\u0435\u043a\u0438, \u044f\u043a\u0435 \u043c\u0438 \u0437\u043d\u0430\u0439\u0448\u043b\u0438 \u0434\u0443\u0436\u0435 \u0432\u0434\u0430\u043b\u0438\u043c. \u0429\u0438\u0440\u043e \u0432\u0456\u0442\u0430\u0454\u043c\u043e \u043a\u043e\u043c\u0430\u043d\u0434\u0443 \u0431\u0456\u0431\u043b\u0456\u043e\u0442\u0435\u043a\u0438.<\/li>\n<\/ul>\n\n\n\n<h2 class=\"wp-block-heading\">\u041f\u0456\u0434\u0433\u043e\u0442\u043e\u0432\u043a\u0430 \u0434\u043e \u043d\u0430\u0441\u0442\u0443\u043f\u043d\u043e\u0433\u043e \u0437\u0430\u0441\u0456\u0434\u0430\u043d\u043d\u044f \u0440\u0430\u0434\u0438<\/h2>\n\n\n\n<p class=\"wp-block-paragraph\">\u041c\u0438 \u0432\u0436\u0435 \u0437\u0456\u0431\u0440\u0430\u043b\u0438 \u0442\u0430 \u043f\u0456\u0434\u0433\u043e\u0442\u0443\u0432\u0430\u043b\u0438 \u0442\u0435\u043c\u0438 \u0434\u043b\u044f \u043c\u0430\u0439\u0431\u0443\u0442\u043d\u044c\u043e\u0433\u043e \u0437\u0430\u0441\u0456\u0434\u0430\u043d\u043d\u044f \u0420\u0430\u0434\u0438, \u0437\u043e\u043a\u0440\u0435\u043c\u0430:<\/p>\n\n\n\n<ul class=\"wp-block-list\">\n<li>\u041f\u0440\u043e\u043c\u0438\u0441\u043b\u043e\u0432\u0430 \u0437\u043e\u043d\u0430: \u041f\u043e\u0442\u0435\u043d\u0446\u0456\u0439\u043d\u0438\u0439 \u0430\u043d\u0430\u043b\u0456\u0437 \u0456 \u043f\u0435\u0440\u0435\u0432\u0456\u0440\u043a\u0430 \u0444\u0430\u0439\u043b\u0456\u0432 \u0432 \u0456\u0441\u043d\u0443\u044e\u0447\u0438\u0445 \u0437\u0432\u0456\u0442\u0430\u0445. \u0426\u0435\u043d\u0442\u0440\u0430\u043b\u044c\u043d\u0438\u0439 \u0456 \u0424\u0456\u043d\u0430\u043d\u0441\u043e\u0432\u0438\u0439 \u041a\u043e\u043c\u0456\u0442\u0435\u0442 \u0432\u0438\u0434\u0430\u043b\u0438 \u043d\u043e\u0432\u0438\u0439 \u0432\u0438\u0441\u043d\u043e\u0432\u043e\u043a \u044f\u043a \u0456\u043d\u0432\u0435\u0441\u0442\u0438\u0446\u0456\u044e \u0432 \u0431\u044e\u0434\u0436\u0435\u0442.<\/li>\n\n\n\n<li>\u0406\u043d\u0444\u043e\u0440\u043c\u0430\u0446\u0456\u044f \u0432\u0456\u0434 \u0433\u0440\u043e\u043c\u0430\u0434\u044f\u043d \u043f\u0440\u043e \u043a\u0440\u0438\u0442\u0438\u0447\u043d\u0443 \u0434\u043e\u0440\u043e\u0436\u043d\u044e \u0441\u0438\u0442\u0443\u0430\u0446\u0456\u044e  \u2047  \u0442\u0443\u0442 \u043f\u0435\u0440\u0435\u0442\u0438\u043d \u0432\u0435\u043b\u043e\u0441\u0438\u043f\u0435\u0434\u043d\u0438\u0445 \u0448\u043b\u044f\u0445\u0456\u0432: \u0423 \u043a\u043e\u043d\u0442\u0435\u043a\u0441\u0442\u0456 \u0431\u0435\u0437\u043f\u0435\u043a\u0438 \u0434\u043e\u0440\u043e\u0436\u043d\u044c\u043e\u0433\u043e \u0440\u0443\u0445\u0443 \u043c\u0438 \u0437\u0430\u043a\u043b\u0438\u043a\u0430\u0454\u043c\u043e \u0430\u0434\u043c\u0456\u043d\u0456\u0441\u0442\u0440\u0430\u0446\u0456\u044e \u043e\u0440\u0433\u0430\u043d\u0456\u0437\u0443\u0432\u0430\u0442\u0438 \u0432\u0430\u043d\u0442\u0430\u0436\u043e\u043f\u0435\u0440\u0435\u0432\u0456\u0437\u043d\u0438\u043a \u0434\u043b\u044f \u0431\u0443\u0434\u0456\u0432\u043d\u0438\u0446\u0442\u0432\u0430 \u0434\u043e\u0440\u0456\u0433 (\u0439\u043c\u043e\u0432\u0456\u0440\u043d\u043e, \u0442\u0443\u0442 \u0434\u0435\u0440\u0436\u0430\u0432\u043d\u0430 \u043a\u043e\u043c\u043f\u0430\u043d\u0456\u044f \u043c\u043e\u0431\u0456\u043b\u044c\u043d\u043e\u0441\u0442\u0456) \u0434\u043b\u044f \u0432\u0438\u0432\u0447\u0435\u043d\u043d\u044f \u0437\u0430\u0445\u043e\u0434\u0456\u0432.<\/li>\n<\/ul>\n\n\n\n<h2 class=\"wp-block-heading\">\u0417\u0430\u0433\u0430\u043b\u044c\u043d\u0430 \u0456\u043d\u0444\u043e\u0440\u043c\u0430\u0446\u0456\u044f \u0437 \u043c\u0456\u0441\u0446\u044f<\/h2>\n\n\n\n<p class=\"wp-block-paragraph\">\u041d\u0430 \u0437\u0430\u0432\u0435\u0440\u0448\u0435\u043d\u043d\u044f \u0431\u0443\u043b\u043e \u0443\u0437\u0430\u0433\u0430\u043b\u044c\u043d\u0435\u043d\u043e \u043f\u043e\u0442\u043e\u0447\u043d\u0456 \u043f\u043e\u0434\u0456\u0457 \u0432 \u043c\u0443\u043d\u0456\u0446\u0438\u043f\u0430\u043b\u0456\u0442\u0435\u0442\u0456:<\/p>\n\n\n\n<ul class=\"wp-block-list\">\n<li>\u041f\u043e\u0447\u0430\u0442\u043a\u043e\u0432\u0430 \u0448\u043a\u043e\u043b\u0430 \u0432 \u0414\u0435\u0440\u043d\u0431\u0430\u0445\u0443 \u0431\u0443\u0434\u0435 \u0440\u043e\u0437\u0448\u0438\u0440\u0435\u043d\u0430, \u0449\u043e\u0431 \u0437\u0430\u0431\u0435\u0437\u043f\u0435\u0447\u0438\u0442\u0438 \u043f\u0440\u043e\u043f\u043e\u0437\u0438\u0446\u0456\u044e \u043d\u0430 \u0446\u0456\u043b\u0438\u0439 \u0434\u0435\u043d\u044c.<\/li>\n\n\n\n<li>\u0412 \u043a\u0456\u043d\u0446\u0456 \u0434\u043e\u0440\u043e\u0433\u0438 \u0431\u0443\u043b\u0430 \u0432\u0441\u0442\u0430\u043d\u043e\u0432\u043b\u0435\u043d\u0430 \u043d\u043e\u0432\u0430 \u0441\u0438\u0440\u0435\u043d\u0430  \u2047 Im Wehrholz \u2047 .<\/li>\n\n\n\n<li>\u0417\u043e\u043d\u0438 \u0437\u0430\u0431\u043e\u0440\u043e\u043d\u0438 \u0443\u0442\u0440\u0438\u043c\u0430\u043d\u043d\u044f \u043d\u0430\u0432\u043a\u043e\u043b\u043e \u0420\u0430\u0439\u0444\u0444\u0430\u0439\u0437\u0435\u043d-\u0413\u0456\u043c\u043d\u0430\u0437\u0456\u0457 \u0434\u043e\u0441\u0456 \u043d\u0435\u0434\u043e\u0441\u0442\u0430\u0442\u043d\u044c\u043e \u0434\u043e\u0442\u0440\u0438\u043c\u0430\u043d\u0456. \u0417\u0430\u043f\u0438\u0442\u0443\u0454\u043c\u043e \u0430\u0434\u043c\u0456\u043d\u0456\u0441\u0442\u0440\u0430\u0446\u0456\u044e, \u0447\u0438 \u043f\u0435\u0440\u0435\u0434\u0431\u0430\u0447\u0435\u043d\u0456 \u0456 \u044f\u043a\u0456 \u0437\u0430\u0445\u043e\u0434\u0438.<\/li>\n\n\n\n<li>\u0428\u0432\u0438 \u0441\u0456\u043b\u044c\u0441\u044c\u043a\u043e\u0457 \u0441\u0432\u0435\u0440\u0434\u043b\u043e\u0432\u0438\u043d\u0438 \u0431\u0443\u043b\u0438 \u0432\u0456\u0434\u0440\u0435\u043c\u043e\u043d\u0442\u043e\u0432\u0430\u043d\u0456 \u0441\u0438\u043d\u0442\u0435\u0442\u0438\u0447\u043d\u043e\u044e \u0441\u043c\u043e\u043b\u043e\u044e.<\/li>\n\n\n\n<li>\u041a\u0456\u043b\u044c\u043a\u0430 \u0437\u0432\u0456\u043b\u044c\u043d\u0435\u043d\u0438\u0445 \u043c\u0456\u0441\u0446\u044c \u0432 \u0440\u0430\u0439\u043e\u043d\u0456  \u2047 , \u0432\u043a\u043b\u044e\u0447\u0430\u044e\u0447\u0438 \u041a\u0456\u0440\u0445\u0432\u043e\u0440- \u0456 \u0420\u0430\u0442\u0445\u0430\u0443\u0441\u043f\u043b\u0430\u0446  \u2047 , \u043f\u043e\u0432\u0438\u043d\u043d\u0456 \u0431\u0443\u0442\u0438 \u0432\u0456\u0434\u0440\u0435\u043c\u043e\u043d\u0442\u043e\u0432\u0430\u043d\u0456.<\/li>\n\n\n\n<li>\u0420\u043e\u0437\u0448\u0438\u0440\u0435\u043d\u043d\u044f \u0440\u043e\u0431\u043e\u0442\u0438 \u0437\u0456 \u0441\u043a\u043b\u043e\u043f\u043b\u0430\u0441\u0442\u0438\u043a\u0443 \u043f\u0440\u043e\u0434\u043e\u0432\u0436\u0443\u0454 \u0431\u0443\u0442\u0438 \u043d\u0435\u043d\u0430\u0434\u0456\u0439\u043d\u0438\u043c, \u0437\u043d\u0438\u0436\u0435\u043d\u043d\u044f \u0440\u043e\u0431\u043e\u0442\u0438 \u0432\u0441\u0435 \u0449\u0435 \u043e\u0447\u0456\u043a\u0443\u0454\u0442\u044c\u0441\u044f, \u044f\u043a \u043f\u043e\u0432\u0456\u0434\u043e\u043c\u0438\u0432 \u043f\u0440\u0435\u0434\u0441\u0442\u0430\u0432\u043d\u0438\u043a.<\/li>\n<\/ul>\n\n\n\n<p class=\"wp-block-paragraph\">\u041d\u0430\u0440\u0435\u0448\u0442\u0456, \u043c\u0456\u0441\u0442\u044f\u043d \u0437\u0430\u043f\u0440\u043e\u0441\u0438\u043b\u0438 \u0432\u043d\u0435\u0441\u0442\u0438 \u0441\u0432\u043e\u0457 \u0456\u0434\u0435\u0457 \u0434\u043b\u044f \u0440\u043e\u0437\u0432\u0438\u0442\u043a\u0443 \u0441\u0435\u043b\u0430. \u041e\u0431\u043c\u0456\u043d \u043d\u0430\u043e\u0447\u043d\u043e \u043f\u0440\u043e\u0434\u0435\u043c\u043e\u043d\u0441\u0442\u0440\u0443\u0432\u0430\u0432 \u0432\u0430\u0436\u043b\u0438\u0432\u0456\u0441\u0442\u044c \u0434\u043b\u044f \u0431\u0430\u0433\u0430\u0442\u044c\u043e\u0445 \u0437\u043c\u0456\u0446\u043d\u0435\u043d\u043d\u044f \u0436\u0438\u0442\u0442\u044f \u0433\u0440\u043e\u043c\u0430\u0434\u0438, \u043a\u0440\u0430\u0449\u043e\u0457 \u043a\u043e\u043e\u0440\u0434\u0438\u043d\u0430\u0446\u0456\u0457 \u043f\u043e\u0434\u0456\u0439 \u0442\u0430 \u0432\u0456\u0434\u043a\u0440\u0438\u0442\u043e\u0433\u043e \u0434\u0456\u0430\u043b\u043e\u0433\u0443 \u0432\u0441\u0435\u0440\u0435\u0434\u0438\u043d\u0456 \u0433\u0440\u043e\u043c\u0430\u0434\u0438.<\/p>\n\n\n\n<p class=\"wp-block-paragraph\">\u0420\u0430\u0437\u043e\u043c \u0437 \u0414\u0435\u0440\u043d\u0431\u0430\u0445\u043e\u043c \u043f\u043b\u0430\u043d\u0443\u0454 \u043f\u0456\u0434\u0442\u0440\u0438\u043c\u0443\u0432\u0430\u0442\u0438 \u043f\u0443\u0431\u043b\u0456\u0447\u043d\u0456 \u0437\u0430\u0441\u0456\u0434\u0430\u043d\u043d\u044f \u0433\u0440\u0443\u043f \u0437 \u0456\u043d\u0442\u0435\u0440\u0432\u0430\u043b\u043e\u043c \u0431\u043b\u0438\u0437\u044c\u043a\u043e \u0442\u0440\u044c\u043e\u0445 \u043c\u0456\u0441\u044f\u0446\u0456\u0432. \u041c\u0438 \u0441\u043f\u043e\u0434\u0456\u0432\u0430\u0454\u043c\u043e\u0441\u044c, \u0449\u043e \u0437\u043c\u043e\u0436\u0435\u043c\u043e \u0439 \u043d\u0430\u0434\u0430\u043b\u0456 \u0432\u0438\u043a\u043e\u0440\u0438\u0441\u0442\u043e\u0432\u0443\u0432\u0430\u0442\u0438 \u0434\u043b\u044f \u0446\u0456\u0454\u0457 \u043c\u0435\u0442\u0438 \u0417\u0430\u043b \u0420\u0430\u0434\u0438, \u0434\u043b\u044f \u0447\u043e\u0433\u043e \u043c\u0438 \u0434\u0443\u0436\u0435 \u043d\u0430\u043f\u043e\u043b\u0435\u0433\u043b\u0438\u0432\u043e \u043f\u0440\u0430\u0446\u044e\u0432\u0430\u043b\u0438. \u041c\u0438 \u043e\u0433\u043e\u043b\u043e\u0441\u0438\u043c\u043e \u0434\u0430\u0442\u0438 2026 \u0440\u043e\u043a\u0443 \u0442\u0443\u0442 \u044f\u043a\u043e\u043c\u043e\u0433\u0430 \u0448\u0432\u0438\u0434\u0448\u0435.<\/p>","protected":false},"excerpt":{"rendered":"<p>\u0421\u044c\u043e\u0433\u043e\u0434\u043d\u0456 \u0432\u0456\u0434\u0431\u0443\u043b\u043e\u0441\u044f \u0432\u0456\u0434\u043a\u0440\u0438\u0442\u0435 \u0437\u0430\u0441\u0456\u0434\u0430\u043d\u043d\u044f \u0413\u0440\u0443\u043f\u0438, \u043d\u0430 \u044f\u043a\u0435 \u0431\u0443\u043b\u0438 \u0437\u0430\u043f\u0440\u043e\u0448\u0435\u043d\u0456 \u0432\u0441\u0456 \u0431\u0430\u0436\u0430\u044e\u0447\u0456 \u0433\u0440\u043e\u043c\u0430\u0434\u044f\u043d\u0438. \u041c\u0435\u0442\u043e\u044e \u0437\u0443\u0441\u0442\u0440\u0456\u0447\u0456 \u0431\u0443\u043b\u043e \u043d\u0430\u0434\u0430\u043d\u043d\u044f \u043f\u0440\u043e\u0437\u043e\u0440\u043e\u0457 \u0456\u043d\u0444\u043e\u0440\u043c\u0430\u0446\u0456\u0457 \u0449\u043e\u0434\u043e \u0430\u043a\u0442\u0443\u0430\u043b\u044c\u043d\u0438\u0445 \u0442\u0435\u043c \u0432\u0456\u0434 \u043c\u0443\u043d\u0456\u0446\u0438\u043f\u0430\u043b\u044c\u043d\u0438\u0445 \u043e\u0440\u0433\u0430\u043d\u0456\u0432, [...]<\/p>","protected":false},"author":2,"featured_media":1575,"comment_status":"closed","ping_status":"open","sticky":false,"template":"","format":"standard","meta":{"_price":"","_stock":"","_tribe_ticket_header":"","_tribe_default_ticket_provider":"","_tribe_ticket_capacity":"0","_ticket_start_date":"","_ticket_end_date":"","_tribe_ticket_show_description":"","_tribe_ticket_show_not_going":false,"_tribe_ticket_use_global_stock":"","_tribe_ticket_global_stock_level":"","_global_stock_mode":"","_global_stock_cap":"","_tribe_rsvp_for_event":"","_tribe_ticket_going_count":"","_tribe_ticket_not_going_count":"","_tribe_tickets_list":"[]","_tribe_ticket_has_attendee_info_fields":false,"_EventAllDay":false,"_EventTimezone":"","_EventStartDate":"","_EventEndDate":"","_EventStartDateUTC":"","_EventEndDateUTC":"","_EventShowMap":false,"_EventShowMapLink":false,"_EventURL":"","_EventCost":"","_EventCostDescription":"","_EventCurrencySymbol":"","_EventCurrencyCode":"","_EventCurrencyPosition":"","_EventDateTimeSeparator":"","_EventTimeRangeSeparator":"","_EventOrganizerID":[],"_EventVenueID":[],"_OrganizerEmail":"","_OrganizerPhone":"","_OrganizerWebsite":"","_VenueAddress":"","_VenueCity":"","_VenueCountry":"","_VenueProvince":"","_VenueState":"","_VenueZip":"","_VenuePhone":"","_VenueURL":"","_VenueStateProvince":"","_VenueLat":"","_VenueLng":"","_VenueShowMap":false,"_VenueShowMapLink":false,"footnotes":""},"categories":[35,9],"tags":[137,119,87,12,124,147],"class_list":["post-1574","post","type-post","status-publish","format-standard","has-post-thumbnail","hentry","category-dorfleben","category-neues-von-uns","tag-beigeordnete","tag-buecherei","tag-buergerfruehstueck","tag-gemeinsam-fuer-dernbach","tag-glasfaser","tag-offene-fraktionssitzung"],"aioseo_notices":[],"aioseo_head":"\n\t\t<!-- All in One SEO 5.0.1.1 - aioseo.com -->\n\t<meta name=\"description\" content=\"Heute fand eine offene Fraktionssitzung statt, zu der alle interessierte B\u00fcrgerinnen und B\u00fcrger eingeladen waren. Ziel des Treffens war es, transparent \u00fcber aktuelle Themen aus den gemeindlichen Gremien zu informieren, auf die kommende Gemeinderatssitzung vorzubereiten sowie Anregungen aus der B\u00fcrgerschaft aufzunehmen. Aktuelles aus den Gremien Wir schauten zun\u00e4chst auf die letzte Ratssitzung Mitte Juni zur\u00fcck.\" \/>\n\t<meta name=\"robots\" content=\"max-image-preview:large\" \/>\n\t<meta name=\"author\" content=\"GfD_Manuel\"\/>\n\t<link rel=\"canonical\" href=\"https:\/\/gemeinsam-fuer-dernbach.de\/uk\/offener-und-gelungener-austausch-im-herbst\" \/>\n\t<meta name=\"generator\" content=\"All in One SEO (AIOSEO) 5.0.1.1\" \/>\n\t\t<meta property=\"og:locale\" content=\"uk_UA\" \/>\n\t\t<meta property=\"og:site_name\" content=\"Gemeinsam f\u00fcr Dernbach - Gemeinsam f\u00fcr Dernbach - Website der W\u00e4hlergruppe Jankowitsch\" \/>\n\t\t<meta property=\"og:type\" content=\"article\" \/>\n\t\t<meta property=\"og:title\" content=\"Offener und gelungener Austausch im Herbst - Gemeinsam f\u00fcr Dernbach\" \/>\n\t\t<meta property=\"og:description\" content=\"Heute fand eine offene Fraktionssitzung statt, zu der alle interessierte B\u00fcrgerinnen und B\u00fcrger eingeladen waren. Ziel des Treffens war es, transparent \u00fcber aktuelle Themen aus den gemeindlichen Gremien zu informieren, auf die kommende Gemeinderatssitzung vorzubereiten sowie Anregungen aus der B\u00fcrgerschaft aufzunehmen. Aktuelles aus den Gremien Wir schauten zun\u00e4chst auf die letzte Ratssitzung Mitte Juni zur\u00fcck.\" \/>\n\t\t<meta property=\"og:url\" content=\"https:\/\/gemeinsam-fuer-dernbach.de\/uk\/offener-und-gelungener-austausch-im-herbst\" \/>\n\t\t<meta property=\"og:image\" content=\"https:\/\/gemeinsam-fuer-dernbach.de\/wp-content\/uploads\/2024\/12\/cropped-Button.png\" \/>\n\t\t<meta property=\"og:image:secure_url\" content=\"https:\/\/gemeinsam-fuer-dernbach.de\/wp-content\/uploads\/2024\/12\/cropped-Button.png\" \/>\n\t\t<meta property=\"og:image:width\" content=\"512\" \/>\n\t\t<meta property=\"og:image:height\" content=\"512\" \/>\n\t\t<meta property=\"article:published_time\" content=\"2025-11-02T15:40:05+00:00\" \/>\n\t\t<meta property=\"article:modified_time\" content=\"2025-11-02T18:19:23+00:00\" \/>\n\t\t<meta property=\"article:publisher\" content=\"https:\/\/www.facebook.com\/gemeinsam.fuer.dernbach\/\" \/>\n\t\t<meta name=\"twitter:card\" content=\"summary_large_image\" \/>\n\t\t<meta name=\"twitter:title\" content=\"Offener und gelungener Austausch im Herbst - Gemeinsam f\u00fcr Dernbach\" \/>\n\t\t<meta name=\"twitter:description\" content=\"Heute fand eine offene Fraktionssitzung statt, zu der alle interessierte B\u00fcrgerinnen und B\u00fcrger eingeladen waren. Ziel des Treffens war es, transparent \u00fcber aktuelle Themen aus den gemeindlichen Gremien zu informieren, auf die kommende Gemeinderatssitzung vorzubereiten sowie Anregungen aus der B\u00fcrgerschaft aufzunehmen. Aktuelles aus den Gremien Wir schauten zun\u00e4chst auf die letzte Ratssitzung Mitte Juni zur\u00fcck.\" \/>\n\t\t<meta name=\"twitter:image\" content=\"https:\/\/gemeinsam-fuer-dernbach.de\/wp-content\/uploads\/2024\/12\/cropped-Button.png\" \/>\n\t\t<script type=\"application\/ld+json\" class=\"aioseo-schema\">\n\t\t\t{\"@context\":\"https:\\\/\\\/schema.org\",\"@graph\":[{\"@type\":\"BlogPosting\",\"@id\":\"https:\\\/\\\/gemeinsam-fuer-dernbach.de\\\/uk\\\/offener-und-gelungener-austausch-im-herbst#blogposting\",\"name\":\"Offener und gelungener Austausch im Herbst - Gemeinsam f\\u00fcr Dernbach\",\"headline\":\"Offener und gelungener Austausch im Herbst\",\"author\":{\"@id\":\"https:\\\/\\\/gemeinsam-fuer-dernbach.de\\\/uk\\\/author\\\/gfd_manuel#author\"},\"publisher\":{\"@id\":\"https:\\\/\\\/gemeinsam-fuer-dernbach.de\\\/uk\\\/#organization\"},\"image\":{\"@type\":\"ImageObject\",\"url\":\"https:\\\/\\\/gemeinsam-fuer-dernbach.de\\\/wp-content\\\/uploads\\\/2025\\\/11\\\/IMG_2593.jpg\",\"width\":1535,\"height\":2048,\"caption\":\"Gruppenfoto Gemeinsam f\\u00fcr Dernbach im Rathaus nach der offenen Fraktionssitzung\"},\"datePublished\":\"2025-11-02T16:40:05+01:00\",\"dateModified\":\"2025-11-02T19:19:23+01:00\",\"inLanguage\":\"uk\",\"mainEntityOfPage\":{\"@id\":\"https:\\\/\\\/gemeinsam-fuer-dernbach.de\\\/uk\\\/offener-und-gelungener-austausch-im-herbst#webpage\"},\"isPartOf\":{\"@id\":\"https:\\\/\\\/gemeinsam-fuer-dernbach.de\\\/uk\\\/offener-und-gelungener-austausch-im-herbst#webpage\"},\"articleSection\":\"Dorfleben, Neues von uns, Beigeordnete, B\\u00fccherei, B\\u00fcrgerfr\\u00fchst\\u00fcck, Gemeinsam f\\u00fcr Dernbach, Glasfaser, Offene Fraktionssitzung\"},{\"@type\":\"BreadcrumbList\",\"@id\":\"https:\\\/\\\/gemeinsam-fuer-dernbach.de\\\/uk\\\/offener-und-gelungener-austausch-im-herbst#breadcrumblist\",\"itemListElement\":[{\"@type\":\"ListItem\",\"@id\":\"https:\\\/\\\/gemeinsam-fuer-dernbach.de\\\/uk#listItem\",\"position\":1,\"name\":\"Home\",\"item\":\"https:\\\/\\\/gemeinsam-fuer-dernbach.de\\\/uk\",\"nextItem\":{\"@type\":\"ListItem\",\"@id\":\"https:\\\/\\\/gemeinsam-fuer-dernbach.de\\\/uk\\\/category\\\/neues-von-uns#listItem\",\"name\":\"Neues von uns\"}},{\"@type\":\"ListItem\",\"@id\":\"https:\\\/\\\/gemeinsam-fuer-dernbach.de\\\/uk\\\/category\\\/neues-von-uns#listItem\",\"position\":2,\"name\":\"Neues von uns\",\"item\":\"https:\\\/\\\/gemeinsam-fuer-dernbach.de\\\/uk\\\/category\\\/neues-von-uns\",\"nextItem\":{\"@type\":\"ListItem\",\"@id\":\"https:\\\/\\\/gemeinsam-fuer-dernbach.de\\\/uk\\\/offener-und-gelungener-austausch-im-herbst#listItem\",\"name\":\"Offener und gelungener Austausch im Herbst\"},\"previousItem\":{\"@type\":\"ListItem\",\"@id\":\"https:\\\/\\\/gemeinsam-fuer-dernbach.de\\\/uk#listItem\",\"name\":\"Home\"}},{\"@type\":\"ListItem\",\"@id\":\"https:\\\/\\\/gemeinsam-fuer-dernbach.de\\\/uk\\\/offener-und-gelungener-austausch-im-herbst#listItem\",\"position\":3,\"name\":\"Offener und gelungener Austausch im Herbst\",\"previousItem\":{\"@type\":\"ListItem\",\"@id\":\"https:\\\/\\\/gemeinsam-fuer-dernbach.de\\\/uk\\\/category\\\/neues-von-uns#listItem\",\"name\":\"Neues von uns\"}}]},{\"@type\":\"Organization\",\"@id\":\"https:\\\/\\\/gemeinsam-fuer-dernbach.de\\\/uk\\\/#organization\",\"name\":\"Gemeinsam f\\u00fcr Dernbach\",\"description\":\"Gemeinsam f\\u00fcr Dernbach - Website der W\\u00e4hlergruppe Jankowitsch\",\"url\":\"https:\\\/\\\/gemeinsam-fuer-dernbach.de\\\/uk\\\/\",\"logo\":{\"@type\":\"ImageObject\",\"url\":\"https:\\\/\\\/gemeinsam-fuer-dernbach.de\\\/wp-content\\\/uploads\\\/2024\\\/12\\\/cropped-Button.png\",\"@id\":\"https:\\\/\\\/gemeinsam-fuer-dernbach.de\\\/uk\\\/offener-und-gelungener-austausch-im-herbst\\\/#organizationLogo\",\"width\":512,\"height\":512,\"caption\":\"Gemeinsam f\\u00fcr Dernbach\"},\"image\":{\"@id\":\"https:\\\/\\\/gemeinsam-fuer-dernbach.de\\\/uk\\\/offener-und-gelungener-austausch-im-herbst\\\/#organizationLogo\"},\"sameAs\":[\"https:\\\/\\\/www.facebook.com\\\/gemeinsam.fuer.dernbach\\\/\",\"https:\\\/\\\/www.instagram.com\\\/gemeinsam_fuer_dernbach\\\/\"]},{\"@type\":\"Person\",\"@id\":\"https:\\\/\\\/gemeinsam-fuer-dernbach.de\\\/uk\\\/author\\\/gfd_manuel#author\",\"url\":\"https:\\\/\\\/gemeinsam-fuer-dernbach.de\\\/uk\\\/author\\\/gfd_manuel\",\"name\":\"GfD_Manuel\"},{\"@type\":\"WebPage\",\"@id\":\"https:\\\/\\\/gemeinsam-fuer-dernbach.de\\\/uk\\\/offener-und-gelungener-austausch-im-herbst#webpage\",\"url\":\"https:\\\/\\\/gemeinsam-fuer-dernbach.de\\\/uk\\\/offener-und-gelungener-austausch-im-herbst\",\"name\":\"Offener und gelungener Austausch im Herbst - Gemeinsam f\\u00fcr Dernbach\",\"description\":\"Heute fand eine offene Fraktionssitzung statt, zu der alle interessierte B\\u00fcrgerinnen und B\\u00fcrger eingeladen waren. Ziel des Treffens war es, transparent \\u00fcber aktuelle Themen aus den gemeindlichen Gremien zu informieren, auf die kommende Gemeinderatssitzung vorzubereiten sowie Anregungen aus der B\\u00fcrgerschaft aufzunehmen. Aktuelles aus den Gremien Wir schauten zun\\u00e4chst auf die letzte Ratssitzung Mitte Juni zur\\u00fcck.\",\"inLanguage\":\"uk\",\"isPartOf\":{\"@id\":\"https:\\\/\\\/gemeinsam-fuer-dernbach.de\\\/uk\\\/#website\"},\"breadcrumb\":{\"@id\":\"https:\\\/\\\/gemeinsam-fuer-dernbach.de\\\/uk\\\/offener-und-gelungener-austausch-im-herbst#breadcrumblist\"},\"author\":{\"@id\":\"https:\\\/\\\/gemeinsam-fuer-dernbach.de\\\/uk\\\/author\\\/gfd_manuel#author\"},\"creator\":{\"@id\":\"https:\\\/\\\/gemeinsam-fuer-dernbach.de\\\/uk\\\/author\\\/gfd_manuel#author\"},\"image\":{\"@type\":\"ImageObject\",\"url\":\"https:\\\/\\\/gemeinsam-fuer-dernbach.de\\\/wp-content\\\/uploads\\\/2025\\\/11\\\/IMG_2593.jpg\",\"@id\":\"https:\\\/\\\/gemeinsam-fuer-dernbach.de\\\/uk\\\/offener-und-gelungener-austausch-im-herbst\\\/#mainImage\",\"width\":1535,\"height\":2048,\"caption\":\"Gruppenfoto Gemeinsam f\\u00fcr Dernbach im Rathaus nach der offenen Fraktionssitzung\"},\"primaryImageOfPage\":{\"@id\":\"https:\\\/\\\/gemeinsam-fuer-dernbach.de\\\/uk\\\/offener-und-gelungener-austausch-im-herbst#mainImage\"},\"datePublished\":\"2025-11-02T16:40:05+01:00\",\"dateModified\":\"2025-11-02T19:19:23+01:00\"},{\"@type\":\"WebSite\",\"@id\":\"https:\\\/\\\/gemeinsam-fuer-dernbach.de\\\/uk\\\/#website\",\"url\":\"https:\\\/\\\/gemeinsam-fuer-dernbach.de\\\/uk\\\/\",\"name\":\"Gemeinsam f\\u00fcr Dernbach\",\"description\":\"Gemeinsam f\\u00fcr Dernbach - Website der W\\u00e4hlergruppe Jankowitsch\",\"inLanguage\":\"uk\",\"publisher\":{\"@id\":\"https:\\\/\\\/gemeinsam-fuer-dernbach.de\\\/uk\\\/#organization\"}}]}\n\t\t<\/script>\n\t\t<!-- All in One SEO -->\n\n","aioseo_head_json":{"title":"Offener und gelungener Austausch im Herbst - Gemeinsam f\u00fcr Dernbach","description":"Heute fand eine offene Fraktionssitzung statt, zu der alle interessierte B\u00fcrgerinnen und B\u00fcrger eingeladen waren. Ziel des Treffens war es, transparent \u00fcber aktuelle Themen aus den gemeindlichen Gremien zu informieren, auf die kommende Gemeinderatssitzung vorzubereiten sowie Anregungen aus der B\u00fcrgerschaft aufzunehmen. Aktuelles aus den Gremien Wir schauten zun\u00e4chst auf die letzte Ratssitzung Mitte Juni zur\u00fcck.","canonical_url":"https:\/\/gemeinsam-fuer-dernbach.de\/uk\/offener-und-gelungener-austausch-im-herbst","robots":"max-image-preview:large","keywords":"","webmasterTools":{"miscellaneous":""},"schema":{"@context":"https:\/\/schema.org","@graph":[{"@type":"BlogPosting","@id":"https:\/\/gemeinsam-fuer-dernbach.de\/uk\/offener-und-gelungener-austausch-im-herbst#blogposting","name":"Offener und gelungener Austausch im Herbst - Gemeinsam f\u00fcr Dernbach","headline":"Offener und gelungener Austausch im Herbst","author":{"@id":"https:\/\/gemeinsam-fuer-dernbach.de\/uk\/author\/gfd_manuel#author"},"publisher":{"@id":"https:\/\/gemeinsam-fuer-dernbach.de\/uk\/#organization"},"image":{"@type":"ImageObject","url":"https:\/\/gemeinsam-fuer-dernbach.de\/wp-content\/uploads\/2025\/11\/IMG_2593.jpg","width":1535,"height":2048,"caption":"Gruppenfoto Gemeinsam f\u00fcr Dernbach im Rathaus nach der offenen Fraktionssitzung"},"datePublished":"2025-11-02T16:40:05+01:00","dateModified":"2025-11-02T19:19:23+01:00","inLanguage":"uk","mainEntityOfPage":{"@id":"https:\/\/gemeinsam-fuer-dernbach.de\/uk\/offener-und-gelungener-austausch-im-herbst#webpage"},"isPartOf":{"@id":"https:\/\/gemeinsam-fuer-dernbach.de\/uk\/offener-und-gelungener-austausch-im-herbst#webpage"},"articleSection":"Dorfleben, Neues von uns, Beigeordnete, B\u00fccherei, B\u00fcrgerfr\u00fchst\u00fcck, Gemeinsam f\u00fcr Dernbach, Glasfaser, Offene Fraktionssitzung"},{"@type":"BreadcrumbList","@id":"https:\/\/gemeinsam-fuer-dernbach.de\/uk\/offener-und-gelungener-austausch-im-herbst#breadcrumblist","itemListElement":[{"@type":"ListItem","@id":"https:\/\/gemeinsam-fuer-dernbach.de\/uk#listItem","position":1,"name":"Home","item":"https:\/\/gemeinsam-fuer-dernbach.de\/uk","nextItem":{"@type":"ListItem","@id":"https:\/\/gemeinsam-fuer-dernbach.de\/uk\/category\/neues-von-uns#listItem","name":"Neues von uns"}},{"@type":"ListItem","@id":"https:\/\/gemeinsam-fuer-dernbach.de\/uk\/category\/neues-von-uns#listItem","position":2,"name":"Neues von uns","item":"https:\/\/gemeinsam-fuer-dernbach.de\/uk\/category\/neues-von-uns","nextItem":{"@type":"ListItem","@id":"https:\/\/gemeinsam-fuer-dernbach.de\/uk\/offener-und-gelungener-austausch-im-herbst#listItem","name":"Offener und gelungener Austausch im Herbst"},"previousItem":{"@type":"ListItem","@id":"https:\/\/gemeinsam-fuer-dernbach.de\/uk#listItem","name":"Home"}},{"@type":"ListItem","@id":"https:\/\/gemeinsam-fuer-dernbach.de\/uk\/offener-und-gelungener-austausch-im-herbst#listItem","position":3,"name":"Offener und gelungener Austausch im Herbst","previousItem":{"@type":"ListItem","@id":"https:\/\/gemeinsam-fuer-dernbach.de\/uk\/category\/neues-von-uns#listItem","name":"Neues von uns"}}]},{"@type":"Organization","@id":"https:\/\/gemeinsam-fuer-dernbach.de\/uk\/#organization","name":"Gemeinsam f\u00fcr Dernbach","description":"Gemeinsam f\u00fcr Dernbach - Website der W\u00e4hlergruppe Jankowitsch","url":"https:\/\/gemeinsam-fuer-dernbach.de\/uk\/","logo":{"@type":"ImageObject","url":"https:\/\/gemeinsam-fuer-dernbach.de\/wp-content\/uploads\/2024\/12\/cropped-Button.png","@id":"https:\/\/gemeinsam-fuer-dernbach.de\/uk\/offener-und-gelungener-austausch-im-herbst\/#organizationLogo","width":512,"height":512,"caption":"Gemeinsam f\u00fcr Dernbach"},"image":{"@id":"https:\/\/gemeinsam-fuer-dernbach.de\/uk\/offener-und-gelungener-austausch-im-herbst\/#organizationLogo"},"sameAs":["https:\/\/www.facebook.com\/gemeinsam.fuer.dernbach\/","https:\/\/www.instagram.com\/gemeinsam_fuer_dernbach\/"]},{"@type":"Person","@id":"https:\/\/gemeinsam-fuer-dernbach.de\/uk\/author\/gfd_manuel#author","url":"https:\/\/gemeinsam-fuer-dernbach.de\/uk\/author\/gfd_manuel","name":"GfD_Manuel"},{"@type":"WebPage","@id":"https:\/\/gemeinsam-fuer-dernbach.de\/uk\/offener-und-gelungener-austausch-im-herbst#webpage","url":"https:\/\/gemeinsam-fuer-dernbach.de\/uk\/offener-und-gelungener-austausch-im-herbst","name":"Offener und gelungener Austausch im Herbst - Gemeinsam f\u00fcr Dernbach","description":"Heute fand eine offene Fraktionssitzung statt, zu der alle interessierte B\u00fcrgerinnen und B\u00fcrger eingeladen waren. Ziel des Treffens war es, transparent \u00fcber aktuelle Themen aus den gemeindlichen Gremien zu informieren, auf die kommende Gemeinderatssitzung vorzubereiten sowie Anregungen aus der B\u00fcrgerschaft aufzunehmen. Aktuelles aus den Gremien Wir schauten zun\u00e4chst auf die letzte Ratssitzung Mitte Juni zur\u00fcck.","inLanguage":"uk","isPartOf":{"@id":"https:\/\/gemeinsam-fuer-dernbach.de\/uk\/#website"},"breadcrumb":{"@id":"https:\/\/gemeinsam-fuer-dernbach.de\/uk\/offener-und-gelungener-austausch-im-herbst#breadcrumblist"},"author":{"@id":"https:\/\/gemeinsam-fuer-dernbach.de\/uk\/author\/gfd_manuel#author"},"creator":{"@id":"https:\/\/gemeinsam-fuer-dernbach.de\/uk\/author\/gfd_manuel#author"},"image":{"@type":"ImageObject","url":"https:\/\/gemeinsam-fuer-dernbach.de\/wp-content\/uploads\/2025\/11\/IMG_2593.jpg","@id":"https:\/\/gemeinsam-fuer-dernbach.de\/uk\/offener-und-gelungener-austausch-im-herbst\/#mainImage","width":1535,"height":2048,"caption":"Gruppenfoto Gemeinsam f\u00fcr Dernbach im Rathaus nach der offenen Fraktionssitzung"},"primaryImageOfPage":{"@id":"https:\/\/gemeinsam-fuer-dernbach.de\/uk\/offener-und-gelungener-austausch-im-herbst#mainImage"},"datePublished":"2025-11-02T16:40:05+01:00","dateModified":"2025-11-02T19:19:23+01:00"},{"@type":"WebSite","@id":"https:\/\/gemeinsam-fuer-dernbach.de\/uk\/#website","url":"https:\/\/gemeinsam-fuer-dernbach.de\/uk\/","name":"Gemeinsam f\u00fcr Dernbach","description":"Gemeinsam f\u00fcr Dernbach - Website der W\u00e4hlergruppe Jankowitsch","inLanguage":"uk","publisher":{"@id":"https:\/\/gemeinsam-fuer-dernbach.de\/uk\/#organization"}}]},"og:locale":"uk_UA","og:site_name":"Gemeinsam f\u00fcr Dernbach - Gemeinsam f\u00fcr Dernbach - Website der W\u00e4hlergruppe Jankowitsch","og:type":"article","og:title":"Offener und gelungener Austausch im Herbst - Gemeinsam f\u00fcr Dernbach","og:description":"Heute fand eine offene Fraktionssitzung statt, zu der alle interessierte B\u00fcrgerinnen und B\u00fcrger eingeladen waren. Ziel des Treffens war es, transparent \u00fcber aktuelle Themen aus den gemeindlichen Gremien zu informieren, auf die kommende Gemeinderatssitzung vorzubereiten sowie Anregungen aus der B\u00fcrgerschaft aufzunehmen. Aktuelles aus den Gremien Wir schauten zun\u00e4chst auf die letzte Ratssitzung Mitte Juni zur\u00fcck.","og:url":"https:\/\/gemeinsam-fuer-dernbach.de\/uk\/offener-und-gelungener-austausch-im-herbst","og:image":"https:\/\/gemeinsam-fuer-dernbach.de\/wp-content\/uploads\/2024\/12\/cropped-Button.png","og:image:secure_url":"https:\/\/gemeinsam-fuer-dernbach.de\/wp-content\/uploads\/2024\/12\/cropped-Button.png","og:image:width":512,"og:image:height":512,"article:published_time":"2025-11-02T15:40:05+00:00","article:modified_time":"2025-11-02T18:19:23+00:00","article:publisher":"https:\/\/www.facebook.com\/gemeinsam.fuer.dernbach\/","twitter:card":"summary_large_image","twitter:title":"Offener und gelungener Austausch im Herbst - Gemeinsam f\u00fcr Dernbach","twitter:description":"Heute fand eine offene Fraktionssitzung statt, zu der alle interessierte B\u00fcrgerinnen und B\u00fcrger eingeladen waren. Ziel des Treffens war es, transparent \u00fcber aktuelle Themen aus den gemeindlichen Gremien zu informieren, auf die kommende Gemeinderatssitzung vorzubereiten sowie Anregungen aus der B\u00fcrgerschaft aufzunehmen. Aktuelles aus den Gremien Wir schauten zun\u00e4chst auf die letzte Ratssitzung Mitte Juni zur\u00fcck.","twitter:image":"https:\/\/gemeinsam-fuer-dernbach.de\/wp-content\/uploads\/2024\/12\/cropped-Button.png"},"aioseo_meta_data":{"post_id":"1574","title":null,"description":null,"keywords":null,"keyphrases":{"focus":[],"additional":[]},"primary_term":null,"canonical_url":null,"og_title":null,"og_description":null,"og_object_type":"default","og_image_type":"default","og_image_url":null,"og_image_width":null,"og_image_height":null,"og_image_custom_url":null,"og_image_custom_fields":null,"og_video":"","og_custom_url":null,"og_article_section":null,"og_article_tags":null,"twitter_use_og":false,"twitter_card":"default","twitter_image_type":"default","twitter_image_url":null,"twitter_image_custom_url":null,"twitter_image_custom_fields":null,"twitter_title":null,"twitter_description":null,"schema":{"blockGraphs":[],"customGraphs":[],"default":{"data":{"Article":[],"Course":[],"Dataset":[],"FAQPage":[],"Movie":[],"Person":[],"Product":[],"ProductReview":[],"Car":[],"Recipe":[],"Service":[],"SoftwareApplication":[],"WebPage":[]},"graphName":"BlogPosting","isEnabled":true},"graphs":[]},"schema_type":"default","schema_type_options":null,"pillar_content":false,"robots_default":true,"robots_noindex":false,"robots_noarchive":false,"robots_nosnippet":false,"robots_nofollow":false,"robots_noimageindex":false,"robots_noodp":false,"robots_notranslate":false,"robots_max_snippet":"-1","robots_max_videopreview":"-1","robots_max_imagepreview":"large","priority":null,"frequency":"default","local_seo":null,"breadcrumb_settings":null,"limit_modified_date":false,"ai":{"faqs":[],"keyPoints":[],"titles":[],"descriptions":[],"socialPosts":{"email":[],"linkedin":[],"twitter":[],"facebook":[],"instagram":[]}},"created":"2025-11-02 15:40:06","updated":"2026-09-03 19:34:31","seo_analyzer_scan_date":null,"focus_keyword":null,"additional_keywords":null,"truseo_locale":null},"aioseo_breadcrumb":"<div class=\"aioseo-breadcrumbs\"><span class=\"aioseo-breadcrumb\">\n\t\t\t<a href=\"https:\/\/gemeinsam-fuer-dernbach.de\/uk\" title=\"Home\">Home<\/a>\n\t\t<\/span><span class=\"aioseo-breadcrumb-separator\">&raquo;<\/span><span class=\"aioseo-breadcrumb\">\n\t\t\t<a href=\"https:\/\/gemeinsam-fuer-dernbach.de\/uk\/category\/neues-von-uns\" title=\"Neues von uns\">Neues von uns<\/a>\n\t\t<\/span><span class=\"aioseo-breadcrumb-separator\">&raquo;<\/span><span class=\"aioseo-breadcrumb\">\n\t\t\tOffener und gelungener Austausch im Herbst\n\t\t<\/span><\/div>","aioseo_breadcrumb_json":[{"label":"Home","link":"https:\/\/gemeinsam-fuer-dernbach.de\/uk"},{"label":"Neues von uns","link":"https:\/\/gemeinsam-fuer-dernbach.de\/uk\/category\/neues-von-uns"},{"label":"Offener und gelungener Austausch im Herbst","link":"https:\/\/gemeinsam-fuer-dernbach.de\/uk\/offener-und-gelungener-austausch-im-herbst"}],"_links":{"self":[{"href":"https:\/\/gemeinsam-fuer-dernbach.de\/uk\/wp-json\/wp\/v2\/posts\/1574","targetHints":{"allow":["GET"]}}],"collection":[{"href":"https:\/\/gemeinsam-fuer-dernbach.de\/uk\/wp-json\/wp\/v2\/posts"}],"about":[{"href":"https:\/\/gemeinsam-fuer-dernbach.de\/uk\/wp-json\/wp\/v2\/types\/post"}],"author":[{"embeddable":true,"href":"https:\/\/gemeinsam-fuer-dernbach.de\/uk\/wp-json\/wp\/v2\/users\/2"}],"replies":[{"embeddable":true,"href":"https:\/\/gemeinsam-fuer-dernbach.de\/uk\/wp-json\/wp\/v2\/comments?post=1574"}],"version-history":[{"count":2,"href":"https:\/\/gemeinsam-fuer-dernbach.de\/uk\/wp-json\/wp\/v2\/posts\/1574\/revisions"}],"predecessor-version":[{"id":1579,"href":"https:\/\/gemeinsam-fuer-dernbach.de\/uk\/wp-json\/wp\/v2\/posts\/1574\/revisions\/1579"}],"wp:featuredmedia":[{"embeddable":true,"href":"https:\/\/gemeinsam-fuer-dernbach.de\/uk\/wp-json\/wp\/v2\/media\/1575"}],"wp:attachment":[{"href":"https:\/\/gemeinsam-fuer-dernbach.de\/uk\/wp-json\/wp\/v2\/media?parent=1574"}],"wp:term":[{"taxonomy":"category","embeddable":true,"href":"https:\/\/gemeinsam-fuer-dernbach.de\/uk\/wp-json\/wp\/v2\/categories?post=1574"},{"taxonomy":"post_tag","embeddable":true,"href":"https:\/\/gemeinsam-fuer-dernbach.de\/uk\/wp-json\/wp\/v2\/tags?post=1574"}],"curies":[{"name":"wp","href":"https:\/\/api.w.org\/{rel}","templated":true}]}}