{"id":319,"date":"2023-12-28T13:24:12","date_gmt":"2023-12-28T12:24:12","guid":{"rendered":"https:\/\/gemeinsam-fuer-dernbach.de\/?p=319"},"modified":"2025-03-07T20:11:47","modified_gmt":"2025-03-07T19:11:47","slug":"gemeinsam-fuer-dernbach-im-konstruktiven-austausch-zum-zukunftsfaehigen-dorf","status":"publish","type":"post","link":"https:\/\/gemeinsam-fuer-dernbach.de\/uk\/gemeinsam-fuer-dernbach-im-konstruktiven-austausch-zum-zukunftsfaehigen-dorf","title":{"rendered":"\u00ab\u0420\u0430\u0437\u043e\u043c \u0437\u0430 \u0414\u0435\u0440\u043d\u0431\u0430\u0445\u0430\u00bb \u0432 \u043a\u043e\u043d\u0441\u0442\u0440\u0443\u043a\u0442\u0438\u0432\u043d\u043e\u043c\u0443 \u043e\u0431\u043c\u0456\u043d\u0456 \u043d\u0430 \u0441\u0442\u0456\u0439\u043a\u0435 \u0441\u0435\u043b\u043e"},"content":{"rendered":"<p class=\"wp-block-paragraph\">\u042f\u043a \u043c\u0438 \u043c\u043e\u0436\u0435\u043c\u043e \u0440\u043e\u0437\u0432\u0438\u0432\u0430\u0442\u0438 \u043d\u0430\u0448\u0435 \u0441\u0435\u043b\u043e \u0443 \u0441\u0442\u0430\u043b\u0438\u0439 \u0441\u043f\u043e\u0441\u0456\u0431? \u0417 \u0446\u0456\u0454\u044e \u043c\u0435\u0442\u043e\u044e \u043f\u0430\u0440\u0442\u0456\u0439\u043d\u043e-\u043f\u043e\u043b\u0456\u0442\u0438\u0447\u043d\u0430 \u043d\u0435\u0437\u0430\u043b\u0435\u0436\u043d\u0430 \u0435\u043b\u0435\u043a\u0442\u043e\u0440\u0430\u0442\u043d\u0430 \u0433\u0440\u0443\u043f\u0430 \u00abGemeinsam f\u00fcr Dernbach\u00bb \u043c\u0430\u043b\u0430 \u0432\u0441\u0456\u0445 \u0433\u0440\u043e\u043c\u0430\u0434\u044f\u043d \u043d\u0430 \u043a\u043e\u0440\u0438\u0441\u0442\u044c 13. \u0417\u0430\u043f\u0440\u043e\u0448\u0435\u043d\u043e \u0443 \u0433\u0440\u0443\u0434\u043d\u0456. \u0423 \u0440\u0435\u0441\u0442\u043e\u0440\u0430\u043d\u0456 \u00ab\u041b\u0443\u0434\u0430\u00bb \u0432\u0438\u0445\u043e\u0432\u0430\u043b\u0438 \u0431\u0430\u0440\u0432\u0438\u0441\u0442\u0438\u0439 \u0431\u0443\u043a\u0435\u0442 \u0442\u0435\u043c \u0442\u0430 \u0456\u0434\u0435\u0439. \u041a\u0440\u0456\u043c \u0442\u043e\u0433\u043e, \u0435\u043b\u0435\u043a\u0442\u043e\u0440\u0430\u0442 \u043f\u043e\u0432\u0456\u0434\u043e\u043c\u0438\u0432 \u043f\u0440\u043e \u043d\u0430\u0441\u0442\u0443\u043f\u043d\u0456 \u043a\u0440\u043e\u043a\u0438: \u0412\u043e\u043d\u0430 \u0445\u043e\u0442\u0456\u043b\u0430 \u0431 \u0432\u0437\u044f\u0442\u0438\u0441\u044f \u0437\u0430 \u0431\u0430\u0433\u0430\u0442\u043e\u0433\u0440\u0430\u043d\u043d\u0456 \u043f\u0440\u043e\u043f\u043e\u0437\u0438\u0446\u0456\u0457 \u0432\u0456\u0434\u043a\u0440\u0438\u0442\u043e\u0433\u043e \u043e\u0431\u043c\u0456\u043d\u0443 \u0442\u0430 \u0434\u043e\u043d\u0435\u0441\u0442\u0438 \u0457\u0445 \u0434\u043e \u043c\u0456\u0441\u044c\u043a\u043e\u0457 \u0440\u0430\u0434\u0438. \u0414\u043b\u044f \u0442\u043e\u0433\u043e, \u0449\u043e\u0431 \u0432\u0438\u0441\u0443\u0432\u0430\u0442\u0438 \u043a\u0430\u043d\u0434\u0438\u0434\u0430\u0442\u0456\u0432, \u0443\u0441\u0456 \u0433\u0440\u043e\u043c\u0430\u0434\u044f\u043d\u0438 \u0431\u0443\u0434\u0443\u0442\u044c \u0437\u0430\u043f\u0440\u043e\u0448\u0435\u043d\u0456 \u043e\u043a\u0440\u0435\u043c\u043e \u043d\u0430 \u0442\u0430\u043a \u0437\u0432\u0430\u043d\u0456 \u0441\u0443\u0437\u0456\u0440'\u044f \u0443 \u0441\u0456\u0447\u043d\u0456 \u043d\u0430\u0441\u0442\u0443\u043f\u043d\u043e\u0433\u043e \u0440\u043e\u043a\u0443.<\/p>\n\n\n\n<p class=\"wp-block-paragraph\">\u0406\u043d\u0456\u0446\u0456\u0430\u0442\u043e\u0440 \u0433\u0440\u0443\u043f\u0438 \u0432\u0438\u0431\u043e\u0440\u0446\u0456\u0432 \u041a\u043e\u0437\u0456\u043c\u043e \u042f\u043d\u043a\u043e\u0432\u0456\u0447 \u0442\u0435\u043f\u043b\u043e \u043f\u0440\u0438\u0432\u0456\u0442\u0430\u0432 \u0443\u0447\u0430\u0441\u043d\u0438\u043a\u0456\u0432 \u0442\u0430 \u043e\u0437\u043d\u0430\u0439\u043e\u043c\u0438\u0432 \u0433\u0440\u0443\u043f\u0443 \u0432\u0438\u0431\u043e\u0440\u0446\u0456\u0432 \u0437\u0456 \u0441\u0432\u043e\u0457\u043c\u0438 \u0446\u0456\u043b\u044f\u043c\u0438. \u041e\u0434\u043d\u0430 \u0437 \u043d\u0438\u0445 \u2014 \u043f\u0440\u043e\u0437\u043e\u0440\u0430 \u0442\u0430 \u0432\u0456\u0434\u043a\u0440\u0438\u0442\u0430 \u0433\u0440\u043e\u043c\u0430\u0434\u044f\u043d\u0441\u044c\u043a\u0430 \u0443\u0447\u0430\u0441\u0442\u044c. \u0412\u0435\u0447\u0456\u0440 \u0434\u0438\u0441\u043a\u0443\u0441\u0456\u0457 \u043f\u043e\u0441\u043b\u0443\u0436\u0438\u0442\u044c \u043f\u0440\u0435\u043b\u044e\u0434\u0456\u0454\u044e \u0456 \u043f\u0440\u0438\u043d\u0435\u0441\u0435 \u043a\u043e\u0432\u0442\u043e\u043a \u0441\u0432\u0456\u0436\u043e\u0433\u043e \u043f\u043e\u0432\u0456\u0442\u0440\u044f \u0434\u043b\u044f \u043f\u043e\u043b\u0456\u0442\u0438\u0447\u043d\u0438\u0445 \u0437\u043e\u0431\u043e\u0432'\u044f\u0437\u0430\u043d\u044c \u0443 \u0414\u0435\u0440\u043d\u0431\u0430\u0445\u0443. \u041f\u0430\u043d \u042f\u043d\u043a\u043e\u0432\u0438\u0447 \u043d\u0430\u0433\u0430\u0434\u0430\u0432 \u043f\u0440\u043e \u0441\u0456\u043b\u044c\u0441\u044c\u043a\u0443 \u043c\u043e\u0434\u0435\u0440\u0430\u0446\u0456\u044e 2017 \u0440\u043e\u043a\u0443, \u0440\u0435\u0437\u0443\u043b\u044c\u0442\u0430\u0442\u0438 \u044f\u043a\u043e\u0457 \u043c\u0430\u044e\u0442\u044c \u0431\u0443\u0442\u0438 \u0432\u0437\u044f\u0442\u0456 \u0442\u0430 \u0440\u0435\u0430\u043b\u0456\u0437\u043e\u0432\u0430\u043d\u0456. \u0412\u0456\u043d \u043f\u0456\u0434\u043a\u0440\u0435\u0441\u043b\u0438\u0432, \u0449\u043e \u0434\u043b\u044f \u0435\u043b\u0435\u043a\u0442\u043e\u0440\u0430\u0442\u0443 \u043e\u0441\u043e\u0431\u043b\u0438\u0432\u043e \u0432\u0430\u0436\u043b\u0438\u0432\u0456 \u0441\u0456\u043c\u0435\u0439\u043d\u0456, \u0434\u0440\u0443\u0436\u043d\u0456 \u0434\u043e \u043f\u043e\u043a\u043e\u043b\u0456\u043d\u043d\u044f \u0442\u0430 \u043e\u0440\u0456\u0454\u043d\u0442\u043e\u0432\u0430\u043d\u0456 \u043d\u0430 \u043c\u0430\u0439\u0431\u0443\u0442\u043d\u0454 \u0441\u0442\u0440\u0443\u043a\u0442\u0443\u0440\u0438, \u044f\u043a\u0456 \u043c\u0430\u044e\u0442\u044c \u0432\u0456\u0434\u043f\u043e\u0432\u0456\u0434\u0430\u0442\u0438 \u043f\u043e\u0442\u0440\u0435\u0431\u0430\u043c \u043b\u044e\u0434\u0435\u0439 \u0443 \u0433\u0440\u043e\u043c\u0430\u0434\u0456.<\/p>\n\n\n\n<p class=\"wp-block-paragraph\">\u041f\u0456\u0441\u043b\u044f \u0446\u044c\u043e\u0433\u043e \u0443\u0447\u0430\u0441\u043d\u0438\u043a\u0438 \u0430\u043a\u0442\u0438\u0432\u043d\u043e \u043e\u0431\u0433\u043e\u0432\u043e\u0440\u044e\u0432\u0430\u043b\u0438 \u0432 \u043c\u0430\u043b\u0438\u0445 \u0433\u0440\u0443\u043f\u0430\u0445, \u044f\u043a\u0456 \u0432\u043b\u0430\u0441\u043d\u0456 \u0456\u0434\u0435\u0457 \u0442\u0430 \u043f\u043e\u0431\u0430\u0436\u0430\u043d\u043d\u044f \u0432\u043e\u043d\u0438 \u0445\u043e\u0442\u0456\u043b\u0438 \u0431 \u0434\u0430\u0442\u0438 \u00ab\u0420\u0430\u0437\u043e\u043c \u0437\u0430 \u0414\u0435\u0440\u043d\u0431\u0430\u0445\u0430\u00bb \u043d\u0430 \u0448\u043b\u044f\u0445\u0443. \u041f\u043e\u0442\u0456\u043c \u0432\u043e\u043d\u0438 \u043e\u0431\u043c\u0456\u043d\u044f\u043b\u0438\u0441\u044f \u0434\u0443\u043c\u043a\u0430\u043c\u0438 \u043d\u0430 \u043f\u043b\u0435\u043d\u0430\u0440\u043d\u043e\u043c\u0443 \u0437\u0430\u0441\u0456\u0434\u0430\u043d\u043d\u0456, \u043f\u0456\u0434\u043a\u0440\u0435\u0441\u043b\u0438\u0432\u0448\u0438 \u043d\u0430\u0441\u0442\u0443\u043f\u043d\u0435: \u0411\u0456\u043b\u044c\u0448\u0435 \u0456\u043d\u0444\u043e\u0440\u043c\u0430\u0446\u0456\u0457 \u043f\u043e\u0442\u0440\u0456\u0431\u043d\u043e \u0432\u0456\u0434 \u043c\u0456\u0441\u0446\u0435\u0432\u043e\u0457 \u0440\u0430\u0434\u0438, \u044f\u043a\u0430 \u043c\u0430\u0454 \u0437\u0440\u043e\u0431\u0438\u0442\u0438 \u0457\u0457 \u043f\u0440\u043e\u0446\u0435\u0441\u0438 \u0442\u0430 \u0440\u0435\u0437\u0443\u043b\u044c\u0442\u0430\u0442\u0438 \u0431\u0456\u043b\u044c\u0448 \u043f\u0440\u043e\u0437\u043e\u0440\u0438\u043c\u0438, \u0449\u043e\u0431 \u0431\u0456\u043b\u044c\u0448\u0435 \u0437\u0430\u043b\u0443\u0447\u0430\u0442\u0438 \u0433\u0440\u043e\u043c\u0430\u0434\u044f\u043d. \u0412\u0430\u0436\u043b\u0438\u0432\u043e \u0437\u043e\u0441\u0435\u0440\u0435\u0434\u0438\u0442\u0438\u0441\u044f \u043d\u0430 \u0440\u0456\u0432\u043d\u0438\u0445 \u043c\u043e\u0436\u043b\u0438\u0432\u043e\u0441\u0442\u044f\u0445 \u0434\u043b\u044f \u0432\u0441\u0456\u0445 \u0436\u0438\u0442\u0435\u043b\u0456\u0432 \u0414\u0435\u0440\u043d\u0431\u0430\u0445\u0430 \u0456 \u0431\u0456\u043b\u044c\u0448 \u0442\u0456\u0441\u043d\u043e \u0456\u043d\u0442\u0435\u0433\u0440\u0443\u0432\u0430\u0442\u0438 \u043d\u043e\u0432\u0430\u0447\u043a\u0456\u0432. \u0414\u043b\u044f \u0446\u044c\u043e\u0433\u043e \u0431\u0443\u043b\u0438 \u0437\u0440\u043e\u0431\u043b\u0435\u043d\u0456 \u043a\u043e\u043d\u043a\u0440\u0435\u0442\u043d\u0456 \u043f\u0440\u043e\u043f\u043e\u0437\u0438\u0446\u0456\u0457, \u0430 \u0442\u0430\u043a\u043e\u0436 \u0449\u043e\u0434\u043e \u043c\u043e\u043b\u043e\u0434\u0456\u0436\u043d\u043e\u0457 \u0434\u0456\u044f\u043b\u044c\u043d\u043e\u0441\u0442\u0456 \u0442\u0430 \u043c\u043e\u0436\u043b\u0438\u0432\u043e\u0441\u0442\u0435\u0439 \u0434\u043b\u044f \u0437\u0443\u0441\u0442\u0440\u0456\u0447\u0456 \u043c\u043e\u043b\u043e\u0434\u0438\u0445 \u0456 \u0441\u0442\u0430\u0440\u0438\u0445. \u0406\u043d\u0448\u0456, \u0430 \u0442\u0430\u043a\u043e\u0436 \u0446\u0438\u0444\u0440\u043e\u0432\u0456 \u043a\u0430\u043d\u0430\u043b\u0438 \u043a\u043e\u043c\u0443\u043d\u0456\u043a\u0430\u0446\u0456\u0457 \u043c\u043e\u0436\u0443\u0442\u044c \u0442\u0430\u043a\u043e\u0436 \u0441\u043f\u0440\u0438\u044f\u0442\u0438 \u043f\u043e\u0437\u0438\u0442\u0438\u0432\u043d\u0456\u0439 \u043a\u0443\u043b\u044c\u0442\u0443\u0440\u0456 \u0441\u0443\u043f\u0435\u0440\u0435\u0447\u043e\u043a \u0442\u0430 \u0437\u0430\u043b\u0443\u0447\u0435\u043d\u043d\u044f \u0433\u0440\u043e\u043c\u0430\u0434\u044f\u043d. \u041e\u0441\u043e\u0431\u043b\u0438\u0432\u043e \u0432\u0430\u0436\u043b\u0438\u0432\u043e \u043f\u043e\u043a\u043b\u0430\u0434\u0430\u0442\u0438\u0441\u044f \u043d\u0430 \u0441\u0443\u0447\u0430\u0441\u043d\u0456 \u0437\u0430\u0441\u043e\u0431\u0438 \u043c\u0430\u0441\u043e\u0432\u043e\u0457 \u0456\u043d\u0444\u043e\u0440\u043c\u0430\u0446\u0456\u0457 \u0437 \u043d\u0438\u0437\u044c\u043a\u0438\u043c\u0438 \u043f\u043e\u0440\u043e\u0433\u043e\u0432\u0438\u043c\u0438 \u043f\u0440\u043e\u043f\u043e\u0437\u0438\u0446\u0456\u044f\u043c\u0438. \u0414\u043b\u044f \u0441\u0435\u043b\u0430, \u0432 \u044f\u043a\u043e\u043c\u0443 \u0432\u0430\u0440\u0442\u043e \u0436\u0438\u0442\u0438, \u0441\u043f\u0440\u0438\u044f\u0442\u0438 \u0437\u0431\u0435\u0440\u0435\u0436\u0435\u043d\u043d\u044e \u0436\u0438\u0432\u043e\u0457 \u043a\u043b\u0443\u0431\u043d\u043e\u0457 \u043a\u0443\u043b\u044c\u0442\u0443\u0440\u0438, \u0437\u0430\u0441\u043f\u043e\u043a\u043e\u0454\u043d\u043d\u044f \u0442\u0440\u0430\u0444\u0456\u043a\u0443, \u043f\u0440\u043e\u0441\u0443\u0432\u0430\u043d\u043d\u044f \u0442\u0443\u0440\u0438\u0437\u043c\u0443 \u0456 \u0431\u0456\u043b\u044c\u0448\u0435 \u0437\u043e\u0441\u0435\u0440\u0435\u0434\u0436\u0435\u043d\u043d\u044f \u0443\u0432\u0430\u0433\u0438 \u043d\u0430 \u0434\u0456\u044f\u0445, \u043e\u0440\u0456\u0454\u043d\u0442\u043e\u0432\u0430\u043d\u0438\u0445 \u043d\u0430 \u043c\u0430\u0439\u0431\u0443\u0442\u043d\u0454.<\/p>\n\n\n\n<p class=\"wp-block-paragraph\">\u0417\u0430\u0432\u0434\u044f\u043a\u0438 \u0446\u044c\u043e\u043c\u0443 \u043a\u043e\u043d\u0441\u0442\u0440\u0443\u043a\u0442\u0438\u0432\u043d\u043e\u043c\u0443 \u043e\u0431\u043c\u0456\u043d\u0443 \u0441\u0442\u0430\u043b\u043e \u0437\u0440\u043e\u0437\u0443\u043c\u0456\u043b\u043e, \u0449\u043e \u0456\u0434\u0435\u0457 \u0442\u0430 \u043f\u043e\u0431\u043e\u044e\u0432\u0430\u043d\u043d\u044f \u0433\u0440\u043e\u043c\u0430\u0434\u044f\u043d-\u0443\u0447\u0430\u0441\u043d\u0438\u043a\u0456\u0432 \u0437\u0431\u0456\u0433\u0430\u044e\u0442\u044c\u0441\u044f \u0437 \u0446\u0456\u043b\u044f\u043c\u0438 \u0433\u0440\u0443\u043f\u0438 \u0432\u0438\u0431\u043e\u0440\u0446\u0456\u0432. \u041a. \u042f\u043d\u043a\u043e\u0432\u0438\u0447 \u043f\u043e\u0434\u044f\u043a\u0443\u0432\u0430\u0432 \u0437\u0430 \u0432\u0430\u0433\u043e\u043c\u0438\u0439 \u0432\u043d\u0435\u0441\u043e\u043a \u0443 \u0434\u0438\u0441\u043a\u0443\u0441\u0456\u044e \u0442\u0430 \u0437\u0430\u043f\u0440\u043e\u0441\u0438\u0432 \u043f\u0456\u0434\u0442\u0440\u0438\u043c\u0430\u0442\u0438 \u0435\u043b\u0435\u043a\u0442\u043e\u0440\u0430\u0442. \u0417\u0430\u0446\u0456\u043a\u0430\u0432\u043b\u0435\u043d\u0456 \u0441\u0442\u043e\u0440\u043e\u043d\u0438 \u043c\u043e\u0436\u0443\u0442\u044c \u0437\u0432'\u044f\u0437\u0430\u0442\u0438\u0441\u044f \u0437 \u043d\u0430\u043c\u0438 \u043e\u0441\u043e\u0431\u0438\u0441\u0442\u043e \u0430\u0431\u043e \u0447\u0435\u0440\u0435\u0437 www.gemeinsam-fuer-dernbach.de<\/p>","protected":false},"excerpt":{"rendered":"<p>\u042f\u043a \u043c\u0438 \u043c\u043e\u0436\u0435\u043c\u043e \u0440\u043e\u0437\u0432\u0438\u0432\u0430\u0442\u0438 \u043d\u0430\u0448\u0435 \u0441\u0435\u043b\u043e \u0443 \u0441\u0442\u0430\u043b\u0438\u0439 \u0441\u043f\u043e\u0441\u0456\u0431? \u0417 \u0446\u0456\u0454\u044e \u043c\u0435\u0442\u043e\u044e \u043f\u0430\u0440\u0442\u0456\u0439\u043d\u043e-\u043f\u043e\u043b\u0456\u0442\u0438\u0447\u043d\u043e \u043d\u0435\u0437\u0430\u043b\u0435\u0436\u043d\u0430 \u0432\u0438\u0431\u043e\u0440\u0447\u0430 \u0433\u0440\u0443\u043f\u0430  \u2047 Gemeinsam f\u00fcr Dernbach \u2047  \u043c\u0430\u043b\u0430 \u0432\u0441\u0456\u0445 \u0433\u0440\u043e\u043c\u0430\u0434\u044f\u043d 13-\u0433\u043e \u0447\u0438\u0441\u043b\u0430. \u0417\u0430\u043f\u0440\u043e\u0448\u0435\u043d\u0438\u0439 \u0443 \u0433\u0440\u0443\u0434\u043d\u0456. \u0423 \u0440\u0435\u0441\u0442\u043e\u0440\u0430\u043d\u0456  \u2047 Luda \u2047 , [...]<\/p>","protected":false},"author":1,"featured_media":0,"comment_status":"closed","ping_status":"open","sticky":false,"template":"","format":"standard","meta":{"_price":"","_stock":"","_tribe_ticket_header":"","_tribe_default_ticket_provider":"","_tribe_ticket_capacity":"0","_ticket_start_date":"","_ticket_end_date":"","_tribe_ticket_show_description":"","_tribe_ticket_show_not_going":false,"_tribe_ticket_use_global_stock":"","_tribe_ticket_global_stock_level":"","_global_stock_mode":"","_global_stock_cap":"","_tribe_rsvp_for_event":"","_tribe_ticket_going_count":"","_tribe_ticket_not_going_count":"","_tribe_tickets_list":"[]","_tribe_ticket_has_attendee_info_fields":false,"_EventAllDay":false,"_EventTimezone":"","_EventStartDate":"","_EventEndDate":"","_EventStartDateUTC":"","_EventEndDateUTC":"","_EventShowMap":false,"_EventShowMapLink":false,"_EventURL":"","_EventCost":"","_EventCostDescription":"","_EventCurrencySymbol":"","_EventCurrencyCode":"","_EventCurrencyPosition":"","_EventDateTimeSeparator":"","_EventTimeRangeSeparator":"","_EventOrganizerID":[],"_EventVenueID":[],"_OrganizerEmail":"","_OrganizerPhone":"","_OrganizerWebsite":"","_VenueAddress":"","_VenueCity":"","_VenueCountry":"","_VenueProvince":"","_VenueState":"","_VenueZip":"","_VenuePhone":"","_VenueURL":"","_VenueStateProvince":"","_VenueLat":"","_VenueLng":"","_VenueShowMap":false,"_VenueShowMapLink":false,"footnotes":""},"categories":[11],"tags":[],"class_list":["post-319","post","type-post","status-publish","format-standard","hentry","category-veranstaltungen"],"aioseo_notices":[],"aioseo_head":"\n\t\t<!-- All in One SEO 5.0.1.1 - aioseo.com -->\n\t<meta name=\"description\" content=\"Wie k\u00f6nnen wir unser Dorf zukunftsf\u00e4hig weiterentwickeln? Dazu hatte die parteipolitisch unabh\u00e4ngige W\u00e4hlergruppe \u201eGemeinsam f\u00fcr Dernbach\u201c alle B\u00fcrger-innen und B\u00fcrger f\u00fcr den 13. Dezember eingeladen. In der Gastst\u00e4tte \u201eLuda\u201c kam ein bunter Strau\u00df an Themen und Ideen zur Sprache. Zudem informierte die W\u00e4hlergruppe \u00fcber die n\u00e4chsten Schritte: Sie m\u00f6chte die vielgestaltigen Vorschl\u00e4ge des offenen Austauschs\" \/>\n\t<meta name=\"robots\" content=\"max-image-preview:large\" \/>\n\t<meta name=\"author\" content=\"GfD_Admin\"\/>\n\t<link rel=\"canonical\" href=\"https:\/\/gemeinsam-fuer-dernbach.de\/uk\/gemeinsam-fuer-dernbach-im-konstruktiven-austausch-zum-zukunftsfaehigen-dorf\" \/>\n\t<meta name=\"generator\" content=\"All in One SEO (AIOSEO) 5.0.1.1\" \/>\n\t\t<meta property=\"og:locale\" content=\"uk_UA\" \/>\n\t\t<meta property=\"og:site_name\" content=\"Gemeinsam f\u00fcr Dernbach - Gemeinsam f\u00fcr Dernbach - Website der W\u00e4hlergruppe Jankowitsch\" \/>\n\t\t<meta property=\"og:type\" content=\"article\" \/>\n\t\t<meta property=\"og:title\" content=\"\u201eGemeinsam f\u00fcr Dernbach\u201c im konstruktiven Austausch zum zukunftsf\u00e4higen Dorf - Gemeinsam f\u00fcr Dernbach\" \/>\n\t\t<meta property=\"og:description\" content=\"Wie k\u00f6nnen wir unser Dorf zukunftsf\u00e4hig weiterentwickeln? Dazu hatte die parteipolitisch unabh\u00e4ngige W\u00e4hlergruppe \u201eGemeinsam f\u00fcr Dernbach\u201c alle B\u00fcrger-innen und B\u00fcrger f\u00fcr den 13. Dezember eingeladen. In der Gastst\u00e4tte \u201eLuda\u201c kam ein bunter Strau\u00df an Themen und Ideen zur Sprache. Zudem informierte die W\u00e4hlergruppe \u00fcber die n\u00e4chsten Schritte: Sie m\u00f6chte die vielgestaltigen Vorschl\u00e4ge des offenen Austauschs\" \/>\n\t\t<meta property=\"og:url\" content=\"https:\/\/gemeinsam-fuer-dernbach.de\/uk\/gemeinsam-fuer-dernbach-im-konstruktiven-austausch-zum-zukunftsfaehigen-dorf\" \/>\n\t\t<meta property=\"og:image\" content=\"https:\/\/gemeinsam-fuer-dernbach.de\/wp-content\/uploads\/2024\/12\/cropped-Button.png\" \/>\n\t\t<meta property=\"og:image:secure_url\" content=\"https:\/\/gemeinsam-fuer-dernbach.de\/wp-content\/uploads\/2024\/12\/cropped-Button.png\" \/>\n\t\t<meta property=\"og:image:width\" content=\"512\" \/>\n\t\t<meta property=\"og:image:height\" content=\"512\" \/>\n\t\t<meta property=\"article:published_time\" content=\"2023-12-28T12:24:12+00:00\" \/>\n\t\t<meta property=\"article:modified_time\" content=\"2025-03-07T19:11:47+00:00\" \/>\n\t\t<meta property=\"article:publisher\" content=\"https:\/\/www.facebook.com\/gemeinsam.fuer.dernbach\/\" \/>\n\t\t<meta name=\"twitter:card\" content=\"summary_large_image\" \/>\n\t\t<meta name=\"twitter:title\" content=\"\u201eGemeinsam f\u00fcr Dernbach\u201c im konstruktiven Austausch zum zukunftsf\u00e4higen Dorf - Gemeinsam f\u00fcr Dernbach\" \/>\n\t\t<meta name=\"twitter:description\" content=\"Wie k\u00f6nnen wir unser Dorf zukunftsf\u00e4hig weiterentwickeln? Dazu hatte die parteipolitisch unabh\u00e4ngige W\u00e4hlergruppe \u201eGemeinsam f\u00fcr Dernbach\u201c alle B\u00fcrger-innen und B\u00fcrger f\u00fcr den 13. Dezember eingeladen. In der Gastst\u00e4tte \u201eLuda\u201c kam ein bunter Strau\u00df an Themen und Ideen zur Sprache. Zudem informierte die W\u00e4hlergruppe \u00fcber die n\u00e4chsten Schritte: Sie m\u00f6chte die vielgestaltigen Vorschl\u00e4ge des offenen Austauschs\" \/>\n\t\t<meta name=\"twitter:image\" content=\"https:\/\/gemeinsam-fuer-dernbach.de\/wp-content\/uploads\/2024\/12\/cropped-Button.png\" \/>\n\t\t<script type=\"application\/ld+json\" class=\"aioseo-schema\">\n\t\t\t{\"@context\":\"https:\\\/\\\/schema.org\",\"@graph\":[{\"@type\":\"BlogPosting\",\"@id\":\"https:\\\/\\\/gemeinsam-fuer-dernbach.de\\\/uk\\\/gemeinsam-fuer-dernbach-im-konstruktiven-austausch-zum-zukunftsfaehigen-dorf#blogposting\",\"name\":\"\\u201eGemeinsam f\\u00fcr Dernbach\\u201c im konstruktiven Austausch zum zukunftsf\\u00e4higen Dorf - Gemeinsam f\\u00fcr Dernbach\",\"headline\":\"\\u201eGemeinsam f\\u00fcr Dernbach\\u201c im konstruktiven Austausch zum zukunftsf\\u00e4higen  Dorf\",\"author\":{\"@id\":\"https:\\\/\\\/gemeinsam-fuer-dernbach.de\\\/uk\\\/author\\\/gfd_admin#author\"},\"publisher\":{\"@id\":\"https:\\\/\\\/gemeinsam-fuer-dernbach.de\\\/uk\\\/#organization\"},\"image\":{\"@type\":\"ImageObject\",\"url\":\"https:\\\/\\\/gemeinsam-fuer-dernbach.de\\\/wp-content\\\/uploads\\\/2024\\\/12\\\/cropped-Button.png\",\"@id\":\"https:\\\/\\\/gemeinsam-fuer-dernbach.de\\\/uk\\\/#articleImage\",\"width\":512,\"height\":512,\"caption\":\"Gemeinsam f\\u00fcr Dernbach\"},\"datePublished\":\"2023-12-28T13:24:12+01:00\",\"dateModified\":\"2025-03-07T20:11:47+01:00\",\"inLanguage\":\"uk\",\"mainEntityOfPage\":{\"@id\":\"https:\\\/\\\/gemeinsam-fuer-dernbach.de\\\/uk\\\/gemeinsam-fuer-dernbach-im-konstruktiven-austausch-zum-zukunftsfaehigen-dorf#webpage\"},\"isPartOf\":{\"@id\":\"https:\\\/\\\/gemeinsam-fuer-dernbach.de\\\/uk\\\/gemeinsam-fuer-dernbach-im-konstruktiven-austausch-zum-zukunftsfaehigen-dorf#webpage\"},\"articleSection\":\"Veranstaltungen\"},{\"@type\":\"BreadcrumbList\",\"@id\":\"https:\\\/\\\/gemeinsam-fuer-dernbach.de\\\/uk\\\/gemeinsam-fuer-dernbach-im-konstruktiven-austausch-zum-zukunftsfaehigen-dorf#breadcrumblist\",\"itemListElement\":[{\"@type\":\"ListItem\",\"@id\":\"https:\\\/\\\/gemeinsam-fuer-dernbach.de\\\/uk#listItem\",\"position\":1,\"name\":\"Home\",\"item\":\"https:\\\/\\\/gemeinsam-fuer-dernbach.de\\\/uk\",\"nextItem\":{\"@type\":\"ListItem\",\"@id\":\"https:\\\/\\\/gemeinsam-fuer-dernbach.de\\\/uk\\\/category\\\/veranstaltungen#listItem\",\"name\":\"Veranstaltungen\"}},{\"@type\":\"ListItem\",\"@id\":\"https:\\\/\\\/gemeinsam-fuer-dernbach.de\\\/uk\\\/category\\\/veranstaltungen#listItem\",\"position\":2,\"name\":\"Veranstaltungen\",\"item\":\"https:\\\/\\\/gemeinsam-fuer-dernbach.de\\\/uk\\\/category\\\/veranstaltungen\",\"nextItem\":{\"@type\":\"ListItem\",\"@id\":\"https:\\\/\\\/gemeinsam-fuer-dernbach.de\\\/uk\\\/gemeinsam-fuer-dernbach-im-konstruktiven-austausch-zum-zukunftsfaehigen-dorf#listItem\",\"name\":\"\\u201eGemeinsam f\\u00fcr Dernbach\\u201c im konstruktiven Austausch zum zukunftsf\\u00e4higen  Dorf\"},\"previousItem\":{\"@type\":\"ListItem\",\"@id\":\"https:\\\/\\\/gemeinsam-fuer-dernbach.de\\\/uk#listItem\",\"name\":\"Home\"}},{\"@type\":\"ListItem\",\"@id\":\"https:\\\/\\\/gemeinsam-fuer-dernbach.de\\\/uk\\\/gemeinsam-fuer-dernbach-im-konstruktiven-austausch-zum-zukunftsfaehigen-dorf#listItem\",\"position\":3,\"name\":\"\\u201eGemeinsam f\\u00fcr Dernbach\\u201c im konstruktiven Austausch zum zukunftsf\\u00e4higen  Dorf\",\"previousItem\":{\"@type\":\"ListItem\",\"@id\":\"https:\\\/\\\/gemeinsam-fuer-dernbach.de\\\/uk\\\/category\\\/veranstaltungen#listItem\",\"name\":\"Veranstaltungen\"}}]},{\"@type\":\"Organization\",\"@id\":\"https:\\\/\\\/gemeinsam-fuer-dernbach.de\\\/uk\\\/#organization\",\"name\":\"Gemeinsam f\\u00fcr Dernbach\",\"description\":\"Gemeinsam f\\u00fcr Dernbach - Website der W\\u00e4hlergruppe Jankowitsch\",\"url\":\"https:\\\/\\\/gemeinsam-fuer-dernbach.de\\\/uk\\\/\",\"logo\":{\"@type\":\"ImageObject\",\"url\":\"https:\\\/\\\/gemeinsam-fuer-dernbach.de\\\/wp-content\\\/uploads\\\/2024\\\/12\\\/cropped-Button.png\",\"@id\":\"https:\\\/\\\/gemeinsam-fuer-dernbach.de\\\/uk\\\/gemeinsam-fuer-dernbach-im-konstruktiven-austausch-zum-zukunftsfaehigen-dorf\\\/#organizationLogo\",\"width\":512,\"height\":512,\"caption\":\"Gemeinsam f\\u00fcr Dernbach\"},\"image\":{\"@id\":\"https:\\\/\\\/gemeinsam-fuer-dernbach.de\\\/uk\\\/gemeinsam-fuer-dernbach-im-konstruktiven-austausch-zum-zukunftsfaehigen-dorf\\\/#organizationLogo\"},\"sameAs\":[\"https:\\\/\\\/www.facebook.com\\\/gemeinsam.fuer.dernbach\\\/\",\"https:\\\/\\\/www.instagram.com\\\/gemeinsam_fuer_dernbach\\\/\"]},{\"@type\":\"Person\",\"@id\":\"https:\\\/\\\/gemeinsam-fuer-dernbach.de\\\/uk\\\/author\\\/gfd_admin#author\",\"url\":\"https:\\\/\\\/gemeinsam-fuer-dernbach.de\\\/uk\\\/author\\\/gfd_admin\",\"name\":\"GfD_Admin\"},{\"@type\":\"WebPage\",\"@id\":\"https:\\\/\\\/gemeinsam-fuer-dernbach.de\\\/uk\\\/gemeinsam-fuer-dernbach-im-konstruktiven-austausch-zum-zukunftsfaehigen-dorf#webpage\",\"url\":\"https:\\\/\\\/gemeinsam-fuer-dernbach.de\\\/uk\\\/gemeinsam-fuer-dernbach-im-konstruktiven-austausch-zum-zukunftsfaehigen-dorf\",\"name\":\"\\u201eGemeinsam f\\u00fcr Dernbach\\u201c im konstruktiven Austausch zum zukunftsf\\u00e4higen Dorf - Gemeinsam f\\u00fcr Dernbach\",\"description\":\"Wie k\\u00f6nnen wir unser Dorf zukunftsf\\u00e4hig weiterentwickeln? Dazu hatte die parteipolitisch unabh\\u00e4ngige W\\u00e4hlergruppe \\u201eGemeinsam f\\u00fcr Dernbach\\u201c alle B\\u00fcrger-innen und B\\u00fcrger f\\u00fcr den 13. Dezember eingeladen. In der Gastst\\u00e4tte \\u201eLuda\\u201c kam ein bunter Strau\\u00df an Themen und Ideen zur Sprache. Zudem informierte die W\\u00e4hlergruppe \\u00fcber die n\\u00e4chsten Schritte: Sie m\\u00f6chte die vielgestaltigen Vorschl\\u00e4ge des offenen Austauschs\",\"inLanguage\":\"uk\",\"isPartOf\":{\"@id\":\"https:\\\/\\\/gemeinsam-fuer-dernbach.de\\\/uk\\\/#website\"},\"breadcrumb\":{\"@id\":\"https:\\\/\\\/gemeinsam-fuer-dernbach.de\\\/uk\\\/gemeinsam-fuer-dernbach-im-konstruktiven-austausch-zum-zukunftsfaehigen-dorf#breadcrumblist\"},\"author\":{\"@id\":\"https:\\\/\\\/gemeinsam-fuer-dernbach.de\\\/uk\\\/author\\\/gfd_admin#author\"},\"creator\":{\"@id\":\"https:\\\/\\\/gemeinsam-fuer-dernbach.de\\\/uk\\\/author\\\/gfd_admin#author\"},\"datePublished\":\"2023-12-28T13:24:12+01:00\",\"dateModified\":\"2025-03-07T20:11:47+01:00\"},{\"@type\":\"WebSite\",\"@id\":\"https:\\\/\\\/gemeinsam-fuer-dernbach.de\\\/uk\\\/#website\",\"url\":\"https:\\\/\\\/gemeinsam-fuer-dernbach.de\\\/uk\\\/\",\"name\":\"Gemeinsam f\\u00fcr Dernbach\",\"description\":\"Gemeinsam f\\u00fcr Dernbach - Website der W\\u00e4hlergruppe Jankowitsch\",\"inLanguage\":\"uk\",\"publisher\":{\"@id\":\"https:\\\/\\\/gemeinsam-fuer-dernbach.de\\\/uk\\\/#organization\"}}]}\n\t\t<\/script>\n\t\t<!-- All in One SEO -->\n\n","aioseo_head_json":{"title":"\u201eGemeinsam f\u00fcr Dernbach\u201c im konstruktiven Austausch zum zukunftsf\u00e4higen Dorf - Gemeinsam f\u00fcr Dernbach","description":"Wie k\u00f6nnen wir unser Dorf zukunftsf\u00e4hig weiterentwickeln? Dazu hatte die parteipolitisch unabh\u00e4ngige W\u00e4hlergruppe \u201eGemeinsam f\u00fcr Dernbach\u201c alle B\u00fcrger-innen und B\u00fcrger f\u00fcr den 13. Dezember eingeladen. In der Gastst\u00e4tte \u201eLuda\u201c kam ein bunter Strau\u00df an Themen und Ideen zur Sprache. Zudem informierte die W\u00e4hlergruppe \u00fcber die n\u00e4chsten Schritte: Sie m\u00f6chte die vielgestaltigen Vorschl\u00e4ge des offenen Austauschs","canonical_url":"https:\/\/gemeinsam-fuer-dernbach.de\/uk\/gemeinsam-fuer-dernbach-im-konstruktiven-austausch-zum-zukunftsfaehigen-dorf","robots":"max-image-preview:large","keywords":"","webmasterTools":{"miscellaneous":""},"schema":{"@context":"https:\/\/schema.org","@graph":[{"@type":"BlogPosting","@id":"https:\/\/gemeinsam-fuer-dernbach.de\/uk\/gemeinsam-fuer-dernbach-im-konstruktiven-austausch-zum-zukunftsfaehigen-dorf#blogposting","name":"\u201eGemeinsam f\u00fcr Dernbach\u201c im konstruktiven Austausch zum zukunftsf\u00e4higen Dorf - Gemeinsam f\u00fcr Dernbach","headline":"\u201eGemeinsam f\u00fcr Dernbach\u201c im konstruktiven Austausch zum zukunftsf\u00e4higen  Dorf","author":{"@id":"https:\/\/gemeinsam-fuer-dernbach.de\/uk\/author\/gfd_admin#author"},"publisher":{"@id":"https:\/\/gemeinsam-fuer-dernbach.de\/uk\/#organization"},"image":{"@type":"ImageObject","url":"https:\/\/gemeinsam-fuer-dernbach.de\/wp-content\/uploads\/2024\/12\/cropped-Button.png","@id":"https:\/\/gemeinsam-fuer-dernbach.de\/uk\/#articleImage","width":512,"height":512,"caption":"Gemeinsam f\u00fcr Dernbach"},"datePublished":"2023-12-28T13:24:12+01:00","dateModified":"2025-03-07T20:11:47+01:00","inLanguage":"uk","mainEntityOfPage":{"@id":"https:\/\/gemeinsam-fuer-dernbach.de\/uk\/gemeinsam-fuer-dernbach-im-konstruktiven-austausch-zum-zukunftsfaehigen-dorf#webpage"},"isPartOf":{"@id":"https:\/\/gemeinsam-fuer-dernbach.de\/uk\/gemeinsam-fuer-dernbach-im-konstruktiven-austausch-zum-zukunftsfaehigen-dorf#webpage"},"articleSection":"Veranstaltungen"},{"@type":"BreadcrumbList","@id":"https:\/\/gemeinsam-fuer-dernbach.de\/uk\/gemeinsam-fuer-dernbach-im-konstruktiven-austausch-zum-zukunftsfaehigen-dorf#breadcrumblist","itemListElement":[{"@type":"ListItem","@id":"https:\/\/gemeinsam-fuer-dernbach.de\/uk#listItem","position":1,"name":"Home","item":"https:\/\/gemeinsam-fuer-dernbach.de\/uk","nextItem":{"@type":"ListItem","@id":"https:\/\/gemeinsam-fuer-dernbach.de\/uk\/category\/veranstaltungen#listItem","name":"Veranstaltungen"}},{"@type":"ListItem","@id":"https:\/\/gemeinsam-fuer-dernbach.de\/uk\/category\/veranstaltungen#listItem","position":2,"name":"Veranstaltungen","item":"https:\/\/gemeinsam-fuer-dernbach.de\/uk\/category\/veranstaltungen","nextItem":{"@type":"ListItem","@id":"https:\/\/gemeinsam-fuer-dernbach.de\/uk\/gemeinsam-fuer-dernbach-im-konstruktiven-austausch-zum-zukunftsfaehigen-dorf#listItem","name":"\u201eGemeinsam f\u00fcr Dernbach\u201c im konstruktiven Austausch zum zukunftsf\u00e4higen  Dorf"},"previousItem":{"@type":"ListItem","@id":"https:\/\/gemeinsam-fuer-dernbach.de\/uk#listItem","name":"Home"}},{"@type":"ListItem","@id":"https:\/\/gemeinsam-fuer-dernbach.de\/uk\/gemeinsam-fuer-dernbach-im-konstruktiven-austausch-zum-zukunftsfaehigen-dorf#listItem","position":3,"name":"\u201eGemeinsam f\u00fcr Dernbach\u201c im konstruktiven Austausch zum zukunftsf\u00e4higen  Dorf","previousItem":{"@type":"ListItem","@id":"https:\/\/gemeinsam-fuer-dernbach.de\/uk\/category\/veranstaltungen#listItem","name":"Veranstaltungen"}}]},{"@type":"Organization","@id":"https:\/\/gemeinsam-fuer-dernbach.de\/uk\/#organization","name":"Gemeinsam f\u00fcr Dernbach","description":"Gemeinsam f\u00fcr Dernbach - Website der W\u00e4hlergruppe Jankowitsch","url":"https:\/\/gemeinsam-fuer-dernbach.de\/uk\/","logo":{"@type":"ImageObject","url":"https:\/\/gemeinsam-fuer-dernbach.de\/wp-content\/uploads\/2024\/12\/cropped-Button.png","@id":"https:\/\/gemeinsam-fuer-dernbach.de\/uk\/gemeinsam-fuer-dernbach-im-konstruktiven-austausch-zum-zukunftsfaehigen-dorf\/#organizationLogo","width":512,"height":512,"caption":"Gemeinsam f\u00fcr Dernbach"},"image":{"@id":"https:\/\/gemeinsam-fuer-dernbach.de\/uk\/gemeinsam-fuer-dernbach-im-konstruktiven-austausch-zum-zukunftsfaehigen-dorf\/#organizationLogo"},"sameAs":["https:\/\/www.facebook.com\/gemeinsam.fuer.dernbach\/","https:\/\/www.instagram.com\/gemeinsam_fuer_dernbach\/"]},{"@type":"Person","@id":"https:\/\/gemeinsam-fuer-dernbach.de\/uk\/author\/gfd_admin#author","url":"https:\/\/gemeinsam-fuer-dernbach.de\/uk\/author\/gfd_admin","name":"GfD_Admin"},{"@type":"WebPage","@id":"https:\/\/gemeinsam-fuer-dernbach.de\/uk\/gemeinsam-fuer-dernbach-im-konstruktiven-austausch-zum-zukunftsfaehigen-dorf#webpage","url":"https:\/\/gemeinsam-fuer-dernbach.de\/uk\/gemeinsam-fuer-dernbach-im-konstruktiven-austausch-zum-zukunftsfaehigen-dorf","name":"\u201eGemeinsam f\u00fcr Dernbach\u201c im konstruktiven Austausch zum zukunftsf\u00e4higen Dorf - Gemeinsam f\u00fcr Dernbach","description":"Wie k\u00f6nnen wir unser Dorf zukunftsf\u00e4hig weiterentwickeln? Dazu hatte die parteipolitisch unabh\u00e4ngige W\u00e4hlergruppe \u201eGemeinsam f\u00fcr Dernbach\u201c alle B\u00fcrger-innen und B\u00fcrger f\u00fcr den 13. Dezember eingeladen. In der Gastst\u00e4tte \u201eLuda\u201c kam ein bunter Strau\u00df an Themen und Ideen zur Sprache. Zudem informierte die W\u00e4hlergruppe \u00fcber die n\u00e4chsten Schritte: Sie m\u00f6chte die vielgestaltigen Vorschl\u00e4ge des offenen Austauschs","inLanguage":"uk","isPartOf":{"@id":"https:\/\/gemeinsam-fuer-dernbach.de\/uk\/#website"},"breadcrumb":{"@id":"https:\/\/gemeinsam-fuer-dernbach.de\/uk\/gemeinsam-fuer-dernbach-im-konstruktiven-austausch-zum-zukunftsfaehigen-dorf#breadcrumblist"},"author":{"@id":"https:\/\/gemeinsam-fuer-dernbach.de\/uk\/author\/gfd_admin#author"},"creator":{"@id":"https:\/\/gemeinsam-fuer-dernbach.de\/uk\/author\/gfd_admin#author"},"datePublished":"2023-12-28T13:24:12+01:00","dateModified":"2025-03-07T20:11:47+01:00"},{"@type":"WebSite","@id":"https:\/\/gemeinsam-fuer-dernbach.de\/uk\/#website","url":"https:\/\/gemeinsam-fuer-dernbach.de\/uk\/","name":"Gemeinsam f\u00fcr Dernbach","description":"Gemeinsam f\u00fcr Dernbach - Website der W\u00e4hlergruppe Jankowitsch","inLanguage":"uk","publisher":{"@id":"https:\/\/gemeinsam-fuer-dernbach.de\/uk\/#organization"}}]},"og:locale":"uk_UA","og:site_name":"Gemeinsam f\u00fcr Dernbach - Gemeinsam f\u00fcr Dernbach - Website der W\u00e4hlergruppe Jankowitsch","og:type":"article","og:title":"\u201eGemeinsam f\u00fcr Dernbach\u201c im konstruktiven Austausch zum zukunftsf\u00e4higen Dorf - Gemeinsam f\u00fcr Dernbach","og:description":"Wie k\u00f6nnen wir unser Dorf zukunftsf\u00e4hig weiterentwickeln? Dazu hatte die parteipolitisch unabh\u00e4ngige W\u00e4hlergruppe \u201eGemeinsam f\u00fcr Dernbach\u201c alle B\u00fcrger-innen und B\u00fcrger f\u00fcr den 13. Dezember eingeladen. In der Gastst\u00e4tte \u201eLuda\u201c kam ein bunter Strau\u00df an Themen und Ideen zur Sprache. Zudem informierte die W\u00e4hlergruppe \u00fcber die n\u00e4chsten Schritte: Sie m\u00f6chte die vielgestaltigen Vorschl\u00e4ge des offenen Austauschs","og:url":"https:\/\/gemeinsam-fuer-dernbach.de\/uk\/gemeinsam-fuer-dernbach-im-konstruktiven-austausch-zum-zukunftsfaehigen-dorf","og:image":"https:\/\/gemeinsam-fuer-dernbach.de\/wp-content\/uploads\/2024\/12\/cropped-Button.png","og:image:secure_url":"https:\/\/gemeinsam-fuer-dernbach.de\/wp-content\/uploads\/2024\/12\/cropped-Button.png","og:image:width":512,"og:image:height":512,"article:published_time":"2023-12-28T12:24:12+00:00","article:modified_time":"2025-03-07T19:11:47+00:00","article:publisher":"https:\/\/www.facebook.com\/gemeinsam.fuer.dernbach\/","twitter:card":"summary_large_image","twitter:title":"\u201eGemeinsam f\u00fcr Dernbach\u201c im konstruktiven Austausch zum zukunftsf\u00e4higen Dorf - Gemeinsam f\u00fcr Dernbach","twitter:description":"Wie k\u00f6nnen wir unser Dorf zukunftsf\u00e4hig weiterentwickeln? Dazu hatte die parteipolitisch unabh\u00e4ngige W\u00e4hlergruppe \u201eGemeinsam f\u00fcr Dernbach\u201c alle B\u00fcrger-innen und B\u00fcrger f\u00fcr den 13. Dezember eingeladen. In der Gastst\u00e4tte \u201eLuda\u201c kam ein bunter Strau\u00df an Themen und Ideen zur Sprache. Zudem informierte die W\u00e4hlergruppe \u00fcber die n\u00e4chsten Schritte: Sie m\u00f6chte die vielgestaltigen Vorschl\u00e4ge des offenen Austauschs","twitter:image":"https:\/\/gemeinsam-fuer-dernbach.de\/wp-content\/uploads\/2024\/12\/cropped-Button.png"},"aioseo_meta_data":{"post_id":"319","title":null,"description":null,"keywords":null,"keyphrases":null,"primary_term":null,"canonical_url":null,"og_title":null,"og_description":null,"og_object_type":"default","og_image_type":"default","og_image_url":null,"og_image_width":null,"og_image_height":null,"og_image_custom_url":null,"og_image_custom_fields":null,"og_video":null,"og_custom_url":null,"og_article_section":null,"og_article_tags":null,"twitter_use_og":false,"twitter_card":"default","twitter_image_type":"default","twitter_image_url":null,"twitter_image_custom_url":null,"twitter_image_custom_fields":null,"twitter_title":null,"twitter_description":null,"schema":{"blockGraphs":[],"customGraphs":[],"default":{"data":{"Article":[],"Course":[],"Dataset":[],"FAQPage":[],"Movie":[],"Person":[],"Product":[],"ProductReview":[],"Car":[],"Recipe":[],"Service":[],"SoftwareApplication":[],"WebPage":[]},"graphName":"","isEnabled":true},"graphs":[]},"schema_type":"default","schema_type_options":null,"pillar_content":false,"robots_default":true,"robots_noindex":false,"robots_noarchive":false,"robots_nosnippet":false,"robots_nofollow":false,"robots_noimageindex":false,"robots_noodp":false,"robots_notranslate":false,"robots_max_snippet":null,"robots_max_videopreview":null,"robots_max_imagepreview":"large","priority":null,"frequency":null,"local_seo":null,"breadcrumb_settings":null,"limit_modified_date":false,"ai":null,"created":"2025-06-24 20:04:01","updated":"2025-06-24 20:04:01","seo_analyzer_scan_date":null,"focus_keyword":null,"additional_keywords":null,"truseo_locale":null},"aioseo_breadcrumb":"<div class=\"aioseo-breadcrumbs\"><span class=\"aioseo-breadcrumb\">\n\t\t\t<a href=\"https:\/\/gemeinsam-fuer-dernbach.de\/uk\" title=\"Home\">Home<\/a>\n\t\t<\/span><span class=\"aioseo-breadcrumb-separator\">&raquo;<\/span><span class=\"aioseo-breadcrumb\">\n\t\t\t<a href=\"https:\/\/gemeinsam-fuer-dernbach.de\/uk\/category\/veranstaltungen\" title=\"Veranstaltungen\">Veranstaltungen<\/a>\n\t\t<\/span><span class=\"aioseo-breadcrumb-separator\">&raquo;<\/span><span class=\"aioseo-breadcrumb\">\n\t\t\t\u201eGemeinsam f\u00fcr Dernbach\u201c im konstruktiven Austausch zum zukunftsf\u00e4higen  Dorf\n\t\t<\/span><\/div>","aioseo_breadcrumb_json":[{"label":"Home","link":"https:\/\/gemeinsam-fuer-dernbach.de\/uk"},{"label":"Veranstaltungen","link":"https:\/\/gemeinsam-fuer-dernbach.de\/uk\/category\/veranstaltungen"},{"label":"\u201eGemeinsam f\u00fcr Dernbach\u201c im konstruktiven Austausch zum zukunftsf\u00e4higen  Dorf","link":"https:\/\/gemeinsam-fuer-dernbach.de\/uk\/gemeinsam-fuer-dernbach-im-konstruktiven-austausch-zum-zukunftsfaehigen-dorf"}],"_links":{"self":[{"href":"https:\/\/gemeinsam-fuer-dernbach.de\/uk\/wp-json\/wp\/v2\/posts\/319","targetHints":{"allow":["GET"]}}],"collection":[{"href":"https:\/\/gemeinsam-fuer-dernbach.de\/uk\/wp-json\/wp\/v2\/posts"}],"about":[{"href":"https:\/\/gemeinsam-fuer-dernbach.de\/uk\/wp-json\/wp\/v2\/types\/post"}],"author":[{"embeddable":true,"href":"https:\/\/gemeinsam-fuer-dernbach.de\/uk\/wp-json\/wp\/v2\/users\/1"}],"replies":[{"embeddable":true,"href":"https:\/\/gemeinsam-fuer-dernbach.de\/uk\/wp-json\/wp\/v2\/comments?post=319"}],"version-history":[{"count":5,"href":"https:\/\/gemeinsam-fuer-dernbach.de\/uk\/wp-json\/wp\/v2\/posts\/319\/revisions"}],"predecessor-version":[{"id":1195,"href":"https:\/\/gemeinsam-fuer-dernbach.de\/uk\/wp-json\/wp\/v2\/posts\/319\/revisions\/1195"}],"wp:attachment":[{"href":"https:\/\/gemeinsam-fuer-dernbach.de\/uk\/wp-json\/wp\/v2\/media?parent=319"}],"wp:term":[{"taxonomy":"category","embeddable":true,"href":"https:\/\/gemeinsam-fuer-dernbach.de\/uk\/wp-json\/wp\/v2\/categories?post=319"},{"taxonomy":"post_tag","embeddable":true,"href":"https:\/\/gemeinsam-fuer-dernbach.de\/uk\/wp-json\/wp\/v2\/tags?post=319"}],"curies":[{"name":"wp","href":"https:\/\/api.w.org\/{rel}","templated":true}]}}