{"id":340,"date":"2024-02-03T11:45:26","date_gmt":"2024-02-03T10:45:26","guid":{"rendered":"https:\/\/gemeinsam-fuer-dernbach.de\/?p=340"},"modified":"2025-03-07T20:12:32","modified_gmt":"2025-03-07T19:12:32","slug":"neue-buergerliste-stellt-sich-in-dernbach-auf","status":"publish","type":"post","link":"https:\/\/gemeinsam-fuer-dernbach.de\/uk\/neue-buergerliste-stellt-sich-in-dernbach-auf","title":{"rendered":"\u041d\u043e\u0432\u0438\u0439 \u0441\u043f\u0438\u0441\u043e\u043a \u0433\u0440\u043e\u043c\u0430\u0434\u044f\u043d \u0432 \u0414\u0435\u0440\u043d\u0431\u0430\u0445\u0443"},"content":{"rendered":"<p class=\"wp-block-paragraph\"><style>\/*! elementor - v3.19.0 - 29-01-2024 *\/<br \/>\n.elementor-widget-image{text-align:center}.elementor-widget-image a{display:inline-block}.elementor-widget-image a img[src$=\".svg\"]{width:48px}.elementor-widget-image img{vertical-align:middle;display:inline-block}<\/style><\/p>\n\n\n\n<figure class=\"wp-block-image\"><img decoding=\"async\" src=\"https:\/\/gemeinsam-fuer-dernbach.de\/wp-content\/uploads\/2024\/02\/Aufstellungsversammlung24012024_3.jpeg\" alt=\"\"\/><figcaption class=\"wp-element-caption\">\u0410\u043d\u0434\u0440\u0435\u0430\u0441 \u041f\u0430\u043d\u0434\u043e\u0440\u0444, \u042e\u0440\u0433\u0435\u043d \u0425\u0435\u043a\u0435\u043d\u0431\u0430\u0445, \u0422\u043e\u0440\u0441\u0442\u0435\u043d \u0413\u0440\u0435\u0439\u043d\u0435\u0440\u0442, \u0424\u0440\u0435\u043d\u043a \u041a\u0435\u043d, \u0421\u0438\u043b\u044c\u043a\u0435 \u042f\u043d\u043a\u043e\u0432\u0438\u0447, \u0428\u0442\u0435\u0444\u0430\u043d \u0413\u0435\u0440\u0433, \u0420\u043e\u0441\u0456\u0442\u0430 \u041a\u0435\u0441\u0442\u043d\u0435\u0440, \u0421\u0442\u0435\u0444\u0430\u043d \u0425\u0430\u0439\u043d\u0446, \u0410\u043b\u0435\u0441\u0441\u0430 \u0411\u043e\u0434\u0435, \u0434\u043e\u043a\u0442\u043e\u0440 \u041c\u0430\u043d\u0443\u0435\u043b\u044c \u041c\u0456\u0448\u0433\u0435\u043b\u044c\u0434, \u041a\u043e\u0437\u0456\u043c\u043e \u042f\u043d\u043a\u043e\u0432\u0438\u0447 (\u0437\u043b\u0456\u0432\u0430 \u043d\u0430\u043f\u0440\u0430\u0432\u043e), \u043d\u0435 \u043d\u0430 \u043a\u0430\u0440\u0442\u0438\u043d\u0446\u0456: \u0414\u0435\u043d\u0456\u0435\u043b \u042e\u043d\u0433 \u0456 \u0413\u0435\u0431\u0445\u0430\u0440\u0434\u0442 \u0428\u043c\u0456\u0434\u0442<\/figcaption><\/figure>\n\n\n\n<p class=\"wp-block-paragraph\">\u041f\u043e\u043d\u0430\u0434 60 \u0432\u0456\u0434\u0434\u0430\u043d\u0438\u0445 \u0443\u0447\u0430\u0441\u043d\u0438\u043a\u0456\u0432 \u0436\u0438\u043b\u0438 \u043d\u0438\u0437\u043e\u0432\u043e\u044e \u0434\u0435\u043c\u043e\u043a\u0440\u0430\u0442\u0456\u0454\u044e \u0456 \u043e\u0431\u0440\u0430\u043b\u0438 13 \u043a\u0430\u043d\u0434\u0438\u0434\u0430\u0442\u0456\u0432 \u043d\u0430 \u0432\u0438\u0431\u043e\u0440\u0438 \u043c\u0443\u043d\u0456\u0446\u0438\u043f\u0430\u043b\u044c\u043d\u043e\u0457 \u0440\u0430\u0434\u0438.<\/p>\n\n\n\n<p class=\"wp-block-paragraph\">\u0426\u0435 \u0431\u0443\u0432 \u043f\u0435\u0440\u0448\u0438\u0439 \u0434\u043b\u044f \u0441\u0435\u043b\u0430: \u0425\u043e\u0440\u043e\u0448\u0456 60 \u0433\u0440\u043e\u043c\u0430\u0434\u044f\u043d \u0437\u0456\u0431\u0440\u0430\u043b\u0438\u0441\u044f \u0432 \u0414\u0435\u0440\u043d\u0431\u0430\u0445 24 \u0441\u0456\u0447\u043d\u044f \u0434\u043b\u044f \u0434\u043e\u0432\u0433\u043e\u043e\u0447\u0456\u043a\u0443\u0432\u0430\u043d\u043e\u0457 \u0437\u0443\u0441\u0442\u0440\u0456\u0447\u0456 \u0441\u0443\u0437\u0456\u0440'\u044f. \u0412\u043e\u043d\u0438 \u0432\u0438\u0437\u043d\u0430\u0447\u0438\u043b\u0438, \u0445\u0442\u043e \u0441\u0442\u0430\u043d\u0435 \u043a\u0430\u043d\u0434\u0438\u0434\u0430\u0442\u043e\u043c \u0443 \u0432\u0456\u0434\u043a\u0440\u0438\u0442\u0438\u0439 \u0435\u043b\u0435\u043a\u0442\u043e\u0440\u0430\u0442 \u00abGemeinsam f\u00fcr Dernbach\u00bb (\u0420\u0430\u0437\u043e\u043c \u0437\u0430 \u0414\u0435\u0440\u043d\u0431\u0430\u0445). \u0410\u0441\u0430\u043c\u0431\u043b\u0435\u044f \u0437\u0430\u043f\u0440\u043e\u043f\u043e\u043d\u0443\u0432\u0430\u043b\u0430 \u041a\u043e\u0437\u0456\u043c\u043e \u042f\u043d\u043a\u043e\u0432\u0438\u0447\u0443 \u0432 \u044f\u043a\u043e\u0441\u0442\u0456 \u043a\u0430\u043d\u0434\u0438\u0434\u0430\u0442\u0430 \u0432 \u043c\u0435\u0440\u0438. \u0412\u0456\u043d \u0431\u0443\u0432 \u043f\u043e\u043c\u0456\u0449\u0435\u043d\u0438\u0439 \u043d\u0430 \u043f\u0435\u0440\u0448\u0435 \u043c\u0456\u0441\u0446\u0435 \u0443 \u0432\u0438\u0431\u043e\u0440\u0447\u043e\u043c\u0443 \u0441\u043f\u0438\u0441\u043a\u0443, \u043f\u0440\u0456\u0437\u0432\u0438\u0449\u0435 \u044f\u043a\u043e\u0433\u043e \u0432\u043e\u043d\u0430 \u0431\u0443\u0434\u0435 \u043d\u043e\u0441\u0438\u0442\u0438 \u0442\u0430\u043a\u0438\u043c \u0447\u0438\u043d\u043e\u043c.<\/p>\n\n\n\n<p class=\"wp-block-paragraph\">\u041f\u0456\u0441\u043b\u044f \u043f\u0440\u0438\u0432\u0456\u0442\u0430\u043d\u043d\u044f \u0443\u0447\u0430\u0441\u043d\u0438\u043a\u0456\u0432 \u041a. \u042f\u043d\u043a\u043e\u0432\u0438\u0447\u0435\u043c, \u043c\u0456\u0441\u044c\u043a\u0438\u0439 \u0433\u043e\u043b\u043e\u0432\u0430 \u0437 \u041a\u0440\u043e\u043f\u043f\u0430\u0447\u0430 \u041c\u0438\u0445\u0430\u0439\u043b\u043e \u0411\u0456\u0440\u043a \u043e\u0447\u043e\u043b\u0438\u0432 \u0447\u0435\u0440\u0435\u0437 \u043f\u043e\u0440\u044f\u0434\u043e\u043a \u0434\u0435\u043d\u043d\u0438\u0439 \u044f\u043a \u043a\u043e\u043c\u043f\u0435\u0442\u0435\u043d\u0442\u043d\u0438\u0439 \u0456 \u043d\u0435\u0439\u0442\u0440\u0430\u043b\u044c\u043d\u0438\u0439 \u043a\u0435\u0440\u0456\u0432\u043d\u0438\u043a \u0437\u0443\u0441\u0442\u0440\u0456\u0447\u0456 \u0442\u0430 \u0437\u0432\u0435\u0440\u043d\u0443\u0432 \u0443\u0432\u0430\u0433\u0443 \u043d\u0430 \u0440\u0435\u0433\u0443\u043b\u044f\u0440\u043d\u0443 \u043f\u0440\u043e\u0446\u0435\u0434\u0443\u0440\u0443. \u0423 \u0437\u0431\u043e\u0440\u0430\u0445 \u0431\u0443\u043b\u0438 \u0432\u0438\u0441\u0443\u043d\u0443\u0442\u0456 \u043a\u0430\u043d\u0434\u0438\u0434\u0430\u0442\u0438, \u044f\u043a\u0456 \u043f\u0440\u0435\u0434\u0441\u0442\u0430\u0432\u0438\u043b\u0438\u0441\u044f \u043e\u0441\u043e\u0431\u0438\u0441\u0442\u043e. \u0417\u0433\u043e\u0434\u043e\u043c \u0433\u0440\u0443\u043f\u0430 \u0443\u0447\u0430\u0441\u043d\u0438\u043a\u0456\u0432 \u043f\u0456\u0434\u0442\u0432\u0435\u0440\u0434\u0438\u043b\u0430 \u0432\u0441\u0456\u0445 \u043a\u0430\u043d\u0434\u0438\u0434\u0430\u0442\u0456\u0432 \u0432 \u0442\u0430\u0454\u043c\u043d\u0438\u0446\u0456, \u0440\u0456\u0432\u043d\u0456 \u0456 \u043d\u0435\u0433\u0430\u0439\u043d\u0456 \u0432\u0438\u0431\u043e\u0440\u0438. \u0426\u0435 \u0434\u0430\u0454 \u0457\u043c \u043c\u043e\u0436\u043b\u0438\u0432\u0456\u0441\u0442\u044c \u043f\u0440\u0435\u0434\u0441\u0442\u0430\u0432\u043b\u044f\u0442\u0438 \u0441\u0432\u043e\u0457\u0445 \u0433\u0440\u043e\u043c\u0430\u0434\u044f\u043d \u0443 \u043c\u0456\u0441\u0446\u0435\u0432\u0456\u0439 \u0440\u0430\u0434\u0456. \u042f\u043d\u043a\u043e\u0432\u0438\u0447 \u043f\u043e\u0434\u044f\u043a\u0443\u0432\u0430\u0432 \u0443\u0447\u0430\u0441\u043d\u0438\u043a\u0430\u043c: 60 \u043f\u0440\u0438\u0441\u0443\u0442\u043d\u0456\u0445, \u044f\u043a\u0456 \u0431\u0440\u0430\u043b\u0438 \u0430\u043a\u0442\u0438\u0432\u043d\u0443 \u0443\u0447\u0430\u0441\u0442\u044c \u0443 \u0446\u044c\u043e\u043c\u0443 \u0434\u0435\u043c\u043e\u043a\u0440\u0430\u0442\u0438\u0447\u043d\u043e\u043c\u0443 \u043f\u0440\u043e\u0446\u0435\u0441\u0456, \u0441\u0438\u0433\u043d\u0430\u043b\u0456\u0437\u0443\u0432\u0430\u043b\u0438 \u043f\u0440\u043e \u0432\u0456\u0434\u0440\u043e\u0434\u0436\u0435\u043d\u043d\u044f \u043f\u043e\u043b\u0456\u0442\u0438\u0447\u043d\u043e\u0457 \u0441\u043f\u0456\u043b\u044c\u043d\u043e\u0442\u0438 \u0432 \u0414\u0435\u0440\u043d\u0431\u0430\u0445\u0443. \u0412\u0441\u0456 \u0432\u043d\u0435\u0441\u043b\u0438 \u0441\u0432\u0456\u0439 \u0432\u043a\u043b\u0430\u0434 \u0432 \u0448\u0430\u043d\u043e\u0431\u043b\u0438\u0432\u0443 \u0456 \u0432\u043f\u0435\u0432\u043d\u0435\u043d\u0443 \u0430\u0442\u043c\u043e\u0441\u0444\u0435\u0440\u0443 \u0442\u0443\u0442. \u0421\u0430\u043c\u0435 \u0432 \u0446\u0456 \u0447\u0430\u0441\u0438 \u044f \u0437 \u0435\u043d\u0442\u0443\u0437\u0456\u0430\u0437\u043c\u043e\u043c \u0441\u0442\u0430\u0432\u043b\u044e\u0441\u044f \u0434\u043e \u0442\u043e\u0433\u043e, \u044f\u043a \u0432\u0456\u0434\u0434\u0430\u043d\u0456 \u0433\u0440\u043e\u043c\u0430\u0434\u044f\u043d\u0438 \u0432\u0438\u0441\u0442\u0443\u043f\u0430\u044e\u0442\u044c \u0437\u0430 \u0434\u0435\u043c\u043e\u043a\u0440\u0430\u0442\u0456\u044e \u0456 \u044f\u043a \u0432\u043e\u043d\u0438 \u0436\u0438\u0432\u0443\u0442\u044c.<\/p>\n\n\n\n<p class=\"wp-block-paragraph\">\u0406\u043d\u0448\u0456 \u043a\u0430\u043d\u0434\u0438\u0434\u0430\u0442\u0438 \u043f\u043e\u0433\u043e\u0434\u0436\u0443\u044e\u0442\u044c\u0441\u044f \u0456 \u043f\u0456\u0434\u043a\u0440\u0435\u0441\u043b\u044e\u044e\u0442\u044c, \u0449\u043e \u0445\u043e\u0447\u0443\u0442\u044c \u043f\u0440\u0438\u043d\u0435\u0441\u0442\u0438 \u043a\u043e\u0432\u0442\u043e\u043a \u0441\u0432\u0456\u0436\u043e\u0433\u043e \u043f\u043e\u0432\u0456\u0442\u0440\u044f \u0432 \u043c\u0443\u043d\u0456\u0446\u0438\u043f\u0430\u043b\u044c\u043d\u0443 \u0440\u0430\u0434\u0443. \u0406 \u043e\u0441\u0442\u0430\u043d\u043d\u0454, \u0430\u043b\u0435 \u043d\u0435 \u043c\u0435\u043d\u0448 \u0432\u0430\u0436\u043b\u0438\u0432\u0435, \u0432\u043e\u043d\u0438 \u0434\u043e\u043f\u043e\u0432\u043d\u044e\u044e\u0442\u044c \u043e\u0434\u0438\u043d \u043e\u0434\u043d\u043e\u0433\u043e \u0448\u0438\u0440\u043e\u043a\u0438\u043c \u0441\u043f\u0435\u043a\u0442\u0440\u043e\u043c \u0434\u043e\u0441\u0432\u0456\u0434\u0443, \u0434\u043e\u0441\u0432\u0456\u0434\u0443 \u0442\u0430 \u043f\u0435\u0440\u0441\u043f\u0435\u043a\u0442\u0438\u0432. \u0407\u0445 \u0440\u0456\u0437\u043d\u043e\u043c\u0430\u043d\u0456\u0442\u043d\u0456\u0441\u0442\u044c \u0432\u0456\u0434\u043e\u0431\u0440\u0430\u0436\u0430\u0454 \u043a\u043e\u043b\u043e\u0440\u0438\u0442\u043d\u0435 \u043f\u043e\u0454\u0434\u043d\u0430\u043d\u043d\u044f \u043c\u0443\u043d\u0456\u0446\u0438\u043f\u0430\u043b\u0456\u0442\u0435\u0442\u0443 \u0414\u0435\u0440\u043d\u0431\u0430\u0445 \u0456 \u043e\u0431\u0456\u0446\u044f\u0454 \u043e\u0440\u0456\u0454\u043d\u0442\u043e\u0432\u0430\u043d\u0435 \u043d\u0430 \u043c\u0430\u0439\u0431\u0443\u0442\u043d\u0454 \u0456 \u0456\u043d\u043a\u043b\u044e\u0437\u0438\u0432\u043d\u0435 \u043f\u0440\u0435\u0434\u0441\u0442\u0430\u0432\u043d\u0438\u0446\u0442\u0432\u043e. \u0422\u0430\u043a\u0438\u043c \u0447\u0438\u043d\u043e\u043c, \u00ab\u0421\u043f\u0438\u0441\u043e\u043a \u042f\u043d\u0443\u043a\u043e\u0432\u0438\u0447\u0430\u00bb \u043f\u043e\u043a\u043b\u0438\u043a\u0430\u043d\u0438\u0439 \u0437\u0430\u043f\u0440\u043e\u043f\u043e\u043d\u0443\u0432\u0430\u0442\u0438 \u0441\u043f\u0440\u0430\u0432\u0436\u043d\u0456 \u0456 \u0434\u0435\u043c\u043e\u043a\u0440\u0430\u0442\u0438\u0447\u043d\u0456 \u0432\u0438\u0431\u043e\u0440\u0438 \u0434\u043e \u043c\u0443\u043d\u0456\u0446\u0438\u043f\u0430\u043b\u044c\u043d\u043e\u0457 \u0440\u0430\u0434\u0438 9 \u0447\u0435\u0440\u0432\u043d\u044f, \u0434\u0435 \u043f\u043e\u043a\u0438 \u0449\u043e \u043f\u0440\u0435\u0434\u0441\u0442\u0430\u0432\u043b\u0435\u043d\u0438\u0439 \u043b\u0438\u0448\u0435 \u043e\u0434\u0438\u043d \u0441\u043f\u0438\u0441\u043e\u043a \u0425\u0414\u0421.<\/p>\n\n\n\n<p class=\"wp-block-paragraph\">\u0414\u043b\u044f \u00ab\u0420\u0430\u0437\u043e\u043c \u0434\u043b\u044f \u0414\u0435\u0440\u043d\u0431\u0430\u0445\u0430\u00bb \u0437\u0431\u0456\u0440\u043a\u0430 \u0454 \u043e\u0444\u0456\u0446\u0456\u0439\u043d\u0438\u043c \u0441\u0442\u0430\u0440\u0442\u043e\u0432\u0438\u043c \u0441\u0438\u0433\u043d\u0430\u043b\u043e\u043c \u0434\u043b\u044f \u043f\u0440\u043e\u0441\u0443\u0432\u0430\u043d\u043d\u044f \u0441\u0432\u043e\u0457\u0445 \u0456\u0434\u0435\u0439 \u0441\u0442\u0430\u043b\u043e\u0433\u043e \u0414\u0435\u0440\u043d\u0431\u0430\u0445\u0430. \u041e\u0431\u0440\u0430\u043d\u0456 \u043a\u0430\u043d\u0434\u0438\u0434\u0430\u0442\u0438 \u0437 \u043d\u0435\u0442\u0435\u0440\u043f\u0456\u043d\u043d\u044f\u043c \u0447\u0435\u043a\u0430\u044e\u0442\u044c \u043d\u0430 \u0432\u0441\u0442\u0443\u043f \u0434\u043e \u0456\u043d\u0442\u0435\u043d\u0441\u0438\u0432\u043d\u043e\u0433\u043e \u0434\u0456\u0430\u043b\u043e\u0433\u0443 \u0437 \u0433\u0440\u043e\u043c\u0430\u0434\u044f\u043d\u0430\u043c\u0438 \u0432 \u043d\u0430\u0439\u0431\u043b\u0438\u0436\u0447\u0456 \u043c\u0456\u0441\u044f\u0446\u0456 \u043f\u0440\u043e \u0431\u0430\u0447\u0435\u043d\u043d\u044f \u0442\u0430 \u0456\u0434\u0435\u0457, \u0437 \u044f\u043a\u0438\u043c\u0438 \u0432\u043e\u043d\u0438 \u0445\u043e\u0447\u0443\u0442\u044c \u0441\u043f\u0456\u043b\u044c\u043d\u043e \u0441\u0444\u043e\u0440\u043c\u0443\u0432\u0430\u0442\u0438 \u0414\u0435\u0440\u043d\u0431\u0430\u0445, \u044f\u043a\u0438\u0439 \u044f\u043a \u0456 \u0440\u0430\u043d\u0456\u0448\u0435 \u0432\u0430\u0440\u0442\u0438\u0439 \u0442\u043e\u0433\u043e, \u0449\u043e\u0431 \u0436\u0438\u0442\u0438 \u0432 \u043c\u0430\u0439\u0431\u0443\u0442\u043d\u044c\u043e\u043c\u0443.<\/p>\n\n\n\n<p class=\"wp-block-paragraph\">\u0414\u043b\u044f \u043e\u0442\u0440\u0438\u043c\u0430\u043d\u043d\u044f \u0434\u043e\u0434\u0430\u0442\u043a\u043e\u0432\u043e\u0457 \u0456\u043d\u0444\u043e\u0440\u043c\u0430\u0446\u0456\u0457 \u0442\u0430 \u0437\u0430\u043f\u0438\u0442\u0456\u0432 \u0432\u0438\u0431\u0440\u0430\u043d\u0456 \u043a\u0430\u043d\u0434\u0438\u0434\u0430\u0442\u0438 \u0434\u043e\u0441\u0442\u0443\u043f\u043d\u0456.<\/p>","protected":false},"excerpt":{"rendered":"<p>\u0425\u043e\u0440\u043e\u0448\u0456 60 \u0432\u0456\u0434\u0434\u0430\u043d\u0438\u0445 \u0443\u0447\u0430\u0441\u043d\u0438\u043a\u0456\u0432 \u0436\u0438\u043b\u0438 \u043d\u0438\u0437\u043e\u0432\u043e\u044e \u0434\u0435\u043c\u043e\u043a\u0440\u0430\u0442\u0456\u0454\u044e \u0456 \u043e\u0431\u0440\u0430\u043b\u0438 13 \u043a\u0430\u043d\u0434\u0438\u0434\u0430\u0442\u0456\u0432 \u043d\u0430 \u0432\u0438\u0431\u043e\u0440\u0438 \u043c\u0443\u043d\u0456\u0446\u0438\u043f\u0430\u043b\u044c\u043d\u043e\u0457 \u0440\u0430\u0434\u0438. \u0414\u043b\u044f \u0441\u0435\u043b\u0430 \u0446\u0435 \u0431\u0443\u043b\u043e \u043f\u0435\u0440\u0448\u0435: \u041f\u043e\u043d\u0430\u0434 60 \u043b\u044e\u0434\u0435\u0439 \u0432\u0456\u0434\u0432\u0456\u0434\u0430\u043b\u0438 [...]<\/p>","protected":false},"author":1,"featured_media":0,"comment_status":"closed","ping_status":"open","sticky":false,"template":"","format":"standard","meta":{"_price":"","_stock":"","_tribe_ticket_header":"","_tribe_default_ticket_provider":"","_tribe_ticket_capacity":"0","_ticket_start_date":"","_ticket_end_date":"","_tribe_ticket_show_description":"","_tribe_ticket_show_not_going":false,"_tribe_ticket_use_global_stock":"","_tribe_ticket_global_stock_level":"","_global_stock_mode":"","_global_stock_cap":"","_tribe_rsvp_for_event":"","_tribe_ticket_going_count":"","_tribe_ticket_not_going_count":"","_tribe_tickets_list":"[]","_tribe_ticket_has_attendee_info_fields":false,"_EventAllDay":false,"_EventTimezone":"","_EventStartDate":"","_EventEndDate":"","_EventStartDateUTC":"","_EventEndDateUTC":"","_EventShowMap":false,"_EventShowMapLink":false,"_EventURL":"","_EventCost":"","_EventCostDescription":"","_EventCurrencySymbol":"","_EventCurrencyCode":"","_EventCurrencyPosition":"","_EventDateTimeSeparator":"","_EventTimeRangeSeparator":"","_EventOrganizerID":[],"_EventVenueID":[],"_OrganizerEmail":"","_OrganizerPhone":"","_OrganizerWebsite":"","_VenueAddress":"","_VenueCity":"","_VenueCountry":"","_VenueProvince":"","_VenueState":"","_VenueZip":"","_VenuePhone":"","_VenueURL":"","_VenueStateProvince":"","_VenueLat":"","_VenueLng":"","_VenueShowMap":false,"_VenueShowMapLink":false,"footnotes":""},"categories":[9],"tags":[],"class_list":["post-340","post","type-post","status-publish","format-standard","hentry","category-neues-von-uns"],"aioseo_notices":[],"aioseo_head":"\n\t\t<!-- All in One SEO 5.0.1.1 - aioseo.com -->\n\t<meta name=\"description\" content=\"Gut 60 engagierte Teilnehmende lebten Basisdemokratie und w\u00e4hlten 13 Kandierende f\u00fcr die Wahl des Gemeinderats. Es war eine Premiere f\u00fcr das Dorf: Gut 60 B\u00fcrgerinnen und B\u00fcrger fanden sich am 24. Januar in Dernbach zu einer mit Spannung erwarteten Aufstellungsversammlung ein. Sie bestimmten, wer f\u00fcr die offene W\u00e4hlergemeinschaft \u201eGemeinsam f\u00fcr Dernbach\u201c kandidiert. Die Versammlung schlug\" \/>\n\t<meta name=\"robots\" content=\"max-image-preview:large\" \/>\n\t<meta name=\"author\" content=\"GfD_Admin\"\/>\n\t<link rel=\"canonical\" href=\"https:\/\/gemeinsam-fuer-dernbach.de\/uk\/neue-buergerliste-stellt-sich-in-dernbach-auf\" \/>\n\t<meta name=\"generator\" content=\"All in One SEO (AIOSEO) 5.0.1.1\" \/>\n\t\t<meta property=\"og:locale\" content=\"uk_UA\" \/>\n\t\t<meta property=\"og:site_name\" content=\"Gemeinsam f\u00fcr Dernbach - Gemeinsam f\u00fcr Dernbach - Website der W\u00e4hlergruppe Jankowitsch\" \/>\n\t\t<meta property=\"og:type\" content=\"article\" \/>\n\t\t<meta property=\"og:title\" content=\"Neue B\u00fcrgerliste stellt sich in Dernbach auf - Gemeinsam f\u00fcr Dernbach\" \/>\n\t\t<meta property=\"og:description\" content=\"Gut 60 engagierte Teilnehmende lebten Basisdemokratie und w\u00e4hlten 13 Kandierende f\u00fcr die Wahl des Gemeinderats. Es war eine Premiere f\u00fcr das Dorf: Gut 60 B\u00fcrgerinnen und B\u00fcrger fanden sich am 24. Januar in Dernbach zu einer mit Spannung erwarteten Aufstellungsversammlung ein. Sie bestimmten, wer f\u00fcr die offene W\u00e4hlergemeinschaft \u201eGemeinsam f\u00fcr Dernbach\u201c kandidiert. Die Versammlung schlug\" \/>\n\t\t<meta property=\"og:url\" content=\"https:\/\/gemeinsam-fuer-dernbach.de\/uk\/neue-buergerliste-stellt-sich-in-dernbach-auf\" \/>\n\t\t<meta property=\"og:image\" content=\"https:\/\/gemeinsam-fuer-dernbach.de\/wp-content\/uploads\/2024\/12\/cropped-Button.png\" \/>\n\t\t<meta property=\"og:image:secure_url\" content=\"https:\/\/gemeinsam-fuer-dernbach.de\/wp-content\/uploads\/2024\/12\/cropped-Button.png\" \/>\n\t\t<meta property=\"og:image:width\" content=\"512\" \/>\n\t\t<meta property=\"og:image:height\" content=\"512\" \/>\n\t\t<meta property=\"article:published_time\" content=\"2024-02-03T10:45:26+00:00\" \/>\n\t\t<meta property=\"article:modified_time\" content=\"2025-03-07T19:12:32+00:00\" \/>\n\t\t<meta property=\"article:publisher\" content=\"https:\/\/www.facebook.com\/gemeinsam.fuer.dernbach\/\" \/>\n\t\t<meta name=\"twitter:card\" content=\"summary_large_image\" \/>\n\t\t<meta name=\"twitter:title\" content=\"Neue B\u00fcrgerliste stellt sich in Dernbach auf - Gemeinsam f\u00fcr Dernbach\" \/>\n\t\t<meta name=\"twitter:description\" content=\"Gut 60 engagierte Teilnehmende lebten Basisdemokratie und w\u00e4hlten 13 Kandierende f\u00fcr die Wahl des Gemeinderats. Es war eine Premiere f\u00fcr das Dorf: Gut 60 B\u00fcrgerinnen und B\u00fcrger fanden sich am 24. Januar in Dernbach zu einer mit Spannung erwarteten Aufstellungsversammlung ein. Sie bestimmten, wer f\u00fcr die offene W\u00e4hlergemeinschaft \u201eGemeinsam f\u00fcr Dernbach\u201c kandidiert. Die Versammlung schlug\" \/>\n\t\t<meta name=\"twitter:image\" content=\"https:\/\/gemeinsam-fuer-dernbach.de\/wp-content\/uploads\/2024\/12\/cropped-Button.png\" \/>\n\t\t<script type=\"application\/ld+json\" class=\"aioseo-schema\">\n\t\t\t{\"@context\":\"https:\\\/\\\/schema.org\",\"@graph\":[{\"@type\":\"BlogPosting\",\"@id\":\"https:\\\/\\\/gemeinsam-fuer-dernbach.de\\\/uk\\\/neue-buergerliste-stellt-sich-in-dernbach-auf#blogposting\",\"name\":\"Neue B\\u00fcrgerliste stellt sich in Dernbach auf - Gemeinsam f\\u00fcr Dernbach\",\"headline\":\"Neue B\\u00fcrgerliste stellt sich in Dernbach auf\",\"author\":{\"@id\":\"https:\\\/\\\/gemeinsam-fuer-dernbach.de\\\/uk\\\/author\\\/gfd_admin#author\"},\"publisher\":{\"@id\":\"https:\\\/\\\/gemeinsam-fuer-dernbach.de\\\/uk\\\/#organization\"},\"image\":{\"@type\":\"ImageObject\",\"url\":\"https:\\\/\\\/gemeinsam-fuer-dernbach.de\\\/wp-content\\\/uploads\\\/2024\\\/02\\\/Aufstellungsversammlung24012024_3.jpeg\",\"@id\":\"https:\\\/\\\/gemeinsam-fuer-dernbach.de\\\/uk\\\/neue-buergerliste-stellt-sich-in-dernbach-auf\\\/#articleImage\",\"width\":688,\"height\":325,\"caption\":\"Andreas Pandorf, J\\u00fcrgen Heckenbach, Torsten Greinert, Frank K\\u00f6hn, Silke Jankowitsch, Stefan G\\u00f6rg, Roswitha K\\u00e4stner, Stefan Heinz, Alessa Bode, Dr. Manuel Misgeld, Cosimo Jankowitsch (von links nach rechts), nicht im Bild: Daniel Jung, Gebhardt Schmidt\"},\"datePublished\":\"2024-02-03T11:45:26+01:00\",\"dateModified\":\"2025-03-07T20:12:32+01:00\",\"inLanguage\":\"uk\",\"mainEntityOfPage\":{\"@id\":\"https:\\\/\\\/gemeinsam-fuer-dernbach.de\\\/uk\\\/neue-buergerliste-stellt-sich-in-dernbach-auf#webpage\"},\"isPartOf\":{\"@id\":\"https:\\\/\\\/gemeinsam-fuer-dernbach.de\\\/uk\\\/neue-buergerliste-stellt-sich-in-dernbach-auf#webpage\"},\"articleSection\":\"Neues von uns\"},{\"@type\":\"BreadcrumbList\",\"@id\":\"https:\\\/\\\/gemeinsam-fuer-dernbach.de\\\/uk\\\/neue-buergerliste-stellt-sich-in-dernbach-auf#breadcrumblist\",\"itemListElement\":[{\"@type\":\"ListItem\",\"@id\":\"https:\\\/\\\/gemeinsam-fuer-dernbach.de\\\/uk#listItem\",\"position\":1,\"name\":\"Home\",\"item\":\"https:\\\/\\\/gemeinsam-fuer-dernbach.de\\\/uk\",\"nextItem\":{\"@type\":\"ListItem\",\"@id\":\"https:\\\/\\\/gemeinsam-fuer-dernbach.de\\\/uk\\\/category\\\/neues-von-uns#listItem\",\"name\":\"Neues von uns\"}},{\"@type\":\"ListItem\",\"@id\":\"https:\\\/\\\/gemeinsam-fuer-dernbach.de\\\/uk\\\/category\\\/neues-von-uns#listItem\",\"position\":2,\"name\":\"Neues von uns\",\"item\":\"https:\\\/\\\/gemeinsam-fuer-dernbach.de\\\/uk\\\/category\\\/neues-von-uns\",\"nextItem\":{\"@type\":\"ListItem\",\"@id\":\"https:\\\/\\\/gemeinsam-fuer-dernbach.de\\\/uk\\\/neue-buergerliste-stellt-sich-in-dernbach-auf#listItem\",\"name\":\"Neue B\\u00fcrgerliste stellt sich in Dernbach auf\"},\"previousItem\":{\"@type\":\"ListItem\",\"@id\":\"https:\\\/\\\/gemeinsam-fuer-dernbach.de\\\/uk#listItem\",\"name\":\"Home\"}},{\"@type\":\"ListItem\",\"@id\":\"https:\\\/\\\/gemeinsam-fuer-dernbach.de\\\/uk\\\/neue-buergerliste-stellt-sich-in-dernbach-auf#listItem\",\"position\":3,\"name\":\"Neue B\\u00fcrgerliste stellt sich in Dernbach auf\",\"previousItem\":{\"@type\":\"ListItem\",\"@id\":\"https:\\\/\\\/gemeinsam-fuer-dernbach.de\\\/uk\\\/category\\\/neues-von-uns#listItem\",\"name\":\"Neues von uns\"}}]},{\"@type\":\"Organization\",\"@id\":\"https:\\\/\\\/gemeinsam-fuer-dernbach.de\\\/uk\\\/#organization\",\"name\":\"Gemeinsam f\\u00fcr Dernbach\",\"description\":\"Gemeinsam f\\u00fcr Dernbach - Website der W\\u00e4hlergruppe Jankowitsch\",\"url\":\"https:\\\/\\\/gemeinsam-fuer-dernbach.de\\\/uk\\\/\",\"logo\":{\"@type\":\"ImageObject\",\"url\":\"https:\\\/\\\/gemeinsam-fuer-dernbach.de\\\/wp-content\\\/uploads\\\/2024\\\/12\\\/cropped-Button.png\",\"@id\":\"https:\\\/\\\/gemeinsam-fuer-dernbach.de\\\/uk\\\/neue-buergerliste-stellt-sich-in-dernbach-auf\\\/#organizationLogo\",\"width\":512,\"height\":512,\"caption\":\"Gemeinsam f\\u00fcr Dernbach\"},\"image\":{\"@id\":\"https:\\\/\\\/gemeinsam-fuer-dernbach.de\\\/uk\\\/neue-buergerliste-stellt-sich-in-dernbach-auf\\\/#organizationLogo\"},\"sameAs\":[\"https:\\\/\\\/www.facebook.com\\\/gemeinsam.fuer.dernbach\\\/\",\"https:\\\/\\\/www.instagram.com\\\/gemeinsam_fuer_dernbach\\\/\"]},{\"@type\":\"Person\",\"@id\":\"https:\\\/\\\/gemeinsam-fuer-dernbach.de\\\/uk\\\/author\\\/gfd_admin#author\",\"url\":\"https:\\\/\\\/gemeinsam-fuer-dernbach.de\\\/uk\\\/author\\\/gfd_admin\",\"name\":\"GfD_Admin\"},{\"@type\":\"WebPage\",\"@id\":\"https:\\\/\\\/gemeinsam-fuer-dernbach.de\\\/uk\\\/neue-buergerliste-stellt-sich-in-dernbach-auf#webpage\",\"url\":\"https:\\\/\\\/gemeinsam-fuer-dernbach.de\\\/uk\\\/neue-buergerliste-stellt-sich-in-dernbach-auf\",\"name\":\"Neue B\\u00fcrgerliste stellt sich in Dernbach auf - Gemeinsam f\\u00fcr Dernbach\",\"description\":\"Gut 60 engagierte Teilnehmende lebten Basisdemokratie und w\\u00e4hlten 13 Kandierende f\\u00fcr die Wahl des Gemeinderats. Es war eine Premiere f\\u00fcr das Dorf: Gut 60 B\\u00fcrgerinnen und B\\u00fcrger fanden sich am 24. Januar in Dernbach zu einer mit Spannung erwarteten Aufstellungsversammlung ein. Sie bestimmten, wer f\\u00fcr die offene W\\u00e4hlergemeinschaft \\u201eGemeinsam f\\u00fcr Dernbach\\u201c kandidiert. Die Versammlung schlug\",\"inLanguage\":\"uk\",\"isPartOf\":{\"@id\":\"https:\\\/\\\/gemeinsam-fuer-dernbach.de\\\/uk\\\/#website\"},\"breadcrumb\":{\"@id\":\"https:\\\/\\\/gemeinsam-fuer-dernbach.de\\\/uk\\\/neue-buergerliste-stellt-sich-in-dernbach-auf#breadcrumblist\"},\"author\":{\"@id\":\"https:\\\/\\\/gemeinsam-fuer-dernbach.de\\\/uk\\\/author\\\/gfd_admin#author\"},\"creator\":{\"@id\":\"https:\\\/\\\/gemeinsam-fuer-dernbach.de\\\/uk\\\/author\\\/gfd_admin#author\"},\"datePublished\":\"2024-02-03T11:45:26+01:00\",\"dateModified\":\"2025-03-07T20:12:32+01:00\"},{\"@type\":\"WebSite\",\"@id\":\"https:\\\/\\\/gemeinsam-fuer-dernbach.de\\\/uk\\\/#website\",\"url\":\"https:\\\/\\\/gemeinsam-fuer-dernbach.de\\\/uk\\\/\",\"name\":\"Gemeinsam f\\u00fcr Dernbach\",\"description\":\"Gemeinsam f\\u00fcr Dernbach - Website der W\\u00e4hlergruppe Jankowitsch\",\"inLanguage\":\"uk\",\"publisher\":{\"@id\":\"https:\\\/\\\/gemeinsam-fuer-dernbach.de\\\/uk\\\/#organization\"}}]}\n\t\t<\/script>\n\t\t<!-- All in One SEO -->\n\n","aioseo_head_json":{"title":"Neue B\u00fcrgerliste stellt sich in Dernbach auf - Gemeinsam f\u00fcr Dernbach","description":"Gut 60 engagierte Teilnehmende lebten Basisdemokratie und w\u00e4hlten 13 Kandierende f\u00fcr die Wahl des Gemeinderats. Es war eine Premiere f\u00fcr das Dorf: Gut 60 B\u00fcrgerinnen und B\u00fcrger fanden sich am 24. Januar in Dernbach zu einer mit Spannung erwarteten Aufstellungsversammlung ein. Sie bestimmten, wer f\u00fcr die offene W\u00e4hlergemeinschaft \u201eGemeinsam f\u00fcr Dernbach\u201c kandidiert. Die Versammlung schlug","canonical_url":"https:\/\/gemeinsam-fuer-dernbach.de\/uk\/neue-buergerliste-stellt-sich-in-dernbach-auf","robots":"max-image-preview:large","keywords":"","webmasterTools":{"miscellaneous":""},"schema":{"@context":"https:\/\/schema.org","@graph":[{"@type":"BlogPosting","@id":"https:\/\/gemeinsam-fuer-dernbach.de\/uk\/neue-buergerliste-stellt-sich-in-dernbach-auf#blogposting","name":"Neue B\u00fcrgerliste stellt sich in Dernbach auf - Gemeinsam f\u00fcr Dernbach","headline":"Neue B\u00fcrgerliste stellt sich in Dernbach auf","author":{"@id":"https:\/\/gemeinsam-fuer-dernbach.de\/uk\/author\/gfd_admin#author"},"publisher":{"@id":"https:\/\/gemeinsam-fuer-dernbach.de\/uk\/#organization"},"image":{"@type":"ImageObject","url":"https:\/\/gemeinsam-fuer-dernbach.de\/wp-content\/uploads\/2024\/02\/Aufstellungsversammlung24012024_3.jpeg","@id":"https:\/\/gemeinsam-fuer-dernbach.de\/uk\/neue-buergerliste-stellt-sich-in-dernbach-auf\/#articleImage","width":688,"height":325,"caption":"Andreas Pandorf, J\u00fcrgen Heckenbach, Torsten Greinert, Frank K\u00f6hn, Silke Jankowitsch, Stefan G\u00f6rg, Roswitha K\u00e4stner, Stefan Heinz, Alessa Bode, Dr. Manuel Misgeld, Cosimo Jankowitsch (von links nach rechts), nicht im Bild: Daniel Jung, Gebhardt Schmidt"},"datePublished":"2024-02-03T11:45:26+01:00","dateModified":"2025-03-07T20:12:32+01:00","inLanguage":"uk","mainEntityOfPage":{"@id":"https:\/\/gemeinsam-fuer-dernbach.de\/uk\/neue-buergerliste-stellt-sich-in-dernbach-auf#webpage"},"isPartOf":{"@id":"https:\/\/gemeinsam-fuer-dernbach.de\/uk\/neue-buergerliste-stellt-sich-in-dernbach-auf#webpage"},"articleSection":"Neues von uns"},{"@type":"BreadcrumbList","@id":"https:\/\/gemeinsam-fuer-dernbach.de\/uk\/neue-buergerliste-stellt-sich-in-dernbach-auf#breadcrumblist","itemListElement":[{"@type":"ListItem","@id":"https:\/\/gemeinsam-fuer-dernbach.de\/uk#listItem","position":1,"name":"Home","item":"https:\/\/gemeinsam-fuer-dernbach.de\/uk","nextItem":{"@type":"ListItem","@id":"https:\/\/gemeinsam-fuer-dernbach.de\/uk\/category\/neues-von-uns#listItem","name":"Neues von uns"}},{"@type":"ListItem","@id":"https:\/\/gemeinsam-fuer-dernbach.de\/uk\/category\/neues-von-uns#listItem","position":2,"name":"Neues von uns","item":"https:\/\/gemeinsam-fuer-dernbach.de\/uk\/category\/neues-von-uns","nextItem":{"@type":"ListItem","@id":"https:\/\/gemeinsam-fuer-dernbach.de\/uk\/neue-buergerliste-stellt-sich-in-dernbach-auf#listItem","name":"Neue B\u00fcrgerliste stellt sich in Dernbach auf"},"previousItem":{"@type":"ListItem","@id":"https:\/\/gemeinsam-fuer-dernbach.de\/uk#listItem","name":"Home"}},{"@type":"ListItem","@id":"https:\/\/gemeinsam-fuer-dernbach.de\/uk\/neue-buergerliste-stellt-sich-in-dernbach-auf#listItem","position":3,"name":"Neue B\u00fcrgerliste stellt sich in Dernbach auf","previousItem":{"@type":"ListItem","@id":"https:\/\/gemeinsam-fuer-dernbach.de\/uk\/category\/neues-von-uns#listItem","name":"Neues von uns"}}]},{"@type":"Organization","@id":"https:\/\/gemeinsam-fuer-dernbach.de\/uk\/#organization","name":"Gemeinsam f\u00fcr Dernbach","description":"Gemeinsam f\u00fcr Dernbach - Website der W\u00e4hlergruppe Jankowitsch","url":"https:\/\/gemeinsam-fuer-dernbach.de\/uk\/","logo":{"@type":"ImageObject","url":"https:\/\/gemeinsam-fuer-dernbach.de\/wp-content\/uploads\/2024\/12\/cropped-Button.png","@id":"https:\/\/gemeinsam-fuer-dernbach.de\/uk\/neue-buergerliste-stellt-sich-in-dernbach-auf\/#organizationLogo","width":512,"height":512,"caption":"Gemeinsam f\u00fcr Dernbach"},"image":{"@id":"https:\/\/gemeinsam-fuer-dernbach.de\/uk\/neue-buergerliste-stellt-sich-in-dernbach-auf\/#organizationLogo"},"sameAs":["https:\/\/www.facebook.com\/gemeinsam.fuer.dernbach\/","https:\/\/www.instagram.com\/gemeinsam_fuer_dernbach\/"]},{"@type":"Person","@id":"https:\/\/gemeinsam-fuer-dernbach.de\/uk\/author\/gfd_admin#author","url":"https:\/\/gemeinsam-fuer-dernbach.de\/uk\/author\/gfd_admin","name":"GfD_Admin"},{"@type":"WebPage","@id":"https:\/\/gemeinsam-fuer-dernbach.de\/uk\/neue-buergerliste-stellt-sich-in-dernbach-auf#webpage","url":"https:\/\/gemeinsam-fuer-dernbach.de\/uk\/neue-buergerliste-stellt-sich-in-dernbach-auf","name":"Neue B\u00fcrgerliste stellt sich in Dernbach auf - Gemeinsam f\u00fcr Dernbach","description":"Gut 60 engagierte Teilnehmende lebten Basisdemokratie und w\u00e4hlten 13 Kandierende f\u00fcr die Wahl des Gemeinderats. Es war eine Premiere f\u00fcr das Dorf: Gut 60 B\u00fcrgerinnen und B\u00fcrger fanden sich am 24. Januar in Dernbach zu einer mit Spannung erwarteten Aufstellungsversammlung ein. Sie bestimmten, wer f\u00fcr die offene W\u00e4hlergemeinschaft \u201eGemeinsam f\u00fcr Dernbach\u201c kandidiert. Die Versammlung schlug","inLanguage":"uk","isPartOf":{"@id":"https:\/\/gemeinsam-fuer-dernbach.de\/uk\/#website"},"breadcrumb":{"@id":"https:\/\/gemeinsam-fuer-dernbach.de\/uk\/neue-buergerliste-stellt-sich-in-dernbach-auf#breadcrumblist"},"author":{"@id":"https:\/\/gemeinsam-fuer-dernbach.de\/uk\/author\/gfd_admin#author"},"creator":{"@id":"https:\/\/gemeinsam-fuer-dernbach.de\/uk\/author\/gfd_admin#author"},"datePublished":"2024-02-03T11:45:26+01:00","dateModified":"2025-03-07T20:12:32+01:00"},{"@type":"WebSite","@id":"https:\/\/gemeinsam-fuer-dernbach.de\/uk\/#website","url":"https:\/\/gemeinsam-fuer-dernbach.de\/uk\/","name":"Gemeinsam f\u00fcr Dernbach","description":"Gemeinsam f\u00fcr Dernbach - Website der W\u00e4hlergruppe Jankowitsch","inLanguage":"uk","publisher":{"@id":"https:\/\/gemeinsam-fuer-dernbach.de\/uk\/#organization"}}]},"og:locale":"uk_UA","og:site_name":"Gemeinsam f\u00fcr Dernbach - Gemeinsam f\u00fcr Dernbach - Website der W\u00e4hlergruppe Jankowitsch","og:type":"article","og:title":"Neue B\u00fcrgerliste stellt sich in Dernbach auf - Gemeinsam f\u00fcr Dernbach","og:description":"Gut 60 engagierte Teilnehmende lebten Basisdemokratie und w\u00e4hlten 13 Kandierende f\u00fcr die Wahl des Gemeinderats. Es war eine Premiere f\u00fcr das Dorf: Gut 60 B\u00fcrgerinnen und B\u00fcrger fanden sich am 24. Januar in Dernbach zu einer mit Spannung erwarteten Aufstellungsversammlung ein. Sie bestimmten, wer f\u00fcr die offene W\u00e4hlergemeinschaft \u201eGemeinsam f\u00fcr Dernbach\u201c kandidiert. Die Versammlung schlug","og:url":"https:\/\/gemeinsam-fuer-dernbach.de\/uk\/neue-buergerliste-stellt-sich-in-dernbach-auf","og:image":"https:\/\/gemeinsam-fuer-dernbach.de\/wp-content\/uploads\/2024\/12\/cropped-Button.png","og:image:secure_url":"https:\/\/gemeinsam-fuer-dernbach.de\/wp-content\/uploads\/2024\/12\/cropped-Button.png","og:image:width":512,"og:image:height":512,"article:published_time":"2024-02-03T10:45:26+00:00","article:modified_time":"2025-03-07T19:12:32+00:00","article:publisher":"https:\/\/www.facebook.com\/gemeinsam.fuer.dernbach\/","twitter:card":"summary_large_image","twitter:title":"Neue B\u00fcrgerliste stellt sich in Dernbach auf - Gemeinsam f\u00fcr Dernbach","twitter:description":"Gut 60 engagierte Teilnehmende lebten Basisdemokratie und w\u00e4hlten 13 Kandierende f\u00fcr die Wahl des Gemeinderats. Es war eine Premiere f\u00fcr das Dorf: Gut 60 B\u00fcrgerinnen und B\u00fcrger fanden sich am 24. Januar in Dernbach zu einer mit Spannung erwarteten Aufstellungsversammlung ein. Sie bestimmten, wer f\u00fcr die offene W\u00e4hlergemeinschaft \u201eGemeinsam f\u00fcr Dernbach\u201c kandidiert. Die Versammlung schlug","twitter:image":"https:\/\/gemeinsam-fuer-dernbach.de\/wp-content\/uploads\/2024\/12\/cropped-Button.png"},"aioseo_meta_data":{"post_id":"340","title":null,"description":null,"keywords":null,"keyphrases":{"focus":[],"additional":[]},"primary_term":null,"canonical_url":null,"og_title":null,"og_description":null,"og_object_type":"default","og_image_type":"default","og_image_url":null,"og_image_width":null,"og_image_height":null,"og_image_custom_url":null,"og_image_custom_fields":null,"og_video":null,"og_custom_url":null,"og_article_section":null,"og_article_tags":null,"twitter_use_og":false,"twitter_card":"default","twitter_image_type":"default","twitter_image_url":null,"twitter_image_custom_url":null,"twitter_image_custom_fields":null,"twitter_title":null,"twitter_description":null,"schema":{"blockGraphs":[],"customGraphs":[],"default":{"data":{"Article":[],"Course":[],"Dataset":[],"FAQPage":[],"Movie":[],"Person":[],"Product":[],"ProductReview":[],"Car":[],"Recipe":[],"Service":[],"SoftwareApplication":[],"WebPage":[]},"graphName":"","isEnabled":true},"graphs":[]},"schema_type":"default","schema_type_options":null,"pillar_content":false,"robots_default":true,"robots_noindex":false,"robots_noarchive":false,"robots_nosnippet":false,"robots_nofollow":false,"robots_noimageindex":false,"robots_noodp":false,"robots_notranslate":false,"robots_max_snippet":null,"robots_max_videopreview":null,"robots_max_imagepreview":"large","priority":null,"frequency":null,"local_seo":null,"breadcrumb_settings":null,"limit_modified_date":false,"ai":null,"created":"2025-06-24 20:04:55","updated":"2026-09-03 19:35:13","seo_analyzer_scan_date":null,"focus_keyword":null,"additional_keywords":null,"truseo_locale":null},"aioseo_breadcrumb":"<div class=\"aioseo-breadcrumbs\"><span class=\"aioseo-breadcrumb\">\n\t\t\t<a href=\"https:\/\/gemeinsam-fuer-dernbach.de\/uk\" title=\"Home\">Home<\/a>\n\t\t<\/span><span class=\"aioseo-breadcrumb-separator\">&raquo;<\/span><span class=\"aioseo-breadcrumb\">\n\t\t\t<a href=\"https:\/\/gemeinsam-fuer-dernbach.de\/uk\/category\/neues-von-uns\" title=\"Neues von uns\">Neues von uns<\/a>\n\t\t<\/span><span class=\"aioseo-breadcrumb-separator\">&raquo;<\/span><span class=\"aioseo-breadcrumb\">\n\t\t\tNeue B\u00fcrgerliste stellt sich in Dernbach auf\n\t\t<\/span><\/div>","aioseo_breadcrumb_json":[{"label":"Home","link":"https:\/\/gemeinsam-fuer-dernbach.de\/uk"},{"label":"Neues von uns","link":"https:\/\/gemeinsam-fuer-dernbach.de\/uk\/category\/neues-von-uns"},{"label":"Neue B\u00fcrgerliste stellt sich in Dernbach auf","link":"https:\/\/gemeinsam-fuer-dernbach.de\/uk\/neue-buergerliste-stellt-sich-in-dernbach-auf"}],"_links":{"self":[{"href":"https:\/\/gemeinsam-fuer-dernbach.de\/uk\/wp-json\/wp\/v2\/posts\/340","targetHints":{"allow":["GET"]}}],"collection":[{"href":"https:\/\/gemeinsam-fuer-dernbach.de\/uk\/wp-json\/wp\/v2\/posts"}],"about":[{"href":"https:\/\/gemeinsam-fuer-dernbach.de\/uk\/wp-json\/wp\/v2\/types\/post"}],"author":[{"embeddable":true,"href":"https:\/\/gemeinsam-fuer-dernbach.de\/uk\/wp-json\/wp\/v2\/users\/1"}],"replies":[{"embeddable":true,"href":"https:\/\/gemeinsam-fuer-dernbach.de\/uk\/wp-json\/wp\/v2\/comments?post=340"}],"version-history":[{"count":5,"href":"https:\/\/gemeinsam-fuer-dernbach.de\/uk\/wp-json\/wp\/v2\/posts\/340\/revisions"}],"predecessor-version":[{"id":1197,"href":"https:\/\/gemeinsam-fuer-dernbach.de\/uk\/wp-json\/wp\/v2\/posts\/340\/revisions\/1197"}],"wp:attachment":[{"href":"https:\/\/gemeinsam-fuer-dernbach.de\/uk\/wp-json\/wp\/v2\/media?parent=340"}],"wp:term":[{"taxonomy":"category","embeddable":true,"href":"https:\/\/gemeinsam-fuer-dernbach.de\/uk\/wp-json\/wp\/v2\/categories?post=340"},{"taxonomy":"post_tag","embeddable":true,"href":"https:\/\/gemeinsam-fuer-dernbach.de\/uk\/wp-json\/wp\/v2\/tags?post=340"}],"curies":[{"name":"wp","href":"https:\/\/api.w.org\/{rel}","templated":true}]}}