{"id":403,"date":"2024-05-04T14:05:42","date_gmt":"2024-05-04T13:05:42","guid":{"rendered":"https:\/\/gemeinsam-fuer-dernbach.de\/?p=403"},"modified":"2025-03-07T20:13:05","modified_gmt":"2025-03-07T19:13:05","slug":"wir-sagen-danke","status":"publish","type":"post","link":"https:\/\/gemeinsam-fuer-dernbach.de\/uk\/wir-sagen-danke","title":{"rendered":"\u041c\u0438 \u043a\u0430\u0436\u0435\u043c\u043e \u0441\u043f\u0430\u0441\u0438\u0431\u0456!"},"content":{"rendered":"<p class=\"wp-block-paragraph\"><style>\/*! elementor - v3.21.0 - 30-04-2024 *\/<br \/>\n.elementor-widget-image{text-align:center}.elementor-widget-image a{display:inline-block}.elementor-widget-image a img[src$=\".svg\"]{width:48px}.elementor-widget-image img{vertical-align:middle;display:inline-block}<\/style><\/p>\n\n\n\n<figure class=\"wp-block-image\"><img decoding=\"async\" src=\"https:\/\/gemeinsam-fuer-dernbach.de\/wp-content\/uploads\/2024\/05\/WhatsApp-Bild-2024-05-04-um-15.04.21_3d2dced2-768x613.jpg\" alt=\"\"\/><\/figure>\n\n\n\n<p class=\"wp-block-paragraph\"><\/p>\n\n\n\n<p class=\"wp-block-paragraph\">\u041f\u0440\u0430\u0446\u044e\u0432\u0430\u0442\u0438 \u0440\u0430\u0437\u043e\u043c \u0434\u043b\u044f \u0447\u0438\u0441\u0442\u043e\u0433\u043e \u043b\u0430\u043d\u0434\u0448\u0430\u0444\u0442\u0443: \u0414\u0435\u043d\u044c \u0434\u0456\u0457 \u043f\u043e\u0432\u043d\u0438\u0439 \u0443\u0441\u043f\u0456\u0445<\/p>\n\n\n\n<p class=\"wp-block-paragraph\">13 \u043a\u0432\u0456\u0442\u043d\u044f 2024 \u0440\u043e\u043a\u0443 \u0440\u0430\u0437\u043e\u043c \u0437 \u0431\u0456\u043b\u044c\u0448 \u043d\u0456\u0436 30 \u0432\u0456\u0434\u0434\u0430\u043d\u0438\u043c\u0438 \u0433\u0440\u043e\u043c\u0430\u0434\u044f\u043d\u0430\u043c\u0438 \u043c\u0438 \u0432\u0437\u044f\u043b\u0438 \u0443\u0447\u0430\u0441\u0442\u044c \u0443 \u0410\u043a\u0446\u0456\u0457 \u00ab\u0427\u0438\u0441\u0442\u0438\u0439 \u043b\u0430\u043d\u0434\u0448\u0430\u0444\u0442\u00bb \u0456 \u0437\u0440\u043e\u0431\u0438\u043b\u0438 \u0432\u0435\u043b\u0438\u0447\u0435\u0437\u043d\u0443 \u0440\u0456\u0437\u043d\u0438\u0446\u044e!<\/p>\n\n\n\n<p class=\"wp-block-paragraph\"><strong>\u0414\u0456\u0457 \u0437\u0430\u043c\u0456\u0441\u0442\u044c \u0441\u043b\u0456\u0432<\/strong><\/p>\n\n\n\n<p class=\"wp-block-paragraph\">\u041f\u0456\u0434 \u0434\u0435\u0432\u0456\u0437\u043e\u043c \u00ab\u0420\u0430\u0437\u043e\u043c \u0437\u0430 \u0414\u0435\u0440\u043d\u0431\u0430\u0445\u0430\u00bb \u043c\u0438, \u044f\u043a \u0432\u0438\u0431\u043e\u0440\u0446\u0456 \u042f\u043d\u043a\u043e\u0432\u0438\u0447\u0430, \u043f\u043e\u043a\u0430\u0437\u0430\u043b\u0438 \u043d\u0430\u0448\u0443 \u0432\u0456\u0434\u0434\u0430\u043d\u0456\u0441\u0442\u044c \u0411\u0430\u0442\u044c\u043a\u0456\u0432\u0449\u0438\u043d\u0456. \u041e\u0431\u043b\u0430\u0434\u043d\u0430\u043d\u0456 \u0441\u043c\u0456\u0442\u0442\u0454\u0432\u0438\u043c\u0438 \u043c\u0456\u0448\u043a\u0430\u043c\u0438, \u043f\u043e\u043f\u0435\u0440\u0435\u0434\u0436\u0443\u0432\u0430\u043b\u044c\u043d\u0438\u043c\u0438 \u0436\u0438\u043b\u0435\u0442\u0430\u043c\u0438 \u0442\u0430 \u0440\u0443\u043a\u0430\u0432\u0438\u0447\u043a\u0430\u043c\u0438, \u0440\u0430\u0437\u043e\u043c \u043c\u0438 \u0437\u0432\u0456\u043b\u044c\u043d\u0438\u043b\u0438 \u0443\u0437\u0431\u0456\u0447\u0447\u044f \u0434\u043e\u0440\u043e\u0433\u0438, \u0433\u0440\u0443\u043d\u0442\u043e\u0432\u0456 \u0434\u043e\u0440\u043e\u0433\u0438 \u0442\u0430 \u0437\u0435\u043b\u0435\u043d\u0456 \u0437\u043e\u043d\u0438 \u0432\u0456\u0434 \u043d\u0435\u0434\u0431\u0430\u043b\u043e \u0432\u0438\u043a\u0438\u043d\u0443\u0442\u043e\u0433\u043e \u0441\u043c\u0456\u0442\u0442\u044f.<\/p>\n\n\n\n<p class=\"wp-block-paragraph\"><strong>\u0412\u0440\u0430\u0436\u0435\u043d\u043d\u044f \u0432 Instagram<\/strong><\/p>\n\n\n\n<p class=\"wp-block-paragraph\">\u0414\u0435\u044f\u043a\u0456 \u0444\u043e\u0442\u043e\u0433\u0440\u0430\u0444\u0456\u0457 \u0430\u043a\u0446\u0456\u0457 \u0432\u0436\u0435 \u043d\u0430 \u043d\u0430\u0448\u043e\u043c\u0443 <a href=\"https:\/\/www.instagram.com\/gemeinsam_fuer_dernbach\/\">\u041a\u0430\u043d\u0430\u043b Instagram<\/a> \u0449\u043e\u0431 \u043f\u043e\u0431\u0430\u0447\u0438\u0442\u0438. \u0412\u043e\u043d\u0438 \u0434\u043e\u043a\u0443\u043c\u0435\u043d\u0442\u0443\u044e\u0442\u044c \u0443\u0441\u043f\u0456\u0448\u043d\u0456\u0441\u0442\u044c \u043a\u0430\u043c\u043f\u0430\u043d\u0456\u0457 \u0437\u0456 \u0437\u0431\u043e\u0440\u0443 \u0432\u0456\u0434\u0445\u043e\u0434\u0456\u0432.<\/p>\n\n\n\n<p class=\"wp-block-paragraph\"><strong>\u0414\u044f\u043a\u0443\u0454\u043c\u043e \u0432\u0441\u0456\u043c \u0443\u0447\u0430\u0441\u043d\u0438\u043a\u0430\u043c!<\/strong><\/p>\n\n\n\n<p class=\"wp-block-paragraph\">\"\u041c\u0438 \u0434\u0443\u0436\u0435 \u0437\u0430\u0434\u043e\u0432\u043e\u043b\u0435\u043d\u0456 \u0447\u0443\u0434\u043e\u0432\u043e\u044e \u0432\u0456\u0434\u043f\u043e\u0432\u0456\u0434\u0434\u044e\", \u2014 \u0441\u043a\u0430\u0437\u0430\u0432 \u041a\u043e\u0437\u0456\u043c\u043e \u042f\u043d\u043a\u043e\u0432\u0438\u0447. \u00ab\u0414\u043b\u044f \u043d\u0430\u0441 \u0432\u0430\u0436\u043b\u0438\u0432\u043e \u0432\u0441\u0442\u0430\u043d\u043e\u0432\u0438\u0442\u0438 \u0437\u043d\u0430\u043a \u0434\u043b\u044f \u0431\u0443\u0434\u0438\u043d\u043a\u0443, \u0432 \u044f\u043a\u043e\u043c\u0443 \u0432\u0430\u0440\u0442\u043e \u0436\u0438\u0442\u0438, \u0456 \u0430\u043a\u0442\u0438\u0432\u043d\u043e \u0437\u0430\u0431\u0435\u0437\u043f\u0435\u0447\u0443\u0432\u0430\u0442\u0438 \u0447\u0438\u0441\u0442\u0438\u0439 \u0414\u0435\u0440\u043d\u0431\u0430\u0445. \u041f\u0440\u0438\u0440\u043e\u0434\u0430 \u043d\u0430\u0432\u043a\u043e\u043b\u043e \u0414\u0435\u0440\u043d\u0431\u0430\u0445\u0430 \u0442\u0435\u043f\u0435\u0440 \u0442\u0440\u043e\u0445\u0438 \u0447\u0438\u0441\u0442\u0456\u0448\u0430 \u0456 \u043f\u0440\u0438\u0434\u0430\u0442\u043d\u0430 \u0434\u043b\u044f \u0436\u0438\u0442\u0442\u044f. \u0412\u0435\u043b\u0438\u043a\u0435 \u0441\u043f\u0430\u0441\u0438\u0431\u0456 \u0432\u0441\u0456\u043c \u0435\u043a\u043e\u043b\u043e\u0433\u0456\u0447\u043d\u0438\u043c \u0433\u0435\u0440\u043e\u044f\u043c, \u044f\u043a\u0456 \u0431\u0440\u0430\u043b\u0438 \u0430\u043a\u0442\u0438\u0432\u043d\u0443 \u0443\u0447\u0430\u0441\u0442\u044c!<\/p>","protected":false},"excerpt":{"rendered":"<p>\u0420\u0430\u0437\u043e\u043c \u0434\u043b\u044f \u0447\u0438\u0441\u0442\u043e\u0433\u043e \u043b\u0430\u043d\u0434\u0448\u0430\u0444\u0442\u0443: 13 \u043a\u0432\u0456\u0442\u043d\u044f 2024 \u0440\u043e\u043a\u0443 \u0440\u0430\u0437\u043e\u043c \u0437 \u0445\u043e\u0440\u043e\u0448\u0438\u043c\u0438 30 \u0432\u0456\u0434\u0434\u0430\u043d\u0438\u043c\u0438 \u0433\u0440\u043e\u043c\u0430\u0434\u044f\u043d\u0430\u043c\u0438 \u043c\u0438 \u0432\u0437\u044f\u043b\u0438 \u0443\u0447\u0430\u0441\u0442\u044c \u0443 \u0430\u043a\u0446\u0456\u0457 \u00ab\u0427\u0438\u0441\u0442\u0438\u0439 \u043b\u0430\u043d\u0434\u0448\u0430\u0444\u0442\u00bb \u0442\u0430 [...]<\/p>","protected":false},"author":1,"featured_media":0,"comment_status":"closed","ping_status":"open","sticky":false,"template":"","format":"standard","meta":{"_price":"","_stock":"","_tribe_ticket_header":"","_tribe_default_ticket_provider":"","_tribe_ticket_capacity":"0","_ticket_start_date":"","_ticket_end_date":"","_tribe_ticket_show_description":"","_tribe_ticket_show_not_going":false,"_tribe_ticket_use_global_stock":"","_tribe_ticket_global_stock_level":"","_global_stock_mode":"","_global_stock_cap":"","_tribe_rsvp_for_event":"","_tribe_ticket_going_count":"","_tribe_ticket_not_going_count":"","_tribe_tickets_list":"[]","_tribe_ticket_has_attendee_info_fields":false,"_EventAllDay":false,"_EventTimezone":"","_EventStartDate":"","_EventEndDate":"","_EventStartDateUTC":"","_EventEndDateUTC":"","_EventShowMap":false,"_EventShowMapLink":false,"_EventURL":"","_EventCost":"","_EventCostDescription":"","_EventCurrencySymbol":"","_EventCurrencyCode":"","_EventCurrencyPosition":"","_EventDateTimeSeparator":"","_EventTimeRangeSeparator":"","_EventOrganizerID":[],"_EventVenueID":[],"_OrganizerEmail":"","_OrganizerPhone":"","_OrganizerWebsite":"","_VenueAddress":"","_VenueCity":"","_VenueCountry":"","_VenueProvince":"","_VenueState":"","_VenueZip":"","_VenuePhone":"","_VenueURL":"","_VenueStateProvince":"","_VenueLat":"","_VenueLng":"","_VenueShowMap":false,"_VenueShowMapLink":false,"footnotes":""},"categories":[9,11],"tags":[],"class_list":["post-403","post","type-post","status-publish","format-standard","hentry","category-neues-von-uns","category-veranstaltungen"],"aioseo_notices":[],"aioseo_head":"\n\t\t<!-- All in One SEO 5.0.1.1 - aioseo.com -->\n\t<meta name=\"description\" content=\"Gemeinsam f\u00fcr eine saubere Landschaft: Aktionstag ein voller Erfolg Am 13. April 2024 haben wir gemeinsam mit gut 30 engagierten B\u00fcrgern und B\u00fcrgerinnen an der &quot;Aktion saubere Landschaft&quot; teilgenommen und einen riesigen Unterschied gemacht! Taten statt Worte Unter dem Motto \u201eGemeinsam f\u00fcr Dernbach\u201c zeigten wir als W\u00e4hlergruppe Jankowitsch unser Engagement f\u00fcr unsere Heimat. Mit M\u00fcllt\u00fcten,\" \/>\n\t<meta name=\"robots\" content=\"max-image-preview:large\" \/>\n\t<meta name=\"author\" content=\"GfD_Admin\"\/>\n\t<link rel=\"canonical\" href=\"https:\/\/gemeinsam-fuer-dernbach.de\/uk\/wir-sagen-danke\" \/>\n\t<meta name=\"generator\" content=\"All in One SEO (AIOSEO) 5.0.1.1\" \/>\n\t\t<meta property=\"og:locale\" content=\"uk_UA\" \/>\n\t\t<meta property=\"og:site_name\" content=\"Gemeinsam f\u00fcr Dernbach - Gemeinsam f\u00fcr Dernbach - Website der W\u00e4hlergruppe Jankowitsch\" \/>\n\t\t<meta property=\"og:type\" content=\"article\" \/>\n\t\t<meta property=\"og:title\" content=\"Wir sagen Danke! - Gemeinsam f\u00fcr Dernbach\" \/>\n\t\t<meta property=\"og:description\" content=\"Gemeinsam f\u00fcr eine saubere Landschaft: Aktionstag ein voller Erfolg Am 13. April 2024 haben wir gemeinsam mit gut 30 engagierten B\u00fcrgern und B\u00fcrgerinnen an der &quot;Aktion saubere Landschaft&quot; teilgenommen und einen riesigen Unterschied gemacht! Taten statt Worte Unter dem Motto \u201eGemeinsam f\u00fcr Dernbach\u201c zeigten wir als W\u00e4hlergruppe Jankowitsch unser Engagement f\u00fcr unsere Heimat. Mit M\u00fcllt\u00fcten,\" \/>\n\t\t<meta property=\"og:url\" content=\"https:\/\/gemeinsam-fuer-dernbach.de\/uk\/wir-sagen-danke\" \/>\n\t\t<meta property=\"og:image\" content=\"https:\/\/gemeinsam-fuer-dernbach.de\/wp-content\/uploads\/2024\/12\/cropped-Button.png\" \/>\n\t\t<meta property=\"og:image:secure_url\" content=\"https:\/\/gemeinsam-fuer-dernbach.de\/wp-content\/uploads\/2024\/12\/cropped-Button.png\" \/>\n\t\t<meta property=\"og:image:width\" content=\"512\" \/>\n\t\t<meta property=\"og:image:height\" content=\"512\" \/>\n\t\t<meta property=\"article:published_time\" content=\"2024-05-04T13:05:42+00:00\" \/>\n\t\t<meta property=\"article:modified_time\" content=\"2025-03-07T19:13:05+00:00\" \/>\n\t\t<meta property=\"article:publisher\" content=\"https:\/\/www.facebook.com\/gemeinsam.fuer.dernbach\/\" \/>\n\t\t<meta name=\"twitter:card\" content=\"summary_large_image\" \/>\n\t\t<meta name=\"twitter:title\" content=\"Wir sagen Danke! - Gemeinsam f\u00fcr Dernbach\" \/>\n\t\t<meta name=\"twitter:description\" content=\"Gemeinsam f\u00fcr eine saubere Landschaft: Aktionstag ein voller Erfolg Am 13. April 2024 haben wir gemeinsam mit gut 30 engagierten B\u00fcrgern und B\u00fcrgerinnen an der &quot;Aktion saubere Landschaft&quot; teilgenommen und einen riesigen Unterschied gemacht! Taten statt Worte Unter dem Motto \u201eGemeinsam f\u00fcr Dernbach\u201c zeigten wir als W\u00e4hlergruppe Jankowitsch unser Engagement f\u00fcr unsere Heimat. Mit M\u00fcllt\u00fcten,\" \/>\n\t\t<meta name=\"twitter:image\" content=\"https:\/\/gemeinsam-fuer-dernbach.de\/wp-content\/uploads\/2024\/12\/cropped-Button.png\" \/>\n\t\t<script type=\"application\/ld+json\" class=\"aioseo-schema\">\n\t\t\t{\"@context\":\"https:\\\/\\\/schema.org\",\"@graph\":[{\"@type\":\"BlogPosting\",\"@id\":\"https:\\\/\\\/gemeinsam-fuer-dernbach.de\\\/uk\\\/wir-sagen-danke#blogposting\",\"name\":\"Wir sagen Danke! - Gemeinsam f\\u00fcr Dernbach\",\"headline\":\"Wir sagen Danke!\",\"author\":{\"@id\":\"https:\\\/\\\/gemeinsam-fuer-dernbach.de\\\/uk\\\/author\\\/gfd_admin#author\"},\"publisher\":{\"@id\":\"https:\\\/\\\/gemeinsam-fuer-dernbach.de\\\/uk\\\/#organization\"},\"image\":{\"@type\":\"ImageObject\",\"url\":\"https:\\\/\\\/gemeinsam-fuer-dernbach.de\\\/wp-content\\\/uploads\\\/2024\\\/05\\\/WhatsApp-Bild-2024-05-04-um-15.04.21_3d2dced2.jpg\",\"@id\":\"https:\\\/\\\/gemeinsam-fuer-dernbach.de\\\/uk\\\/wir-sagen-danke\\\/#articleImage\",\"width\":800,\"height\":639},\"datePublished\":\"2024-05-04T14:05:42+01:00\",\"dateModified\":\"2025-03-07T20:13:05+01:00\",\"inLanguage\":\"uk\",\"mainEntityOfPage\":{\"@id\":\"https:\\\/\\\/gemeinsam-fuer-dernbach.de\\\/uk\\\/wir-sagen-danke#webpage\"},\"isPartOf\":{\"@id\":\"https:\\\/\\\/gemeinsam-fuer-dernbach.de\\\/uk\\\/wir-sagen-danke#webpage\"},\"articleSection\":\"Neues von uns, Veranstaltungen\"},{\"@type\":\"BreadcrumbList\",\"@id\":\"https:\\\/\\\/gemeinsam-fuer-dernbach.de\\\/uk\\\/wir-sagen-danke#breadcrumblist\",\"itemListElement\":[{\"@type\":\"ListItem\",\"@id\":\"https:\\\/\\\/gemeinsam-fuer-dernbach.de\\\/uk#listItem\",\"position\":1,\"name\":\"Home\",\"item\":\"https:\\\/\\\/gemeinsam-fuer-dernbach.de\\\/uk\",\"nextItem\":{\"@type\":\"ListItem\",\"@id\":\"https:\\\/\\\/gemeinsam-fuer-dernbach.de\\\/uk\\\/category\\\/neues-von-uns#listItem\",\"name\":\"Neues von uns\"}},{\"@type\":\"ListItem\",\"@id\":\"https:\\\/\\\/gemeinsam-fuer-dernbach.de\\\/uk\\\/category\\\/neues-von-uns#listItem\",\"position\":2,\"name\":\"Neues von uns\",\"item\":\"https:\\\/\\\/gemeinsam-fuer-dernbach.de\\\/uk\\\/category\\\/neues-von-uns\",\"nextItem\":{\"@type\":\"ListItem\",\"@id\":\"https:\\\/\\\/gemeinsam-fuer-dernbach.de\\\/uk\\\/wir-sagen-danke#listItem\",\"name\":\"Wir sagen Danke!\"},\"previousItem\":{\"@type\":\"ListItem\",\"@id\":\"https:\\\/\\\/gemeinsam-fuer-dernbach.de\\\/uk#listItem\",\"name\":\"Home\"}},{\"@type\":\"ListItem\",\"@id\":\"https:\\\/\\\/gemeinsam-fuer-dernbach.de\\\/uk\\\/wir-sagen-danke#listItem\",\"position\":3,\"name\":\"Wir sagen Danke!\",\"previousItem\":{\"@type\":\"ListItem\",\"@id\":\"https:\\\/\\\/gemeinsam-fuer-dernbach.de\\\/uk\\\/category\\\/neues-von-uns#listItem\",\"name\":\"Neues von uns\"}}]},{\"@type\":\"Organization\",\"@id\":\"https:\\\/\\\/gemeinsam-fuer-dernbach.de\\\/uk\\\/#organization\",\"name\":\"Gemeinsam f\\u00fcr Dernbach\",\"description\":\"Gemeinsam f\\u00fcr Dernbach - Website der W\\u00e4hlergruppe Jankowitsch\",\"url\":\"https:\\\/\\\/gemeinsam-fuer-dernbach.de\\\/uk\\\/\",\"logo\":{\"@type\":\"ImageObject\",\"url\":\"https:\\\/\\\/gemeinsam-fuer-dernbach.de\\\/wp-content\\\/uploads\\\/2024\\\/12\\\/cropped-Button.png\",\"@id\":\"https:\\\/\\\/gemeinsam-fuer-dernbach.de\\\/uk\\\/wir-sagen-danke\\\/#organizationLogo\",\"width\":512,\"height\":512,\"caption\":\"Gemeinsam f\\u00fcr Dernbach\"},\"image\":{\"@id\":\"https:\\\/\\\/gemeinsam-fuer-dernbach.de\\\/uk\\\/wir-sagen-danke\\\/#organizationLogo\"},\"sameAs\":[\"https:\\\/\\\/www.facebook.com\\\/gemeinsam.fuer.dernbach\\\/\",\"https:\\\/\\\/www.instagram.com\\\/gemeinsam_fuer_dernbach\\\/\"]},{\"@type\":\"Person\",\"@id\":\"https:\\\/\\\/gemeinsam-fuer-dernbach.de\\\/uk\\\/author\\\/gfd_admin#author\",\"url\":\"https:\\\/\\\/gemeinsam-fuer-dernbach.de\\\/uk\\\/author\\\/gfd_admin\",\"name\":\"GfD_Admin\"},{\"@type\":\"WebPage\",\"@id\":\"https:\\\/\\\/gemeinsam-fuer-dernbach.de\\\/uk\\\/wir-sagen-danke#webpage\",\"url\":\"https:\\\/\\\/gemeinsam-fuer-dernbach.de\\\/uk\\\/wir-sagen-danke\",\"name\":\"Wir sagen Danke! - Gemeinsam f\\u00fcr Dernbach\",\"description\":\"Gemeinsam f\\u00fcr eine saubere Landschaft: Aktionstag ein voller Erfolg Am 13. April 2024 haben wir gemeinsam mit gut 30 engagierten B\\u00fcrgern und B\\u00fcrgerinnen an der \\\"Aktion saubere Landschaft\\\" teilgenommen und einen riesigen Unterschied gemacht! Taten statt Worte Unter dem Motto \\u201eGemeinsam f\\u00fcr Dernbach\\u201c zeigten wir als W\\u00e4hlergruppe Jankowitsch unser Engagement f\\u00fcr unsere Heimat. Mit M\\u00fcllt\\u00fcten,\",\"inLanguage\":\"uk\",\"isPartOf\":{\"@id\":\"https:\\\/\\\/gemeinsam-fuer-dernbach.de\\\/uk\\\/#website\"},\"breadcrumb\":{\"@id\":\"https:\\\/\\\/gemeinsam-fuer-dernbach.de\\\/uk\\\/wir-sagen-danke#breadcrumblist\"},\"author\":{\"@id\":\"https:\\\/\\\/gemeinsam-fuer-dernbach.de\\\/uk\\\/author\\\/gfd_admin#author\"},\"creator\":{\"@id\":\"https:\\\/\\\/gemeinsam-fuer-dernbach.de\\\/uk\\\/author\\\/gfd_admin#author\"},\"datePublished\":\"2024-05-04T14:05:42+01:00\",\"dateModified\":\"2025-03-07T20:13:05+01:00\"},{\"@type\":\"WebSite\",\"@id\":\"https:\\\/\\\/gemeinsam-fuer-dernbach.de\\\/uk\\\/#website\",\"url\":\"https:\\\/\\\/gemeinsam-fuer-dernbach.de\\\/uk\\\/\",\"name\":\"Gemeinsam f\\u00fcr Dernbach\",\"description\":\"Gemeinsam f\\u00fcr Dernbach - Website der W\\u00e4hlergruppe Jankowitsch\",\"inLanguage\":\"uk\",\"publisher\":{\"@id\":\"https:\\\/\\\/gemeinsam-fuer-dernbach.de\\\/uk\\\/#organization\"}}]}\n\t\t<\/script>\n\t\t<!-- All in One SEO -->\n\n","aioseo_head_json":{"title":"Wir sagen Danke! - Gemeinsam f\u00fcr Dernbach","description":"Gemeinsam f\u00fcr eine saubere Landschaft: Aktionstag ein voller Erfolg Am 13. April 2024 haben wir gemeinsam mit gut 30 engagierten B\u00fcrgern und B\u00fcrgerinnen an der \"Aktion saubere Landschaft\" teilgenommen und einen riesigen Unterschied gemacht! Taten statt Worte Unter dem Motto \u201eGemeinsam f\u00fcr Dernbach\u201c zeigten wir als W\u00e4hlergruppe Jankowitsch unser Engagement f\u00fcr unsere Heimat. Mit M\u00fcllt\u00fcten,","canonical_url":"https:\/\/gemeinsam-fuer-dernbach.de\/uk\/wir-sagen-danke","robots":"max-image-preview:large","keywords":"","webmasterTools":{"miscellaneous":""},"schema":{"@context":"https:\/\/schema.org","@graph":[{"@type":"BlogPosting","@id":"https:\/\/gemeinsam-fuer-dernbach.de\/uk\/wir-sagen-danke#blogposting","name":"Wir sagen Danke! - Gemeinsam f\u00fcr Dernbach","headline":"Wir sagen Danke!","author":{"@id":"https:\/\/gemeinsam-fuer-dernbach.de\/uk\/author\/gfd_admin#author"},"publisher":{"@id":"https:\/\/gemeinsam-fuer-dernbach.de\/uk\/#organization"},"image":{"@type":"ImageObject","url":"https:\/\/gemeinsam-fuer-dernbach.de\/wp-content\/uploads\/2024\/05\/WhatsApp-Bild-2024-05-04-um-15.04.21_3d2dced2.jpg","@id":"https:\/\/gemeinsam-fuer-dernbach.de\/uk\/wir-sagen-danke\/#articleImage","width":800,"height":639},"datePublished":"2024-05-04T14:05:42+01:00","dateModified":"2025-03-07T20:13:05+01:00","inLanguage":"uk","mainEntityOfPage":{"@id":"https:\/\/gemeinsam-fuer-dernbach.de\/uk\/wir-sagen-danke#webpage"},"isPartOf":{"@id":"https:\/\/gemeinsam-fuer-dernbach.de\/uk\/wir-sagen-danke#webpage"},"articleSection":"Neues von uns, Veranstaltungen"},{"@type":"BreadcrumbList","@id":"https:\/\/gemeinsam-fuer-dernbach.de\/uk\/wir-sagen-danke#breadcrumblist","itemListElement":[{"@type":"ListItem","@id":"https:\/\/gemeinsam-fuer-dernbach.de\/uk#listItem","position":1,"name":"Home","item":"https:\/\/gemeinsam-fuer-dernbach.de\/uk","nextItem":{"@type":"ListItem","@id":"https:\/\/gemeinsam-fuer-dernbach.de\/uk\/category\/neues-von-uns#listItem","name":"Neues von uns"}},{"@type":"ListItem","@id":"https:\/\/gemeinsam-fuer-dernbach.de\/uk\/category\/neues-von-uns#listItem","position":2,"name":"Neues von uns","item":"https:\/\/gemeinsam-fuer-dernbach.de\/uk\/category\/neues-von-uns","nextItem":{"@type":"ListItem","@id":"https:\/\/gemeinsam-fuer-dernbach.de\/uk\/wir-sagen-danke#listItem","name":"Wir sagen Danke!"},"previousItem":{"@type":"ListItem","@id":"https:\/\/gemeinsam-fuer-dernbach.de\/uk#listItem","name":"Home"}},{"@type":"ListItem","@id":"https:\/\/gemeinsam-fuer-dernbach.de\/uk\/wir-sagen-danke#listItem","position":3,"name":"Wir sagen Danke!","previousItem":{"@type":"ListItem","@id":"https:\/\/gemeinsam-fuer-dernbach.de\/uk\/category\/neues-von-uns#listItem","name":"Neues von uns"}}]},{"@type":"Organization","@id":"https:\/\/gemeinsam-fuer-dernbach.de\/uk\/#organization","name":"Gemeinsam f\u00fcr Dernbach","description":"Gemeinsam f\u00fcr Dernbach - Website der W\u00e4hlergruppe Jankowitsch","url":"https:\/\/gemeinsam-fuer-dernbach.de\/uk\/","logo":{"@type":"ImageObject","url":"https:\/\/gemeinsam-fuer-dernbach.de\/wp-content\/uploads\/2024\/12\/cropped-Button.png","@id":"https:\/\/gemeinsam-fuer-dernbach.de\/uk\/wir-sagen-danke\/#organizationLogo","width":512,"height":512,"caption":"Gemeinsam f\u00fcr Dernbach"},"image":{"@id":"https:\/\/gemeinsam-fuer-dernbach.de\/uk\/wir-sagen-danke\/#organizationLogo"},"sameAs":["https:\/\/www.facebook.com\/gemeinsam.fuer.dernbach\/","https:\/\/www.instagram.com\/gemeinsam_fuer_dernbach\/"]},{"@type":"Person","@id":"https:\/\/gemeinsam-fuer-dernbach.de\/uk\/author\/gfd_admin#author","url":"https:\/\/gemeinsam-fuer-dernbach.de\/uk\/author\/gfd_admin","name":"GfD_Admin"},{"@type":"WebPage","@id":"https:\/\/gemeinsam-fuer-dernbach.de\/uk\/wir-sagen-danke#webpage","url":"https:\/\/gemeinsam-fuer-dernbach.de\/uk\/wir-sagen-danke","name":"Wir sagen Danke! - Gemeinsam f\u00fcr Dernbach","description":"Gemeinsam f\u00fcr eine saubere Landschaft: Aktionstag ein voller Erfolg Am 13. April 2024 haben wir gemeinsam mit gut 30 engagierten B\u00fcrgern und B\u00fcrgerinnen an der \"Aktion saubere Landschaft\" teilgenommen und einen riesigen Unterschied gemacht! Taten statt Worte Unter dem Motto \u201eGemeinsam f\u00fcr Dernbach\u201c zeigten wir als W\u00e4hlergruppe Jankowitsch unser Engagement f\u00fcr unsere Heimat. Mit M\u00fcllt\u00fcten,","inLanguage":"uk","isPartOf":{"@id":"https:\/\/gemeinsam-fuer-dernbach.de\/uk\/#website"},"breadcrumb":{"@id":"https:\/\/gemeinsam-fuer-dernbach.de\/uk\/wir-sagen-danke#breadcrumblist"},"author":{"@id":"https:\/\/gemeinsam-fuer-dernbach.de\/uk\/author\/gfd_admin#author"},"creator":{"@id":"https:\/\/gemeinsam-fuer-dernbach.de\/uk\/author\/gfd_admin#author"},"datePublished":"2024-05-04T14:05:42+01:00","dateModified":"2025-03-07T20:13:05+01:00"},{"@type":"WebSite","@id":"https:\/\/gemeinsam-fuer-dernbach.de\/uk\/#website","url":"https:\/\/gemeinsam-fuer-dernbach.de\/uk\/","name":"Gemeinsam f\u00fcr Dernbach","description":"Gemeinsam f\u00fcr Dernbach - Website der W\u00e4hlergruppe Jankowitsch","inLanguage":"uk","publisher":{"@id":"https:\/\/gemeinsam-fuer-dernbach.de\/uk\/#organization"}}]},"og:locale":"uk_UA","og:site_name":"Gemeinsam f\u00fcr Dernbach - Gemeinsam f\u00fcr Dernbach - Website der W\u00e4hlergruppe Jankowitsch","og:type":"article","og:title":"Wir sagen Danke! - Gemeinsam f\u00fcr Dernbach","og:description":"Gemeinsam f\u00fcr eine saubere Landschaft: Aktionstag ein voller Erfolg Am 13. April 2024 haben wir gemeinsam mit gut 30 engagierten B\u00fcrgern und B\u00fcrgerinnen an der &quot;Aktion saubere Landschaft&quot; teilgenommen und einen riesigen Unterschied gemacht! Taten statt Worte Unter dem Motto \u201eGemeinsam f\u00fcr Dernbach\u201c zeigten wir als W\u00e4hlergruppe Jankowitsch unser Engagement f\u00fcr unsere Heimat. Mit M\u00fcllt\u00fcten,","og:url":"https:\/\/gemeinsam-fuer-dernbach.de\/uk\/wir-sagen-danke","og:image":"https:\/\/gemeinsam-fuer-dernbach.de\/wp-content\/uploads\/2024\/12\/cropped-Button.png","og:image:secure_url":"https:\/\/gemeinsam-fuer-dernbach.de\/wp-content\/uploads\/2024\/12\/cropped-Button.png","og:image:width":512,"og:image:height":512,"article:published_time":"2024-05-04T13:05:42+00:00","article:modified_time":"2025-03-07T19:13:05+00:00","article:publisher":"https:\/\/www.facebook.com\/gemeinsam.fuer.dernbach\/","twitter:card":"summary_large_image","twitter:title":"Wir sagen Danke! - Gemeinsam f\u00fcr Dernbach","twitter:description":"Gemeinsam f\u00fcr eine saubere Landschaft: Aktionstag ein voller Erfolg Am 13. April 2024 haben wir gemeinsam mit gut 30 engagierten B\u00fcrgern und B\u00fcrgerinnen an der &quot;Aktion saubere Landschaft&quot; teilgenommen und einen riesigen Unterschied gemacht! Taten statt Worte Unter dem Motto \u201eGemeinsam f\u00fcr Dernbach\u201c zeigten wir als W\u00e4hlergruppe Jankowitsch unser Engagement f\u00fcr unsere Heimat. Mit M\u00fcllt\u00fcten,","twitter:image":"https:\/\/gemeinsam-fuer-dernbach.de\/wp-content\/uploads\/2024\/12\/cropped-Button.png"},"aioseo_meta_data":{"post_id":"403","title":null,"description":null,"keywords":null,"keyphrases":{"focus":[],"additional":[]},"primary_term":null,"canonical_url":null,"og_title":null,"og_description":null,"og_object_type":"default","og_image_type":"default","og_image_url":null,"og_image_width":null,"og_image_height":null,"og_image_custom_url":null,"og_image_custom_fields":null,"og_video":null,"og_custom_url":null,"og_article_section":null,"og_article_tags":null,"twitter_use_og":false,"twitter_card":"default","twitter_image_type":"default","twitter_image_url":null,"twitter_image_custom_url":null,"twitter_image_custom_fields":null,"twitter_title":null,"twitter_description":null,"schema":{"blockGraphs":[],"customGraphs":[],"default":{"data":{"Article":[],"Course":[],"Dataset":[],"FAQPage":[],"Movie":[],"Person":[],"Product":[],"ProductReview":[],"Car":[],"Recipe":[],"Service":[],"SoftwareApplication":[],"WebPage":[]},"graphName":"","isEnabled":true},"graphs":[]},"schema_type":"default","schema_type_options":null,"pillar_content":false,"robots_default":true,"robots_noindex":false,"robots_noarchive":false,"robots_nosnippet":false,"robots_nofollow":false,"robots_noimageindex":false,"robots_noodp":false,"robots_notranslate":false,"robots_max_snippet":null,"robots_max_videopreview":null,"robots_max_imagepreview":"large","priority":null,"frequency":null,"local_seo":null,"breadcrumb_settings":null,"limit_modified_date":false,"ai":null,"created":"2025-06-24 20:04:55","updated":"2026-09-03 19:35:13","seo_analyzer_scan_date":null,"focus_keyword":null,"additional_keywords":null,"truseo_locale":null},"aioseo_breadcrumb":"<div class=\"aioseo-breadcrumbs\"><span class=\"aioseo-breadcrumb\">\n\t\t\t<a href=\"https:\/\/gemeinsam-fuer-dernbach.de\/uk\" title=\"Home\">Home<\/a>\n\t\t<\/span><span class=\"aioseo-breadcrumb-separator\">&raquo;<\/span><span class=\"aioseo-breadcrumb\">\n\t\t\t<a href=\"https:\/\/gemeinsam-fuer-dernbach.de\/uk\/category\/neues-von-uns\" title=\"Neues von uns\">Neues von uns<\/a>\n\t\t<\/span><span class=\"aioseo-breadcrumb-separator\">&raquo;<\/span><span class=\"aioseo-breadcrumb\">\n\t\t\tWir sagen Danke!\n\t\t<\/span><\/div>","aioseo_breadcrumb_json":[{"label":"Home","link":"https:\/\/gemeinsam-fuer-dernbach.de\/uk"},{"label":"Neues von uns","link":"https:\/\/gemeinsam-fuer-dernbach.de\/uk\/category\/neues-von-uns"},{"label":"Wir sagen Danke!","link":"https:\/\/gemeinsam-fuer-dernbach.de\/uk\/wir-sagen-danke"}],"_links":{"self":[{"href":"https:\/\/gemeinsam-fuer-dernbach.de\/uk\/wp-json\/wp\/v2\/posts\/403","targetHints":{"allow":["GET"]}}],"collection":[{"href":"https:\/\/gemeinsam-fuer-dernbach.de\/uk\/wp-json\/wp\/v2\/posts"}],"about":[{"href":"https:\/\/gemeinsam-fuer-dernbach.de\/uk\/wp-json\/wp\/v2\/types\/post"}],"author":[{"embeddable":true,"href":"https:\/\/gemeinsam-fuer-dernbach.de\/uk\/wp-json\/wp\/v2\/users\/1"}],"replies":[{"embeddable":true,"href":"https:\/\/gemeinsam-fuer-dernbach.de\/uk\/wp-json\/wp\/v2\/comments?post=403"}],"version-history":[{"count":5,"href":"https:\/\/gemeinsam-fuer-dernbach.de\/uk\/wp-json\/wp\/v2\/posts\/403\/revisions"}],"predecessor-version":[{"id":1200,"href":"https:\/\/gemeinsam-fuer-dernbach.de\/uk\/wp-json\/wp\/v2\/posts\/403\/revisions\/1200"}],"wp:attachment":[{"href":"https:\/\/gemeinsam-fuer-dernbach.de\/uk\/wp-json\/wp\/v2\/media?parent=403"}],"wp:term":[{"taxonomy":"category","embeddable":true,"href":"https:\/\/gemeinsam-fuer-dernbach.de\/uk\/wp-json\/wp\/v2\/categories?post=403"},{"taxonomy":"post_tag","embeddable":true,"href":"https:\/\/gemeinsam-fuer-dernbach.de\/uk\/wp-json\/wp\/v2\/tags?post=403"}],"curies":[{"name":"wp","href":"https:\/\/api.w.org\/{rel}","templated":true}]}}