{"id":695,"date":"2024-09-11T06:33:32","date_gmt":"2024-09-11T05:33:32","guid":{"rendered":"https:\/\/gemeinsam-fuer-dernbach.de\/?p=695"},"modified":"2025-07-01T22:33:07","modified_gmt":"2025-07-01T21:33:07","slug":"aktuelle-stellungnahme-der-fraktion","status":"publish","type":"post","link":"https:\/\/gemeinsam-fuer-dernbach.de\/uk\/aktuelle-stellungnahme-der-fraktion","title":{"rendered":"\u041f\u043e\u0442\u043e\u0447\u043d\u0430 \u043f\u043e\u0437\u0438\u0446\u0456\u044f \u0413\u0440\u0443\u043f\u0438"},"content":{"rendered":"<p class=\"wp-block-paragraph\">\u00ab\u0417 \u0432\u0435\u043b\u0438\u043a\u0438\u043c \u0436\u0430\u043b\u0435\u043c \u043c\u0438 \u0432\u0447\u043e\u0440\u0430 \u0432\u0437\u044f\u043b\u0438 \u0434\u043e \u0432\u0456\u0434\u043e\u043c\u0430 \u0440\u0456\u0448\u0435\u043d\u043d\u044f \u0433\u043e\u043b\u043e\u0432\u0438 \u043d\u0430\u0448\u043e\u0457 \u0433\u0440\u0443\u043f\u0438 \u041a\u043e\u0437\u0456\u043c\u043e \u042f\u043d\u043a\u043e\u0432\u0438\u0447\u0430 \u043f\u0456\u0442\u0438 \u0443 \u0432\u0456\u0434\u0441\u0442\u0430\u0432\u043a\u0443 \u0437 \u0443\u0441\u0456\u0445 \u0441\u0432\u043e\u0457\u0445 \u043f\u043e\u0441\u0430\u0434 \u0456 \u043f\u043e\u043b\u0456\u0442\u0438\u0447\u043d\u0438\u0445 \u043c\u0430\u043d\u0434\u0430\u0442\u0456\u0432 \u0443 \u043c\u0456\u0441\u0446\u0435\u0432\u0456\u0439 \u0440\u0430\u0434\u0456 \u0414\u0435\u0440\u043d\u0431\u0430\u0445\u0430 \u0456 Verbandsgemeinde Wirges. \u0419\u043e\u0433\u043e \u043f\u0435\u0440\u0435\u0457\u0437\u0434 \u0441\u0442\u0430\u0432 \u0434\u043b\u044f \u043d\u0430\u0441 \u043d\u0435\u0441\u043f\u043e\u0434\u0456\u0432\u0430\u043d\u043a\u043e\u044e, \u0456 \u043c\u0438 \u0445\u043e\u0442\u0456\u043b\u0438 \u0431 \u043c\u0430\u0442\u0438 \u043e\u0441\u043e\u0431\u0438\u0441\u0442\u0438\u0439 \u043e\u0431\u043c\u0456\u043d \u0437 \u043d\u0438\u043c \u0437\u0430\u0437\u0434\u0430\u043b\u0435\u0433\u0456\u0434\u044c.<\/p>\n\n\n\n<p class=\"wp-block-paragraph\">\u041c\u0438 \u0445\u043e\u0442\u0456\u043b\u0438 \u0431 \u043f\u043e\u0434\u044f\u043a\u0443\u0432\u0430\u0442\u0438 \u0439\u043e\u043c\u0443 \u0437\u0430 \u0439\u043e\u0433\u043e \u0437\u0443\u0441\u0438\u043b\u043b\u044f \u0456 \u0432\u0456\u0434\u0434\u0430\u043d\u0456\u0441\u0442\u044c \u043d\u0430\u0448\u043e\u043c\u0443 \u0440\u0456\u0434\u043d\u043e\u043c\u0443 \u0441\u0435\u043b\u0456 \u0414\u0435\u0440\u043d\u0431\u0430\u0445. \u0412\u0456\u043d \u043e\u0431'\u0454\u0434\u043d\u0430\u0432 \u043d\u0430\u0448\u0443 \u0433\u0440\u0443\u043f\u0443, \u0437 \u043f\u0440\u0438\u0441\u0442\u0440\u0430\u0441\u0442\u044e \u0430\u0433\u0456\u0442\u0443\u0432\u0430\u0432 \u0456 \u043d\u0430\u0432\u0456\u0442\u044c \u044f\u043a \u043a\u0430\u043d\u0434\u0438\u0434\u0430\u0442 \u043d\u0430 \u043f\u043e\u0441\u0430\u0434\u0443 \u043c\u0456\u0441\u044c\u043a\u043e\u0433\u043e \u0433\u043e\u043b\u043e\u0432\u0438 \u0434\u043e\u0441\u044f\u0433 \u043f\u043e\u0432\u0430\u0436\u043d\u043e\u0433\u043e \u0440\u0435\u0437\u0443\u043b\u044c\u0442\u0430\u0442\u0443 \u0432\u0438\u0431\u043e\u0440\u0456\u0432 \u0437 \u0442\u043e\u0447\u043a\u0438 \u0437\u043e\u0440\u0443. \u041c\u0438 \u043d\u0435 \u043c\u043e\u0436\u0435\u043c\u043e \u0437\u0440\u043e\u0437\u0443\u043c\u0456\u0442\u0438 \u0439\u043e\u0433\u043e \u043c\u043e\u0442\u0438\u0432\u0438, \u043d\u0430 \u044f\u043a\u0456 \u0432\u0456\u043d \u043b\u0438\u0448\u0435 \u043d\u0430\u0442\u044f\u043a\u0430\u0454 \u0443 \u0441\u0432\u043e\u0454\u043c\u0443 \u0432\u043a\u043b\u0430\u0434\u0456. \u041d\u0430\u0432\u0456\u0442\u044c \u044f\u043a\u0431\u0438 \u043c\u0438 \u0431\u0430\u0436\u0430\u043b\u0438 \u043f\u0440\u043e\u0434\u043e\u0432\u0436\u0435\u043d\u043d\u044f \u0441\u043f\u0456\u043b\u044c\u043d\u043e\u0457 \u0440\u043e\u0431\u043e\u0442\u0438, \u0443 \u043d\u0430\u0441 \u043d\u0435\u043c\u0430\u0454 \u0456\u043d\u0448\u043e\u0433\u043e \u0432\u0438\u0431\u043e\u0440\u0443, \u044f\u043a \u043f\u0440\u0438\u0439\u043d\u044f\u0442\u0438 \u0439\u043e\u0433\u043e \u0440\u0456\u0448\u0435\u043d\u043d\u044f.<\/p>\n\n\n\n<p class=\"wp-block-paragraph\">\u041e\u0441\u043a\u0456\u043b\u044c\u043a\u0438 \u043c\u0438 \u043d\u0435 \u0431\u0443\u043b\u0438 \u0433\u043e\u0442\u043e\u0432\u0456 \u0434\u043e \u0441\u0438\u0442\u0443\u0430\u0446\u0456\u0457, \u043c\u0438 \u043f\u043e\u0432\u0438\u043d\u043d\u0456 \u0440\u0435\u043e\u0440\u0433\u0430\u043d\u0456\u0437\u0443\u0432\u0430\u0442\u0438 \u043d\u0430\u0441\u0442\u0443\u043f\u043d\u0456 \u043a\u0456\u043b\u044c\u043a\u0430 \u0434\u043d\u0456\u0432. \u0423 \u0431\u0443\u0434\u044c-\u044f\u043a\u043e\u043c\u0443 \u0432\u0438\u043f\u0430\u0434\u043a\u0443, \u043c\u0438 \u0445\u043e\u0447\u0435\u043c\u043e \u043f\u0435\u0440\u0435\u0441\u043b\u0456\u0434\u0443\u0432\u0430\u0442\u0438 \u043d\u0430\u0448\u0443 \u0442\u0443\u0440\u0431\u043e\u0442\u0443 \u0456 \u043c\u0435\u0442\u0443 \u2014 \u043f\u0440\u0430\u0446\u044e\u0432\u0430\u0442\u0438 \u0437 \u043f\u043e\u0432\u043d\u043e\u044e \u0441\u0438\u043b\u043e\u044e \u0434\u043b\u044f Dernbach, \u044f\u043a\u0438\u0439 \u0432\u0430\u0440\u0442\u0438\u0439 \u0442\u043e\u0433\u043e, \u0449\u043e\u0431 \u0436\u0438\u0442\u0438 \u0456 \u0431\u0443\u0442\u0438 \u0441\u0442\u0456\u0439\u043a\u0438\u043c.<\/p>\n\n\n\n<p class=\"wp-block-paragraph\">\u041c\u0438 \u0445\u043e\u0442\u0456\u043b\u0438 \u0431 \u043f\u043e\u0434\u044f\u043a\u0443\u0432\u0430\u0442\u0438 \u0432\u0441\u0456\u043c, \u0445\u0442\u043e \u043f\u0440\u043e\u0434\u043e\u0432\u0436\u0443\u0454 \u0434\u043e\u0432\u0456\u0440\u044f\u0442\u0438 \u043d\u0430\u043c \u0456 \u0445\u0442\u043e \u0445\u043e\u0442\u0456\u0432 \u0431\u0438 \u043f\u0440\u0430\u0446\u044e\u0432\u0430\u0442\u0438 \u0440\u0430\u0437\u043e\u043c \u0437 \u043d\u0430\u043c\u0438 \u043d\u0430\u0434 \u043a\u0440\u0430\u0449\u0438\u043c \u043c\u0430\u0439\u0431\u0443\u0442\u043d\u0456\u043c \u0434\u043b\u044f \u0414\u0435\u0440\u043d\u0431\u0430\u0445\u0430. \u041c\u0438 \u0437 \u043d\u0435\u0442\u0435\u0440\u043f\u0456\u043d\u043d\u044f\u043c \u0447\u0435\u043a\u0430\u0454\u043c\u043e \u043d\u0430 \u0432\u0438\u043a\u043b\u0438\u043a\u0438, \u044f\u043a\u0456 \u0441\u0442\u043e\u044f\u0442\u044c \u043f\u0435\u0440\u0435\u0434 \u043d\u0430\u043c\u0438, \u0456 \u0437\u0430\u043b\u0438\u0448\u0430\u0454\u043c\u043e\u0441\u044f \u043e\u043f\u0442\u0438\u043c\u0456\u0441\u0442\u0438\u0447\u043d\u0438\u043c\u0438, \u0449\u043e \u043c\u0438 \u0431\u0443\u0434\u0435\u043c\u043e \u0432\u0438\u0440\u0456\u0448\u0443\u0432\u0430\u0442\u0438 \u0457\u0445 \u043d\u0430 \u0431\u043b\u0430\u0433\u043e \u043d\u0430\u0448\u0438\u0445 \u0433\u0440\u043e\u043c\u0430\u0434\u044f\u043d.<\/p>\n\n\n\n<p class=\"wp-block-paragraph\">\u0412\u0430\u0448\u0430 \u0433\u0440\u0443\u043f\u0430 \"\u0420\u0430\u0437\u043e\u043c \u0434\u043b\u044f \u0414\u0435\u0440\u043d\u0431\u0430\u0445\u0430\"<\/p>","protected":false},"excerpt":{"rendered":"<p>\u0412\u0447\u043e\u0440\u0430 \u043c\u0438 \u0437 \u0432\u0435\u043b\u0438\u043a\u0438\u043c \u0436\u0430\u043b\u0435\u043c \u0432\u0437\u044f\u043b\u0438 \u0434\u043e \u0443\u0432\u0430\u0433\u0438 \u0440\u0456\u0448\u0435\u043d\u043d\u044f \u0433\u043e\u043b\u043e\u0432\u0438 \u043d\u0430\u0448\u043e\u0457 \u0433\u0440\u0443\u043f\u0438 \u041a\u043e\u0437\u0456\u043c\u043e \u042f\u043d\u043a\u043e\u0432\u0456\u0447\u0430 \u043f\u043e\u0434\u0430\u0442\u0438 \u0443 \u0432\u0456\u0434\u0441\u0442\u0430\u0432\u043a\u0443 \u0437 \u0443\u0441\u0456\u0445 \u0441\u0432\u043e\u0457\u0445 \u043f\u043e\u0441\u0430\u0434 \u0442\u0430 \u043f\u043e\u043b\u0456\u0442\u0438\u0447\u043d\u0438\u0445 \u043c\u0430\u043d\u0434\u0430\u0442\u0456\u0432 \u0443 \u043c\u0456\u0441\u0446\u0435\u0432\u0456\u0439 \u0440\u0430\u0434\u0456 \u0414\u0435\u0440\u043d\u0431\u0430\u0445\u0430 \u0442\u0430 \u043c\u0443\u043d\u0456\u0446\u0438\u043f\u0430\u043b\u0456\u0442\u0435\u0442\u0456 \u0430\u0441\u043e\u0446\u0456\u0430\u0446\u0456\u0457 \u0412\u0456\u0440\u0433\u0435\u0441. \u0419\u043e\u0433\u043e [...]<\/p>","protected":false},"author":2,"featured_media":0,"comment_status":"closed","ping_status":"open","sticky":false,"template":"","format":"standard","meta":{"_price":"","_stock":"","_tribe_ticket_header":"","_tribe_default_ticket_provider":"","_tribe_ticket_capacity":"0","_ticket_start_date":"","_ticket_end_date":"","_tribe_ticket_show_description":"","_tribe_ticket_show_not_going":false,"_tribe_ticket_use_global_stock":"","_tribe_ticket_global_stock_level":"","_global_stock_mode":"","_global_stock_cap":"","_tribe_rsvp_for_event":"","_tribe_ticket_going_count":"","_tribe_ticket_not_going_count":"","_tribe_tickets_list":"[]","_tribe_ticket_has_attendee_info_fields":false,"_EventAllDay":false,"_EventTimezone":"","_EventStartDate":"","_EventEndDate":"","_EventStartDateUTC":"","_EventEndDateUTC":"","_EventShowMap":false,"_EventShowMapLink":false,"_EventURL":"","_EventCost":"","_EventCostDescription":"","_EventCurrencySymbol":"","_EventCurrencyCode":"","_EventCurrencyPosition":"","_EventDateTimeSeparator":"","_EventTimeRangeSeparator":"","_EventOrganizerID":[],"_EventVenueID":[],"_OrganizerEmail":"","_OrganizerPhone":"","_OrganizerWebsite":"","_VenueAddress":"","_VenueCity":"","_VenueCountry":"","_VenueProvince":"","_VenueState":"","_VenueZip":"","_VenuePhone":"","_VenueURL":"","_VenueStateProvince":"","_VenueLat":"","_VenueLng":"","_VenueShowMap":false,"_VenueShowMapLink":false,"footnotes":""},"categories":[9],"tags":[109,20,19],"class_list":["post-695","post","type-post","status-publish","format-standard","hentry","category-neues-von-uns","tag-fraktionsvorsitz","tag-ruecktritt","tag-stellungnahme"],"aioseo_notices":[],"aioseo_head":"\n\t\t<!-- All in One SEO 5.0.1.1 - aioseo.com -->\n\t<meta name=\"description\" content=\"Mit gro\u00dfem Bedauern haben wir gestern die Entscheidung unseres Fraktionsvorsitzenden Cosimo Jankowitsch zur Kenntnis genommen, alle seine \u00c4mter und politischen Mandate im Ortsgemeinderat Dernbach und der Verbandsgemeinde Wirges niederzulegen. Sein Schritt kam f\u00fcr uns \u00fcberraschend, und wir h\u00e4tten uns gew\u00fcnscht, vorher mit ihm in einen pers\u00f6nlichen Austausch zu treten. Wir danken ihm f\u00fcr seinen bisherigen\" \/>\n\t<meta name=\"robots\" content=\"max-image-preview:large\" \/>\n\t<meta name=\"author\" content=\"GfD_Manuel\"\/>\n\t<link rel=\"canonical\" href=\"https:\/\/gemeinsam-fuer-dernbach.de\/uk\/aktuelle-stellungnahme-der-fraktion\" \/>\n\t<meta name=\"generator\" content=\"All in One SEO (AIOSEO) 5.0.1.1\" \/>\n\t\t<meta property=\"og:locale\" content=\"uk_UA\" \/>\n\t\t<meta property=\"og:site_name\" content=\"Gemeinsam f\u00fcr Dernbach - Gemeinsam f\u00fcr Dernbach - Website der W\u00e4hlergruppe Jankowitsch\" \/>\n\t\t<meta property=\"og:type\" content=\"article\" \/>\n\t\t<meta property=\"og:title\" content=\"Aktuelle Stellungnahme der Fraktion - Gemeinsam f\u00fcr Dernbach\" \/>\n\t\t<meta property=\"og:description\" content=\"Mit gro\u00dfem Bedauern haben wir gestern die Entscheidung unseres Fraktionsvorsitzenden Cosimo Jankowitsch zur Kenntnis genommen, alle seine \u00c4mter und politischen Mandate im Ortsgemeinderat Dernbach und der Verbandsgemeinde Wirges niederzulegen. Sein Schritt kam f\u00fcr uns \u00fcberraschend, und wir h\u00e4tten uns gew\u00fcnscht, vorher mit ihm in einen pers\u00f6nlichen Austausch zu treten. Wir danken ihm f\u00fcr seinen bisherigen\" \/>\n\t\t<meta property=\"og:url\" content=\"https:\/\/gemeinsam-fuer-dernbach.de\/uk\/aktuelle-stellungnahme-der-fraktion\" \/>\n\t\t<meta property=\"og:image\" content=\"https:\/\/gemeinsam-fuer-dernbach.de\/wp-content\/uploads\/2024\/12\/cropped-Button.png\" \/>\n\t\t<meta property=\"og:image:secure_url\" content=\"https:\/\/gemeinsam-fuer-dernbach.de\/wp-content\/uploads\/2024\/12\/cropped-Button.png\" \/>\n\t\t<meta property=\"og:image:width\" content=\"512\" \/>\n\t\t<meta property=\"og:image:height\" content=\"512\" \/>\n\t\t<meta property=\"article:published_time\" content=\"2024-09-11T05:33:32+00:00\" \/>\n\t\t<meta property=\"article:modified_time\" content=\"2025-07-01T21:33:07+00:00\" \/>\n\t\t<meta property=\"article:publisher\" content=\"https:\/\/www.facebook.com\/gemeinsam.fuer.dernbach\/\" \/>\n\t\t<meta name=\"twitter:card\" content=\"summary_large_image\" \/>\n\t\t<meta name=\"twitter:title\" content=\"Aktuelle Stellungnahme der Fraktion - Gemeinsam f\u00fcr Dernbach\" \/>\n\t\t<meta name=\"twitter:description\" content=\"Mit gro\u00dfem Bedauern haben wir gestern die Entscheidung unseres Fraktionsvorsitzenden Cosimo Jankowitsch zur Kenntnis genommen, alle seine \u00c4mter und politischen Mandate im Ortsgemeinderat Dernbach und der Verbandsgemeinde Wirges niederzulegen. Sein Schritt kam f\u00fcr uns \u00fcberraschend, und wir h\u00e4tten uns gew\u00fcnscht, vorher mit ihm in einen pers\u00f6nlichen Austausch zu treten. Wir danken ihm f\u00fcr seinen bisherigen\" \/>\n\t\t<meta name=\"twitter:image\" content=\"https:\/\/gemeinsam-fuer-dernbach.de\/wp-content\/uploads\/2024\/12\/cropped-Button.png\" \/>\n\t\t<script type=\"application\/ld+json\" class=\"aioseo-schema\">\n\t\t\t{\"@context\":\"https:\\\/\\\/schema.org\",\"@graph\":[{\"@type\":\"BlogPosting\",\"@id\":\"https:\\\/\\\/gemeinsam-fuer-dernbach.de\\\/uk\\\/aktuelle-stellungnahme-der-fraktion#blogposting\",\"name\":\"Aktuelle Stellungnahme der Fraktion - Gemeinsam f\\u00fcr Dernbach\",\"headline\":\"Aktuelle Stellungnahme der Fraktion\",\"author\":{\"@id\":\"https:\\\/\\\/gemeinsam-fuer-dernbach.de\\\/uk\\\/author\\\/gfd_manuel#author\"},\"publisher\":{\"@id\":\"https:\\\/\\\/gemeinsam-fuer-dernbach.de\\\/uk\\\/#organization\"},\"image\":{\"@type\":\"ImageObject\",\"url\":\"https:\\\/\\\/gemeinsam-fuer-dernbach.de\\\/wp-content\\\/uploads\\\/2024\\\/12\\\/cropped-Button.png\",\"@id\":\"https:\\\/\\\/gemeinsam-fuer-dernbach.de\\\/uk\\\/#articleImage\",\"width\":512,\"height\":512,\"caption\":\"Gemeinsam f\\u00fcr Dernbach\"},\"datePublished\":\"2024-09-11T06:33:32+01:00\",\"dateModified\":\"2025-07-01T22:33:07+01:00\",\"inLanguage\":\"uk\",\"mainEntityOfPage\":{\"@id\":\"https:\\\/\\\/gemeinsam-fuer-dernbach.de\\\/uk\\\/aktuelle-stellungnahme-der-fraktion#webpage\"},\"isPartOf\":{\"@id\":\"https:\\\/\\\/gemeinsam-fuer-dernbach.de\\\/uk\\\/aktuelle-stellungnahme-der-fraktion#webpage\"},\"articleSection\":\"Neues von uns, Fraktionsvorsitz, R\\u00fccktritt, Stellungnahme\"},{\"@type\":\"BreadcrumbList\",\"@id\":\"https:\\\/\\\/gemeinsam-fuer-dernbach.de\\\/uk\\\/aktuelle-stellungnahme-der-fraktion#breadcrumblist\",\"itemListElement\":[{\"@type\":\"ListItem\",\"@id\":\"https:\\\/\\\/gemeinsam-fuer-dernbach.de\\\/uk#listItem\",\"position\":1,\"name\":\"Home\",\"item\":\"https:\\\/\\\/gemeinsam-fuer-dernbach.de\\\/uk\",\"nextItem\":{\"@type\":\"ListItem\",\"@id\":\"https:\\\/\\\/gemeinsam-fuer-dernbach.de\\\/uk\\\/category\\\/neues-von-uns#listItem\",\"name\":\"Neues von uns\"}},{\"@type\":\"ListItem\",\"@id\":\"https:\\\/\\\/gemeinsam-fuer-dernbach.de\\\/uk\\\/category\\\/neues-von-uns#listItem\",\"position\":2,\"name\":\"Neues von uns\",\"item\":\"https:\\\/\\\/gemeinsam-fuer-dernbach.de\\\/uk\\\/category\\\/neues-von-uns\",\"nextItem\":{\"@type\":\"ListItem\",\"@id\":\"https:\\\/\\\/gemeinsam-fuer-dernbach.de\\\/uk\\\/aktuelle-stellungnahme-der-fraktion#listItem\",\"name\":\"Aktuelle Stellungnahme der Fraktion\"},\"previousItem\":{\"@type\":\"ListItem\",\"@id\":\"https:\\\/\\\/gemeinsam-fuer-dernbach.de\\\/uk#listItem\",\"name\":\"Home\"}},{\"@type\":\"ListItem\",\"@id\":\"https:\\\/\\\/gemeinsam-fuer-dernbach.de\\\/uk\\\/aktuelle-stellungnahme-der-fraktion#listItem\",\"position\":3,\"name\":\"Aktuelle Stellungnahme der Fraktion\",\"previousItem\":{\"@type\":\"ListItem\",\"@id\":\"https:\\\/\\\/gemeinsam-fuer-dernbach.de\\\/uk\\\/category\\\/neues-von-uns#listItem\",\"name\":\"Neues von uns\"}}]},{\"@type\":\"Organization\",\"@id\":\"https:\\\/\\\/gemeinsam-fuer-dernbach.de\\\/uk\\\/#organization\",\"name\":\"Gemeinsam f\\u00fcr Dernbach\",\"description\":\"Gemeinsam f\\u00fcr Dernbach - Website der W\\u00e4hlergruppe Jankowitsch\",\"url\":\"https:\\\/\\\/gemeinsam-fuer-dernbach.de\\\/uk\\\/\",\"logo\":{\"@type\":\"ImageObject\",\"url\":\"https:\\\/\\\/gemeinsam-fuer-dernbach.de\\\/wp-content\\\/uploads\\\/2024\\\/12\\\/cropped-Button.png\",\"@id\":\"https:\\\/\\\/gemeinsam-fuer-dernbach.de\\\/uk\\\/aktuelle-stellungnahme-der-fraktion\\\/#organizationLogo\",\"width\":512,\"height\":512,\"caption\":\"Gemeinsam f\\u00fcr Dernbach\"},\"image\":{\"@id\":\"https:\\\/\\\/gemeinsam-fuer-dernbach.de\\\/uk\\\/aktuelle-stellungnahme-der-fraktion\\\/#organizationLogo\"},\"sameAs\":[\"https:\\\/\\\/www.facebook.com\\\/gemeinsam.fuer.dernbach\\\/\",\"https:\\\/\\\/www.instagram.com\\\/gemeinsam_fuer_dernbach\\\/\"]},{\"@type\":\"Person\",\"@id\":\"https:\\\/\\\/gemeinsam-fuer-dernbach.de\\\/uk\\\/author\\\/gfd_manuel#author\",\"url\":\"https:\\\/\\\/gemeinsam-fuer-dernbach.de\\\/uk\\\/author\\\/gfd_manuel\",\"name\":\"GfD_Manuel\"},{\"@type\":\"WebPage\",\"@id\":\"https:\\\/\\\/gemeinsam-fuer-dernbach.de\\\/uk\\\/aktuelle-stellungnahme-der-fraktion#webpage\",\"url\":\"https:\\\/\\\/gemeinsam-fuer-dernbach.de\\\/uk\\\/aktuelle-stellungnahme-der-fraktion\",\"name\":\"Aktuelle Stellungnahme der Fraktion - Gemeinsam f\\u00fcr Dernbach\",\"description\":\"Mit gro\\u00dfem Bedauern haben wir gestern die Entscheidung unseres Fraktionsvorsitzenden Cosimo Jankowitsch zur Kenntnis genommen, alle seine \\u00c4mter und politischen Mandate im Ortsgemeinderat Dernbach und der Verbandsgemeinde Wirges niederzulegen. Sein Schritt kam f\\u00fcr uns \\u00fcberraschend, und wir h\\u00e4tten uns gew\\u00fcnscht, vorher mit ihm in einen pers\\u00f6nlichen Austausch zu treten. Wir danken ihm f\\u00fcr seinen bisherigen\",\"inLanguage\":\"uk\",\"isPartOf\":{\"@id\":\"https:\\\/\\\/gemeinsam-fuer-dernbach.de\\\/uk\\\/#website\"},\"breadcrumb\":{\"@id\":\"https:\\\/\\\/gemeinsam-fuer-dernbach.de\\\/uk\\\/aktuelle-stellungnahme-der-fraktion#breadcrumblist\"},\"author\":{\"@id\":\"https:\\\/\\\/gemeinsam-fuer-dernbach.de\\\/uk\\\/author\\\/gfd_manuel#author\"},\"creator\":{\"@id\":\"https:\\\/\\\/gemeinsam-fuer-dernbach.de\\\/uk\\\/author\\\/gfd_manuel#author\"},\"datePublished\":\"2024-09-11T06:33:32+01:00\",\"dateModified\":\"2025-07-01T22:33:07+01:00\"},{\"@type\":\"WebSite\",\"@id\":\"https:\\\/\\\/gemeinsam-fuer-dernbach.de\\\/uk\\\/#website\",\"url\":\"https:\\\/\\\/gemeinsam-fuer-dernbach.de\\\/uk\\\/\",\"name\":\"Gemeinsam f\\u00fcr Dernbach\",\"description\":\"Gemeinsam f\\u00fcr Dernbach - Website der W\\u00e4hlergruppe Jankowitsch\",\"inLanguage\":\"uk\",\"publisher\":{\"@id\":\"https:\\\/\\\/gemeinsam-fuer-dernbach.de\\\/uk\\\/#organization\"}}]}\n\t\t<\/script>\n\t\t<!-- All in One SEO -->\n\n","aioseo_head_json":{"title":"Aktuelle Stellungnahme der Fraktion - Gemeinsam f\u00fcr Dernbach","description":"Mit gro\u00dfem Bedauern haben wir gestern die Entscheidung unseres Fraktionsvorsitzenden Cosimo Jankowitsch zur Kenntnis genommen, alle seine \u00c4mter und politischen Mandate im Ortsgemeinderat Dernbach und der Verbandsgemeinde Wirges niederzulegen. Sein Schritt kam f\u00fcr uns \u00fcberraschend, und wir h\u00e4tten uns gew\u00fcnscht, vorher mit ihm in einen pers\u00f6nlichen Austausch zu treten. Wir danken ihm f\u00fcr seinen bisherigen","canonical_url":"https:\/\/gemeinsam-fuer-dernbach.de\/uk\/aktuelle-stellungnahme-der-fraktion","robots":"max-image-preview:large","keywords":"","webmasterTools":{"miscellaneous":""},"schema":{"@context":"https:\/\/schema.org","@graph":[{"@type":"BlogPosting","@id":"https:\/\/gemeinsam-fuer-dernbach.de\/uk\/aktuelle-stellungnahme-der-fraktion#blogposting","name":"Aktuelle Stellungnahme der Fraktion - Gemeinsam f\u00fcr Dernbach","headline":"Aktuelle Stellungnahme der Fraktion","author":{"@id":"https:\/\/gemeinsam-fuer-dernbach.de\/uk\/author\/gfd_manuel#author"},"publisher":{"@id":"https:\/\/gemeinsam-fuer-dernbach.de\/uk\/#organization"},"image":{"@type":"ImageObject","url":"https:\/\/gemeinsam-fuer-dernbach.de\/wp-content\/uploads\/2024\/12\/cropped-Button.png","@id":"https:\/\/gemeinsam-fuer-dernbach.de\/uk\/#articleImage","width":512,"height":512,"caption":"Gemeinsam f\u00fcr Dernbach"},"datePublished":"2024-09-11T06:33:32+01:00","dateModified":"2025-07-01T22:33:07+01:00","inLanguage":"uk","mainEntityOfPage":{"@id":"https:\/\/gemeinsam-fuer-dernbach.de\/uk\/aktuelle-stellungnahme-der-fraktion#webpage"},"isPartOf":{"@id":"https:\/\/gemeinsam-fuer-dernbach.de\/uk\/aktuelle-stellungnahme-der-fraktion#webpage"},"articleSection":"Neues von uns, Fraktionsvorsitz, R\u00fccktritt, Stellungnahme"},{"@type":"BreadcrumbList","@id":"https:\/\/gemeinsam-fuer-dernbach.de\/uk\/aktuelle-stellungnahme-der-fraktion#breadcrumblist","itemListElement":[{"@type":"ListItem","@id":"https:\/\/gemeinsam-fuer-dernbach.de\/uk#listItem","position":1,"name":"Home","item":"https:\/\/gemeinsam-fuer-dernbach.de\/uk","nextItem":{"@type":"ListItem","@id":"https:\/\/gemeinsam-fuer-dernbach.de\/uk\/category\/neues-von-uns#listItem","name":"Neues von uns"}},{"@type":"ListItem","@id":"https:\/\/gemeinsam-fuer-dernbach.de\/uk\/category\/neues-von-uns#listItem","position":2,"name":"Neues von uns","item":"https:\/\/gemeinsam-fuer-dernbach.de\/uk\/category\/neues-von-uns","nextItem":{"@type":"ListItem","@id":"https:\/\/gemeinsam-fuer-dernbach.de\/uk\/aktuelle-stellungnahme-der-fraktion#listItem","name":"Aktuelle Stellungnahme der Fraktion"},"previousItem":{"@type":"ListItem","@id":"https:\/\/gemeinsam-fuer-dernbach.de\/uk#listItem","name":"Home"}},{"@type":"ListItem","@id":"https:\/\/gemeinsam-fuer-dernbach.de\/uk\/aktuelle-stellungnahme-der-fraktion#listItem","position":3,"name":"Aktuelle Stellungnahme der Fraktion","previousItem":{"@type":"ListItem","@id":"https:\/\/gemeinsam-fuer-dernbach.de\/uk\/category\/neues-von-uns#listItem","name":"Neues von uns"}}]},{"@type":"Organization","@id":"https:\/\/gemeinsam-fuer-dernbach.de\/uk\/#organization","name":"Gemeinsam f\u00fcr Dernbach","description":"Gemeinsam f\u00fcr Dernbach - Website der W\u00e4hlergruppe Jankowitsch","url":"https:\/\/gemeinsam-fuer-dernbach.de\/uk\/","logo":{"@type":"ImageObject","url":"https:\/\/gemeinsam-fuer-dernbach.de\/wp-content\/uploads\/2024\/12\/cropped-Button.png","@id":"https:\/\/gemeinsam-fuer-dernbach.de\/uk\/aktuelle-stellungnahme-der-fraktion\/#organizationLogo","width":512,"height":512,"caption":"Gemeinsam f\u00fcr Dernbach"},"image":{"@id":"https:\/\/gemeinsam-fuer-dernbach.de\/uk\/aktuelle-stellungnahme-der-fraktion\/#organizationLogo"},"sameAs":["https:\/\/www.facebook.com\/gemeinsam.fuer.dernbach\/","https:\/\/www.instagram.com\/gemeinsam_fuer_dernbach\/"]},{"@type":"Person","@id":"https:\/\/gemeinsam-fuer-dernbach.de\/uk\/author\/gfd_manuel#author","url":"https:\/\/gemeinsam-fuer-dernbach.de\/uk\/author\/gfd_manuel","name":"GfD_Manuel"},{"@type":"WebPage","@id":"https:\/\/gemeinsam-fuer-dernbach.de\/uk\/aktuelle-stellungnahme-der-fraktion#webpage","url":"https:\/\/gemeinsam-fuer-dernbach.de\/uk\/aktuelle-stellungnahme-der-fraktion","name":"Aktuelle Stellungnahme der Fraktion - Gemeinsam f\u00fcr Dernbach","description":"Mit gro\u00dfem Bedauern haben wir gestern die Entscheidung unseres Fraktionsvorsitzenden Cosimo Jankowitsch zur Kenntnis genommen, alle seine \u00c4mter und politischen Mandate im Ortsgemeinderat Dernbach und der Verbandsgemeinde Wirges niederzulegen. Sein Schritt kam f\u00fcr uns \u00fcberraschend, und wir h\u00e4tten uns gew\u00fcnscht, vorher mit ihm in einen pers\u00f6nlichen Austausch zu treten. Wir danken ihm f\u00fcr seinen bisherigen","inLanguage":"uk","isPartOf":{"@id":"https:\/\/gemeinsam-fuer-dernbach.de\/uk\/#website"},"breadcrumb":{"@id":"https:\/\/gemeinsam-fuer-dernbach.de\/uk\/aktuelle-stellungnahme-der-fraktion#breadcrumblist"},"author":{"@id":"https:\/\/gemeinsam-fuer-dernbach.de\/uk\/author\/gfd_manuel#author"},"creator":{"@id":"https:\/\/gemeinsam-fuer-dernbach.de\/uk\/author\/gfd_manuel#author"},"datePublished":"2024-09-11T06:33:32+01:00","dateModified":"2025-07-01T22:33:07+01:00"},{"@type":"WebSite","@id":"https:\/\/gemeinsam-fuer-dernbach.de\/uk\/#website","url":"https:\/\/gemeinsam-fuer-dernbach.de\/uk\/","name":"Gemeinsam f\u00fcr Dernbach","description":"Gemeinsam f\u00fcr Dernbach - Website der W\u00e4hlergruppe Jankowitsch","inLanguage":"uk","publisher":{"@id":"https:\/\/gemeinsam-fuer-dernbach.de\/uk\/#organization"}}]},"og:locale":"uk_UA","og:site_name":"Gemeinsam f\u00fcr Dernbach - Gemeinsam f\u00fcr Dernbach - Website der W\u00e4hlergruppe Jankowitsch","og:type":"article","og:title":"Aktuelle Stellungnahme der Fraktion - Gemeinsam f\u00fcr Dernbach","og:description":"Mit gro\u00dfem Bedauern haben wir gestern die Entscheidung unseres Fraktionsvorsitzenden Cosimo Jankowitsch zur Kenntnis genommen, alle seine \u00c4mter und politischen Mandate im Ortsgemeinderat Dernbach und der Verbandsgemeinde Wirges niederzulegen. Sein Schritt kam f\u00fcr uns \u00fcberraschend, und wir h\u00e4tten uns gew\u00fcnscht, vorher mit ihm in einen pers\u00f6nlichen Austausch zu treten. Wir danken ihm f\u00fcr seinen bisherigen","og:url":"https:\/\/gemeinsam-fuer-dernbach.de\/uk\/aktuelle-stellungnahme-der-fraktion","og:image":"https:\/\/gemeinsam-fuer-dernbach.de\/wp-content\/uploads\/2024\/12\/cropped-Button.png","og:image:secure_url":"https:\/\/gemeinsam-fuer-dernbach.de\/wp-content\/uploads\/2024\/12\/cropped-Button.png","og:image:width":512,"og:image:height":512,"article:published_time":"2024-09-11T05:33:32+00:00","article:modified_time":"2025-07-01T21:33:07+00:00","article:publisher":"https:\/\/www.facebook.com\/gemeinsam.fuer.dernbach\/","twitter:card":"summary_large_image","twitter:title":"Aktuelle Stellungnahme der Fraktion - Gemeinsam f\u00fcr Dernbach","twitter:description":"Mit gro\u00dfem Bedauern haben wir gestern die Entscheidung unseres Fraktionsvorsitzenden Cosimo Jankowitsch zur Kenntnis genommen, alle seine \u00c4mter und politischen Mandate im Ortsgemeinderat Dernbach und der Verbandsgemeinde Wirges niederzulegen. Sein Schritt kam f\u00fcr uns \u00fcberraschend, und wir h\u00e4tten uns gew\u00fcnscht, vorher mit ihm in einen pers\u00f6nlichen Austausch zu treten. Wir danken ihm f\u00fcr seinen bisherigen","twitter:image":"https:\/\/gemeinsam-fuer-dernbach.de\/wp-content\/uploads\/2024\/12\/cropped-Button.png"},"aioseo_meta_data":{"post_id":"695","title":null,"description":null,"keywords":null,"keyphrases":{"focus":[],"additional":[]},"primary_term":null,"canonical_url":null,"og_title":null,"og_description":null,"og_object_type":"default","og_image_type":"default","og_image_url":null,"og_image_width":null,"og_image_height":null,"og_image_custom_url":null,"og_image_custom_fields":null,"og_video":"","og_custom_url":null,"og_article_section":null,"og_article_tags":null,"twitter_use_og":false,"twitter_card":"default","twitter_image_type":"default","twitter_image_url":null,"twitter_image_custom_url":null,"twitter_image_custom_fields":null,"twitter_title":null,"twitter_description":null,"schema":{"blockGraphs":[],"customGraphs":[],"default":{"data":{"Article":[],"Course":[],"Dataset":[],"FAQPage":[],"Movie":[],"Person":[],"Product":[],"ProductReview":[],"Car":[],"Recipe":[],"Service":[],"SoftwareApplication":[],"WebPage":[]},"graphName":"","isEnabled":true},"graphs":[]},"schema_type":"default","schema_type_options":null,"pillar_content":false,"robots_default":true,"robots_noindex":false,"robots_noarchive":false,"robots_nosnippet":false,"robots_nofollow":false,"robots_noimageindex":false,"robots_noodp":false,"robots_notranslate":false,"robots_max_snippet":"-1","robots_max_videopreview":"-1","robots_max_imagepreview":"large","priority":null,"frequency":"default","local_seo":null,"breadcrumb_settings":null,"limit_modified_date":false,"ai":null,"created":"2025-06-24 20:04:55","updated":"2026-09-03 19:35:12","seo_analyzer_scan_date":null,"focus_keyword":null,"additional_keywords":null,"truseo_locale":null},"aioseo_breadcrumb":"<div class=\"aioseo-breadcrumbs\"><span class=\"aioseo-breadcrumb\">\n\t\t\t<a href=\"https:\/\/gemeinsam-fuer-dernbach.de\/uk\" title=\"Home\">Home<\/a>\n\t\t<\/span><span class=\"aioseo-breadcrumb-separator\">&raquo;<\/span><span class=\"aioseo-breadcrumb\">\n\t\t\t<a href=\"https:\/\/gemeinsam-fuer-dernbach.de\/uk\/category\/neues-von-uns\" title=\"Neues von uns\">Neues von uns<\/a>\n\t\t<\/span><span class=\"aioseo-breadcrumb-separator\">&raquo;<\/span><span class=\"aioseo-breadcrumb\">\n\t\t\tAktuelle Stellungnahme der Fraktion\n\t\t<\/span><\/div>","aioseo_breadcrumb_json":[{"label":"Home","link":"https:\/\/gemeinsam-fuer-dernbach.de\/uk"},{"label":"Neues von uns","link":"https:\/\/gemeinsam-fuer-dernbach.de\/uk\/category\/neues-von-uns"},{"label":"Aktuelle Stellungnahme der Fraktion","link":"https:\/\/gemeinsam-fuer-dernbach.de\/uk\/aktuelle-stellungnahme-der-fraktion"}],"_links":{"self":[{"href":"https:\/\/gemeinsam-fuer-dernbach.de\/uk\/wp-json\/wp\/v2\/posts\/695","targetHints":{"allow":["GET"]}}],"collection":[{"href":"https:\/\/gemeinsam-fuer-dernbach.de\/uk\/wp-json\/wp\/v2\/posts"}],"about":[{"href":"https:\/\/gemeinsam-fuer-dernbach.de\/uk\/wp-json\/wp\/v2\/types\/post"}],"author":[{"embeddable":true,"href":"https:\/\/gemeinsam-fuer-dernbach.de\/uk\/wp-json\/wp\/v2\/users\/2"}],"replies":[{"embeddable":true,"href":"https:\/\/gemeinsam-fuer-dernbach.de\/uk\/wp-json\/wp\/v2\/comments?post=695"}],"version-history":[{"count":5,"href":"https:\/\/gemeinsam-fuer-dernbach.de\/uk\/wp-json\/wp\/v2\/posts\/695\/revisions"}],"predecessor-version":[{"id":1204,"href":"https:\/\/gemeinsam-fuer-dernbach.de\/uk\/wp-json\/wp\/v2\/posts\/695\/revisions\/1204"}],"wp:attachment":[{"href":"https:\/\/gemeinsam-fuer-dernbach.de\/uk\/wp-json\/wp\/v2\/media?parent=695"}],"wp:term":[{"taxonomy":"category","embeddable":true,"href":"https:\/\/gemeinsam-fuer-dernbach.de\/uk\/wp-json\/wp\/v2\/categories?post=695"},{"taxonomy":"post_tag","embeddable":true,"href":"https:\/\/gemeinsam-fuer-dernbach.de\/uk\/wp-json\/wp\/v2\/tags?post=695"}],"curies":[{"name":"wp","href":"https:\/\/api.w.org\/{rel}","templated":true}]}}